{"id":65199,"date":"2024-01-19T15:00:54","date_gmt":"2024-01-19T21:00:54","guid":{"rendered":"https:\/\/pueblahoy.com.mx\/?p=65199"},"modified":"2024-01-19T15:00:54","modified_gmt":"2024-01-19T21:00:54","slug":"sergio-salomon-se-reunio-con-la-secretaria-de-cultura-alejandra-frausto","status":"publish","type":"post","link":"https:\/\/grupohoymexico.com\/puebla\/2024\/01\/19\/sergio-salomon-se-reunio-con-la-secretaria-de-cultura-alejandra-frausto\/","title":{"rendered":"Sergio Salom\u00f3n se reuni\u00f3 con la secretaria de Cultura, Alejandra Frausto"},"content":{"rendered":"<p>En una clara muestra de respaldo al Plan Nacional de Reconstrucci\u00f3n liderado por el presidente Andr\u00e9s Manuel L\u00f3pez Obrador, el gobernador de <a href=\"https:\/\/pueblahoy.com.mx\/\">Puebla<\/a>, <a href=\"https:\/\/es.wikipedia.org\/wiki\/Sergio_Salom%C3%B3n_C%C3%A9spedes\">Sergio Salom\u00f3n<\/a>, particip\u00f3 en una significativa reuni\u00f3n con la titular de la Secretar\u00eda de Cultura, Alejandra Frausto. Este encuentro, en el que tambi\u00e9n estuvieron presentes gobernadores de diferentes estados del pa\u00eds, reafirm\u00f3 el compromiso del mandatario poblano con la recuperaci\u00f3n del patrimonio cultural e hist\u00f3rico impulsado por el gobierno federal.<\/p>\n<p><img fetchpriority=\"high\" decoding=\"async\" class=\"\" src=\"https:\/\/www.puebla.gob.mx\/media\/k2\/attachments\/IMG-20240118-WA0022.jpg\" width=\"910\" height=\"682\" \/><\/p>\n<p>La importancia de preservar y restaurar el rico patrimonio cultural de M\u00e9xico ha sido un pilar fundamental en las pol\u00edticas del presidente L\u00f3pez Obrador, y la participaci\u00f3n activa de los gobernadores en esta iniciativa refleja la coordinaci\u00f3n estrecha entre el gobierno federal y los estados para alcanzar este objetivo.<\/p>\n<h4>El respaldo de Sergio Salom\u00f3n a la recuperaci\u00f3n del patrimonio cultural se suma a las acciones emprendidas a nivel nacional para conservar la identidad hist\u00f3rica y cultural de M\u00e9xico. La reuni\u00f3n, que cont\u00f3 con la presencia de diversas autoridades estatales y federales, se convierte as\u00ed en un paso m\u00e1s hacia la materializaci\u00f3n de este ambicioso proyecto de reconstrucci\u00f3n.<\/h4>\n<p><img decoding=\"async\" class=\"\" src=\"https:\/\/www.puebla.gob.mx\/media\/k2\/attachments\/IMG-20240118-WA0024.jpg\" width=\"723\" height=\"1061\" \/><\/p>\n<p>Adem\u00e1s de su participaci\u00f3n en el \u00e1mbito cultural, el gobernador poblano tambi\u00e9n demostr\u00f3 su compromiso en el \u00e1mbito de la salud al asistir a un encuentro en Palacio Nacional, liderado por el director del Instituto Mexicano del Seguro Social (IMSS), Zo\u00e9 Robledo. Este encuentro tuvo como objetivo dar seguimiento al proceso de centralizaci\u00f3n del IMSS-Bienestar.<\/p>\n<p>El plan de centralizaci\u00f3n del IMSS-Bienestar es una iniciativa que busca beneficiar a m\u00e1s de 53 millones de mexicanas y mexicanos que carecen de seguridad social. Con la centralizaci\u00f3n, se busca garantizar que esta poblaci\u00f3n tenga acceso a atenci\u00f3n m\u00e9dica gratuita y de calidad. La presencia del gobernador en esta reuni\u00f3n subraya su compromiso con la mejora de los servicios de salud y el acceso universal a la atenci\u00f3n m\u00e9dica en Puebla.<\/p>\n<p>La centralizaci\u00f3n del IMSS-Bienestar es un paso significativo hacia la construcci\u00f3n de un sistema de salud m\u00e1s equitativo y eficiente, aline\u00e1ndose con la visi\u00f3n del presidente L\u00f3pez Obrador de asegurar que todos los mexicanos gocen de servicios m\u00e9dicos de calidad sin importar su condici\u00f3n econ\u00f3mica.<\/p>\n","protected":false},"excerpt":{"rendered":"En una clara muestra de respaldo al Plan Nacional de Reconstrucci\u00f3n liderado por el presidente Andr\u00e9s Manuel L\u00f3pez&hellip;","protected":false},"author":1,"featured_media":65200,"comment_status":"open","ping_status":"closed","sticky":false,"template":"","format":"standard","meta":{"csco_display_header_overlay":false,"csco_singular_sidebar":"","csco_page_header_type":"","csco_page_load_nextpost":"","csco_post_video_location":[],"csco_post_video_location_hash":"","csco_post_video_url":"","csco_post_video_bg_start_time":0,"csco_post_video_bg_end_time":0,"footnotes":""},"categories":[22],"tags":[],"class_list":{"0":"post-65199","1":"post","2":"type-post","3":"status-publish","4":"format-standard","5":"has-post-thumbnail","7":"category-cultura","8":"cs-entry","9":"cs-video-wrap"},"yoast_head":"<!-- This site is optimized with the Yoast SEO Premium plugin v24.7 (Yoast SEO v27.4) - https:\/\/yoast.com\/product\/yoast-seo-premium-wordpress\/ -->\n<title>Sergio Salom\u00f3n se reuni\u00f3 con la secretaria de Cultura, Alejandra Frausto - Grupo Hoy Puebla<\/title>\n<meta name=\"description\" content=\"Sergio Salom\u00f3n particip\u00f3 en una significativa reuni\u00f3n con la titular de la Secretar\u00eda de Cultura, Alejandra Frausto.\" \/>\n<meta name=\"robots\" content=\"index, follow, max-snippet:-1, max-image-preview:large, max-video-preview:-1\" \/>\n<link rel=\"canonical\" href=\"https:\/\/grupohoymexico.com\/puebla\/2024\/01\/19\/sergio-salomon-se-reunio-con-la-secretaria-de-cultura-alejandra-frausto\/\" \/>\n<meta property=\"og:locale\" content=\"es_MX\" \/>\n<meta property=\"og:type\" content=\"article\" \/>\n<meta property=\"og:title\" content=\"Sergio Salom\u00f3n se reuni\u00f3 con la secretaria de Cultura, Alejandra Frausto\" \/>\n<meta property=\"og:description\" content=\"Sergio Salom\u00f3n particip\u00f3 en una significativa reuni\u00f3n con la titular de la Secretar\u00eda de Cultura, Alejandra Frausto.\" \/>\n<meta property=\"og:url\" content=\"https:\/\/grupohoymexico.com\/puebla\/2024\/01\/19\/sergio-salomon-se-reunio-con-la-secretaria-de-cultura-alejandra-frausto\/\" \/>\n<meta property=\"og:site_name\" content=\"Grupo Hoy Puebla\" \/>\n<meta property=\"article:published_time\" content=\"2024-01-19T21:00:54+00:00\" \/>\n<meta property=\"og:image\" content=\"https:\/\/grupohoymexico.com\/puebla\/wp-content\/uploads\/sites\/3\/2024\/01\/1887-PUEBLA.jpg\" \/>\n\t<meta property=\"og:image:width\" content=\"1000\" \/>\n\t<meta property=\"og:image:height\" content=\"600\" \/>\n\t<meta property=\"og:image:type\" content=\"image\/jpeg\" \/>\n<meta name=\"author\" content=\"user\" \/>\n<meta name=\"twitter:card\" content=\"summary_large_image\" \/>\n<meta name=\"twitter:label1\" content=\"Escrito por\" \/>\n\t<meta name=\"twitter:data1\" content=\"user\" \/>\n\t<meta name=\"twitter:label2\" content=\"Tiempo de lectura\" \/>\n\t<meta name=\"twitter:data2\" content=\"3 minutos\" \/>\n<script type=\"application\/ld+json\" class=\"yoast-schema-graph\">{\"@context\":\"https:\\\/\\\/schema.org\",\"@graph\":[{\"@type\":\"Article\",\"@id\":\"https:\\\/\\\/grupohoymexico.com\\\/puebla\\\/2024\\\/01\\\/19\\\/sergio-salomon-se-reunio-con-la-secretaria-de-cultura-alejandra-frausto\\\/#article\",\"isPartOf\":{\"@id\":\"https:\\\/\\\/grupohoymexico.com\\\/puebla\\\/2024\\\/01\\\/19\\\/sergio-salomon-se-reunio-con-la-secretaria-de-cultura-alejandra-frausto\\\/\"},\"author\":{\"name\":\"user\",\"@id\":\"https:\\\/\\\/grupohoymexico.com\\\/puebla\\\/#\\\/schema\\\/person\\\/ce6086ac837852775a3a4f539356c297\"},\"headline\":\"Sergio Salom\u00f3n se reuni\u00f3 con la secretaria de Cultura, Alejandra Frausto\",\"datePublished\":\"2024-01-19T21:00:54+00:00\",\"mainEntityOfPage\":{\"@id\":\"https:\\\/\\\/grupohoymexico.com\\\/puebla\\\/2024\\\/01\\\/19\\\/sergio-salomon-se-reunio-con-la-secretaria-de-cultura-alejandra-frausto\\\/\"},\"wordCount\":408,\"commentCount\":0,\"image\":{\"@id\":\"https:\\\/\\\/grupohoymexico.com\\\/puebla\\\/2024\\\/01\\\/19\\\/sergio-salomon-se-reunio-con-la-secretaria-de-cultura-alejandra-frausto\\\/#primaryimage\"},\"thumbnailUrl\":\"https:\\\/\\\/grupohoymexico.com\\\/puebla\\\/wp-content\\\/uploads\\\/sites\\\/3\\\/2024\\\/01\\\/1887-PUEBLA.jpg\",\"articleSection\":[\"Cultura\"],\"inLanguage\":\"es\",\"potentialAction\":[{\"@type\":\"CommentAction\",\"name\":\"Comment\",\"target\":[\"https:\\\/\\\/grupohoymexico.com\\\/puebla\\\/2024\\\/01\\\/19\\\/sergio-salomon-se-reunio-con-la-secretaria-de-cultura-alejandra-frausto\\\/#respond\"]}]},{\"@type\":\"WebPage\",\"@id\":\"https:\\\/\\\/grupohoymexico.com\\\/puebla\\\/2024\\\/01\\\/19\\\/sergio-salomon-se-reunio-con-la-secretaria-de-cultura-alejandra-frausto\\\/\",\"url\":\"https:\\\/\\\/grupohoymexico.com\\\/puebla\\\/2024\\\/01\\\/19\\\/sergio-salomon-se-reunio-con-la-secretaria-de-cultura-alejandra-frausto\\\/\",\"name\":\"Sergio Salom\u00f3n se reuni\u00f3 con la secretaria de Cultura, Alejandra Frausto - Grupo Hoy Puebla\",\"isPartOf\":{\"@id\":\"https:\\\/\\\/grupohoymexico.com\\\/puebla\\\/#website\"},\"primaryImageOfPage\":{\"@id\":\"https:\\\/\\\/grupohoymexico.com\\\/puebla\\\/2024\\\/01\\\/19\\\/sergio-salomon-se-reunio-con-la-secretaria-de-cultura-alejandra-frausto\\\/#primaryimage\"},\"image\":{\"@id\":\"https:\\\/\\\/grupohoymexico.com\\\/puebla\\\/2024\\\/01\\\/19\\\/sergio-salomon-se-reunio-con-la-secretaria-de-cultura-alejandra-frausto\\\/#primaryimage\"},\"thumbnailUrl\":\"https:\\\/\\\/grupohoymexico.com\\\/puebla\\\/wp-content\\\/uploads\\\/sites\\\/3\\\/2024\\\/01\\\/1887-PUEBLA.jpg\",\"datePublished\":\"2024-01-19T21:00:54+00:00\",\"author\":{\"@id\":\"https:\\\/\\\/grupohoymexico.com\\\/puebla\\\/#\\\/schema\\\/person\\\/ce6086ac837852775a3a4f539356c297\"},\"description\":\"Sergio Salom\u00f3n particip\u00f3 en una significativa reuni\u00f3n con la titular de la Secretar\u00eda de Cultura, Alejandra Frausto.\",\"breadcrumb\":{\"@id\":\"https:\\\/\\\/grupohoymexico.com\\\/puebla\\\/2024\\\/01\\\/19\\\/sergio-salomon-se-reunio-con-la-secretaria-de-cultura-alejandra-frausto\\\/#breadcrumb\"},\"inLanguage\":\"es\",\"potentialAction\":[{\"@type\":\"ReadAction\",\"target\":[\"https:\\\/\\\/grupohoymexico.com\\\/puebla\\\/2024\\\/01\\\/19\\\/sergio-salomon-se-reunio-con-la-secretaria-de-cultura-alejandra-frausto\\\/\"]}]},{\"@type\":\"ImageObject\",\"inLanguage\":\"es\",\"@id\":\"https:\\\/\\\/grupohoymexico.com\\\/puebla\\\/2024\\\/01\\\/19\\\/sergio-salomon-se-reunio-con-la-secretaria-de-cultura-alejandra-frausto\\\/#primaryimage\",\"url\":\"https:\\\/\\\/grupohoymexico.com\\\/puebla\\\/wp-content\\\/uploads\\\/sites\\\/3\\\/2024\\\/01\\\/1887-PUEBLA.jpg\",\"contentUrl\":\"https:\\\/\\\/grupohoymexico.com\\\/puebla\\\/wp-content\\\/uploads\\\/sites\\\/3\\\/2024\\\/01\\\/1887-PUEBLA.jpg\",\"width\":1000,\"height\":600,\"caption\":\"Sergio Salom\u00f3n se reuni\u00f3 con la Secretaria de Cultura, Alejandra Frausto\"},{\"@type\":\"BreadcrumbList\",\"@id\":\"https:\\\/\\\/grupohoymexico.com\\\/puebla\\\/2024\\\/01\\\/19\\\/sergio-salomon-se-reunio-con-la-secretaria-de-cultura-alejandra-frausto\\\/#breadcrumb\",\"itemListElement\":[{\"@type\":\"ListItem\",\"position\":1,\"name\":\"Inicio\",\"item\":\"https:\\\/\\\/grupohoymexico.com\\\/puebla\\\/\"},{\"@type\":\"ListItem\",\"position\":2,\"name\":\"Sergio Salom\u00f3n se reuni\u00f3 con la secretaria de Cultura, Alejandra Frausto\"}]},{\"@type\":\"WebSite\",\"@id\":\"https:\\\/\\\/grupohoymexico.com\\\/puebla\\\/#website\",\"url\":\"https:\\\/\\\/grupohoymexico.com\\\/puebla\\\/\",\"name\":\"Grupo Hoy Puebla\",\"description\":\"\",\"potentialAction\":[{\"@type\":\"SearchAction\",\"target\":{\"@type\":\"EntryPoint\",\"urlTemplate\":\"https:\\\/\\\/grupohoymexico.com\\\/puebla\\\/?s={search_term_string}\"},\"query-input\":{\"@type\":\"PropertyValueSpecification\",\"valueRequired\":true,\"valueName\":\"search_term_string\"}}],\"inLanguage\":\"es\"},{\"@type\":\"Person\",\"@id\":\"https:\\\/\\\/grupohoymexico.com\\\/puebla\\\/#\\\/schema\\\/person\\\/ce6086ac837852775a3a4f539356c297\",\"name\":\"user\",\"image\":{\"@type\":\"ImageObject\",\"inLanguage\":\"es\",\"@id\":\"https:\\\/\\\/secure.gravatar.com\\\/avatar\\\/25f78de4fa956f6f7c01f8d96f8087d8958ebe06d57e630cd54e36aefb9dacea?s=96&d=mm&r=g\",\"url\":\"https:\\\/\\\/secure.gravatar.com\\\/avatar\\\/25f78de4fa956f6f7c01f8d96f8087d8958ebe06d57e630cd54e36aefb9dacea?s=96&d=mm&r=g\",\"contentUrl\":\"https:\\\/\\\/secure.gravatar.com\\\/avatar\\\/25f78de4fa956f6f7c01f8d96f8087d8958ebe06d57e630cd54e36aefb9dacea?s=96&d=mm&r=g\",\"caption\":\"user\"},\"sameAs\":[\"http:\\\/\\\/44.197.188.197.nip.io\"],\"url\":\"https:\\\/\\\/grupohoymexico.com\\\/puebla\\\/author\\\/user\\\/\"}]}<\/script>\n<!-- \/ Yoast SEO Premium plugin. -->","yoast_head_json":{"title":"Sergio Salom\u00f3n se reuni\u00f3 con la secretaria de Cultura, Alejandra Frausto - Grupo Hoy Puebla","description":"Sergio Salom\u00f3n particip\u00f3 en una significativa reuni\u00f3n con la titular de la Secretar\u00eda de Cultura, Alejandra Frausto.","robots":{"index":"index","follow":"follow","max-snippet":"max-snippet:-1","max-image-preview":"max-image-preview:large","max-video-preview":"max-video-preview:-1"},"canonical":"https:\/\/grupohoymexico.com\/puebla\/2024\/01\/19\/sergio-salomon-se-reunio-con-la-secretaria-de-cultura-alejandra-frausto\/","og_locale":"es_MX","og_type":"article","og_title":"Sergio Salom\u00f3n se reuni\u00f3 con la secretaria de Cultura, Alejandra Frausto","og_description":"Sergio Salom\u00f3n particip\u00f3 en una significativa reuni\u00f3n con la titular de la Secretar\u00eda de Cultura, Alejandra Frausto.","og_url":"https:\/\/grupohoymexico.com\/puebla\/2024\/01\/19\/sergio-salomon-se-reunio-con-la-secretaria-de-cultura-alejandra-frausto\/","og_site_name":"Grupo Hoy Puebla","article_published_time":"2024-01-19T21:00:54+00:00","og_image":[{"width":1000,"height":600,"url":"https:\/\/grupohoymexico.com\/puebla\/wp-content\/uploads\/sites\/3\/2024\/01\/1887-PUEBLA.jpg","type":"image\/jpeg"}],"author":"user","twitter_card":"summary_large_image","twitter_misc":{"Escrito por":"user","Tiempo de lectura":"3 minutos"},"schema":{"@context":"https:\/\/schema.org","@graph":[{"@type":"Article","@id":"https:\/\/grupohoymexico.com\/puebla\/2024\/01\/19\/sergio-salomon-se-reunio-con-la-secretaria-de-cultura-alejandra-frausto\/#article","isPartOf":{"@id":"https:\/\/grupohoymexico.com\/puebla\/2024\/01\/19\/sergio-salomon-se-reunio-con-la-secretaria-de-cultura-alejandra-frausto\/"},"author":{"name":"user","@id":"https:\/\/grupohoymexico.com\/puebla\/#\/schema\/person\/ce6086ac837852775a3a4f539356c297"},"headline":"Sergio Salom\u00f3n se reuni\u00f3 con la secretaria de Cultura, Alejandra Frausto","datePublished":"2024-01-19T21:00:54+00:00","mainEntityOfPage":{"@id":"https:\/\/grupohoymexico.com\/puebla\/2024\/01\/19\/sergio-salomon-se-reunio-con-la-secretaria-de-cultura-alejandra-frausto\/"},"wordCount":408,"commentCount":0,"image":{"@id":"https:\/\/grupohoymexico.com\/puebla\/2024\/01\/19\/sergio-salomon-se-reunio-con-la-secretaria-de-cultura-alejandra-frausto\/#primaryimage"},"thumbnailUrl":"https:\/\/grupohoymexico.com\/puebla\/wp-content\/uploads\/sites\/3\/2024\/01\/1887-PUEBLA.jpg","articleSection":["Cultura"],"inLanguage":"es","potentialAction":[{"@type":"CommentAction","name":"Comment","target":["https:\/\/grupohoymexico.com\/puebla\/2024\/01\/19\/sergio-salomon-se-reunio-con-la-secretaria-de-cultura-alejandra-frausto\/#respond"]}]},{"@type":"WebPage","@id":"https:\/\/grupohoymexico.com\/puebla\/2024\/01\/19\/sergio-salomon-se-reunio-con-la-secretaria-de-cultura-alejandra-frausto\/","url":"https:\/\/grupohoymexico.com\/puebla\/2024\/01\/19\/sergio-salomon-se-reunio-con-la-secretaria-de-cultura-alejandra-frausto\/","name":"Sergio Salom\u00f3n se reuni\u00f3 con la secretaria de Cultura, Alejandra Frausto - Grupo Hoy Puebla","isPartOf":{"@id":"https:\/\/grupohoymexico.com\/puebla\/#website"},"primaryImageOfPage":{"@id":"https:\/\/grupohoymexico.com\/puebla\/2024\/01\/19\/sergio-salomon-se-reunio-con-la-secretaria-de-cultura-alejandra-frausto\/#primaryimage"},"image":{"@id":"https:\/\/grupohoymexico.com\/puebla\/2024\/01\/19\/sergio-salomon-se-reunio-con-la-secretaria-de-cultura-alejandra-frausto\/#primaryimage"},"thumbnailUrl":"https:\/\/grupohoymexico.com\/puebla\/wp-content\/uploads\/sites\/3\/2024\/01\/1887-PUEBLA.jpg","datePublished":"2024-01-19T21:00:54+00:00","author":{"@id":"https:\/\/grupohoymexico.com\/puebla\/#\/schema\/person\/ce6086ac837852775a3a4f539356c297"},"description":"Sergio Salom\u00f3n particip\u00f3 en una significativa reuni\u00f3n con la titular de la Secretar\u00eda de Cultura, Alejandra Frausto.","breadcrumb":{"@id":"https:\/\/grupohoymexico.com\/puebla\/2024\/01\/19\/sergio-salomon-se-reunio-con-la-secretaria-de-cultura-alejandra-frausto\/#breadcrumb"},"inLanguage":"es","potentialAction":[{"@type":"ReadAction","target":["https:\/\/grupohoymexico.com\/puebla\/2024\/01\/19\/sergio-salomon-se-reunio-con-la-secretaria-de-cultura-alejandra-frausto\/"]}]},{"@type":"ImageObject","inLanguage":"es","@id":"https:\/\/grupohoymexico.com\/puebla\/2024\/01\/19\/sergio-salomon-se-reunio-con-la-secretaria-de-cultura-alejandra-frausto\/#primaryimage","url":"https:\/\/grupohoymexico.com\/puebla\/wp-content\/uploads\/sites\/3\/2024\/01\/1887-PUEBLA.jpg","contentUrl":"https:\/\/grupohoymexico.com\/puebla\/wp-content\/uploads\/sites\/3\/2024\/01\/1887-PUEBLA.jpg","width":1000,"height":600,"caption":"Sergio Salom\u00f3n se reuni\u00f3 con la Secretaria de Cultura, Alejandra Frausto"},{"@type":"BreadcrumbList","@id":"https:\/\/grupohoymexico.com\/puebla\/2024\/01\/19\/sergio-salomon-se-reunio-con-la-secretaria-de-cultura-alejandra-frausto\/#breadcrumb","itemListElement":[{"@type":"ListItem","position":1,"name":"Inicio","item":"https:\/\/grupohoymexico.com\/puebla\/"},{"@type":"ListItem","position":2,"name":"Sergio Salom\u00f3n se reuni\u00f3 con la secretaria de Cultura, Alejandra Frausto"}]},{"@type":"WebSite","@id":"https:\/\/grupohoymexico.com\/puebla\/#website","url":"https:\/\/grupohoymexico.com\/puebla\/","name":"Grupo Hoy Puebla","description":"","potentialAction":[{"@type":"SearchAction","target":{"@type":"EntryPoint","urlTemplate":"https:\/\/grupohoymexico.com\/puebla\/?s={search_term_string}"},"query-input":{"@type":"PropertyValueSpecification","valueRequired":true,"valueName":"search_term_string"}}],"inLanguage":"es"},{"@type":"Person","@id":"https:\/\/grupohoymexico.com\/puebla\/#\/schema\/person\/ce6086ac837852775a3a4f539356c297","name":"user","image":{"@type":"ImageObject","inLanguage":"es","@id":"https:\/\/secure.gravatar.com\/avatar\/25f78de4fa956f6f7c01f8d96f8087d8958ebe06d57e630cd54e36aefb9dacea?s=96&d=mm&r=g","url":"https:\/\/secure.gravatar.com\/avatar\/25f78de4fa956f6f7c01f8d96f8087d8958ebe06d57e630cd54e36aefb9dacea?s=96&d=mm&r=g","contentUrl":"https:\/\/secure.gravatar.com\/avatar\/25f78de4fa956f6f7c01f8d96f8087d8958ebe06d57e630cd54e36aefb9dacea?s=96&d=mm&r=g","caption":"user"},"sameAs":["http:\/\/44.197.188.197.nip.io"],"url":"https:\/\/grupohoymexico.com\/puebla\/author\/user\/"}]}},"_links":{"self":[{"href":"https:\/\/grupohoymexico.com\/puebla\/wp-json\/wp\/v2\/posts\/65199","targetHints":{"allow":["GET"]}}],"collection":[{"href":"https:\/\/grupohoymexico.com\/puebla\/wp-json\/wp\/v2\/posts"}],"about":[{"href":"https:\/\/grupohoymexico.com\/puebla\/wp-json\/wp\/v2\/types\/post"}],"author":[{"embeddable":true,"href":"https:\/\/grupohoymexico.com\/puebla\/wp-json\/wp\/v2\/users\/1"}],"replies":[{"embeddable":true,"href":"https:\/\/grupohoymexico.com\/puebla\/wp-json\/wp\/v2\/comments?post=65199"}],"version-history":[{"count":0,"href":"https:\/\/grupohoymexico.com\/puebla\/wp-json\/wp\/v2\/posts\/65199\/revisions"}],"wp:featuredmedia":[{"embeddable":true,"href":"https:\/\/grupohoymexico.com\/puebla\/wp-json\/wp\/v2\/media\/65200"}],"wp:attachment":[{"href":"https:\/\/grupohoymexico.com\/puebla\/wp-json\/wp\/v2\/media?parent=65199"}],"wp:term":[{"taxonomy":"category","embeddable":true,"href":"https:\/\/grupohoymexico.com\/puebla\/wp-json\/wp\/v2\/categories?post=65199"},{"taxonomy":"post_tag","embeddable":true,"href":"https:\/\/grupohoymexico.com\/puebla\/wp-json\/wp\/v2\/tags?post=65199"}],"curies":[{"name":"wp","href":"https:\/\/api.w.org\/{rel}","templated":true}]}}