{"id":65187,"date":"2024-01-19T11:01:29","date_gmt":"2024-01-19T17:01:29","guid":{"rendered":"https:\/\/pueblahoy.com.mx\/?p=65187"},"modified":"2024-01-19T11:01:29","modified_gmt":"2024-01-19T17:01:29","slug":"claudia-sheinbaum-cierra-su-precampana-con-exitoso-evento-en-el-monumento-a-la-revolucion","status":"publish","type":"post","link":"https:\/\/grupohoymexico.com\/puebla\/2024\/01\/19\/claudia-sheinbaum-cierra-su-precampana-con-exitoso-evento-en-el-monumento-a-la-revolucion\/","title":{"rendered":"Claudia Sheinbaum cierra su precampa\u00f1a con exitoso evento en el Monumento a la Revoluci\u00f3n"},"content":{"rendered":"<p>En un espectacular evento celebrado en el Monumento a la Revoluci\u00f3n, <a href=\"https:\/\/es.wikipedia.org\/wiki\/Claudia_Sheinbaum\">Claudia Sheinbaum<\/a>, la aspirante presidencial de la coalici\u00f3n conformada por Morena, Partido del Trabajo (PT) y Partido Verde Ecologista de M\u00e9xico (PVEM), cerr\u00f3 oficialmente su precampa\u00f1a despu\u00e9s de 60 d\u00edas de intensa actividad proselitista. Rodeada de un mar de simpatizantes provenientes de diferentes sectores, la candidata destac\u00f3 el respaldo de empleados sindicalizados del Gobierno federal y capitalino, as\u00ed como de organizaciones pol\u00edticas y sociales<a href=\"https:\/\/pueblahoy.com.mx\/\">.<\/a><\/p>\n<h4>GRAN APOYO PARA SHEINBAUM<\/h4>\n<p>La ceremonia cont\u00f3 con la presencia de destacadas personalidades pol\u00edticas, entre las que se encontraban Marcelo Ebrard, Ad\u00e1n Augusto L\u00f3pez, Ricardo Monreal, Olga S\u00e1nchez Cordero y los gobernadores de varios estados del pa\u00eds, entre otros, consolidando el respaldo a la candidatura de Sheinbaum.<\/p>\n<p><img fetchpriority=\"high\" decoding=\"async\" class=\"\" src=\"https:\/\/lopezdoriga.com\/wp-content\/uploads\/2024\/01\/claudia-sheinbaum-cierra-su-precampana-en-el-monumento-a-la-revolucion-2.jpg\" alt=\"Claudia Sheinbaum cierra su precampa\u00f1a en el Monumento a la Revoluci\u00f3n\" width=\"940\" height=\"610\" \/><\/p>\n<p>La precandidata de Morena se mostr\u00f3 optimista al presumir que ha ganado la precampa\u00f1a con una diferencia de al menos 20 puntos. Acompa\u00f1ada de figuras representativas de los partidos PT, PVEM y Morena, la candidata expres\u00f3 su gratitud por la unidad y fortaleza alcanzada entre los partidos que integran la coalici\u00f3n.<\/p>\n<blockquote><p><em><strong>&#8220;Quiero destacar algo de lo que todos y todas debemos sentirnos orgullosos, llegamos a este momento previo al inicio de la campa\u00f1a formal, unidos y unidas, fuertes y victoriosos&#8221;<\/strong><\/em>, se\u00f1al\u00f3 Claudia Sheinbaum, agradeciendo la presencia de los l\u00edderes de los partidos pol\u00edticos aliados.<\/p><\/blockquote>\n<blockquote class=\"twitter-tweet\" data-width=\"550\" data-dnt=\"true\">\n<p lang=\"es\" dir=\"ltr\">Gracias a todas y todos por acompa\u00f1arme esta tarde en el Monumento a la Revoluci\u00f3n en mi cierre de precampa\u00f1a. <a href=\"https:\/\/t.co\/0lu0h9lzzE\">pic.twitter.com\/0lu0h9lzzE<\/a><\/p>\n<p>&mdash; Dra. Claudia Sheinbaum (@Claudiashein) <a href=\"https:\/\/twitter.com\/Claudiashein\/status\/1748218631945675162?ref_src=twsrc%5Etfw\">January 19, 2024<\/a><\/p><\/blockquote>\n<p><script async src=\"https:\/\/platform.twitter.com\/widgets.js\" charset=\"utf-8\"><\/script><\/p>\n<p>La aspirante a la presidencia afirm\u00f3 pertenecer al movimiento social y pol\u00edtico &#8220;m\u00e1s fuerte del mundo&#8221;, argumentando que la verdadera unidad se encuentra en la lucha, las acciones, las definiciones y la democracia interna.<\/p>\n<p>Claudia Sheinbaum dedic\u00f3 parte de su discurso a repasar los logros del presidente Andr\u00e9s Manuel L\u00f3pez Obrador durante su mandato, destacando iniciativas como la pensi\u00f3n universal para adultos mayores, becas para estudiantes, el programa Sembrando Vida, la construcci\u00f3n del Tren Maya, el Interoce\u00e1nico, y el nuevo modelo de salud p\u00fablica, entre otros.<\/p>\n<p>Los seguidores, entusiasmados por el discurso, comenzaron a corear &#8220;presidenta, presidenta&#8221;. La candidata, luego de revisar los logros, record\u00f3 algunas de las acciones que implement\u00f3 como jefa de Gobierno en la Ciudad de M\u00e9xico.<\/p>\n<p><img decoding=\"async\" class=\"\" src=\"https:\/\/pbs.twimg.com\/media\/GEK2GvtbAAA1qHp?format=jpg&amp;name=large\" alt=\"Imagen\" width=\"959\" height=\"719\" \/><\/p>\n<p>Posteriormente, Sheinbaum deline\u00f3 los ejes de su campa\u00f1a, subrayando la importancia de mantener la austeridad republicana, continuar con los programas sociales y seguir aumentando el salario m\u00ednimo.<\/p>\n<p>Antes de concluir su discurso, la precandidata asegur\u00f3 a sus simpatizantes que estar\u00e1 a la altura de las circunstancias y no los defraudar\u00e1, destacando que est\u00e1n dando un ejemplo al mundo. Finalmente, lanz\u00f3 vivas al presidente L\u00f3pez Obrador, a la Cuarta Transformaci\u00f3n y a M\u00e9xico.<\/p>\n","protected":false},"excerpt":{"rendered":"En un espectacular evento celebrado en el Monumento a la Revoluci\u00f3n, Claudia Sheinbaum, la aspirante presidencial de la&hellip;","protected":false},"author":1,"featured_media":65189,"comment_status":"open","ping_status":"closed","sticky":false,"template":"","format":"standard","meta":{"csco_display_header_overlay":false,"csco_singular_sidebar":"","csco_page_header_type":"","csco_page_load_nextpost":"","csco_post_video_location":[],"csco_post_video_location_hash":"","csco_post_video_url":"","csco_post_video_bg_start_time":0,"csco_post_video_bg_end_time":0,"footnotes":""},"categories":[28],"tags":[],"class_list":{"0":"post-65187","1":"post","2":"type-post","3":"status-publish","4":"format-standard","5":"has-post-thumbnail","7":"category-nacional","8":"cs-entry","9":"cs-video-wrap"},"yoast_head":"<!-- This site is optimized with the Yoast SEO Premium plugin v24.7 (Yoast SEO v27.4) - https:\/\/yoast.com\/product\/yoast-seo-premium-wordpress\/ -->\n<title>Claudia Sheinbaum cierra su precampa\u00f1a con exitoso evento en el Monumento a la Revoluci\u00f3n - Grupo Hoy Puebla<\/title>\n<meta name=\"description\" content=\"Claudia Sheinbaum cerr\u00f3 oficialmente su precampa\u00f1a en el Monumento a la Revoluci\u00f3n despu\u00e9s de 60 d\u00edas de intensa actividad proselitista.\" \/>\n<meta name=\"robots\" content=\"index, follow, max-snippet:-1, max-image-preview:large, max-video-preview:-1\" \/>\n<link rel=\"canonical\" href=\"https:\/\/grupohoymexico.com\/puebla\/2024\/01\/19\/claudia-sheinbaum-cierra-su-precampana-con-exitoso-evento-en-el-monumento-a-la-revolucion\/\" \/>\n<meta property=\"og:locale\" content=\"es_MX\" \/>\n<meta property=\"og:type\" content=\"article\" \/>\n<meta property=\"og:title\" content=\"Claudia Sheinbaum cierra su precampa\u00f1a con exitoso evento en el Monumento a la Revoluci\u00f3n\" \/>\n<meta property=\"og:description\" content=\"Claudia Sheinbaum cerr\u00f3 oficialmente su precampa\u00f1a en el Monumento a la Revoluci\u00f3n despu\u00e9s de 60 d\u00edas de intensa actividad proselitista.\" \/>\n<meta property=\"og:url\" content=\"https:\/\/grupohoymexico.com\/puebla\/2024\/01\/19\/claudia-sheinbaum-cierra-su-precampana-con-exitoso-evento-en-el-monumento-a-la-revolucion\/\" \/>\n<meta property=\"og:site_name\" content=\"Grupo Hoy Puebla\" \/>\n<meta property=\"article:published_time\" content=\"2024-01-19T17:01:29+00:00\" \/>\n<meta property=\"og:image\" content=\"https:\/\/grupohoymexico.com\/puebla\/wp-content\/uploads\/sites\/3\/2024\/01\/1882-GRUPO-HOY.jpg\" \/>\n\t<meta property=\"og:image:width\" content=\"1000\" \/>\n\t<meta property=\"og:image:height\" content=\"600\" \/>\n\t<meta property=\"og:image:type\" content=\"image\/jpeg\" \/>\n<meta name=\"author\" content=\"user\" \/>\n<meta name=\"twitter:card\" content=\"summary_large_image\" \/>\n<meta name=\"twitter:label1\" content=\"Escrito por\" \/>\n\t<meta name=\"twitter:data1\" content=\"user\" \/>\n\t<meta name=\"twitter:label2\" content=\"Tiempo de lectura\" \/>\n\t<meta name=\"twitter:data2\" content=\"3 minutos\" \/>\n<script type=\"application\/ld+json\" class=\"yoast-schema-graph\">{\"@context\":\"https:\\\/\\\/schema.org\",\"@graph\":[{\"@type\":\"Article\",\"@id\":\"https:\\\/\\\/grupohoymexico.com\\\/puebla\\\/2024\\\/01\\\/19\\\/claudia-sheinbaum-cierra-su-precampana-con-exitoso-evento-en-el-monumento-a-la-revolucion\\\/#article\",\"isPartOf\":{\"@id\":\"https:\\\/\\\/grupohoymexico.com\\\/puebla\\\/2024\\\/01\\\/19\\\/claudia-sheinbaum-cierra-su-precampana-con-exitoso-evento-en-el-monumento-a-la-revolucion\\\/\"},\"author\":{\"name\":\"user\",\"@id\":\"https:\\\/\\\/grupohoymexico.com\\\/puebla\\\/#\\\/schema\\\/person\\\/ce6086ac837852775a3a4f539356c297\"},\"headline\":\"Claudia Sheinbaum cierra su precampa\u00f1a con exitoso evento en el Monumento a la Revoluci\u00f3n\",\"datePublished\":\"2024-01-19T17:01:29+00:00\",\"mainEntityOfPage\":{\"@id\":\"https:\\\/\\\/grupohoymexico.com\\\/puebla\\\/2024\\\/01\\\/19\\\/claudia-sheinbaum-cierra-su-precampana-con-exitoso-evento-en-el-monumento-a-la-revolucion\\\/\"},\"wordCount\":461,\"commentCount\":0,\"image\":{\"@id\":\"https:\\\/\\\/grupohoymexico.com\\\/puebla\\\/2024\\\/01\\\/19\\\/claudia-sheinbaum-cierra-su-precampana-con-exitoso-evento-en-el-monumento-a-la-revolucion\\\/#primaryimage\"},\"thumbnailUrl\":\"https:\\\/\\\/grupohoymexico.com\\\/puebla\\\/wp-content\\\/uploads\\\/sites\\\/3\\\/2024\\\/01\\\/1882-GRUPO-HOY.jpg\",\"articleSection\":[\"Nacional\"],\"inLanguage\":\"es\",\"potentialAction\":[{\"@type\":\"CommentAction\",\"name\":\"Comment\",\"target\":[\"https:\\\/\\\/grupohoymexico.com\\\/puebla\\\/2024\\\/01\\\/19\\\/claudia-sheinbaum-cierra-su-precampana-con-exitoso-evento-en-el-monumento-a-la-revolucion\\\/#respond\"]}]},{\"@type\":\"WebPage\",\"@id\":\"https:\\\/\\\/grupohoymexico.com\\\/puebla\\\/2024\\\/01\\\/19\\\/claudia-sheinbaum-cierra-su-precampana-con-exitoso-evento-en-el-monumento-a-la-revolucion\\\/\",\"url\":\"https:\\\/\\\/grupohoymexico.com\\\/puebla\\\/2024\\\/01\\\/19\\\/claudia-sheinbaum-cierra-su-precampana-con-exitoso-evento-en-el-monumento-a-la-revolucion\\\/\",\"name\":\"Claudia Sheinbaum cierra su precampa\u00f1a con exitoso evento en el Monumento a la Revoluci\u00f3n - Grupo Hoy Puebla\",\"isPartOf\":{\"@id\":\"https:\\\/\\\/grupohoymexico.com\\\/puebla\\\/#website\"},\"primaryImageOfPage\":{\"@id\":\"https:\\\/\\\/grupohoymexico.com\\\/puebla\\\/2024\\\/01\\\/19\\\/claudia-sheinbaum-cierra-su-precampana-con-exitoso-evento-en-el-monumento-a-la-revolucion\\\/#primaryimage\"},\"image\":{\"@id\":\"https:\\\/\\\/grupohoymexico.com\\\/puebla\\\/2024\\\/01\\\/19\\\/claudia-sheinbaum-cierra-su-precampana-con-exitoso-evento-en-el-monumento-a-la-revolucion\\\/#primaryimage\"},\"thumbnailUrl\":\"https:\\\/\\\/grupohoymexico.com\\\/puebla\\\/wp-content\\\/uploads\\\/sites\\\/3\\\/2024\\\/01\\\/1882-GRUPO-HOY.jpg\",\"datePublished\":\"2024-01-19T17:01:29+00:00\",\"author\":{\"@id\":\"https:\\\/\\\/grupohoymexico.com\\\/puebla\\\/#\\\/schema\\\/person\\\/ce6086ac837852775a3a4f539356c297\"},\"description\":\"Claudia Sheinbaum cerr\u00f3 oficialmente su precampa\u00f1a en el Monumento a la Revoluci\u00f3n despu\u00e9s de 60 d\u00edas de intensa actividad proselitista.\",\"breadcrumb\":{\"@id\":\"https:\\\/\\\/grupohoymexico.com\\\/puebla\\\/2024\\\/01\\\/19\\\/claudia-sheinbaum-cierra-su-precampana-con-exitoso-evento-en-el-monumento-a-la-revolucion\\\/#breadcrumb\"},\"inLanguage\":\"es\",\"potentialAction\":[{\"@type\":\"ReadAction\",\"target\":[\"https:\\\/\\\/grupohoymexico.com\\\/puebla\\\/2024\\\/01\\\/19\\\/claudia-sheinbaum-cierra-su-precampana-con-exitoso-evento-en-el-monumento-a-la-revolucion\\\/\"]}]},{\"@type\":\"ImageObject\",\"inLanguage\":\"es\",\"@id\":\"https:\\\/\\\/grupohoymexico.com\\\/puebla\\\/2024\\\/01\\\/19\\\/claudia-sheinbaum-cierra-su-precampana-con-exitoso-evento-en-el-monumento-a-la-revolucion\\\/#primaryimage\",\"url\":\"https:\\\/\\\/grupohoymexico.com\\\/puebla\\\/wp-content\\\/uploads\\\/sites\\\/3\\\/2024\\\/01\\\/1882-GRUPO-HOY.jpg\",\"contentUrl\":\"https:\\\/\\\/grupohoymexico.com\\\/puebla\\\/wp-content\\\/uploads\\\/sites\\\/3\\\/2024\\\/01\\\/1882-GRUPO-HOY.jpg\",\"width\":1000,\"height\":600,\"caption\":\"Claudia Sheinbaum cierra su precampa\u00f1a con exitoso evento en el Monumento a la Revoluci\u00f3n\"},{\"@type\":\"BreadcrumbList\",\"@id\":\"https:\\\/\\\/grupohoymexico.com\\\/puebla\\\/2024\\\/01\\\/19\\\/claudia-sheinbaum-cierra-su-precampana-con-exitoso-evento-en-el-monumento-a-la-revolucion\\\/#breadcrumb\",\"itemListElement\":[{\"@type\":\"ListItem\",\"position\":1,\"name\":\"Inicio\",\"item\":\"https:\\\/\\\/grupohoymexico.com\\\/puebla\\\/\"},{\"@type\":\"ListItem\",\"position\":2,\"name\":\"Claudia Sheinbaum cierra su precampa\u00f1a con exitoso evento en el Monumento a la Revoluci\u00f3n\"}]},{\"@type\":\"WebSite\",\"@id\":\"https:\\\/\\\/grupohoymexico.com\\\/puebla\\\/#website\",\"url\":\"https:\\\/\\\/grupohoymexico.com\\\/puebla\\\/\",\"name\":\"Grupo Hoy Puebla\",\"description\":\"\",\"potentialAction\":[{\"@type\":\"SearchAction\",\"target\":{\"@type\":\"EntryPoint\",\"urlTemplate\":\"https:\\\/\\\/grupohoymexico.com\\\/puebla\\\/?s={search_term_string}\"},\"query-input\":{\"@type\":\"PropertyValueSpecification\",\"valueRequired\":true,\"valueName\":\"search_term_string\"}}],\"inLanguage\":\"es\"},{\"@type\":\"Person\",\"@id\":\"https:\\\/\\\/grupohoymexico.com\\\/puebla\\\/#\\\/schema\\\/person\\\/ce6086ac837852775a3a4f539356c297\",\"name\":\"user\",\"image\":{\"@type\":\"ImageObject\",\"inLanguage\":\"es\",\"@id\":\"https:\\\/\\\/secure.gravatar.com\\\/avatar\\\/25f78de4fa956f6f7c01f8d96f8087d8958ebe06d57e630cd54e36aefb9dacea?s=96&d=mm&r=g\",\"url\":\"https:\\\/\\\/secure.gravatar.com\\\/avatar\\\/25f78de4fa956f6f7c01f8d96f8087d8958ebe06d57e630cd54e36aefb9dacea?s=96&d=mm&r=g\",\"contentUrl\":\"https:\\\/\\\/secure.gravatar.com\\\/avatar\\\/25f78de4fa956f6f7c01f8d96f8087d8958ebe06d57e630cd54e36aefb9dacea?s=96&d=mm&r=g\",\"caption\":\"user\"},\"sameAs\":[\"http:\\\/\\\/44.197.188.197.nip.io\"],\"url\":\"https:\\\/\\\/grupohoymexico.com\\\/puebla\\\/author\\\/user\\\/\"}]}<\/script>\n<!-- \/ Yoast SEO Premium plugin. -->","yoast_head_json":{"title":"Claudia Sheinbaum cierra su precampa\u00f1a con exitoso evento en el Monumento a la Revoluci\u00f3n - Grupo Hoy Puebla","description":"Claudia Sheinbaum cerr\u00f3 oficialmente su precampa\u00f1a en el Monumento a la Revoluci\u00f3n despu\u00e9s de 60 d\u00edas de intensa actividad proselitista.","robots":{"index":"index","follow":"follow","max-snippet":"max-snippet:-1","max-image-preview":"max-image-preview:large","max-video-preview":"max-video-preview:-1"},"canonical":"https:\/\/grupohoymexico.com\/puebla\/2024\/01\/19\/claudia-sheinbaum-cierra-su-precampana-con-exitoso-evento-en-el-monumento-a-la-revolucion\/","og_locale":"es_MX","og_type":"article","og_title":"Claudia Sheinbaum cierra su precampa\u00f1a con exitoso evento en el Monumento a la Revoluci\u00f3n","og_description":"Claudia Sheinbaum cerr\u00f3 oficialmente su precampa\u00f1a en el Monumento a la Revoluci\u00f3n despu\u00e9s de 60 d\u00edas de intensa actividad proselitista.","og_url":"https:\/\/grupohoymexico.com\/puebla\/2024\/01\/19\/claudia-sheinbaum-cierra-su-precampana-con-exitoso-evento-en-el-monumento-a-la-revolucion\/","og_site_name":"Grupo Hoy Puebla","article_published_time":"2024-01-19T17:01:29+00:00","og_image":[{"width":1000,"height":600,"url":"https:\/\/grupohoymexico.com\/puebla\/wp-content\/uploads\/sites\/3\/2024\/01\/1882-GRUPO-HOY.jpg","type":"image\/jpeg"}],"author":"user","twitter_card":"summary_large_image","twitter_misc":{"Escrito por":"user","Tiempo de lectura":"3 minutos"},"schema":{"@context":"https:\/\/schema.org","@graph":[{"@type":"Article","@id":"https:\/\/grupohoymexico.com\/puebla\/2024\/01\/19\/claudia-sheinbaum-cierra-su-precampana-con-exitoso-evento-en-el-monumento-a-la-revolucion\/#article","isPartOf":{"@id":"https:\/\/grupohoymexico.com\/puebla\/2024\/01\/19\/claudia-sheinbaum-cierra-su-precampana-con-exitoso-evento-en-el-monumento-a-la-revolucion\/"},"author":{"name":"user","@id":"https:\/\/grupohoymexico.com\/puebla\/#\/schema\/person\/ce6086ac837852775a3a4f539356c297"},"headline":"Claudia Sheinbaum cierra su precampa\u00f1a con exitoso evento en el Monumento a la Revoluci\u00f3n","datePublished":"2024-01-19T17:01:29+00:00","mainEntityOfPage":{"@id":"https:\/\/grupohoymexico.com\/puebla\/2024\/01\/19\/claudia-sheinbaum-cierra-su-precampana-con-exitoso-evento-en-el-monumento-a-la-revolucion\/"},"wordCount":461,"commentCount":0,"image":{"@id":"https:\/\/grupohoymexico.com\/puebla\/2024\/01\/19\/claudia-sheinbaum-cierra-su-precampana-con-exitoso-evento-en-el-monumento-a-la-revolucion\/#primaryimage"},"thumbnailUrl":"https:\/\/grupohoymexico.com\/puebla\/wp-content\/uploads\/sites\/3\/2024\/01\/1882-GRUPO-HOY.jpg","articleSection":["Nacional"],"inLanguage":"es","potentialAction":[{"@type":"CommentAction","name":"Comment","target":["https:\/\/grupohoymexico.com\/puebla\/2024\/01\/19\/claudia-sheinbaum-cierra-su-precampana-con-exitoso-evento-en-el-monumento-a-la-revolucion\/#respond"]}]},{"@type":"WebPage","@id":"https:\/\/grupohoymexico.com\/puebla\/2024\/01\/19\/claudia-sheinbaum-cierra-su-precampana-con-exitoso-evento-en-el-monumento-a-la-revolucion\/","url":"https:\/\/grupohoymexico.com\/puebla\/2024\/01\/19\/claudia-sheinbaum-cierra-su-precampana-con-exitoso-evento-en-el-monumento-a-la-revolucion\/","name":"Claudia Sheinbaum cierra su precampa\u00f1a con exitoso evento en el Monumento a la Revoluci\u00f3n - Grupo Hoy Puebla","isPartOf":{"@id":"https:\/\/grupohoymexico.com\/puebla\/#website"},"primaryImageOfPage":{"@id":"https:\/\/grupohoymexico.com\/puebla\/2024\/01\/19\/claudia-sheinbaum-cierra-su-precampana-con-exitoso-evento-en-el-monumento-a-la-revolucion\/#primaryimage"},"image":{"@id":"https:\/\/grupohoymexico.com\/puebla\/2024\/01\/19\/claudia-sheinbaum-cierra-su-precampana-con-exitoso-evento-en-el-monumento-a-la-revolucion\/#primaryimage"},"thumbnailUrl":"https:\/\/grupohoymexico.com\/puebla\/wp-content\/uploads\/sites\/3\/2024\/01\/1882-GRUPO-HOY.jpg","datePublished":"2024-01-19T17:01:29+00:00","author":{"@id":"https:\/\/grupohoymexico.com\/puebla\/#\/schema\/person\/ce6086ac837852775a3a4f539356c297"},"description":"Claudia Sheinbaum cerr\u00f3 oficialmente su precampa\u00f1a en el Monumento a la Revoluci\u00f3n despu\u00e9s de 60 d\u00edas de intensa actividad proselitista.","breadcrumb":{"@id":"https:\/\/grupohoymexico.com\/puebla\/2024\/01\/19\/claudia-sheinbaum-cierra-su-precampana-con-exitoso-evento-en-el-monumento-a-la-revolucion\/#breadcrumb"},"inLanguage":"es","potentialAction":[{"@type":"ReadAction","target":["https:\/\/grupohoymexico.com\/puebla\/2024\/01\/19\/claudia-sheinbaum-cierra-su-precampana-con-exitoso-evento-en-el-monumento-a-la-revolucion\/"]}]},{"@type":"ImageObject","inLanguage":"es","@id":"https:\/\/grupohoymexico.com\/puebla\/2024\/01\/19\/claudia-sheinbaum-cierra-su-precampana-con-exitoso-evento-en-el-monumento-a-la-revolucion\/#primaryimage","url":"https:\/\/grupohoymexico.com\/puebla\/wp-content\/uploads\/sites\/3\/2024\/01\/1882-GRUPO-HOY.jpg","contentUrl":"https:\/\/grupohoymexico.com\/puebla\/wp-content\/uploads\/sites\/3\/2024\/01\/1882-GRUPO-HOY.jpg","width":1000,"height":600,"caption":"Claudia Sheinbaum cierra su precampa\u00f1a con exitoso evento en el Monumento a la Revoluci\u00f3n"},{"@type":"BreadcrumbList","@id":"https:\/\/grupohoymexico.com\/puebla\/2024\/01\/19\/claudia-sheinbaum-cierra-su-precampana-con-exitoso-evento-en-el-monumento-a-la-revolucion\/#breadcrumb","itemListElement":[{"@type":"ListItem","position":1,"name":"Inicio","item":"https:\/\/grupohoymexico.com\/puebla\/"},{"@type":"ListItem","position":2,"name":"Claudia Sheinbaum cierra su precampa\u00f1a con exitoso evento en el Monumento a la Revoluci\u00f3n"}]},{"@type":"WebSite","@id":"https:\/\/grupohoymexico.com\/puebla\/#website","url":"https:\/\/grupohoymexico.com\/puebla\/","name":"Grupo Hoy Puebla","description":"","potentialAction":[{"@type":"SearchAction","target":{"@type":"EntryPoint","urlTemplate":"https:\/\/grupohoymexico.com\/puebla\/?s={search_term_string}"},"query-input":{"@type":"PropertyValueSpecification","valueRequired":true,"valueName":"search_term_string"}}],"inLanguage":"es"},{"@type":"Person","@id":"https:\/\/grupohoymexico.com\/puebla\/#\/schema\/person\/ce6086ac837852775a3a4f539356c297","name":"user","image":{"@type":"ImageObject","inLanguage":"es","@id":"https:\/\/secure.gravatar.com\/avatar\/25f78de4fa956f6f7c01f8d96f8087d8958ebe06d57e630cd54e36aefb9dacea?s=96&d=mm&r=g","url":"https:\/\/secure.gravatar.com\/avatar\/25f78de4fa956f6f7c01f8d96f8087d8958ebe06d57e630cd54e36aefb9dacea?s=96&d=mm&r=g","contentUrl":"https:\/\/secure.gravatar.com\/avatar\/25f78de4fa956f6f7c01f8d96f8087d8958ebe06d57e630cd54e36aefb9dacea?s=96&d=mm&r=g","caption":"user"},"sameAs":["http:\/\/44.197.188.197.nip.io"],"url":"https:\/\/grupohoymexico.com\/puebla\/author\/user\/"}]}},"_links":{"self":[{"href":"https:\/\/grupohoymexico.com\/puebla\/wp-json\/wp\/v2\/posts\/65187","targetHints":{"allow":["GET"]}}],"collection":[{"href":"https:\/\/grupohoymexico.com\/puebla\/wp-json\/wp\/v2\/posts"}],"about":[{"href":"https:\/\/grupohoymexico.com\/puebla\/wp-json\/wp\/v2\/types\/post"}],"author":[{"embeddable":true,"href":"https:\/\/grupohoymexico.com\/puebla\/wp-json\/wp\/v2\/users\/1"}],"replies":[{"embeddable":true,"href":"https:\/\/grupohoymexico.com\/puebla\/wp-json\/wp\/v2\/comments?post=65187"}],"version-history":[{"count":0,"href":"https:\/\/grupohoymexico.com\/puebla\/wp-json\/wp\/v2\/posts\/65187\/revisions"}],"wp:featuredmedia":[{"embeddable":true,"href":"https:\/\/grupohoymexico.com\/puebla\/wp-json\/wp\/v2\/media\/65189"}],"wp:attachment":[{"href":"https:\/\/grupohoymexico.com\/puebla\/wp-json\/wp\/v2\/media?parent=65187"}],"wp:term":[{"taxonomy":"category","embeddable":true,"href":"https:\/\/grupohoymexico.com\/puebla\/wp-json\/wp\/v2\/categories?post=65187"},{"taxonomy":"post_tag","embeddable":true,"href":"https:\/\/grupohoymexico.com\/puebla\/wp-json\/wp\/v2\/tags?post=65187"}],"curies":[{"name":"wp","href":"https:\/\/api.w.org\/{rel}","templated":true}]}}