{"id":65156,"date":"2024-01-18T10:05:24","date_gmt":"2024-01-18T16:05:24","guid":{"rendered":"https:\/\/pueblahoy.com.mx\/?p=65156"},"modified":"2024-01-18T10:05:24","modified_gmt":"2024-01-18T16:05:24","slug":"sismo-de-magnitud-5-0-sacudio-oaxaca-y-fue-perceptible-en-la-cdmx","status":"publish","type":"post","link":"https:\/\/grupohoymexico.com\/puebla\/2024\/01\/18\/sismo-de-magnitud-5-0-sacudio-oaxaca-y-fue-perceptible-en-la-cdmx\/","title":{"rendered":"Sismo de magnitud 5.0 sacudi\u00f3 Oaxaca y fue perceptible en la CDMX"},"content":{"rendered":"<p>En la ma\u00f1ana de este jueves, a las 8:40 a.m., la regi\u00f3n sureste de Crucecita, Oaxaca, <a href=\"https:\/\/pueblahoy.com.mx\/\">M\u00e9xico<\/a>, fue testigo de un sismo con magnitud preliminar de 5, generando inquietud en la poblaci\u00f3n y desencadenando respuestas de las autoridades locales y nacionales. A pesar de la magnitud, en la Ciudad de M\u00e9xico (CDMX) no se activ\u00f3 la alerta s\u00edsmica de manera general, aunque algunas aplicaciones de emergencia s\u00ed detectaron el movimiento y notificaron a los usuarios.<\/p>\n<p>El <a href=\"https:\/\/twitter.com\/SismologicoMX\">Servicio Sismol\u00f3gico Nacional (SSN)<\/a> comunic\u00f3 a trav\u00e9s de su cuenta de X que la alerta no se activ\u00f3 de manera general debido a que la estimaci\u00f3n de energ\u00eda en los primeros segundos no super\u00f3 los niveles prestablecidos. No obstante, se destac\u00f3 que en ciertas zonas espec\u00edficas la alerta s\u00ed se activ\u00f3, mostrando la eficacia del sistema en \u00e1reas vulnerables.<\/p>\n<blockquote class=\"twitter-tweet\" data-width=\"550\" data-dnt=\"true\">\n<p lang=\"es\" dir=\"ltr\">SISMO Magnitud 5.0 Loc  35 km al SURESTE de CRUCECITA, OAX 18\/01\/24 08:40:16 Lat 15.51 Lon -95.94 Pf 19 km <a href=\"https:\/\/t.co\/V8EwYk71b5\">pic.twitter.com\/V8EwYk71b5<\/a><\/p>\n<p>&mdash; Sismologico Nacional (@SismologicoMX) <a href=\"https:\/\/twitter.com\/SismologicoMX\/status\/1747996541829501063?ref_src=twsrc%5Etfw\">January 18, 2024<\/a><\/p><\/blockquote>\n<p><script async src=\"https:\/\/platform.twitter.com\/widgets.js\" charset=\"utf-8\"><\/script><\/p>\n<p>El jefe de gobierno de la Ciudad de M\u00e9xico, Mart\u00ed Batres, tranquiliz\u00f3 a la poblaci\u00f3n al se\u00f1alar que el sismo fue imperceptible en la capital y que &#8220;todo se encuentra en tranquilidad y orden&#8221;. A pesar de esta afirmaci\u00f3n, algunas aplicaciones de emergencia detectaron el movimiento en la Ciudad de M\u00e9xico y emitieron alertas a los usuarios.<\/p>\n<blockquote class=\"twitter-tweet\" data-width=\"550\" data-dnt=\"true\">\n<p lang=\"es\" dir=\"ltr\">En algunas aplicaciones se registr\u00f3 un aviso de sismo. No obstante, debido a la baja magnitud, no amerit\u00f3 que sonar\u00e1 la alerta s\u00edsmica. La aceleraci\u00f3n en la Ciudad de M\u00e9xico fue m\u00ednima. Fue totalmente imperceptible. Todo se encuentra en tranquilidad y orden.<\/p>\n<p>&mdash; Mart\u00ed Batres (@martibatres) <a href=\"https:\/\/twitter.com\/martibatres\/status\/1747995242307956761?ref_src=twsrc%5Etfw\">January 18, 2024<\/a><\/p><\/blockquote>\n<p><script async src=\"https:\/\/platform.twitter.com\/widgets.js\" charset=\"utf-8\"><\/script><\/p>\n<h4>SUSTO EN LA MA\u00d1ANERA<\/h4>\n<p>El presidente de M\u00e9xico, Andr\u00e9s Manuel L\u00f3pez Obrador (AMLO), abord\u00f3 el tema durante su conferencia ma\u00f1anera, sugiriendo la posibilidad de evacuaci\u00f3n al preguntar a los reporteros: &#8220;\u00bfLes parece que salgamos? \u00bfNo? Es moderado&#8221;. Sin embargo, la percepci\u00f3n general fue de que el sismo no represent\u00f3 un riesgo significativo.<\/p>\n<p>En el Palacio Nacional, donde se llevaba a cabo la rueda de prensa de AMLO, se registraron notificaciones de celular relacionadas con el movimiento tel\u00farico, generando momentos de tensi\u00f3n entre los presentes.<\/p>\n<div style=\"width: 1200px;\" class=\"wp-video\"><!--[if lt IE 9]><script>document.createElement('video');<\/script><![endif]-->\n<video class=\"wp-video-shortcode\" id=\"video-65156-1\" width=\"1200\" height=\"675\" preload=\"metadata\" controls=\"controls\"><source type=\"video\/mp4\" src=\"https:\/\/www.mexicohoy.mx\/wp-content\/uploads\/2024\/01\/ssstwitter.com_1705589830547.mp4?_=1\" \/><a href=\"https:\/\/www.mexicohoy.mx\/wp-content\/uploads\/2024\/01\/ssstwitter.com_1705589830547.mp4\">https:\/\/www.mexicohoy.mx\/wp-content\/uploads\/2024\/01\/ssstwitter.com_1705589830547.mp4<\/a><\/video><\/div>\n<p>Ante los informes de activaci\u00f3n de la #AlertaS\u00edsmica en aplicaciones m\u00f3viles, la Secretar\u00eda de Gesti\u00f3n Integral de Riesgos y Protecci\u00f3n Civil emiti\u00f3 un comunicado a trav\u00e9s de sus canales oficiales. En el mensaje se inform\u00f3 que se estableci\u00f3 comunicaci\u00f3n con las Unidades de Gesti\u00f3n Integral de Riesgos y Protecci\u00f3n Civil de las alcald\u00edas, y hasta el momento no se reportan incidentes ni percepciones de riesgo. Se hizo un llamado a la poblaci\u00f3n a mantenerse informada a trav\u00e9s de sitios oficiales.<\/p>\n<p>La Coordinaci\u00f3n Nacional de Protecci\u00f3n Civil tambi\u00e9n se pronunci\u00f3, indicando que hasta el momento no se registran afectaciones en Oaxaca a ra\u00edz del sismo. No se anticipan riesgos o variaciones en el nivel del mar, pero las autoridades mantienen un monitoreo constante para evaluar cualquier situaci\u00f3n emergente.<\/p>\n","protected":false},"excerpt":{"rendered":"En la ma\u00f1ana de este jueves, a las 8:40 a.m., la regi\u00f3n sureste de Crucecita, Oaxaca, M\u00e9xico, fue&hellip;","protected":false},"author":1,"featured_media":65157,"comment_status":"open","ping_status":"closed","sticky":false,"template":"","format":"standard","meta":{"csco_display_header_overlay":false,"csco_singular_sidebar":"","csco_page_header_type":"","csco_page_load_nextpost":"","csco_post_video_location":[],"csco_post_video_location_hash":"","csco_post_video_url":"","csco_post_video_bg_start_time":0,"csco_post_video_bg_end_time":0,"footnotes":""},"categories":[28],"tags":[],"class_list":{"0":"post-65156","1":"post","2":"type-post","3":"status-publish","4":"format-standard","5":"has-post-thumbnail","7":"category-nacional","8":"cs-entry","9":"cs-video-wrap"},"yoast_head":"<!-- This site is optimized with the Yoast SEO Premium plugin v24.7 (Yoast SEO v27.4) - https:\/\/yoast.com\/product\/yoast-seo-premium-wordpress\/ -->\n<title>Sismo de magnitud 5.0 sacudi\u00f3 Oaxaca y fue perceptible en la CDMX - Grupo Hoy Puebla<\/title>\n<meta name=\"description\" content=\"La regi\u00f3n sureste de Crucecita, Oaxaca, fue testigo de un sismo con magnitud preliminar de 5.0, el cual pudo sentirse en zonas de la CDMX.\" \/>\n<meta name=\"robots\" content=\"index, follow, max-snippet:-1, max-image-preview:large, max-video-preview:-1\" \/>\n<link rel=\"canonical\" href=\"https:\/\/grupohoymexico.com\/puebla\/2024\/01\/18\/sismo-de-magnitud-5-0-sacudio-oaxaca-y-fue-perceptible-en-la-cdmx\/\" \/>\n<meta property=\"og:locale\" content=\"es_MX\" \/>\n<meta property=\"og:type\" content=\"article\" \/>\n<meta property=\"og:title\" content=\"Sismo de magnitud 5.0 sacudi\u00f3 Oaxaca y fue perceptible en la CDMX\" \/>\n<meta property=\"og:description\" content=\"La regi\u00f3n sureste de Crucecita, Oaxaca, fue testigo de un sismo con magnitud preliminar de 5.0, el cual pudo sentirse en zonas de la CDMX.\" \/>\n<meta property=\"og:url\" content=\"https:\/\/grupohoymexico.com\/puebla\/2024\/01\/18\/sismo-de-magnitud-5-0-sacudio-oaxaca-y-fue-perceptible-en-la-cdmx\/\" \/>\n<meta property=\"og:site_name\" content=\"Grupo Hoy Puebla\" \/>\n<meta property=\"article:published_time\" content=\"2024-01-18T16:05:24+00:00\" \/>\n<meta property=\"og:image\" content=\"https:\/\/grupohoymexico.com\/puebla\/wp-content\/uploads\/sites\/3\/2024\/01\/1866-GRUPO-HOY.jpg\" \/>\n\t<meta property=\"og:image:width\" content=\"1000\" \/>\n\t<meta property=\"og:image:height\" content=\"600\" \/>\n\t<meta property=\"og:image:type\" content=\"image\/jpeg\" \/>\n<meta name=\"author\" content=\"user\" \/>\n<meta name=\"twitter:card\" content=\"summary_large_image\" \/>\n<meta name=\"twitter:label1\" content=\"Escrito por\" \/>\n\t<meta name=\"twitter:data1\" content=\"user\" \/>\n\t<meta name=\"twitter:label2\" content=\"Tiempo de lectura\" \/>\n\t<meta name=\"twitter:data2\" content=\"3 minutos\" \/>\n<script type=\"application\/ld+json\" class=\"yoast-schema-graph\">{\"@context\":\"https:\\\/\\\/schema.org\",\"@graph\":[{\"@type\":\"Article\",\"@id\":\"https:\\\/\\\/grupohoymexico.com\\\/puebla\\\/2024\\\/01\\\/18\\\/sismo-de-magnitud-5-0-sacudio-oaxaca-y-fue-perceptible-en-la-cdmx\\\/#article\",\"isPartOf\":{\"@id\":\"https:\\\/\\\/grupohoymexico.com\\\/puebla\\\/2024\\\/01\\\/18\\\/sismo-de-magnitud-5-0-sacudio-oaxaca-y-fue-perceptible-en-la-cdmx\\\/\"},\"author\":{\"name\":\"user\",\"@id\":\"https:\\\/\\\/grupohoymexico.com\\\/puebla\\\/#\\\/schema\\\/person\\\/ce6086ac837852775a3a4f539356c297\"},\"headline\":\"Sismo de magnitud 5.0 sacudi\u00f3 Oaxaca y fue perceptible en la CDMX\",\"datePublished\":\"2024-01-18T16:05:24+00:00\",\"mainEntityOfPage\":{\"@id\":\"https:\\\/\\\/grupohoymexico.com\\\/puebla\\\/2024\\\/01\\\/18\\\/sismo-de-magnitud-5-0-sacudio-oaxaca-y-fue-perceptible-en-la-cdmx\\\/\"},\"wordCount\":480,\"commentCount\":0,\"image\":{\"@id\":\"https:\\\/\\\/grupohoymexico.com\\\/puebla\\\/2024\\\/01\\\/18\\\/sismo-de-magnitud-5-0-sacudio-oaxaca-y-fue-perceptible-en-la-cdmx\\\/#primaryimage\"},\"thumbnailUrl\":\"https:\\\/\\\/grupohoymexico.com\\\/puebla\\\/wp-content\\\/uploads\\\/sites\\\/3\\\/2024\\\/01\\\/1866-GRUPO-HOY.jpg\",\"articleSection\":[\"Nacional\"],\"inLanguage\":\"es\",\"potentialAction\":[{\"@type\":\"CommentAction\",\"name\":\"Comment\",\"target\":[\"https:\\\/\\\/grupohoymexico.com\\\/puebla\\\/2024\\\/01\\\/18\\\/sismo-de-magnitud-5-0-sacudio-oaxaca-y-fue-perceptible-en-la-cdmx\\\/#respond\"]}]},{\"@type\":\"WebPage\",\"@id\":\"https:\\\/\\\/grupohoymexico.com\\\/puebla\\\/2024\\\/01\\\/18\\\/sismo-de-magnitud-5-0-sacudio-oaxaca-y-fue-perceptible-en-la-cdmx\\\/\",\"url\":\"https:\\\/\\\/grupohoymexico.com\\\/puebla\\\/2024\\\/01\\\/18\\\/sismo-de-magnitud-5-0-sacudio-oaxaca-y-fue-perceptible-en-la-cdmx\\\/\",\"name\":\"Sismo de magnitud 5.0 sacudi\u00f3 Oaxaca y fue perceptible en la CDMX - Grupo Hoy Puebla\",\"isPartOf\":{\"@id\":\"https:\\\/\\\/grupohoymexico.com\\\/puebla\\\/#website\"},\"primaryImageOfPage\":{\"@id\":\"https:\\\/\\\/grupohoymexico.com\\\/puebla\\\/2024\\\/01\\\/18\\\/sismo-de-magnitud-5-0-sacudio-oaxaca-y-fue-perceptible-en-la-cdmx\\\/#primaryimage\"},\"image\":{\"@id\":\"https:\\\/\\\/grupohoymexico.com\\\/puebla\\\/2024\\\/01\\\/18\\\/sismo-de-magnitud-5-0-sacudio-oaxaca-y-fue-perceptible-en-la-cdmx\\\/#primaryimage\"},\"thumbnailUrl\":\"https:\\\/\\\/grupohoymexico.com\\\/puebla\\\/wp-content\\\/uploads\\\/sites\\\/3\\\/2024\\\/01\\\/1866-GRUPO-HOY.jpg\",\"datePublished\":\"2024-01-18T16:05:24+00:00\",\"author\":{\"@id\":\"https:\\\/\\\/grupohoymexico.com\\\/puebla\\\/#\\\/schema\\\/person\\\/ce6086ac837852775a3a4f539356c297\"},\"description\":\"La regi\u00f3n sureste de Crucecita, Oaxaca, fue testigo de un sismo con magnitud preliminar de 5.0, el cual pudo sentirse en zonas de la CDMX.\",\"breadcrumb\":{\"@id\":\"https:\\\/\\\/grupohoymexico.com\\\/puebla\\\/2024\\\/01\\\/18\\\/sismo-de-magnitud-5-0-sacudio-oaxaca-y-fue-perceptible-en-la-cdmx\\\/#breadcrumb\"},\"inLanguage\":\"es\",\"potentialAction\":[{\"@type\":\"ReadAction\",\"target\":[\"https:\\\/\\\/grupohoymexico.com\\\/puebla\\\/2024\\\/01\\\/18\\\/sismo-de-magnitud-5-0-sacudio-oaxaca-y-fue-perceptible-en-la-cdmx\\\/\"]}]},{\"@type\":\"ImageObject\",\"inLanguage\":\"es\",\"@id\":\"https:\\\/\\\/grupohoymexico.com\\\/puebla\\\/2024\\\/01\\\/18\\\/sismo-de-magnitud-5-0-sacudio-oaxaca-y-fue-perceptible-en-la-cdmx\\\/#primaryimage\",\"url\":\"https:\\\/\\\/grupohoymexico.com\\\/puebla\\\/wp-content\\\/uploads\\\/sites\\\/3\\\/2024\\\/01\\\/1866-GRUPO-HOY.jpg\",\"contentUrl\":\"https:\\\/\\\/grupohoymexico.com\\\/puebla\\\/wp-content\\\/uploads\\\/sites\\\/3\\\/2024\\\/01\\\/1866-GRUPO-HOY.jpg\",\"width\":1000,\"height\":600,\"caption\":\"Sismo de magnitud 5.0 sacudi\u00f3 Oaxaca y fue perceptible en la CDMX\"},{\"@type\":\"BreadcrumbList\",\"@id\":\"https:\\\/\\\/grupohoymexico.com\\\/puebla\\\/2024\\\/01\\\/18\\\/sismo-de-magnitud-5-0-sacudio-oaxaca-y-fue-perceptible-en-la-cdmx\\\/#breadcrumb\",\"itemListElement\":[{\"@type\":\"ListItem\",\"position\":1,\"name\":\"Inicio\",\"item\":\"https:\\\/\\\/grupohoymexico.com\\\/puebla\\\/\"},{\"@type\":\"ListItem\",\"position\":2,\"name\":\"Sismo de magnitud 5.0 sacudi\u00f3 Oaxaca y fue perceptible en la CDMX\"}]},{\"@type\":\"WebSite\",\"@id\":\"https:\\\/\\\/grupohoymexico.com\\\/puebla\\\/#website\",\"url\":\"https:\\\/\\\/grupohoymexico.com\\\/puebla\\\/\",\"name\":\"Grupo Hoy Puebla\",\"description\":\"\",\"potentialAction\":[{\"@type\":\"SearchAction\",\"target\":{\"@type\":\"EntryPoint\",\"urlTemplate\":\"https:\\\/\\\/grupohoymexico.com\\\/puebla\\\/?s={search_term_string}\"},\"query-input\":{\"@type\":\"PropertyValueSpecification\",\"valueRequired\":true,\"valueName\":\"search_term_string\"}}],\"inLanguage\":\"es\"},{\"@type\":\"Person\",\"@id\":\"https:\\\/\\\/grupohoymexico.com\\\/puebla\\\/#\\\/schema\\\/person\\\/ce6086ac837852775a3a4f539356c297\",\"name\":\"user\",\"image\":{\"@type\":\"ImageObject\",\"inLanguage\":\"es\",\"@id\":\"https:\\\/\\\/secure.gravatar.com\\\/avatar\\\/25f78de4fa956f6f7c01f8d96f8087d8958ebe06d57e630cd54e36aefb9dacea?s=96&d=mm&r=g\",\"url\":\"https:\\\/\\\/secure.gravatar.com\\\/avatar\\\/25f78de4fa956f6f7c01f8d96f8087d8958ebe06d57e630cd54e36aefb9dacea?s=96&d=mm&r=g\",\"contentUrl\":\"https:\\\/\\\/secure.gravatar.com\\\/avatar\\\/25f78de4fa956f6f7c01f8d96f8087d8958ebe06d57e630cd54e36aefb9dacea?s=96&d=mm&r=g\",\"caption\":\"user\"},\"sameAs\":[\"http:\\\/\\\/44.197.188.197.nip.io\"],\"url\":\"https:\\\/\\\/grupohoymexico.com\\\/puebla\\\/author\\\/user\\\/\"}]}<\/script>\n<!-- \/ Yoast SEO Premium plugin. -->","yoast_head_json":{"title":"Sismo de magnitud 5.0 sacudi\u00f3 Oaxaca y fue perceptible en la CDMX - Grupo Hoy Puebla","description":"La regi\u00f3n sureste de Crucecita, Oaxaca, fue testigo de un sismo con magnitud preliminar de 5.0, el cual pudo sentirse en zonas de la CDMX.","robots":{"index":"index","follow":"follow","max-snippet":"max-snippet:-1","max-image-preview":"max-image-preview:large","max-video-preview":"max-video-preview:-1"},"canonical":"https:\/\/grupohoymexico.com\/puebla\/2024\/01\/18\/sismo-de-magnitud-5-0-sacudio-oaxaca-y-fue-perceptible-en-la-cdmx\/","og_locale":"es_MX","og_type":"article","og_title":"Sismo de magnitud 5.0 sacudi\u00f3 Oaxaca y fue perceptible en la CDMX","og_description":"La regi\u00f3n sureste de Crucecita, Oaxaca, fue testigo de un sismo con magnitud preliminar de 5.0, el cual pudo sentirse en zonas de la CDMX.","og_url":"https:\/\/grupohoymexico.com\/puebla\/2024\/01\/18\/sismo-de-magnitud-5-0-sacudio-oaxaca-y-fue-perceptible-en-la-cdmx\/","og_site_name":"Grupo Hoy Puebla","article_published_time":"2024-01-18T16:05:24+00:00","og_image":[{"width":1000,"height":600,"url":"https:\/\/grupohoymexico.com\/puebla\/wp-content\/uploads\/sites\/3\/2024\/01\/1866-GRUPO-HOY.jpg","type":"image\/jpeg"}],"author":"user","twitter_card":"summary_large_image","twitter_misc":{"Escrito por":"user","Tiempo de lectura":"3 minutos"},"schema":{"@context":"https:\/\/schema.org","@graph":[{"@type":"Article","@id":"https:\/\/grupohoymexico.com\/puebla\/2024\/01\/18\/sismo-de-magnitud-5-0-sacudio-oaxaca-y-fue-perceptible-en-la-cdmx\/#article","isPartOf":{"@id":"https:\/\/grupohoymexico.com\/puebla\/2024\/01\/18\/sismo-de-magnitud-5-0-sacudio-oaxaca-y-fue-perceptible-en-la-cdmx\/"},"author":{"name":"user","@id":"https:\/\/grupohoymexico.com\/puebla\/#\/schema\/person\/ce6086ac837852775a3a4f539356c297"},"headline":"Sismo de magnitud 5.0 sacudi\u00f3 Oaxaca y fue perceptible en la CDMX","datePublished":"2024-01-18T16:05:24+00:00","mainEntityOfPage":{"@id":"https:\/\/grupohoymexico.com\/puebla\/2024\/01\/18\/sismo-de-magnitud-5-0-sacudio-oaxaca-y-fue-perceptible-en-la-cdmx\/"},"wordCount":480,"commentCount":0,"image":{"@id":"https:\/\/grupohoymexico.com\/puebla\/2024\/01\/18\/sismo-de-magnitud-5-0-sacudio-oaxaca-y-fue-perceptible-en-la-cdmx\/#primaryimage"},"thumbnailUrl":"https:\/\/grupohoymexico.com\/puebla\/wp-content\/uploads\/sites\/3\/2024\/01\/1866-GRUPO-HOY.jpg","articleSection":["Nacional"],"inLanguage":"es","potentialAction":[{"@type":"CommentAction","name":"Comment","target":["https:\/\/grupohoymexico.com\/puebla\/2024\/01\/18\/sismo-de-magnitud-5-0-sacudio-oaxaca-y-fue-perceptible-en-la-cdmx\/#respond"]}]},{"@type":"WebPage","@id":"https:\/\/grupohoymexico.com\/puebla\/2024\/01\/18\/sismo-de-magnitud-5-0-sacudio-oaxaca-y-fue-perceptible-en-la-cdmx\/","url":"https:\/\/grupohoymexico.com\/puebla\/2024\/01\/18\/sismo-de-magnitud-5-0-sacudio-oaxaca-y-fue-perceptible-en-la-cdmx\/","name":"Sismo de magnitud 5.0 sacudi\u00f3 Oaxaca y fue perceptible en la CDMX - Grupo Hoy Puebla","isPartOf":{"@id":"https:\/\/grupohoymexico.com\/puebla\/#website"},"primaryImageOfPage":{"@id":"https:\/\/grupohoymexico.com\/puebla\/2024\/01\/18\/sismo-de-magnitud-5-0-sacudio-oaxaca-y-fue-perceptible-en-la-cdmx\/#primaryimage"},"image":{"@id":"https:\/\/grupohoymexico.com\/puebla\/2024\/01\/18\/sismo-de-magnitud-5-0-sacudio-oaxaca-y-fue-perceptible-en-la-cdmx\/#primaryimage"},"thumbnailUrl":"https:\/\/grupohoymexico.com\/puebla\/wp-content\/uploads\/sites\/3\/2024\/01\/1866-GRUPO-HOY.jpg","datePublished":"2024-01-18T16:05:24+00:00","author":{"@id":"https:\/\/grupohoymexico.com\/puebla\/#\/schema\/person\/ce6086ac837852775a3a4f539356c297"},"description":"La regi\u00f3n sureste de Crucecita, Oaxaca, fue testigo de un sismo con magnitud preliminar de 5.0, el cual pudo sentirse en zonas de la CDMX.","breadcrumb":{"@id":"https:\/\/grupohoymexico.com\/puebla\/2024\/01\/18\/sismo-de-magnitud-5-0-sacudio-oaxaca-y-fue-perceptible-en-la-cdmx\/#breadcrumb"},"inLanguage":"es","potentialAction":[{"@type":"ReadAction","target":["https:\/\/grupohoymexico.com\/puebla\/2024\/01\/18\/sismo-de-magnitud-5-0-sacudio-oaxaca-y-fue-perceptible-en-la-cdmx\/"]}]},{"@type":"ImageObject","inLanguage":"es","@id":"https:\/\/grupohoymexico.com\/puebla\/2024\/01\/18\/sismo-de-magnitud-5-0-sacudio-oaxaca-y-fue-perceptible-en-la-cdmx\/#primaryimage","url":"https:\/\/grupohoymexico.com\/puebla\/wp-content\/uploads\/sites\/3\/2024\/01\/1866-GRUPO-HOY.jpg","contentUrl":"https:\/\/grupohoymexico.com\/puebla\/wp-content\/uploads\/sites\/3\/2024\/01\/1866-GRUPO-HOY.jpg","width":1000,"height":600,"caption":"Sismo de magnitud 5.0 sacudi\u00f3 Oaxaca y fue perceptible en la CDMX"},{"@type":"BreadcrumbList","@id":"https:\/\/grupohoymexico.com\/puebla\/2024\/01\/18\/sismo-de-magnitud-5-0-sacudio-oaxaca-y-fue-perceptible-en-la-cdmx\/#breadcrumb","itemListElement":[{"@type":"ListItem","position":1,"name":"Inicio","item":"https:\/\/grupohoymexico.com\/puebla\/"},{"@type":"ListItem","position":2,"name":"Sismo de magnitud 5.0 sacudi\u00f3 Oaxaca y fue perceptible en la CDMX"}]},{"@type":"WebSite","@id":"https:\/\/grupohoymexico.com\/puebla\/#website","url":"https:\/\/grupohoymexico.com\/puebla\/","name":"Grupo Hoy Puebla","description":"","potentialAction":[{"@type":"SearchAction","target":{"@type":"EntryPoint","urlTemplate":"https:\/\/grupohoymexico.com\/puebla\/?s={search_term_string}"},"query-input":{"@type":"PropertyValueSpecification","valueRequired":true,"valueName":"search_term_string"}}],"inLanguage":"es"},{"@type":"Person","@id":"https:\/\/grupohoymexico.com\/puebla\/#\/schema\/person\/ce6086ac837852775a3a4f539356c297","name":"user","image":{"@type":"ImageObject","inLanguage":"es","@id":"https:\/\/secure.gravatar.com\/avatar\/25f78de4fa956f6f7c01f8d96f8087d8958ebe06d57e630cd54e36aefb9dacea?s=96&d=mm&r=g","url":"https:\/\/secure.gravatar.com\/avatar\/25f78de4fa956f6f7c01f8d96f8087d8958ebe06d57e630cd54e36aefb9dacea?s=96&d=mm&r=g","contentUrl":"https:\/\/secure.gravatar.com\/avatar\/25f78de4fa956f6f7c01f8d96f8087d8958ebe06d57e630cd54e36aefb9dacea?s=96&d=mm&r=g","caption":"user"},"sameAs":["http:\/\/44.197.188.197.nip.io"],"url":"https:\/\/grupohoymexico.com\/puebla\/author\/user\/"}]}},"_links":{"self":[{"href":"https:\/\/grupohoymexico.com\/puebla\/wp-json\/wp\/v2\/posts\/65156","targetHints":{"allow":["GET"]}}],"collection":[{"href":"https:\/\/grupohoymexico.com\/puebla\/wp-json\/wp\/v2\/posts"}],"about":[{"href":"https:\/\/grupohoymexico.com\/puebla\/wp-json\/wp\/v2\/types\/post"}],"author":[{"embeddable":true,"href":"https:\/\/grupohoymexico.com\/puebla\/wp-json\/wp\/v2\/users\/1"}],"replies":[{"embeddable":true,"href":"https:\/\/grupohoymexico.com\/puebla\/wp-json\/wp\/v2\/comments?post=65156"}],"version-history":[{"count":0,"href":"https:\/\/grupohoymexico.com\/puebla\/wp-json\/wp\/v2\/posts\/65156\/revisions"}],"wp:featuredmedia":[{"embeddable":true,"href":"https:\/\/grupohoymexico.com\/puebla\/wp-json\/wp\/v2\/media\/65157"}],"wp:attachment":[{"href":"https:\/\/grupohoymexico.com\/puebla\/wp-json\/wp\/v2\/media?parent=65156"}],"wp:term":[{"taxonomy":"category","embeddable":true,"href":"https:\/\/grupohoymexico.com\/puebla\/wp-json\/wp\/v2\/categories?post=65156"},{"taxonomy":"post_tag","embeddable":true,"href":"https:\/\/grupohoymexico.com\/puebla\/wp-json\/wp\/v2\/tags?post=65156"}],"curies":[{"name":"wp","href":"https:\/\/api.w.org\/{rel}","templated":true}]}}