{"id":65140,"date":"2024-01-17T15:45:37","date_gmt":"2024-01-17T21:45:37","guid":{"rendered":"https:\/\/pueblahoy.com.mx\/?p=65140"},"modified":"2024-01-17T15:45:37","modified_gmt":"2024-01-17T21:45:37","slug":"amlo-inicia-proceso-de-entrega-recepcion-a-9-meses-de-concluir-su-mandato","status":"publish","type":"post","link":"https:\/\/grupohoymexico.com\/puebla\/2024\/01\/17\/amlo-inicia-proceso-de-entrega-recepcion-a-9-meses-de-concluir-su-mandato\/","title":{"rendered":"AMLO inicia proceso de entrega-recepci\u00f3n a 9 meses de concluir su mandato"},"content":{"rendered":"<p>En los preparativos para el proceso de entrega-recepci\u00f3n a poco menos de nueve meses de que concluya su gobierno, el presidente de <a href=\"https:\/\/pueblahoy.com.mx\/\">M\u00e9xico<\/a>, <a href=\"https:\/\/es.wikipedia.org\/wiki\/Andr%C3%A9s_Manuel_L%C3%B3pez_Obrador\">Andr\u00e9s Manuel L\u00f3pez Obrador (AMLO)<\/a>, revel\u00f3 que se est\u00e1n llevando a cabo reuniones con diversas \u00e1reas de su gobierno. En un esfuerzo por garantizar una transici\u00f3n eficiente, L\u00f3pez Obrador destac\u00f3 que ya se han realizado encuentros con la Secretar\u00eda de Marina, la Secretar\u00eda de la Defensa, la Comisi\u00f3n Nacional del Agua (Conagua) y la Secretar\u00eda de Comunicaciones y Transportes (SCT).<\/p>\n<p>Durante una rueda de prensa, el mandatario anunci\u00f3 que el mi\u00e9rcoles sostuvo reuniones con la Secretar\u00eda de Comunicaciones y Transportes y que tiene planeado un encuentro con el gabinete de bienestar, seguido de una reuni\u00f3n con los gobernadores al d\u00eda siguiente. En estas reuniones, se evaluar\u00e1n los avances en distintos programas gubernamentales y se presentar\u00e1n los \u00faltimos detalles para dar continuidad a proyectos clave.<\/p>\n<p><img fetchpriority=\"high\" decoding=\"async\" class=\"alignnone\" src=\"https:\/\/pbs.twimg.com\/media\/GED6HCEWgAE4IEX?format=jpg&amp;name=medium\" alt=\"\" width=\"960\" height=\"540\" \/><\/p>\n<p>Uno de los temas que se abordar\u00e1 en la reuni\u00f3n con los gobernadores es el programa CFE Telecomunicaciones e Internet para Todos. AMLO buscar\u00e1 el apoyo de los l\u00edderes estatales para dar &#8220;el \u00faltimo jal\u00f3n&#8221; a este programa, el cual tiene como objetivo ampliar el acceso a Internet en todo el pa\u00eds. Asimismo, se detallar\u00e1n los proyectos que necesitar\u00e1n continuidad y se solicitar\u00e1 el respaldo de los gobernadores para concluir con \u00e9xito estas iniciativas.<\/p>\n<h4>SE ACERCA EL FINAL DEL MANDATO DE AMLO<\/h4>\n<p>Respecto a la fecha de conclusi\u00f3n de su sexenio, L\u00f3pez Obrador precis\u00f3 que su mandato finalizar\u00e1 el 1 de octubre, cuando el nuevo presidente o presidenta asuma el cargo. Mencion\u00f3 que en estos \u00faltimos meses enviar\u00e1 al Congreso alrededor de 10 propuestas en distintos rubros para su votaci\u00f3n, mientras deja proyectos federales como el Tren Maya, el Aeropuerto Internacional de Felipe \u00c1ngeles, el aumento al salario m\u00ednimo y la creaci\u00f3n de la Guardia Nacional, entre otros.<\/p>\n<p>A medida que se acerca el fin de su administraci\u00f3n,Andr\u00e9s Manuel L\u00f3pez Obrador se enfoca en asegurar una transici\u00f3n efectiva, destacando los logros alcanzados durante su mandato y buscando la colaboraci\u00f3n de los gobernadores para concluir con \u00e9xito los programas en curso. La entrega-recepci\u00f3n se presenta como un proceso clave para asegurar la continuidad de los proyectos y programas gubernamentales.<\/p>\n","protected":false},"excerpt":{"rendered":"En los preparativos para el proceso de entrega-recepci\u00f3n a poco menos de nueve meses de que concluya su&hellip;","protected":false},"author":1,"featured_media":65141,"comment_status":"open","ping_status":"closed","sticky":false,"template":"","format":"standard","meta":{"csco_display_header_overlay":false,"csco_singular_sidebar":"","csco_page_header_type":"","csco_page_load_nextpost":"","csco_post_video_location":[],"csco_post_video_location_hash":"","csco_post_video_url":"","csco_post_video_bg_start_time":0,"csco_post_video_bg_end_time":0,"footnotes":""},"categories":[28],"tags":[],"class_list":{"0":"post-65140","1":"post","2":"type-post","3":"status-publish","4":"format-standard","5":"has-post-thumbnail","7":"category-nacional","8":"cs-entry","9":"cs-video-wrap"},"yoast_head":"<!-- This site is optimized with the Yoast SEO Premium plugin v24.7 (Yoast SEO v27.4) - https:\/\/yoast.com\/product\/yoast-seo-premium-wordpress\/ -->\n<title>AMLO inicia proceso de entrega-recepci\u00f3n a 9 meses de concluir su mandato - Grupo Hoy Puebla<\/title>\n<meta name=\"description\" content=\"AMLO revel\u00f3 que realiza reuniones con diversas \u00e1reas de su gobierno, como parte del proceso de entrega-recepci\u00f3n de la presidencia de M\u00e9xico.\" \/>\n<meta name=\"robots\" content=\"index, follow, max-snippet:-1, max-image-preview:large, max-video-preview:-1\" \/>\n<link rel=\"canonical\" href=\"https:\/\/grupohoymexico.com\/puebla\/2024\/01\/17\/amlo-inicia-proceso-de-entrega-recepcion-a-9-meses-de-concluir-su-mandato\/\" \/>\n<meta property=\"og:locale\" content=\"es_MX\" \/>\n<meta property=\"og:type\" content=\"article\" \/>\n<meta property=\"og:title\" content=\"AMLO inicia proceso de entrega-recepci\u00f3n a 9 meses de concluir su mandato\" \/>\n<meta property=\"og:description\" content=\"AMLO revel\u00f3 que realiza reuniones con diversas \u00e1reas de su gobierno, como parte del proceso de entrega-recepci\u00f3n de la presidencia de M\u00e9xico.\" \/>\n<meta property=\"og:url\" content=\"https:\/\/grupohoymexico.com\/puebla\/2024\/01\/17\/amlo-inicia-proceso-de-entrega-recepcion-a-9-meses-de-concluir-su-mandato\/\" \/>\n<meta property=\"og:site_name\" content=\"Grupo Hoy Puebla\" \/>\n<meta property=\"article:published_time\" content=\"2024-01-17T21:45:37+00:00\" \/>\n<meta property=\"og:image\" content=\"https:\/\/grupohoymexico.com\/puebla\/wp-content\/uploads\/sites\/3\/2024\/01\/1858-GRUPO-HOY.jpg\" \/>\n\t<meta property=\"og:image:width\" content=\"1000\" \/>\n\t<meta property=\"og:image:height\" content=\"600\" \/>\n\t<meta property=\"og:image:type\" content=\"image\/jpeg\" \/>\n<meta name=\"author\" content=\"user\" \/>\n<meta name=\"twitter:card\" content=\"summary_large_image\" \/>\n<meta name=\"twitter:label1\" content=\"Escrito por\" \/>\n\t<meta name=\"twitter:data1\" content=\"user\" \/>\n\t<meta name=\"twitter:label2\" content=\"Tiempo de lectura\" \/>\n\t<meta name=\"twitter:data2\" content=\"3 minutos\" \/>\n<script type=\"application\/ld+json\" class=\"yoast-schema-graph\">{\"@context\":\"https:\\\/\\\/schema.org\",\"@graph\":[{\"@type\":\"Article\",\"@id\":\"https:\\\/\\\/grupohoymexico.com\\\/puebla\\\/2024\\\/01\\\/17\\\/amlo-inicia-proceso-de-entrega-recepcion-a-9-meses-de-concluir-su-mandato\\\/#article\",\"isPartOf\":{\"@id\":\"https:\\\/\\\/grupohoymexico.com\\\/puebla\\\/2024\\\/01\\\/17\\\/amlo-inicia-proceso-de-entrega-recepcion-a-9-meses-de-concluir-su-mandato\\\/\"},\"author\":{\"name\":\"user\",\"@id\":\"https:\\\/\\\/grupohoymexico.com\\\/puebla\\\/#\\\/schema\\\/person\\\/ce6086ac837852775a3a4f539356c297\"},\"headline\":\"AMLO inicia proceso de entrega-recepci\u00f3n a 9 meses de concluir su mandato\",\"datePublished\":\"2024-01-17T21:45:37+00:00\",\"mainEntityOfPage\":{\"@id\":\"https:\\\/\\\/grupohoymexico.com\\\/puebla\\\/2024\\\/01\\\/17\\\/amlo-inicia-proceso-de-entrega-recepcion-a-9-meses-de-concluir-su-mandato\\\/\"},\"wordCount\":410,\"commentCount\":0,\"image\":{\"@id\":\"https:\\\/\\\/grupohoymexico.com\\\/puebla\\\/2024\\\/01\\\/17\\\/amlo-inicia-proceso-de-entrega-recepcion-a-9-meses-de-concluir-su-mandato\\\/#primaryimage\"},\"thumbnailUrl\":\"https:\\\/\\\/grupohoymexico.com\\\/puebla\\\/wp-content\\\/uploads\\\/sites\\\/3\\\/2024\\\/01\\\/1858-GRUPO-HOY.jpg\",\"articleSection\":[\"Nacional\"],\"inLanguage\":\"es\",\"potentialAction\":[{\"@type\":\"CommentAction\",\"name\":\"Comment\",\"target\":[\"https:\\\/\\\/grupohoymexico.com\\\/puebla\\\/2024\\\/01\\\/17\\\/amlo-inicia-proceso-de-entrega-recepcion-a-9-meses-de-concluir-su-mandato\\\/#respond\"]}]},{\"@type\":\"WebPage\",\"@id\":\"https:\\\/\\\/grupohoymexico.com\\\/puebla\\\/2024\\\/01\\\/17\\\/amlo-inicia-proceso-de-entrega-recepcion-a-9-meses-de-concluir-su-mandato\\\/\",\"url\":\"https:\\\/\\\/grupohoymexico.com\\\/puebla\\\/2024\\\/01\\\/17\\\/amlo-inicia-proceso-de-entrega-recepcion-a-9-meses-de-concluir-su-mandato\\\/\",\"name\":\"AMLO inicia proceso de entrega-recepci\u00f3n a 9 meses de concluir su mandato - Grupo Hoy Puebla\",\"isPartOf\":{\"@id\":\"https:\\\/\\\/grupohoymexico.com\\\/puebla\\\/#website\"},\"primaryImageOfPage\":{\"@id\":\"https:\\\/\\\/grupohoymexico.com\\\/puebla\\\/2024\\\/01\\\/17\\\/amlo-inicia-proceso-de-entrega-recepcion-a-9-meses-de-concluir-su-mandato\\\/#primaryimage\"},\"image\":{\"@id\":\"https:\\\/\\\/grupohoymexico.com\\\/puebla\\\/2024\\\/01\\\/17\\\/amlo-inicia-proceso-de-entrega-recepcion-a-9-meses-de-concluir-su-mandato\\\/#primaryimage\"},\"thumbnailUrl\":\"https:\\\/\\\/grupohoymexico.com\\\/puebla\\\/wp-content\\\/uploads\\\/sites\\\/3\\\/2024\\\/01\\\/1858-GRUPO-HOY.jpg\",\"datePublished\":\"2024-01-17T21:45:37+00:00\",\"author\":{\"@id\":\"https:\\\/\\\/grupohoymexico.com\\\/puebla\\\/#\\\/schema\\\/person\\\/ce6086ac837852775a3a4f539356c297\"},\"description\":\"AMLO revel\u00f3 que realiza reuniones con diversas \u00e1reas de su gobierno, como parte del proceso de entrega-recepci\u00f3n de la presidencia de M\u00e9xico.\",\"breadcrumb\":{\"@id\":\"https:\\\/\\\/grupohoymexico.com\\\/puebla\\\/2024\\\/01\\\/17\\\/amlo-inicia-proceso-de-entrega-recepcion-a-9-meses-de-concluir-su-mandato\\\/#breadcrumb\"},\"inLanguage\":\"es\",\"potentialAction\":[{\"@type\":\"ReadAction\",\"target\":[\"https:\\\/\\\/grupohoymexico.com\\\/puebla\\\/2024\\\/01\\\/17\\\/amlo-inicia-proceso-de-entrega-recepcion-a-9-meses-de-concluir-su-mandato\\\/\"]}]},{\"@type\":\"ImageObject\",\"inLanguage\":\"es\",\"@id\":\"https:\\\/\\\/grupohoymexico.com\\\/puebla\\\/2024\\\/01\\\/17\\\/amlo-inicia-proceso-de-entrega-recepcion-a-9-meses-de-concluir-su-mandato\\\/#primaryimage\",\"url\":\"https:\\\/\\\/grupohoymexico.com\\\/puebla\\\/wp-content\\\/uploads\\\/sites\\\/3\\\/2024\\\/01\\\/1858-GRUPO-HOY.jpg\",\"contentUrl\":\"https:\\\/\\\/grupohoymexico.com\\\/puebla\\\/wp-content\\\/uploads\\\/sites\\\/3\\\/2024\\\/01\\\/1858-GRUPO-HOY.jpg\",\"width\":1000,\"height\":600},{\"@type\":\"BreadcrumbList\",\"@id\":\"https:\\\/\\\/grupohoymexico.com\\\/puebla\\\/2024\\\/01\\\/17\\\/amlo-inicia-proceso-de-entrega-recepcion-a-9-meses-de-concluir-su-mandato\\\/#breadcrumb\",\"itemListElement\":[{\"@type\":\"ListItem\",\"position\":1,\"name\":\"Inicio\",\"item\":\"https:\\\/\\\/grupohoymexico.com\\\/puebla\\\/\"},{\"@type\":\"ListItem\",\"position\":2,\"name\":\"AMLO inicia proceso de entrega-recepci\u00f3n a 9 meses de concluir su mandato\"}]},{\"@type\":\"WebSite\",\"@id\":\"https:\\\/\\\/grupohoymexico.com\\\/puebla\\\/#website\",\"url\":\"https:\\\/\\\/grupohoymexico.com\\\/puebla\\\/\",\"name\":\"Grupo Hoy Puebla\",\"description\":\"\",\"potentialAction\":[{\"@type\":\"SearchAction\",\"target\":{\"@type\":\"EntryPoint\",\"urlTemplate\":\"https:\\\/\\\/grupohoymexico.com\\\/puebla\\\/?s={search_term_string}\"},\"query-input\":{\"@type\":\"PropertyValueSpecification\",\"valueRequired\":true,\"valueName\":\"search_term_string\"}}],\"inLanguage\":\"es\"},{\"@type\":\"Person\",\"@id\":\"https:\\\/\\\/grupohoymexico.com\\\/puebla\\\/#\\\/schema\\\/person\\\/ce6086ac837852775a3a4f539356c297\",\"name\":\"user\",\"image\":{\"@type\":\"ImageObject\",\"inLanguage\":\"es\",\"@id\":\"https:\\\/\\\/secure.gravatar.com\\\/avatar\\\/25f78de4fa956f6f7c01f8d96f8087d8958ebe06d57e630cd54e36aefb9dacea?s=96&d=mm&r=g\",\"url\":\"https:\\\/\\\/secure.gravatar.com\\\/avatar\\\/25f78de4fa956f6f7c01f8d96f8087d8958ebe06d57e630cd54e36aefb9dacea?s=96&d=mm&r=g\",\"contentUrl\":\"https:\\\/\\\/secure.gravatar.com\\\/avatar\\\/25f78de4fa956f6f7c01f8d96f8087d8958ebe06d57e630cd54e36aefb9dacea?s=96&d=mm&r=g\",\"caption\":\"user\"},\"sameAs\":[\"http:\\\/\\\/44.197.188.197.nip.io\"],\"url\":\"https:\\\/\\\/grupohoymexico.com\\\/puebla\\\/author\\\/user\\\/\"}]}<\/script>\n<!-- \/ Yoast SEO Premium plugin. -->","yoast_head_json":{"title":"AMLO inicia proceso de entrega-recepci\u00f3n a 9 meses de concluir su mandato - Grupo Hoy Puebla","description":"AMLO revel\u00f3 que realiza reuniones con diversas \u00e1reas de su gobierno, como parte del proceso de entrega-recepci\u00f3n de la presidencia de M\u00e9xico.","robots":{"index":"index","follow":"follow","max-snippet":"max-snippet:-1","max-image-preview":"max-image-preview:large","max-video-preview":"max-video-preview:-1"},"canonical":"https:\/\/grupohoymexico.com\/puebla\/2024\/01\/17\/amlo-inicia-proceso-de-entrega-recepcion-a-9-meses-de-concluir-su-mandato\/","og_locale":"es_MX","og_type":"article","og_title":"AMLO inicia proceso de entrega-recepci\u00f3n a 9 meses de concluir su mandato","og_description":"AMLO revel\u00f3 que realiza reuniones con diversas \u00e1reas de su gobierno, como parte del proceso de entrega-recepci\u00f3n de la presidencia de M\u00e9xico.","og_url":"https:\/\/grupohoymexico.com\/puebla\/2024\/01\/17\/amlo-inicia-proceso-de-entrega-recepcion-a-9-meses-de-concluir-su-mandato\/","og_site_name":"Grupo Hoy Puebla","article_published_time":"2024-01-17T21:45:37+00:00","og_image":[{"width":1000,"height":600,"url":"https:\/\/grupohoymexico.com\/puebla\/wp-content\/uploads\/sites\/3\/2024\/01\/1858-GRUPO-HOY.jpg","type":"image\/jpeg"}],"author":"user","twitter_card":"summary_large_image","twitter_misc":{"Escrito por":"user","Tiempo de lectura":"3 minutos"},"schema":{"@context":"https:\/\/schema.org","@graph":[{"@type":"Article","@id":"https:\/\/grupohoymexico.com\/puebla\/2024\/01\/17\/amlo-inicia-proceso-de-entrega-recepcion-a-9-meses-de-concluir-su-mandato\/#article","isPartOf":{"@id":"https:\/\/grupohoymexico.com\/puebla\/2024\/01\/17\/amlo-inicia-proceso-de-entrega-recepcion-a-9-meses-de-concluir-su-mandato\/"},"author":{"name":"user","@id":"https:\/\/grupohoymexico.com\/puebla\/#\/schema\/person\/ce6086ac837852775a3a4f539356c297"},"headline":"AMLO inicia proceso de entrega-recepci\u00f3n a 9 meses de concluir su mandato","datePublished":"2024-01-17T21:45:37+00:00","mainEntityOfPage":{"@id":"https:\/\/grupohoymexico.com\/puebla\/2024\/01\/17\/amlo-inicia-proceso-de-entrega-recepcion-a-9-meses-de-concluir-su-mandato\/"},"wordCount":410,"commentCount":0,"image":{"@id":"https:\/\/grupohoymexico.com\/puebla\/2024\/01\/17\/amlo-inicia-proceso-de-entrega-recepcion-a-9-meses-de-concluir-su-mandato\/#primaryimage"},"thumbnailUrl":"https:\/\/grupohoymexico.com\/puebla\/wp-content\/uploads\/sites\/3\/2024\/01\/1858-GRUPO-HOY.jpg","articleSection":["Nacional"],"inLanguage":"es","potentialAction":[{"@type":"CommentAction","name":"Comment","target":["https:\/\/grupohoymexico.com\/puebla\/2024\/01\/17\/amlo-inicia-proceso-de-entrega-recepcion-a-9-meses-de-concluir-su-mandato\/#respond"]}]},{"@type":"WebPage","@id":"https:\/\/grupohoymexico.com\/puebla\/2024\/01\/17\/amlo-inicia-proceso-de-entrega-recepcion-a-9-meses-de-concluir-su-mandato\/","url":"https:\/\/grupohoymexico.com\/puebla\/2024\/01\/17\/amlo-inicia-proceso-de-entrega-recepcion-a-9-meses-de-concluir-su-mandato\/","name":"AMLO inicia proceso de entrega-recepci\u00f3n a 9 meses de concluir su mandato - Grupo Hoy Puebla","isPartOf":{"@id":"https:\/\/grupohoymexico.com\/puebla\/#website"},"primaryImageOfPage":{"@id":"https:\/\/grupohoymexico.com\/puebla\/2024\/01\/17\/amlo-inicia-proceso-de-entrega-recepcion-a-9-meses-de-concluir-su-mandato\/#primaryimage"},"image":{"@id":"https:\/\/grupohoymexico.com\/puebla\/2024\/01\/17\/amlo-inicia-proceso-de-entrega-recepcion-a-9-meses-de-concluir-su-mandato\/#primaryimage"},"thumbnailUrl":"https:\/\/grupohoymexico.com\/puebla\/wp-content\/uploads\/sites\/3\/2024\/01\/1858-GRUPO-HOY.jpg","datePublished":"2024-01-17T21:45:37+00:00","author":{"@id":"https:\/\/grupohoymexico.com\/puebla\/#\/schema\/person\/ce6086ac837852775a3a4f539356c297"},"description":"AMLO revel\u00f3 que realiza reuniones con diversas \u00e1reas de su gobierno, como parte del proceso de entrega-recepci\u00f3n de la presidencia de M\u00e9xico.","breadcrumb":{"@id":"https:\/\/grupohoymexico.com\/puebla\/2024\/01\/17\/amlo-inicia-proceso-de-entrega-recepcion-a-9-meses-de-concluir-su-mandato\/#breadcrumb"},"inLanguage":"es","potentialAction":[{"@type":"ReadAction","target":["https:\/\/grupohoymexico.com\/puebla\/2024\/01\/17\/amlo-inicia-proceso-de-entrega-recepcion-a-9-meses-de-concluir-su-mandato\/"]}]},{"@type":"ImageObject","inLanguage":"es","@id":"https:\/\/grupohoymexico.com\/puebla\/2024\/01\/17\/amlo-inicia-proceso-de-entrega-recepcion-a-9-meses-de-concluir-su-mandato\/#primaryimage","url":"https:\/\/grupohoymexico.com\/puebla\/wp-content\/uploads\/sites\/3\/2024\/01\/1858-GRUPO-HOY.jpg","contentUrl":"https:\/\/grupohoymexico.com\/puebla\/wp-content\/uploads\/sites\/3\/2024\/01\/1858-GRUPO-HOY.jpg","width":1000,"height":600},{"@type":"BreadcrumbList","@id":"https:\/\/grupohoymexico.com\/puebla\/2024\/01\/17\/amlo-inicia-proceso-de-entrega-recepcion-a-9-meses-de-concluir-su-mandato\/#breadcrumb","itemListElement":[{"@type":"ListItem","position":1,"name":"Inicio","item":"https:\/\/grupohoymexico.com\/puebla\/"},{"@type":"ListItem","position":2,"name":"AMLO inicia proceso de entrega-recepci\u00f3n a 9 meses de concluir su mandato"}]},{"@type":"WebSite","@id":"https:\/\/grupohoymexico.com\/puebla\/#website","url":"https:\/\/grupohoymexico.com\/puebla\/","name":"Grupo Hoy Puebla","description":"","potentialAction":[{"@type":"SearchAction","target":{"@type":"EntryPoint","urlTemplate":"https:\/\/grupohoymexico.com\/puebla\/?s={search_term_string}"},"query-input":{"@type":"PropertyValueSpecification","valueRequired":true,"valueName":"search_term_string"}}],"inLanguage":"es"},{"@type":"Person","@id":"https:\/\/grupohoymexico.com\/puebla\/#\/schema\/person\/ce6086ac837852775a3a4f539356c297","name":"user","image":{"@type":"ImageObject","inLanguage":"es","@id":"https:\/\/secure.gravatar.com\/avatar\/25f78de4fa956f6f7c01f8d96f8087d8958ebe06d57e630cd54e36aefb9dacea?s=96&d=mm&r=g","url":"https:\/\/secure.gravatar.com\/avatar\/25f78de4fa956f6f7c01f8d96f8087d8958ebe06d57e630cd54e36aefb9dacea?s=96&d=mm&r=g","contentUrl":"https:\/\/secure.gravatar.com\/avatar\/25f78de4fa956f6f7c01f8d96f8087d8958ebe06d57e630cd54e36aefb9dacea?s=96&d=mm&r=g","caption":"user"},"sameAs":["http:\/\/44.197.188.197.nip.io"],"url":"https:\/\/grupohoymexico.com\/puebla\/author\/user\/"}]}},"_links":{"self":[{"href":"https:\/\/grupohoymexico.com\/puebla\/wp-json\/wp\/v2\/posts\/65140","targetHints":{"allow":["GET"]}}],"collection":[{"href":"https:\/\/grupohoymexico.com\/puebla\/wp-json\/wp\/v2\/posts"}],"about":[{"href":"https:\/\/grupohoymexico.com\/puebla\/wp-json\/wp\/v2\/types\/post"}],"author":[{"embeddable":true,"href":"https:\/\/grupohoymexico.com\/puebla\/wp-json\/wp\/v2\/users\/1"}],"replies":[{"embeddable":true,"href":"https:\/\/grupohoymexico.com\/puebla\/wp-json\/wp\/v2\/comments?post=65140"}],"version-history":[{"count":0,"href":"https:\/\/grupohoymexico.com\/puebla\/wp-json\/wp\/v2\/posts\/65140\/revisions"}],"wp:featuredmedia":[{"embeddable":true,"href":"https:\/\/grupohoymexico.com\/puebla\/wp-json\/wp\/v2\/media\/65141"}],"wp:attachment":[{"href":"https:\/\/grupohoymexico.com\/puebla\/wp-json\/wp\/v2\/media?parent=65140"}],"wp:term":[{"taxonomy":"category","embeddable":true,"href":"https:\/\/grupohoymexico.com\/puebla\/wp-json\/wp\/v2\/categories?post=65140"},{"taxonomy":"post_tag","embeddable":true,"href":"https:\/\/grupohoymexico.com\/puebla\/wp-json\/wp\/v2\/tags?post=65140"}],"curies":[{"name":"wp","href":"https:\/\/api.w.org\/{rel}","templated":true}]}}