{"id":65105,"date":"2024-01-16T17:30:21","date_gmt":"2024-01-16T23:30:21","guid":{"rendered":"https:\/\/pueblahoy.com.mx\/?p=65105"},"modified":"2024-01-16T17:30:21","modified_gmt":"2024-01-16T23:30:21","slug":"jueces-otorgan-amparos-a-involucrados-en-caso-ayotzinapa-denuncia-sspc","status":"publish","type":"post","link":"https:\/\/grupohoymexico.com\/puebla\/2024\/01\/16\/jueces-otorgan-amparos-a-involucrados-en-caso-ayotzinapa-denuncia-sspc\/","title":{"rendered":"Jueces otorgan amparos a involucrados en caso Ayotzinapa: Denuncia SSPC"},"content":{"rendered":"<p>En un reciente pronunciamiento, el subsecretario de Seguridad P\u00fablica de la Secretar\u00eda de Seguridad y Protecci\u00f3n Ciudadana (SSPC),\u00a0<a href=\"https:\/\/es.wikipedia.org\/wiki\/Luis_Rodr%C3%ADguez_Bucio\">Luis Rodr\u00edguez Bucio<\/a>, puso de manifiesto una serie de casos en los que jueces habr\u00edan favorecido a presuntos delincuentes, entre ellos, el otorgamiento de amparos a involucrados en el caso Ayotzinapa, generando cr\u00edticas y cuestionamientos sobre la eficacia del sistema judicial mexicano.<\/p>\n<div style=\"width: 1200px;\" class=\"wp-video\"><!--[if lt IE 9]><script>document.createElement('video');<\/script><![endif]-->\n<video class=\"wp-video-shortcode\" id=\"video-65105-1\" width=\"1200\" height=\"675\" preload=\"metadata\" controls=\"controls\"><source type=\"video\/mp4\" src=\"https:\/\/www.mexicohoy.mx\/wp-content\/uploads\/2024\/01\/ssstwitter.com_1705436784043.mp4?_=1\" \/><a href=\"https:\/\/www.mexicohoy.mx\/wp-content\/uploads\/2024\/01\/ssstwitter.com_1705436784043.mp4\">https:\/\/www.mexicohoy.mx\/wp-content\/uploads\/2024\/01\/ssstwitter.com_1705436784043.mp4<\/a><\/video><\/div>\n<h4>BUSCAN JUSTICIA POR EL CAUSA DE AYOTZINAPA<\/h4>\n<p>En la secci\u00f3n &#8220;Cero Impunidad&#8221;, Rodr\u00edguez Bucio destac\u00f3 un amparo otorgado a Jos\u00e9 Luis &#8220;N&#8221;, exalcalde de Iguala e implicado en el caso Ayotzinapa. Este individuo enfrenta causas penales por homicidio y delincuencia organizada. Seg\u00fan el subsecretario, un tribunal colegiado, integrado por los magistrados Jos\u00e9 Pablo P\u00e9rez Villalba, Rub\u00e9n Arturo S\u00e1nchez Valencia y Luis Alberto Castro Vel\u00e1zquez, otorg\u00f3 un amparo a Jos\u00e9 Luis &#8220;N&#8221;. Este amparo permitir\u00eda una nueva audiencia para determinar medidas cautelares distintas a la prisi\u00f3n preventiva oficiosa.<\/p>\n<p>Rodr\u00edguez Bucio expres\u00f3 su preocupaci\u00f3n por la decisi\u00f3n del tribunal colegiado, argumentando que la prisi\u00f3n preventiva oficiosa impuesta a Jos\u00e9 Luis &#8220;N&#8221; viola sus derechos convencionales seg\u00fan las sentencias emitidas por la Comisi\u00f3n Interamericana de Derechos Humanos (CIDH).<\/p>\n<p><img fetchpriority=\"high\" decoding=\"async\" class=\"alignnone\" src=\"https:\/\/www.azcentral.com\/gcdn\/presto\/2019\/04\/11\/PPHXS\/9f552d55-7cfe-44c4-925b-fb2fd8831c61-La_maanera_de_AMLO11_de_abri_676653.JPG?width=660&amp;height=436&amp;fit=crop&amp;format=pjpg&amp;auto=webp\" alt=\"\" width=\"660\" height=\"436\" \/><\/p>\n<p>Otro caso que resalt\u00f3 el subsecretario fue el de Mar\u00eda de los \u00c1ngeles &#8220;N&#8221;, esposa de Jos\u00e9 Luis &#8220;N&#8221; y vinculada al caso Ayotzinapa. Mar\u00eda de los \u00c1ngeles fue sentenciada a 10 a\u00f1os de prisi\u00f3n por delincuencia organizada, entre otros cargos. Rodr\u00edguez Bucio mencion\u00f3 que, el 24 de abril de 2023, el magistrado Jorge Mario Montellano Iturralde revoc\u00f3 la sentencia y orden\u00f3 la reposici\u00f3n del procedimiento, argumentando que se hab\u00edan violado sus derechos de seguridad jur\u00eddica en audiencia, defensa e igualdad.<\/p>\n<p>Adem\u00e1s, se hizo referencia al caso del exgobernador de Quintana Roo, Roberto &#8220;N&#8221;, quien busc\u00f3 modificar la medida de prisi\u00f3n preventiva justificada. En una audiencia de revisi\u00f3n de medidas cautelares el 29 de septiembre del a\u00f1o pasado, el juez Marco Antonio Beltr\u00e1n Moreno determin\u00f3 modificar la prisi\u00f3n preventiva justificada por la colocaci\u00f3n de un brazalete electr\u00f3nico, arraigo domiciliario y el pago de una garant\u00eda de 10 millones de pesos, entre otras medidas.<\/p>\n","protected":false},"excerpt":{"rendered":"En un reciente pronunciamiento, el subsecretario de Seguridad P\u00fablica de la Secretar\u00eda de Seguridad y Protecci\u00f3n Ciudadana (SSPC),\u00a0Luis&hellip;","protected":false},"author":1,"featured_media":65106,"comment_status":"open","ping_status":"closed","sticky":false,"template":"","format":"standard","meta":{"csco_display_header_overlay":false,"csco_singular_sidebar":"","csco_page_header_type":"","csco_page_load_nextpost":"","csco_post_video_location":[],"csco_post_video_location_hash":"","csco_post_video_url":"","csco_post_video_bg_start_time":0,"csco_post_video_bg_end_time":0,"footnotes":""},"categories":[28],"tags":[],"class_list":{"0":"post-65105","1":"post","2":"type-post","3":"status-publish","4":"format-standard","5":"has-post-thumbnail","7":"category-nacional","8":"cs-entry","9":"cs-video-wrap"},"yoast_head":"<!-- This site is optimized with the Yoast SEO Premium plugin v24.7 (Yoast SEO v27.4) - https:\/\/yoast.com\/product\/yoast-seo-premium-wordpress\/ -->\n<title>Jueces otorgan amparos a involucrados en caso Ayotzinapa: Denuncia SSPC - Grupo Hoy Puebla<\/title>\n<meta name=\"description\" content=\"La SSPC denunci\u00f3 que jueces habr\u00edan favorecido a presuntos delincuentes y dieron amparos a involucrados en el caso Ayotzinapa.\" \/>\n<meta name=\"robots\" content=\"index, follow, max-snippet:-1, max-image-preview:large, max-video-preview:-1\" \/>\n<link rel=\"canonical\" href=\"https:\/\/grupohoymexico.com\/puebla\/2024\/01\/16\/jueces-otorgan-amparos-a-involucrados-en-caso-ayotzinapa-denuncia-sspc\/\" \/>\n<meta property=\"og:locale\" content=\"es_MX\" \/>\n<meta property=\"og:type\" content=\"article\" \/>\n<meta property=\"og:title\" content=\"Jueces otorgan amparos a involucrados en caso Ayotzinapa: Denuncia SSPC\" \/>\n<meta property=\"og:description\" content=\"La SSPC denunci\u00f3 que jueces habr\u00edan favorecido a presuntos delincuentes y dieron amparos a involucrados en el caso Ayotzinapa.\" \/>\n<meta property=\"og:url\" content=\"https:\/\/grupohoymexico.com\/puebla\/2024\/01\/16\/jueces-otorgan-amparos-a-involucrados-en-caso-ayotzinapa-denuncia-sspc\/\" \/>\n<meta property=\"og:site_name\" content=\"Grupo Hoy Puebla\" \/>\n<meta property=\"article:published_time\" content=\"2024-01-16T23:30:21+00:00\" \/>\n<meta property=\"og:image\" content=\"https:\/\/grupohoymexico.com\/puebla\/wp-content\/uploads\/sites\/3\/2024\/01\/1842-GRUPO-HOY.jpg\" \/>\n\t<meta property=\"og:image:width\" content=\"1000\" \/>\n\t<meta property=\"og:image:height\" content=\"600\" \/>\n\t<meta property=\"og:image:type\" content=\"image\/jpeg\" \/>\n<meta name=\"author\" content=\"user\" \/>\n<meta name=\"twitter:card\" content=\"summary_large_image\" \/>\n<meta name=\"twitter:label1\" content=\"Escrito por\" \/>\n\t<meta name=\"twitter:data1\" content=\"user\" \/>\n\t<meta name=\"twitter:label2\" content=\"Tiempo de lectura\" \/>\n\t<meta name=\"twitter:data2\" content=\"2 minutos\" \/>\n<script type=\"application\/ld+json\" class=\"yoast-schema-graph\">{\"@context\":\"https:\\\/\\\/schema.org\",\"@graph\":[{\"@type\":\"Article\",\"@id\":\"https:\\\/\\\/grupohoymexico.com\\\/puebla\\\/2024\\\/01\\\/16\\\/jueces-otorgan-amparos-a-involucrados-en-caso-ayotzinapa-denuncia-sspc\\\/#article\",\"isPartOf\":{\"@id\":\"https:\\\/\\\/grupohoymexico.com\\\/puebla\\\/2024\\\/01\\\/16\\\/jueces-otorgan-amparos-a-involucrados-en-caso-ayotzinapa-denuncia-sspc\\\/\"},\"author\":{\"name\":\"user\",\"@id\":\"https:\\\/\\\/grupohoymexico.com\\\/puebla\\\/#\\\/schema\\\/person\\\/ce6086ac837852775a3a4f539356c297\"},\"headline\":\"Jueces otorgan amparos a involucrados en caso Ayotzinapa: Denuncia SSPC\",\"datePublished\":\"2024-01-16T23:30:21+00:00\",\"mainEntityOfPage\":{\"@id\":\"https:\\\/\\\/grupohoymexico.com\\\/puebla\\\/2024\\\/01\\\/16\\\/jueces-otorgan-amparos-a-involucrados-en-caso-ayotzinapa-denuncia-sspc\\\/\"},\"wordCount\":395,\"commentCount\":0,\"image\":{\"@id\":\"https:\\\/\\\/grupohoymexico.com\\\/puebla\\\/2024\\\/01\\\/16\\\/jueces-otorgan-amparos-a-involucrados-en-caso-ayotzinapa-denuncia-sspc\\\/#primaryimage\"},\"thumbnailUrl\":\"https:\\\/\\\/grupohoymexico.com\\\/puebla\\\/wp-content\\\/uploads\\\/sites\\\/3\\\/2024\\\/01\\\/1842-GRUPO-HOY.jpg\",\"articleSection\":[\"Nacional\"],\"inLanguage\":\"es\",\"potentialAction\":[{\"@type\":\"CommentAction\",\"name\":\"Comment\",\"target\":[\"https:\\\/\\\/grupohoymexico.com\\\/puebla\\\/2024\\\/01\\\/16\\\/jueces-otorgan-amparos-a-involucrados-en-caso-ayotzinapa-denuncia-sspc\\\/#respond\"]}]},{\"@type\":\"WebPage\",\"@id\":\"https:\\\/\\\/grupohoymexico.com\\\/puebla\\\/2024\\\/01\\\/16\\\/jueces-otorgan-amparos-a-involucrados-en-caso-ayotzinapa-denuncia-sspc\\\/\",\"url\":\"https:\\\/\\\/grupohoymexico.com\\\/puebla\\\/2024\\\/01\\\/16\\\/jueces-otorgan-amparos-a-involucrados-en-caso-ayotzinapa-denuncia-sspc\\\/\",\"name\":\"Jueces otorgan amparos a involucrados en caso Ayotzinapa: Denuncia SSPC - Grupo Hoy Puebla\",\"isPartOf\":{\"@id\":\"https:\\\/\\\/grupohoymexico.com\\\/puebla\\\/#website\"},\"primaryImageOfPage\":{\"@id\":\"https:\\\/\\\/grupohoymexico.com\\\/puebla\\\/2024\\\/01\\\/16\\\/jueces-otorgan-amparos-a-involucrados-en-caso-ayotzinapa-denuncia-sspc\\\/#primaryimage\"},\"image\":{\"@id\":\"https:\\\/\\\/grupohoymexico.com\\\/puebla\\\/2024\\\/01\\\/16\\\/jueces-otorgan-amparos-a-involucrados-en-caso-ayotzinapa-denuncia-sspc\\\/#primaryimage\"},\"thumbnailUrl\":\"https:\\\/\\\/grupohoymexico.com\\\/puebla\\\/wp-content\\\/uploads\\\/sites\\\/3\\\/2024\\\/01\\\/1842-GRUPO-HOY.jpg\",\"datePublished\":\"2024-01-16T23:30:21+00:00\",\"author\":{\"@id\":\"https:\\\/\\\/grupohoymexico.com\\\/puebla\\\/#\\\/schema\\\/person\\\/ce6086ac837852775a3a4f539356c297\"},\"description\":\"La SSPC denunci\u00f3 que jueces habr\u00edan favorecido a presuntos delincuentes y dieron amparos a involucrados en el caso Ayotzinapa.\",\"breadcrumb\":{\"@id\":\"https:\\\/\\\/grupohoymexico.com\\\/puebla\\\/2024\\\/01\\\/16\\\/jueces-otorgan-amparos-a-involucrados-en-caso-ayotzinapa-denuncia-sspc\\\/#breadcrumb\"},\"inLanguage\":\"es\",\"potentialAction\":[{\"@type\":\"ReadAction\",\"target\":[\"https:\\\/\\\/grupohoymexico.com\\\/puebla\\\/2024\\\/01\\\/16\\\/jueces-otorgan-amparos-a-involucrados-en-caso-ayotzinapa-denuncia-sspc\\\/\"]}]},{\"@type\":\"ImageObject\",\"inLanguage\":\"es\",\"@id\":\"https:\\\/\\\/grupohoymexico.com\\\/puebla\\\/2024\\\/01\\\/16\\\/jueces-otorgan-amparos-a-involucrados-en-caso-ayotzinapa-denuncia-sspc\\\/#primaryimage\",\"url\":\"https:\\\/\\\/grupohoymexico.com\\\/puebla\\\/wp-content\\\/uploads\\\/sites\\\/3\\\/2024\\\/01\\\/1842-GRUPO-HOY.jpg\",\"contentUrl\":\"https:\\\/\\\/grupohoymexico.com\\\/puebla\\\/wp-content\\\/uploads\\\/sites\\\/3\\\/2024\\\/01\\\/1842-GRUPO-HOY.jpg\",\"width\":1000,\"height\":600,\"caption\":\"Subsecretario de Seguridad P\u00fablica denuncia que jueces otorgaron amparos a involucrados en caso Ayotzinapa\"},{\"@type\":\"BreadcrumbList\",\"@id\":\"https:\\\/\\\/grupohoymexico.com\\\/puebla\\\/2024\\\/01\\\/16\\\/jueces-otorgan-amparos-a-involucrados-en-caso-ayotzinapa-denuncia-sspc\\\/#breadcrumb\",\"itemListElement\":[{\"@type\":\"ListItem\",\"position\":1,\"name\":\"Inicio\",\"item\":\"https:\\\/\\\/grupohoymexico.com\\\/puebla\\\/\"},{\"@type\":\"ListItem\",\"position\":2,\"name\":\"Jueces otorgan amparos a involucrados en caso Ayotzinapa: Denuncia SSPC\"}]},{\"@type\":\"WebSite\",\"@id\":\"https:\\\/\\\/grupohoymexico.com\\\/puebla\\\/#website\",\"url\":\"https:\\\/\\\/grupohoymexico.com\\\/puebla\\\/\",\"name\":\"Grupo Hoy Puebla\",\"description\":\"\",\"potentialAction\":[{\"@type\":\"SearchAction\",\"target\":{\"@type\":\"EntryPoint\",\"urlTemplate\":\"https:\\\/\\\/grupohoymexico.com\\\/puebla\\\/?s={search_term_string}\"},\"query-input\":{\"@type\":\"PropertyValueSpecification\",\"valueRequired\":true,\"valueName\":\"search_term_string\"}}],\"inLanguage\":\"es\"},{\"@type\":\"Person\",\"@id\":\"https:\\\/\\\/grupohoymexico.com\\\/puebla\\\/#\\\/schema\\\/person\\\/ce6086ac837852775a3a4f539356c297\",\"name\":\"user\",\"image\":{\"@type\":\"ImageObject\",\"inLanguage\":\"es\",\"@id\":\"https:\\\/\\\/secure.gravatar.com\\\/avatar\\\/25f78de4fa956f6f7c01f8d96f8087d8958ebe06d57e630cd54e36aefb9dacea?s=96&d=mm&r=g\",\"url\":\"https:\\\/\\\/secure.gravatar.com\\\/avatar\\\/25f78de4fa956f6f7c01f8d96f8087d8958ebe06d57e630cd54e36aefb9dacea?s=96&d=mm&r=g\",\"contentUrl\":\"https:\\\/\\\/secure.gravatar.com\\\/avatar\\\/25f78de4fa956f6f7c01f8d96f8087d8958ebe06d57e630cd54e36aefb9dacea?s=96&d=mm&r=g\",\"caption\":\"user\"},\"sameAs\":[\"http:\\\/\\\/44.197.188.197.nip.io\"],\"url\":\"https:\\\/\\\/grupohoymexico.com\\\/puebla\\\/author\\\/user\\\/\"}]}<\/script>\n<!-- \/ Yoast SEO Premium plugin. -->","yoast_head_json":{"title":"Jueces otorgan amparos a involucrados en caso Ayotzinapa: Denuncia SSPC - Grupo Hoy Puebla","description":"La SSPC denunci\u00f3 que jueces habr\u00edan favorecido a presuntos delincuentes y dieron amparos a involucrados en el caso Ayotzinapa.","robots":{"index":"index","follow":"follow","max-snippet":"max-snippet:-1","max-image-preview":"max-image-preview:large","max-video-preview":"max-video-preview:-1"},"canonical":"https:\/\/grupohoymexico.com\/puebla\/2024\/01\/16\/jueces-otorgan-amparos-a-involucrados-en-caso-ayotzinapa-denuncia-sspc\/","og_locale":"es_MX","og_type":"article","og_title":"Jueces otorgan amparos a involucrados en caso Ayotzinapa: Denuncia SSPC","og_description":"La SSPC denunci\u00f3 que jueces habr\u00edan favorecido a presuntos delincuentes y dieron amparos a involucrados en el caso Ayotzinapa.","og_url":"https:\/\/grupohoymexico.com\/puebla\/2024\/01\/16\/jueces-otorgan-amparos-a-involucrados-en-caso-ayotzinapa-denuncia-sspc\/","og_site_name":"Grupo Hoy Puebla","article_published_time":"2024-01-16T23:30:21+00:00","og_image":[{"width":1000,"height":600,"url":"https:\/\/grupohoymexico.com\/puebla\/wp-content\/uploads\/sites\/3\/2024\/01\/1842-GRUPO-HOY.jpg","type":"image\/jpeg"}],"author":"user","twitter_card":"summary_large_image","twitter_misc":{"Escrito por":"user","Tiempo de lectura":"2 minutos"},"schema":{"@context":"https:\/\/schema.org","@graph":[{"@type":"Article","@id":"https:\/\/grupohoymexico.com\/puebla\/2024\/01\/16\/jueces-otorgan-amparos-a-involucrados-en-caso-ayotzinapa-denuncia-sspc\/#article","isPartOf":{"@id":"https:\/\/grupohoymexico.com\/puebla\/2024\/01\/16\/jueces-otorgan-amparos-a-involucrados-en-caso-ayotzinapa-denuncia-sspc\/"},"author":{"name":"user","@id":"https:\/\/grupohoymexico.com\/puebla\/#\/schema\/person\/ce6086ac837852775a3a4f539356c297"},"headline":"Jueces otorgan amparos a involucrados en caso Ayotzinapa: Denuncia SSPC","datePublished":"2024-01-16T23:30:21+00:00","mainEntityOfPage":{"@id":"https:\/\/grupohoymexico.com\/puebla\/2024\/01\/16\/jueces-otorgan-amparos-a-involucrados-en-caso-ayotzinapa-denuncia-sspc\/"},"wordCount":395,"commentCount":0,"image":{"@id":"https:\/\/grupohoymexico.com\/puebla\/2024\/01\/16\/jueces-otorgan-amparos-a-involucrados-en-caso-ayotzinapa-denuncia-sspc\/#primaryimage"},"thumbnailUrl":"https:\/\/grupohoymexico.com\/puebla\/wp-content\/uploads\/sites\/3\/2024\/01\/1842-GRUPO-HOY.jpg","articleSection":["Nacional"],"inLanguage":"es","potentialAction":[{"@type":"CommentAction","name":"Comment","target":["https:\/\/grupohoymexico.com\/puebla\/2024\/01\/16\/jueces-otorgan-amparos-a-involucrados-en-caso-ayotzinapa-denuncia-sspc\/#respond"]}]},{"@type":"WebPage","@id":"https:\/\/grupohoymexico.com\/puebla\/2024\/01\/16\/jueces-otorgan-amparos-a-involucrados-en-caso-ayotzinapa-denuncia-sspc\/","url":"https:\/\/grupohoymexico.com\/puebla\/2024\/01\/16\/jueces-otorgan-amparos-a-involucrados-en-caso-ayotzinapa-denuncia-sspc\/","name":"Jueces otorgan amparos a involucrados en caso Ayotzinapa: Denuncia SSPC - Grupo Hoy Puebla","isPartOf":{"@id":"https:\/\/grupohoymexico.com\/puebla\/#website"},"primaryImageOfPage":{"@id":"https:\/\/grupohoymexico.com\/puebla\/2024\/01\/16\/jueces-otorgan-amparos-a-involucrados-en-caso-ayotzinapa-denuncia-sspc\/#primaryimage"},"image":{"@id":"https:\/\/grupohoymexico.com\/puebla\/2024\/01\/16\/jueces-otorgan-amparos-a-involucrados-en-caso-ayotzinapa-denuncia-sspc\/#primaryimage"},"thumbnailUrl":"https:\/\/grupohoymexico.com\/puebla\/wp-content\/uploads\/sites\/3\/2024\/01\/1842-GRUPO-HOY.jpg","datePublished":"2024-01-16T23:30:21+00:00","author":{"@id":"https:\/\/grupohoymexico.com\/puebla\/#\/schema\/person\/ce6086ac837852775a3a4f539356c297"},"description":"La SSPC denunci\u00f3 que jueces habr\u00edan favorecido a presuntos delincuentes y dieron amparos a involucrados en el caso Ayotzinapa.","breadcrumb":{"@id":"https:\/\/grupohoymexico.com\/puebla\/2024\/01\/16\/jueces-otorgan-amparos-a-involucrados-en-caso-ayotzinapa-denuncia-sspc\/#breadcrumb"},"inLanguage":"es","potentialAction":[{"@type":"ReadAction","target":["https:\/\/grupohoymexico.com\/puebla\/2024\/01\/16\/jueces-otorgan-amparos-a-involucrados-en-caso-ayotzinapa-denuncia-sspc\/"]}]},{"@type":"ImageObject","inLanguage":"es","@id":"https:\/\/grupohoymexico.com\/puebla\/2024\/01\/16\/jueces-otorgan-amparos-a-involucrados-en-caso-ayotzinapa-denuncia-sspc\/#primaryimage","url":"https:\/\/grupohoymexico.com\/puebla\/wp-content\/uploads\/sites\/3\/2024\/01\/1842-GRUPO-HOY.jpg","contentUrl":"https:\/\/grupohoymexico.com\/puebla\/wp-content\/uploads\/sites\/3\/2024\/01\/1842-GRUPO-HOY.jpg","width":1000,"height":600,"caption":"Subsecretario de Seguridad P\u00fablica denuncia que jueces otorgaron amparos a involucrados en caso Ayotzinapa"},{"@type":"BreadcrumbList","@id":"https:\/\/grupohoymexico.com\/puebla\/2024\/01\/16\/jueces-otorgan-amparos-a-involucrados-en-caso-ayotzinapa-denuncia-sspc\/#breadcrumb","itemListElement":[{"@type":"ListItem","position":1,"name":"Inicio","item":"https:\/\/grupohoymexico.com\/puebla\/"},{"@type":"ListItem","position":2,"name":"Jueces otorgan amparos a involucrados en caso Ayotzinapa: Denuncia SSPC"}]},{"@type":"WebSite","@id":"https:\/\/grupohoymexico.com\/puebla\/#website","url":"https:\/\/grupohoymexico.com\/puebla\/","name":"Grupo Hoy Puebla","description":"","potentialAction":[{"@type":"SearchAction","target":{"@type":"EntryPoint","urlTemplate":"https:\/\/grupohoymexico.com\/puebla\/?s={search_term_string}"},"query-input":{"@type":"PropertyValueSpecification","valueRequired":true,"valueName":"search_term_string"}}],"inLanguage":"es"},{"@type":"Person","@id":"https:\/\/grupohoymexico.com\/puebla\/#\/schema\/person\/ce6086ac837852775a3a4f539356c297","name":"user","image":{"@type":"ImageObject","inLanguage":"es","@id":"https:\/\/secure.gravatar.com\/avatar\/25f78de4fa956f6f7c01f8d96f8087d8958ebe06d57e630cd54e36aefb9dacea?s=96&d=mm&r=g","url":"https:\/\/secure.gravatar.com\/avatar\/25f78de4fa956f6f7c01f8d96f8087d8958ebe06d57e630cd54e36aefb9dacea?s=96&d=mm&r=g","contentUrl":"https:\/\/secure.gravatar.com\/avatar\/25f78de4fa956f6f7c01f8d96f8087d8958ebe06d57e630cd54e36aefb9dacea?s=96&d=mm&r=g","caption":"user"},"sameAs":["http:\/\/44.197.188.197.nip.io"],"url":"https:\/\/grupohoymexico.com\/puebla\/author\/user\/"}]}},"_links":{"self":[{"href":"https:\/\/grupohoymexico.com\/puebla\/wp-json\/wp\/v2\/posts\/65105","targetHints":{"allow":["GET"]}}],"collection":[{"href":"https:\/\/grupohoymexico.com\/puebla\/wp-json\/wp\/v2\/posts"}],"about":[{"href":"https:\/\/grupohoymexico.com\/puebla\/wp-json\/wp\/v2\/types\/post"}],"author":[{"embeddable":true,"href":"https:\/\/grupohoymexico.com\/puebla\/wp-json\/wp\/v2\/users\/1"}],"replies":[{"embeddable":true,"href":"https:\/\/grupohoymexico.com\/puebla\/wp-json\/wp\/v2\/comments?post=65105"}],"version-history":[{"count":0,"href":"https:\/\/grupohoymexico.com\/puebla\/wp-json\/wp\/v2\/posts\/65105\/revisions"}],"wp:featuredmedia":[{"embeddable":true,"href":"https:\/\/grupohoymexico.com\/puebla\/wp-json\/wp\/v2\/media\/65106"}],"wp:attachment":[{"href":"https:\/\/grupohoymexico.com\/puebla\/wp-json\/wp\/v2\/media?parent=65105"}],"wp:term":[{"taxonomy":"category","embeddable":true,"href":"https:\/\/grupohoymexico.com\/puebla\/wp-json\/wp\/v2\/categories?post=65105"},{"taxonomy":"post_tag","embeddable":true,"href":"https:\/\/grupohoymexico.com\/puebla\/wp-json\/wp\/v2\/tags?post=65105"}],"curies":[{"name":"wp","href":"https:\/\/api.w.org\/{rel}","templated":true}]}}