{"id":65090,"date":"2024-01-16T12:45:09","date_gmt":"2024-01-16T18:45:09","guid":{"rendered":"https:\/\/pueblahoy.com.mx\/?p=65090"},"modified":"2024-01-16T12:45:09","modified_gmt":"2024-01-16T18:45:09","slug":"puebla-presenta-invest-in-puebla-nuevo-impulso-a-la-inversion-y-desarrollo-economico","status":"publish","type":"post","link":"https:\/\/grupohoymexico.com\/puebla\/2024\/01\/16\/puebla-presenta-invest-in-puebla-nuevo-impulso-a-la-inversion-y-desarrollo-economico\/","title":{"rendered":"Puebla presenta &#8220;Invest In Puebla&#8221;: Nuevo impulso a la inversi\u00f3n y desarrollo econ\u00f3mico"},"content":{"rendered":"<p>Con el objetivo de fortalecer y promover la inversi\u00f3n extranjera en el estado, el Gobierno de <a href=\"https:\/\/pueblahoy.com.mx\/\">Puebla<\/a> present\u00f3 oficialmente &#8220;Invest In Puebla&#8221;, una nueva marca que se convertir\u00e1 en el estandarte para atraer inversiones y consolidar el desarrollo econ\u00f3mico de la regi\u00f3n. La presentaci\u00f3n tuvo lugar durante la inauguraci\u00f3n del Consejo Consultivo para la Inversi\u00f3n en el Estado de Puebla.<\/p>\n<p><img fetchpriority=\"high\" decoding=\"async\" class=\"alignnone\" src=\"https:\/\/pbs.twimg.com\/media\/GD-Y1YnbsAA3Ubi?format=jpg&amp;name=large\" alt=\"\" width=\"969\" height=\"647\" \/><\/p>\n<p>Este Consejo Consultivo, que contar\u00e1 con m\u00e1s de 20 destacados miembros de los sectores empresarial, acad\u00e9mico y de la sociedad civil, asumir\u00e1 roles clave en la planificaci\u00f3n y ejecuci\u00f3n de estrategias para impulsar el crecimiento econ\u00f3mico en Puebla. Entre los vicecoordinadores se encuentran Pablo Nu\u00f1o de la Parra, M\u00f3nica Doger, Ana Laura Ludlow, Denise Costes, Alberto Ram\u00edrez, Gustavo Vargas Constantini, Ang\u00e9lica Galindo, Arturo Tau Balderas, Sergio Zugasti, Francisco \u00c1lvarez Laso, Cristina Carre\u00f3n, Jes\u00fas Rasc\u00f3n, Carlos Couttolenc, H\u00e9ctor S\u00e1nchez Morales, Agust\u00edn Garc\u00eda Rechy, Marco Foitzik, Fernando Sep\u00falveda, Jos\u00e9 Barrera, Gerardo Traslosheros, Alvaro Ruiz, Sergio Ley, Ricardo Weder, Rodrigo Rojas, Beatriz Camacho, y Claudia Esteves; mientras que Alejandra Montiel fungir\u00e1 como secretaria t\u00e9cnica.<\/p>\n<p><img decoding=\"async\" class=\"alignnone\" src=\"https:\/\/i0.wp.com\/interaccionmx.com\/wp-content\/uploads\/2024\/01\/1a-GOB-SS-CP-021-2024-INVEST-IN-PUEBLA-150124-scaled.jpg?fit=2560%2C1703&amp;ssl=1\" alt=\"\" width=\"980\" height=\"652\" \/><\/p>\n<p>Este \u00f3rgano, liderado por el Secretario de Econom\u00eda, Ermilo Barrera, y con el Gobernador Sergio Salom\u00f3n C\u00e9spedes como presidente honorario, desempe\u00f1ar\u00e1 un papel fundamental en la sugerencia de programas y proyectos para el desarrollo econ\u00f3mico del estado, as\u00ed como en la funci\u00f3n consultiva y anal\u00edtica para el gobierno estatal.<\/p>\n<h4>HERRAMIENTA QUE PROYECTAR\u00c1 A PUEBLA A NIVEL INTERNACIONAL<\/h4>\n<p>La marca &#8220;Invest In Puebla&#8221; tambi\u00e9n se presenta como una herramienta estrat\u00e9gica para proyectar al estado a nivel internacional como un destino atractivo para la inversi\u00f3n extranjera. Durante la presentaci\u00f3n, se enfatiz\u00f3 la rica historia de Puebla como un lugar que ha atra\u00eddo inversiones de diversas industrias, destac\u00e1ndose en sectores clave como la automotriz y textil.<\/p>\n<p>El Gobernador Sergio Salom\u00f3n C\u00e9spedes expres\u00f3 su entusiasmo por la instalaci\u00f3n del Consejo Consultivo y subray\u00f3 que Puebla se consolida como el mejor destino para la inversi\u00f3n, demostrando la disposici\u00f3n del estado para conectarse con el mundo y abrir sus puertas a oportunidades internacionales.<\/p>\n<blockquote><p><em><strong>&#8220;Se dice cosa menor, pero es como estamos preparados para salir al mundo y abrir nuestras puertas y poderles decir que sin duda Puebla es el mejor estado para invertir&#8221;<\/strong><\/em>, afirm\u00f3 el Gobernador.<\/p><\/blockquote>\n<p>El evento marca un paso significativo hacia adelante en el impulso de Puebla como un motor econ\u00f3mico, y se espera que el Consejo Consultivo y la marca &#8220;Invest In Puebla&#8221; desempe\u00f1en un papel clave en la atracci\u00f3n de inversiones que generen desarrollo y prosperidad para la regi\u00f3n.<\/p>\n","protected":false},"excerpt":{"rendered":"Con el objetivo de fortalecer y promover la inversi\u00f3n extranjera en el estado, el Gobierno de Puebla present\u00f3&hellip;","protected":false},"author":1,"featured_media":65091,"comment_status":"open","ping_status":"closed","sticky":false,"template":"","format":"standard","meta":{"csco_display_header_overlay":false,"csco_singular_sidebar":"","csco_page_header_type":"","csco_page_load_nextpost":"","csco_post_video_location":[],"csco_post_video_location_hash":"","csco_post_video_url":"","csco_post_video_bg_start_time":0,"csco_post_video_bg_end_time":0,"footnotes":""},"categories":[34],"tags":[],"class_list":{"0":"post-65090","1":"post","2":"type-post","3":"status-publish","4":"format-standard","5":"has-post-thumbnail","7":"category-finanzas","8":"cs-entry","9":"cs-video-wrap"},"yoast_head":"<!-- This site is optimized with the Yoast SEO Premium plugin v24.7 (Yoast SEO v27.4) - https:\/\/yoast.com\/product\/yoast-seo-premium-wordpress\/ -->\n<title>Puebla presenta &quot;Invest In Puebla&quot;: Nuevo impulso a la inversi\u00f3n y desarrollo econ\u00f3mico - Grupo Hoy Puebla<\/title>\n<meta name=\"description\" content=\"El Gobierno de Puebla present\u00f3 el &quot;Invest In Puebla&quot;, marca que buscar\u00e1 atraer inversiones y consolidar el desarrollo econ\u00f3mico.\" \/>\n<meta name=\"robots\" content=\"index, follow, max-snippet:-1, max-image-preview:large, max-video-preview:-1\" \/>\n<link rel=\"canonical\" href=\"https:\/\/grupohoymexico.com\/puebla\/2024\/01\/16\/puebla-presenta-invest-in-puebla-nuevo-impulso-a-la-inversion-y-desarrollo-economico\/\" \/>\n<meta property=\"og:locale\" content=\"es_MX\" \/>\n<meta property=\"og:type\" content=\"article\" \/>\n<meta property=\"og:title\" content=\"Puebla presenta &quot;Invest In Puebla&quot;: Nuevo impulso a la inversi\u00f3n y desarrollo econ\u00f3mico\" \/>\n<meta property=\"og:description\" content=\"El Gobierno de Puebla present\u00f3 el &quot;Invest In Puebla&quot;, marca que buscar\u00e1 atraer inversiones y consolidar el desarrollo econ\u00f3mico.\" \/>\n<meta property=\"og:url\" content=\"https:\/\/grupohoymexico.com\/puebla\/2024\/01\/16\/puebla-presenta-invest-in-puebla-nuevo-impulso-a-la-inversion-y-desarrollo-economico\/\" \/>\n<meta property=\"og:site_name\" content=\"Grupo Hoy Puebla\" \/>\n<meta property=\"article:published_time\" content=\"2024-01-16T18:45:09+00:00\" \/>\n<meta property=\"og:image\" content=\"https:\/\/grupohoymexico.com\/puebla\/wp-content\/uploads\/sites\/3\/2024\/01\/1837-PUEBLA.jpg\" \/>\n\t<meta property=\"og:image:width\" content=\"1000\" \/>\n\t<meta property=\"og:image:height\" content=\"600\" \/>\n\t<meta property=\"og:image:type\" content=\"image\/jpeg\" \/>\n<meta name=\"author\" content=\"user\" \/>\n<meta name=\"twitter:card\" content=\"summary_large_image\" \/>\n<meta name=\"twitter:label1\" content=\"Escrito por\" \/>\n\t<meta name=\"twitter:data1\" content=\"user\" \/>\n\t<meta name=\"twitter:label2\" content=\"Tiempo de lectura\" \/>\n\t<meta name=\"twitter:data2\" content=\"3 minutos\" \/>\n<script type=\"application\/ld+json\" class=\"yoast-schema-graph\">{\"@context\":\"https:\\\/\\\/schema.org\",\"@graph\":[{\"@type\":\"Article\",\"@id\":\"https:\\\/\\\/grupohoymexico.com\\\/puebla\\\/2024\\\/01\\\/16\\\/puebla-presenta-invest-in-puebla-nuevo-impulso-a-la-inversion-y-desarrollo-economico\\\/#article\",\"isPartOf\":{\"@id\":\"https:\\\/\\\/grupohoymexico.com\\\/puebla\\\/2024\\\/01\\\/16\\\/puebla-presenta-invest-in-puebla-nuevo-impulso-a-la-inversion-y-desarrollo-economico\\\/\"},\"author\":{\"name\":\"user\",\"@id\":\"https:\\\/\\\/grupohoymexico.com\\\/puebla\\\/#\\\/schema\\\/person\\\/ce6086ac837852775a3a4f539356c297\"},\"headline\":\"Puebla presenta &#8220;Invest In Puebla&#8221;: Nuevo impulso a la inversi\u00f3n y desarrollo econ\u00f3mico\",\"datePublished\":\"2024-01-16T18:45:09+00:00\",\"mainEntityOfPage\":{\"@id\":\"https:\\\/\\\/grupohoymexico.com\\\/puebla\\\/2024\\\/01\\\/16\\\/puebla-presenta-invest-in-puebla-nuevo-impulso-a-la-inversion-y-desarrollo-economico\\\/\"},\"wordCount\":468,\"commentCount\":0,\"image\":{\"@id\":\"https:\\\/\\\/grupohoymexico.com\\\/puebla\\\/2024\\\/01\\\/16\\\/puebla-presenta-invest-in-puebla-nuevo-impulso-a-la-inversion-y-desarrollo-economico\\\/#primaryimage\"},\"thumbnailUrl\":\"https:\\\/\\\/grupohoymexico.com\\\/puebla\\\/wp-content\\\/uploads\\\/sites\\\/3\\\/2024\\\/01\\\/1837-PUEBLA.jpg\",\"articleSection\":[\"Finanzas\"],\"inLanguage\":\"es\",\"potentialAction\":[{\"@type\":\"CommentAction\",\"name\":\"Comment\",\"target\":[\"https:\\\/\\\/grupohoymexico.com\\\/puebla\\\/2024\\\/01\\\/16\\\/puebla-presenta-invest-in-puebla-nuevo-impulso-a-la-inversion-y-desarrollo-economico\\\/#respond\"]}]},{\"@type\":\"WebPage\",\"@id\":\"https:\\\/\\\/grupohoymexico.com\\\/puebla\\\/2024\\\/01\\\/16\\\/puebla-presenta-invest-in-puebla-nuevo-impulso-a-la-inversion-y-desarrollo-economico\\\/\",\"url\":\"https:\\\/\\\/grupohoymexico.com\\\/puebla\\\/2024\\\/01\\\/16\\\/puebla-presenta-invest-in-puebla-nuevo-impulso-a-la-inversion-y-desarrollo-economico\\\/\",\"name\":\"Puebla presenta \\\"Invest In Puebla\\\": Nuevo impulso a la inversi\u00f3n y desarrollo econ\u00f3mico - Grupo Hoy Puebla\",\"isPartOf\":{\"@id\":\"https:\\\/\\\/grupohoymexico.com\\\/puebla\\\/#website\"},\"primaryImageOfPage\":{\"@id\":\"https:\\\/\\\/grupohoymexico.com\\\/puebla\\\/2024\\\/01\\\/16\\\/puebla-presenta-invest-in-puebla-nuevo-impulso-a-la-inversion-y-desarrollo-economico\\\/#primaryimage\"},\"image\":{\"@id\":\"https:\\\/\\\/grupohoymexico.com\\\/puebla\\\/2024\\\/01\\\/16\\\/puebla-presenta-invest-in-puebla-nuevo-impulso-a-la-inversion-y-desarrollo-economico\\\/#primaryimage\"},\"thumbnailUrl\":\"https:\\\/\\\/grupohoymexico.com\\\/puebla\\\/wp-content\\\/uploads\\\/sites\\\/3\\\/2024\\\/01\\\/1837-PUEBLA.jpg\",\"datePublished\":\"2024-01-16T18:45:09+00:00\",\"author\":{\"@id\":\"https:\\\/\\\/grupohoymexico.com\\\/puebla\\\/#\\\/schema\\\/person\\\/ce6086ac837852775a3a4f539356c297\"},\"description\":\"El Gobierno de Puebla present\u00f3 el \\\"Invest In Puebla\\\", marca que buscar\u00e1 atraer inversiones y consolidar el desarrollo econ\u00f3mico.\",\"breadcrumb\":{\"@id\":\"https:\\\/\\\/grupohoymexico.com\\\/puebla\\\/2024\\\/01\\\/16\\\/puebla-presenta-invest-in-puebla-nuevo-impulso-a-la-inversion-y-desarrollo-economico\\\/#breadcrumb\"},\"inLanguage\":\"es\",\"potentialAction\":[{\"@type\":\"ReadAction\",\"target\":[\"https:\\\/\\\/grupohoymexico.com\\\/puebla\\\/2024\\\/01\\\/16\\\/puebla-presenta-invest-in-puebla-nuevo-impulso-a-la-inversion-y-desarrollo-economico\\\/\"]}]},{\"@type\":\"ImageObject\",\"inLanguage\":\"es\",\"@id\":\"https:\\\/\\\/grupohoymexico.com\\\/puebla\\\/2024\\\/01\\\/16\\\/puebla-presenta-invest-in-puebla-nuevo-impulso-a-la-inversion-y-desarrollo-economico\\\/#primaryimage\",\"url\":\"https:\\\/\\\/grupohoymexico.com\\\/puebla\\\/wp-content\\\/uploads\\\/sites\\\/3\\\/2024\\\/01\\\/1837-PUEBLA.jpg\",\"contentUrl\":\"https:\\\/\\\/grupohoymexico.com\\\/puebla\\\/wp-content\\\/uploads\\\/sites\\\/3\\\/2024\\\/01\\\/1837-PUEBLA.jpg\",\"width\":1000,\"height\":600,\"caption\":\"Puebla presenta \\\"Invest In Puebla\\\": Nuevo impulso a la inversi\u00f3n y desarrollo econ\u00f3mico\"},{\"@type\":\"BreadcrumbList\",\"@id\":\"https:\\\/\\\/grupohoymexico.com\\\/puebla\\\/2024\\\/01\\\/16\\\/puebla-presenta-invest-in-puebla-nuevo-impulso-a-la-inversion-y-desarrollo-economico\\\/#breadcrumb\",\"itemListElement\":[{\"@type\":\"ListItem\",\"position\":1,\"name\":\"Inicio\",\"item\":\"https:\\\/\\\/grupohoymexico.com\\\/puebla\\\/\"},{\"@type\":\"ListItem\",\"position\":2,\"name\":\"Puebla presenta &#8220;Invest In Puebla&#8221;: Nuevo impulso a la inversi\u00f3n y desarrollo econ\u00f3mico\"}]},{\"@type\":\"WebSite\",\"@id\":\"https:\\\/\\\/grupohoymexico.com\\\/puebla\\\/#website\",\"url\":\"https:\\\/\\\/grupohoymexico.com\\\/puebla\\\/\",\"name\":\"Grupo Hoy Puebla\",\"description\":\"\",\"potentialAction\":[{\"@type\":\"SearchAction\",\"target\":{\"@type\":\"EntryPoint\",\"urlTemplate\":\"https:\\\/\\\/grupohoymexico.com\\\/puebla\\\/?s={search_term_string}\"},\"query-input\":{\"@type\":\"PropertyValueSpecification\",\"valueRequired\":true,\"valueName\":\"search_term_string\"}}],\"inLanguage\":\"es\"},{\"@type\":\"Person\",\"@id\":\"https:\\\/\\\/grupohoymexico.com\\\/puebla\\\/#\\\/schema\\\/person\\\/ce6086ac837852775a3a4f539356c297\",\"name\":\"user\",\"image\":{\"@type\":\"ImageObject\",\"inLanguage\":\"es\",\"@id\":\"https:\\\/\\\/secure.gravatar.com\\\/avatar\\\/25f78de4fa956f6f7c01f8d96f8087d8958ebe06d57e630cd54e36aefb9dacea?s=96&d=mm&r=g\",\"url\":\"https:\\\/\\\/secure.gravatar.com\\\/avatar\\\/25f78de4fa956f6f7c01f8d96f8087d8958ebe06d57e630cd54e36aefb9dacea?s=96&d=mm&r=g\",\"contentUrl\":\"https:\\\/\\\/secure.gravatar.com\\\/avatar\\\/25f78de4fa956f6f7c01f8d96f8087d8958ebe06d57e630cd54e36aefb9dacea?s=96&d=mm&r=g\",\"caption\":\"user\"},\"sameAs\":[\"http:\\\/\\\/44.197.188.197.nip.io\"],\"url\":\"https:\\\/\\\/grupohoymexico.com\\\/puebla\\\/author\\\/user\\\/\"}]}<\/script>\n<!-- \/ Yoast SEO Premium plugin. -->","yoast_head_json":{"title":"Puebla presenta \"Invest In Puebla\": Nuevo impulso a la inversi\u00f3n y desarrollo econ\u00f3mico - Grupo Hoy Puebla","description":"El Gobierno de Puebla present\u00f3 el \"Invest In Puebla\", marca que buscar\u00e1 atraer inversiones y consolidar el desarrollo econ\u00f3mico.","robots":{"index":"index","follow":"follow","max-snippet":"max-snippet:-1","max-image-preview":"max-image-preview:large","max-video-preview":"max-video-preview:-1"},"canonical":"https:\/\/grupohoymexico.com\/puebla\/2024\/01\/16\/puebla-presenta-invest-in-puebla-nuevo-impulso-a-la-inversion-y-desarrollo-economico\/","og_locale":"es_MX","og_type":"article","og_title":"Puebla presenta \"Invest In Puebla\": Nuevo impulso a la inversi\u00f3n y desarrollo econ\u00f3mico","og_description":"El Gobierno de Puebla present\u00f3 el \"Invest In Puebla\", marca que buscar\u00e1 atraer inversiones y consolidar el desarrollo econ\u00f3mico.","og_url":"https:\/\/grupohoymexico.com\/puebla\/2024\/01\/16\/puebla-presenta-invest-in-puebla-nuevo-impulso-a-la-inversion-y-desarrollo-economico\/","og_site_name":"Grupo Hoy Puebla","article_published_time":"2024-01-16T18:45:09+00:00","og_image":[{"width":1000,"height":600,"url":"https:\/\/grupohoymexico.com\/puebla\/wp-content\/uploads\/sites\/3\/2024\/01\/1837-PUEBLA.jpg","type":"image\/jpeg"}],"author":"user","twitter_card":"summary_large_image","twitter_misc":{"Escrito por":"user","Tiempo de lectura":"3 minutos"},"schema":{"@context":"https:\/\/schema.org","@graph":[{"@type":"Article","@id":"https:\/\/grupohoymexico.com\/puebla\/2024\/01\/16\/puebla-presenta-invest-in-puebla-nuevo-impulso-a-la-inversion-y-desarrollo-economico\/#article","isPartOf":{"@id":"https:\/\/grupohoymexico.com\/puebla\/2024\/01\/16\/puebla-presenta-invest-in-puebla-nuevo-impulso-a-la-inversion-y-desarrollo-economico\/"},"author":{"name":"user","@id":"https:\/\/grupohoymexico.com\/puebla\/#\/schema\/person\/ce6086ac837852775a3a4f539356c297"},"headline":"Puebla presenta &#8220;Invest In Puebla&#8221;: Nuevo impulso a la inversi\u00f3n y desarrollo econ\u00f3mico","datePublished":"2024-01-16T18:45:09+00:00","mainEntityOfPage":{"@id":"https:\/\/grupohoymexico.com\/puebla\/2024\/01\/16\/puebla-presenta-invest-in-puebla-nuevo-impulso-a-la-inversion-y-desarrollo-economico\/"},"wordCount":468,"commentCount":0,"image":{"@id":"https:\/\/grupohoymexico.com\/puebla\/2024\/01\/16\/puebla-presenta-invest-in-puebla-nuevo-impulso-a-la-inversion-y-desarrollo-economico\/#primaryimage"},"thumbnailUrl":"https:\/\/grupohoymexico.com\/puebla\/wp-content\/uploads\/sites\/3\/2024\/01\/1837-PUEBLA.jpg","articleSection":["Finanzas"],"inLanguage":"es","potentialAction":[{"@type":"CommentAction","name":"Comment","target":["https:\/\/grupohoymexico.com\/puebla\/2024\/01\/16\/puebla-presenta-invest-in-puebla-nuevo-impulso-a-la-inversion-y-desarrollo-economico\/#respond"]}]},{"@type":"WebPage","@id":"https:\/\/grupohoymexico.com\/puebla\/2024\/01\/16\/puebla-presenta-invest-in-puebla-nuevo-impulso-a-la-inversion-y-desarrollo-economico\/","url":"https:\/\/grupohoymexico.com\/puebla\/2024\/01\/16\/puebla-presenta-invest-in-puebla-nuevo-impulso-a-la-inversion-y-desarrollo-economico\/","name":"Puebla presenta \"Invest In Puebla\": Nuevo impulso a la inversi\u00f3n y desarrollo econ\u00f3mico - Grupo Hoy Puebla","isPartOf":{"@id":"https:\/\/grupohoymexico.com\/puebla\/#website"},"primaryImageOfPage":{"@id":"https:\/\/grupohoymexico.com\/puebla\/2024\/01\/16\/puebla-presenta-invest-in-puebla-nuevo-impulso-a-la-inversion-y-desarrollo-economico\/#primaryimage"},"image":{"@id":"https:\/\/grupohoymexico.com\/puebla\/2024\/01\/16\/puebla-presenta-invest-in-puebla-nuevo-impulso-a-la-inversion-y-desarrollo-economico\/#primaryimage"},"thumbnailUrl":"https:\/\/grupohoymexico.com\/puebla\/wp-content\/uploads\/sites\/3\/2024\/01\/1837-PUEBLA.jpg","datePublished":"2024-01-16T18:45:09+00:00","author":{"@id":"https:\/\/grupohoymexico.com\/puebla\/#\/schema\/person\/ce6086ac837852775a3a4f539356c297"},"description":"El Gobierno de Puebla present\u00f3 el \"Invest In Puebla\", marca que buscar\u00e1 atraer inversiones y consolidar el desarrollo econ\u00f3mico.","breadcrumb":{"@id":"https:\/\/grupohoymexico.com\/puebla\/2024\/01\/16\/puebla-presenta-invest-in-puebla-nuevo-impulso-a-la-inversion-y-desarrollo-economico\/#breadcrumb"},"inLanguage":"es","potentialAction":[{"@type":"ReadAction","target":["https:\/\/grupohoymexico.com\/puebla\/2024\/01\/16\/puebla-presenta-invest-in-puebla-nuevo-impulso-a-la-inversion-y-desarrollo-economico\/"]}]},{"@type":"ImageObject","inLanguage":"es","@id":"https:\/\/grupohoymexico.com\/puebla\/2024\/01\/16\/puebla-presenta-invest-in-puebla-nuevo-impulso-a-la-inversion-y-desarrollo-economico\/#primaryimage","url":"https:\/\/grupohoymexico.com\/puebla\/wp-content\/uploads\/sites\/3\/2024\/01\/1837-PUEBLA.jpg","contentUrl":"https:\/\/grupohoymexico.com\/puebla\/wp-content\/uploads\/sites\/3\/2024\/01\/1837-PUEBLA.jpg","width":1000,"height":600,"caption":"Puebla presenta \"Invest In Puebla\": Nuevo impulso a la inversi\u00f3n y desarrollo econ\u00f3mico"},{"@type":"BreadcrumbList","@id":"https:\/\/grupohoymexico.com\/puebla\/2024\/01\/16\/puebla-presenta-invest-in-puebla-nuevo-impulso-a-la-inversion-y-desarrollo-economico\/#breadcrumb","itemListElement":[{"@type":"ListItem","position":1,"name":"Inicio","item":"https:\/\/grupohoymexico.com\/puebla\/"},{"@type":"ListItem","position":2,"name":"Puebla presenta &#8220;Invest In Puebla&#8221;: Nuevo impulso a la inversi\u00f3n y desarrollo econ\u00f3mico"}]},{"@type":"WebSite","@id":"https:\/\/grupohoymexico.com\/puebla\/#website","url":"https:\/\/grupohoymexico.com\/puebla\/","name":"Grupo Hoy Puebla","description":"","potentialAction":[{"@type":"SearchAction","target":{"@type":"EntryPoint","urlTemplate":"https:\/\/grupohoymexico.com\/puebla\/?s={search_term_string}"},"query-input":{"@type":"PropertyValueSpecification","valueRequired":true,"valueName":"search_term_string"}}],"inLanguage":"es"},{"@type":"Person","@id":"https:\/\/grupohoymexico.com\/puebla\/#\/schema\/person\/ce6086ac837852775a3a4f539356c297","name":"user","image":{"@type":"ImageObject","inLanguage":"es","@id":"https:\/\/secure.gravatar.com\/avatar\/25f78de4fa956f6f7c01f8d96f8087d8958ebe06d57e630cd54e36aefb9dacea?s=96&d=mm&r=g","url":"https:\/\/secure.gravatar.com\/avatar\/25f78de4fa956f6f7c01f8d96f8087d8958ebe06d57e630cd54e36aefb9dacea?s=96&d=mm&r=g","contentUrl":"https:\/\/secure.gravatar.com\/avatar\/25f78de4fa956f6f7c01f8d96f8087d8958ebe06d57e630cd54e36aefb9dacea?s=96&d=mm&r=g","caption":"user"},"sameAs":["http:\/\/44.197.188.197.nip.io"],"url":"https:\/\/grupohoymexico.com\/puebla\/author\/user\/"}]}},"_links":{"self":[{"href":"https:\/\/grupohoymexico.com\/puebla\/wp-json\/wp\/v2\/posts\/65090","targetHints":{"allow":["GET"]}}],"collection":[{"href":"https:\/\/grupohoymexico.com\/puebla\/wp-json\/wp\/v2\/posts"}],"about":[{"href":"https:\/\/grupohoymexico.com\/puebla\/wp-json\/wp\/v2\/types\/post"}],"author":[{"embeddable":true,"href":"https:\/\/grupohoymexico.com\/puebla\/wp-json\/wp\/v2\/users\/1"}],"replies":[{"embeddable":true,"href":"https:\/\/grupohoymexico.com\/puebla\/wp-json\/wp\/v2\/comments?post=65090"}],"version-history":[{"count":0,"href":"https:\/\/grupohoymexico.com\/puebla\/wp-json\/wp\/v2\/posts\/65090\/revisions"}],"wp:featuredmedia":[{"embeddable":true,"href":"https:\/\/grupohoymexico.com\/puebla\/wp-json\/wp\/v2\/media\/65091"}],"wp:attachment":[{"href":"https:\/\/grupohoymexico.com\/puebla\/wp-json\/wp\/v2\/media?parent=65090"}],"wp:term":[{"taxonomy":"category","embeddable":true,"href":"https:\/\/grupohoymexico.com\/puebla\/wp-json\/wp\/v2\/categories?post=65090"},{"taxonomy":"post_tag","embeddable":true,"href":"https:\/\/grupohoymexico.com\/puebla\/wp-json\/wp\/v2\/tags?post=65090"}],"curies":[{"name":"wp","href":"https:\/\/api.w.org\/{rel}","templated":true}]}}