{"id":65084,"date":"2024-01-16T10:24:42","date_gmt":"2024-01-16T16:24:42","guid":{"rendered":"https:\/\/pueblahoy.com.mx\/?p=65084"},"modified":"2024-01-16T10:24:42","modified_gmt":"2024-01-16T16:24:42","slug":"amlo-niega-desabasto-de-medicamentos-en-megafarmacia","status":"publish","type":"post","link":"https:\/\/grupohoymexico.com\/puebla\/2024\/01\/16\/amlo-niega-desabasto-de-medicamentos-en-megafarmacia\/","title":{"rendered":"AMLO niega desabasto de medicamentos en Megafarmacia"},"content":{"rendered":"<p>En la conferencia matutina de este d\u00eda en el Palacio Nacional, el presidente de M\u00e9xico, Andr\u00e9s Manuel L\u00f3pez Obrador (AMLO), abord\u00f3 los cuestionamientos de la prensa respecto a un supuesto desabasto de medicamentos en la Megafarmacia del Gobierno Federal, ubicada en Huehuetoca, Estado de M\u00e9xico. Adem\u00e1s, a pesar de la presentaci\u00f3n de un testimonio en audio de una persona que solicit\u00f3 un medicamento v\u00eda telef\u00f3nica y recibi\u00f3 una respuesta negativa por falta de existencia, el mandatario neg\u00f3 rotundamente la escasez de f\u00e1rmacos en dicha instituci\u00f3n.<\/p>\n<p><img fetchpriority=\"high\" decoding=\"async\" class=\"alignnone\" src=\"https:\/\/www.capital21.cdmx.gob.mx\/noticias\/wp-content\/uploads\/2020\/11\/amlo-politica-min.jpeg\" alt=\"\" width=\"1024\" height=\"680\" \/><\/p>\n<p style=\"text-align: center\"><span style=\"color: #ff0000\"><em><strong>&#8220;S\u00ed, niego, niego. O sea, est\u00e1n trabajando el director del Seguro Social; el secretario de Salud; el doctor (Alejandro Calder\u00f3n) Alipi, que es el de abasto para el IMSS-Bienestar; y el general Lohmann, que es el encargado de la farmacia y de Birmex, que es la encargada de distribuir los medicamentos, la distribuidora de medicamentos, est\u00e1n trabajando juntos para no darle motivos a ustedes y cumplir nuestra responsabilidad con la gente, estamos metidos, ya sabemos, son temporadas de asedio a nosotros porque estamos llevando a cabo una transformaci\u00f3n\u201d<\/strong><\/em><\/span>, afirm\u00f3 L\u00f3pez Obrador.<\/p>\n<div style=\"width: 1200px;\" class=\"wp-video\"><!--[if lt IE 9]><script>document.createElement('video');<\/script><![endif]-->\n<video class=\"wp-video-shortcode\" id=\"video-65084-1\" width=\"1200\" height=\"675\" preload=\"metadata\" controls=\"controls\"><source type=\"video\/mp4\" src=\"https:\/\/www.mexicohoy.mx\/wp-content\/uploads\/2024\/01\/ssstwitter.com_1705421139060.mp4?_=1\" \/><a href=\"https:\/\/www.mexicohoy.mx\/wp-content\/uploads\/2024\/01\/ssstwitter.com_1705421139060.mp4\">https:\/\/www.mexicohoy.mx\/wp-content\/uploads\/2024\/01\/ssstwitter.com_1705421139060.mp4<\/a><\/video><\/div>\n<p style=\"text-align: center\">Sin embargo, la presentaci\u00f3n de la grabaci\u00f3n de una persona que no logr\u00f3 obtener el medicamento requerido, el presidente indic\u00f3 que la mayor\u00eda de las llamadas que ha recibido la Megafarmacia son falsas. <em><strong><span style=\"color: #ff0000\">\u201c\u00bfC\u00f3mo estamos en llamadas? El mayor n\u00famero de llamadas no era para medicinas, era para saber \u2018oiga, me puede dar esta medicina\u2019. \u2018S\u00ed, c\u00f3mo no, a ver, tiene su farmacia, d\u00f3nde est\u00e1\u2019. Y colgaban, un porcentaje importante. Ma\u00f1ana, digo el viernes, voy a pedir que traigan la estad\u00edstica\u201d<\/span><\/strong><\/em>, mencion\u00f3 AMLO.<\/p>\n<h4>HAN PASADO SOLO 19 D\u00cdAS DESDE SU INAUGURACI\u00d3N<\/h4>\n<p>La Megafarmacia del Gobierno Federal fue inaugurada el pasado 29 de diciembre con el objetivo de centralizar la distribuci\u00f3n de medicamentos y mejorar la atenci\u00f3n a los beneficiarios del Instituto Mexicano del Seguro Social (IMSS) y del programa IMSS-Bienestar. A pesar de las declaraciones del presidente, persisten las dudas sobre la eficiencia y disponibilidad de medicamentos en esta instalaci\u00f3n.<\/p>\n<p><img decoding=\"async\" class=\"alignnone\" src=\"https:\/\/www.eluniversal.com.mx\/resizer\/5WAmHEV0CREYsC90HUG1hGwloBQ=\/1100x666\/cloudfront-us-east-1.images.arcpublishing.com\/eluniversal\/NYMUM6KV2ZHTVOHLFKKM7DZBXU.jpg\" alt=\"\" width=\"1100\" height=\"666\" \/><\/p>\n<p>Asimismo, el mandatario destac\u00f3 la colaboraci\u00f3n entre diversas instancias gubernamentales para asegurar el abasto de medicamentos en todo el pa\u00eds y reiter\u00f3 su compromiso con la transformaci\u00f3n del sistema de salud en M\u00e9xico.<\/p>\n","protected":false},"excerpt":{"rendered":"En la conferencia matutina de este d\u00eda en el Palacio Nacional, el presidente de M\u00e9xico, Andr\u00e9s Manuel L\u00f3pez&hellip;","protected":false},"author":1,"featured_media":65085,"comment_status":"open","ping_status":"closed","sticky":false,"template":"","format":"standard","meta":{"csco_display_header_overlay":false,"csco_singular_sidebar":"","csco_page_header_type":"","csco_page_load_nextpost":"","csco_post_video_location":[],"csco_post_video_location_hash":"","csco_post_video_url":"","csco_post_video_bg_start_time":0,"csco_post_video_bg_end_time":0,"footnotes":""},"categories":[28],"tags":[],"class_list":{"0":"post-65084","1":"post","2":"type-post","3":"status-publish","4":"format-standard","5":"has-post-thumbnail","7":"category-nacional","8":"cs-entry","9":"cs-video-wrap"},"yoast_head":"<!-- This site is optimized with the Yoast SEO Premium plugin v24.7 (Yoast SEO v27.4) - https:\/\/yoast.com\/product\/yoast-seo-premium-wordpress\/ -->\n<title>AMLO niega desabasto de medicamentos en Megafarmacia - Grupo Hoy Puebla<\/title>\n<meta name=\"description\" content=\"AMLO abord\u00f3 los cuestionamientos sobre el supuesto desabasto de medicamentos en la Megafarmacia y neg\u00f3 rotundamente la escasez de f\u00e1rmacos.\" \/>\n<meta name=\"robots\" content=\"index, follow, max-snippet:-1, max-image-preview:large, max-video-preview:-1\" \/>\n<link rel=\"canonical\" href=\"https:\/\/grupohoymexico.com\/puebla\/2024\/01\/16\/amlo-niega-desabasto-de-medicamentos-en-megafarmacia\/\" \/>\n<meta property=\"og:locale\" content=\"es_MX\" \/>\n<meta property=\"og:type\" content=\"article\" \/>\n<meta property=\"og:title\" content=\"AMLO niega desabasto de medicamentos en Megafarmacia\" \/>\n<meta property=\"og:description\" content=\"AMLO abord\u00f3 los cuestionamientos sobre el supuesto desabasto de medicamentos en la Megafarmacia y neg\u00f3 rotundamente la escasez de f\u00e1rmacos.\" \/>\n<meta property=\"og:url\" content=\"https:\/\/grupohoymexico.com\/puebla\/2024\/01\/16\/amlo-niega-desabasto-de-medicamentos-en-megafarmacia\/\" \/>\n<meta property=\"og:site_name\" content=\"Grupo Hoy Puebla\" \/>\n<meta property=\"article:published_time\" content=\"2024-01-16T16:24:42+00:00\" \/>\n<meta property=\"og:image\" content=\"https:\/\/grupohoymexico.com\/puebla\/wp-content\/uploads\/sites\/3\/2024\/01\/1833-GRUPO-HOY.jpg\" \/>\n\t<meta property=\"og:image:width\" content=\"1000\" \/>\n\t<meta property=\"og:image:height\" content=\"600\" \/>\n\t<meta property=\"og:image:type\" content=\"image\/jpeg\" \/>\n<meta name=\"author\" content=\"user\" \/>\n<meta name=\"twitter:card\" content=\"summary_large_image\" \/>\n<meta name=\"twitter:label1\" content=\"Escrito por\" \/>\n\t<meta name=\"twitter:data1\" content=\"user\" \/>\n\t<meta name=\"twitter:label2\" content=\"Tiempo de lectura\" \/>\n\t<meta name=\"twitter:data2\" content=\"3 minutos\" \/>\n<script type=\"application\/ld+json\" class=\"yoast-schema-graph\">{\"@context\":\"https:\\\/\\\/schema.org\",\"@graph\":[{\"@type\":\"Article\",\"@id\":\"https:\\\/\\\/grupohoymexico.com\\\/puebla\\\/2024\\\/01\\\/16\\\/amlo-niega-desabasto-de-medicamentos-en-megafarmacia\\\/#article\",\"isPartOf\":{\"@id\":\"https:\\\/\\\/grupohoymexico.com\\\/puebla\\\/2024\\\/01\\\/16\\\/amlo-niega-desabasto-de-medicamentos-en-megafarmacia\\\/\"},\"author\":{\"name\":\"user\",\"@id\":\"https:\\\/\\\/grupohoymexico.com\\\/puebla\\\/#\\\/schema\\\/person\\\/ce6086ac837852775a3a4f539356c297\"},\"headline\":\"AMLO niega desabasto de medicamentos en Megafarmacia\",\"datePublished\":\"2024-01-16T16:24:42+00:00\",\"mainEntityOfPage\":{\"@id\":\"https:\\\/\\\/grupohoymexico.com\\\/puebla\\\/2024\\\/01\\\/16\\\/amlo-niega-desabasto-de-medicamentos-en-megafarmacia\\\/\"},\"wordCount\":412,\"commentCount\":0,\"image\":{\"@id\":\"https:\\\/\\\/grupohoymexico.com\\\/puebla\\\/2024\\\/01\\\/16\\\/amlo-niega-desabasto-de-medicamentos-en-megafarmacia\\\/#primaryimage\"},\"thumbnailUrl\":\"https:\\\/\\\/grupohoymexico.com\\\/puebla\\\/wp-content\\\/uploads\\\/sites\\\/3\\\/2024\\\/01\\\/1833-GRUPO-HOY.jpg\",\"articleSection\":[\"Nacional\"],\"inLanguage\":\"es\",\"potentialAction\":[{\"@type\":\"CommentAction\",\"name\":\"Comment\",\"target\":[\"https:\\\/\\\/grupohoymexico.com\\\/puebla\\\/2024\\\/01\\\/16\\\/amlo-niega-desabasto-de-medicamentos-en-megafarmacia\\\/#respond\"]}]},{\"@type\":\"WebPage\",\"@id\":\"https:\\\/\\\/grupohoymexico.com\\\/puebla\\\/2024\\\/01\\\/16\\\/amlo-niega-desabasto-de-medicamentos-en-megafarmacia\\\/\",\"url\":\"https:\\\/\\\/grupohoymexico.com\\\/puebla\\\/2024\\\/01\\\/16\\\/amlo-niega-desabasto-de-medicamentos-en-megafarmacia\\\/\",\"name\":\"AMLO niega desabasto de medicamentos en Megafarmacia - Grupo Hoy Puebla\",\"isPartOf\":{\"@id\":\"https:\\\/\\\/grupohoymexico.com\\\/puebla\\\/#website\"},\"primaryImageOfPage\":{\"@id\":\"https:\\\/\\\/grupohoymexico.com\\\/puebla\\\/2024\\\/01\\\/16\\\/amlo-niega-desabasto-de-medicamentos-en-megafarmacia\\\/#primaryimage\"},\"image\":{\"@id\":\"https:\\\/\\\/grupohoymexico.com\\\/puebla\\\/2024\\\/01\\\/16\\\/amlo-niega-desabasto-de-medicamentos-en-megafarmacia\\\/#primaryimage\"},\"thumbnailUrl\":\"https:\\\/\\\/grupohoymexico.com\\\/puebla\\\/wp-content\\\/uploads\\\/sites\\\/3\\\/2024\\\/01\\\/1833-GRUPO-HOY.jpg\",\"datePublished\":\"2024-01-16T16:24:42+00:00\",\"author\":{\"@id\":\"https:\\\/\\\/grupohoymexico.com\\\/puebla\\\/#\\\/schema\\\/person\\\/ce6086ac837852775a3a4f539356c297\"},\"description\":\"AMLO abord\u00f3 los cuestionamientos sobre el supuesto desabasto de medicamentos en la Megafarmacia y neg\u00f3 rotundamente la escasez de f\u00e1rmacos.\",\"breadcrumb\":{\"@id\":\"https:\\\/\\\/grupohoymexico.com\\\/puebla\\\/2024\\\/01\\\/16\\\/amlo-niega-desabasto-de-medicamentos-en-megafarmacia\\\/#breadcrumb\"},\"inLanguage\":\"es\",\"potentialAction\":[{\"@type\":\"ReadAction\",\"target\":[\"https:\\\/\\\/grupohoymexico.com\\\/puebla\\\/2024\\\/01\\\/16\\\/amlo-niega-desabasto-de-medicamentos-en-megafarmacia\\\/\"]}]},{\"@type\":\"ImageObject\",\"inLanguage\":\"es\",\"@id\":\"https:\\\/\\\/grupohoymexico.com\\\/puebla\\\/2024\\\/01\\\/16\\\/amlo-niega-desabasto-de-medicamentos-en-megafarmacia\\\/#primaryimage\",\"url\":\"https:\\\/\\\/grupohoymexico.com\\\/puebla\\\/wp-content\\\/uploads\\\/sites\\\/3\\\/2024\\\/01\\\/1833-GRUPO-HOY.jpg\",\"contentUrl\":\"https:\\\/\\\/grupohoymexico.com\\\/puebla\\\/wp-content\\\/uploads\\\/sites\\\/3\\\/2024\\\/01\\\/1833-GRUPO-HOY.jpg\",\"width\":1000,\"height\":600,\"caption\":\"AMLO niega desabasto de medicamentos en Megafarmacia\"},{\"@type\":\"BreadcrumbList\",\"@id\":\"https:\\\/\\\/grupohoymexico.com\\\/puebla\\\/2024\\\/01\\\/16\\\/amlo-niega-desabasto-de-medicamentos-en-megafarmacia\\\/#breadcrumb\",\"itemListElement\":[{\"@type\":\"ListItem\",\"position\":1,\"name\":\"Inicio\",\"item\":\"https:\\\/\\\/grupohoymexico.com\\\/puebla\\\/\"},{\"@type\":\"ListItem\",\"position\":2,\"name\":\"AMLO niega desabasto de medicamentos en Megafarmacia\"}]},{\"@type\":\"WebSite\",\"@id\":\"https:\\\/\\\/grupohoymexico.com\\\/puebla\\\/#website\",\"url\":\"https:\\\/\\\/grupohoymexico.com\\\/puebla\\\/\",\"name\":\"Grupo Hoy Puebla\",\"description\":\"\",\"potentialAction\":[{\"@type\":\"SearchAction\",\"target\":{\"@type\":\"EntryPoint\",\"urlTemplate\":\"https:\\\/\\\/grupohoymexico.com\\\/puebla\\\/?s={search_term_string}\"},\"query-input\":{\"@type\":\"PropertyValueSpecification\",\"valueRequired\":true,\"valueName\":\"search_term_string\"}}],\"inLanguage\":\"es\"},{\"@type\":\"Person\",\"@id\":\"https:\\\/\\\/grupohoymexico.com\\\/puebla\\\/#\\\/schema\\\/person\\\/ce6086ac837852775a3a4f539356c297\",\"name\":\"user\",\"image\":{\"@type\":\"ImageObject\",\"inLanguage\":\"es\",\"@id\":\"https:\\\/\\\/secure.gravatar.com\\\/avatar\\\/25f78de4fa956f6f7c01f8d96f8087d8958ebe06d57e630cd54e36aefb9dacea?s=96&d=mm&r=g\",\"url\":\"https:\\\/\\\/secure.gravatar.com\\\/avatar\\\/25f78de4fa956f6f7c01f8d96f8087d8958ebe06d57e630cd54e36aefb9dacea?s=96&d=mm&r=g\",\"contentUrl\":\"https:\\\/\\\/secure.gravatar.com\\\/avatar\\\/25f78de4fa956f6f7c01f8d96f8087d8958ebe06d57e630cd54e36aefb9dacea?s=96&d=mm&r=g\",\"caption\":\"user\"},\"sameAs\":[\"http:\\\/\\\/44.197.188.197.nip.io\"],\"url\":\"https:\\\/\\\/grupohoymexico.com\\\/puebla\\\/author\\\/user\\\/\"}]}<\/script>\n<!-- \/ Yoast SEO Premium plugin. -->","yoast_head_json":{"title":"AMLO niega desabasto de medicamentos en Megafarmacia - Grupo Hoy Puebla","description":"AMLO abord\u00f3 los cuestionamientos sobre el supuesto desabasto de medicamentos en la Megafarmacia y neg\u00f3 rotundamente la escasez de f\u00e1rmacos.","robots":{"index":"index","follow":"follow","max-snippet":"max-snippet:-1","max-image-preview":"max-image-preview:large","max-video-preview":"max-video-preview:-1"},"canonical":"https:\/\/grupohoymexico.com\/puebla\/2024\/01\/16\/amlo-niega-desabasto-de-medicamentos-en-megafarmacia\/","og_locale":"es_MX","og_type":"article","og_title":"AMLO niega desabasto de medicamentos en Megafarmacia","og_description":"AMLO abord\u00f3 los cuestionamientos sobre el supuesto desabasto de medicamentos en la Megafarmacia y neg\u00f3 rotundamente la escasez de f\u00e1rmacos.","og_url":"https:\/\/grupohoymexico.com\/puebla\/2024\/01\/16\/amlo-niega-desabasto-de-medicamentos-en-megafarmacia\/","og_site_name":"Grupo Hoy Puebla","article_published_time":"2024-01-16T16:24:42+00:00","og_image":[{"width":1000,"height":600,"url":"https:\/\/grupohoymexico.com\/puebla\/wp-content\/uploads\/sites\/3\/2024\/01\/1833-GRUPO-HOY.jpg","type":"image\/jpeg"}],"author":"user","twitter_card":"summary_large_image","twitter_misc":{"Escrito por":"user","Tiempo de lectura":"3 minutos"},"schema":{"@context":"https:\/\/schema.org","@graph":[{"@type":"Article","@id":"https:\/\/grupohoymexico.com\/puebla\/2024\/01\/16\/amlo-niega-desabasto-de-medicamentos-en-megafarmacia\/#article","isPartOf":{"@id":"https:\/\/grupohoymexico.com\/puebla\/2024\/01\/16\/amlo-niega-desabasto-de-medicamentos-en-megafarmacia\/"},"author":{"name":"user","@id":"https:\/\/grupohoymexico.com\/puebla\/#\/schema\/person\/ce6086ac837852775a3a4f539356c297"},"headline":"AMLO niega desabasto de medicamentos en Megafarmacia","datePublished":"2024-01-16T16:24:42+00:00","mainEntityOfPage":{"@id":"https:\/\/grupohoymexico.com\/puebla\/2024\/01\/16\/amlo-niega-desabasto-de-medicamentos-en-megafarmacia\/"},"wordCount":412,"commentCount":0,"image":{"@id":"https:\/\/grupohoymexico.com\/puebla\/2024\/01\/16\/amlo-niega-desabasto-de-medicamentos-en-megafarmacia\/#primaryimage"},"thumbnailUrl":"https:\/\/grupohoymexico.com\/puebla\/wp-content\/uploads\/sites\/3\/2024\/01\/1833-GRUPO-HOY.jpg","articleSection":["Nacional"],"inLanguage":"es","potentialAction":[{"@type":"CommentAction","name":"Comment","target":["https:\/\/grupohoymexico.com\/puebla\/2024\/01\/16\/amlo-niega-desabasto-de-medicamentos-en-megafarmacia\/#respond"]}]},{"@type":"WebPage","@id":"https:\/\/grupohoymexico.com\/puebla\/2024\/01\/16\/amlo-niega-desabasto-de-medicamentos-en-megafarmacia\/","url":"https:\/\/grupohoymexico.com\/puebla\/2024\/01\/16\/amlo-niega-desabasto-de-medicamentos-en-megafarmacia\/","name":"AMLO niega desabasto de medicamentos en Megafarmacia - Grupo Hoy Puebla","isPartOf":{"@id":"https:\/\/grupohoymexico.com\/puebla\/#website"},"primaryImageOfPage":{"@id":"https:\/\/grupohoymexico.com\/puebla\/2024\/01\/16\/amlo-niega-desabasto-de-medicamentos-en-megafarmacia\/#primaryimage"},"image":{"@id":"https:\/\/grupohoymexico.com\/puebla\/2024\/01\/16\/amlo-niega-desabasto-de-medicamentos-en-megafarmacia\/#primaryimage"},"thumbnailUrl":"https:\/\/grupohoymexico.com\/puebla\/wp-content\/uploads\/sites\/3\/2024\/01\/1833-GRUPO-HOY.jpg","datePublished":"2024-01-16T16:24:42+00:00","author":{"@id":"https:\/\/grupohoymexico.com\/puebla\/#\/schema\/person\/ce6086ac837852775a3a4f539356c297"},"description":"AMLO abord\u00f3 los cuestionamientos sobre el supuesto desabasto de medicamentos en la Megafarmacia y neg\u00f3 rotundamente la escasez de f\u00e1rmacos.","breadcrumb":{"@id":"https:\/\/grupohoymexico.com\/puebla\/2024\/01\/16\/amlo-niega-desabasto-de-medicamentos-en-megafarmacia\/#breadcrumb"},"inLanguage":"es","potentialAction":[{"@type":"ReadAction","target":["https:\/\/grupohoymexico.com\/puebla\/2024\/01\/16\/amlo-niega-desabasto-de-medicamentos-en-megafarmacia\/"]}]},{"@type":"ImageObject","inLanguage":"es","@id":"https:\/\/grupohoymexico.com\/puebla\/2024\/01\/16\/amlo-niega-desabasto-de-medicamentos-en-megafarmacia\/#primaryimage","url":"https:\/\/grupohoymexico.com\/puebla\/wp-content\/uploads\/sites\/3\/2024\/01\/1833-GRUPO-HOY.jpg","contentUrl":"https:\/\/grupohoymexico.com\/puebla\/wp-content\/uploads\/sites\/3\/2024\/01\/1833-GRUPO-HOY.jpg","width":1000,"height":600,"caption":"AMLO niega desabasto de medicamentos en Megafarmacia"},{"@type":"BreadcrumbList","@id":"https:\/\/grupohoymexico.com\/puebla\/2024\/01\/16\/amlo-niega-desabasto-de-medicamentos-en-megafarmacia\/#breadcrumb","itemListElement":[{"@type":"ListItem","position":1,"name":"Inicio","item":"https:\/\/grupohoymexico.com\/puebla\/"},{"@type":"ListItem","position":2,"name":"AMLO niega desabasto de medicamentos en Megafarmacia"}]},{"@type":"WebSite","@id":"https:\/\/grupohoymexico.com\/puebla\/#website","url":"https:\/\/grupohoymexico.com\/puebla\/","name":"Grupo Hoy Puebla","description":"","potentialAction":[{"@type":"SearchAction","target":{"@type":"EntryPoint","urlTemplate":"https:\/\/grupohoymexico.com\/puebla\/?s={search_term_string}"},"query-input":{"@type":"PropertyValueSpecification","valueRequired":true,"valueName":"search_term_string"}}],"inLanguage":"es"},{"@type":"Person","@id":"https:\/\/grupohoymexico.com\/puebla\/#\/schema\/person\/ce6086ac837852775a3a4f539356c297","name":"user","image":{"@type":"ImageObject","inLanguage":"es","@id":"https:\/\/secure.gravatar.com\/avatar\/25f78de4fa956f6f7c01f8d96f8087d8958ebe06d57e630cd54e36aefb9dacea?s=96&d=mm&r=g","url":"https:\/\/secure.gravatar.com\/avatar\/25f78de4fa956f6f7c01f8d96f8087d8958ebe06d57e630cd54e36aefb9dacea?s=96&d=mm&r=g","contentUrl":"https:\/\/secure.gravatar.com\/avatar\/25f78de4fa956f6f7c01f8d96f8087d8958ebe06d57e630cd54e36aefb9dacea?s=96&d=mm&r=g","caption":"user"},"sameAs":["http:\/\/44.197.188.197.nip.io"],"url":"https:\/\/grupohoymexico.com\/puebla\/author\/user\/"}]}},"_links":{"self":[{"href":"https:\/\/grupohoymexico.com\/puebla\/wp-json\/wp\/v2\/posts\/65084","targetHints":{"allow":["GET"]}}],"collection":[{"href":"https:\/\/grupohoymexico.com\/puebla\/wp-json\/wp\/v2\/posts"}],"about":[{"href":"https:\/\/grupohoymexico.com\/puebla\/wp-json\/wp\/v2\/types\/post"}],"author":[{"embeddable":true,"href":"https:\/\/grupohoymexico.com\/puebla\/wp-json\/wp\/v2\/users\/1"}],"replies":[{"embeddable":true,"href":"https:\/\/grupohoymexico.com\/puebla\/wp-json\/wp\/v2\/comments?post=65084"}],"version-history":[{"count":0,"href":"https:\/\/grupohoymexico.com\/puebla\/wp-json\/wp\/v2\/posts\/65084\/revisions"}],"wp:featuredmedia":[{"embeddable":true,"href":"https:\/\/grupohoymexico.com\/puebla\/wp-json\/wp\/v2\/media\/65085"}],"wp:attachment":[{"href":"https:\/\/grupohoymexico.com\/puebla\/wp-json\/wp\/v2\/media?parent=65084"}],"wp:term":[{"taxonomy":"category","embeddable":true,"href":"https:\/\/grupohoymexico.com\/puebla\/wp-json\/wp\/v2\/categories?post=65084"},{"taxonomy":"post_tag","embeddable":true,"href":"https:\/\/grupohoymexico.com\/puebla\/wp-json\/wp\/v2\/tags?post=65084"}],"curies":[{"name":"wp","href":"https:\/\/api.w.org\/{rel}","templated":true}]}}