{"id":65013,"date":"2024-01-12T15:30:56","date_gmt":"2024-01-12T21:30:56","guid":{"rendered":"https:\/\/pueblahoy.com.mx\/?p=65013"},"modified":"2024-01-12T15:30:56","modified_gmt":"2024-01-12T21:30:56","slug":"amlo-presentara-ultimo-paquete-de-reformas-constitucionales-en-febrero","status":"publish","type":"post","link":"https:\/\/grupohoymexico.com\/puebla\/2024\/01\/12\/amlo-presentara-ultimo-paquete-de-reformas-constitucionales-en-febrero\/","title":{"rendered":"AMLO presentar\u00e1 \u00faltimo paquete de reformas constitucionales en febrero"},"content":{"rendered":"<p><a href=\"https:\/\/lopezobrador.org.mx\/\">Andr\u00e9s Manuel L\u00f3pez Obrador (AMLO)<\/a>, presidente de <a href=\"https:\/\/pueblahoy.com.mx\/\">M\u00e9xico<\/a>, anunci\u00f3 en su conferencia de prensa ma\u00f1anera desde Palacio Nacional que el pr\u00f3ximo 5 de febrero presentar\u00e1 su \u00faltimo paquete de iniciativas destinadas a reformar la Constituci\u00f3n, conmemorando as\u00ed el aniversario de la promulgaci\u00f3n de la Carta Magna. El mandatario explic\u00f3 que este evento se llevar\u00e1 a cabo en el mismo recinto hist\u00f3rico donde se aprob\u00f3 la Constituci\u00f3n.<\/p>\n<p>Aunque L\u00f3pez Obrador no detall\u00f3 las iniciativas espec\u00edficas que conformar\u00e1n este paquete, mencion\u00f3 que abordar\u00e1n diversos temas de relevancia para el pa\u00eds. Entre las \u00e1reas destacadas se encuentran la materia electoral, democr\u00e1tica, pensiones y programas posiblemente vinculados a la Secretar\u00eda de Bienestar.<\/p>\n<blockquote><p><em><strong>&#8220;Vamos a conmemorar ese d\u00eda en el recinto en donde se aprob\u00f3 la Constituci\u00f3n, y voy a presentar ese d\u00eda todas las iniciativas de reforma a la Constituci\u00f3n, es un paquete de iniciativas que tiene que ver con el bienestar, que tiene que ver con salarios, con pensiones, con la reforma al Poder Judicial, la reforma electoral, la democracia, todo, el d\u00eda 5 de febrero&#8221;<\/strong><\/em>, expres\u00f3 el presidente.<\/p><\/blockquote>\n<div style=\"width: 832px;\" class=\"wp-video\"><!--[if lt IE 9]><script>document.createElement('video');<\/script><![endif]-->\n<video class=\"wp-video-shortcode\" id=\"video-65013-1\" width=\"832\" height=\"448\" preload=\"metadata\" controls=\"controls\"><source type=\"video\/mp4\" src=\"https:\/\/www.mexicohoy.mx\/wp-content\/uploads\/2024\/01\/ssstwitter.com_1705086765320.mp4?_=1\" \/><a href=\"https:\/\/www.mexicohoy.mx\/wp-content\/uploads\/2024\/01\/ssstwitter.com_1705086765320.mp4\">https:\/\/www.mexicohoy.mx\/wp-content\/uploads\/2024\/01\/ssstwitter.com_1705086765320.mp4<\/a><\/video><\/div>\n<p>Ante la pregunta sobre su ausencia en Quer\u00e9taro para la conmemoraci\u00f3n del aniversario de la Constituci\u00f3n, AMLO se\u00f1al\u00f3 que la secretaria de Gobernaci\u00f3n, Luisa Mar\u00eda Alcalde, lo representar\u00e1 en ese evento. Sin embargo, mencion\u00f3 que su intenci\u00f3n es dar a conocer las iniciativas exclusivamente en Palacio Nacional, debido a la significativa carga hist\u00f3rica de este recinto.<\/p>\n<p>El presidente inform\u00f3 que antes de la fecha indicada, se comunicar\u00e1 con el gobernador de Quer\u00e9taro, Diego Sinhue Rodr\u00edguez, para coordinar una reuni\u00f3n con el gabinete de seguridad y una conferencia. Adem\u00e1s, asegur\u00f3 que el Congreso tendr\u00e1 el tiempo necesario para estudiar detenidamente las propuestas antes de su discusi\u00f3n.<\/p>\n<p><img fetchpriority=\"high\" decoding=\"async\" class=\"alignnone\" src=\"https:\/\/pbs.twimg.com\/media\/GDqQCfMbkAAmxmE?format=jpg&amp;name=medium\" alt=\"\" width=\"940\" height=\"470\" \/><\/p>\n<p><em><strong>&#8220;Es un paquete de reformas importante para el bienestar del pueblo&#8221;<\/strong><\/em>, agreg\u00f3 L\u00f3pez Obrador, destacando la relevancia y el alcance de estas iniciativas para el futuro del pa\u00eds. El anuncio refleja el compromiso del gobierno con la transformaci\u00f3n y mejora continua de diversos aspectos clave de la vida nacional.<\/p>\n","protected":false},"excerpt":{"rendered":"Andr\u00e9s Manuel L\u00f3pez Obrador (AMLO), presidente de M\u00e9xico, anunci\u00f3 en su conferencia de prensa ma\u00f1anera desde Palacio Nacional&hellip;","protected":false},"author":1,"featured_media":65014,"comment_status":"open","ping_status":"closed","sticky":false,"template":"","format":"standard","meta":{"csco_display_header_overlay":false,"csco_singular_sidebar":"","csco_page_header_type":"","csco_page_load_nextpost":"","csco_post_video_location":[],"csco_post_video_location_hash":"","csco_post_video_url":"","csco_post_video_bg_start_time":0,"csco_post_video_bg_end_time":0,"footnotes":""},"categories":[28],"tags":[],"class_list":{"0":"post-65013","1":"post","2":"type-post","3":"status-publish","4":"format-standard","5":"has-post-thumbnail","7":"category-nacional","8":"cs-entry","9":"cs-video-wrap"},"yoast_head":"<!-- This site is optimized with the Yoast SEO Premium plugin v24.7 (Yoast SEO v27.4) - https:\/\/yoast.com\/product\/yoast-seo-premium-wordpress\/ -->\n<title>AMLO presentar\u00e1 \u00faltimo paquete de reformas constitucionales en febrero - Grupo Hoy Puebla<\/title>\n<meta name=\"description\" content=\"AMLO anunci\u00f3 que el pr\u00f3ximo 5 de febrero presentar\u00e1 su \u00faltimo paquete de iniciativas destinadas a reformar la Constituci\u00f3n.\" \/>\n<meta name=\"robots\" content=\"index, follow, max-snippet:-1, max-image-preview:large, max-video-preview:-1\" \/>\n<link rel=\"canonical\" href=\"https:\/\/grupohoymexico.com\/puebla\/2024\/01\/12\/amlo-presentara-ultimo-paquete-de-reformas-constitucionales-en-febrero\/\" \/>\n<meta property=\"og:locale\" content=\"es_MX\" \/>\n<meta property=\"og:type\" content=\"article\" \/>\n<meta property=\"og:title\" content=\"AMLO presentar\u00e1 \u00faltimo paquete de reformas constitucionales en febrero\" \/>\n<meta property=\"og:description\" content=\"AMLO anunci\u00f3 que el pr\u00f3ximo 5 de febrero presentar\u00e1 su \u00faltimo paquete de iniciativas destinadas a reformar la Constituci\u00f3n.\" \/>\n<meta property=\"og:url\" content=\"https:\/\/grupohoymexico.com\/puebla\/2024\/01\/12\/amlo-presentara-ultimo-paquete-de-reformas-constitucionales-en-febrero\/\" \/>\n<meta property=\"og:site_name\" content=\"Grupo Hoy Puebla\" \/>\n<meta property=\"article:published_time\" content=\"2024-01-12T21:30:56+00:00\" \/>\n<meta property=\"og:image\" content=\"https:\/\/grupohoymexico.com\/puebla\/wp-content\/uploads\/sites\/3\/2024\/01\/1805-GRUPO-HOY.jpg\" \/>\n\t<meta property=\"og:image:width\" content=\"1000\" \/>\n\t<meta property=\"og:image:height\" content=\"600\" \/>\n\t<meta property=\"og:image:type\" content=\"image\/jpeg\" \/>\n<meta name=\"author\" content=\"user\" \/>\n<meta name=\"twitter:card\" content=\"summary_large_image\" \/>\n<meta name=\"twitter:label1\" content=\"Escrito por\" \/>\n\t<meta name=\"twitter:data1\" content=\"user\" \/>\n\t<meta name=\"twitter:label2\" content=\"Tiempo de lectura\" \/>\n\t<meta name=\"twitter:data2\" content=\"2 minutos\" \/>\n<script type=\"application\/ld+json\" class=\"yoast-schema-graph\">{\"@context\":\"https:\\\/\\\/schema.org\",\"@graph\":[{\"@type\":\"Article\",\"@id\":\"https:\\\/\\\/grupohoymexico.com\\\/puebla\\\/2024\\\/01\\\/12\\\/amlo-presentara-ultimo-paquete-de-reformas-constitucionales-en-febrero\\\/#article\",\"isPartOf\":{\"@id\":\"https:\\\/\\\/grupohoymexico.com\\\/puebla\\\/2024\\\/01\\\/12\\\/amlo-presentara-ultimo-paquete-de-reformas-constitucionales-en-febrero\\\/\"},\"author\":{\"name\":\"user\",\"@id\":\"https:\\\/\\\/grupohoymexico.com\\\/puebla\\\/#\\\/schema\\\/person\\\/ce6086ac837852775a3a4f539356c297\"},\"headline\":\"AMLO presentar\u00e1 \u00faltimo paquete de reformas constitucionales en febrero\",\"datePublished\":\"2024-01-12T21:30:56+00:00\",\"mainEntityOfPage\":{\"@id\":\"https:\\\/\\\/grupohoymexico.com\\\/puebla\\\/2024\\\/01\\\/12\\\/amlo-presentara-ultimo-paquete-de-reformas-constitucionales-en-febrero\\\/\"},\"wordCount\":388,\"commentCount\":0,\"image\":{\"@id\":\"https:\\\/\\\/grupohoymexico.com\\\/puebla\\\/2024\\\/01\\\/12\\\/amlo-presentara-ultimo-paquete-de-reformas-constitucionales-en-febrero\\\/#primaryimage\"},\"thumbnailUrl\":\"https:\\\/\\\/grupohoymexico.com\\\/puebla\\\/wp-content\\\/uploads\\\/sites\\\/3\\\/2024\\\/01\\\/1805-GRUPO-HOY.jpg\",\"articleSection\":[\"Nacional\"],\"inLanguage\":\"es\",\"potentialAction\":[{\"@type\":\"CommentAction\",\"name\":\"Comment\",\"target\":[\"https:\\\/\\\/grupohoymexico.com\\\/puebla\\\/2024\\\/01\\\/12\\\/amlo-presentara-ultimo-paquete-de-reformas-constitucionales-en-febrero\\\/#respond\"]}]},{\"@type\":\"WebPage\",\"@id\":\"https:\\\/\\\/grupohoymexico.com\\\/puebla\\\/2024\\\/01\\\/12\\\/amlo-presentara-ultimo-paquete-de-reformas-constitucionales-en-febrero\\\/\",\"url\":\"https:\\\/\\\/grupohoymexico.com\\\/puebla\\\/2024\\\/01\\\/12\\\/amlo-presentara-ultimo-paquete-de-reformas-constitucionales-en-febrero\\\/\",\"name\":\"AMLO presentar\u00e1 \u00faltimo paquete de reformas constitucionales en febrero - Grupo Hoy Puebla\",\"isPartOf\":{\"@id\":\"https:\\\/\\\/grupohoymexico.com\\\/puebla\\\/#website\"},\"primaryImageOfPage\":{\"@id\":\"https:\\\/\\\/grupohoymexico.com\\\/puebla\\\/2024\\\/01\\\/12\\\/amlo-presentara-ultimo-paquete-de-reformas-constitucionales-en-febrero\\\/#primaryimage\"},\"image\":{\"@id\":\"https:\\\/\\\/grupohoymexico.com\\\/puebla\\\/2024\\\/01\\\/12\\\/amlo-presentara-ultimo-paquete-de-reformas-constitucionales-en-febrero\\\/#primaryimage\"},\"thumbnailUrl\":\"https:\\\/\\\/grupohoymexico.com\\\/puebla\\\/wp-content\\\/uploads\\\/sites\\\/3\\\/2024\\\/01\\\/1805-GRUPO-HOY.jpg\",\"datePublished\":\"2024-01-12T21:30:56+00:00\",\"author\":{\"@id\":\"https:\\\/\\\/grupohoymexico.com\\\/puebla\\\/#\\\/schema\\\/person\\\/ce6086ac837852775a3a4f539356c297\"},\"description\":\"AMLO anunci\u00f3 que el pr\u00f3ximo 5 de febrero presentar\u00e1 su \u00faltimo paquete de iniciativas destinadas a reformar la Constituci\u00f3n.\",\"breadcrumb\":{\"@id\":\"https:\\\/\\\/grupohoymexico.com\\\/puebla\\\/2024\\\/01\\\/12\\\/amlo-presentara-ultimo-paquete-de-reformas-constitucionales-en-febrero\\\/#breadcrumb\"},\"inLanguage\":\"es\",\"potentialAction\":[{\"@type\":\"ReadAction\",\"target\":[\"https:\\\/\\\/grupohoymexico.com\\\/puebla\\\/2024\\\/01\\\/12\\\/amlo-presentara-ultimo-paquete-de-reformas-constitucionales-en-febrero\\\/\"]}]},{\"@type\":\"ImageObject\",\"inLanguage\":\"es\",\"@id\":\"https:\\\/\\\/grupohoymexico.com\\\/puebla\\\/2024\\\/01\\\/12\\\/amlo-presentara-ultimo-paquete-de-reformas-constitucionales-en-febrero\\\/#primaryimage\",\"url\":\"https:\\\/\\\/grupohoymexico.com\\\/puebla\\\/wp-content\\\/uploads\\\/sites\\\/3\\\/2024\\\/01\\\/1805-GRUPO-HOY.jpg\",\"contentUrl\":\"https:\\\/\\\/grupohoymexico.com\\\/puebla\\\/wp-content\\\/uploads\\\/sites\\\/3\\\/2024\\\/01\\\/1805-GRUPO-HOY.jpg\",\"width\":1000,\"height\":600,\"caption\":\"AMLO presentar\u00e1 \u00faltimo paquete de reformas constitucionales en febrero\"},{\"@type\":\"BreadcrumbList\",\"@id\":\"https:\\\/\\\/grupohoymexico.com\\\/puebla\\\/2024\\\/01\\\/12\\\/amlo-presentara-ultimo-paquete-de-reformas-constitucionales-en-febrero\\\/#breadcrumb\",\"itemListElement\":[{\"@type\":\"ListItem\",\"position\":1,\"name\":\"Inicio\",\"item\":\"https:\\\/\\\/grupohoymexico.com\\\/puebla\\\/\"},{\"@type\":\"ListItem\",\"position\":2,\"name\":\"AMLO presentar\u00e1 \u00faltimo paquete de reformas constitucionales en febrero\"}]},{\"@type\":\"WebSite\",\"@id\":\"https:\\\/\\\/grupohoymexico.com\\\/puebla\\\/#website\",\"url\":\"https:\\\/\\\/grupohoymexico.com\\\/puebla\\\/\",\"name\":\"Grupo Hoy Puebla\",\"description\":\"\",\"potentialAction\":[{\"@type\":\"SearchAction\",\"target\":{\"@type\":\"EntryPoint\",\"urlTemplate\":\"https:\\\/\\\/grupohoymexico.com\\\/puebla\\\/?s={search_term_string}\"},\"query-input\":{\"@type\":\"PropertyValueSpecification\",\"valueRequired\":true,\"valueName\":\"search_term_string\"}}],\"inLanguage\":\"es\"},{\"@type\":\"Person\",\"@id\":\"https:\\\/\\\/grupohoymexico.com\\\/puebla\\\/#\\\/schema\\\/person\\\/ce6086ac837852775a3a4f539356c297\",\"name\":\"user\",\"image\":{\"@type\":\"ImageObject\",\"inLanguage\":\"es\",\"@id\":\"https:\\\/\\\/secure.gravatar.com\\\/avatar\\\/25f78de4fa956f6f7c01f8d96f8087d8958ebe06d57e630cd54e36aefb9dacea?s=96&d=mm&r=g\",\"url\":\"https:\\\/\\\/secure.gravatar.com\\\/avatar\\\/25f78de4fa956f6f7c01f8d96f8087d8958ebe06d57e630cd54e36aefb9dacea?s=96&d=mm&r=g\",\"contentUrl\":\"https:\\\/\\\/secure.gravatar.com\\\/avatar\\\/25f78de4fa956f6f7c01f8d96f8087d8958ebe06d57e630cd54e36aefb9dacea?s=96&d=mm&r=g\",\"caption\":\"user\"},\"sameAs\":[\"http:\\\/\\\/44.197.188.197.nip.io\"],\"url\":\"https:\\\/\\\/grupohoymexico.com\\\/puebla\\\/author\\\/user\\\/\"}]}<\/script>\n<!-- \/ Yoast SEO Premium plugin. -->","yoast_head_json":{"title":"AMLO presentar\u00e1 \u00faltimo paquete de reformas constitucionales en febrero - Grupo Hoy Puebla","description":"AMLO anunci\u00f3 que el pr\u00f3ximo 5 de febrero presentar\u00e1 su \u00faltimo paquete de iniciativas destinadas a reformar la Constituci\u00f3n.","robots":{"index":"index","follow":"follow","max-snippet":"max-snippet:-1","max-image-preview":"max-image-preview:large","max-video-preview":"max-video-preview:-1"},"canonical":"https:\/\/grupohoymexico.com\/puebla\/2024\/01\/12\/amlo-presentara-ultimo-paquete-de-reformas-constitucionales-en-febrero\/","og_locale":"es_MX","og_type":"article","og_title":"AMLO presentar\u00e1 \u00faltimo paquete de reformas constitucionales en febrero","og_description":"AMLO anunci\u00f3 que el pr\u00f3ximo 5 de febrero presentar\u00e1 su \u00faltimo paquete de iniciativas destinadas a reformar la Constituci\u00f3n.","og_url":"https:\/\/grupohoymexico.com\/puebla\/2024\/01\/12\/amlo-presentara-ultimo-paquete-de-reformas-constitucionales-en-febrero\/","og_site_name":"Grupo Hoy Puebla","article_published_time":"2024-01-12T21:30:56+00:00","og_image":[{"width":1000,"height":600,"url":"https:\/\/grupohoymexico.com\/puebla\/wp-content\/uploads\/sites\/3\/2024\/01\/1805-GRUPO-HOY.jpg","type":"image\/jpeg"}],"author":"user","twitter_card":"summary_large_image","twitter_misc":{"Escrito por":"user","Tiempo de lectura":"2 minutos"},"schema":{"@context":"https:\/\/schema.org","@graph":[{"@type":"Article","@id":"https:\/\/grupohoymexico.com\/puebla\/2024\/01\/12\/amlo-presentara-ultimo-paquete-de-reformas-constitucionales-en-febrero\/#article","isPartOf":{"@id":"https:\/\/grupohoymexico.com\/puebla\/2024\/01\/12\/amlo-presentara-ultimo-paquete-de-reformas-constitucionales-en-febrero\/"},"author":{"name":"user","@id":"https:\/\/grupohoymexico.com\/puebla\/#\/schema\/person\/ce6086ac837852775a3a4f539356c297"},"headline":"AMLO presentar\u00e1 \u00faltimo paquete de reformas constitucionales en febrero","datePublished":"2024-01-12T21:30:56+00:00","mainEntityOfPage":{"@id":"https:\/\/grupohoymexico.com\/puebla\/2024\/01\/12\/amlo-presentara-ultimo-paquete-de-reformas-constitucionales-en-febrero\/"},"wordCount":388,"commentCount":0,"image":{"@id":"https:\/\/grupohoymexico.com\/puebla\/2024\/01\/12\/amlo-presentara-ultimo-paquete-de-reformas-constitucionales-en-febrero\/#primaryimage"},"thumbnailUrl":"https:\/\/grupohoymexico.com\/puebla\/wp-content\/uploads\/sites\/3\/2024\/01\/1805-GRUPO-HOY.jpg","articleSection":["Nacional"],"inLanguage":"es","potentialAction":[{"@type":"CommentAction","name":"Comment","target":["https:\/\/grupohoymexico.com\/puebla\/2024\/01\/12\/amlo-presentara-ultimo-paquete-de-reformas-constitucionales-en-febrero\/#respond"]}]},{"@type":"WebPage","@id":"https:\/\/grupohoymexico.com\/puebla\/2024\/01\/12\/amlo-presentara-ultimo-paquete-de-reformas-constitucionales-en-febrero\/","url":"https:\/\/grupohoymexico.com\/puebla\/2024\/01\/12\/amlo-presentara-ultimo-paquete-de-reformas-constitucionales-en-febrero\/","name":"AMLO presentar\u00e1 \u00faltimo paquete de reformas constitucionales en febrero - Grupo Hoy Puebla","isPartOf":{"@id":"https:\/\/grupohoymexico.com\/puebla\/#website"},"primaryImageOfPage":{"@id":"https:\/\/grupohoymexico.com\/puebla\/2024\/01\/12\/amlo-presentara-ultimo-paquete-de-reformas-constitucionales-en-febrero\/#primaryimage"},"image":{"@id":"https:\/\/grupohoymexico.com\/puebla\/2024\/01\/12\/amlo-presentara-ultimo-paquete-de-reformas-constitucionales-en-febrero\/#primaryimage"},"thumbnailUrl":"https:\/\/grupohoymexico.com\/puebla\/wp-content\/uploads\/sites\/3\/2024\/01\/1805-GRUPO-HOY.jpg","datePublished":"2024-01-12T21:30:56+00:00","author":{"@id":"https:\/\/grupohoymexico.com\/puebla\/#\/schema\/person\/ce6086ac837852775a3a4f539356c297"},"description":"AMLO anunci\u00f3 que el pr\u00f3ximo 5 de febrero presentar\u00e1 su \u00faltimo paquete de iniciativas destinadas a reformar la Constituci\u00f3n.","breadcrumb":{"@id":"https:\/\/grupohoymexico.com\/puebla\/2024\/01\/12\/amlo-presentara-ultimo-paquete-de-reformas-constitucionales-en-febrero\/#breadcrumb"},"inLanguage":"es","potentialAction":[{"@type":"ReadAction","target":["https:\/\/grupohoymexico.com\/puebla\/2024\/01\/12\/amlo-presentara-ultimo-paquete-de-reformas-constitucionales-en-febrero\/"]}]},{"@type":"ImageObject","inLanguage":"es","@id":"https:\/\/grupohoymexico.com\/puebla\/2024\/01\/12\/amlo-presentara-ultimo-paquete-de-reformas-constitucionales-en-febrero\/#primaryimage","url":"https:\/\/grupohoymexico.com\/puebla\/wp-content\/uploads\/sites\/3\/2024\/01\/1805-GRUPO-HOY.jpg","contentUrl":"https:\/\/grupohoymexico.com\/puebla\/wp-content\/uploads\/sites\/3\/2024\/01\/1805-GRUPO-HOY.jpg","width":1000,"height":600,"caption":"AMLO presentar\u00e1 \u00faltimo paquete de reformas constitucionales en febrero"},{"@type":"BreadcrumbList","@id":"https:\/\/grupohoymexico.com\/puebla\/2024\/01\/12\/amlo-presentara-ultimo-paquete-de-reformas-constitucionales-en-febrero\/#breadcrumb","itemListElement":[{"@type":"ListItem","position":1,"name":"Inicio","item":"https:\/\/grupohoymexico.com\/puebla\/"},{"@type":"ListItem","position":2,"name":"AMLO presentar\u00e1 \u00faltimo paquete de reformas constitucionales en febrero"}]},{"@type":"WebSite","@id":"https:\/\/grupohoymexico.com\/puebla\/#website","url":"https:\/\/grupohoymexico.com\/puebla\/","name":"Grupo Hoy Puebla","description":"","potentialAction":[{"@type":"SearchAction","target":{"@type":"EntryPoint","urlTemplate":"https:\/\/grupohoymexico.com\/puebla\/?s={search_term_string}"},"query-input":{"@type":"PropertyValueSpecification","valueRequired":true,"valueName":"search_term_string"}}],"inLanguage":"es"},{"@type":"Person","@id":"https:\/\/grupohoymexico.com\/puebla\/#\/schema\/person\/ce6086ac837852775a3a4f539356c297","name":"user","image":{"@type":"ImageObject","inLanguage":"es","@id":"https:\/\/secure.gravatar.com\/avatar\/25f78de4fa956f6f7c01f8d96f8087d8958ebe06d57e630cd54e36aefb9dacea?s=96&d=mm&r=g","url":"https:\/\/secure.gravatar.com\/avatar\/25f78de4fa956f6f7c01f8d96f8087d8958ebe06d57e630cd54e36aefb9dacea?s=96&d=mm&r=g","contentUrl":"https:\/\/secure.gravatar.com\/avatar\/25f78de4fa956f6f7c01f8d96f8087d8958ebe06d57e630cd54e36aefb9dacea?s=96&d=mm&r=g","caption":"user"},"sameAs":["http:\/\/44.197.188.197.nip.io"],"url":"https:\/\/grupohoymexico.com\/puebla\/author\/user\/"}]}},"_links":{"self":[{"href":"https:\/\/grupohoymexico.com\/puebla\/wp-json\/wp\/v2\/posts\/65013","targetHints":{"allow":["GET"]}}],"collection":[{"href":"https:\/\/grupohoymexico.com\/puebla\/wp-json\/wp\/v2\/posts"}],"about":[{"href":"https:\/\/grupohoymexico.com\/puebla\/wp-json\/wp\/v2\/types\/post"}],"author":[{"embeddable":true,"href":"https:\/\/grupohoymexico.com\/puebla\/wp-json\/wp\/v2\/users\/1"}],"replies":[{"embeddable":true,"href":"https:\/\/grupohoymexico.com\/puebla\/wp-json\/wp\/v2\/comments?post=65013"}],"version-history":[{"count":0,"href":"https:\/\/grupohoymexico.com\/puebla\/wp-json\/wp\/v2\/posts\/65013\/revisions"}],"wp:featuredmedia":[{"embeddable":true,"href":"https:\/\/grupohoymexico.com\/puebla\/wp-json\/wp\/v2\/media\/65014"}],"wp:attachment":[{"href":"https:\/\/grupohoymexico.com\/puebla\/wp-json\/wp\/v2\/media?parent=65013"}],"wp:term":[{"taxonomy":"category","embeddable":true,"href":"https:\/\/grupohoymexico.com\/puebla\/wp-json\/wp\/v2\/categories?post=65013"},{"taxonomy":"post_tag","embeddable":true,"href":"https:\/\/grupohoymexico.com\/puebla\/wp-json\/wp\/v2\/tags?post=65013"}],"curies":[{"name":"wp","href":"https:\/\/api.w.org\/{rel}","templated":true}]}}