{"id":64975,"date":"2024-01-11T13:45:34","date_gmt":"2024-01-11T19:45:34","guid":{"rendered":"https:\/\/pueblahoy.com.mx\/?p=64975"},"modified":"2024-01-11T13:45:34","modified_gmt":"2024-01-11T19:45:34","slug":"amlo-evalua-proyectos-y-destaca-avances-en-el-cierre-de-su-gobierno","status":"publish","type":"post","link":"https:\/\/grupohoymexico.com\/puebla\/2024\/01\/11\/amlo-evalua-proyectos-y-destaca-avances-en-el-cierre-de-su-gobierno\/","title":{"rendered":"AMLO eval\u00faa proyectos y destaca avances en el cierre de su Gobierno"},"content":{"rendered":"<p><a href=\"https:\/\/es.wikipedia.org\/wiki\/Andr%C3%A9s_Manuel_L%C3%B3pez_Obrador\">Andr\u00e9s Manuel L\u00f3pez Obrador (AMLO)<\/a>, presidente de <a href=\"https:\/\/pueblahoy.com.mx\/\">M\u00e9xico<\/a>, revel\u00f3 durante una conferencia de prensa que est\u00e1 llevando a cabo reuniones con su gabinete legal y ampliado para evaluar y proyectar el cierre de su gobierno, que culminar\u00e1 en nueve meses. En estas sesiones, el mandatario ha abordado diversos temas, desde la situaci\u00f3n econ\u00f3mica y financiera hasta el avance de obras prioritarias en infraestructura y desarrollo urbano.<\/p>\n<blockquote><p>Ante una pregunta espec\u00edfica sobre los \u00faltimos meses de su administraci\u00f3n, L\u00f3pez Obrador expres\u00f3 su satisfacci\u00f3n y se\u00f1al\u00f3 la importancia de continuar trabajando en este periodo. <em><strong>&#8220;Nos sentimos bien. Estoy teniendo reuniones de proyecci\u00f3n para el cierre de la administraci\u00f3n&#8221;<\/strong><\/em>, afirm\u00f3 el mandatario.<\/p><\/blockquote>\n<p><img fetchpriority=\"high\" decoding=\"async\" class=\"alignnone\" src=\"https:\/\/abriendobrecha.com.mx\/wp-content\/uploads\/2023\/12\/image-11-810x540.jpg\" alt=\"\" width=\"810\" height=\"540\" \/><\/p>\n<p>El presidente comparti\u00f3 que ha mantenido encuentros con distintos sectores, destacando una reuni\u00f3n reciente con el equipo de Petr\u00f3leos Mexicanos (Pemex), donde se analiz\u00f3 la situaci\u00f3n econ\u00f3mica y financiera, as\u00ed como los recursos disponibles, incluyendo las reservas de petr\u00f3leo. En este sentido, AMLO asegur\u00f3 que hay reservas suficientes para su administraci\u00f3n y para las pr\u00f3ximas tres, lo que garantiza el abasto de petr\u00f3leo en el futuro.<\/p>\n<p>En relaci\u00f3n con la construcci\u00f3n de obras prioritarias, el presidente subray\u00f3 que se eval\u00faa el progreso en diversas \u00e1reas, desde unidades deportivas hasta proyectos de infraestructura h\u00eddrica y vivienda. Anunci\u00f3 que se alcanzar\u00e1n las 100 mil hect\u00e1reas de riego al final de su gobierno y resalt\u00f3 la importancia de la parte social en su gesti\u00f3n, describiendo su programa de desarrollo social como el mejor aplicado en d\u00e9cadas.<\/p>\n<p><img decoding=\"async\" class=\"alignnone\" src=\"https:\/\/www.eluniversal.com.mx\/resizer\/mXrjzmtvP-REKZxvOk7KTUYkliM=\/1100x666\/cloudfront-us-east-1.images.arcpublishing.com\/eluniversal\/A536CZODWZCN5GZXN6ZY4OUKZU.jpg\" alt=\"\" width=\"1100\" height=\"666\" \/><\/p>\n<h4>Adicionalmente, el presidente mencion\u00f3 su encuentro con embajadores y c\u00f3nsules, donde se discutir\u00e1 el desempe\u00f1o y los logros en la representaci\u00f3n de M\u00e9xico en el \u00e1mbito internacional. L\u00f3pez Obrador reconoci\u00f3 el buen trabajo de todos los embajadores y c\u00f3nsules, destacando la dignidad con la que han representado al pa\u00eds.<\/h4>\n<p>En cuanto a los resultados econ\u00f3micos, AMLO enfatiz\u00f3 que M\u00e9xico es uno de los pa\u00edses con menos desempleo en el mundo, que el peso mexicano es la moneda que m\u00e1s se ha fortalecido frente al d\u00f3lar y que el salario m\u00ednimo ha experimentado un notable crecimiento.<\/p>\n<p>L\u00f3pez Obrador concluy\u00f3 la conferencia indicando que ofrecer\u00e1 m\u00e1s detalles sobre la reuni\u00f3n con embajadores y c\u00f3nsules en la siguiente jornada, resaltando el progreso positivo y la colaboraci\u00f3n efectiva en todas las \u00e1reas de su gobierno.<\/p>\n","protected":false},"excerpt":{"rendered":"Andr\u00e9s Manuel L\u00f3pez Obrador (AMLO), presidente de M\u00e9xico, revel\u00f3 durante una conferencia de prensa que est\u00e1 llevando a&hellip;","protected":false},"author":1,"featured_media":64976,"comment_status":"open","ping_status":"closed","sticky":false,"template":"","format":"standard","meta":{"csco_display_header_overlay":false,"csco_singular_sidebar":"","csco_page_header_type":"","csco_page_load_nextpost":"","csco_post_video_location":[],"csco_post_video_location_hash":"","csco_post_video_url":"","csco_post_video_bg_start_time":0,"csco_post_video_bg_end_time":0,"footnotes":""},"categories":[28],"tags":[],"class_list":{"0":"post-64975","1":"post","2":"type-post","3":"status-publish","4":"format-standard","5":"has-post-thumbnail","7":"category-nacional","8":"cs-entry","9":"cs-video-wrap"},"yoast_head":"<!-- This site is optimized with the Yoast SEO Premium plugin v24.7 (Yoast SEO v27.4) - https:\/\/yoast.com\/product\/yoast-seo-premium-wordpress\/ -->\n<title>AMLO eval\u00faa proyectos y destaca avances en el cierre de su Gobierno - Grupo Hoy Puebla<\/title>\n<meta name=\"description\" content=\"AMLO revel\u00f3 que est\u00e1 llevando a cabo reuniones con su gabinete legal y ampliado para evaluar y proyectar el cierre de su gobierno.\" \/>\n<meta name=\"robots\" content=\"index, follow, max-snippet:-1, max-image-preview:large, max-video-preview:-1\" \/>\n<link rel=\"canonical\" href=\"https:\/\/grupohoymexico.com\/puebla\/2024\/01\/11\/amlo-evalua-proyectos-y-destaca-avances-en-el-cierre-de-su-gobierno\/\" \/>\n<meta property=\"og:locale\" content=\"es_MX\" \/>\n<meta property=\"og:type\" content=\"article\" \/>\n<meta property=\"og:title\" content=\"AMLO eval\u00faa proyectos y destaca avances en el cierre de su Gobierno\" \/>\n<meta property=\"og:description\" content=\"AMLO revel\u00f3 que est\u00e1 llevando a cabo reuniones con su gabinete legal y ampliado para evaluar y proyectar el cierre de su gobierno.\" \/>\n<meta property=\"og:url\" content=\"https:\/\/grupohoymexico.com\/puebla\/2024\/01\/11\/amlo-evalua-proyectos-y-destaca-avances-en-el-cierre-de-su-gobierno\/\" \/>\n<meta property=\"og:site_name\" content=\"Grupo Hoy Puebla\" \/>\n<meta property=\"article:published_time\" content=\"2024-01-11T19:45:34+00:00\" \/>\n<meta property=\"og:image\" content=\"https:\/\/grupohoymexico.com\/puebla\/wp-content\/uploads\/sites\/3\/2024\/01\/1784-GRUPO-HOY.jpg\" \/>\n\t<meta property=\"og:image:width\" content=\"1000\" \/>\n\t<meta property=\"og:image:height\" content=\"600\" \/>\n\t<meta property=\"og:image:type\" content=\"image\/jpeg\" \/>\n<meta name=\"author\" content=\"user\" \/>\n<meta name=\"twitter:card\" content=\"summary_large_image\" \/>\n<meta name=\"twitter:label1\" content=\"Escrito por\" \/>\n\t<meta name=\"twitter:data1\" content=\"user\" \/>\n\t<meta name=\"twitter:label2\" content=\"Tiempo de lectura\" \/>\n\t<meta name=\"twitter:data2\" content=\"3 minutos\" \/>\n<script type=\"application\/ld+json\" class=\"yoast-schema-graph\">{\"@context\":\"https:\\\/\\\/schema.org\",\"@graph\":[{\"@type\":\"Article\",\"@id\":\"https:\\\/\\\/grupohoymexico.com\\\/puebla\\\/2024\\\/01\\\/11\\\/amlo-evalua-proyectos-y-destaca-avances-en-el-cierre-de-su-gobierno\\\/#article\",\"isPartOf\":{\"@id\":\"https:\\\/\\\/grupohoymexico.com\\\/puebla\\\/2024\\\/01\\\/11\\\/amlo-evalua-proyectos-y-destaca-avances-en-el-cierre-de-su-gobierno\\\/\"},\"author\":{\"name\":\"user\",\"@id\":\"https:\\\/\\\/grupohoymexico.com\\\/puebla\\\/#\\\/schema\\\/person\\\/ce6086ac837852775a3a4f539356c297\"},\"headline\":\"AMLO eval\u00faa proyectos y destaca avances en el cierre de su Gobierno\",\"datePublished\":\"2024-01-11T19:45:34+00:00\",\"mainEntityOfPage\":{\"@id\":\"https:\\\/\\\/grupohoymexico.com\\\/puebla\\\/2024\\\/01\\\/11\\\/amlo-evalua-proyectos-y-destaca-avances-en-el-cierre-de-su-gobierno\\\/\"},\"wordCount\":431,\"commentCount\":0,\"image\":{\"@id\":\"https:\\\/\\\/grupohoymexico.com\\\/puebla\\\/2024\\\/01\\\/11\\\/amlo-evalua-proyectos-y-destaca-avances-en-el-cierre-de-su-gobierno\\\/#primaryimage\"},\"thumbnailUrl\":\"https:\\\/\\\/grupohoymexico.com\\\/puebla\\\/wp-content\\\/uploads\\\/sites\\\/3\\\/2024\\\/01\\\/1784-GRUPO-HOY.jpg\",\"articleSection\":[\"Nacional\"],\"inLanguage\":\"es\",\"potentialAction\":[{\"@type\":\"CommentAction\",\"name\":\"Comment\",\"target\":[\"https:\\\/\\\/grupohoymexico.com\\\/puebla\\\/2024\\\/01\\\/11\\\/amlo-evalua-proyectos-y-destaca-avances-en-el-cierre-de-su-gobierno\\\/#respond\"]}]},{\"@type\":\"WebPage\",\"@id\":\"https:\\\/\\\/grupohoymexico.com\\\/puebla\\\/2024\\\/01\\\/11\\\/amlo-evalua-proyectos-y-destaca-avances-en-el-cierre-de-su-gobierno\\\/\",\"url\":\"https:\\\/\\\/grupohoymexico.com\\\/puebla\\\/2024\\\/01\\\/11\\\/amlo-evalua-proyectos-y-destaca-avances-en-el-cierre-de-su-gobierno\\\/\",\"name\":\"AMLO eval\u00faa proyectos y destaca avances en el cierre de su Gobierno - Grupo Hoy Puebla\",\"isPartOf\":{\"@id\":\"https:\\\/\\\/grupohoymexico.com\\\/puebla\\\/#website\"},\"primaryImageOfPage\":{\"@id\":\"https:\\\/\\\/grupohoymexico.com\\\/puebla\\\/2024\\\/01\\\/11\\\/amlo-evalua-proyectos-y-destaca-avances-en-el-cierre-de-su-gobierno\\\/#primaryimage\"},\"image\":{\"@id\":\"https:\\\/\\\/grupohoymexico.com\\\/puebla\\\/2024\\\/01\\\/11\\\/amlo-evalua-proyectos-y-destaca-avances-en-el-cierre-de-su-gobierno\\\/#primaryimage\"},\"thumbnailUrl\":\"https:\\\/\\\/grupohoymexico.com\\\/puebla\\\/wp-content\\\/uploads\\\/sites\\\/3\\\/2024\\\/01\\\/1784-GRUPO-HOY.jpg\",\"datePublished\":\"2024-01-11T19:45:34+00:00\",\"author\":{\"@id\":\"https:\\\/\\\/grupohoymexico.com\\\/puebla\\\/#\\\/schema\\\/person\\\/ce6086ac837852775a3a4f539356c297\"},\"description\":\"AMLO revel\u00f3 que est\u00e1 llevando a cabo reuniones con su gabinete legal y ampliado para evaluar y proyectar el cierre de su gobierno.\",\"breadcrumb\":{\"@id\":\"https:\\\/\\\/grupohoymexico.com\\\/puebla\\\/2024\\\/01\\\/11\\\/amlo-evalua-proyectos-y-destaca-avances-en-el-cierre-de-su-gobierno\\\/#breadcrumb\"},\"inLanguage\":\"es\",\"potentialAction\":[{\"@type\":\"ReadAction\",\"target\":[\"https:\\\/\\\/grupohoymexico.com\\\/puebla\\\/2024\\\/01\\\/11\\\/amlo-evalua-proyectos-y-destaca-avances-en-el-cierre-de-su-gobierno\\\/\"]}]},{\"@type\":\"ImageObject\",\"inLanguage\":\"es\",\"@id\":\"https:\\\/\\\/grupohoymexico.com\\\/puebla\\\/2024\\\/01\\\/11\\\/amlo-evalua-proyectos-y-destaca-avances-en-el-cierre-de-su-gobierno\\\/#primaryimage\",\"url\":\"https:\\\/\\\/grupohoymexico.com\\\/puebla\\\/wp-content\\\/uploads\\\/sites\\\/3\\\/2024\\\/01\\\/1784-GRUPO-HOY.jpg\",\"contentUrl\":\"https:\\\/\\\/grupohoymexico.com\\\/puebla\\\/wp-content\\\/uploads\\\/sites\\\/3\\\/2024\\\/01\\\/1784-GRUPO-HOY.jpg\",\"width\":1000,\"height\":600,\"caption\":\"AMLO eval\u00faa proyectos y destaca avances en el cierre de su Gobierno\"},{\"@type\":\"BreadcrumbList\",\"@id\":\"https:\\\/\\\/grupohoymexico.com\\\/puebla\\\/2024\\\/01\\\/11\\\/amlo-evalua-proyectos-y-destaca-avances-en-el-cierre-de-su-gobierno\\\/#breadcrumb\",\"itemListElement\":[{\"@type\":\"ListItem\",\"position\":1,\"name\":\"Inicio\",\"item\":\"https:\\\/\\\/grupohoymexico.com\\\/puebla\\\/\"},{\"@type\":\"ListItem\",\"position\":2,\"name\":\"AMLO eval\u00faa proyectos y destaca avances en el cierre de su Gobierno\"}]},{\"@type\":\"WebSite\",\"@id\":\"https:\\\/\\\/grupohoymexico.com\\\/puebla\\\/#website\",\"url\":\"https:\\\/\\\/grupohoymexico.com\\\/puebla\\\/\",\"name\":\"Grupo Hoy Puebla\",\"description\":\"\",\"potentialAction\":[{\"@type\":\"SearchAction\",\"target\":{\"@type\":\"EntryPoint\",\"urlTemplate\":\"https:\\\/\\\/grupohoymexico.com\\\/puebla\\\/?s={search_term_string}\"},\"query-input\":{\"@type\":\"PropertyValueSpecification\",\"valueRequired\":true,\"valueName\":\"search_term_string\"}}],\"inLanguage\":\"es\"},{\"@type\":\"Person\",\"@id\":\"https:\\\/\\\/grupohoymexico.com\\\/puebla\\\/#\\\/schema\\\/person\\\/ce6086ac837852775a3a4f539356c297\",\"name\":\"user\",\"image\":{\"@type\":\"ImageObject\",\"inLanguage\":\"es\",\"@id\":\"https:\\\/\\\/secure.gravatar.com\\\/avatar\\\/25f78de4fa956f6f7c01f8d96f8087d8958ebe06d57e630cd54e36aefb9dacea?s=96&d=mm&r=g\",\"url\":\"https:\\\/\\\/secure.gravatar.com\\\/avatar\\\/25f78de4fa956f6f7c01f8d96f8087d8958ebe06d57e630cd54e36aefb9dacea?s=96&d=mm&r=g\",\"contentUrl\":\"https:\\\/\\\/secure.gravatar.com\\\/avatar\\\/25f78de4fa956f6f7c01f8d96f8087d8958ebe06d57e630cd54e36aefb9dacea?s=96&d=mm&r=g\",\"caption\":\"user\"},\"sameAs\":[\"http:\\\/\\\/44.197.188.197.nip.io\"],\"url\":\"https:\\\/\\\/grupohoymexico.com\\\/puebla\\\/author\\\/user\\\/\"}]}<\/script>\n<!-- \/ Yoast SEO Premium plugin. -->","yoast_head_json":{"title":"AMLO eval\u00faa proyectos y destaca avances en el cierre de su Gobierno - Grupo Hoy Puebla","description":"AMLO revel\u00f3 que est\u00e1 llevando a cabo reuniones con su gabinete legal y ampliado para evaluar y proyectar el cierre de su gobierno.","robots":{"index":"index","follow":"follow","max-snippet":"max-snippet:-1","max-image-preview":"max-image-preview:large","max-video-preview":"max-video-preview:-1"},"canonical":"https:\/\/grupohoymexico.com\/puebla\/2024\/01\/11\/amlo-evalua-proyectos-y-destaca-avances-en-el-cierre-de-su-gobierno\/","og_locale":"es_MX","og_type":"article","og_title":"AMLO eval\u00faa proyectos y destaca avances en el cierre de su Gobierno","og_description":"AMLO revel\u00f3 que est\u00e1 llevando a cabo reuniones con su gabinete legal y ampliado para evaluar y proyectar el cierre de su gobierno.","og_url":"https:\/\/grupohoymexico.com\/puebla\/2024\/01\/11\/amlo-evalua-proyectos-y-destaca-avances-en-el-cierre-de-su-gobierno\/","og_site_name":"Grupo Hoy Puebla","article_published_time":"2024-01-11T19:45:34+00:00","og_image":[{"width":1000,"height":600,"url":"https:\/\/grupohoymexico.com\/puebla\/wp-content\/uploads\/sites\/3\/2024\/01\/1784-GRUPO-HOY.jpg","type":"image\/jpeg"}],"author":"user","twitter_card":"summary_large_image","twitter_misc":{"Escrito por":"user","Tiempo de lectura":"3 minutos"},"schema":{"@context":"https:\/\/schema.org","@graph":[{"@type":"Article","@id":"https:\/\/grupohoymexico.com\/puebla\/2024\/01\/11\/amlo-evalua-proyectos-y-destaca-avances-en-el-cierre-de-su-gobierno\/#article","isPartOf":{"@id":"https:\/\/grupohoymexico.com\/puebla\/2024\/01\/11\/amlo-evalua-proyectos-y-destaca-avances-en-el-cierre-de-su-gobierno\/"},"author":{"name":"user","@id":"https:\/\/grupohoymexico.com\/puebla\/#\/schema\/person\/ce6086ac837852775a3a4f539356c297"},"headline":"AMLO eval\u00faa proyectos y destaca avances en el cierre de su Gobierno","datePublished":"2024-01-11T19:45:34+00:00","mainEntityOfPage":{"@id":"https:\/\/grupohoymexico.com\/puebla\/2024\/01\/11\/amlo-evalua-proyectos-y-destaca-avances-en-el-cierre-de-su-gobierno\/"},"wordCount":431,"commentCount":0,"image":{"@id":"https:\/\/grupohoymexico.com\/puebla\/2024\/01\/11\/amlo-evalua-proyectos-y-destaca-avances-en-el-cierre-de-su-gobierno\/#primaryimage"},"thumbnailUrl":"https:\/\/grupohoymexico.com\/puebla\/wp-content\/uploads\/sites\/3\/2024\/01\/1784-GRUPO-HOY.jpg","articleSection":["Nacional"],"inLanguage":"es","potentialAction":[{"@type":"CommentAction","name":"Comment","target":["https:\/\/grupohoymexico.com\/puebla\/2024\/01\/11\/amlo-evalua-proyectos-y-destaca-avances-en-el-cierre-de-su-gobierno\/#respond"]}]},{"@type":"WebPage","@id":"https:\/\/grupohoymexico.com\/puebla\/2024\/01\/11\/amlo-evalua-proyectos-y-destaca-avances-en-el-cierre-de-su-gobierno\/","url":"https:\/\/grupohoymexico.com\/puebla\/2024\/01\/11\/amlo-evalua-proyectos-y-destaca-avances-en-el-cierre-de-su-gobierno\/","name":"AMLO eval\u00faa proyectos y destaca avances en el cierre de su Gobierno - Grupo Hoy Puebla","isPartOf":{"@id":"https:\/\/grupohoymexico.com\/puebla\/#website"},"primaryImageOfPage":{"@id":"https:\/\/grupohoymexico.com\/puebla\/2024\/01\/11\/amlo-evalua-proyectos-y-destaca-avances-en-el-cierre-de-su-gobierno\/#primaryimage"},"image":{"@id":"https:\/\/grupohoymexico.com\/puebla\/2024\/01\/11\/amlo-evalua-proyectos-y-destaca-avances-en-el-cierre-de-su-gobierno\/#primaryimage"},"thumbnailUrl":"https:\/\/grupohoymexico.com\/puebla\/wp-content\/uploads\/sites\/3\/2024\/01\/1784-GRUPO-HOY.jpg","datePublished":"2024-01-11T19:45:34+00:00","author":{"@id":"https:\/\/grupohoymexico.com\/puebla\/#\/schema\/person\/ce6086ac837852775a3a4f539356c297"},"description":"AMLO revel\u00f3 que est\u00e1 llevando a cabo reuniones con su gabinete legal y ampliado para evaluar y proyectar el cierre de su gobierno.","breadcrumb":{"@id":"https:\/\/grupohoymexico.com\/puebla\/2024\/01\/11\/amlo-evalua-proyectos-y-destaca-avances-en-el-cierre-de-su-gobierno\/#breadcrumb"},"inLanguage":"es","potentialAction":[{"@type":"ReadAction","target":["https:\/\/grupohoymexico.com\/puebla\/2024\/01\/11\/amlo-evalua-proyectos-y-destaca-avances-en-el-cierre-de-su-gobierno\/"]}]},{"@type":"ImageObject","inLanguage":"es","@id":"https:\/\/grupohoymexico.com\/puebla\/2024\/01\/11\/amlo-evalua-proyectos-y-destaca-avances-en-el-cierre-de-su-gobierno\/#primaryimage","url":"https:\/\/grupohoymexico.com\/puebla\/wp-content\/uploads\/sites\/3\/2024\/01\/1784-GRUPO-HOY.jpg","contentUrl":"https:\/\/grupohoymexico.com\/puebla\/wp-content\/uploads\/sites\/3\/2024\/01\/1784-GRUPO-HOY.jpg","width":1000,"height":600,"caption":"AMLO eval\u00faa proyectos y destaca avances en el cierre de su Gobierno"},{"@type":"BreadcrumbList","@id":"https:\/\/grupohoymexico.com\/puebla\/2024\/01\/11\/amlo-evalua-proyectos-y-destaca-avances-en-el-cierre-de-su-gobierno\/#breadcrumb","itemListElement":[{"@type":"ListItem","position":1,"name":"Inicio","item":"https:\/\/grupohoymexico.com\/puebla\/"},{"@type":"ListItem","position":2,"name":"AMLO eval\u00faa proyectos y destaca avances en el cierre de su Gobierno"}]},{"@type":"WebSite","@id":"https:\/\/grupohoymexico.com\/puebla\/#website","url":"https:\/\/grupohoymexico.com\/puebla\/","name":"Grupo Hoy Puebla","description":"","potentialAction":[{"@type":"SearchAction","target":{"@type":"EntryPoint","urlTemplate":"https:\/\/grupohoymexico.com\/puebla\/?s={search_term_string}"},"query-input":{"@type":"PropertyValueSpecification","valueRequired":true,"valueName":"search_term_string"}}],"inLanguage":"es"},{"@type":"Person","@id":"https:\/\/grupohoymexico.com\/puebla\/#\/schema\/person\/ce6086ac837852775a3a4f539356c297","name":"user","image":{"@type":"ImageObject","inLanguage":"es","@id":"https:\/\/secure.gravatar.com\/avatar\/25f78de4fa956f6f7c01f8d96f8087d8958ebe06d57e630cd54e36aefb9dacea?s=96&d=mm&r=g","url":"https:\/\/secure.gravatar.com\/avatar\/25f78de4fa956f6f7c01f8d96f8087d8958ebe06d57e630cd54e36aefb9dacea?s=96&d=mm&r=g","contentUrl":"https:\/\/secure.gravatar.com\/avatar\/25f78de4fa956f6f7c01f8d96f8087d8958ebe06d57e630cd54e36aefb9dacea?s=96&d=mm&r=g","caption":"user"},"sameAs":["http:\/\/44.197.188.197.nip.io"],"url":"https:\/\/grupohoymexico.com\/puebla\/author\/user\/"}]}},"_links":{"self":[{"href":"https:\/\/grupohoymexico.com\/puebla\/wp-json\/wp\/v2\/posts\/64975","targetHints":{"allow":["GET"]}}],"collection":[{"href":"https:\/\/grupohoymexico.com\/puebla\/wp-json\/wp\/v2\/posts"}],"about":[{"href":"https:\/\/grupohoymexico.com\/puebla\/wp-json\/wp\/v2\/types\/post"}],"author":[{"embeddable":true,"href":"https:\/\/grupohoymexico.com\/puebla\/wp-json\/wp\/v2\/users\/1"}],"replies":[{"embeddable":true,"href":"https:\/\/grupohoymexico.com\/puebla\/wp-json\/wp\/v2\/comments?post=64975"}],"version-history":[{"count":0,"href":"https:\/\/grupohoymexico.com\/puebla\/wp-json\/wp\/v2\/posts\/64975\/revisions"}],"wp:featuredmedia":[{"embeddable":true,"href":"https:\/\/grupohoymexico.com\/puebla\/wp-json\/wp\/v2\/media\/64976"}],"wp:attachment":[{"href":"https:\/\/grupohoymexico.com\/puebla\/wp-json\/wp\/v2\/media?parent=64975"}],"wp:term":[{"taxonomy":"category","embeddable":true,"href":"https:\/\/grupohoymexico.com\/puebla\/wp-json\/wp\/v2\/categories?post=64975"},{"taxonomy":"post_tag","embeddable":true,"href":"https:\/\/grupohoymexico.com\/puebla\/wp-json\/wp\/v2\/tags?post=64975"}],"curies":[{"name":"wp","href":"https:\/\/api.w.org\/{rel}","templated":true}]}}