{"id":64969,"date":"2024-01-11T11:35:42","date_gmt":"2024-01-11T17:35:42","guid":{"rendered":"https:\/\/pueblahoy.com.mx\/?p=64969"},"modified":"2024-01-11T11:35:42","modified_gmt":"2024-01-11T17:35:42","slug":"gobierno-de-sergio-salomon-impulsa-mipymes-con-programa-de-creditos-preferenciales","status":"publish","type":"post","link":"https:\/\/grupohoymexico.com\/puebla\/2024\/01\/11\/gobierno-de-sergio-salomon-impulsa-mipymes-con-programa-de-creditos-preferenciales\/","title":{"rendered":"Gobierno de Sergio Salom\u00f3n impulsa MIPYMES con programa de cr\u00e9ditos preferenciales"},"content":{"rendered":"<p>En un esfuerzo por fortalecer el tejido empresarial y econ\u00f3mico de <a href=\"https:\/\/pueblahoy.com.mx\/\">Puebla<\/a>, el gobierno liderado por Sergio Salom\u00f3n lanz\u00f3 el programa &#8220;Juntos por Puebla&#8221;. Esta iniciativa, en colaboraci\u00f3n con Nacional Financiera (NAFIN), tiene como objetivo brindar apoyo financiero a las micro, peque\u00f1as y medianas empresas (MIPYMES), con un enfoque especial en aquellas lideradas por mujeres empresarias.<\/p>\n<p><img fetchpriority=\"high\" decoding=\"async\" class=\"\" src=\"https:\/\/www.puebla.gob.mx\/media\/k2\/attachments\/GOB_SS_CP_017-2024_JUNTOS_POR_PUEBLA_100124_(2).jpg\" width=\"1090\" height=\"675\" \/><\/p>\n<p>El gobernador Salom\u00f3n detall\u00f3 que el programa busca facilitar el acceso a cr\u00e9ditos para el desarrollo de las MIPYMES, ofreciendo tasas de inter\u00e9s preferenciales. Estas facilidades crediticias estar\u00e1n disponibles tanto para empresas constituidas como personas f\u00edsicas y morales. Se otorgar\u00e1n cr\u00e9ditos que van desde los 100 mil hasta los 5 millones de pesos, con una tasa fija anual del 14.75 por ciento, la m\u00e1s baja del mercado. Adem\u00e1s, se establece un plazo de hasta 60 meses y un periodo de gracia de seis meses.<\/p>\n<h4>El mandatario destac\u00f3 que este programa tiene un enfoque inclusivo, destinando especial atenci\u00f3n a mujeres empresarias que lideren sus propias compa\u00f1\u00edas. Se busca apoyar a sectores clave de la econom\u00eda local, como la industria manufacturera, la producci\u00f3n de artesan\u00edas, sociedades microindustriales y cooperativas.<\/h4>\n<p><img decoding=\"async\" class=\"\" src=\"https:\/\/www.puebla.gob.mx\/media\/k2\/attachments\/GOB_SS_CP_017-2024_JUNTOS_POR_PUEBLA_100124_(6).jpg\" width=\"1082\" height=\"652\" \/><\/p>\n<p>En el lanzamiento del programa, Sergio Salom\u00f3n enfatiz\u00f3 la importancia de &#8220;Juntos por Puebla&#8221; como un impulso adicional a la econom\u00eda local. Subray\u00f3 el notable crecimiento econ\u00f3mico experimentado en el \u00faltimo a\u00f1o, resultado de estrategias gubernamentales y las condiciones \u00fanicas de gobernabilidad en la entidad.<\/p>\n<p>El secretario de Econom\u00eda, Ermilo Barrera Novelo, explic\u00f3 que &#8220;Juntos por Puebla&#8221; responde a la necesidad de dise\u00f1ar pol\u00edticas p\u00fablicas efectivas para atender las demandas m\u00e1s apremiantes de la poblaci\u00f3n. El programa cuenta con una bolsa de financiamiento de 327.4 millones de pesos, destinada a garantizar el crecimiento de las MIPYMES y mejorar las condiciones de competitividad en el estado.<\/p>\n<p>Para acceder a estos cr\u00e9ditos, las personas interesadas pueden hacerlo a trav\u00e9s de los bancos participantes, con informaci\u00f3n detallada disponible en los sitios web oficiales: <a href=\"https:\/\/se.puebla.gob.mx\/\">se.puebla.gob.mx<\/a> y <a href=\"https:\/\/creditoimpulso.puebla.gob.mx\/\">creditoimpulso.puebla.gob.mx<\/a>.<\/p>\n<p>En la presentaci\u00f3n del programa estuvieron presentes importantes actores, como Gonzalo Herrera Galicia, director regional centro de Nacional Financiera (NAFIN); Jes\u00fas Rasc\u00f3n Celma, presidente del Consejo Consultivo de NAFIN Puebla y presidente del Cl\u00faster Automotriz. La iniciativa tambi\u00e9n cont\u00f3 con la participaci\u00f3n de empresarios locales y secretarios estatales, subrayando la colaboraci\u00f3n p\u00fablico-privada como clave para el \u00e9xito de &#8220;Juntos por Puebla&#8221;.<\/p>\n<p><img decoding=\"async\" class=\"\" src=\"https:\/\/www.puebla.gob.mx\/media\/k2\/attachments\/GOB_SS_CP_017-2024_JUNTOS_POR_PUEBLA_100124_(5).jpg\" width=\"1147\" height=\"543\" \/><\/p>\n","protected":false},"excerpt":{"rendered":"En un esfuerzo por fortalecer el tejido empresarial y econ\u00f3mico de Puebla, el gobierno liderado por Sergio Salom\u00f3n&hellip;","protected":false},"author":1,"featured_media":64970,"comment_status":"open","ping_status":"closed","sticky":false,"template":"","format":"standard","meta":{"csco_display_header_overlay":false,"csco_singular_sidebar":"","csco_page_header_type":"","csco_page_load_nextpost":"","csco_post_video_location":[],"csco_post_video_location_hash":"","csco_post_video_url":"","csco_post_video_bg_start_time":0,"csco_post_video_bg_end_time":0,"footnotes":""},"categories":[34],"tags":[],"class_list":{"0":"post-64969","1":"post","2":"type-post","3":"status-publish","4":"format-standard","5":"has-post-thumbnail","7":"category-finanzas","8":"cs-entry","9":"cs-video-wrap"},"yoast_head":"<!-- This site is optimized with the Yoast SEO Premium plugin v24.7 (Yoast SEO v27.4) - https:\/\/yoast.com\/product\/yoast-seo-premium-wordpress\/ -->\n<title>Gobierno de Sergio Salom\u00f3n impulsa MIPYMES con programa de cr\u00e9ditos preferenciales - Grupo Hoy Puebla<\/title>\n<meta name=\"description\" content=\"Sergio Salom\u00f3n lanz\u00f3 el programa &quot;Juntos por Puebla&quot;, con el objetivo de brindar apoyo financiero a las micro, peque\u00f1as y medianas empresas.\" \/>\n<meta name=\"robots\" content=\"index, follow, max-snippet:-1, max-image-preview:large, max-video-preview:-1\" \/>\n<link rel=\"canonical\" href=\"https:\/\/grupohoymexico.com\/puebla\/2024\/01\/11\/gobierno-de-sergio-salomon-impulsa-mipymes-con-programa-de-creditos-preferenciales\/\" \/>\n<meta property=\"og:locale\" content=\"es_MX\" \/>\n<meta property=\"og:type\" content=\"article\" \/>\n<meta property=\"og:title\" content=\"Gobierno de Sergio Salom\u00f3n impulsa MIPYMES con programa de cr\u00e9ditos preferenciales\" \/>\n<meta property=\"og:description\" content=\"Sergio Salom\u00f3n lanz\u00f3 el programa &quot;Juntos por Puebla&quot;, con el objetivo de brindar apoyo financiero a las micro, peque\u00f1as y medianas empresas.\" \/>\n<meta property=\"og:url\" content=\"https:\/\/grupohoymexico.com\/puebla\/2024\/01\/11\/gobierno-de-sergio-salomon-impulsa-mipymes-con-programa-de-creditos-preferenciales\/\" \/>\n<meta property=\"og:site_name\" content=\"Grupo Hoy Puebla\" \/>\n<meta property=\"article:published_time\" content=\"2024-01-11T17:35:42+00:00\" \/>\n<meta property=\"og:image\" content=\"https:\/\/grupohoymexico.com\/puebla\/wp-content\/uploads\/sites\/3\/2024\/01\/1781-PUEBLA.jpg\" \/>\n\t<meta property=\"og:image:width\" content=\"1000\" \/>\n\t<meta property=\"og:image:height\" content=\"600\" \/>\n\t<meta property=\"og:image:type\" content=\"image\/jpeg\" \/>\n<meta name=\"author\" content=\"user\" \/>\n<meta name=\"twitter:card\" content=\"summary_large_image\" \/>\n<meta name=\"twitter:label1\" content=\"Escrito por\" \/>\n\t<meta name=\"twitter:data1\" content=\"user\" \/>\n\t<meta name=\"twitter:label2\" content=\"Tiempo de lectura\" \/>\n\t<meta name=\"twitter:data2\" content=\"3 minutos\" \/>\n<script type=\"application\/ld+json\" class=\"yoast-schema-graph\">{\"@context\":\"https:\\\/\\\/schema.org\",\"@graph\":[{\"@type\":\"Article\",\"@id\":\"https:\\\/\\\/grupohoymexico.com\\\/puebla\\\/2024\\\/01\\\/11\\\/gobierno-de-sergio-salomon-impulsa-mipymes-con-programa-de-creditos-preferenciales\\\/#article\",\"isPartOf\":{\"@id\":\"https:\\\/\\\/grupohoymexico.com\\\/puebla\\\/2024\\\/01\\\/11\\\/gobierno-de-sergio-salomon-impulsa-mipymes-con-programa-de-creditos-preferenciales\\\/\"},\"author\":{\"name\":\"user\",\"@id\":\"https:\\\/\\\/grupohoymexico.com\\\/puebla\\\/#\\\/schema\\\/person\\\/ce6086ac837852775a3a4f539356c297\"},\"headline\":\"Gobierno de Sergio Salom\u00f3n impulsa MIPYMES con programa de cr\u00e9ditos preferenciales\",\"datePublished\":\"2024-01-11T17:35:42+00:00\",\"mainEntityOfPage\":{\"@id\":\"https:\\\/\\\/grupohoymexico.com\\\/puebla\\\/2024\\\/01\\\/11\\\/gobierno-de-sergio-salomon-impulsa-mipymes-con-programa-de-creditos-preferenciales\\\/\"},\"wordCount\":430,\"commentCount\":0,\"image\":{\"@id\":\"https:\\\/\\\/grupohoymexico.com\\\/puebla\\\/2024\\\/01\\\/11\\\/gobierno-de-sergio-salomon-impulsa-mipymes-con-programa-de-creditos-preferenciales\\\/#primaryimage\"},\"thumbnailUrl\":\"https:\\\/\\\/grupohoymexico.com\\\/puebla\\\/wp-content\\\/uploads\\\/sites\\\/3\\\/2024\\\/01\\\/1781-PUEBLA.jpg\",\"articleSection\":[\"Finanzas\"],\"inLanguage\":\"es\",\"potentialAction\":[{\"@type\":\"CommentAction\",\"name\":\"Comment\",\"target\":[\"https:\\\/\\\/grupohoymexico.com\\\/puebla\\\/2024\\\/01\\\/11\\\/gobierno-de-sergio-salomon-impulsa-mipymes-con-programa-de-creditos-preferenciales\\\/#respond\"]}]},{\"@type\":\"WebPage\",\"@id\":\"https:\\\/\\\/grupohoymexico.com\\\/puebla\\\/2024\\\/01\\\/11\\\/gobierno-de-sergio-salomon-impulsa-mipymes-con-programa-de-creditos-preferenciales\\\/\",\"url\":\"https:\\\/\\\/grupohoymexico.com\\\/puebla\\\/2024\\\/01\\\/11\\\/gobierno-de-sergio-salomon-impulsa-mipymes-con-programa-de-creditos-preferenciales\\\/\",\"name\":\"Gobierno de Sergio Salom\u00f3n impulsa MIPYMES con programa de cr\u00e9ditos preferenciales - Grupo Hoy Puebla\",\"isPartOf\":{\"@id\":\"https:\\\/\\\/grupohoymexico.com\\\/puebla\\\/#website\"},\"primaryImageOfPage\":{\"@id\":\"https:\\\/\\\/grupohoymexico.com\\\/puebla\\\/2024\\\/01\\\/11\\\/gobierno-de-sergio-salomon-impulsa-mipymes-con-programa-de-creditos-preferenciales\\\/#primaryimage\"},\"image\":{\"@id\":\"https:\\\/\\\/grupohoymexico.com\\\/puebla\\\/2024\\\/01\\\/11\\\/gobierno-de-sergio-salomon-impulsa-mipymes-con-programa-de-creditos-preferenciales\\\/#primaryimage\"},\"thumbnailUrl\":\"https:\\\/\\\/grupohoymexico.com\\\/puebla\\\/wp-content\\\/uploads\\\/sites\\\/3\\\/2024\\\/01\\\/1781-PUEBLA.jpg\",\"datePublished\":\"2024-01-11T17:35:42+00:00\",\"author\":{\"@id\":\"https:\\\/\\\/grupohoymexico.com\\\/puebla\\\/#\\\/schema\\\/person\\\/ce6086ac837852775a3a4f539356c297\"},\"description\":\"Sergio Salom\u00f3n lanz\u00f3 el programa \\\"Juntos por Puebla\\\", con el objetivo de brindar apoyo financiero a las micro, peque\u00f1as y medianas empresas.\",\"breadcrumb\":{\"@id\":\"https:\\\/\\\/grupohoymexico.com\\\/puebla\\\/2024\\\/01\\\/11\\\/gobierno-de-sergio-salomon-impulsa-mipymes-con-programa-de-creditos-preferenciales\\\/#breadcrumb\"},\"inLanguage\":\"es\",\"potentialAction\":[{\"@type\":\"ReadAction\",\"target\":[\"https:\\\/\\\/grupohoymexico.com\\\/puebla\\\/2024\\\/01\\\/11\\\/gobierno-de-sergio-salomon-impulsa-mipymes-con-programa-de-creditos-preferenciales\\\/\"]}]},{\"@type\":\"ImageObject\",\"inLanguage\":\"es\",\"@id\":\"https:\\\/\\\/grupohoymexico.com\\\/puebla\\\/2024\\\/01\\\/11\\\/gobierno-de-sergio-salomon-impulsa-mipymes-con-programa-de-creditos-preferenciales\\\/#primaryimage\",\"url\":\"https:\\\/\\\/grupohoymexico.com\\\/puebla\\\/wp-content\\\/uploads\\\/sites\\\/3\\\/2024\\\/01\\\/1781-PUEBLA.jpg\",\"contentUrl\":\"https:\\\/\\\/grupohoymexico.com\\\/puebla\\\/wp-content\\\/uploads\\\/sites\\\/3\\\/2024\\\/01\\\/1781-PUEBLA.jpg\",\"width\":1000,\"height\":600,\"caption\":\"Gobierno de Sergio Salom\u00f3n impulsa MIPYMES con programa de cr\u00e9ditos preferenciales\"},{\"@type\":\"BreadcrumbList\",\"@id\":\"https:\\\/\\\/grupohoymexico.com\\\/puebla\\\/2024\\\/01\\\/11\\\/gobierno-de-sergio-salomon-impulsa-mipymes-con-programa-de-creditos-preferenciales\\\/#breadcrumb\",\"itemListElement\":[{\"@type\":\"ListItem\",\"position\":1,\"name\":\"Inicio\",\"item\":\"https:\\\/\\\/grupohoymexico.com\\\/puebla\\\/\"},{\"@type\":\"ListItem\",\"position\":2,\"name\":\"Gobierno de Sergio Salom\u00f3n impulsa MIPYMES con programa de cr\u00e9ditos preferenciales\"}]},{\"@type\":\"WebSite\",\"@id\":\"https:\\\/\\\/grupohoymexico.com\\\/puebla\\\/#website\",\"url\":\"https:\\\/\\\/grupohoymexico.com\\\/puebla\\\/\",\"name\":\"Grupo Hoy Puebla\",\"description\":\"\",\"potentialAction\":[{\"@type\":\"SearchAction\",\"target\":{\"@type\":\"EntryPoint\",\"urlTemplate\":\"https:\\\/\\\/grupohoymexico.com\\\/puebla\\\/?s={search_term_string}\"},\"query-input\":{\"@type\":\"PropertyValueSpecification\",\"valueRequired\":true,\"valueName\":\"search_term_string\"}}],\"inLanguage\":\"es\"},{\"@type\":\"Person\",\"@id\":\"https:\\\/\\\/grupohoymexico.com\\\/puebla\\\/#\\\/schema\\\/person\\\/ce6086ac837852775a3a4f539356c297\",\"name\":\"user\",\"image\":{\"@type\":\"ImageObject\",\"inLanguage\":\"es\",\"@id\":\"https:\\\/\\\/secure.gravatar.com\\\/avatar\\\/25f78de4fa956f6f7c01f8d96f8087d8958ebe06d57e630cd54e36aefb9dacea?s=96&d=mm&r=g\",\"url\":\"https:\\\/\\\/secure.gravatar.com\\\/avatar\\\/25f78de4fa956f6f7c01f8d96f8087d8958ebe06d57e630cd54e36aefb9dacea?s=96&d=mm&r=g\",\"contentUrl\":\"https:\\\/\\\/secure.gravatar.com\\\/avatar\\\/25f78de4fa956f6f7c01f8d96f8087d8958ebe06d57e630cd54e36aefb9dacea?s=96&d=mm&r=g\",\"caption\":\"user\"},\"sameAs\":[\"http:\\\/\\\/44.197.188.197.nip.io\"],\"url\":\"https:\\\/\\\/grupohoymexico.com\\\/puebla\\\/author\\\/user\\\/\"}]}<\/script>\n<!-- \/ Yoast SEO Premium plugin. -->","yoast_head_json":{"title":"Gobierno de Sergio Salom\u00f3n impulsa MIPYMES con programa de cr\u00e9ditos preferenciales - Grupo Hoy Puebla","description":"Sergio Salom\u00f3n lanz\u00f3 el programa \"Juntos por Puebla\", con el objetivo de brindar apoyo financiero a las micro, peque\u00f1as y medianas empresas.","robots":{"index":"index","follow":"follow","max-snippet":"max-snippet:-1","max-image-preview":"max-image-preview:large","max-video-preview":"max-video-preview:-1"},"canonical":"https:\/\/grupohoymexico.com\/puebla\/2024\/01\/11\/gobierno-de-sergio-salomon-impulsa-mipymes-con-programa-de-creditos-preferenciales\/","og_locale":"es_MX","og_type":"article","og_title":"Gobierno de Sergio Salom\u00f3n impulsa MIPYMES con programa de cr\u00e9ditos preferenciales","og_description":"Sergio Salom\u00f3n lanz\u00f3 el programa \"Juntos por Puebla\", con el objetivo de brindar apoyo financiero a las micro, peque\u00f1as y medianas empresas.","og_url":"https:\/\/grupohoymexico.com\/puebla\/2024\/01\/11\/gobierno-de-sergio-salomon-impulsa-mipymes-con-programa-de-creditos-preferenciales\/","og_site_name":"Grupo Hoy Puebla","article_published_time":"2024-01-11T17:35:42+00:00","og_image":[{"width":1000,"height":600,"url":"https:\/\/grupohoymexico.com\/puebla\/wp-content\/uploads\/sites\/3\/2024\/01\/1781-PUEBLA.jpg","type":"image\/jpeg"}],"author":"user","twitter_card":"summary_large_image","twitter_misc":{"Escrito por":"user","Tiempo de lectura":"3 minutos"},"schema":{"@context":"https:\/\/schema.org","@graph":[{"@type":"Article","@id":"https:\/\/grupohoymexico.com\/puebla\/2024\/01\/11\/gobierno-de-sergio-salomon-impulsa-mipymes-con-programa-de-creditos-preferenciales\/#article","isPartOf":{"@id":"https:\/\/grupohoymexico.com\/puebla\/2024\/01\/11\/gobierno-de-sergio-salomon-impulsa-mipymes-con-programa-de-creditos-preferenciales\/"},"author":{"name":"user","@id":"https:\/\/grupohoymexico.com\/puebla\/#\/schema\/person\/ce6086ac837852775a3a4f539356c297"},"headline":"Gobierno de Sergio Salom\u00f3n impulsa MIPYMES con programa de cr\u00e9ditos preferenciales","datePublished":"2024-01-11T17:35:42+00:00","mainEntityOfPage":{"@id":"https:\/\/grupohoymexico.com\/puebla\/2024\/01\/11\/gobierno-de-sergio-salomon-impulsa-mipymes-con-programa-de-creditos-preferenciales\/"},"wordCount":430,"commentCount":0,"image":{"@id":"https:\/\/grupohoymexico.com\/puebla\/2024\/01\/11\/gobierno-de-sergio-salomon-impulsa-mipymes-con-programa-de-creditos-preferenciales\/#primaryimage"},"thumbnailUrl":"https:\/\/grupohoymexico.com\/puebla\/wp-content\/uploads\/sites\/3\/2024\/01\/1781-PUEBLA.jpg","articleSection":["Finanzas"],"inLanguage":"es","potentialAction":[{"@type":"CommentAction","name":"Comment","target":["https:\/\/grupohoymexico.com\/puebla\/2024\/01\/11\/gobierno-de-sergio-salomon-impulsa-mipymes-con-programa-de-creditos-preferenciales\/#respond"]}]},{"@type":"WebPage","@id":"https:\/\/grupohoymexico.com\/puebla\/2024\/01\/11\/gobierno-de-sergio-salomon-impulsa-mipymes-con-programa-de-creditos-preferenciales\/","url":"https:\/\/grupohoymexico.com\/puebla\/2024\/01\/11\/gobierno-de-sergio-salomon-impulsa-mipymes-con-programa-de-creditos-preferenciales\/","name":"Gobierno de Sergio Salom\u00f3n impulsa MIPYMES con programa de cr\u00e9ditos preferenciales - Grupo Hoy Puebla","isPartOf":{"@id":"https:\/\/grupohoymexico.com\/puebla\/#website"},"primaryImageOfPage":{"@id":"https:\/\/grupohoymexico.com\/puebla\/2024\/01\/11\/gobierno-de-sergio-salomon-impulsa-mipymes-con-programa-de-creditos-preferenciales\/#primaryimage"},"image":{"@id":"https:\/\/grupohoymexico.com\/puebla\/2024\/01\/11\/gobierno-de-sergio-salomon-impulsa-mipymes-con-programa-de-creditos-preferenciales\/#primaryimage"},"thumbnailUrl":"https:\/\/grupohoymexico.com\/puebla\/wp-content\/uploads\/sites\/3\/2024\/01\/1781-PUEBLA.jpg","datePublished":"2024-01-11T17:35:42+00:00","author":{"@id":"https:\/\/grupohoymexico.com\/puebla\/#\/schema\/person\/ce6086ac837852775a3a4f539356c297"},"description":"Sergio Salom\u00f3n lanz\u00f3 el programa \"Juntos por Puebla\", con el objetivo de brindar apoyo financiero a las micro, peque\u00f1as y medianas empresas.","breadcrumb":{"@id":"https:\/\/grupohoymexico.com\/puebla\/2024\/01\/11\/gobierno-de-sergio-salomon-impulsa-mipymes-con-programa-de-creditos-preferenciales\/#breadcrumb"},"inLanguage":"es","potentialAction":[{"@type":"ReadAction","target":["https:\/\/grupohoymexico.com\/puebla\/2024\/01\/11\/gobierno-de-sergio-salomon-impulsa-mipymes-con-programa-de-creditos-preferenciales\/"]}]},{"@type":"ImageObject","inLanguage":"es","@id":"https:\/\/grupohoymexico.com\/puebla\/2024\/01\/11\/gobierno-de-sergio-salomon-impulsa-mipymes-con-programa-de-creditos-preferenciales\/#primaryimage","url":"https:\/\/grupohoymexico.com\/puebla\/wp-content\/uploads\/sites\/3\/2024\/01\/1781-PUEBLA.jpg","contentUrl":"https:\/\/grupohoymexico.com\/puebla\/wp-content\/uploads\/sites\/3\/2024\/01\/1781-PUEBLA.jpg","width":1000,"height":600,"caption":"Gobierno de Sergio Salom\u00f3n impulsa MIPYMES con programa de cr\u00e9ditos preferenciales"},{"@type":"BreadcrumbList","@id":"https:\/\/grupohoymexico.com\/puebla\/2024\/01\/11\/gobierno-de-sergio-salomon-impulsa-mipymes-con-programa-de-creditos-preferenciales\/#breadcrumb","itemListElement":[{"@type":"ListItem","position":1,"name":"Inicio","item":"https:\/\/grupohoymexico.com\/puebla\/"},{"@type":"ListItem","position":2,"name":"Gobierno de Sergio Salom\u00f3n impulsa MIPYMES con programa de cr\u00e9ditos preferenciales"}]},{"@type":"WebSite","@id":"https:\/\/grupohoymexico.com\/puebla\/#website","url":"https:\/\/grupohoymexico.com\/puebla\/","name":"Grupo Hoy Puebla","description":"","potentialAction":[{"@type":"SearchAction","target":{"@type":"EntryPoint","urlTemplate":"https:\/\/grupohoymexico.com\/puebla\/?s={search_term_string}"},"query-input":{"@type":"PropertyValueSpecification","valueRequired":true,"valueName":"search_term_string"}}],"inLanguage":"es"},{"@type":"Person","@id":"https:\/\/grupohoymexico.com\/puebla\/#\/schema\/person\/ce6086ac837852775a3a4f539356c297","name":"user","image":{"@type":"ImageObject","inLanguage":"es","@id":"https:\/\/secure.gravatar.com\/avatar\/25f78de4fa956f6f7c01f8d96f8087d8958ebe06d57e630cd54e36aefb9dacea?s=96&d=mm&r=g","url":"https:\/\/secure.gravatar.com\/avatar\/25f78de4fa956f6f7c01f8d96f8087d8958ebe06d57e630cd54e36aefb9dacea?s=96&d=mm&r=g","contentUrl":"https:\/\/secure.gravatar.com\/avatar\/25f78de4fa956f6f7c01f8d96f8087d8958ebe06d57e630cd54e36aefb9dacea?s=96&d=mm&r=g","caption":"user"},"sameAs":["http:\/\/44.197.188.197.nip.io"],"url":"https:\/\/grupohoymexico.com\/puebla\/author\/user\/"}]}},"_links":{"self":[{"href":"https:\/\/grupohoymexico.com\/puebla\/wp-json\/wp\/v2\/posts\/64969","targetHints":{"allow":["GET"]}}],"collection":[{"href":"https:\/\/grupohoymexico.com\/puebla\/wp-json\/wp\/v2\/posts"}],"about":[{"href":"https:\/\/grupohoymexico.com\/puebla\/wp-json\/wp\/v2\/types\/post"}],"author":[{"embeddable":true,"href":"https:\/\/grupohoymexico.com\/puebla\/wp-json\/wp\/v2\/users\/1"}],"replies":[{"embeddable":true,"href":"https:\/\/grupohoymexico.com\/puebla\/wp-json\/wp\/v2\/comments?post=64969"}],"version-history":[{"count":0,"href":"https:\/\/grupohoymexico.com\/puebla\/wp-json\/wp\/v2\/posts\/64969\/revisions"}],"wp:featuredmedia":[{"embeddable":true,"href":"https:\/\/grupohoymexico.com\/puebla\/wp-json\/wp\/v2\/media\/64970"}],"wp:attachment":[{"href":"https:\/\/grupohoymexico.com\/puebla\/wp-json\/wp\/v2\/media?parent=64969"}],"wp:term":[{"taxonomy":"category","embeddable":true,"href":"https:\/\/grupohoymexico.com\/puebla\/wp-json\/wp\/v2\/categories?post=64969"},{"taxonomy":"post_tag","embeddable":true,"href":"https:\/\/grupohoymexico.com\/puebla\/wp-json\/wp\/v2\/tags?post=64969"}],"curies":[{"name":"wp","href":"https:\/\/api.w.org\/{rel}","templated":true}]}}