{"id":64961,"date":"2024-01-10T18:15:33","date_gmt":"2024-01-11T00:15:33","guid":{"rendered":"https:\/\/pueblahoy.com.mx\/?p=64961"},"modified":"2024-01-10T18:15:33","modified_gmt":"2024-01-11T00:15:33","slug":"jorge-alvarez-se-registra-como-precandidato-presidencial-por-movimiento-ciudadano","status":"publish","type":"post","link":"https:\/\/grupohoymexico.com\/puebla\/2024\/01\/10\/jorge-alvarez-se-registra-como-precandidato-presidencial-por-movimiento-ciudadano\/","title":{"rendered":"Jorge \u00c1lvarez se registra como precandidato presidencial por Movimiento Ciudadano"},"content":{"rendered":"<p>En un ambiente lleno de emoci\u00f3n y entusiasmo, <a href=\"https:\/\/es.wikipedia.org\/wiki\/Jorge_%C3%81lvarez_M%C3%A1ynez\">Jorge \u00c1lvarez M\u00e1ynez<\/a> formaliz\u00f3 su registro como precandidato presidencial por Movimiento Ciudadano (MC), proclam\u00e1ndose como el &#8220;Candidato de lo Nuevo&#8221;. Rodeado de simpatizantes y coreando c\u00e1nticos de &#8220;Presidente&#8221;, el coordinador de los diputados federales de MC expres\u00f3 su agradecimiento por el respaldo un\u00e1nime a su candidatura.<\/p>\n<blockquote class=\"twitter-tweet\" data-width=\"550\" data-dnt=\"true\">\n<p lang=\"es\" dir=\"ltr\">\u00a1NUESTRO MOVIMIENTO EST\u00c1 M\u00c1S FUERTE QUE NUNCA Y VAMOS A GANAR LA PRESIDENCIA DE LA REP\u00daBLICA! \ud83c\uddf2\ud83c\uddfd\ud83c\udf4a<\/p>\n<p>Hoy <a href=\"https:\/\/twitter.com\/AlvarezMaynez?ref_src=twsrc%5Etfw\">@AlvarezMaynez<\/a>, se registr\u00f3 como precandidato \u00fanico a la presidencia de la Rep\u00fablica por nuestro Movimiento. \ud83c\udf4a <br \/>Estamos seguros que junto a \u00e9l construiremos la opci\u00f3n que\u2026 <a href=\"https:\/\/t.co\/YljqmGehpC\">pic.twitter.com\/YljqmGehpC<\/a><\/p>\n<p>&mdash; Movimiento Ciudadano | Movimiento Naranja (@MovCiudadanoMX) <a href=\"https:\/\/twitter.com\/MovCiudadanoMX\/status\/1745172509430083769?ref_src=twsrc%5Etfw\">January 10, 2024<\/a><\/p><\/blockquote>\n<p><script async src=\"https:\/\/platform.twitter.com\/widgets.js\" charset=\"utf-8\"><\/script><\/p>\n<p>Durante su registro, \u00c1lvarez M\u00e1ynez enfatiz\u00f3 que la campa\u00f1a de MC se centrar\u00e1 en obtener el voto de los j\u00f3venes y abordar tres ejes fundamentales para el gobierno: prosperidad, un M\u00e9xico de iguales y la atenci\u00f3n a la problem\u00e1tica de la inseguridad y la violencia en el pa\u00eds.<\/p>\n<p><img fetchpriority=\"high\" decoding=\"async\" class=\"alignnone\" title=\"Feyenoord lanza tr\u00e1iler y revela detalles sobre el documental de Santiago Gim\u00e9nez\" src=\"https:\/\/www.altonivel.com.mx\/wp-content\/uploads\/2024\/01\/jorge-alvarez-maynez.jpg\" alt=\"Jorge \u00c1lvarez se registra como precandidato presidencial por Movimiento Ciudadano\" width=\"1035\" height=\"699\" \/><\/p>\n<p>Destac\u00f3 su convicci\u00f3n de que al ofrecer opciones a la ciudadan\u00eda, se puede generar un cambio, especialmente porque la poblaci\u00f3n no desea regresar a la pol\u00edtica antigua representada por el PRI y el PAN. Asegur\u00f3 que MC puede ganar en tres meses, a pesar de que las precandidatas Claudia Sheinbaum y X\u00f3chitl G\u00e1lvez llevan m\u00e1s tiempo promoviendo sus aspiraciones.<\/p>\n<blockquote><p><em><strong>&#8220;La gente ya nos ha demostrado que, si les damos opci\u00f3n, tampoco quieren votar por Morena. Prefieren lo nuevo, candidaturas y proyectos ciudadanos que tengan una visi\u00f3n de futuro. Eso es lo que hay que darles, y en eso nadie nos va a ganar&#8221;<\/strong><\/em>, expres\u00f3 \u00c1lvarez M\u00e1ynez.<\/p><\/blockquote>\n<p>En cuanto al corto periodo de precampa\u00f1a de Samuel Garc\u00eda, que dur\u00f3 solo unos d\u00edas a finales del a\u00f1o pasado, compar\u00f3 la situaci\u00f3n con el escenario nacional y se\u00f1al\u00f3 que, de haber ocurrido a nivel nacional, se hablar\u00eda de autoritarismo.<\/p>\n<h4>TOTAL APOYO DE MOVIMIENTO CIUDADANO<\/h4>\n<p>Agradeci\u00f3 a Dante Delgado, l\u00edder de MC, por la oportunidad y lo elogi\u00f3 como la definici\u00f3n viva de la pol\u00edtica. Tambi\u00e9n mencion\u00f3 el caso de Samuel Garc\u00eda, destacando su capacidad para revertir las preferencias en tan solo nueve d\u00edas y resalt\u00f3 que M\u00e9xico merece un mejor futuro.<\/p>\n<p><img decoding=\"async\" class=\"alignnone\" src=\"https:\/\/trasfondo.com.mx\/wp-content\/uploads\/2024\/01\/Jorge-Alvarez-Maynez-registro01.jpg\" alt=\"\" width=\"768\" height=\"512\" \/><\/p>\n<p>Dante Delgado, coordinador nacional de MC, expres\u00f3 su reconocimiento a las cualidades de \u00c1lvarez M\u00e1ynez y adelant\u00f3 que el pr\u00f3ximo 20 de enero ser\u00e1 ratificado como el candidato \u00fanico a la Presidencia de M\u00e9xico. Samuel Garc\u00eda, gobernador de Nuevo Le\u00f3n, respald\u00f3 la decisi\u00f3n y destac\u00f3 a \u00c1lvarez M\u00e1ynez como el sucesor natural en la precandidatura presidencial de MC.<\/p>\n","protected":false},"excerpt":{"rendered":"En un ambiente lleno de emoci\u00f3n y entusiasmo, Jorge \u00c1lvarez M\u00e1ynez formaliz\u00f3 su registro como precandidato presidencial por&hellip;","protected":false},"author":1,"featured_media":64962,"comment_status":"open","ping_status":"closed","sticky":false,"template":"","format":"standard","meta":{"csco_display_header_overlay":false,"csco_singular_sidebar":"","csco_page_header_type":"","csco_page_load_nextpost":"","csco_post_video_location":[],"csco_post_video_location_hash":"","csco_post_video_url":"","csco_post_video_bg_start_time":0,"csco_post_video_bg_end_time":0,"footnotes":""},"categories":[28],"tags":[],"class_list":{"0":"post-64961","1":"post","2":"type-post","3":"status-publish","4":"format-standard","5":"has-post-thumbnail","7":"category-nacional","8":"cs-entry","9":"cs-video-wrap"},"yoast_head":"<!-- This site is optimized with the Yoast SEO Premium plugin v24.7 (Yoast SEO v27.4) - https:\/\/yoast.com\/product\/yoast-seo-premium-wordpress\/ -->\n<title>Jorge \u00c1lvarez se registra como precandidato presidencial por Movimiento Ciudadano - Grupo Hoy Puebla<\/title>\n<meta name=\"description\" content=\"Jorge \u00c1lvarez M\u00e1ynez, este mi\u00e9rcoles, formaliz\u00f3 su registro como precandidato presidencial por Movimiento Ciudadano.\" \/>\n<meta name=\"robots\" content=\"index, follow, max-snippet:-1, max-image-preview:large, max-video-preview:-1\" \/>\n<link rel=\"canonical\" href=\"https:\/\/grupohoymexico.com\/puebla\/2024\/01\/10\/jorge-alvarez-se-registra-como-precandidato-presidencial-por-movimiento-ciudadano\/\" \/>\n<meta property=\"og:locale\" content=\"es_MX\" \/>\n<meta property=\"og:type\" content=\"article\" \/>\n<meta property=\"og:title\" content=\"Jorge \u00c1lvarez se registra como precandidato presidencial por Movimiento Ciudadano\" \/>\n<meta property=\"og:description\" content=\"Jorge \u00c1lvarez M\u00e1ynez, este mi\u00e9rcoles, formaliz\u00f3 su registro como precandidato presidencial por Movimiento Ciudadano.\" \/>\n<meta property=\"og:url\" content=\"https:\/\/grupohoymexico.com\/puebla\/2024\/01\/10\/jorge-alvarez-se-registra-como-precandidato-presidencial-por-movimiento-ciudadano\/\" \/>\n<meta property=\"og:site_name\" content=\"Grupo Hoy Puebla\" \/>\n<meta property=\"article:published_time\" content=\"2024-01-11T00:15:33+00:00\" \/>\n<meta property=\"og:image\" content=\"https:\/\/grupohoymexico.com\/puebla\/wp-content\/uploads\/sites\/3\/2024\/01\/1778-GRUPO-HOY.jpg\" \/>\n\t<meta property=\"og:image:width\" content=\"1000\" \/>\n\t<meta property=\"og:image:height\" content=\"600\" \/>\n\t<meta property=\"og:image:type\" content=\"image\/jpeg\" \/>\n<meta name=\"author\" content=\"user\" \/>\n<meta name=\"twitter:card\" content=\"summary_large_image\" \/>\n<meta name=\"twitter:label1\" content=\"Escrito por\" \/>\n\t<meta name=\"twitter:data1\" content=\"user\" \/>\n\t<meta name=\"twitter:label2\" content=\"Tiempo de lectura\" \/>\n\t<meta name=\"twitter:data2\" content=\"3 minutos\" \/>\n<script type=\"application\/ld+json\" class=\"yoast-schema-graph\">{\"@context\":\"https:\\\/\\\/schema.org\",\"@graph\":[{\"@type\":\"Article\",\"@id\":\"https:\\\/\\\/grupohoymexico.com\\\/puebla\\\/2024\\\/01\\\/10\\\/jorge-alvarez-se-registra-como-precandidato-presidencial-por-movimiento-ciudadano\\\/#article\",\"isPartOf\":{\"@id\":\"https:\\\/\\\/grupohoymexico.com\\\/puebla\\\/2024\\\/01\\\/10\\\/jorge-alvarez-se-registra-como-precandidato-presidencial-por-movimiento-ciudadano\\\/\"},\"author\":{\"name\":\"user\",\"@id\":\"https:\\\/\\\/grupohoymexico.com\\\/puebla\\\/#\\\/schema\\\/person\\\/ce6086ac837852775a3a4f539356c297\"},\"headline\":\"Jorge \u00c1lvarez se registra como precandidato presidencial por Movimiento Ciudadano\",\"datePublished\":\"2024-01-11T00:15:33+00:00\",\"mainEntityOfPage\":{\"@id\":\"https:\\\/\\\/grupohoymexico.com\\\/puebla\\\/2024\\\/01\\\/10\\\/jorge-alvarez-se-registra-como-precandidato-presidencial-por-movimiento-ciudadano\\\/\"},\"wordCount\":415,\"commentCount\":0,\"image\":{\"@id\":\"https:\\\/\\\/grupohoymexico.com\\\/puebla\\\/2024\\\/01\\\/10\\\/jorge-alvarez-se-registra-como-precandidato-presidencial-por-movimiento-ciudadano\\\/#primaryimage\"},\"thumbnailUrl\":\"https:\\\/\\\/grupohoymexico.com\\\/puebla\\\/wp-content\\\/uploads\\\/sites\\\/3\\\/2024\\\/01\\\/1778-GRUPO-HOY.jpg\",\"articleSection\":[\"Nacional\"],\"inLanguage\":\"es\",\"potentialAction\":[{\"@type\":\"CommentAction\",\"name\":\"Comment\",\"target\":[\"https:\\\/\\\/grupohoymexico.com\\\/puebla\\\/2024\\\/01\\\/10\\\/jorge-alvarez-se-registra-como-precandidato-presidencial-por-movimiento-ciudadano\\\/#respond\"]}]},{\"@type\":\"WebPage\",\"@id\":\"https:\\\/\\\/grupohoymexico.com\\\/puebla\\\/2024\\\/01\\\/10\\\/jorge-alvarez-se-registra-como-precandidato-presidencial-por-movimiento-ciudadano\\\/\",\"url\":\"https:\\\/\\\/grupohoymexico.com\\\/puebla\\\/2024\\\/01\\\/10\\\/jorge-alvarez-se-registra-como-precandidato-presidencial-por-movimiento-ciudadano\\\/\",\"name\":\"Jorge \u00c1lvarez se registra como precandidato presidencial por Movimiento Ciudadano - Grupo Hoy Puebla\",\"isPartOf\":{\"@id\":\"https:\\\/\\\/grupohoymexico.com\\\/puebla\\\/#website\"},\"primaryImageOfPage\":{\"@id\":\"https:\\\/\\\/grupohoymexico.com\\\/puebla\\\/2024\\\/01\\\/10\\\/jorge-alvarez-se-registra-como-precandidato-presidencial-por-movimiento-ciudadano\\\/#primaryimage\"},\"image\":{\"@id\":\"https:\\\/\\\/grupohoymexico.com\\\/puebla\\\/2024\\\/01\\\/10\\\/jorge-alvarez-se-registra-como-precandidato-presidencial-por-movimiento-ciudadano\\\/#primaryimage\"},\"thumbnailUrl\":\"https:\\\/\\\/grupohoymexico.com\\\/puebla\\\/wp-content\\\/uploads\\\/sites\\\/3\\\/2024\\\/01\\\/1778-GRUPO-HOY.jpg\",\"datePublished\":\"2024-01-11T00:15:33+00:00\",\"author\":{\"@id\":\"https:\\\/\\\/grupohoymexico.com\\\/puebla\\\/#\\\/schema\\\/person\\\/ce6086ac837852775a3a4f539356c297\"},\"description\":\"Jorge \u00c1lvarez M\u00e1ynez, este mi\u00e9rcoles, formaliz\u00f3 su registro como precandidato presidencial por Movimiento Ciudadano.\",\"breadcrumb\":{\"@id\":\"https:\\\/\\\/grupohoymexico.com\\\/puebla\\\/2024\\\/01\\\/10\\\/jorge-alvarez-se-registra-como-precandidato-presidencial-por-movimiento-ciudadano\\\/#breadcrumb\"},\"inLanguage\":\"es\",\"potentialAction\":[{\"@type\":\"ReadAction\",\"target\":[\"https:\\\/\\\/grupohoymexico.com\\\/puebla\\\/2024\\\/01\\\/10\\\/jorge-alvarez-se-registra-como-precandidato-presidencial-por-movimiento-ciudadano\\\/\"]}]},{\"@type\":\"ImageObject\",\"inLanguage\":\"es\",\"@id\":\"https:\\\/\\\/grupohoymexico.com\\\/puebla\\\/2024\\\/01\\\/10\\\/jorge-alvarez-se-registra-como-precandidato-presidencial-por-movimiento-ciudadano\\\/#primaryimage\",\"url\":\"https:\\\/\\\/grupohoymexico.com\\\/puebla\\\/wp-content\\\/uploads\\\/sites\\\/3\\\/2024\\\/01\\\/1778-GRUPO-HOY.jpg\",\"contentUrl\":\"https:\\\/\\\/grupohoymexico.com\\\/puebla\\\/wp-content\\\/uploads\\\/sites\\\/3\\\/2024\\\/01\\\/1778-GRUPO-HOY.jpg\",\"width\":1000,\"height\":600,\"caption\":\"Jorge \u00c1lvarez se registra como precandidato presidencial por Movimiento Ciudadano\"},{\"@type\":\"BreadcrumbList\",\"@id\":\"https:\\\/\\\/grupohoymexico.com\\\/puebla\\\/2024\\\/01\\\/10\\\/jorge-alvarez-se-registra-como-precandidato-presidencial-por-movimiento-ciudadano\\\/#breadcrumb\",\"itemListElement\":[{\"@type\":\"ListItem\",\"position\":1,\"name\":\"Inicio\",\"item\":\"https:\\\/\\\/grupohoymexico.com\\\/puebla\\\/\"},{\"@type\":\"ListItem\",\"position\":2,\"name\":\"Jorge \u00c1lvarez se registra como precandidato presidencial por Movimiento Ciudadano\"}]},{\"@type\":\"WebSite\",\"@id\":\"https:\\\/\\\/grupohoymexico.com\\\/puebla\\\/#website\",\"url\":\"https:\\\/\\\/grupohoymexico.com\\\/puebla\\\/\",\"name\":\"Grupo Hoy Puebla\",\"description\":\"\",\"potentialAction\":[{\"@type\":\"SearchAction\",\"target\":{\"@type\":\"EntryPoint\",\"urlTemplate\":\"https:\\\/\\\/grupohoymexico.com\\\/puebla\\\/?s={search_term_string}\"},\"query-input\":{\"@type\":\"PropertyValueSpecification\",\"valueRequired\":true,\"valueName\":\"search_term_string\"}}],\"inLanguage\":\"es\"},{\"@type\":\"Person\",\"@id\":\"https:\\\/\\\/grupohoymexico.com\\\/puebla\\\/#\\\/schema\\\/person\\\/ce6086ac837852775a3a4f539356c297\",\"name\":\"user\",\"image\":{\"@type\":\"ImageObject\",\"inLanguage\":\"es\",\"@id\":\"https:\\\/\\\/secure.gravatar.com\\\/avatar\\\/25f78de4fa956f6f7c01f8d96f8087d8958ebe06d57e630cd54e36aefb9dacea?s=96&d=mm&r=g\",\"url\":\"https:\\\/\\\/secure.gravatar.com\\\/avatar\\\/25f78de4fa956f6f7c01f8d96f8087d8958ebe06d57e630cd54e36aefb9dacea?s=96&d=mm&r=g\",\"contentUrl\":\"https:\\\/\\\/secure.gravatar.com\\\/avatar\\\/25f78de4fa956f6f7c01f8d96f8087d8958ebe06d57e630cd54e36aefb9dacea?s=96&d=mm&r=g\",\"caption\":\"user\"},\"sameAs\":[\"http:\\\/\\\/44.197.188.197.nip.io\"],\"url\":\"https:\\\/\\\/grupohoymexico.com\\\/puebla\\\/author\\\/user\\\/\"}]}<\/script>\n<!-- \/ Yoast SEO Premium plugin. -->","yoast_head_json":{"title":"Jorge \u00c1lvarez se registra como precandidato presidencial por Movimiento Ciudadano - Grupo Hoy Puebla","description":"Jorge \u00c1lvarez M\u00e1ynez, este mi\u00e9rcoles, formaliz\u00f3 su registro como precandidato presidencial por Movimiento Ciudadano.","robots":{"index":"index","follow":"follow","max-snippet":"max-snippet:-1","max-image-preview":"max-image-preview:large","max-video-preview":"max-video-preview:-1"},"canonical":"https:\/\/grupohoymexico.com\/puebla\/2024\/01\/10\/jorge-alvarez-se-registra-como-precandidato-presidencial-por-movimiento-ciudadano\/","og_locale":"es_MX","og_type":"article","og_title":"Jorge \u00c1lvarez se registra como precandidato presidencial por Movimiento Ciudadano","og_description":"Jorge \u00c1lvarez M\u00e1ynez, este mi\u00e9rcoles, formaliz\u00f3 su registro como precandidato presidencial por Movimiento Ciudadano.","og_url":"https:\/\/grupohoymexico.com\/puebla\/2024\/01\/10\/jorge-alvarez-se-registra-como-precandidato-presidencial-por-movimiento-ciudadano\/","og_site_name":"Grupo Hoy Puebla","article_published_time":"2024-01-11T00:15:33+00:00","og_image":[{"width":1000,"height":600,"url":"https:\/\/grupohoymexico.com\/puebla\/wp-content\/uploads\/sites\/3\/2024\/01\/1778-GRUPO-HOY.jpg","type":"image\/jpeg"}],"author":"user","twitter_card":"summary_large_image","twitter_misc":{"Escrito por":"user","Tiempo de lectura":"3 minutos"},"schema":{"@context":"https:\/\/schema.org","@graph":[{"@type":"Article","@id":"https:\/\/grupohoymexico.com\/puebla\/2024\/01\/10\/jorge-alvarez-se-registra-como-precandidato-presidencial-por-movimiento-ciudadano\/#article","isPartOf":{"@id":"https:\/\/grupohoymexico.com\/puebla\/2024\/01\/10\/jorge-alvarez-se-registra-como-precandidato-presidencial-por-movimiento-ciudadano\/"},"author":{"name":"user","@id":"https:\/\/grupohoymexico.com\/puebla\/#\/schema\/person\/ce6086ac837852775a3a4f539356c297"},"headline":"Jorge \u00c1lvarez se registra como precandidato presidencial por Movimiento Ciudadano","datePublished":"2024-01-11T00:15:33+00:00","mainEntityOfPage":{"@id":"https:\/\/grupohoymexico.com\/puebla\/2024\/01\/10\/jorge-alvarez-se-registra-como-precandidato-presidencial-por-movimiento-ciudadano\/"},"wordCount":415,"commentCount":0,"image":{"@id":"https:\/\/grupohoymexico.com\/puebla\/2024\/01\/10\/jorge-alvarez-se-registra-como-precandidato-presidencial-por-movimiento-ciudadano\/#primaryimage"},"thumbnailUrl":"https:\/\/grupohoymexico.com\/puebla\/wp-content\/uploads\/sites\/3\/2024\/01\/1778-GRUPO-HOY.jpg","articleSection":["Nacional"],"inLanguage":"es","potentialAction":[{"@type":"CommentAction","name":"Comment","target":["https:\/\/grupohoymexico.com\/puebla\/2024\/01\/10\/jorge-alvarez-se-registra-como-precandidato-presidencial-por-movimiento-ciudadano\/#respond"]}]},{"@type":"WebPage","@id":"https:\/\/grupohoymexico.com\/puebla\/2024\/01\/10\/jorge-alvarez-se-registra-como-precandidato-presidencial-por-movimiento-ciudadano\/","url":"https:\/\/grupohoymexico.com\/puebla\/2024\/01\/10\/jorge-alvarez-se-registra-como-precandidato-presidencial-por-movimiento-ciudadano\/","name":"Jorge \u00c1lvarez se registra como precandidato presidencial por Movimiento Ciudadano - Grupo Hoy Puebla","isPartOf":{"@id":"https:\/\/grupohoymexico.com\/puebla\/#website"},"primaryImageOfPage":{"@id":"https:\/\/grupohoymexico.com\/puebla\/2024\/01\/10\/jorge-alvarez-se-registra-como-precandidato-presidencial-por-movimiento-ciudadano\/#primaryimage"},"image":{"@id":"https:\/\/grupohoymexico.com\/puebla\/2024\/01\/10\/jorge-alvarez-se-registra-como-precandidato-presidencial-por-movimiento-ciudadano\/#primaryimage"},"thumbnailUrl":"https:\/\/grupohoymexico.com\/puebla\/wp-content\/uploads\/sites\/3\/2024\/01\/1778-GRUPO-HOY.jpg","datePublished":"2024-01-11T00:15:33+00:00","author":{"@id":"https:\/\/grupohoymexico.com\/puebla\/#\/schema\/person\/ce6086ac837852775a3a4f539356c297"},"description":"Jorge \u00c1lvarez M\u00e1ynez, este mi\u00e9rcoles, formaliz\u00f3 su registro como precandidato presidencial por Movimiento Ciudadano.","breadcrumb":{"@id":"https:\/\/grupohoymexico.com\/puebla\/2024\/01\/10\/jorge-alvarez-se-registra-como-precandidato-presidencial-por-movimiento-ciudadano\/#breadcrumb"},"inLanguage":"es","potentialAction":[{"@type":"ReadAction","target":["https:\/\/grupohoymexico.com\/puebla\/2024\/01\/10\/jorge-alvarez-se-registra-como-precandidato-presidencial-por-movimiento-ciudadano\/"]}]},{"@type":"ImageObject","inLanguage":"es","@id":"https:\/\/grupohoymexico.com\/puebla\/2024\/01\/10\/jorge-alvarez-se-registra-como-precandidato-presidencial-por-movimiento-ciudadano\/#primaryimage","url":"https:\/\/grupohoymexico.com\/puebla\/wp-content\/uploads\/sites\/3\/2024\/01\/1778-GRUPO-HOY.jpg","contentUrl":"https:\/\/grupohoymexico.com\/puebla\/wp-content\/uploads\/sites\/3\/2024\/01\/1778-GRUPO-HOY.jpg","width":1000,"height":600,"caption":"Jorge \u00c1lvarez se registra como precandidato presidencial por Movimiento Ciudadano"},{"@type":"BreadcrumbList","@id":"https:\/\/grupohoymexico.com\/puebla\/2024\/01\/10\/jorge-alvarez-se-registra-como-precandidato-presidencial-por-movimiento-ciudadano\/#breadcrumb","itemListElement":[{"@type":"ListItem","position":1,"name":"Inicio","item":"https:\/\/grupohoymexico.com\/puebla\/"},{"@type":"ListItem","position":2,"name":"Jorge \u00c1lvarez se registra como precandidato presidencial por Movimiento Ciudadano"}]},{"@type":"WebSite","@id":"https:\/\/grupohoymexico.com\/puebla\/#website","url":"https:\/\/grupohoymexico.com\/puebla\/","name":"Grupo Hoy Puebla","description":"","potentialAction":[{"@type":"SearchAction","target":{"@type":"EntryPoint","urlTemplate":"https:\/\/grupohoymexico.com\/puebla\/?s={search_term_string}"},"query-input":{"@type":"PropertyValueSpecification","valueRequired":true,"valueName":"search_term_string"}}],"inLanguage":"es"},{"@type":"Person","@id":"https:\/\/grupohoymexico.com\/puebla\/#\/schema\/person\/ce6086ac837852775a3a4f539356c297","name":"user","image":{"@type":"ImageObject","inLanguage":"es","@id":"https:\/\/secure.gravatar.com\/avatar\/25f78de4fa956f6f7c01f8d96f8087d8958ebe06d57e630cd54e36aefb9dacea?s=96&d=mm&r=g","url":"https:\/\/secure.gravatar.com\/avatar\/25f78de4fa956f6f7c01f8d96f8087d8958ebe06d57e630cd54e36aefb9dacea?s=96&d=mm&r=g","contentUrl":"https:\/\/secure.gravatar.com\/avatar\/25f78de4fa956f6f7c01f8d96f8087d8958ebe06d57e630cd54e36aefb9dacea?s=96&d=mm&r=g","caption":"user"},"sameAs":["http:\/\/44.197.188.197.nip.io"],"url":"https:\/\/grupohoymexico.com\/puebla\/author\/user\/"}]}},"_links":{"self":[{"href":"https:\/\/grupohoymexico.com\/puebla\/wp-json\/wp\/v2\/posts\/64961","targetHints":{"allow":["GET"]}}],"collection":[{"href":"https:\/\/grupohoymexico.com\/puebla\/wp-json\/wp\/v2\/posts"}],"about":[{"href":"https:\/\/grupohoymexico.com\/puebla\/wp-json\/wp\/v2\/types\/post"}],"author":[{"embeddable":true,"href":"https:\/\/grupohoymexico.com\/puebla\/wp-json\/wp\/v2\/users\/1"}],"replies":[{"embeddable":true,"href":"https:\/\/grupohoymexico.com\/puebla\/wp-json\/wp\/v2\/comments?post=64961"}],"version-history":[{"count":0,"href":"https:\/\/grupohoymexico.com\/puebla\/wp-json\/wp\/v2\/posts\/64961\/revisions"}],"wp:featuredmedia":[{"embeddable":true,"href":"https:\/\/grupohoymexico.com\/puebla\/wp-json\/wp\/v2\/media\/64962"}],"wp:attachment":[{"href":"https:\/\/grupohoymexico.com\/puebla\/wp-json\/wp\/v2\/media?parent=64961"}],"wp:term":[{"taxonomy":"category","embeddable":true,"href":"https:\/\/grupohoymexico.com\/puebla\/wp-json\/wp\/v2\/categories?post=64961"},{"taxonomy":"post_tag","embeddable":true,"href":"https:\/\/grupohoymexico.com\/puebla\/wp-json\/wp\/v2\/tags?post=64961"}],"curies":[{"name":"wp","href":"https:\/\/api.w.org\/{rel}","templated":true}]}}