{"id":64956,"date":"2024-01-12T14:00:38","date_gmt":"2024-01-12T20:00:38","guid":{"rendered":"https:\/\/pueblahoy.com.mx\/?p=64956"},"modified":"2024-01-12T14:00:38","modified_gmt":"2024-01-12T20:00:38","slug":"gobernadores-de-los-estados-instalan-mesa-interestatal-de-paz","status":"publish","type":"post","link":"https:\/\/grupohoymexico.com\/puebla\/2024\/01\/12\/gobernadores-de-los-estados-instalan-mesa-interestatal-de-paz\/","title":{"rendered":"Gobernadores de los Estados instalan Mesa Interestatal de Paz"},"content":{"rendered":"<div class=\"xdj266r x11i5rnm xat24cr x1mh8g0r x1vvkbs x126k92a\">\n<div dir=\"auto\">Gobernadores del Estado de M\u00e9xico, Guerrero, Michoac\u00e1n y Morelos instalan Mesa Interestatal de Paz, primer ejercicio en su tipo a nivel nacional<\/div>\n<div dir=\"auto\"><\/div>\n<div dir=\"auto\">Delfina G\u00f3mez, Evelyn Salgado, Alfredo Ram\u00edrez y Cuauht\u00e9moc Blanco acuerdan un <a href=\"https:\/\/metapolitica.news\/2024\/01\/10\/michoacan-guerrero-edomex-y-morelos-tendran-centro-coordinador-de-operaciones-interestatales\/\">Centro Coordinador de Operaciones Interestatales<\/a> para la regi\u00f3n de Tierra Caliente<\/div>\n<\/div>\n<div class=\"x11i5rnm xat24cr x1mh8g0r x1vvkbs xtlvy1s x126k92a\">\n<div dir=\"auto\"><\/div>\n<div dir=\"auto\">Los Gobernadores delinearon cinco ejes operativos: Blindaje contra la delincuencia organizada, seguridad en carreteras, combate a la extorsi\u00f3n, vigilancia a la tala ilegal y el fortalecimiento de las capacidades de comunicaci\u00f3n y de inteligencia<\/div>\n<\/div>\n<div class=\"x11i5rnm xat24cr x1mh8g0r x1vvkbs xtlvy1s x126k92a\">\n<div dir=\"auto\"><\/div>\n<div dir=\"auto\">En la reuni\u00f3n de trabajo, la <a href=\"https:\/\/pueblahoy.com.mx\/apoyo-de-gobernadoras-de-ralamuli\/\">Gobernadora<\/a> Delfina G\u00f3mez destaca que en el primer trimestre de su administraci\u00f3n han disminuido los delitos de alto impacto en la entidad mexiquense<\/div>\n<div dir=\"auto\"><\/div>\n<\/div>\n<h2 dir=\"auto\">Toluca:<\/h2>\n<div dir=\"auto\"><\/div>\n<div class=\"x11i5rnm xat24cr x1mh8g0r x1vvkbs xtlvy1s x126k92a\">\n<div dir=\"auto\">TOLUCA, Estado de M\u00e9xico, a 9 de enero de 2024.- Las y los Gobernadores del Estado de M\u00e9xico, Guerrero, Michoac\u00e1n y Morelos realizaron la Primera Mesa Interestatal de Construcci\u00f3n de Paz de todo el pa\u00eds, en la cual acordaron de manera urgente, establecer el nuevo Centro Coordinador de Operaciones Interestatales para la Regi\u00f3n de Tierra Caliente que reforzar\u00e1 la seguridad en las comunidades colindantes, as\u00ed como la implementaci\u00f3n conjunta de cinco ejes: operativos conjuntos, seguridad en carreteras, combate a la extorsi\u00f3n y a la tala clandestina, y fortalecimiento de las capacidades de comunicaci\u00f3n e inteligencia.<\/div>\n<div dir=\"auto\"><\/div>\n<div dir=\"auto\"><em>\u201cEstamos en esta Mesa Interestatal para establecer una cooperaci\u00f3n hist\u00f3rica, porque las circunstancias as\u00ed lo ameritan. Tengo la certeza de que trabajando juntos, daremos pasos a\u00fan m\u00e1s significativos hacia la promoci\u00f3n de la paz y el bienestar. Enfrentamos desaf\u00edos que trascienden fronteras y que requieren de una soluci\u00f3n conjunta y de una estrategia transversal\u201d<\/em>, afirm\u00f3 la Gobernadora Delfina G\u00f3mez.<\/div>\n<div dir=\"auto\"><\/div>\n<\/div>\n<h2 dir=\"auto\">Nacional:<\/h2>\n<div dir=\"auto\"><\/div>\n<div class=\"x11i5rnm xat24cr x1mh8g0r x1vvkbs xtlvy1s x126k92a\">\n<div dir=\"auto\">Al encabezar la Mesa Interestatal de Construcci\u00f3n de Paz en la entidad mexiquense, la primera en su tipo a nivel nacional, la Maestra Delfina G\u00f3mez destac\u00f3 las acciones del Presidente Andr\u00e9s Manuel L\u00f3pez Obrador para servir al pueblo e impulsar acciones que garanticen la seguridad en regiones atacadas por la delincuencia organizada.<\/div>\n<div dir=\"auto\"><\/div>\n<div dir=\"auto\">Durante la reuni\u00f3n, las autoridades estatales y del Gobierno Federal acordaron la instalaci\u00f3n del Centro Coordinador de Operaciones Interestatales para la regi\u00f3n de Tierra Caliente, mecanismo que encabezar\u00e1 la Secretar\u00eda de la Defensa Nacional (Sedena), con el objetivo de consolidar la pacificaci\u00f3n de la regi\u00f3n.<\/div>\n<div dir=\"auto\"><\/div>\n<div dir=\"auto\">En ese sentido, la Maestra Delfina G\u00f3mez resalt\u00f3 la coordinaci\u00f3n de los integrantes de las zonas militares del Ej\u00e9rcito Mexicano de las cuatro entidades, de la Marina-Armada de M\u00e9xico, de la Guardia Nacional y de las Fiscal\u00edas.<\/div>\n<\/div>\n<div dir=\"auto\"><\/div>\n<h2 dir=\"auto\">En representaci\u00f3n de Rosa Icela:<\/h2>\n<div class=\"x11i5rnm xat24cr x1mh8g0r x1vvkbs xtlvy1s x126k92a\">\n<div dir=\"auto\"><\/div>\n<div dir=\"auto\">A la reuni\u00f3n asisti\u00f3 Luis Rodr\u00edguez Bucio, Subsecretario de Seguridad P\u00fablica, en representaci\u00f3n de Rosa Icela Rodr\u00edguez Vel\u00e1zquez, Secretaria de Seguridad y Protecci\u00f3n Ciudadana del Gobierno de M\u00e9xico, quien destac\u00f3 que esta reuni\u00f3n es un ejemplo de los resultados positivos de las Mesas de Coordinaci\u00f3n para la Construcci\u00f3n de la Paz que se realizan a nivel nacional, como parte de la estrategia de seguridad p\u00fablica del Gobierno de M\u00e9xico.<\/div>\n<div dir=\"auto\"><\/div>\n<div dir=\"auto\">Delfina G\u00f3mez \u00c1lvarez, Evelyn Salgado Pineda, Alfredo Ram\u00edrez Bedolla y Cuauht\u00e9moc Blanco Bravo, Gobernadores del Estado de M\u00e9xico, Guerrero, Michoac\u00e1n y Morelos, respectivamente, acordaron cinco medidas que se implementar\u00e1n de manera coordinada:<\/div>\n<\/div>\n<div dir=\"auto\"><\/div>\n<div class=\"x11i5rnm xat24cr x1mh8g0r x1vvkbs xtlvy1s x126k92a\">\n<div dir=\"auto\">Blindaje contra la delincuencia organizada; Seguridad en carreteras; Combate a la extorsi\u00f3n; Vigilancia a la tala ilegal; Fortalecimiento de las capacidades de comunicaci\u00f3n y de inteligencia.<\/div>\n<\/div>\n<div class=\"x11i5rnm xat24cr x1mh8g0r x1vvkbs xtlvy1s x126k92a\">\n<div dir=\"auto\"><\/div>\n<div dir=\"auto\">Adem\u00e1s, la titular del Ejecutivo estatal dio a conocer que, en los tres primeros meses de su gobierno, derivado del trabajo conjunto entre las instituciones de seguridad estatal y federal, se logr\u00f3 disminuir en cinco por ciento la incidencia delictiva en el EdoM\u00e9x, con respecto al mismo periodo de 2022, principalmente en los siguientes delitos:<\/div>\n<\/div>\n<div class=\"x11i5rnm xat24cr x1mh8g0r x1vvkbs xtlvy1s x126k92a\">\n<div dir=\"auto\">\u2022 A su vez, el secuestro disminuy\u00f3 48%, casi a la mitad; El delito de Feminicidio se redujo 39%; Robo en transporte p\u00fablico con violencia decreci\u00f3 18%; a transportista con violencia baj\u00f3 5%; \u00a0a negocio con violencia disminuy\u00f3 15%; a transe\u00fante con violencia se redujo en 7%; de veh\u00edculo sin violencia cay\u00f3 5%; As\u00ed, el homicidio doloso baj\u00f3 6%.<\/div>\n<div dir=\"auto\"><\/div>\n<\/div>\n<div class=\"x11i5rnm xat24cr x1mh8g0r x1vvkbs xtlvy1s x126k92a\">\n<div dir=\"auto\">La Gobernadora mexiquense asegur\u00f3 que a pesar de lo complejo que es el tema de la seguridad, s\u00ed es posible dar resultados implementando un cambio de visi\u00f3n en el entendimiento de la violencia.<\/div>\n<\/div>\n","protected":false},"excerpt":{"rendered":"Gobernadores del Estado de M\u00e9xico, Guerrero, Michoac\u00e1n y Morelos instalan Mesa Interestatal de Paz, primer ejercicio en su&hellip;","protected":false},"author":1,"featured_media":64957,"comment_status":"open","ping_status":"closed","sticky":false,"template":"","format":"standard","meta":{"csco_display_header_overlay":false,"csco_singular_sidebar":"","csco_page_header_type":"","csco_page_load_nextpost":"","csco_post_video_location":[],"csco_post_video_location_hash":"","csco_post_video_url":"","csco_post_video_bg_start_time":0,"csco_post_video_bg_end_time":0,"footnotes":""},"categories":[28],"tags":[33],"class_list":{"0":"post-64956","1":"post","2":"type-post","3":"status-publish","4":"format-standard","5":"has-post-thumbnail","7":"category-nacional","8":"tag-politica","9":"cs-entry","10":"cs-video-wrap"},"yoast_head":"<!-- This site is optimized with the Yoast SEO Premium plugin v24.7 (Yoast SEO v27.4) - https:\/\/yoast.com\/product\/yoast-seo-premium-wordpress\/ -->\n<title>Gobernadores de los Estados instalan Mesa Interestatal de Paz - Grupo Hoy Puebla<\/title>\n<meta name=\"robots\" content=\"index, follow, max-snippet:-1, max-image-preview:large, max-video-preview:-1\" \/>\n<link rel=\"canonical\" href=\"https:\/\/grupohoymexico.com\/puebla\/2024\/01\/12\/gobernadores-de-los-estados-instalan-mesa-interestatal-de-paz\/\" \/>\n<meta property=\"og:locale\" content=\"es_MX\" \/>\n<meta property=\"og:type\" content=\"article\" \/>\n<meta property=\"og:title\" content=\"Gobernadores de los Estados instalan Mesa Interestatal de Paz\" \/>\n<meta property=\"og:description\" content=\"Gobernadores del Estado de M\u00e9xico, Guerrero, Michoac\u00e1n y Morelos instalan Mesa Interestatal de Paz, primer ejercicio en su&hellip;\" \/>\n<meta property=\"og:url\" content=\"https:\/\/grupohoymexico.com\/puebla\/2024\/01\/12\/gobernadores-de-los-estados-instalan-mesa-interestatal-de-paz\/\" \/>\n<meta property=\"og:site_name\" content=\"Grupo Hoy Puebla\" \/>\n<meta property=\"article:published_time\" content=\"2024-01-12T20:00:38+00:00\" \/>\n<meta property=\"og:image\" content=\"https:\/\/grupohoymexico.com\/puebla\/wp-content\/uploads\/sites\/3\/2024\/01\/418958112_954509449566866_4379315378115587822_n.jpg\" \/>\n\t<meta property=\"og:image:width\" content=\"1080\" \/>\n\t<meta property=\"og:image:height\" content=\"727\" \/>\n\t<meta property=\"og:image:type\" content=\"image\/jpeg\" \/>\n<meta name=\"author\" content=\"user\" \/>\n<meta name=\"twitter:card\" content=\"summary_large_image\" \/>\n<meta name=\"twitter:label1\" content=\"Escrito por\" \/>\n\t<meta name=\"twitter:data1\" content=\"user\" \/>\n\t<meta name=\"twitter:label2\" content=\"Tiempo de lectura\" \/>\n\t<meta name=\"twitter:data2\" content=\"4 minutos\" \/>\n<script type=\"application\/ld+json\" class=\"yoast-schema-graph\">{\"@context\":\"https:\\\/\\\/schema.org\",\"@graph\":[{\"@type\":\"Article\",\"@id\":\"https:\\\/\\\/grupohoymexico.com\\\/puebla\\\/2024\\\/01\\\/12\\\/gobernadores-de-los-estados-instalan-mesa-interestatal-de-paz\\\/#article\",\"isPartOf\":{\"@id\":\"https:\\\/\\\/grupohoymexico.com\\\/puebla\\\/2024\\\/01\\\/12\\\/gobernadores-de-los-estados-instalan-mesa-interestatal-de-paz\\\/\"},\"author\":{\"name\":\"user\",\"@id\":\"https:\\\/\\\/grupohoymexico.com\\\/puebla\\\/#\\\/schema\\\/person\\\/ce6086ac837852775a3a4f539356c297\"},\"headline\":\"Gobernadores de los Estados instalan Mesa Interestatal de Paz\",\"datePublished\":\"2024-01-12T20:00:38+00:00\",\"mainEntityOfPage\":{\"@id\":\"https:\\\/\\\/grupohoymexico.com\\\/puebla\\\/2024\\\/01\\\/12\\\/gobernadores-de-los-estados-instalan-mesa-interestatal-de-paz\\\/\"},\"wordCount\":745,\"commentCount\":0,\"image\":{\"@id\":\"https:\\\/\\\/grupohoymexico.com\\\/puebla\\\/2024\\\/01\\\/12\\\/gobernadores-de-los-estados-instalan-mesa-interestatal-de-paz\\\/#primaryimage\"},\"thumbnailUrl\":\"https:\\\/\\\/grupohoymexico.com\\\/puebla\\\/wp-content\\\/uploads\\\/sites\\\/3\\\/2024\\\/01\\\/418958112_954509449566866_4379315378115587822_n.jpg\",\"keywords\":[\"Pol\u00edtica\"],\"articleSection\":[\"Nacional\"],\"inLanguage\":\"es\",\"potentialAction\":[{\"@type\":\"CommentAction\",\"name\":\"Comment\",\"target\":[\"https:\\\/\\\/grupohoymexico.com\\\/puebla\\\/2024\\\/01\\\/12\\\/gobernadores-de-los-estados-instalan-mesa-interestatal-de-paz\\\/#respond\"]}]},{\"@type\":\"WebPage\",\"@id\":\"https:\\\/\\\/grupohoymexico.com\\\/puebla\\\/2024\\\/01\\\/12\\\/gobernadores-de-los-estados-instalan-mesa-interestatal-de-paz\\\/\",\"url\":\"https:\\\/\\\/grupohoymexico.com\\\/puebla\\\/2024\\\/01\\\/12\\\/gobernadores-de-los-estados-instalan-mesa-interestatal-de-paz\\\/\",\"name\":\"Gobernadores de los Estados instalan Mesa Interestatal de Paz - Grupo Hoy Puebla\",\"isPartOf\":{\"@id\":\"https:\\\/\\\/grupohoymexico.com\\\/puebla\\\/#website\"},\"primaryImageOfPage\":{\"@id\":\"https:\\\/\\\/grupohoymexico.com\\\/puebla\\\/2024\\\/01\\\/12\\\/gobernadores-de-los-estados-instalan-mesa-interestatal-de-paz\\\/#primaryimage\"},\"image\":{\"@id\":\"https:\\\/\\\/grupohoymexico.com\\\/puebla\\\/2024\\\/01\\\/12\\\/gobernadores-de-los-estados-instalan-mesa-interestatal-de-paz\\\/#primaryimage\"},\"thumbnailUrl\":\"https:\\\/\\\/grupohoymexico.com\\\/puebla\\\/wp-content\\\/uploads\\\/sites\\\/3\\\/2024\\\/01\\\/418958112_954509449566866_4379315378115587822_n.jpg\",\"datePublished\":\"2024-01-12T20:00:38+00:00\",\"author\":{\"@id\":\"https:\\\/\\\/grupohoymexico.com\\\/puebla\\\/#\\\/schema\\\/person\\\/ce6086ac837852775a3a4f539356c297\"},\"breadcrumb\":{\"@id\":\"https:\\\/\\\/grupohoymexico.com\\\/puebla\\\/2024\\\/01\\\/12\\\/gobernadores-de-los-estados-instalan-mesa-interestatal-de-paz\\\/#breadcrumb\"},\"inLanguage\":\"es\",\"potentialAction\":[{\"@type\":\"ReadAction\",\"target\":[\"https:\\\/\\\/grupohoymexico.com\\\/puebla\\\/2024\\\/01\\\/12\\\/gobernadores-de-los-estados-instalan-mesa-interestatal-de-paz\\\/\"]}]},{\"@type\":\"ImageObject\",\"inLanguage\":\"es\",\"@id\":\"https:\\\/\\\/grupohoymexico.com\\\/puebla\\\/2024\\\/01\\\/12\\\/gobernadores-de-los-estados-instalan-mesa-interestatal-de-paz\\\/#primaryimage\",\"url\":\"https:\\\/\\\/grupohoymexico.com\\\/puebla\\\/wp-content\\\/uploads\\\/sites\\\/3\\\/2024\\\/01\\\/418958112_954509449566866_4379315378115587822_n.jpg\",\"contentUrl\":\"https:\\\/\\\/grupohoymexico.com\\\/puebla\\\/wp-content\\\/uploads\\\/sites\\\/3\\\/2024\\\/01\\\/418958112_954509449566866_4379315378115587822_n.jpg\",\"width\":1080,\"height\":727},{\"@type\":\"BreadcrumbList\",\"@id\":\"https:\\\/\\\/grupohoymexico.com\\\/puebla\\\/2024\\\/01\\\/12\\\/gobernadores-de-los-estados-instalan-mesa-interestatal-de-paz\\\/#breadcrumb\",\"itemListElement\":[{\"@type\":\"ListItem\",\"position\":1,\"name\":\"Inicio\",\"item\":\"https:\\\/\\\/grupohoymexico.com\\\/puebla\\\/\"},{\"@type\":\"ListItem\",\"position\":2,\"name\":\"Gobernadores de los Estados instalan Mesa Interestatal de Paz\"}]},{\"@type\":\"WebSite\",\"@id\":\"https:\\\/\\\/grupohoymexico.com\\\/puebla\\\/#website\",\"url\":\"https:\\\/\\\/grupohoymexico.com\\\/puebla\\\/\",\"name\":\"Grupo Hoy Puebla\",\"description\":\"\",\"potentialAction\":[{\"@type\":\"SearchAction\",\"target\":{\"@type\":\"EntryPoint\",\"urlTemplate\":\"https:\\\/\\\/grupohoymexico.com\\\/puebla\\\/?s={search_term_string}\"},\"query-input\":{\"@type\":\"PropertyValueSpecification\",\"valueRequired\":true,\"valueName\":\"search_term_string\"}}],\"inLanguage\":\"es\"},{\"@type\":\"Person\",\"@id\":\"https:\\\/\\\/grupohoymexico.com\\\/puebla\\\/#\\\/schema\\\/person\\\/ce6086ac837852775a3a4f539356c297\",\"name\":\"user\",\"image\":{\"@type\":\"ImageObject\",\"inLanguage\":\"es\",\"@id\":\"https:\\\/\\\/secure.gravatar.com\\\/avatar\\\/25f78de4fa956f6f7c01f8d96f8087d8958ebe06d57e630cd54e36aefb9dacea?s=96&d=mm&r=g\",\"url\":\"https:\\\/\\\/secure.gravatar.com\\\/avatar\\\/25f78de4fa956f6f7c01f8d96f8087d8958ebe06d57e630cd54e36aefb9dacea?s=96&d=mm&r=g\",\"contentUrl\":\"https:\\\/\\\/secure.gravatar.com\\\/avatar\\\/25f78de4fa956f6f7c01f8d96f8087d8958ebe06d57e630cd54e36aefb9dacea?s=96&d=mm&r=g\",\"caption\":\"user\"},\"sameAs\":[\"http:\\\/\\\/44.197.188.197.nip.io\"],\"url\":\"https:\\\/\\\/grupohoymexico.com\\\/puebla\\\/author\\\/user\\\/\"}]}<\/script>\n<!-- \/ Yoast SEO Premium plugin. -->","yoast_head_json":{"title":"Gobernadores de los Estados instalan Mesa Interestatal de Paz - Grupo Hoy Puebla","robots":{"index":"index","follow":"follow","max-snippet":"max-snippet:-1","max-image-preview":"max-image-preview:large","max-video-preview":"max-video-preview:-1"},"canonical":"https:\/\/grupohoymexico.com\/puebla\/2024\/01\/12\/gobernadores-de-los-estados-instalan-mesa-interestatal-de-paz\/","og_locale":"es_MX","og_type":"article","og_title":"Gobernadores de los Estados instalan Mesa Interestatal de Paz","og_description":"Gobernadores del Estado de M\u00e9xico, Guerrero, Michoac\u00e1n y Morelos instalan Mesa Interestatal de Paz, primer ejercicio en su&hellip;","og_url":"https:\/\/grupohoymexico.com\/puebla\/2024\/01\/12\/gobernadores-de-los-estados-instalan-mesa-interestatal-de-paz\/","og_site_name":"Grupo Hoy Puebla","article_published_time":"2024-01-12T20:00:38+00:00","og_image":[{"width":1080,"height":727,"url":"https:\/\/grupohoymexico.com\/puebla\/wp-content\/uploads\/sites\/3\/2024\/01\/418958112_954509449566866_4379315378115587822_n.jpg","type":"image\/jpeg"}],"author":"user","twitter_card":"summary_large_image","twitter_misc":{"Escrito por":"user","Tiempo de lectura":"4 minutos"},"schema":{"@context":"https:\/\/schema.org","@graph":[{"@type":"Article","@id":"https:\/\/grupohoymexico.com\/puebla\/2024\/01\/12\/gobernadores-de-los-estados-instalan-mesa-interestatal-de-paz\/#article","isPartOf":{"@id":"https:\/\/grupohoymexico.com\/puebla\/2024\/01\/12\/gobernadores-de-los-estados-instalan-mesa-interestatal-de-paz\/"},"author":{"name":"user","@id":"https:\/\/grupohoymexico.com\/puebla\/#\/schema\/person\/ce6086ac837852775a3a4f539356c297"},"headline":"Gobernadores de los Estados instalan Mesa Interestatal de Paz","datePublished":"2024-01-12T20:00:38+00:00","mainEntityOfPage":{"@id":"https:\/\/grupohoymexico.com\/puebla\/2024\/01\/12\/gobernadores-de-los-estados-instalan-mesa-interestatal-de-paz\/"},"wordCount":745,"commentCount":0,"image":{"@id":"https:\/\/grupohoymexico.com\/puebla\/2024\/01\/12\/gobernadores-de-los-estados-instalan-mesa-interestatal-de-paz\/#primaryimage"},"thumbnailUrl":"https:\/\/grupohoymexico.com\/puebla\/wp-content\/uploads\/sites\/3\/2024\/01\/418958112_954509449566866_4379315378115587822_n.jpg","keywords":["Pol\u00edtica"],"articleSection":["Nacional"],"inLanguage":"es","potentialAction":[{"@type":"CommentAction","name":"Comment","target":["https:\/\/grupohoymexico.com\/puebla\/2024\/01\/12\/gobernadores-de-los-estados-instalan-mesa-interestatal-de-paz\/#respond"]}]},{"@type":"WebPage","@id":"https:\/\/grupohoymexico.com\/puebla\/2024\/01\/12\/gobernadores-de-los-estados-instalan-mesa-interestatal-de-paz\/","url":"https:\/\/grupohoymexico.com\/puebla\/2024\/01\/12\/gobernadores-de-los-estados-instalan-mesa-interestatal-de-paz\/","name":"Gobernadores de los Estados instalan Mesa Interestatal de Paz - Grupo Hoy Puebla","isPartOf":{"@id":"https:\/\/grupohoymexico.com\/puebla\/#website"},"primaryImageOfPage":{"@id":"https:\/\/grupohoymexico.com\/puebla\/2024\/01\/12\/gobernadores-de-los-estados-instalan-mesa-interestatal-de-paz\/#primaryimage"},"image":{"@id":"https:\/\/grupohoymexico.com\/puebla\/2024\/01\/12\/gobernadores-de-los-estados-instalan-mesa-interestatal-de-paz\/#primaryimage"},"thumbnailUrl":"https:\/\/grupohoymexico.com\/puebla\/wp-content\/uploads\/sites\/3\/2024\/01\/418958112_954509449566866_4379315378115587822_n.jpg","datePublished":"2024-01-12T20:00:38+00:00","author":{"@id":"https:\/\/grupohoymexico.com\/puebla\/#\/schema\/person\/ce6086ac837852775a3a4f539356c297"},"breadcrumb":{"@id":"https:\/\/grupohoymexico.com\/puebla\/2024\/01\/12\/gobernadores-de-los-estados-instalan-mesa-interestatal-de-paz\/#breadcrumb"},"inLanguage":"es","potentialAction":[{"@type":"ReadAction","target":["https:\/\/grupohoymexico.com\/puebla\/2024\/01\/12\/gobernadores-de-los-estados-instalan-mesa-interestatal-de-paz\/"]}]},{"@type":"ImageObject","inLanguage":"es","@id":"https:\/\/grupohoymexico.com\/puebla\/2024\/01\/12\/gobernadores-de-los-estados-instalan-mesa-interestatal-de-paz\/#primaryimage","url":"https:\/\/grupohoymexico.com\/puebla\/wp-content\/uploads\/sites\/3\/2024\/01\/418958112_954509449566866_4379315378115587822_n.jpg","contentUrl":"https:\/\/grupohoymexico.com\/puebla\/wp-content\/uploads\/sites\/3\/2024\/01\/418958112_954509449566866_4379315378115587822_n.jpg","width":1080,"height":727},{"@type":"BreadcrumbList","@id":"https:\/\/grupohoymexico.com\/puebla\/2024\/01\/12\/gobernadores-de-los-estados-instalan-mesa-interestatal-de-paz\/#breadcrumb","itemListElement":[{"@type":"ListItem","position":1,"name":"Inicio","item":"https:\/\/grupohoymexico.com\/puebla\/"},{"@type":"ListItem","position":2,"name":"Gobernadores de los Estados instalan Mesa Interestatal de Paz"}]},{"@type":"WebSite","@id":"https:\/\/grupohoymexico.com\/puebla\/#website","url":"https:\/\/grupohoymexico.com\/puebla\/","name":"Grupo Hoy Puebla","description":"","potentialAction":[{"@type":"SearchAction","target":{"@type":"EntryPoint","urlTemplate":"https:\/\/grupohoymexico.com\/puebla\/?s={search_term_string}"},"query-input":{"@type":"PropertyValueSpecification","valueRequired":true,"valueName":"search_term_string"}}],"inLanguage":"es"},{"@type":"Person","@id":"https:\/\/grupohoymexico.com\/puebla\/#\/schema\/person\/ce6086ac837852775a3a4f539356c297","name":"user","image":{"@type":"ImageObject","inLanguage":"es","@id":"https:\/\/secure.gravatar.com\/avatar\/25f78de4fa956f6f7c01f8d96f8087d8958ebe06d57e630cd54e36aefb9dacea?s=96&d=mm&r=g","url":"https:\/\/secure.gravatar.com\/avatar\/25f78de4fa956f6f7c01f8d96f8087d8958ebe06d57e630cd54e36aefb9dacea?s=96&d=mm&r=g","contentUrl":"https:\/\/secure.gravatar.com\/avatar\/25f78de4fa956f6f7c01f8d96f8087d8958ebe06d57e630cd54e36aefb9dacea?s=96&d=mm&r=g","caption":"user"},"sameAs":["http:\/\/44.197.188.197.nip.io"],"url":"https:\/\/grupohoymexico.com\/puebla\/author\/user\/"}]}},"_links":{"self":[{"href":"https:\/\/grupohoymexico.com\/puebla\/wp-json\/wp\/v2\/posts\/64956","targetHints":{"allow":["GET"]}}],"collection":[{"href":"https:\/\/grupohoymexico.com\/puebla\/wp-json\/wp\/v2\/posts"}],"about":[{"href":"https:\/\/grupohoymexico.com\/puebla\/wp-json\/wp\/v2\/types\/post"}],"author":[{"embeddable":true,"href":"https:\/\/grupohoymexico.com\/puebla\/wp-json\/wp\/v2\/users\/1"}],"replies":[{"embeddable":true,"href":"https:\/\/grupohoymexico.com\/puebla\/wp-json\/wp\/v2\/comments?post=64956"}],"version-history":[{"count":0,"href":"https:\/\/grupohoymexico.com\/puebla\/wp-json\/wp\/v2\/posts\/64956\/revisions"}],"wp:featuredmedia":[{"embeddable":true,"href":"https:\/\/grupohoymexico.com\/puebla\/wp-json\/wp\/v2\/media\/64957"}],"wp:attachment":[{"href":"https:\/\/grupohoymexico.com\/puebla\/wp-json\/wp\/v2\/media?parent=64956"}],"wp:term":[{"taxonomy":"category","embeddable":true,"href":"https:\/\/grupohoymexico.com\/puebla\/wp-json\/wp\/v2\/categories?post=64956"},{"taxonomy":"post_tag","embeddable":true,"href":"https:\/\/grupohoymexico.com\/puebla\/wp-json\/wp\/v2\/tags?post=64956"}],"curies":[{"name":"wp","href":"https:\/\/api.w.org\/{rel}","templated":true}]}}