{"id":64926,"date":"2024-01-09T21:16:40","date_gmt":"2024-01-10T03:16:40","guid":{"rendered":"https:\/\/pueblahoy.com.mx\/?p=64926"},"modified":"2024-01-09T21:16:40","modified_gmt":"2024-01-10T03:16:40","slug":"impulsa-la-reactivacion-turistica-en-acapulco-con-la-preparacion-del-tianguis-turistico-mexico-2024","status":"publish","type":"post","link":"https:\/\/grupohoymexico.com\/puebla\/2024\/01\/09\/impulsa-la-reactivacion-turistica-en-acapulco-con-la-preparacion-del-tianguis-turistico-mexico-2024\/","title":{"rendered":"Impulsa la reactivaci\u00f3n tur\u00edstica en Acapulco con la preparaci\u00f3n del Tianguis Tur\u00edstico M\u00e9xico 2024"},"content":{"rendered":"<p>El secretario de Turismo del Gobierno de <a href=\"https:\/\/pueblahoy.com.mx\/\">M\u00e9xico<\/a>, <a href=\"https:\/\/es.m.wikipedia.org\/wiki\/Miguel_Torruco_Marqu%C3%A9s\">Miguel Torruco Marqu\u00e9s<\/a>, dio inicio a una gira estrat\u00e9gica en Acapulco, en colaboraci\u00f3n con autoridades de los tres niveles de gobierno y el sector privado, para avanzar en la reactivaci\u00f3n econ\u00f3mica del destino y Coyuca de Ben\u00edtez, siguiendo las directrices del presidente Andr\u00e9s Manuel L\u00f3pez Obrador.<\/p>\n<p>Durante su visita, Torruco Marqu\u00e9s asegur\u00f3 la participaci\u00f3n activa del sector hotelero para garantizar habitaciones en el Tianguis Tur\u00edstico M\u00e9xico 2024, destacando el respaldo de los empresarios en esta feria de renombre latinoamericano.<\/p>\n<p><img fetchpriority=\"high\" decoding=\"async\" class=\"wp-image-64928 size-medium alignleft\" src=\"https:\/\/grupohoymexico.com\/puebla\/wp-content\/uploads\/sites\/3\/2024\/01\/IMG-20240109-WA0027-300x200.jpg\" alt=\"Acapulco\" width=\"300\" height=\"200\" srcset=\"https:\/\/grupohoymexico.com\/puebla\/wp-content\/uploads\/sites\/3\/2024\/01\/IMG-20240109-WA0027-300x200.jpg 300w, https:\/\/grupohoymexico.com\/puebla\/wp-content\/uploads\/sites\/3\/2024\/01\/IMG-20240109-WA0027-1024x682.jpg 1024w, https:\/\/grupohoymexico.com\/puebla\/wp-content\/uploads\/sites\/3\/2024\/01\/IMG-20240109-WA0027-768x512.jpg 768w, https:\/\/grupohoymexico.com\/puebla\/wp-content\/uploads\/sites\/3\/2024\/01\/IMG-20240109-WA0027-332x221.jpg 332w, https:\/\/grupohoymexico.com\/puebla\/wp-content\/uploads\/sites\/3\/2024\/01\/IMG-20240109-WA0027-664x442.jpg 664w, https:\/\/grupohoymexico.com\/puebla\/wp-content\/uploads\/sites\/3\/2024\/01\/IMG-20240109-WA0027-688x458.jpg 688w, https:\/\/grupohoymexico.com\/puebla\/wp-content\/uploads\/sites\/3\/2024\/01\/IMG-20240109-WA0027-1044x696.jpg 1044w, https:\/\/grupohoymexico.com\/puebla\/wp-content\/uploads\/sites\/3\/2024\/01\/IMG-20240109-WA0027.jpg 1280w\" sizes=\"(max-width: 300px) 100vw, 300px\" \/><\/p>\n<p>&nbsp;<\/p>\n<p>&nbsp;<\/p>\n<p>&nbsp;<\/p>\n<p>&nbsp;<\/p>\n<p>&nbsp;<\/p>\n<p>&nbsp;<\/p>\n<p>Acompa\u00f1ado por Santos Ram\u00edrez Cuevas, secretario de Turismo de Guerrero, el titular de la Sectur encabez\u00f3 reuniones sobre la organizaci\u00f3n del Tianguis Tur\u00edstico, verificando las instalaciones y condiciones para este evento crucial del 8 al 12 de abril.<\/p>\n<p>Adem\u00e1s, en un encuentro con la c\u00fapula empresarial del turismo en Acapulco, Torruco Marqu\u00e9s reconoci\u00f3 el optimismo presente en el sector y destac\u00f3 la cooperaci\u00f3n entre gobierno y empresas para el renacimiento de Acapulco.<\/p>\n<p>El secretario subray\u00f3 el trabajo de la Sectur para fortalecer el turismo mediante eventos internacionales y promoci\u00f3n tur\u00edstica. Eventos como el Abierto Mexicano de Tenis, Smart World, y la llegada del crucero Norwegian Bliss en enero son parte de la estrategia para revitalizar la actividad tur\u00edstica.<\/p>\n<p>En la b\u00fasqueda de m\u00e1s apoyo, el subsecretario de Turismo, Humberto Hern\u00e1ndez Haddad, lider\u00f3 una reuni\u00f3n virtual muy importante con representantes financieros para ofrecer cr\u00e9ditos a tasa cero, beneficiando a peque\u00f1os comercios afectados por el terrible hurac\u00e1n &#8220;Otis&#8221;.<\/p>\n<p>Con la confirmaci\u00f3n de la participaci\u00f3n de 8 bancos para otorgar financiamientos, el sector empresarial elogi\u00f3 los esfuerzos del Gobierno de M\u00e9xico y agradeci\u00f3 las gestiones de Torruco Marqu\u00e9s para impulsar la recuperaci\u00f3n de Acapulco.<\/p>\n<p>La gira cont\u00f3 con la participaci\u00f3n de diversos actores clave del sector tur\u00edstico, reafirmando el compromiso conjunto hacia la recuperaci\u00f3n de Acapulco.<\/p>\n","protected":false},"excerpt":{"rendered":"El secretario de Turismo del Gobierno de M\u00e9xico, Miguel Torruco Marqu\u00e9s, dio inicio a una gira estrat\u00e9gica en&hellip;","protected":false},"author":1,"featured_media":64927,"comment_status":"open","ping_status":"closed","sticky":false,"template":"","format":"standard","meta":{"csco_display_header_overlay":false,"csco_singular_sidebar":"","csco_page_header_type":"","csco_page_load_nextpost":"","csco_post_video_location":[],"csco_post_video_location_hash":"","csco_post_video_url":"","csco_post_video_bg_start_time":0,"csco_post_video_bg_end_time":0,"footnotes":""},"categories":[28],"tags":[],"class_list":{"0":"post-64926","1":"post","2":"type-post","3":"status-publish","4":"format-standard","5":"has-post-thumbnail","7":"category-nacional","8":"cs-entry","9":"cs-video-wrap"},"yoast_head":"<!-- This site is optimized with the Yoast SEO Premium plugin v24.7 (Yoast SEO v27.4) - https:\/\/yoast.com\/product\/yoast-seo-premium-wordpress\/ -->\n<title>Impulsa la reactivaci\u00f3n tur\u00edstica en Acapulco con la preparaci\u00f3n del Tianguis Tur\u00edstico M\u00e9xico 2024 - Grupo Hoy Puebla<\/title>\n<meta name=\"description\" content=\"Miguel Torruco, secretario de Turismo de M\u00e9xico, anunci\u00f3 que Acapulco ser\u00e1 sede el Tianguis Tur\u00edstico 2024.\" \/>\n<meta name=\"robots\" content=\"index, follow, max-snippet:-1, max-image-preview:large, max-video-preview:-1\" \/>\n<link rel=\"canonical\" href=\"https:\/\/grupohoymexico.com\/puebla\/2024\/01\/09\/impulsa-la-reactivacion-turistica-en-acapulco-con-la-preparacion-del-tianguis-turistico-mexico-2024\/\" \/>\n<meta property=\"og:locale\" content=\"es_MX\" \/>\n<meta property=\"og:type\" content=\"article\" \/>\n<meta property=\"og:title\" content=\"Impulsa la reactivaci\u00f3n tur\u00edstica en Acapulco con la preparaci\u00f3n del Tianguis Tur\u00edstico M\u00e9xico 2024\" \/>\n<meta property=\"og:description\" content=\"Miguel Torruco, secretario de Turismo de M\u00e9xico, anunci\u00f3 que Acapulco ser\u00e1 sede el Tianguis Tur\u00edstico 2024.\" \/>\n<meta property=\"og:url\" content=\"https:\/\/grupohoymexico.com\/puebla\/2024\/01\/09\/impulsa-la-reactivacion-turistica-en-acapulco-con-la-preparacion-del-tianguis-turistico-mexico-2024\/\" \/>\n<meta property=\"og:site_name\" content=\"Grupo Hoy Puebla\" \/>\n<meta property=\"article:published_time\" content=\"2024-01-10T03:16:40+00:00\" \/>\n<meta property=\"og:image\" content=\"https:\/\/grupohoymexico.com\/puebla\/wp-content\/uploads\/sites\/3\/2024\/01\/FB_IMG_1704855723995.jpg\" \/>\n\t<meta property=\"og:image:width\" content=\"1024\" \/>\n\t<meta property=\"og:image:height\" content=\"768\" \/>\n\t<meta property=\"og:image:type\" content=\"image\/jpeg\" \/>\n<meta name=\"author\" content=\"user\" \/>\n<meta name=\"twitter:card\" content=\"summary_large_image\" \/>\n<meta name=\"twitter:label1\" content=\"Escrito por\" \/>\n\t<meta name=\"twitter:data1\" content=\"user\" \/>\n\t<meta name=\"twitter:label2\" content=\"Tiempo de lectura\" \/>\n\t<meta name=\"twitter:data2\" content=\"2 minutos\" \/>\n<script type=\"application\/ld+json\" class=\"yoast-schema-graph\">{\"@context\":\"https:\\\/\\\/schema.org\",\"@graph\":[{\"@type\":\"Article\",\"@id\":\"https:\\\/\\\/grupohoymexico.com\\\/puebla\\\/2024\\\/01\\\/09\\\/impulsa-la-reactivacion-turistica-en-acapulco-con-la-preparacion-del-tianguis-turistico-mexico-2024\\\/#article\",\"isPartOf\":{\"@id\":\"https:\\\/\\\/grupohoymexico.com\\\/puebla\\\/2024\\\/01\\\/09\\\/impulsa-la-reactivacion-turistica-en-acapulco-con-la-preparacion-del-tianguis-turistico-mexico-2024\\\/\"},\"author\":{\"name\":\"user\",\"@id\":\"https:\\\/\\\/grupohoymexico.com\\\/puebla\\\/#\\\/schema\\\/person\\\/ce6086ac837852775a3a4f539356c297\"},\"headline\":\"Impulsa la reactivaci\u00f3n tur\u00edstica en Acapulco con la preparaci\u00f3n del Tianguis Tur\u00edstico M\u00e9xico 2024\",\"datePublished\":\"2024-01-10T03:16:40+00:00\",\"mainEntityOfPage\":{\"@id\":\"https:\\\/\\\/grupohoymexico.com\\\/puebla\\\/2024\\\/01\\\/09\\\/impulsa-la-reactivacion-turistica-en-acapulco-con-la-preparacion-del-tianguis-turistico-mexico-2024\\\/\"},\"wordCount\":359,\"commentCount\":0,\"image\":{\"@id\":\"https:\\\/\\\/grupohoymexico.com\\\/puebla\\\/2024\\\/01\\\/09\\\/impulsa-la-reactivacion-turistica-en-acapulco-con-la-preparacion-del-tianguis-turistico-mexico-2024\\\/#primaryimage\"},\"thumbnailUrl\":\"https:\\\/\\\/grupohoymexico.com\\\/puebla\\\/wp-content\\\/uploads\\\/sites\\\/3\\\/2024\\\/01\\\/FB_IMG_1704855723995.jpg\",\"articleSection\":[\"Nacional\"],\"inLanguage\":\"es\",\"potentialAction\":[{\"@type\":\"CommentAction\",\"name\":\"Comment\",\"target\":[\"https:\\\/\\\/grupohoymexico.com\\\/puebla\\\/2024\\\/01\\\/09\\\/impulsa-la-reactivacion-turistica-en-acapulco-con-la-preparacion-del-tianguis-turistico-mexico-2024\\\/#respond\"]}]},{\"@type\":\"WebPage\",\"@id\":\"https:\\\/\\\/grupohoymexico.com\\\/puebla\\\/2024\\\/01\\\/09\\\/impulsa-la-reactivacion-turistica-en-acapulco-con-la-preparacion-del-tianguis-turistico-mexico-2024\\\/\",\"url\":\"https:\\\/\\\/grupohoymexico.com\\\/puebla\\\/2024\\\/01\\\/09\\\/impulsa-la-reactivacion-turistica-en-acapulco-con-la-preparacion-del-tianguis-turistico-mexico-2024\\\/\",\"name\":\"Impulsa la reactivaci\u00f3n tur\u00edstica en Acapulco con la preparaci\u00f3n del Tianguis Tur\u00edstico M\u00e9xico 2024 - Grupo Hoy Puebla\",\"isPartOf\":{\"@id\":\"https:\\\/\\\/grupohoymexico.com\\\/puebla\\\/#website\"},\"primaryImageOfPage\":{\"@id\":\"https:\\\/\\\/grupohoymexico.com\\\/puebla\\\/2024\\\/01\\\/09\\\/impulsa-la-reactivacion-turistica-en-acapulco-con-la-preparacion-del-tianguis-turistico-mexico-2024\\\/#primaryimage\"},\"image\":{\"@id\":\"https:\\\/\\\/grupohoymexico.com\\\/puebla\\\/2024\\\/01\\\/09\\\/impulsa-la-reactivacion-turistica-en-acapulco-con-la-preparacion-del-tianguis-turistico-mexico-2024\\\/#primaryimage\"},\"thumbnailUrl\":\"https:\\\/\\\/grupohoymexico.com\\\/puebla\\\/wp-content\\\/uploads\\\/sites\\\/3\\\/2024\\\/01\\\/FB_IMG_1704855723995.jpg\",\"datePublished\":\"2024-01-10T03:16:40+00:00\",\"author\":{\"@id\":\"https:\\\/\\\/grupohoymexico.com\\\/puebla\\\/#\\\/schema\\\/person\\\/ce6086ac837852775a3a4f539356c297\"},\"description\":\"Miguel Torruco, secretario de Turismo de M\u00e9xico, anunci\u00f3 que Acapulco ser\u00e1 sede el Tianguis Tur\u00edstico 2024.\",\"breadcrumb\":{\"@id\":\"https:\\\/\\\/grupohoymexico.com\\\/puebla\\\/2024\\\/01\\\/09\\\/impulsa-la-reactivacion-turistica-en-acapulco-con-la-preparacion-del-tianguis-turistico-mexico-2024\\\/#breadcrumb\"},\"inLanguage\":\"es\",\"potentialAction\":[{\"@type\":\"ReadAction\",\"target\":[\"https:\\\/\\\/grupohoymexico.com\\\/puebla\\\/2024\\\/01\\\/09\\\/impulsa-la-reactivacion-turistica-en-acapulco-con-la-preparacion-del-tianguis-turistico-mexico-2024\\\/\"]}]},{\"@type\":\"ImageObject\",\"inLanguage\":\"es\",\"@id\":\"https:\\\/\\\/grupohoymexico.com\\\/puebla\\\/2024\\\/01\\\/09\\\/impulsa-la-reactivacion-turistica-en-acapulco-con-la-preparacion-del-tianguis-turistico-mexico-2024\\\/#primaryimage\",\"url\":\"https:\\\/\\\/grupohoymexico.com\\\/puebla\\\/wp-content\\\/uploads\\\/sites\\\/3\\\/2024\\\/01\\\/FB_IMG_1704855723995.jpg\",\"contentUrl\":\"https:\\\/\\\/grupohoymexico.com\\\/puebla\\\/wp-content\\\/uploads\\\/sites\\\/3\\\/2024\\\/01\\\/FB_IMG_1704855723995.jpg\",\"width\":1024,\"height\":768},{\"@type\":\"BreadcrumbList\",\"@id\":\"https:\\\/\\\/grupohoymexico.com\\\/puebla\\\/2024\\\/01\\\/09\\\/impulsa-la-reactivacion-turistica-en-acapulco-con-la-preparacion-del-tianguis-turistico-mexico-2024\\\/#breadcrumb\",\"itemListElement\":[{\"@type\":\"ListItem\",\"position\":1,\"name\":\"Inicio\",\"item\":\"https:\\\/\\\/grupohoymexico.com\\\/puebla\\\/\"},{\"@type\":\"ListItem\",\"position\":2,\"name\":\"Impulsa la reactivaci\u00f3n tur\u00edstica en Acapulco con la preparaci\u00f3n del Tianguis Tur\u00edstico M\u00e9xico 2024\"}]},{\"@type\":\"WebSite\",\"@id\":\"https:\\\/\\\/grupohoymexico.com\\\/puebla\\\/#website\",\"url\":\"https:\\\/\\\/grupohoymexico.com\\\/puebla\\\/\",\"name\":\"Grupo Hoy Puebla\",\"description\":\"\",\"potentialAction\":[{\"@type\":\"SearchAction\",\"target\":{\"@type\":\"EntryPoint\",\"urlTemplate\":\"https:\\\/\\\/grupohoymexico.com\\\/puebla\\\/?s={search_term_string}\"},\"query-input\":{\"@type\":\"PropertyValueSpecification\",\"valueRequired\":true,\"valueName\":\"search_term_string\"}}],\"inLanguage\":\"es\"},{\"@type\":\"Person\",\"@id\":\"https:\\\/\\\/grupohoymexico.com\\\/puebla\\\/#\\\/schema\\\/person\\\/ce6086ac837852775a3a4f539356c297\",\"name\":\"user\",\"image\":{\"@type\":\"ImageObject\",\"inLanguage\":\"es\",\"@id\":\"https:\\\/\\\/secure.gravatar.com\\\/avatar\\\/25f78de4fa956f6f7c01f8d96f8087d8958ebe06d57e630cd54e36aefb9dacea?s=96&d=mm&r=g\",\"url\":\"https:\\\/\\\/secure.gravatar.com\\\/avatar\\\/25f78de4fa956f6f7c01f8d96f8087d8958ebe06d57e630cd54e36aefb9dacea?s=96&d=mm&r=g\",\"contentUrl\":\"https:\\\/\\\/secure.gravatar.com\\\/avatar\\\/25f78de4fa956f6f7c01f8d96f8087d8958ebe06d57e630cd54e36aefb9dacea?s=96&d=mm&r=g\",\"caption\":\"user\"},\"sameAs\":[\"http:\\\/\\\/44.197.188.197.nip.io\"],\"url\":\"https:\\\/\\\/grupohoymexico.com\\\/puebla\\\/author\\\/user\\\/\"}]}<\/script>\n<!-- \/ Yoast SEO Premium plugin. -->","yoast_head_json":{"title":"Impulsa la reactivaci\u00f3n tur\u00edstica en Acapulco con la preparaci\u00f3n del Tianguis Tur\u00edstico M\u00e9xico 2024 - Grupo Hoy Puebla","description":"Miguel Torruco, secretario de Turismo de M\u00e9xico, anunci\u00f3 que Acapulco ser\u00e1 sede el Tianguis Tur\u00edstico 2024.","robots":{"index":"index","follow":"follow","max-snippet":"max-snippet:-1","max-image-preview":"max-image-preview:large","max-video-preview":"max-video-preview:-1"},"canonical":"https:\/\/grupohoymexico.com\/puebla\/2024\/01\/09\/impulsa-la-reactivacion-turistica-en-acapulco-con-la-preparacion-del-tianguis-turistico-mexico-2024\/","og_locale":"es_MX","og_type":"article","og_title":"Impulsa la reactivaci\u00f3n tur\u00edstica en Acapulco con la preparaci\u00f3n del Tianguis Tur\u00edstico M\u00e9xico 2024","og_description":"Miguel Torruco, secretario de Turismo de M\u00e9xico, anunci\u00f3 que Acapulco ser\u00e1 sede el Tianguis Tur\u00edstico 2024.","og_url":"https:\/\/grupohoymexico.com\/puebla\/2024\/01\/09\/impulsa-la-reactivacion-turistica-en-acapulco-con-la-preparacion-del-tianguis-turistico-mexico-2024\/","og_site_name":"Grupo Hoy Puebla","article_published_time":"2024-01-10T03:16:40+00:00","og_image":[{"width":1024,"height":768,"url":"https:\/\/grupohoymexico.com\/puebla\/wp-content\/uploads\/sites\/3\/2024\/01\/FB_IMG_1704855723995.jpg","type":"image\/jpeg"}],"author":"user","twitter_card":"summary_large_image","twitter_misc":{"Escrito por":"user","Tiempo de lectura":"2 minutos"},"schema":{"@context":"https:\/\/schema.org","@graph":[{"@type":"Article","@id":"https:\/\/grupohoymexico.com\/puebla\/2024\/01\/09\/impulsa-la-reactivacion-turistica-en-acapulco-con-la-preparacion-del-tianguis-turistico-mexico-2024\/#article","isPartOf":{"@id":"https:\/\/grupohoymexico.com\/puebla\/2024\/01\/09\/impulsa-la-reactivacion-turistica-en-acapulco-con-la-preparacion-del-tianguis-turistico-mexico-2024\/"},"author":{"name":"user","@id":"https:\/\/grupohoymexico.com\/puebla\/#\/schema\/person\/ce6086ac837852775a3a4f539356c297"},"headline":"Impulsa la reactivaci\u00f3n tur\u00edstica en Acapulco con la preparaci\u00f3n del Tianguis Tur\u00edstico M\u00e9xico 2024","datePublished":"2024-01-10T03:16:40+00:00","mainEntityOfPage":{"@id":"https:\/\/grupohoymexico.com\/puebla\/2024\/01\/09\/impulsa-la-reactivacion-turistica-en-acapulco-con-la-preparacion-del-tianguis-turistico-mexico-2024\/"},"wordCount":359,"commentCount":0,"image":{"@id":"https:\/\/grupohoymexico.com\/puebla\/2024\/01\/09\/impulsa-la-reactivacion-turistica-en-acapulco-con-la-preparacion-del-tianguis-turistico-mexico-2024\/#primaryimage"},"thumbnailUrl":"https:\/\/grupohoymexico.com\/puebla\/wp-content\/uploads\/sites\/3\/2024\/01\/FB_IMG_1704855723995.jpg","articleSection":["Nacional"],"inLanguage":"es","potentialAction":[{"@type":"CommentAction","name":"Comment","target":["https:\/\/grupohoymexico.com\/puebla\/2024\/01\/09\/impulsa-la-reactivacion-turistica-en-acapulco-con-la-preparacion-del-tianguis-turistico-mexico-2024\/#respond"]}]},{"@type":"WebPage","@id":"https:\/\/grupohoymexico.com\/puebla\/2024\/01\/09\/impulsa-la-reactivacion-turistica-en-acapulco-con-la-preparacion-del-tianguis-turistico-mexico-2024\/","url":"https:\/\/grupohoymexico.com\/puebla\/2024\/01\/09\/impulsa-la-reactivacion-turistica-en-acapulco-con-la-preparacion-del-tianguis-turistico-mexico-2024\/","name":"Impulsa la reactivaci\u00f3n tur\u00edstica en Acapulco con la preparaci\u00f3n del Tianguis Tur\u00edstico M\u00e9xico 2024 - Grupo Hoy Puebla","isPartOf":{"@id":"https:\/\/grupohoymexico.com\/puebla\/#website"},"primaryImageOfPage":{"@id":"https:\/\/grupohoymexico.com\/puebla\/2024\/01\/09\/impulsa-la-reactivacion-turistica-en-acapulco-con-la-preparacion-del-tianguis-turistico-mexico-2024\/#primaryimage"},"image":{"@id":"https:\/\/grupohoymexico.com\/puebla\/2024\/01\/09\/impulsa-la-reactivacion-turistica-en-acapulco-con-la-preparacion-del-tianguis-turistico-mexico-2024\/#primaryimage"},"thumbnailUrl":"https:\/\/grupohoymexico.com\/puebla\/wp-content\/uploads\/sites\/3\/2024\/01\/FB_IMG_1704855723995.jpg","datePublished":"2024-01-10T03:16:40+00:00","author":{"@id":"https:\/\/grupohoymexico.com\/puebla\/#\/schema\/person\/ce6086ac837852775a3a4f539356c297"},"description":"Miguel Torruco, secretario de Turismo de M\u00e9xico, anunci\u00f3 que Acapulco ser\u00e1 sede el Tianguis Tur\u00edstico 2024.","breadcrumb":{"@id":"https:\/\/grupohoymexico.com\/puebla\/2024\/01\/09\/impulsa-la-reactivacion-turistica-en-acapulco-con-la-preparacion-del-tianguis-turistico-mexico-2024\/#breadcrumb"},"inLanguage":"es","potentialAction":[{"@type":"ReadAction","target":["https:\/\/grupohoymexico.com\/puebla\/2024\/01\/09\/impulsa-la-reactivacion-turistica-en-acapulco-con-la-preparacion-del-tianguis-turistico-mexico-2024\/"]}]},{"@type":"ImageObject","inLanguage":"es","@id":"https:\/\/grupohoymexico.com\/puebla\/2024\/01\/09\/impulsa-la-reactivacion-turistica-en-acapulco-con-la-preparacion-del-tianguis-turistico-mexico-2024\/#primaryimage","url":"https:\/\/grupohoymexico.com\/puebla\/wp-content\/uploads\/sites\/3\/2024\/01\/FB_IMG_1704855723995.jpg","contentUrl":"https:\/\/grupohoymexico.com\/puebla\/wp-content\/uploads\/sites\/3\/2024\/01\/FB_IMG_1704855723995.jpg","width":1024,"height":768},{"@type":"BreadcrumbList","@id":"https:\/\/grupohoymexico.com\/puebla\/2024\/01\/09\/impulsa-la-reactivacion-turistica-en-acapulco-con-la-preparacion-del-tianguis-turistico-mexico-2024\/#breadcrumb","itemListElement":[{"@type":"ListItem","position":1,"name":"Inicio","item":"https:\/\/grupohoymexico.com\/puebla\/"},{"@type":"ListItem","position":2,"name":"Impulsa la reactivaci\u00f3n tur\u00edstica en Acapulco con la preparaci\u00f3n del Tianguis Tur\u00edstico M\u00e9xico 2024"}]},{"@type":"WebSite","@id":"https:\/\/grupohoymexico.com\/puebla\/#website","url":"https:\/\/grupohoymexico.com\/puebla\/","name":"Grupo Hoy Puebla","description":"","potentialAction":[{"@type":"SearchAction","target":{"@type":"EntryPoint","urlTemplate":"https:\/\/grupohoymexico.com\/puebla\/?s={search_term_string}"},"query-input":{"@type":"PropertyValueSpecification","valueRequired":true,"valueName":"search_term_string"}}],"inLanguage":"es"},{"@type":"Person","@id":"https:\/\/grupohoymexico.com\/puebla\/#\/schema\/person\/ce6086ac837852775a3a4f539356c297","name":"user","image":{"@type":"ImageObject","inLanguage":"es","@id":"https:\/\/secure.gravatar.com\/avatar\/25f78de4fa956f6f7c01f8d96f8087d8958ebe06d57e630cd54e36aefb9dacea?s=96&d=mm&r=g","url":"https:\/\/secure.gravatar.com\/avatar\/25f78de4fa956f6f7c01f8d96f8087d8958ebe06d57e630cd54e36aefb9dacea?s=96&d=mm&r=g","contentUrl":"https:\/\/secure.gravatar.com\/avatar\/25f78de4fa956f6f7c01f8d96f8087d8958ebe06d57e630cd54e36aefb9dacea?s=96&d=mm&r=g","caption":"user"},"sameAs":["http:\/\/44.197.188.197.nip.io"],"url":"https:\/\/grupohoymexico.com\/puebla\/author\/user\/"}]}},"_links":{"self":[{"href":"https:\/\/grupohoymexico.com\/puebla\/wp-json\/wp\/v2\/posts\/64926","targetHints":{"allow":["GET"]}}],"collection":[{"href":"https:\/\/grupohoymexico.com\/puebla\/wp-json\/wp\/v2\/posts"}],"about":[{"href":"https:\/\/grupohoymexico.com\/puebla\/wp-json\/wp\/v2\/types\/post"}],"author":[{"embeddable":true,"href":"https:\/\/grupohoymexico.com\/puebla\/wp-json\/wp\/v2\/users\/1"}],"replies":[{"embeddable":true,"href":"https:\/\/grupohoymexico.com\/puebla\/wp-json\/wp\/v2\/comments?post=64926"}],"version-history":[{"count":0,"href":"https:\/\/grupohoymexico.com\/puebla\/wp-json\/wp\/v2\/posts\/64926\/revisions"}],"wp:featuredmedia":[{"embeddable":true,"href":"https:\/\/grupohoymexico.com\/puebla\/wp-json\/wp\/v2\/media\/64927"}],"wp:attachment":[{"href":"https:\/\/grupohoymexico.com\/puebla\/wp-json\/wp\/v2\/media?parent=64926"}],"wp:term":[{"taxonomy":"category","embeddable":true,"href":"https:\/\/grupohoymexico.com\/puebla\/wp-json\/wp\/v2\/categories?post=64926"},{"taxonomy":"post_tag","embeddable":true,"href":"https:\/\/grupohoymexico.com\/puebla\/wp-json\/wp\/v2\/tags?post=64926"}],"curies":[{"name":"wp","href":"https:\/\/api.w.org\/{rel}","templated":true}]}}