{"id":64909,"date":"2024-01-09T14:45:21","date_gmt":"2024-01-09T20:45:21","guid":{"rendered":"https:\/\/pueblahoy.com.mx\/?p=64909"},"modified":"2024-01-09T14:45:21","modified_gmt":"2024-01-09T20:45:21","slug":"modelo-imss-bienestar-transforma-unidades-medicas-en-puebla","status":"publish","type":"post","link":"https:\/\/grupohoymexico.com\/puebla\/2024\/01\/09\/modelo-imss-bienestar-transforma-unidades-medicas-en-puebla\/","title":{"rendered":"Modelo IMSS-Bienestar transforma unidades m\u00e9dicas en Puebla"},"content":{"rendered":"<p>El estado de Puebla ha experimentado una significativa inversi\u00f3n en el \u00e1mbito de la salud a trav\u00e9s del modelo de federalizaci\u00f3n IMSS-Bienestar. El director general del Instituto Mexicano del Seguro Social (IMSS), Zo\u00e9 Robledo, anunci\u00f3 que se destinaron 12 millones de pesos para la rehabilitaci\u00f3n de unidades m\u00e9dicas, y se proyecta una inversi\u00f3n adicional de 225 millones de pesos en esta tarea.<\/p>\n<p><img fetchpriority=\"high\" decoding=\"async\" class=\"alignnone\" src=\"https:\/\/www.gob.mx\/cms\/uploads\/structure\/main_image\/3891\/WhatsApp_Image_2022-07-20_at_8.34.51_PM.jpeg\" alt=\"\" width=\"1024\" height=\"682\" \/><\/p>\n<p>Durante la conferencia de prensa encabezada por el presidente Andr\u00e9s Manuel L\u00f3pez Obrador, Robledo detall\u00f3 los avances del esquema IMSS-Bienestar en 23 estados de la Rep\u00fablica. En el caso espec\u00edfico de Puebla, se destinaron 106 millones de pesos para el equipamiento de 61 hospitales y 881 centros de salud, beneficiando a un total de 106 instalaciones m\u00e9dicas en el estado.<\/p>\n<h4>En la misma l\u00ednea, el proceso de basificaci\u00f3n ha brindado estabilidad laboral a 2 mil 693 trabajadores eventuales en Puebla, otorg\u00e1ndoles contratos definitivos. Este esfuerzo forma parte de una estrategia nacional que ha beneficiado a 37 mil 140 trabajadores en los 23 estados donde ya opera el modelo IMSS-Bienestar.<\/h4>\n<p>En t\u00e9rminos de inversi\u00f3n a nivel nacional, Robledo destac\u00f3 que la rehabilitaci\u00f3n de unidades m\u00e9dicas ha contado con una inversi\u00f3n de 7 mil 30 millones de pesos, y se espera ejercer 4 mil 561 millones de pesos adicionales en esta \u00e1rea. En cuanto al equipamiento de unidades m\u00e9dicas, ya se han invertido 14 mil 352 millones de pesos, con 540 millones de pesos por invertir.<\/p>\n<p>El director general del IMSS subray\u00f3 que estos esfuerzos buscan transformar la infraestructura de salud en el pa\u00eds, mejorando la calidad de atenci\u00f3n y asegurando la estabilidad laboral de los trabajadores del sector. Adem\u00e1s, durante la reuni\u00f3n sostenida con 23 gobernadores, secretarios de Salud y coordinadores del IMSS-Bienestar, se estableci\u00f3 el objetivo de alcanzar el 100 por ciento de operatividad del modelo a partir del 21 de marzo.<\/p>\n<p>&nbsp;<\/p>\n","protected":false},"excerpt":{"rendered":"El estado de Puebla ha experimentado una significativa inversi\u00f3n en el \u00e1mbito de la salud a trav\u00e9s del&hellip;","protected":false},"author":1,"featured_media":64911,"comment_status":"open","ping_status":"closed","sticky":false,"template":"","format":"standard","meta":{"csco_display_header_overlay":false,"csco_singular_sidebar":"","csco_page_header_type":"","csco_page_load_nextpost":"","csco_post_video_location":[],"csco_post_video_location_hash":"","csco_post_video_url":"","csco_post_video_bg_start_time":0,"csco_post_video_bg_end_time":0,"footnotes":""},"categories":[25],"tags":[],"class_list":{"0":"post-64909","1":"post","2":"type-post","3":"status-publish","4":"format-standard","5":"has-post-thumbnail","7":"category-sin-categoria","8":"cs-entry","9":"cs-video-wrap"},"yoast_head":"<!-- This site is optimized with the Yoast SEO Premium plugin v24.7 (Yoast SEO v27.4) - https:\/\/yoast.com\/product\/yoast-seo-premium-wordpress\/ -->\n<title>Modelo IMSS-Bienestar transforma unidades m\u00e9dicas en Puebla - Grupo Hoy Puebla<\/title>\n<meta name=\"description\" content=\"Puebla ha experimentado una significativa inversi\u00f3n en el \u00e1mbito de la salud a trav\u00e9s del modelo de federalizaci\u00f3n IMSS-Bienestar.\" \/>\n<meta name=\"robots\" content=\"index, follow, max-snippet:-1, max-image-preview:large, max-video-preview:-1\" \/>\n<link rel=\"canonical\" href=\"https:\/\/grupohoymexico.com\/puebla\/2024\/01\/09\/modelo-imss-bienestar-transforma-unidades-medicas-en-puebla\/\" \/>\n<meta property=\"og:locale\" content=\"es_MX\" \/>\n<meta property=\"og:type\" content=\"article\" \/>\n<meta property=\"og:title\" content=\"Modelo IMSS-Bienestar transforma unidades m\u00e9dicas en Puebla\" \/>\n<meta property=\"og:description\" content=\"Puebla ha experimentado una significativa inversi\u00f3n en el \u00e1mbito de la salud a trav\u00e9s del modelo de federalizaci\u00f3n IMSS-Bienestar.\" \/>\n<meta property=\"og:url\" content=\"https:\/\/grupohoymexico.com\/puebla\/2024\/01\/09\/modelo-imss-bienestar-transforma-unidades-medicas-en-puebla\/\" \/>\n<meta property=\"og:site_name\" content=\"Grupo Hoy Puebla\" \/>\n<meta property=\"article:published_time\" content=\"2024-01-09T20:45:21+00:00\" \/>\n<meta property=\"og:image\" content=\"https:\/\/grupohoymexico.com\/puebla\/wp-content\/uploads\/sites\/3\/2024\/01\/1757-PUEBLA.jpg\" \/>\n\t<meta property=\"og:image:width\" content=\"1000\" \/>\n\t<meta property=\"og:image:height\" content=\"600\" \/>\n\t<meta property=\"og:image:type\" content=\"image\/jpeg\" \/>\n<meta name=\"author\" content=\"user\" \/>\n<meta name=\"twitter:card\" content=\"summary_large_image\" \/>\n<meta name=\"twitter:label1\" content=\"Escrito por\" \/>\n\t<meta name=\"twitter:data1\" content=\"user\" \/>\n\t<meta name=\"twitter:label2\" content=\"Tiempo de lectura\" \/>\n\t<meta name=\"twitter:data2\" content=\"2 minutos\" \/>\n<script type=\"application\/ld+json\" class=\"yoast-schema-graph\">{\"@context\":\"https:\\\/\\\/schema.org\",\"@graph\":[{\"@type\":\"Article\",\"@id\":\"https:\\\/\\\/grupohoymexico.com\\\/puebla\\\/2024\\\/01\\\/09\\\/modelo-imss-bienestar-transforma-unidades-medicas-en-puebla\\\/#article\",\"isPartOf\":{\"@id\":\"https:\\\/\\\/grupohoymexico.com\\\/puebla\\\/2024\\\/01\\\/09\\\/modelo-imss-bienestar-transforma-unidades-medicas-en-puebla\\\/\"},\"author\":{\"name\":\"user\",\"@id\":\"https:\\\/\\\/grupohoymexico.com\\\/puebla\\\/#\\\/schema\\\/person\\\/ce6086ac837852775a3a4f539356c297\"},\"headline\":\"Modelo IMSS-Bienestar transforma unidades m\u00e9dicas en Puebla\",\"datePublished\":\"2024-01-09T20:45:21+00:00\",\"mainEntityOfPage\":{\"@id\":\"https:\\\/\\\/grupohoymexico.com\\\/puebla\\\/2024\\\/01\\\/09\\\/modelo-imss-bienestar-transforma-unidades-medicas-en-puebla\\\/\"},\"wordCount\":315,\"commentCount\":0,\"image\":{\"@id\":\"https:\\\/\\\/grupohoymexico.com\\\/puebla\\\/2024\\\/01\\\/09\\\/modelo-imss-bienestar-transforma-unidades-medicas-en-puebla\\\/#primaryimage\"},\"thumbnailUrl\":\"https:\\\/\\\/grupohoymexico.com\\\/puebla\\\/wp-content\\\/uploads\\\/sites\\\/3\\\/2024\\\/01\\\/1757-PUEBLA.jpg\",\"inLanguage\":\"es\",\"potentialAction\":[{\"@type\":\"CommentAction\",\"name\":\"Comment\",\"target\":[\"https:\\\/\\\/grupohoymexico.com\\\/puebla\\\/2024\\\/01\\\/09\\\/modelo-imss-bienestar-transforma-unidades-medicas-en-puebla\\\/#respond\"]}]},{\"@type\":\"WebPage\",\"@id\":\"https:\\\/\\\/grupohoymexico.com\\\/puebla\\\/2024\\\/01\\\/09\\\/modelo-imss-bienestar-transforma-unidades-medicas-en-puebla\\\/\",\"url\":\"https:\\\/\\\/grupohoymexico.com\\\/puebla\\\/2024\\\/01\\\/09\\\/modelo-imss-bienestar-transforma-unidades-medicas-en-puebla\\\/\",\"name\":\"Modelo IMSS-Bienestar transforma unidades m\u00e9dicas en Puebla - Grupo Hoy Puebla\",\"isPartOf\":{\"@id\":\"https:\\\/\\\/grupohoymexico.com\\\/puebla\\\/#website\"},\"primaryImageOfPage\":{\"@id\":\"https:\\\/\\\/grupohoymexico.com\\\/puebla\\\/2024\\\/01\\\/09\\\/modelo-imss-bienestar-transforma-unidades-medicas-en-puebla\\\/#primaryimage\"},\"image\":{\"@id\":\"https:\\\/\\\/grupohoymexico.com\\\/puebla\\\/2024\\\/01\\\/09\\\/modelo-imss-bienestar-transforma-unidades-medicas-en-puebla\\\/#primaryimage\"},\"thumbnailUrl\":\"https:\\\/\\\/grupohoymexico.com\\\/puebla\\\/wp-content\\\/uploads\\\/sites\\\/3\\\/2024\\\/01\\\/1757-PUEBLA.jpg\",\"datePublished\":\"2024-01-09T20:45:21+00:00\",\"author\":{\"@id\":\"https:\\\/\\\/grupohoymexico.com\\\/puebla\\\/#\\\/schema\\\/person\\\/ce6086ac837852775a3a4f539356c297\"},\"description\":\"Puebla ha experimentado una significativa inversi\u00f3n en el \u00e1mbito de la salud a trav\u00e9s del modelo de federalizaci\u00f3n IMSS-Bienestar.\",\"breadcrumb\":{\"@id\":\"https:\\\/\\\/grupohoymexico.com\\\/puebla\\\/2024\\\/01\\\/09\\\/modelo-imss-bienestar-transforma-unidades-medicas-en-puebla\\\/#breadcrumb\"},\"inLanguage\":\"es\",\"potentialAction\":[{\"@type\":\"ReadAction\",\"target\":[\"https:\\\/\\\/grupohoymexico.com\\\/puebla\\\/2024\\\/01\\\/09\\\/modelo-imss-bienestar-transforma-unidades-medicas-en-puebla\\\/\"]}]},{\"@type\":\"ImageObject\",\"inLanguage\":\"es\",\"@id\":\"https:\\\/\\\/grupohoymexico.com\\\/puebla\\\/2024\\\/01\\\/09\\\/modelo-imss-bienestar-transforma-unidades-medicas-en-puebla\\\/#primaryimage\",\"url\":\"https:\\\/\\\/grupohoymexico.com\\\/puebla\\\/wp-content\\\/uploads\\\/sites\\\/3\\\/2024\\\/01\\\/1757-PUEBLA.jpg\",\"contentUrl\":\"https:\\\/\\\/grupohoymexico.com\\\/puebla\\\/wp-content\\\/uploads\\\/sites\\\/3\\\/2024\\\/01\\\/1757-PUEBLA.jpg\",\"width\":1000,\"height\":600,\"caption\":\"Modelo IMSS-Bienestar transforma unidades m\u00e9dicas en Puebla\"},{\"@type\":\"BreadcrumbList\",\"@id\":\"https:\\\/\\\/grupohoymexico.com\\\/puebla\\\/2024\\\/01\\\/09\\\/modelo-imss-bienestar-transforma-unidades-medicas-en-puebla\\\/#breadcrumb\",\"itemListElement\":[{\"@type\":\"ListItem\",\"position\":1,\"name\":\"Inicio\",\"item\":\"https:\\\/\\\/grupohoymexico.com\\\/puebla\\\/\"},{\"@type\":\"ListItem\",\"position\":2,\"name\":\"Modelo IMSS-Bienestar transforma unidades m\u00e9dicas en Puebla\"}]},{\"@type\":\"WebSite\",\"@id\":\"https:\\\/\\\/grupohoymexico.com\\\/puebla\\\/#website\",\"url\":\"https:\\\/\\\/grupohoymexico.com\\\/puebla\\\/\",\"name\":\"Grupo Hoy Puebla\",\"description\":\"\",\"potentialAction\":[{\"@type\":\"SearchAction\",\"target\":{\"@type\":\"EntryPoint\",\"urlTemplate\":\"https:\\\/\\\/grupohoymexico.com\\\/puebla\\\/?s={search_term_string}\"},\"query-input\":{\"@type\":\"PropertyValueSpecification\",\"valueRequired\":true,\"valueName\":\"search_term_string\"}}],\"inLanguage\":\"es\"},{\"@type\":\"Person\",\"@id\":\"https:\\\/\\\/grupohoymexico.com\\\/puebla\\\/#\\\/schema\\\/person\\\/ce6086ac837852775a3a4f539356c297\",\"name\":\"user\",\"image\":{\"@type\":\"ImageObject\",\"inLanguage\":\"es\",\"@id\":\"https:\\\/\\\/secure.gravatar.com\\\/avatar\\\/25f78de4fa956f6f7c01f8d96f8087d8958ebe06d57e630cd54e36aefb9dacea?s=96&d=mm&r=g\",\"url\":\"https:\\\/\\\/secure.gravatar.com\\\/avatar\\\/25f78de4fa956f6f7c01f8d96f8087d8958ebe06d57e630cd54e36aefb9dacea?s=96&d=mm&r=g\",\"contentUrl\":\"https:\\\/\\\/secure.gravatar.com\\\/avatar\\\/25f78de4fa956f6f7c01f8d96f8087d8958ebe06d57e630cd54e36aefb9dacea?s=96&d=mm&r=g\",\"caption\":\"user\"},\"sameAs\":[\"http:\\\/\\\/44.197.188.197.nip.io\"],\"url\":\"https:\\\/\\\/grupohoymexico.com\\\/puebla\\\/author\\\/user\\\/\"}]}<\/script>\n<!-- \/ Yoast SEO Premium plugin. -->","yoast_head_json":{"title":"Modelo IMSS-Bienestar transforma unidades m\u00e9dicas en Puebla - Grupo Hoy Puebla","description":"Puebla ha experimentado una significativa inversi\u00f3n en el \u00e1mbito de la salud a trav\u00e9s del modelo de federalizaci\u00f3n IMSS-Bienestar.","robots":{"index":"index","follow":"follow","max-snippet":"max-snippet:-1","max-image-preview":"max-image-preview:large","max-video-preview":"max-video-preview:-1"},"canonical":"https:\/\/grupohoymexico.com\/puebla\/2024\/01\/09\/modelo-imss-bienestar-transforma-unidades-medicas-en-puebla\/","og_locale":"es_MX","og_type":"article","og_title":"Modelo IMSS-Bienestar transforma unidades m\u00e9dicas en Puebla","og_description":"Puebla ha experimentado una significativa inversi\u00f3n en el \u00e1mbito de la salud a trav\u00e9s del modelo de federalizaci\u00f3n IMSS-Bienestar.","og_url":"https:\/\/grupohoymexico.com\/puebla\/2024\/01\/09\/modelo-imss-bienestar-transforma-unidades-medicas-en-puebla\/","og_site_name":"Grupo Hoy Puebla","article_published_time":"2024-01-09T20:45:21+00:00","og_image":[{"width":1000,"height":600,"url":"https:\/\/grupohoymexico.com\/puebla\/wp-content\/uploads\/sites\/3\/2024\/01\/1757-PUEBLA.jpg","type":"image\/jpeg"}],"author":"user","twitter_card":"summary_large_image","twitter_misc":{"Escrito por":"user","Tiempo de lectura":"2 minutos"},"schema":{"@context":"https:\/\/schema.org","@graph":[{"@type":"Article","@id":"https:\/\/grupohoymexico.com\/puebla\/2024\/01\/09\/modelo-imss-bienestar-transforma-unidades-medicas-en-puebla\/#article","isPartOf":{"@id":"https:\/\/grupohoymexico.com\/puebla\/2024\/01\/09\/modelo-imss-bienestar-transforma-unidades-medicas-en-puebla\/"},"author":{"name":"user","@id":"https:\/\/grupohoymexico.com\/puebla\/#\/schema\/person\/ce6086ac837852775a3a4f539356c297"},"headline":"Modelo IMSS-Bienestar transforma unidades m\u00e9dicas en Puebla","datePublished":"2024-01-09T20:45:21+00:00","mainEntityOfPage":{"@id":"https:\/\/grupohoymexico.com\/puebla\/2024\/01\/09\/modelo-imss-bienestar-transforma-unidades-medicas-en-puebla\/"},"wordCount":315,"commentCount":0,"image":{"@id":"https:\/\/grupohoymexico.com\/puebla\/2024\/01\/09\/modelo-imss-bienestar-transforma-unidades-medicas-en-puebla\/#primaryimage"},"thumbnailUrl":"https:\/\/grupohoymexico.com\/puebla\/wp-content\/uploads\/sites\/3\/2024\/01\/1757-PUEBLA.jpg","inLanguage":"es","potentialAction":[{"@type":"CommentAction","name":"Comment","target":["https:\/\/grupohoymexico.com\/puebla\/2024\/01\/09\/modelo-imss-bienestar-transforma-unidades-medicas-en-puebla\/#respond"]}]},{"@type":"WebPage","@id":"https:\/\/grupohoymexico.com\/puebla\/2024\/01\/09\/modelo-imss-bienestar-transforma-unidades-medicas-en-puebla\/","url":"https:\/\/grupohoymexico.com\/puebla\/2024\/01\/09\/modelo-imss-bienestar-transforma-unidades-medicas-en-puebla\/","name":"Modelo IMSS-Bienestar transforma unidades m\u00e9dicas en Puebla - Grupo Hoy Puebla","isPartOf":{"@id":"https:\/\/grupohoymexico.com\/puebla\/#website"},"primaryImageOfPage":{"@id":"https:\/\/grupohoymexico.com\/puebla\/2024\/01\/09\/modelo-imss-bienestar-transforma-unidades-medicas-en-puebla\/#primaryimage"},"image":{"@id":"https:\/\/grupohoymexico.com\/puebla\/2024\/01\/09\/modelo-imss-bienestar-transforma-unidades-medicas-en-puebla\/#primaryimage"},"thumbnailUrl":"https:\/\/grupohoymexico.com\/puebla\/wp-content\/uploads\/sites\/3\/2024\/01\/1757-PUEBLA.jpg","datePublished":"2024-01-09T20:45:21+00:00","author":{"@id":"https:\/\/grupohoymexico.com\/puebla\/#\/schema\/person\/ce6086ac837852775a3a4f539356c297"},"description":"Puebla ha experimentado una significativa inversi\u00f3n en el \u00e1mbito de la salud a trav\u00e9s del modelo de federalizaci\u00f3n IMSS-Bienestar.","breadcrumb":{"@id":"https:\/\/grupohoymexico.com\/puebla\/2024\/01\/09\/modelo-imss-bienestar-transforma-unidades-medicas-en-puebla\/#breadcrumb"},"inLanguage":"es","potentialAction":[{"@type":"ReadAction","target":["https:\/\/grupohoymexico.com\/puebla\/2024\/01\/09\/modelo-imss-bienestar-transforma-unidades-medicas-en-puebla\/"]}]},{"@type":"ImageObject","inLanguage":"es","@id":"https:\/\/grupohoymexico.com\/puebla\/2024\/01\/09\/modelo-imss-bienestar-transforma-unidades-medicas-en-puebla\/#primaryimage","url":"https:\/\/grupohoymexico.com\/puebla\/wp-content\/uploads\/sites\/3\/2024\/01\/1757-PUEBLA.jpg","contentUrl":"https:\/\/grupohoymexico.com\/puebla\/wp-content\/uploads\/sites\/3\/2024\/01\/1757-PUEBLA.jpg","width":1000,"height":600,"caption":"Modelo IMSS-Bienestar transforma unidades m\u00e9dicas en Puebla"},{"@type":"BreadcrumbList","@id":"https:\/\/grupohoymexico.com\/puebla\/2024\/01\/09\/modelo-imss-bienestar-transforma-unidades-medicas-en-puebla\/#breadcrumb","itemListElement":[{"@type":"ListItem","position":1,"name":"Inicio","item":"https:\/\/grupohoymexico.com\/puebla\/"},{"@type":"ListItem","position":2,"name":"Modelo IMSS-Bienestar transforma unidades m\u00e9dicas en Puebla"}]},{"@type":"WebSite","@id":"https:\/\/grupohoymexico.com\/puebla\/#website","url":"https:\/\/grupohoymexico.com\/puebla\/","name":"Grupo Hoy Puebla","description":"","potentialAction":[{"@type":"SearchAction","target":{"@type":"EntryPoint","urlTemplate":"https:\/\/grupohoymexico.com\/puebla\/?s={search_term_string}"},"query-input":{"@type":"PropertyValueSpecification","valueRequired":true,"valueName":"search_term_string"}}],"inLanguage":"es"},{"@type":"Person","@id":"https:\/\/grupohoymexico.com\/puebla\/#\/schema\/person\/ce6086ac837852775a3a4f539356c297","name":"user","image":{"@type":"ImageObject","inLanguage":"es","@id":"https:\/\/secure.gravatar.com\/avatar\/25f78de4fa956f6f7c01f8d96f8087d8958ebe06d57e630cd54e36aefb9dacea?s=96&d=mm&r=g","url":"https:\/\/secure.gravatar.com\/avatar\/25f78de4fa956f6f7c01f8d96f8087d8958ebe06d57e630cd54e36aefb9dacea?s=96&d=mm&r=g","contentUrl":"https:\/\/secure.gravatar.com\/avatar\/25f78de4fa956f6f7c01f8d96f8087d8958ebe06d57e630cd54e36aefb9dacea?s=96&d=mm&r=g","caption":"user"},"sameAs":["http:\/\/44.197.188.197.nip.io"],"url":"https:\/\/grupohoymexico.com\/puebla\/author\/user\/"}]}},"_links":{"self":[{"href":"https:\/\/grupohoymexico.com\/puebla\/wp-json\/wp\/v2\/posts\/64909","targetHints":{"allow":["GET"]}}],"collection":[{"href":"https:\/\/grupohoymexico.com\/puebla\/wp-json\/wp\/v2\/posts"}],"about":[{"href":"https:\/\/grupohoymexico.com\/puebla\/wp-json\/wp\/v2\/types\/post"}],"author":[{"embeddable":true,"href":"https:\/\/grupohoymexico.com\/puebla\/wp-json\/wp\/v2\/users\/1"}],"replies":[{"embeddable":true,"href":"https:\/\/grupohoymexico.com\/puebla\/wp-json\/wp\/v2\/comments?post=64909"}],"version-history":[{"count":0,"href":"https:\/\/grupohoymexico.com\/puebla\/wp-json\/wp\/v2\/posts\/64909\/revisions"}],"wp:featuredmedia":[{"embeddable":true,"href":"https:\/\/grupohoymexico.com\/puebla\/wp-json\/wp\/v2\/media\/64911"}],"wp:attachment":[{"href":"https:\/\/grupohoymexico.com\/puebla\/wp-json\/wp\/v2\/media?parent=64909"}],"wp:term":[{"taxonomy":"category","embeddable":true,"href":"https:\/\/grupohoymexico.com\/puebla\/wp-json\/wp\/v2\/categories?post=64909"},{"taxonomy":"post_tag","embeddable":true,"href":"https:\/\/grupohoymexico.com\/puebla\/wp-json\/wp\/v2\/tags?post=64909"}],"curies":[{"name":"wp","href":"https:\/\/api.w.org\/{rel}","templated":true}]}}