{"id":35762,"date":"2026-04-30T16:50:26","date_gmt":"2026-04-30T22:50:26","guid":{"rendered":"https:\/\/grupohoymexico.com\/nuevo-leon\/2026\/04\/30\/detienen-a-el-pelucas-presunto-operador-del-cartel-de-sinaloa-en-tijuana\/"},"modified":"2026-04-30T16:50:27","modified_gmt":"2026-04-30T22:50:27","slug":"detienen-a-el-pelucas-presunto-operador-del-cartel-de-sinaloa-en-tijuana","status":"publish","type":"post","link":"https:\/\/grupohoymexico.com\/nuevo-leon\/2026\/04\/30\/detienen-a-el-pelucas-presunto-operador-del-cartel-de-sinaloa-en-tijuana\/","title":{"rendered":"Detienen a &#8220;El Pelucas&#8221;, presunto operador del C\u00e1rtel de Sinaloa en Tijuana"},"content":{"rendered":"\n<p><strong>Elementos de la Fuerza Estatal de Seguridad Ciudadana de Baja California<\/strong> detuvieron en <strong>Tijuana<\/strong> a <strong>Arturo Zedillo Pulido<\/strong>, alias <strong>\u201cEl Pelucas\u201d<\/strong>, <strong>presunto operador del C\u00e1rtel de Sinaloa<\/strong>, de 34 a\u00f1os de edad, durante un operativo realizado en el <strong>fraccionamiento Natura, secci\u00f3n Bosques<\/strong>.<\/p>\n\n\n\n<p>La detenci\u00f3n ocurri\u00f3 el pasado <strong>29 de abril<\/strong> sobre la calle <strong>Mirador Calles<\/strong>, cuando el sujeto fue interceptado mientras viajaba a bordo de un veh\u00edculo Volkswagen Golf GTI negro.<\/p>\n\n\n\n<h3 class=\"wp-block-heading\" id=\"h-sigue-nuestras-cuentas-en-facebook-e-instagram-para-mantenerte-informado-con-las-noticias-mas-relevantes\"><strong>Sigue nuestras cuentas en Facebook e Instagram para mantenerte informado con las noticias m\u00e1s relevantes.<\/strong><\/h3>\n\n\n\n<h2 class=\"wp-block-heading\" id=\"h-de-que-se-le-acusa-a-el-pelucas-delitos-contra-la-salud-y-armas-de-uso-exclusivo\"><strong>\u00bfDe qu\u00e9 se le acusa a \u201cEl Pelucas\u201d? delitos contra la salud y armas de uso exclusivo<\/strong><\/h2>\n\n\n\n<p>De acuerdo con el reporte oficial, a <strong>Arturo Zedillo Pulido se le investiga por su probable responsabilidad en<\/strong>:<\/p>\n\n\n\n<ul class=\"wp-block-list\">\n<li>Delitos contra la salud.<\/li>\n\n\n\n<li>Violaciones a la Ley Federal de Armas de Fuego y Explosivos.<\/li>\n<\/ul>\n\n\n\n<p>Las autoridades se\u00f1alaron que el detenido podr\u00eda estar vinculado a actividades de narcomenudeo en la zona de Natura.<\/p>\n\n\n\n<h2 class=\"wp-block-heading\" id=\"h-arsenal-asegurado-en-tijuana-ak-47-pistolas-y-droga\"><strong>Arsenal asegurado en Tijuana: AK-47, pistolas y droga<\/strong><\/h2>\n\n\n\n<p>Durante la intervenci\u00f3n, los agentes aseguraron un importante arsenal y sustancias il\u00edcitas, entre ellas:<\/p>\n\n\n\n<ul class=\"wp-block-list\">\n<li>Fusil tipo AK-47.<\/li>\n\n\n\n<li>Fusil calibre .223.<\/li>\n\n\n\n<li>Rev\u00f3lver calibre .22.<\/li>\n\n\n\n<li>Pistola calibre .40 con cargador y 7 cartuchos \u00fatiles.<\/li>\n\n\n\n<li>30 bolsas con presunta metanfetamina en envoltorios individuales.<\/li>\n<\/ul>\n\n\n\n<p>El decomiso refuerza la l\u00ednea de investigaci\u00f3n sobre su presunta participaci\u00f3n en actividades del <strong>crimen organizado en Baja California<\/strong>.<\/p>\n\n\n\n<h3 class=\"wp-block-heading\" id=\"h-leer-mas-tragedia-en-sinaloa-asesinan-a-homar-salas-lider-electo-del-sindicato-del-ayuntamiento-de-culiacan\"><strong><em>Leer m\u00e1s: <a href=\"https:\/\/grupohoymexico.com\/2026\/04\/30\/tragedia-en-sinaloa-asesinan-a-homar-salas-lider-electo-del-sindicato-del-ayuntamiento-de-culiacan\/\">\u00a1Tragedia en Sinaloa! Asesinan a Homar Salas, l\u00edder electo del sindicato del Ayuntamiento de Culiac\u00e1n<\/a><\/em><\/strong><\/h3>\n\n\n\n<h2 class=\"wp-block-heading\" id=\"h-vinculacion-con-el-cartel-de-sinaloa-y-disputa-territorial-en-tijuana\"><strong>Vinculaci\u00f3n con el C\u00e1rtel de Sinaloa y disputa territorial en Tijuana<\/strong><\/h2>\n\n\n\n<p>De acuerdo con informaci\u00f3n, <strong>\u201cEl Pelucas\u201d<\/strong> estar\u00eda relacionado con una c\u00e9lula del <strong>C\u00e1rtel de Sinaloa<\/strong>.<\/p>\n\n\n\n<p>Adem\u00e1s, se le atribuye el control del narcomenudeo y ajuste de cuentas en la zona de Natura, donde presuntamente mantiene una disputa con un sujeto conocido como <strong>\u201cEl P\u00e1jaro\u201d<\/strong>, presunto integrante del <strong>C\u00e1rtel Jalisco Nueva Generaci\u00f3n (CJNG)<\/strong>.<\/p>\n\n\n\n<h3 class=\"wp-block-heading\" id=\"h-puesto-a-disposicion-de-la-fgr-en-mexico\"><strong>Puesto a disposici\u00f3n de la FGR en M\u00e9xico<\/strong><\/h3>\n\n\n\n<p>Tras su detenci\u00f3n, tanto el imputado como lo asegurado fueron entregados a la <strong><a href=\"https:\/\/fgr.org.mx\/\">Fiscal\u00eda General de la Rep\u00fablica (FGR)<\/a><\/strong>, que continuar\u00e1 con las investigaciones para determinar su situaci\u00f3n jur\u00eddica.<\/p>\n\n\n\n<h3 class=\"wp-block-heading\" id=\"h-leer-mas-capturan-en-venezuela-a-erika-maria-n-presunta-feminicida-de-carolina-flores\"><strong><em>Leer m\u00e1s: <a href=\"https:\/\/grupohoymexico.com\/2026\/04\/30\/capturan-en-venezuela-a-erika-maria-n-presunta-feminicida-de-carolina-flores\/\">Capturan en Venezuela a Erika Mar\u00eda &#8220;N&#8221;, presunta feminicida de Carolina Flores<\/a><\/em><\/strong><\/h3>\n\n\n\n<h2 class=\"wp-block-heading\" id=\"h-operativos-en-tijuana-mas-detenciones-ligadas-al-narcomenudeo\"><strong>Operativos en Tijuana: m\u00e1s detenciones ligadas al narcomenudeo<\/strong><\/h2>\n\n\n\n<p>La captura de <strong>\u201cEl Pelucas\u201d<\/strong> se suma a otros operativos recientes en la regi\u00f3n.<\/p>\n\n\n\n<p>Hace apenas unas semanas, autoridades estatales y federales detuvieron a tres presuntos sicarios en la <strong>colonia Colinas de la Cruz<\/strong>, tambi\u00e9n en <strong>Tijuana<\/strong>, durante un operativo conjunto con la <strong><a href=\"https:\/\/www.gob.mx\/semar\">Secretar\u00eda de Marina (SEMAR)<\/a><\/strong>, <strong><a href=\"https:\/\/www.gob.mx\/guardianacional\">Guardia Nacional<\/a><\/strong> y la <strong><a href=\"https:\/\/www.gob.mx\/sspc\">Secretar\u00eda de Seguridad y Protecci\u00f3n Ciudadana (SSPC)<\/a><\/strong>.<\/p>\n\n\n\n<p>En ese caso fueron aseguradas armas de fuego y m\u00e1s de mil dosis de metanfetamina.<\/p>\n\n\n\n<h2 class=\"wp-block-heading\" id=\"h-seguridad-en-tijuana-lucha-contra-el-narcomenudeo-y-celulas-criminales\"><strong>Seguridad en Tijuana: lucha contra el narcomenudeo y c\u00e9lulas criminales<\/strong><\/h2>\n\n\n\n<p>La detenci\u00f3n de <strong>Arturo Zedillo Pulido<\/strong> forma parte de los operativos de seguridad en <strong>Baja California<\/strong> contra el narcomenudeo, el tr\u00e1fico de drogas y la portaci\u00f3n de armas de uso exclusivo del Ej\u00e9rcito.<\/p>\n\n\n\n<p>Las autoridades mantienen acciones coordinadas para desarticular c\u00e9lulas del crimen organizado que operan en la regi\u00f3n fronteriza.<\/p>\n\n\n\n<h2 class=\"wp-block-heading\" id=\"h-unete-a-nuestro-canal-de-whatsapp\"><strong><a href=\"https:\/\/whatsapp.com\/channel\/0029Vaylt1XG3R3gm4Nsgp2m\">\u00danete a nuestro canal de WhatsApp<\/a><\/strong><\/h2>\n","protected":false},"excerpt":{"rendered":"Elementos de la Fuerza Estatal de Seguridad Ciudadana de Baja California detuvieron en Tijuana a Arturo Zedillo Pulido,&hellip;","protected":false},"author":5,"featured_media":35763,"comment_status":"open","ping_status":"open","sticky":false,"template":"","format":"standard","meta":{"csco_display_header_overlay":false,"csco_singular_sidebar":"","csco_page_header_type":"","csco_page_load_nextpost":"","csco_post_video_location":[],"csco_post_video_location_hash":"","csco_post_video_url":"","csco_post_video_bg_start_time":0,"csco_post_video_bg_end_time":0,"footnotes":""},"categories":[8],"tags":[475,1626,1627,144,708],"class_list":{"0":"post-35762","1":"post","2":"type-post","3":"status-publish","4":"format-standard","5":"has-post-thumbnail","7":"category-nacional","8":"tag-cartel-de-sinaloa","9":"tag-detencion","10":"tag-el-pelucas","11":"tag-seguridad","12":"tag-tijuana","13":"cs-entry","14":"cs-video-wrap"},"yoast_head":"<!-- This site is optimized with the Yoast SEO Premium plugin v24.7 (Yoast SEO v27.4) - https:\/\/yoast.com\/product\/yoast-seo-premium-wordpress\/ -->\n<title>Detienen a &quot;El Pelucas&quot;, presunto operador del C\u00e1rtel de Sinaloa en Tijuana - Grupo Hoy Nuevo Leon<\/title>\n<meta name=\"description\" content=\"Detenci\u00f3n de &quot;El Pelucas&quot; en Tijuana: decomiso AK-47, metanfetamina y armas en operativo contra narcomenudeo.\" \/>\n<meta name=\"robots\" content=\"index, follow, max-snippet:-1, max-image-preview:large, max-video-preview:-1\" \/>\n<link rel=\"canonical\" href=\"https:\/\/grupohoymexico.com\/nuevo-leon\/2026\/04\/30\/detienen-a-el-pelucas-presunto-operador-del-cartel-de-sinaloa-en-tijuana\/\" \/>\n<meta property=\"og:locale\" content=\"es_MX\" \/>\n<meta property=\"og:type\" content=\"article\" \/>\n<meta property=\"og:title\" content=\"Detienen a &quot;El Pelucas&quot;, presunto operador del C\u00e1rtel de Sinaloa en Tijuana\" \/>\n<meta property=\"og:description\" content=\"Detenci\u00f3n de &quot;El Pelucas&quot; en Tijuana: decomiso AK-47, metanfetamina y armas en operativo contra narcomenudeo.\" \/>\n<meta property=\"og:url\" content=\"https:\/\/grupohoymexico.com\/nuevo-leon\/2026\/04\/30\/detienen-a-el-pelucas-presunto-operador-del-cartel-de-sinaloa-en-tijuana\/\" \/>\n<meta property=\"og:site_name\" content=\"Grupo Hoy Nuevo Leon\" \/>\n<meta property=\"article:published_time\" content=\"2026-04-30T22:50:26+00:00\" \/>\n<meta property=\"article:modified_time\" content=\"2026-04-30T22:50:27+00:00\" \/>\n<meta property=\"og:image\" content=\"https:\/\/grupohoymexico.com\/nuevo-leon\/wp-content\/uploads\/sites\/6\/2026\/04\/Detencion-El-Pelucas-Tijuana.jpg\" \/>\n\t<meta property=\"og:image:width\" content=\"1200\" \/>\n\t<meta property=\"og:image:height\" content=\"638\" \/>\n\t<meta property=\"og:image:type\" content=\"image\/jpeg\" \/>\n<meta name=\"author\" content=\"jair\" \/>\n<meta name=\"twitter:card\" content=\"summary_large_image\" \/>\n<meta name=\"twitter:label1\" content=\"Escrito por\" \/>\n\t<meta name=\"twitter:data1\" content=\"jair\" \/>\n\t<meta name=\"twitter:label2\" content=\"Tiempo de lectura\" \/>\n\t<meta name=\"twitter:data2\" content=\"3 minutos\" \/>\n<script type=\"application\/ld+json\" class=\"yoast-schema-graph\">{\"@context\":\"https:\\\/\\\/schema.org\",\"@graph\":[{\"@type\":\"Article\",\"@id\":\"https:\\\/\\\/grupohoymexico.com\\\/nuevo-leon\\\/2026\\\/04\\\/30\\\/detienen-a-el-pelucas-presunto-operador-del-cartel-de-sinaloa-en-tijuana\\\/#article\",\"isPartOf\":{\"@id\":\"https:\\\/\\\/grupohoymexico.com\\\/nuevo-leon\\\/2026\\\/04\\\/30\\\/detienen-a-el-pelucas-presunto-operador-del-cartel-de-sinaloa-en-tijuana\\\/\"},\"author\":{\"name\":\"jair\",\"@id\":\"https:\\\/\\\/grupohoymexico.com\\\/nuevo-leon\\\/#\\\/schema\\\/person\\\/98e2425fe99fbbdf486895b69dab3c3d\"},\"headline\":\"Detienen a &#8220;El Pelucas&#8221;, presunto operador del C\u00e1rtel de Sinaloa en Tijuana\",\"datePublished\":\"2026-04-30T22:50:26+00:00\",\"dateModified\":\"2026-04-30T22:50:27+00:00\",\"mainEntityOfPage\":{\"@id\":\"https:\\\/\\\/grupohoymexico.com\\\/nuevo-leon\\\/2026\\\/04\\\/30\\\/detienen-a-el-pelucas-presunto-operador-del-cartel-de-sinaloa-en-tijuana\\\/\"},\"wordCount\":555,\"commentCount\":0,\"image\":{\"@id\":\"https:\\\/\\\/grupohoymexico.com\\\/nuevo-leon\\\/2026\\\/04\\\/30\\\/detienen-a-el-pelucas-presunto-operador-del-cartel-de-sinaloa-en-tijuana\\\/#primaryimage\"},\"thumbnailUrl\":\"https:\\\/\\\/grupohoymexico.com\\\/nuevo-leon\\\/wp-content\\\/uploads\\\/sites\\\/6\\\/2026\\\/04\\\/Detencion-El-Pelucas-Tijuana.jpg\",\"keywords\":[\"C\u00e1rtel de Sinaloa\",\"Detenci\u00f3n\",\"El Pelucas\",\"Seguridad\",\"Tijuana\"],\"articleSection\":[\"Nacional\"],\"inLanguage\":\"es\",\"potentialAction\":[{\"@type\":\"CommentAction\",\"name\":\"Comment\",\"target\":[\"https:\\\/\\\/grupohoymexico.com\\\/nuevo-leon\\\/2026\\\/04\\\/30\\\/detienen-a-el-pelucas-presunto-operador-del-cartel-de-sinaloa-en-tijuana\\\/#respond\"]}]},{\"@type\":\"WebPage\",\"@id\":\"https:\\\/\\\/grupohoymexico.com\\\/nuevo-leon\\\/2026\\\/04\\\/30\\\/detienen-a-el-pelucas-presunto-operador-del-cartel-de-sinaloa-en-tijuana\\\/\",\"url\":\"https:\\\/\\\/grupohoymexico.com\\\/nuevo-leon\\\/2026\\\/04\\\/30\\\/detienen-a-el-pelucas-presunto-operador-del-cartel-de-sinaloa-en-tijuana\\\/\",\"name\":\"Detienen a \\\"El Pelucas\\\", presunto operador del C\u00e1rtel de Sinaloa en Tijuana - Grupo Hoy Nuevo Leon\",\"isPartOf\":{\"@id\":\"https:\\\/\\\/grupohoymexico.com\\\/nuevo-leon\\\/#website\"},\"primaryImageOfPage\":{\"@id\":\"https:\\\/\\\/grupohoymexico.com\\\/nuevo-leon\\\/2026\\\/04\\\/30\\\/detienen-a-el-pelucas-presunto-operador-del-cartel-de-sinaloa-en-tijuana\\\/#primaryimage\"},\"image\":{\"@id\":\"https:\\\/\\\/grupohoymexico.com\\\/nuevo-leon\\\/2026\\\/04\\\/30\\\/detienen-a-el-pelucas-presunto-operador-del-cartel-de-sinaloa-en-tijuana\\\/#primaryimage\"},\"thumbnailUrl\":\"https:\\\/\\\/grupohoymexico.com\\\/nuevo-leon\\\/wp-content\\\/uploads\\\/sites\\\/6\\\/2026\\\/04\\\/Detencion-El-Pelucas-Tijuana.jpg\",\"datePublished\":\"2026-04-30T22:50:26+00:00\",\"dateModified\":\"2026-04-30T22:50:27+00:00\",\"author\":{\"@id\":\"https:\\\/\\\/grupohoymexico.com\\\/nuevo-leon\\\/#\\\/schema\\\/person\\\/98e2425fe99fbbdf486895b69dab3c3d\"},\"description\":\"Detenci\u00f3n de \\\"El Pelucas\\\" en Tijuana: decomiso AK-47, metanfetamina y armas en operativo contra narcomenudeo.\",\"breadcrumb\":{\"@id\":\"https:\\\/\\\/grupohoymexico.com\\\/nuevo-leon\\\/2026\\\/04\\\/30\\\/detienen-a-el-pelucas-presunto-operador-del-cartel-de-sinaloa-en-tijuana\\\/#breadcrumb\"},\"inLanguage\":\"es\",\"potentialAction\":[{\"@type\":\"ReadAction\",\"target\":[\"https:\\\/\\\/grupohoymexico.com\\\/nuevo-leon\\\/2026\\\/04\\\/30\\\/detienen-a-el-pelucas-presunto-operador-del-cartel-de-sinaloa-en-tijuana\\\/\"]}]},{\"@type\":\"ImageObject\",\"inLanguage\":\"es\",\"@id\":\"https:\\\/\\\/grupohoymexico.com\\\/nuevo-leon\\\/2026\\\/04\\\/30\\\/detienen-a-el-pelucas-presunto-operador-del-cartel-de-sinaloa-en-tijuana\\\/#primaryimage\",\"url\":\"https:\\\/\\\/grupohoymexico.com\\\/nuevo-leon\\\/wp-content\\\/uploads\\\/sites\\\/6\\\/2026\\\/04\\\/Detencion-El-Pelucas-Tijuana.jpg\",\"contentUrl\":\"https:\\\/\\\/grupohoymexico.com\\\/nuevo-leon\\\/wp-content\\\/uploads\\\/sites\\\/6\\\/2026\\\/04\\\/Detencion-El-Pelucas-Tijuana.jpg\",\"width\":1200,\"height\":638,\"caption\":\"Foto: Semar\"},{\"@type\":\"BreadcrumbList\",\"@id\":\"https:\\\/\\\/grupohoymexico.com\\\/nuevo-leon\\\/2026\\\/04\\\/30\\\/detienen-a-el-pelucas-presunto-operador-del-cartel-de-sinaloa-en-tijuana\\\/#breadcrumb\",\"itemListElement\":[{\"@type\":\"ListItem\",\"position\":1,\"name\":\"Inicio\",\"item\":\"https:\\\/\\\/grupohoymexico.com\\\/nuevo-leon\\\/\"},{\"@type\":\"ListItem\",\"position\":2,\"name\":\"Detienen a &#8220;El Pelucas&#8221;, presunto operador del C\u00e1rtel de Sinaloa en Tijuana\"}]},{\"@type\":\"WebSite\",\"@id\":\"https:\\\/\\\/grupohoymexico.com\\\/nuevo-leon\\\/#website\",\"url\":\"https:\\\/\\\/grupohoymexico.com\\\/nuevo-leon\\\/\",\"name\":\"Grupo Hoy Nuevo Leon\",\"description\":\"Sitio l\u00edder de noticias en M\u00e9xico\",\"potentialAction\":[{\"@type\":\"SearchAction\",\"target\":{\"@type\":\"EntryPoint\",\"urlTemplate\":\"https:\\\/\\\/grupohoymexico.com\\\/nuevo-leon\\\/?s={search_term_string}\"},\"query-input\":{\"@type\":\"PropertyValueSpecification\",\"valueRequired\":true,\"valueName\":\"search_term_string\"}}],\"inLanguage\":\"es\"},{\"@type\":\"Person\",\"@id\":\"https:\\\/\\\/grupohoymexico.com\\\/nuevo-leon\\\/#\\\/schema\\\/person\\\/98e2425fe99fbbdf486895b69dab3c3d\",\"name\":\"jair\",\"image\":{\"@type\":\"ImageObject\",\"inLanguage\":\"es\",\"@id\":\"https:\\\/\\\/secure.gravatar.com\\\/avatar\\\/ec205dfb8733a1ce1601942dddb04fc9294fb780c832e3c1ec58faa8e4e64e9b?s=96&d=mm&r=g\",\"url\":\"https:\\\/\\\/secure.gravatar.com\\\/avatar\\\/ec205dfb8733a1ce1601942dddb04fc9294fb780c832e3c1ec58faa8e4e64e9b?s=96&d=mm&r=g\",\"contentUrl\":\"https:\\\/\\\/secure.gravatar.com\\\/avatar\\\/ec205dfb8733a1ce1601942dddb04fc9294fb780c832e3c1ec58faa8e4e64e9b?s=96&d=mm&r=g\",\"caption\":\"jair\"},\"url\":\"https:\\\/\\\/grupohoymexico.com\\\/nuevo-leon\\\/author\\\/jair\\\/\"}]}<\/script>\n<!-- \/ Yoast SEO Premium plugin. -->","yoast_head_json":{"title":"Detienen a \"El Pelucas\", presunto operador del C\u00e1rtel de Sinaloa en Tijuana - Grupo Hoy Nuevo Leon","description":"Detenci\u00f3n de \"El Pelucas\" en Tijuana: decomiso AK-47, metanfetamina y armas en operativo contra narcomenudeo.","robots":{"index":"index","follow":"follow","max-snippet":"max-snippet:-1","max-image-preview":"max-image-preview:large","max-video-preview":"max-video-preview:-1"},"canonical":"https:\/\/grupohoymexico.com\/nuevo-leon\/2026\/04\/30\/detienen-a-el-pelucas-presunto-operador-del-cartel-de-sinaloa-en-tijuana\/","og_locale":"es_MX","og_type":"article","og_title":"Detienen a \"El Pelucas\", presunto operador del C\u00e1rtel de Sinaloa en Tijuana","og_description":"Detenci\u00f3n de \"El Pelucas\" en Tijuana: decomiso AK-47, metanfetamina y armas en operativo contra narcomenudeo.","og_url":"https:\/\/grupohoymexico.com\/nuevo-leon\/2026\/04\/30\/detienen-a-el-pelucas-presunto-operador-del-cartel-de-sinaloa-en-tijuana\/","og_site_name":"Grupo Hoy Nuevo Leon","article_published_time":"2026-04-30T22:50:26+00:00","article_modified_time":"2026-04-30T22:50:27+00:00","og_image":[{"width":1200,"height":638,"url":"https:\/\/grupohoymexico.com\/nuevo-leon\/wp-content\/uploads\/sites\/6\/2026\/04\/Detencion-El-Pelucas-Tijuana.jpg","type":"image\/jpeg"}],"author":"jair","twitter_card":"summary_large_image","twitter_misc":{"Escrito por":"jair","Tiempo de lectura":"3 minutos"},"schema":{"@context":"https:\/\/schema.org","@graph":[{"@type":"Article","@id":"https:\/\/grupohoymexico.com\/nuevo-leon\/2026\/04\/30\/detienen-a-el-pelucas-presunto-operador-del-cartel-de-sinaloa-en-tijuana\/#article","isPartOf":{"@id":"https:\/\/grupohoymexico.com\/nuevo-leon\/2026\/04\/30\/detienen-a-el-pelucas-presunto-operador-del-cartel-de-sinaloa-en-tijuana\/"},"author":{"name":"jair","@id":"https:\/\/grupohoymexico.com\/nuevo-leon\/#\/schema\/person\/98e2425fe99fbbdf486895b69dab3c3d"},"headline":"Detienen a &#8220;El Pelucas&#8221;, presunto operador del C\u00e1rtel de Sinaloa en Tijuana","datePublished":"2026-04-30T22:50:26+00:00","dateModified":"2026-04-30T22:50:27+00:00","mainEntityOfPage":{"@id":"https:\/\/grupohoymexico.com\/nuevo-leon\/2026\/04\/30\/detienen-a-el-pelucas-presunto-operador-del-cartel-de-sinaloa-en-tijuana\/"},"wordCount":555,"commentCount":0,"image":{"@id":"https:\/\/grupohoymexico.com\/nuevo-leon\/2026\/04\/30\/detienen-a-el-pelucas-presunto-operador-del-cartel-de-sinaloa-en-tijuana\/#primaryimage"},"thumbnailUrl":"https:\/\/grupohoymexico.com\/nuevo-leon\/wp-content\/uploads\/sites\/6\/2026\/04\/Detencion-El-Pelucas-Tijuana.jpg","keywords":["C\u00e1rtel de Sinaloa","Detenci\u00f3n","El Pelucas","Seguridad","Tijuana"],"articleSection":["Nacional"],"inLanguage":"es","potentialAction":[{"@type":"CommentAction","name":"Comment","target":["https:\/\/grupohoymexico.com\/nuevo-leon\/2026\/04\/30\/detienen-a-el-pelucas-presunto-operador-del-cartel-de-sinaloa-en-tijuana\/#respond"]}]},{"@type":"WebPage","@id":"https:\/\/grupohoymexico.com\/nuevo-leon\/2026\/04\/30\/detienen-a-el-pelucas-presunto-operador-del-cartel-de-sinaloa-en-tijuana\/","url":"https:\/\/grupohoymexico.com\/nuevo-leon\/2026\/04\/30\/detienen-a-el-pelucas-presunto-operador-del-cartel-de-sinaloa-en-tijuana\/","name":"Detienen a \"El Pelucas\", presunto operador del C\u00e1rtel de Sinaloa en Tijuana - Grupo Hoy Nuevo Leon","isPartOf":{"@id":"https:\/\/grupohoymexico.com\/nuevo-leon\/#website"},"primaryImageOfPage":{"@id":"https:\/\/grupohoymexico.com\/nuevo-leon\/2026\/04\/30\/detienen-a-el-pelucas-presunto-operador-del-cartel-de-sinaloa-en-tijuana\/#primaryimage"},"image":{"@id":"https:\/\/grupohoymexico.com\/nuevo-leon\/2026\/04\/30\/detienen-a-el-pelucas-presunto-operador-del-cartel-de-sinaloa-en-tijuana\/#primaryimage"},"thumbnailUrl":"https:\/\/grupohoymexico.com\/nuevo-leon\/wp-content\/uploads\/sites\/6\/2026\/04\/Detencion-El-Pelucas-Tijuana.jpg","datePublished":"2026-04-30T22:50:26+00:00","dateModified":"2026-04-30T22:50:27+00:00","author":{"@id":"https:\/\/grupohoymexico.com\/nuevo-leon\/#\/schema\/person\/98e2425fe99fbbdf486895b69dab3c3d"},"description":"Detenci\u00f3n de \"El Pelucas\" en Tijuana: decomiso AK-47, metanfetamina y armas en operativo contra narcomenudeo.","breadcrumb":{"@id":"https:\/\/grupohoymexico.com\/nuevo-leon\/2026\/04\/30\/detienen-a-el-pelucas-presunto-operador-del-cartel-de-sinaloa-en-tijuana\/#breadcrumb"},"inLanguage":"es","potentialAction":[{"@type":"ReadAction","target":["https:\/\/grupohoymexico.com\/nuevo-leon\/2026\/04\/30\/detienen-a-el-pelucas-presunto-operador-del-cartel-de-sinaloa-en-tijuana\/"]}]},{"@type":"ImageObject","inLanguage":"es","@id":"https:\/\/grupohoymexico.com\/nuevo-leon\/2026\/04\/30\/detienen-a-el-pelucas-presunto-operador-del-cartel-de-sinaloa-en-tijuana\/#primaryimage","url":"https:\/\/grupohoymexico.com\/nuevo-leon\/wp-content\/uploads\/sites\/6\/2026\/04\/Detencion-El-Pelucas-Tijuana.jpg","contentUrl":"https:\/\/grupohoymexico.com\/nuevo-leon\/wp-content\/uploads\/sites\/6\/2026\/04\/Detencion-El-Pelucas-Tijuana.jpg","width":1200,"height":638,"caption":"Foto: Semar"},{"@type":"BreadcrumbList","@id":"https:\/\/grupohoymexico.com\/nuevo-leon\/2026\/04\/30\/detienen-a-el-pelucas-presunto-operador-del-cartel-de-sinaloa-en-tijuana\/#breadcrumb","itemListElement":[{"@type":"ListItem","position":1,"name":"Inicio","item":"https:\/\/grupohoymexico.com\/nuevo-leon\/"},{"@type":"ListItem","position":2,"name":"Detienen a &#8220;El Pelucas&#8221;, presunto operador del C\u00e1rtel de Sinaloa en Tijuana"}]},{"@type":"WebSite","@id":"https:\/\/grupohoymexico.com\/nuevo-leon\/#website","url":"https:\/\/grupohoymexico.com\/nuevo-leon\/","name":"Grupo Hoy Nuevo Leon","description":"Sitio l\u00edder de noticias en M\u00e9xico","potentialAction":[{"@type":"SearchAction","target":{"@type":"EntryPoint","urlTemplate":"https:\/\/grupohoymexico.com\/nuevo-leon\/?s={search_term_string}"},"query-input":{"@type":"PropertyValueSpecification","valueRequired":true,"valueName":"search_term_string"}}],"inLanguage":"es"},{"@type":"Person","@id":"https:\/\/grupohoymexico.com\/nuevo-leon\/#\/schema\/person\/98e2425fe99fbbdf486895b69dab3c3d","name":"jair","image":{"@type":"ImageObject","inLanguage":"es","@id":"https:\/\/secure.gravatar.com\/avatar\/ec205dfb8733a1ce1601942dddb04fc9294fb780c832e3c1ec58faa8e4e64e9b?s=96&d=mm&r=g","url":"https:\/\/secure.gravatar.com\/avatar\/ec205dfb8733a1ce1601942dddb04fc9294fb780c832e3c1ec58faa8e4e64e9b?s=96&d=mm&r=g","contentUrl":"https:\/\/secure.gravatar.com\/avatar\/ec205dfb8733a1ce1601942dddb04fc9294fb780c832e3c1ec58faa8e4e64e9b?s=96&d=mm&r=g","caption":"jair"},"url":"https:\/\/grupohoymexico.com\/nuevo-leon\/author\/jair\/"}]}},"_links":{"self":[{"href":"https:\/\/grupohoymexico.com\/nuevo-leon\/wp-json\/wp\/v2\/posts\/35762","targetHints":{"allow":["GET"]}}],"collection":[{"href":"https:\/\/grupohoymexico.com\/nuevo-leon\/wp-json\/wp\/v2\/posts"}],"about":[{"href":"https:\/\/grupohoymexico.com\/nuevo-leon\/wp-json\/wp\/v2\/types\/post"}],"author":[{"embeddable":true,"href":"https:\/\/grupohoymexico.com\/nuevo-leon\/wp-json\/wp\/v2\/users\/5"}],"replies":[{"embeddable":true,"href":"https:\/\/grupohoymexico.com\/nuevo-leon\/wp-json\/wp\/v2\/comments?post=35762"}],"version-history":[{"count":0,"href":"https:\/\/grupohoymexico.com\/nuevo-leon\/wp-json\/wp\/v2\/posts\/35762\/revisions"}],"wp:featuredmedia":[{"embeddable":true,"href":"https:\/\/grupohoymexico.com\/nuevo-leon\/wp-json\/wp\/v2\/media\/35763"}],"wp:attachment":[{"href":"https:\/\/grupohoymexico.com\/nuevo-leon\/wp-json\/wp\/v2\/media?parent=35762"}],"wp:term":[{"taxonomy":"category","embeddable":true,"href":"https:\/\/grupohoymexico.com\/nuevo-leon\/wp-json\/wp\/v2\/categories?post=35762"},{"taxonomy":"post_tag","embeddable":true,"href":"https:\/\/grupohoymexico.com\/nuevo-leon\/wp-json\/wp\/v2\/tags?post=35762"}],"curies":[{"name":"wp","href":"https:\/\/api.w.org\/{rel}","templated":true}]}}