{"id":35758,"date":"2026-04-30T11:55:50","date_gmt":"2026-04-30T17:55:50","guid":{"rendered":"https:\/\/grupohoymexico.com\/nuevo-leon\/2026\/04\/30\/amlo-y-sheinbaum-contrataron-la-mitad-de-la-deuda-de-mexico\/"},"modified":"2026-04-30T11:55:50","modified_gmt":"2026-04-30T17:55:50","slug":"amlo-y-sheinbaum-contrataron-la-mitad-de-la-deuda-de-mexico","status":"publish","type":"post","link":"https:\/\/grupohoymexico.com\/nuevo-leon\/2026\/04\/30\/amlo-y-sheinbaum-contrataron-la-mitad-de-la-deuda-de-mexico\/","title":{"rendered":"AMLO y Sheinbaum contrataron la mitad de la deuda de M\u00e9xico"},"content":{"rendered":"\n<p>La 4T est\u00e1 dejando en un panorama complejo al pa\u00eds. El Centro de Estudios Econ\u00f3micos del Sector Privado (CEESP) inform\u00f3 que los gobiernos de <strong>Andr\u00e9s Manuel L\u00f3pez Obrador<\/strong> (<strong>AMLO<\/strong>) y <strong>Claudia Sheinbaum<\/strong> acumulan cerca de la mitad de la deuda total de M\u00e9xico.<\/p>\n\n\n\n<p>El organismo inform\u00f3 que esto se debe a que las dos <strong>administraciones de Morena<\/strong> contrataron financiamiento por 11.3 billones de pesos en los \u00faltimos a\u00f1o. Este monto supera incluso los 10.8 billones de pesos registrados como saldo hist\u00f3rico hasta 2018.<\/p>\n\n\n\n<p><strong>TAMBI\u00c9N LEE.<\/strong> <a href=\"https:\/\/grupohoymexico.com\/2026\/04\/30\/nuevo-laredo-registra-0-ahogamientos-de-migrantes-en-el-rio-bravo-en-este-2026\/\" target=\"_blank\" rel=\"noreferrer noopener\">Nuevo Laredo registra 0 ahogamientos de migrantes en el R\u00edo Bravo en este 2026<\/a><\/p>\n\n\n\n<h2 class=\"wp-block-heading\" id=\"h-amlo-y-sheinbaum-contrataron-la-mitad-de-la-deuda-de-mexico\">AMLO y Sheinbaum contrataron la mitad de la deuda de M\u00e9xico<\/h2>\n\n\n\n<p>El \u00f3rgano indic\u00f3 que el incremento en el endeudamiento responde a la necesidad de sostener el gasto p\u00fablico en un contexto de ingresos limitados. Advirti\u00f3 que la presi\u00f3n sobre las finanzas p\u00fablicas continuar\u00e1, como lo anticipan los Pre-Criterios Generales de Pol\u00edtica Econ\u00f3mica presentados por la <a href=\"https:\/\/www.gob.mx\/hacienda\" target=\"_blank\" rel=\"noreferrer noopener\">Secretar\u00eda de Hacienda y Cr\u00e9dito P\u00fablico<\/a> (SHCP).<\/p>\n\n\n\n<p>Seg\u00fan el CEESP, el gobierno federal proyecta que el saldo hist\u00f3rico de los requerimientos financieros del sector p\u00fablico alcance el 55% del Producto Interno Bruto (PIB) en 2027. En t\u00e9rminos absolutos, esto representar\u00eda una deuda total de 21.8 billones de pesos.<\/p>\n\n\n\n<p>Detall\u00f3 que solo en 2027 la deuda aumentar\u00eda en 1.6 billones de pesos, mientras que en los primeros tres a\u00f1os de la actual administraci\u00f3n el incremento acumulado ser\u00eda de 4.4 billones de pesos. Este comportamiento, se\u00f1al\u00f3, refleja los retos estructurales que enfrenta el pa\u00eds para equilibrar sus finanzas.<\/p>\n\n\n\n<p>Aunque la primera aproximaci\u00f3n del Presupuesto 2027 plantea medidas orientadas a la consolidaci\u00f3n fiscal, el CEESP consider\u00f3 que estas a\u00fan evidencian limitaciones para atender plenamente las necesidades econ\u00f3micas del pa\u00eds. En particular, subray\u00f3 que la estrategia gubernamental enfrenta el desaf\u00edo de generar mayores ingresos sin afectar el crecimiento.<\/p>\n","protected":false},"excerpt":{"rendered":"La 4T est\u00e1 dejando en un panorama complejo al pa\u00eds. El Centro de Estudios Econ\u00f3micos del Sector Privado&hellip;","protected":false},"author":15,"featured_media":35759,"comment_status":"open","ping_status":"open","sticky":false,"template":"","format":"standard","meta":{"csco_display_header_overlay":false,"csco_singular_sidebar":"","csco_page_header_type":"","csco_page_load_nextpost":"","csco_post_video_location":[],"csco_post_video_location_hash":"","csco_post_video_url":"","csco_post_video_bg_start_time":0,"csco_post_video_bg_end_time":0,"footnotes":""},"categories":[636],"tags":[1184,251,6,1622],"class_list":{"0":"post-35758","1":"post","2":"type-post","3":"status-publish","4":"format-standard","5":"has-post-thumbnail","7":"category-finanzas","8":"tag-4t","9":"tag-amlo","10":"tag-claudia-sheinbaum","11":"tag-deuda-de-mexico","12":"cs-entry","13":"cs-video-wrap"},"yoast_head":"<!-- This site is optimized with the Yoast SEO Premium plugin v24.7 (Yoast SEO v27.4) - https:\/\/yoast.com\/product\/yoast-seo-premium-wordpress\/ -->\n<title>AMLO y Sheinbaum contrataron la mitad de la deuda de M\u00e9xico - Grupo Hoy Nuevo Leon<\/title>\n<meta name=\"description\" content=\"El CEESP inform\u00f3 que los gobiernos de AMLO y Claudia Sheinbaum, conocidos como la 4T, contrataron la mitad de la deuda de M\u00e9xico.\" \/>\n<meta name=\"robots\" content=\"index, follow, max-snippet:-1, max-image-preview:large, max-video-preview:-1\" \/>\n<link rel=\"canonical\" href=\"https:\/\/grupohoymexico.com\/nuevo-leon\/2026\/04\/30\/amlo-y-sheinbaum-contrataron-la-mitad-de-la-deuda-de-mexico\/\" \/>\n<meta property=\"og:locale\" content=\"es_MX\" \/>\n<meta property=\"og:type\" content=\"article\" \/>\n<meta property=\"og:title\" content=\"AMLO y Sheinbaum contrataron la mitad de la deuda de M\u00e9xico\" \/>\n<meta property=\"og:description\" content=\"El CEESP inform\u00f3 que los gobiernos de AMLO y Claudia Sheinbaum, conocidos como la 4T, contrataron la mitad de la deuda de M\u00e9xico.\" \/>\n<meta property=\"og:url\" content=\"https:\/\/grupohoymexico.com\/nuevo-leon\/2026\/04\/30\/amlo-y-sheinbaum-contrataron-la-mitad-de-la-deuda-de-mexico\/\" \/>\n<meta property=\"og:site_name\" content=\"Grupo Hoy Nuevo Leon\" \/>\n<meta property=\"article:published_time\" content=\"2026-04-30T17:55:50+00:00\" \/>\n<meta property=\"og:image\" content=\"https:\/\/grupohoymexico.com\/nuevo-leon\/wp-content\/uploads\/sites\/6\/2026\/04\/AMLO_claudia_sheinbaum_contrataron_mitad_deuda_mexico.webp\" \/>\n\t<meta property=\"og:image:width\" content=\"1200\" \/>\n\t<meta property=\"og:image:height\" content=\"638\" \/>\n\t<meta property=\"og:image:type\" content=\"image\/webp\" \/>\n<meta name=\"author\" content=\"nestor\" \/>\n<meta name=\"twitter:card\" content=\"summary_large_image\" \/>\n<meta name=\"twitter:label1\" content=\"Escrito por\" \/>\n\t<meta name=\"twitter:data1\" content=\"nestor\" \/>\n\t<meta name=\"twitter:label2\" content=\"Tiempo de lectura\" \/>\n\t<meta name=\"twitter:data2\" content=\"2 minutos\" \/>\n<script type=\"application\/ld+json\" class=\"yoast-schema-graph\">{\"@context\":\"https:\\\/\\\/schema.org\",\"@graph\":[{\"@type\":\"Article\",\"@id\":\"https:\\\/\\\/grupohoymexico.com\\\/nuevo-leon\\\/2026\\\/04\\\/30\\\/amlo-y-sheinbaum-contrataron-la-mitad-de-la-deuda-de-mexico\\\/#article\",\"isPartOf\":{\"@id\":\"https:\\\/\\\/grupohoymexico.com\\\/nuevo-leon\\\/2026\\\/04\\\/30\\\/amlo-y-sheinbaum-contrataron-la-mitad-de-la-deuda-de-mexico\\\/\"},\"author\":{\"name\":\"nestor\",\"@id\":\"https:\\\/\\\/grupohoymexico.com\\\/nuevo-leon\\\/#\\\/schema\\\/person\\\/8201f3fa49669f346d08e15801e0ebc2\"},\"headline\":\"AMLO y Sheinbaum contrataron la mitad de la deuda de M\u00e9xico\",\"datePublished\":\"2026-04-30T17:55:50+00:00\",\"mainEntityOfPage\":{\"@id\":\"https:\\\/\\\/grupohoymexico.com\\\/nuevo-leon\\\/2026\\\/04\\\/30\\\/amlo-y-sheinbaum-contrataron-la-mitad-de-la-deuda-de-mexico\\\/\"},\"wordCount\":334,\"commentCount\":0,\"image\":{\"@id\":\"https:\\\/\\\/grupohoymexico.com\\\/nuevo-leon\\\/2026\\\/04\\\/30\\\/amlo-y-sheinbaum-contrataron-la-mitad-de-la-deuda-de-mexico\\\/#primaryimage\"},\"thumbnailUrl\":\"https:\\\/\\\/grupohoymexico.com\\\/nuevo-leon\\\/wp-content\\\/uploads\\\/sites\\\/6\\\/2026\\\/04\\\/AMLO_claudia_sheinbaum_contrataron_mitad_deuda_mexico.webp\",\"keywords\":[\"4T\",\"Amlo\",\"Claudia Sheinbaum\",\"Deuda de M\u00e9xico\"],\"articleSection\":[\"Finanzas\"],\"inLanguage\":\"es\",\"potentialAction\":[{\"@type\":\"CommentAction\",\"name\":\"Comment\",\"target\":[\"https:\\\/\\\/grupohoymexico.com\\\/nuevo-leon\\\/2026\\\/04\\\/30\\\/amlo-y-sheinbaum-contrataron-la-mitad-de-la-deuda-de-mexico\\\/#respond\"]}]},{\"@type\":\"WebPage\",\"@id\":\"https:\\\/\\\/grupohoymexico.com\\\/nuevo-leon\\\/2026\\\/04\\\/30\\\/amlo-y-sheinbaum-contrataron-la-mitad-de-la-deuda-de-mexico\\\/\",\"url\":\"https:\\\/\\\/grupohoymexico.com\\\/nuevo-leon\\\/2026\\\/04\\\/30\\\/amlo-y-sheinbaum-contrataron-la-mitad-de-la-deuda-de-mexico\\\/\",\"name\":\"AMLO y Sheinbaum contrataron la mitad de la deuda de M\u00e9xico - Grupo Hoy Nuevo Leon\",\"isPartOf\":{\"@id\":\"https:\\\/\\\/grupohoymexico.com\\\/nuevo-leon\\\/#website\"},\"primaryImageOfPage\":{\"@id\":\"https:\\\/\\\/grupohoymexico.com\\\/nuevo-leon\\\/2026\\\/04\\\/30\\\/amlo-y-sheinbaum-contrataron-la-mitad-de-la-deuda-de-mexico\\\/#primaryimage\"},\"image\":{\"@id\":\"https:\\\/\\\/grupohoymexico.com\\\/nuevo-leon\\\/2026\\\/04\\\/30\\\/amlo-y-sheinbaum-contrataron-la-mitad-de-la-deuda-de-mexico\\\/#primaryimage\"},\"thumbnailUrl\":\"https:\\\/\\\/grupohoymexico.com\\\/nuevo-leon\\\/wp-content\\\/uploads\\\/sites\\\/6\\\/2026\\\/04\\\/AMLO_claudia_sheinbaum_contrataron_mitad_deuda_mexico.webp\",\"datePublished\":\"2026-04-30T17:55:50+00:00\",\"author\":{\"@id\":\"https:\\\/\\\/grupohoymexico.com\\\/nuevo-leon\\\/#\\\/schema\\\/person\\\/8201f3fa49669f346d08e15801e0ebc2\"},\"description\":\"El CEESP inform\u00f3 que los gobiernos de AMLO y Claudia Sheinbaum, conocidos como la 4T, contrataron la mitad de la deuda de M\u00e9xico.\",\"breadcrumb\":{\"@id\":\"https:\\\/\\\/grupohoymexico.com\\\/nuevo-leon\\\/2026\\\/04\\\/30\\\/amlo-y-sheinbaum-contrataron-la-mitad-de-la-deuda-de-mexico\\\/#breadcrumb\"},\"inLanguage\":\"es\",\"potentialAction\":[{\"@type\":\"ReadAction\",\"target\":[\"https:\\\/\\\/grupohoymexico.com\\\/nuevo-leon\\\/2026\\\/04\\\/30\\\/amlo-y-sheinbaum-contrataron-la-mitad-de-la-deuda-de-mexico\\\/\"]}]},{\"@type\":\"ImageObject\",\"inLanguage\":\"es\",\"@id\":\"https:\\\/\\\/grupohoymexico.com\\\/nuevo-leon\\\/2026\\\/04\\\/30\\\/amlo-y-sheinbaum-contrataron-la-mitad-de-la-deuda-de-mexico\\\/#primaryimage\",\"url\":\"https:\\\/\\\/grupohoymexico.com\\\/nuevo-leon\\\/wp-content\\\/uploads\\\/sites\\\/6\\\/2026\\\/04\\\/AMLO_claudia_sheinbaum_contrataron_mitad_deuda_mexico.webp\",\"contentUrl\":\"https:\\\/\\\/grupohoymexico.com\\\/nuevo-leon\\\/wp-content\\\/uploads\\\/sites\\\/6\\\/2026\\\/04\\\/AMLO_claudia_sheinbaum_contrataron_mitad_deuda_mexico.webp\",\"width\":1200,\"height\":638,\"caption\":\"Foto: Facebook\"},{\"@type\":\"BreadcrumbList\",\"@id\":\"https:\\\/\\\/grupohoymexico.com\\\/nuevo-leon\\\/2026\\\/04\\\/30\\\/amlo-y-sheinbaum-contrataron-la-mitad-de-la-deuda-de-mexico\\\/#breadcrumb\",\"itemListElement\":[{\"@type\":\"ListItem\",\"position\":1,\"name\":\"Inicio\",\"item\":\"https:\\\/\\\/grupohoymexico.com\\\/nuevo-leon\\\/\"},{\"@type\":\"ListItem\",\"position\":2,\"name\":\"AMLO y Sheinbaum contrataron la mitad de la deuda de M\u00e9xico\"}]},{\"@type\":\"WebSite\",\"@id\":\"https:\\\/\\\/grupohoymexico.com\\\/nuevo-leon\\\/#website\",\"url\":\"https:\\\/\\\/grupohoymexico.com\\\/nuevo-leon\\\/\",\"name\":\"Grupo Hoy Nuevo Leon\",\"description\":\"Sitio l\u00edder de noticias en M\u00e9xico\",\"potentialAction\":[{\"@type\":\"SearchAction\",\"target\":{\"@type\":\"EntryPoint\",\"urlTemplate\":\"https:\\\/\\\/grupohoymexico.com\\\/nuevo-leon\\\/?s={search_term_string}\"},\"query-input\":{\"@type\":\"PropertyValueSpecification\",\"valueRequired\":true,\"valueName\":\"search_term_string\"}}],\"inLanguage\":\"es\"},{\"@type\":\"Person\",\"@id\":\"https:\\\/\\\/grupohoymexico.com\\\/nuevo-leon\\\/#\\\/schema\\\/person\\\/8201f3fa49669f346d08e15801e0ebc2\",\"name\":\"nestor\",\"image\":{\"@type\":\"ImageObject\",\"inLanguage\":\"es\",\"@id\":\"https:\\\/\\\/secure.gravatar.com\\\/avatar\\\/6675a6d9279ab1d8e7b7c55956d0013492fdc51e007e555bc58e5e0eac33d094?s=96&d=mm&r=g\",\"url\":\"https:\\\/\\\/secure.gravatar.com\\\/avatar\\\/6675a6d9279ab1d8e7b7c55956d0013492fdc51e007e555bc58e5e0eac33d094?s=96&d=mm&r=g\",\"contentUrl\":\"https:\\\/\\\/secure.gravatar.com\\\/avatar\\\/6675a6d9279ab1d8e7b7c55956d0013492fdc51e007e555bc58e5e0eac33d094?s=96&d=mm&r=g\",\"caption\":\"nestor\"},\"url\":\"https:\\\/\\\/grupohoymexico.com\\\/nuevo-leon\\\/author\\\/nestor\\\/\"}]}<\/script>\n<!-- \/ Yoast SEO Premium plugin. -->","yoast_head_json":{"title":"AMLO y Sheinbaum contrataron la mitad de la deuda de M\u00e9xico - Grupo Hoy Nuevo Leon","description":"El CEESP inform\u00f3 que los gobiernos de AMLO y Claudia Sheinbaum, conocidos como la 4T, contrataron la mitad de la deuda de M\u00e9xico.","robots":{"index":"index","follow":"follow","max-snippet":"max-snippet:-1","max-image-preview":"max-image-preview:large","max-video-preview":"max-video-preview:-1"},"canonical":"https:\/\/grupohoymexico.com\/nuevo-leon\/2026\/04\/30\/amlo-y-sheinbaum-contrataron-la-mitad-de-la-deuda-de-mexico\/","og_locale":"es_MX","og_type":"article","og_title":"AMLO y Sheinbaum contrataron la mitad de la deuda de M\u00e9xico","og_description":"El CEESP inform\u00f3 que los gobiernos de AMLO y Claudia Sheinbaum, conocidos como la 4T, contrataron la mitad de la deuda de M\u00e9xico.","og_url":"https:\/\/grupohoymexico.com\/nuevo-leon\/2026\/04\/30\/amlo-y-sheinbaum-contrataron-la-mitad-de-la-deuda-de-mexico\/","og_site_name":"Grupo Hoy Nuevo Leon","article_published_time":"2026-04-30T17:55:50+00:00","og_image":[{"width":1200,"height":638,"url":"https:\/\/grupohoymexico.com\/nuevo-leon\/wp-content\/uploads\/sites\/6\/2026\/04\/AMLO_claudia_sheinbaum_contrataron_mitad_deuda_mexico.webp","type":"image\/webp"}],"author":"nestor","twitter_card":"summary_large_image","twitter_misc":{"Escrito por":"nestor","Tiempo de lectura":"2 minutos"},"schema":{"@context":"https:\/\/schema.org","@graph":[{"@type":"Article","@id":"https:\/\/grupohoymexico.com\/nuevo-leon\/2026\/04\/30\/amlo-y-sheinbaum-contrataron-la-mitad-de-la-deuda-de-mexico\/#article","isPartOf":{"@id":"https:\/\/grupohoymexico.com\/nuevo-leon\/2026\/04\/30\/amlo-y-sheinbaum-contrataron-la-mitad-de-la-deuda-de-mexico\/"},"author":{"name":"nestor","@id":"https:\/\/grupohoymexico.com\/nuevo-leon\/#\/schema\/person\/8201f3fa49669f346d08e15801e0ebc2"},"headline":"AMLO y Sheinbaum contrataron la mitad de la deuda de M\u00e9xico","datePublished":"2026-04-30T17:55:50+00:00","mainEntityOfPage":{"@id":"https:\/\/grupohoymexico.com\/nuevo-leon\/2026\/04\/30\/amlo-y-sheinbaum-contrataron-la-mitad-de-la-deuda-de-mexico\/"},"wordCount":334,"commentCount":0,"image":{"@id":"https:\/\/grupohoymexico.com\/nuevo-leon\/2026\/04\/30\/amlo-y-sheinbaum-contrataron-la-mitad-de-la-deuda-de-mexico\/#primaryimage"},"thumbnailUrl":"https:\/\/grupohoymexico.com\/nuevo-leon\/wp-content\/uploads\/sites\/6\/2026\/04\/AMLO_claudia_sheinbaum_contrataron_mitad_deuda_mexico.webp","keywords":["4T","Amlo","Claudia Sheinbaum","Deuda de M\u00e9xico"],"articleSection":["Finanzas"],"inLanguage":"es","potentialAction":[{"@type":"CommentAction","name":"Comment","target":["https:\/\/grupohoymexico.com\/nuevo-leon\/2026\/04\/30\/amlo-y-sheinbaum-contrataron-la-mitad-de-la-deuda-de-mexico\/#respond"]}]},{"@type":"WebPage","@id":"https:\/\/grupohoymexico.com\/nuevo-leon\/2026\/04\/30\/amlo-y-sheinbaum-contrataron-la-mitad-de-la-deuda-de-mexico\/","url":"https:\/\/grupohoymexico.com\/nuevo-leon\/2026\/04\/30\/amlo-y-sheinbaum-contrataron-la-mitad-de-la-deuda-de-mexico\/","name":"AMLO y Sheinbaum contrataron la mitad de la deuda de M\u00e9xico - Grupo Hoy Nuevo Leon","isPartOf":{"@id":"https:\/\/grupohoymexico.com\/nuevo-leon\/#website"},"primaryImageOfPage":{"@id":"https:\/\/grupohoymexico.com\/nuevo-leon\/2026\/04\/30\/amlo-y-sheinbaum-contrataron-la-mitad-de-la-deuda-de-mexico\/#primaryimage"},"image":{"@id":"https:\/\/grupohoymexico.com\/nuevo-leon\/2026\/04\/30\/amlo-y-sheinbaum-contrataron-la-mitad-de-la-deuda-de-mexico\/#primaryimage"},"thumbnailUrl":"https:\/\/grupohoymexico.com\/nuevo-leon\/wp-content\/uploads\/sites\/6\/2026\/04\/AMLO_claudia_sheinbaum_contrataron_mitad_deuda_mexico.webp","datePublished":"2026-04-30T17:55:50+00:00","author":{"@id":"https:\/\/grupohoymexico.com\/nuevo-leon\/#\/schema\/person\/8201f3fa49669f346d08e15801e0ebc2"},"description":"El CEESP inform\u00f3 que los gobiernos de AMLO y Claudia Sheinbaum, conocidos como la 4T, contrataron la mitad de la deuda de M\u00e9xico.","breadcrumb":{"@id":"https:\/\/grupohoymexico.com\/nuevo-leon\/2026\/04\/30\/amlo-y-sheinbaum-contrataron-la-mitad-de-la-deuda-de-mexico\/#breadcrumb"},"inLanguage":"es","potentialAction":[{"@type":"ReadAction","target":["https:\/\/grupohoymexico.com\/nuevo-leon\/2026\/04\/30\/amlo-y-sheinbaum-contrataron-la-mitad-de-la-deuda-de-mexico\/"]}]},{"@type":"ImageObject","inLanguage":"es","@id":"https:\/\/grupohoymexico.com\/nuevo-leon\/2026\/04\/30\/amlo-y-sheinbaum-contrataron-la-mitad-de-la-deuda-de-mexico\/#primaryimage","url":"https:\/\/grupohoymexico.com\/nuevo-leon\/wp-content\/uploads\/sites\/6\/2026\/04\/AMLO_claudia_sheinbaum_contrataron_mitad_deuda_mexico.webp","contentUrl":"https:\/\/grupohoymexico.com\/nuevo-leon\/wp-content\/uploads\/sites\/6\/2026\/04\/AMLO_claudia_sheinbaum_contrataron_mitad_deuda_mexico.webp","width":1200,"height":638,"caption":"Foto: Facebook"},{"@type":"BreadcrumbList","@id":"https:\/\/grupohoymexico.com\/nuevo-leon\/2026\/04\/30\/amlo-y-sheinbaum-contrataron-la-mitad-de-la-deuda-de-mexico\/#breadcrumb","itemListElement":[{"@type":"ListItem","position":1,"name":"Inicio","item":"https:\/\/grupohoymexico.com\/nuevo-leon\/"},{"@type":"ListItem","position":2,"name":"AMLO y Sheinbaum contrataron la mitad de la deuda de M\u00e9xico"}]},{"@type":"WebSite","@id":"https:\/\/grupohoymexico.com\/nuevo-leon\/#website","url":"https:\/\/grupohoymexico.com\/nuevo-leon\/","name":"Grupo Hoy Nuevo Leon","description":"Sitio l\u00edder de noticias en M\u00e9xico","potentialAction":[{"@type":"SearchAction","target":{"@type":"EntryPoint","urlTemplate":"https:\/\/grupohoymexico.com\/nuevo-leon\/?s={search_term_string}"},"query-input":{"@type":"PropertyValueSpecification","valueRequired":true,"valueName":"search_term_string"}}],"inLanguage":"es"},{"@type":"Person","@id":"https:\/\/grupohoymexico.com\/nuevo-leon\/#\/schema\/person\/8201f3fa49669f346d08e15801e0ebc2","name":"nestor","image":{"@type":"ImageObject","inLanguage":"es","@id":"https:\/\/secure.gravatar.com\/avatar\/6675a6d9279ab1d8e7b7c55956d0013492fdc51e007e555bc58e5e0eac33d094?s=96&d=mm&r=g","url":"https:\/\/secure.gravatar.com\/avatar\/6675a6d9279ab1d8e7b7c55956d0013492fdc51e007e555bc58e5e0eac33d094?s=96&d=mm&r=g","contentUrl":"https:\/\/secure.gravatar.com\/avatar\/6675a6d9279ab1d8e7b7c55956d0013492fdc51e007e555bc58e5e0eac33d094?s=96&d=mm&r=g","caption":"nestor"},"url":"https:\/\/grupohoymexico.com\/nuevo-leon\/author\/nestor\/"}]}},"_links":{"self":[{"href":"https:\/\/grupohoymexico.com\/nuevo-leon\/wp-json\/wp\/v2\/posts\/35758","targetHints":{"allow":["GET"]}}],"collection":[{"href":"https:\/\/grupohoymexico.com\/nuevo-leon\/wp-json\/wp\/v2\/posts"}],"about":[{"href":"https:\/\/grupohoymexico.com\/nuevo-leon\/wp-json\/wp\/v2\/types\/post"}],"author":[{"embeddable":true,"href":"https:\/\/grupohoymexico.com\/nuevo-leon\/wp-json\/wp\/v2\/users\/15"}],"replies":[{"embeddable":true,"href":"https:\/\/grupohoymexico.com\/nuevo-leon\/wp-json\/wp\/v2\/comments?post=35758"}],"version-history":[{"count":0,"href":"https:\/\/grupohoymexico.com\/nuevo-leon\/wp-json\/wp\/v2\/posts\/35758\/revisions"}],"wp:featuredmedia":[{"embeddable":true,"href":"https:\/\/grupohoymexico.com\/nuevo-leon\/wp-json\/wp\/v2\/media\/35759"}],"wp:attachment":[{"href":"https:\/\/grupohoymexico.com\/nuevo-leon\/wp-json\/wp\/v2\/media?parent=35758"}],"wp:term":[{"taxonomy":"category","embeddable":true,"href":"https:\/\/grupohoymexico.com\/nuevo-leon\/wp-json\/wp\/v2\/categories?post=35758"},{"taxonomy":"post_tag","embeddable":true,"href":"https:\/\/grupohoymexico.com\/nuevo-leon\/wp-json\/wp\/v2\/tags?post=35758"}],"curies":[{"name":"wp","href":"https:\/\/api.w.org\/{rel}","templated":true}]}}