{"id":35743,"date":"2026-04-29T12:02:35","date_gmt":"2026-04-29T18:02:35","guid":{"rendered":"https:\/\/grupohoymexico.com\/nuevo-leon\/2026\/04\/29\/ante-omisiones-de-sheinbaum-la-cnte-convoca-a-marcha-nacional-el-1-de-mayo\/"},"modified":"2026-04-29T12:02:36","modified_gmt":"2026-04-29T18:02:36","slug":"ante-omisiones-de-sheinbaum-la-cnte-convoca-a-marcha-nacional-el-1-de-mayo","status":"publish","type":"post","link":"https:\/\/grupohoymexico.com\/nuevo-leon\/2026\/04\/29\/ante-omisiones-de-sheinbaum-la-cnte-convoca-a-marcha-nacional-el-1-de-mayo\/","title":{"rendered":"Ante omisiones de Sheinbaum, la CNTE convoca a marcha nacional el 1 de mayo"},"content":{"rendered":"\n<p>Ante lo que consideran una omisi\u00f3n y nula respuesta por parte del gobierno de <strong>Claudia Sheinbaum<\/strong>, la <strong>Coordinadora Nacional de Trabajadores de la Educaci\u00f3n<\/strong> (<strong>CNTE<\/strong>) convoc\u00f3 a una marcha nacional el 1 de mayo. Se tratar\u00e1 de una movilizaci\u00f3n de car\u00e1cter unitario y antiimperialista, un concepto que obra relevancia ante el contexto internacional que se vive. <\/p>\n\n\n\n<p>A trav\u00e9s de un mensaje en redes sociales, la coordinadora inform\u00f3 que ante los ataques sistem\u00e1ticos contra la clase trabajadora es necesario que se salga a las calles para exigir el cumplimiento de derechos. Esto viene luego de las m\u00faltiples manifestaciones que los proletarios llevaron a cabo en el primer cuatrimestre del 2026 en busca de condiciones dignas de trabajo.<\/p>\n\n\n\n<h2 class=\"wp-block-heading\" id=\"h-ante-omisiones-de-sheinbaum-la-cnte-convoca-a-marcha-nacional-el-1-de-mayo\">Ante omisiones de Sheinbaum, la CNTE convoca a marcha nacional el 1 de mayo<\/h2>\n\n\n\n<p>La <strong>Coordinadora Nacional de Trabajadores de la Educaci\u00f3n<\/strong> apunt\u00f3 que la clase trabajadora enfrenta condiciones  de precarizaci\u00f3n, despojo de derechos y crisis de la seguridad social. Tan solo por estos motivos es que sostiene es necesario salir a las calles para exigir a las autoridades una soluci\u00f3n, as\u00ed como un trato digno a las personas.<\/p>\n\n\n\n<p>Entre las demandas en la marcha del a CNTE para este 1 de mayo aparecen: <\/p>\n\n\n\n<ul class=\"wp-block-list\">\n<li>No a las pensiones en UMAs<\/li>\n\n\n\n<li>Abrogaci\u00f3n de la Ley del ISSSTE 2007<\/li>\n\n\n\n<li>Alto a la precarizaci\u00f3n laboral<\/li>\n\n\n\n<li>Defensa de la seguridad social<\/li>\n<\/ul>\n\n\n\n<p>De acuerdo con algunos reportes de medios de comunicaci\u00f3n, dicha movilizaci\u00f3n ser\u00eda el punto de lanza de lo que ser\u00eda un paro nacional indefinido durante la realizaci\u00f3n del Mundial 2026. La informaci\u00f3n sostiene que la huelga ser\u00e1 anunciada el pr\u00f3ximo 16 de mayo. <\/p>\n\n\n\n<p>La marcha de la CNTE del 1 de mayo se tiene prevista a las 9:00 horas. Partir\u00e1 desde el \u00c1ngel de la Independencia con rumbo al Z\u00f3calo Capitalino. Se espera que una vez en la Plaza de la Constituci\u00f3n haya un mitin donde se lea el pliego petitorio.<\/p>\n\n\n\n<p>Claudia Sheinbaum ha mantenido una postura de rechazo a las peticiones de la CNTE. Sostiene que las mesas de di\u00e1logo han estado abiertas en todo momento; sin embargo, los l\u00edmites presupuestarios del gobierno de M\u00e9xico impiden el cumplimiento de las demandas ciudadanas.<\/p>\n","protected":false},"excerpt":{"rendered":"Ante lo que consideran una omisi\u00f3n y nula respuesta por parte del gobierno de Claudia Sheinbaum, la Coordinadora&hellip;","protected":false},"author":15,"featured_media":35744,"comment_status":"open","ping_status":"open","sticky":false,"template":"","format":"standard","meta":{"csco_display_header_overlay":false,"csco_singular_sidebar":"","csco_page_header_type":"","csco_page_load_nextpost":"","csco_post_video_location":[],"csco_post_video_location_hash":"","csco_post_video_url":"","csco_post_video_bg_start_time":0,"csco_post_video_bg_end_time":0,"footnotes":""},"categories":[8],"tags":[1615,6,944,1616],"class_list":{"0":"post-35743","1":"post","2":"type-post","3":"status-publish","4":"format-standard","5":"has-post-thumbnail","7":"category-nacional","8":"tag-1-de-mayo","9":"tag-claudia-sheinbaum","10":"tag-cnte","11":"tag-marcha-del-1-de-mayo","12":"cs-entry","13":"cs-video-wrap"},"yoast_head":"<!-- This site is optimized with the Yoast SEO Premium plugin v24.7 (Yoast SEO v27.4) - https:\/\/yoast.com\/product\/yoast-seo-premium-wordpress\/ -->\n<title>Ante omisiones de Sheinbaum, la CNTE convoca a marcha nacional el 1 de mayo - Grupo Hoy Nuevo Leon<\/title>\n<meta name=\"robots\" content=\"index, follow, max-snippet:-1, max-image-preview:large, max-video-preview:-1\" \/>\n<link rel=\"canonical\" href=\"https:\/\/grupohoymexico.com\/nuevo-leon\/2026\/04\/29\/ante-omisiones-de-sheinbaum-la-cnte-convoca-a-marcha-nacional-el-1-de-mayo\/\" \/>\n<meta property=\"og:locale\" content=\"es_MX\" \/>\n<meta property=\"og:type\" content=\"article\" \/>\n<meta property=\"og:title\" content=\"Ante omisiones de Sheinbaum, la CNTE convoca a marcha nacional el 1 de mayo\" \/>\n<meta property=\"og:description\" content=\"Ante lo que consideran una omisi\u00f3n y nula respuesta por parte del gobierno de Claudia Sheinbaum, la Coordinadora&hellip;\" \/>\n<meta property=\"og:url\" content=\"https:\/\/grupohoymexico.com\/nuevo-leon\/2026\/04\/29\/ante-omisiones-de-sheinbaum-la-cnte-convoca-a-marcha-nacional-el-1-de-mayo\/\" \/>\n<meta property=\"og:site_name\" content=\"Grupo Hoy Nuevo Leon\" \/>\n<meta property=\"article:published_time\" content=\"2026-04-29T18:02:35+00:00\" \/>\n<meta property=\"article:modified_time\" content=\"2026-04-29T18:02:36+00:00\" \/>\n<meta property=\"og:image\" content=\"https:\/\/grupohoymexico.com\/nuevo-leon\/wp-content\/uploads\/sites\/6\/2026\/04\/cnte_marcha_1_mayo.webp\" \/>\n\t<meta property=\"og:image:width\" content=\"1200\" \/>\n\t<meta property=\"og:image:height\" content=\"638\" \/>\n\t<meta property=\"og:image:type\" content=\"image\/webp\" \/>\n<meta name=\"author\" content=\"nestor\" \/>\n<meta name=\"twitter:card\" content=\"summary_large_image\" \/>\n<meta name=\"twitter:label1\" content=\"Escrito por\" \/>\n\t<meta name=\"twitter:data1\" content=\"nestor\" \/>\n\t<meta name=\"twitter:label2\" content=\"Tiempo de lectura\" \/>\n\t<meta name=\"twitter:data2\" content=\"2 minutos\" \/>\n<script type=\"application\/ld+json\" class=\"yoast-schema-graph\">{\"@context\":\"https:\\\/\\\/schema.org\",\"@graph\":[{\"@type\":\"Article\",\"@id\":\"https:\\\/\\\/grupohoymexico.com\\\/nuevo-leon\\\/2026\\\/04\\\/29\\\/ante-omisiones-de-sheinbaum-la-cnte-convoca-a-marcha-nacional-el-1-de-mayo\\\/#article\",\"isPartOf\":{\"@id\":\"https:\\\/\\\/grupohoymexico.com\\\/nuevo-leon\\\/2026\\\/04\\\/29\\\/ante-omisiones-de-sheinbaum-la-cnte-convoca-a-marcha-nacional-el-1-de-mayo\\\/\"},\"author\":{\"name\":\"nestor\",\"@id\":\"https:\\\/\\\/grupohoymexico.com\\\/nuevo-leon\\\/#\\\/schema\\\/person\\\/8201f3fa49669f346d08e15801e0ebc2\"},\"headline\":\"Ante omisiones de Sheinbaum, la CNTE convoca a marcha nacional el 1 de mayo\",\"datePublished\":\"2026-04-29T18:02:35+00:00\",\"dateModified\":\"2026-04-29T18:02:36+00:00\",\"mainEntityOfPage\":{\"@id\":\"https:\\\/\\\/grupohoymexico.com\\\/nuevo-leon\\\/2026\\\/04\\\/29\\\/ante-omisiones-de-sheinbaum-la-cnte-convoca-a-marcha-nacional-el-1-de-mayo\\\/\"},\"wordCount\":384,\"commentCount\":0,\"image\":{\"@id\":\"https:\\\/\\\/grupohoymexico.com\\\/nuevo-leon\\\/2026\\\/04\\\/29\\\/ante-omisiones-de-sheinbaum-la-cnte-convoca-a-marcha-nacional-el-1-de-mayo\\\/#primaryimage\"},\"thumbnailUrl\":\"https:\\\/\\\/grupohoymexico.com\\\/nuevo-leon\\\/wp-content\\\/uploads\\\/sites\\\/6\\\/2026\\\/04\\\/cnte_marcha_1_mayo.webp\",\"keywords\":[\"1 de mayo\",\"Claudia Sheinbaum\",\"CNTE\",\"Marcha del 1 de mayo\"],\"articleSection\":[\"Nacional\"],\"inLanguage\":\"es\",\"potentialAction\":[{\"@type\":\"CommentAction\",\"name\":\"Comment\",\"target\":[\"https:\\\/\\\/grupohoymexico.com\\\/nuevo-leon\\\/2026\\\/04\\\/29\\\/ante-omisiones-de-sheinbaum-la-cnte-convoca-a-marcha-nacional-el-1-de-mayo\\\/#respond\"]}]},{\"@type\":\"WebPage\",\"@id\":\"https:\\\/\\\/grupohoymexico.com\\\/nuevo-leon\\\/2026\\\/04\\\/29\\\/ante-omisiones-de-sheinbaum-la-cnte-convoca-a-marcha-nacional-el-1-de-mayo\\\/\",\"url\":\"https:\\\/\\\/grupohoymexico.com\\\/nuevo-leon\\\/2026\\\/04\\\/29\\\/ante-omisiones-de-sheinbaum-la-cnte-convoca-a-marcha-nacional-el-1-de-mayo\\\/\",\"name\":\"Ante omisiones de Sheinbaum, la CNTE convoca a marcha nacional el 1 de mayo - Grupo Hoy Nuevo Leon\",\"isPartOf\":{\"@id\":\"https:\\\/\\\/grupohoymexico.com\\\/nuevo-leon\\\/#website\"},\"primaryImageOfPage\":{\"@id\":\"https:\\\/\\\/grupohoymexico.com\\\/nuevo-leon\\\/2026\\\/04\\\/29\\\/ante-omisiones-de-sheinbaum-la-cnte-convoca-a-marcha-nacional-el-1-de-mayo\\\/#primaryimage\"},\"image\":{\"@id\":\"https:\\\/\\\/grupohoymexico.com\\\/nuevo-leon\\\/2026\\\/04\\\/29\\\/ante-omisiones-de-sheinbaum-la-cnte-convoca-a-marcha-nacional-el-1-de-mayo\\\/#primaryimage\"},\"thumbnailUrl\":\"https:\\\/\\\/grupohoymexico.com\\\/nuevo-leon\\\/wp-content\\\/uploads\\\/sites\\\/6\\\/2026\\\/04\\\/cnte_marcha_1_mayo.webp\",\"datePublished\":\"2026-04-29T18:02:35+00:00\",\"dateModified\":\"2026-04-29T18:02:36+00:00\",\"author\":{\"@id\":\"https:\\\/\\\/grupohoymexico.com\\\/nuevo-leon\\\/#\\\/schema\\\/person\\\/8201f3fa49669f346d08e15801e0ebc2\"},\"breadcrumb\":{\"@id\":\"https:\\\/\\\/grupohoymexico.com\\\/nuevo-leon\\\/2026\\\/04\\\/29\\\/ante-omisiones-de-sheinbaum-la-cnte-convoca-a-marcha-nacional-el-1-de-mayo\\\/#breadcrumb\"},\"inLanguage\":\"es\",\"potentialAction\":[{\"@type\":\"ReadAction\",\"target\":[\"https:\\\/\\\/grupohoymexico.com\\\/nuevo-leon\\\/2026\\\/04\\\/29\\\/ante-omisiones-de-sheinbaum-la-cnte-convoca-a-marcha-nacional-el-1-de-mayo\\\/\"]}]},{\"@type\":\"ImageObject\",\"inLanguage\":\"es\",\"@id\":\"https:\\\/\\\/grupohoymexico.com\\\/nuevo-leon\\\/2026\\\/04\\\/29\\\/ante-omisiones-de-sheinbaum-la-cnte-convoca-a-marcha-nacional-el-1-de-mayo\\\/#primaryimage\",\"url\":\"https:\\\/\\\/grupohoymexico.com\\\/nuevo-leon\\\/wp-content\\\/uploads\\\/sites\\\/6\\\/2026\\\/04\\\/cnte_marcha_1_mayo.webp\",\"contentUrl\":\"https:\\\/\\\/grupohoymexico.com\\\/nuevo-leon\\\/wp-content\\\/uploads\\\/sites\\\/6\\\/2026\\\/04\\\/cnte_marcha_1_mayo.webp\",\"width\":1200,\"height\":638,\"caption\":\"Foto: Facebook\"},{\"@type\":\"BreadcrumbList\",\"@id\":\"https:\\\/\\\/grupohoymexico.com\\\/nuevo-leon\\\/2026\\\/04\\\/29\\\/ante-omisiones-de-sheinbaum-la-cnte-convoca-a-marcha-nacional-el-1-de-mayo\\\/#breadcrumb\",\"itemListElement\":[{\"@type\":\"ListItem\",\"position\":1,\"name\":\"Inicio\",\"item\":\"https:\\\/\\\/grupohoymexico.com\\\/nuevo-leon\\\/\"},{\"@type\":\"ListItem\",\"position\":2,\"name\":\"Ante omisiones de Sheinbaum, la CNTE convoca a marcha nacional el 1 de mayo\"}]},{\"@type\":\"WebSite\",\"@id\":\"https:\\\/\\\/grupohoymexico.com\\\/nuevo-leon\\\/#website\",\"url\":\"https:\\\/\\\/grupohoymexico.com\\\/nuevo-leon\\\/\",\"name\":\"Grupo Hoy Nuevo Leon\",\"description\":\"Sitio l\u00edder de noticias en M\u00e9xico\",\"potentialAction\":[{\"@type\":\"SearchAction\",\"target\":{\"@type\":\"EntryPoint\",\"urlTemplate\":\"https:\\\/\\\/grupohoymexico.com\\\/nuevo-leon\\\/?s={search_term_string}\"},\"query-input\":{\"@type\":\"PropertyValueSpecification\",\"valueRequired\":true,\"valueName\":\"search_term_string\"}}],\"inLanguage\":\"es\"},{\"@type\":\"Person\",\"@id\":\"https:\\\/\\\/grupohoymexico.com\\\/nuevo-leon\\\/#\\\/schema\\\/person\\\/8201f3fa49669f346d08e15801e0ebc2\",\"name\":\"nestor\",\"image\":{\"@type\":\"ImageObject\",\"inLanguage\":\"es\",\"@id\":\"https:\\\/\\\/secure.gravatar.com\\\/avatar\\\/6675a6d9279ab1d8e7b7c55956d0013492fdc51e007e555bc58e5e0eac33d094?s=96&d=mm&r=g\",\"url\":\"https:\\\/\\\/secure.gravatar.com\\\/avatar\\\/6675a6d9279ab1d8e7b7c55956d0013492fdc51e007e555bc58e5e0eac33d094?s=96&d=mm&r=g\",\"contentUrl\":\"https:\\\/\\\/secure.gravatar.com\\\/avatar\\\/6675a6d9279ab1d8e7b7c55956d0013492fdc51e007e555bc58e5e0eac33d094?s=96&d=mm&r=g\",\"caption\":\"nestor\"},\"url\":\"https:\\\/\\\/grupohoymexico.com\\\/nuevo-leon\\\/author\\\/nestor\\\/\"}]}<\/script>\n<!-- \/ Yoast SEO Premium plugin. -->","yoast_head_json":{"title":"Ante omisiones de Sheinbaum, la CNTE convoca a marcha nacional el 1 de mayo - Grupo Hoy Nuevo Leon","robots":{"index":"index","follow":"follow","max-snippet":"max-snippet:-1","max-image-preview":"max-image-preview:large","max-video-preview":"max-video-preview:-1"},"canonical":"https:\/\/grupohoymexico.com\/nuevo-leon\/2026\/04\/29\/ante-omisiones-de-sheinbaum-la-cnte-convoca-a-marcha-nacional-el-1-de-mayo\/","og_locale":"es_MX","og_type":"article","og_title":"Ante omisiones de Sheinbaum, la CNTE convoca a marcha nacional el 1 de mayo","og_description":"Ante lo que consideran una omisi\u00f3n y nula respuesta por parte del gobierno de Claudia Sheinbaum, la Coordinadora&hellip;","og_url":"https:\/\/grupohoymexico.com\/nuevo-leon\/2026\/04\/29\/ante-omisiones-de-sheinbaum-la-cnte-convoca-a-marcha-nacional-el-1-de-mayo\/","og_site_name":"Grupo Hoy Nuevo Leon","article_published_time":"2026-04-29T18:02:35+00:00","article_modified_time":"2026-04-29T18:02:36+00:00","og_image":[{"width":1200,"height":638,"url":"https:\/\/grupohoymexico.com\/nuevo-leon\/wp-content\/uploads\/sites\/6\/2026\/04\/cnte_marcha_1_mayo.webp","type":"image\/webp"}],"author":"nestor","twitter_card":"summary_large_image","twitter_misc":{"Escrito por":"nestor","Tiempo de lectura":"2 minutos"},"schema":{"@context":"https:\/\/schema.org","@graph":[{"@type":"Article","@id":"https:\/\/grupohoymexico.com\/nuevo-leon\/2026\/04\/29\/ante-omisiones-de-sheinbaum-la-cnte-convoca-a-marcha-nacional-el-1-de-mayo\/#article","isPartOf":{"@id":"https:\/\/grupohoymexico.com\/nuevo-leon\/2026\/04\/29\/ante-omisiones-de-sheinbaum-la-cnte-convoca-a-marcha-nacional-el-1-de-mayo\/"},"author":{"name":"nestor","@id":"https:\/\/grupohoymexico.com\/nuevo-leon\/#\/schema\/person\/8201f3fa49669f346d08e15801e0ebc2"},"headline":"Ante omisiones de Sheinbaum, la CNTE convoca a marcha nacional el 1 de mayo","datePublished":"2026-04-29T18:02:35+00:00","dateModified":"2026-04-29T18:02:36+00:00","mainEntityOfPage":{"@id":"https:\/\/grupohoymexico.com\/nuevo-leon\/2026\/04\/29\/ante-omisiones-de-sheinbaum-la-cnte-convoca-a-marcha-nacional-el-1-de-mayo\/"},"wordCount":384,"commentCount":0,"image":{"@id":"https:\/\/grupohoymexico.com\/nuevo-leon\/2026\/04\/29\/ante-omisiones-de-sheinbaum-la-cnte-convoca-a-marcha-nacional-el-1-de-mayo\/#primaryimage"},"thumbnailUrl":"https:\/\/grupohoymexico.com\/nuevo-leon\/wp-content\/uploads\/sites\/6\/2026\/04\/cnte_marcha_1_mayo.webp","keywords":["1 de mayo","Claudia Sheinbaum","CNTE","Marcha del 1 de mayo"],"articleSection":["Nacional"],"inLanguage":"es","potentialAction":[{"@type":"CommentAction","name":"Comment","target":["https:\/\/grupohoymexico.com\/nuevo-leon\/2026\/04\/29\/ante-omisiones-de-sheinbaum-la-cnte-convoca-a-marcha-nacional-el-1-de-mayo\/#respond"]}]},{"@type":"WebPage","@id":"https:\/\/grupohoymexico.com\/nuevo-leon\/2026\/04\/29\/ante-omisiones-de-sheinbaum-la-cnte-convoca-a-marcha-nacional-el-1-de-mayo\/","url":"https:\/\/grupohoymexico.com\/nuevo-leon\/2026\/04\/29\/ante-omisiones-de-sheinbaum-la-cnte-convoca-a-marcha-nacional-el-1-de-mayo\/","name":"Ante omisiones de Sheinbaum, la CNTE convoca a marcha nacional el 1 de mayo - Grupo Hoy Nuevo Leon","isPartOf":{"@id":"https:\/\/grupohoymexico.com\/nuevo-leon\/#website"},"primaryImageOfPage":{"@id":"https:\/\/grupohoymexico.com\/nuevo-leon\/2026\/04\/29\/ante-omisiones-de-sheinbaum-la-cnte-convoca-a-marcha-nacional-el-1-de-mayo\/#primaryimage"},"image":{"@id":"https:\/\/grupohoymexico.com\/nuevo-leon\/2026\/04\/29\/ante-omisiones-de-sheinbaum-la-cnte-convoca-a-marcha-nacional-el-1-de-mayo\/#primaryimage"},"thumbnailUrl":"https:\/\/grupohoymexico.com\/nuevo-leon\/wp-content\/uploads\/sites\/6\/2026\/04\/cnte_marcha_1_mayo.webp","datePublished":"2026-04-29T18:02:35+00:00","dateModified":"2026-04-29T18:02:36+00:00","author":{"@id":"https:\/\/grupohoymexico.com\/nuevo-leon\/#\/schema\/person\/8201f3fa49669f346d08e15801e0ebc2"},"breadcrumb":{"@id":"https:\/\/grupohoymexico.com\/nuevo-leon\/2026\/04\/29\/ante-omisiones-de-sheinbaum-la-cnte-convoca-a-marcha-nacional-el-1-de-mayo\/#breadcrumb"},"inLanguage":"es","potentialAction":[{"@type":"ReadAction","target":["https:\/\/grupohoymexico.com\/nuevo-leon\/2026\/04\/29\/ante-omisiones-de-sheinbaum-la-cnte-convoca-a-marcha-nacional-el-1-de-mayo\/"]}]},{"@type":"ImageObject","inLanguage":"es","@id":"https:\/\/grupohoymexico.com\/nuevo-leon\/2026\/04\/29\/ante-omisiones-de-sheinbaum-la-cnte-convoca-a-marcha-nacional-el-1-de-mayo\/#primaryimage","url":"https:\/\/grupohoymexico.com\/nuevo-leon\/wp-content\/uploads\/sites\/6\/2026\/04\/cnte_marcha_1_mayo.webp","contentUrl":"https:\/\/grupohoymexico.com\/nuevo-leon\/wp-content\/uploads\/sites\/6\/2026\/04\/cnte_marcha_1_mayo.webp","width":1200,"height":638,"caption":"Foto: Facebook"},{"@type":"BreadcrumbList","@id":"https:\/\/grupohoymexico.com\/nuevo-leon\/2026\/04\/29\/ante-omisiones-de-sheinbaum-la-cnte-convoca-a-marcha-nacional-el-1-de-mayo\/#breadcrumb","itemListElement":[{"@type":"ListItem","position":1,"name":"Inicio","item":"https:\/\/grupohoymexico.com\/nuevo-leon\/"},{"@type":"ListItem","position":2,"name":"Ante omisiones de Sheinbaum, la CNTE convoca a marcha nacional el 1 de mayo"}]},{"@type":"WebSite","@id":"https:\/\/grupohoymexico.com\/nuevo-leon\/#website","url":"https:\/\/grupohoymexico.com\/nuevo-leon\/","name":"Grupo Hoy Nuevo Leon","description":"Sitio l\u00edder de noticias en M\u00e9xico","potentialAction":[{"@type":"SearchAction","target":{"@type":"EntryPoint","urlTemplate":"https:\/\/grupohoymexico.com\/nuevo-leon\/?s={search_term_string}"},"query-input":{"@type":"PropertyValueSpecification","valueRequired":true,"valueName":"search_term_string"}}],"inLanguage":"es"},{"@type":"Person","@id":"https:\/\/grupohoymexico.com\/nuevo-leon\/#\/schema\/person\/8201f3fa49669f346d08e15801e0ebc2","name":"nestor","image":{"@type":"ImageObject","inLanguage":"es","@id":"https:\/\/secure.gravatar.com\/avatar\/6675a6d9279ab1d8e7b7c55956d0013492fdc51e007e555bc58e5e0eac33d094?s=96&d=mm&r=g","url":"https:\/\/secure.gravatar.com\/avatar\/6675a6d9279ab1d8e7b7c55956d0013492fdc51e007e555bc58e5e0eac33d094?s=96&d=mm&r=g","contentUrl":"https:\/\/secure.gravatar.com\/avatar\/6675a6d9279ab1d8e7b7c55956d0013492fdc51e007e555bc58e5e0eac33d094?s=96&d=mm&r=g","caption":"nestor"},"url":"https:\/\/grupohoymexico.com\/nuevo-leon\/author\/nestor\/"}]}},"_links":{"self":[{"href":"https:\/\/grupohoymexico.com\/nuevo-leon\/wp-json\/wp\/v2\/posts\/35743","targetHints":{"allow":["GET"]}}],"collection":[{"href":"https:\/\/grupohoymexico.com\/nuevo-leon\/wp-json\/wp\/v2\/posts"}],"about":[{"href":"https:\/\/grupohoymexico.com\/nuevo-leon\/wp-json\/wp\/v2\/types\/post"}],"author":[{"embeddable":true,"href":"https:\/\/grupohoymexico.com\/nuevo-leon\/wp-json\/wp\/v2\/users\/15"}],"replies":[{"embeddable":true,"href":"https:\/\/grupohoymexico.com\/nuevo-leon\/wp-json\/wp\/v2\/comments?post=35743"}],"version-history":[{"count":0,"href":"https:\/\/grupohoymexico.com\/nuevo-leon\/wp-json\/wp\/v2\/posts\/35743\/revisions"}],"wp:featuredmedia":[{"embeddable":true,"href":"https:\/\/grupohoymexico.com\/nuevo-leon\/wp-json\/wp\/v2\/media\/35744"}],"wp:attachment":[{"href":"https:\/\/grupohoymexico.com\/nuevo-leon\/wp-json\/wp\/v2\/media?parent=35743"}],"wp:term":[{"taxonomy":"category","embeddable":true,"href":"https:\/\/grupohoymexico.com\/nuevo-leon\/wp-json\/wp\/v2\/categories?post=35743"},{"taxonomy":"post_tag","embeddable":true,"href":"https:\/\/grupohoymexico.com\/nuevo-leon\/wp-json\/wp\/v2\/tags?post=35743"}],"curies":[{"name":"wp","href":"https:\/\/api.w.org\/{rel}","templated":true}]}}