{"id":35735,"date":"2026-04-29T10:29:21","date_gmt":"2026-04-29T16:29:21","guid":{"rendered":"https:\/\/grupohoymexico.com\/nuevo-leon\/2026\/04\/29\/alcalde-de-tlalnepantla-jorge-armando-n-a-prision-preventiva-por-abuso-sexual-y-corrupcion-de-menores\/"},"modified":"2026-04-29T10:29:21","modified_gmt":"2026-04-29T16:29:21","slug":"alcalde-de-tlalnepantla-jorge-armando-n-a-prision-preventiva-por-abuso-sexual-y-corrupcion-de-menores","status":"publish","type":"post","link":"https:\/\/grupohoymexico.com\/nuevo-leon\/2026\/04\/29\/alcalde-de-tlalnepantla-jorge-armando-n-a-prision-preventiva-por-abuso-sexual-y-corrupcion-de-menores\/","title":{"rendered":"Alcalde de Tlalnepantla, Jorge Armando &#8220;N&#8221;, a prisi\u00f3n preventiva por abuso sexual y corrupci\u00f3n de menores"},"content":{"rendered":"\n<p>El <strong>presidente municipal de Tlalnepantla<\/strong>, <strong>Jorge Armando \u201cN\u201d<\/strong>, fue vinculado a proceso inicial y enviado a <strong>prisi\u00f3n preventiva oficiosa<\/strong> tras ser detenido por su probable responsabilidad en delitos de <strong>violaci\u00f3n, abuso sexual agravado y corrupci\u00f3n de menores<\/strong>, inform\u00f3 la <strong><a href=\"https:\/\/www.fiscaliamorelos.gob.mx\/\">Fiscal\u00eda General del Estado de Morelos (FGEM)<\/a><\/strong>.<\/p>\n\n\n\n<p>El juez de control calific\u00f3 como legal la detenci\u00f3n y determin\u00f3 que el funcionario permanezca recluido en el <strong>Centro Estatal de Reinserci\u00f3n Social de Cuautla<\/strong> mientras se desarrolla su proceso judicial.<\/p>\n\n\n\n<h3 class=\"wp-block-heading\" id=\"h-sigue-nuestras-cuentas-en-facebook-e-instagram-para-mantenerte-informado-con-las-noticias-mas-relevantes\"><strong>Sigue nuestras cuentas en Facebook e Instagram para mantenerte informado con las noticias m\u00e1s relevantes.<\/strong><\/h3>\n\n\n\n<h2 class=\"wp-block-heading\" id=\"h-detencion-en-flagrancia-en-tlayacapan\"><strong>Detenci\u00f3n en flagrancia en Tlayacapan<\/strong><\/h2>\n\n\n\n<p>De acuerdo con las autoridades, el alcalde fue detenido en flagrancia el pasado 25 de abril en un predio ubicado a un costado de la carretera <strong>Yautepec-Tlayacapan<\/strong>, en el municipio de <strong>Tlayacapan<\/strong>.<\/p>\n\n\n\n<p>Elementos de seguridad municipal habr\u00edan sorprendido al funcionario presuntamente cometiendo el delito en agravio de un adolescente, lo que deriv\u00f3 en su inmediata puesta a disposici\u00f3n del <strong>Ministerio P\u00fablico<\/strong> especializado.<\/p>\n\n\n\n<p>La Fiscal\u00eda detall\u00f3 que la detenci\u00f3n cumpli\u00f3 con los requisitos legales y que la gravedad de los delitos justific\u00f3 la solicitud de prisi\u00f3n preventiva autom\u00e1tica.<\/p>\n\n\n\n<h2 class=\"wp-block-heading\" id=\"h-delitos-imputados-y-proceso-legal\"><strong>Delitos imputados y proceso legal<\/strong><\/h2>\n\n\n\n<p>El Ministerio P\u00fablico imput\u00f3 a <strong>Jorge Armando \u201cN\u201d<\/strong> por:<\/p>\n\n\n\n<ul class=\"wp-block-list\">\n<li>Violaci\u00f3n.<\/li>\n\n\n\n<li>Abuso sexual agravado.<\/li>\n\n\n\n<li>Corrupci\u00f3n de personas menores de edad.<\/li>\n<\/ul>\n\n\n\n<p>Adem\u00e1s, se destac\u00f3 que los cargos incluyen agravantes por tratarse de una v\u00edctima menor de edad, lo que refuerza la medida cautelar dictada por el juez.<\/p>\n\n\n\n<p>La audiencia de vinculaci\u00f3n a proceso ser\u00e1 clave para definir la situaci\u00f3n jur\u00eddica del alcalde en los pr\u00f3ximos d\u00edas.<\/p>\n\n\n\n<h3 class=\"wp-block-heading\" id=\"h-leer-mas-otro-golpe-al-cjng-detienen-a-el-guero-conta-operador-financiero-de-el-jardinero-en-zapopan\"><strong><em>Leer m\u00e1s: <a href=\"https:\/\/grupohoymexico.com\/2026\/04\/28\/otro-golpe-al-cjng-detienen-a-el-guero-conta-operador-financiero-de-el-jardinero-en-zapopan\/\">Otro golpe al CJNG: Detienen a &#8220;El G\u00fcero Conta&#8221;, operador financiero de &#8220;El Jardinero&#8221;, en Zapopan<\/a><\/em><\/strong><\/h3>\n\n\n\n<h2 class=\"wp-block-heading\" id=\"h-morena-se-deslinda-del-alcalde-detenido\"><strong>Morena se deslinda del alcalde detenido<\/strong><\/h2>\n\n\n\n<p>Tras la detenci\u00f3n, el partido <a href=\"https:\/\/www.facebook.com\/morenaMorelosoficial\/?locale=es_LA\">Morena en Morelos<\/a> emiti\u00f3 un comunicado en el que se deslind\u00f3 completamente del funcionario.<\/p>\n\n\n\n<p>La dirigencia estatal asegur\u00f3 que:<\/p>\n\n\n\n<ul class=\"wp-block-list\">\n<li>No existe relaci\u00f3n pol\u00edtica, institucional ni org\u00e1nica con el alcalde.<\/li>\n\n\n\n<li>No hubo acuerdos, reuniones ni procesos de afiliaci\u00f3n.<\/li>\n\n\n\n<li>Rechazan cualquier conducta que vulnere a ni\u00f1as, ni\u00f1os y adolescentes.<\/li>\n<\/ul>\n\n\n\n<p>El partido tambi\u00e9n exigi\u00f3 que las autoridades act\u00faen con apego a la ley y que se garantice justicia para la v\u00edctima.<\/p>\n\n\n\n<figure class=\"wp-block-image size-large\"><img fetchpriority=\"high\" decoding=\"async\" width=\"791\" height=\"1024\" src=\"https:\/\/grupohoymexico.com\/nuevo-leon\/wp-content\/uploads\/sites\/6\/2026\/04\/image-4-791x1024.png\" alt=\"\" class=\"wp-image-35736\" srcset=\"https:\/\/grupohoymexico.com\/nuevo-leon\/wp-content\/uploads\/sites\/6\/2026\/04\/image-4-791x1024.png 791w, https:\/\/grupohoymexico.com\/nuevo-leon\/wp-content\/uploads\/sites\/6\/2026\/04\/image-4-232x300.png 232w, https:\/\/grupohoymexico.com\/nuevo-leon\/wp-content\/uploads\/sites\/6\/2026\/04\/image-4-768x994.png 768w, https:\/\/grupohoymexico.com\/nuevo-leon\/wp-content\/uploads\/sites\/6\/2026\/04\/image-4-1187x1536.png 1187w, https:\/\/grupohoymexico.com\/nuevo-leon\/wp-content\/uploads\/sites\/6\/2026\/04\/image-4-332x430.png 332w, https:\/\/grupohoymexico.com\/nuevo-leon\/wp-content\/uploads\/sites\/6\/2026\/04\/image-4-664x860.png 664w, https:\/\/grupohoymexico.com\/nuevo-leon\/wp-content\/uploads\/sites\/6\/2026\/04\/image-4-688x891.png 688w, https:\/\/grupohoymexico.com\/nuevo-leon\/wp-content\/uploads\/sites\/6\/2026\/04\/image-4-1044x1352.png 1044w, https:\/\/grupohoymexico.com\/nuevo-leon\/wp-content\/uploads\/sites\/6\/2026\/04\/image-4-1400x1812.png 1400w, https:\/\/grupohoymexico.com\/nuevo-leon\/wp-content\/uploads\/sites\/6\/2026\/04\/image-4.png 1582w\" sizes=\"(max-width: 791px) 100vw, 791px\" \/><\/figure>\n\n\n\n<h2 class=\"wp-block-heading\" id=\"h-antecedentes-y-contexto-del-caso\"><strong>Antecedentes y contexto del caso<\/strong><\/h2>\n\n\n\n<p>De acuerdo con informaci\u00f3n p\u00fablica, <strong>Jorge Armando \u201cN\u201d<\/strong> cuenta con formaci\u00f3n en derecho y anteriormente habr\u00eda tenido v\u00ednculos con el <strong>Partido Encuentro Solidario (PES)<\/strong>.<\/p>\n\n\n\n<p>El caso ha generado atenci\u00f3n a nivel estatal y nacional debido a la gravedad de las acusaciones y al cargo p\u00fablico que ostentaba el detenido.<\/p>\n\n\n\n<h2 class=\"wp-block-heading\" id=\"h-investigacion-continua-en-morelos\"><strong>Investigaci\u00f3n contin\u00faa en Morelos<\/strong><\/h2>\n\n\n\n<p>Las autoridades de <strong>Morelos<\/strong> reiteraron que el proceso sigue en curso y que se garantizar\u00e1 el debido proceso, as\u00ed como la protecci\u00f3n de la v\u00edctima.<\/p>\n\n\n\n<p>Este caso se suma a otros hechos que han puesto en el foco la importancia de reforzar mecanismos de protecci\u00f3n para menores y la responsabilidad de los servidores p\u00fablicos.<\/p>\n\n\n\n<h2 class=\"wp-block-heading\" id=\"h-unete-a-nuestro-canal-de-whatsapp\"><strong><a href=\"https:\/\/whatsapp.com\/channel\/0029Vaylt1XG3R3gm4Nsgp2m\">\u00danete a nuestro canal de WhatsApp<\/a><\/strong><\/h2>\n","protected":false},"excerpt":{"rendered":"El presidente municipal de Tlalnepantla, Jorge Armando \u201cN\u201d, fue vinculado a proceso inicial y enviado a prisi\u00f3n preventiva&hellip;","protected":false},"author":5,"featured_media":35737,"comment_status":"open","ping_status":"open","sticky":false,"template":"","format":"standard","meta":{"csco_display_header_overlay":false,"csco_singular_sidebar":"","csco_page_header_type":"","csco_page_load_nextpost":"","csco_post_video_location":[],"csco_post_video_location_hash":"","csco_post_video_url":"","csco_post_video_bg_start_time":0,"csco_post_video_bg_end_time":0,"footnotes":""},"categories":[8],"tags":[1610,1611,52,1264,144,1612],"class_list":{"0":"post-35735","1":"post","2":"type-post","3":"status-publish","4":"format-standard","5":"has-post-thumbnail","7":"category-nacional","8":"tag-fiscalia-morelos","9":"tag-jorge-armando-n","10":"tag-justicia","11":"tag-morelos","12":"tag-seguridad","13":"tag-tlalnepantla","14":"cs-entry","15":"cs-video-wrap"},"yoast_head":"<!-- This site is optimized with the Yoast SEO Premium plugin v24.7 (Yoast SEO v27.4) - https:\/\/yoast.com\/product\/yoast-seo-premium-wordpress\/ -->\n<title>Alcalde de Tlalnepantla, Jorge Armando &quot;N&quot;, a prisi\u00f3n preventiva por abuso sexual y corrupci\u00f3n de menores - Grupo Hoy Nuevo Leon<\/title>\n<meta name=\"description\" content=\"Alcalde de Tlalnepantla, Jorge Armando \u201cN\u201d, detenido en flagrancia por violaci\u00f3n, abuso sexual y corrupci\u00f3n de menores en Tlayacapan, Morelos\" \/>\n<meta name=\"robots\" content=\"index, follow, max-snippet:-1, max-image-preview:large, max-video-preview:-1\" \/>\n<link rel=\"canonical\" href=\"https:\/\/grupohoymexico.com\/nuevo-leon\/2026\/04\/29\/alcalde-de-tlalnepantla-jorge-armando-n-a-prision-preventiva-por-abuso-sexual-y-corrupcion-de-menores\/\" \/>\n<meta property=\"og:locale\" content=\"es_MX\" \/>\n<meta property=\"og:type\" content=\"article\" \/>\n<meta property=\"og:title\" content=\"Alcalde de Tlalnepantla, Jorge Armando &quot;N&quot;, a prisi\u00f3n preventiva por abuso sexual y corrupci\u00f3n de menores\" \/>\n<meta property=\"og:description\" content=\"Alcalde de Tlalnepantla, Jorge Armando \u201cN\u201d, detenido en flagrancia por violaci\u00f3n, abuso sexual y corrupci\u00f3n de menores en Tlayacapan, Morelos\" \/>\n<meta property=\"og:url\" content=\"https:\/\/grupohoymexico.com\/nuevo-leon\/2026\/04\/29\/alcalde-de-tlalnepantla-jorge-armando-n-a-prision-preventiva-por-abuso-sexual-y-corrupcion-de-menores\/\" \/>\n<meta property=\"og:site_name\" content=\"Grupo Hoy Nuevo Leon\" \/>\n<meta property=\"article:published_time\" content=\"2026-04-29T16:29:21+00:00\" \/>\n<meta property=\"og:image\" content=\"https:\/\/grupohoymexico.com\/nuevo-leon\/wp-content\/uploads\/sites\/6\/2026\/04\/Alcalde-de-Tlalnepantla.jpg\" \/>\n\t<meta property=\"og:image:width\" content=\"1200\" \/>\n\t<meta property=\"og:image:height\" content=\"638\" \/>\n\t<meta property=\"og:image:type\" content=\"image\/jpeg\" \/>\n<meta name=\"author\" content=\"jair\" \/>\n<meta name=\"twitter:card\" content=\"summary_large_image\" \/>\n<meta name=\"twitter:label1\" content=\"Escrito por\" \/>\n\t<meta name=\"twitter:data1\" content=\"jair\" \/>\n\t<meta name=\"twitter:label2\" content=\"Tiempo de lectura\" \/>\n\t<meta name=\"twitter:data2\" content=\"3 minutos\" \/>\n<script type=\"application\/ld+json\" class=\"yoast-schema-graph\">{\"@context\":\"https:\\\/\\\/schema.org\",\"@graph\":[{\"@type\":\"Article\",\"@id\":\"https:\\\/\\\/grupohoymexico.com\\\/nuevo-leon\\\/2026\\\/04\\\/29\\\/alcalde-de-tlalnepantla-jorge-armando-n-a-prision-preventiva-por-abuso-sexual-y-corrupcion-de-menores\\\/#article\",\"isPartOf\":{\"@id\":\"https:\\\/\\\/grupohoymexico.com\\\/nuevo-leon\\\/2026\\\/04\\\/29\\\/alcalde-de-tlalnepantla-jorge-armando-n-a-prision-preventiva-por-abuso-sexual-y-corrupcion-de-menores\\\/\"},\"author\":{\"name\":\"jair\",\"@id\":\"https:\\\/\\\/grupohoymexico.com\\\/nuevo-leon\\\/#\\\/schema\\\/person\\\/98e2425fe99fbbdf486895b69dab3c3d\"},\"headline\":\"Alcalde de Tlalnepantla, Jorge Armando &#8220;N&#8221;, a prisi\u00f3n preventiva por abuso sexual y corrupci\u00f3n de menores\",\"datePublished\":\"2026-04-29T16:29:21+00:00\",\"mainEntityOfPage\":{\"@id\":\"https:\\\/\\\/grupohoymexico.com\\\/nuevo-leon\\\/2026\\\/04\\\/29\\\/alcalde-de-tlalnepantla-jorge-armando-n-a-prision-preventiva-por-abuso-sexual-y-corrupcion-de-menores\\\/\"},\"wordCount\":535,\"commentCount\":0,\"image\":{\"@id\":\"https:\\\/\\\/grupohoymexico.com\\\/nuevo-leon\\\/2026\\\/04\\\/29\\\/alcalde-de-tlalnepantla-jorge-armando-n-a-prision-preventiva-por-abuso-sexual-y-corrupcion-de-menores\\\/#primaryimage\"},\"thumbnailUrl\":\"https:\\\/\\\/grupohoymexico.com\\\/nuevo-leon\\\/wp-content\\\/uploads\\\/sites\\\/6\\\/2026\\\/04\\\/Alcalde-de-Tlalnepantla.jpg\",\"keywords\":[\"Fiscal\u00eda Morelos\",\"Jorge Armando N\",\"Justicia\",\"Morelos\",\"Seguridad\",\"Tlalnepantla\"],\"articleSection\":[\"Nacional\"],\"inLanguage\":\"es\",\"potentialAction\":[{\"@type\":\"CommentAction\",\"name\":\"Comment\",\"target\":[\"https:\\\/\\\/grupohoymexico.com\\\/nuevo-leon\\\/2026\\\/04\\\/29\\\/alcalde-de-tlalnepantla-jorge-armando-n-a-prision-preventiva-por-abuso-sexual-y-corrupcion-de-menores\\\/#respond\"]}]},{\"@type\":\"WebPage\",\"@id\":\"https:\\\/\\\/grupohoymexico.com\\\/nuevo-leon\\\/2026\\\/04\\\/29\\\/alcalde-de-tlalnepantla-jorge-armando-n-a-prision-preventiva-por-abuso-sexual-y-corrupcion-de-menores\\\/\",\"url\":\"https:\\\/\\\/grupohoymexico.com\\\/nuevo-leon\\\/2026\\\/04\\\/29\\\/alcalde-de-tlalnepantla-jorge-armando-n-a-prision-preventiva-por-abuso-sexual-y-corrupcion-de-menores\\\/\",\"name\":\"Alcalde de Tlalnepantla, Jorge Armando \\\"N\\\", a prisi\u00f3n preventiva por abuso sexual y corrupci\u00f3n de menores - Grupo Hoy Nuevo Leon\",\"isPartOf\":{\"@id\":\"https:\\\/\\\/grupohoymexico.com\\\/nuevo-leon\\\/#website\"},\"primaryImageOfPage\":{\"@id\":\"https:\\\/\\\/grupohoymexico.com\\\/nuevo-leon\\\/2026\\\/04\\\/29\\\/alcalde-de-tlalnepantla-jorge-armando-n-a-prision-preventiva-por-abuso-sexual-y-corrupcion-de-menores\\\/#primaryimage\"},\"image\":{\"@id\":\"https:\\\/\\\/grupohoymexico.com\\\/nuevo-leon\\\/2026\\\/04\\\/29\\\/alcalde-de-tlalnepantla-jorge-armando-n-a-prision-preventiva-por-abuso-sexual-y-corrupcion-de-menores\\\/#primaryimage\"},\"thumbnailUrl\":\"https:\\\/\\\/grupohoymexico.com\\\/nuevo-leon\\\/wp-content\\\/uploads\\\/sites\\\/6\\\/2026\\\/04\\\/Alcalde-de-Tlalnepantla.jpg\",\"datePublished\":\"2026-04-29T16:29:21+00:00\",\"author\":{\"@id\":\"https:\\\/\\\/grupohoymexico.com\\\/nuevo-leon\\\/#\\\/schema\\\/person\\\/98e2425fe99fbbdf486895b69dab3c3d\"},\"description\":\"Alcalde de Tlalnepantla, Jorge Armando \u201cN\u201d, detenido en flagrancia por violaci\u00f3n, abuso sexual y corrupci\u00f3n de menores en Tlayacapan, Morelos\",\"breadcrumb\":{\"@id\":\"https:\\\/\\\/grupohoymexico.com\\\/nuevo-leon\\\/2026\\\/04\\\/29\\\/alcalde-de-tlalnepantla-jorge-armando-n-a-prision-preventiva-por-abuso-sexual-y-corrupcion-de-menores\\\/#breadcrumb\"},\"inLanguage\":\"es\",\"potentialAction\":[{\"@type\":\"ReadAction\",\"target\":[\"https:\\\/\\\/grupohoymexico.com\\\/nuevo-leon\\\/2026\\\/04\\\/29\\\/alcalde-de-tlalnepantla-jorge-armando-n-a-prision-preventiva-por-abuso-sexual-y-corrupcion-de-menores\\\/\"]}]},{\"@type\":\"ImageObject\",\"inLanguage\":\"es\",\"@id\":\"https:\\\/\\\/grupohoymexico.com\\\/nuevo-leon\\\/2026\\\/04\\\/29\\\/alcalde-de-tlalnepantla-jorge-armando-n-a-prision-preventiva-por-abuso-sexual-y-corrupcion-de-menores\\\/#primaryimage\",\"url\":\"https:\\\/\\\/grupohoymexico.com\\\/nuevo-leon\\\/wp-content\\\/uploads\\\/sites\\\/6\\\/2026\\\/04\\\/Alcalde-de-Tlalnepantla.jpg\",\"contentUrl\":\"https:\\\/\\\/grupohoymexico.com\\\/nuevo-leon\\\/wp-content\\\/uploads\\\/sites\\\/6\\\/2026\\\/04\\\/Alcalde-de-Tlalnepantla.jpg\",\"width\":1200,\"height\":638,\"caption\":\"Foto: Grupo Hoy\"},{\"@type\":\"BreadcrumbList\",\"@id\":\"https:\\\/\\\/grupohoymexico.com\\\/nuevo-leon\\\/2026\\\/04\\\/29\\\/alcalde-de-tlalnepantla-jorge-armando-n-a-prision-preventiva-por-abuso-sexual-y-corrupcion-de-menores\\\/#breadcrumb\",\"itemListElement\":[{\"@type\":\"ListItem\",\"position\":1,\"name\":\"Inicio\",\"item\":\"https:\\\/\\\/grupohoymexico.com\\\/nuevo-leon\\\/\"},{\"@type\":\"ListItem\",\"position\":2,\"name\":\"Alcalde de Tlalnepantla, Jorge Armando &#8220;N&#8221;, a prisi\u00f3n preventiva por abuso sexual y corrupci\u00f3n de menores\"}]},{\"@type\":\"WebSite\",\"@id\":\"https:\\\/\\\/grupohoymexico.com\\\/nuevo-leon\\\/#website\",\"url\":\"https:\\\/\\\/grupohoymexico.com\\\/nuevo-leon\\\/\",\"name\":\"Grupo Hoy Nuevo Leon\",\"description\":\"Sitio l\u00edder de noticias en M\u00e9xico\",\"potentialAction\":[{\"@type\":\"SearchAction\",\"target\":{\"@type\":\"EntryPoint\",\"urlTemplate\":\"https:\\\/\\\/grupohoymexico.com\\\/nuevo-leon\\\/?s={search_term_string}\"},\"query-input\":{\"@type\":\"PropertyValueSpecification\",\"valueRequired\":true,\"valueName\":\"search_term_string\"}}],\"inLanguage\":\"es\"},{\"@type\":\"Person\",\"@id\":\"https:\\\/\\\/grupohoymexico.com\\\/nuevo-leon\\\/#\\\/schema\\\/person\\\/98e2425fe99fbbdf486895b69dab3c3d\",\"name\":\"jair\",\"image\":{\"@type\":\"ImageObject\",\"inLanguage\":\"es\",\"@id\":\"https:\\\/\\\/secure.gravatar.com\\\/avatar\\\/ec205dfb8733a1ce1601942dddb04fc9294fb780c832e3c1ec58faa8e4e64e9b?s=96&d=mm&r=g\",\"url\":\"https:\\\/\\\/secure.gravatar.com\\\/avatar\\\/ec205dfb8733a1ce1601942dddb04fc9294fb780c832e3c1ec58faa8e4e64e9b?s=96&d=mm&r=g\",\"contentUrl\":\"https:\\\/\\\/secure.gravatar.com\\\/avatar\\\/ec205dfb8733a1ce1601942dddb04fc9294fb780c832e3c1ec58faa8e4e64e9b?s=96&d=mm&r=g\",\"caption\":\"jair\"},\"url\":\"https:\\\/\\\/grupohoymexico.com\\\/nuevo-leon\\\/author\\\/jair\\\/\"}]}<\/script>\n<!-- \/ Yoast SEO Premium plugin. -->","yoast_head_json":{"title":"Alcalde de Tlalnepantla, Jorge Armando \"N\", a prisi\u00f3n preventiva por abuso sexual y corrupci\u00f3n de menores - Grupo Hoy Nuevo Leon","description":"Alcalde de Tlalnepantla, Jorge Armando \u201cN\u201d, detenido en flagrancia por violaci\u00f3n, abuso sexual y corrupci\u00f3n de menores en Tlayacapan, Morelos","robots":{"index":"index","follow":"follow","max-snippet":"max-snippet:-1","max-image-preview":"max-image-preview:large","max-video-preview":"max-video-preview:-1"},"canonical":"https:\/\/grupohoymexico.com\/nuevo-leon\/2026\/04\/29\/alcalde-de-tlalnepantla-jorge-armando-n-a-prision-preventiva-por-abuso-sexual-y-corrupcion-de-menores\/","og_locale":"es_MX","og_type":"article","og_title":"Alcalde de Tlalnepantla, Jorge Armando \"N\", a prisi\u00f3n preventiva por abuso sexual y corrupci\u00f3n de menores","og_description":"Alcalde de Tlalnepantla, Jorge Armando \u201cN\u201d, detenido en flagrancia por violaci\u00f3n, abuso sexual y corrupci\u00f3n de menores en Tlayacapan, Morelos","og_url":"https:\/\/grupohoymexico.com\/nuevo-leon\/2026\/04\/29\/alcalde-de-tlalnepantla-jorge-armando-n-a-prision-preventiva-por-abuso-sexual-y-corrupcion-de-menores\/","og_site_name":"Grupo Hoy Nuevo Leon","article_published_time":"2026-04-29T16:29:21+00:00","og_image":[{"width":1200,"height":638,"url":"https:\/\/grupohoymexico.com\/nuevo-leon\/wp-content\/uploads\/sites\/6\/2026\/04\/Alcalde-de-Tlalnepantla.jpg","type":"image\/jpeg"}],"author":"jair","twitter_card":"summary_large_image","twitter_misc":{"Escrito por":"jair","Tiempo de lectura":"3 minutos"},"schema":{"@context":"https:\/\/schema.org","@graph":[{"@type":"Article","@id":"https:\/\/grupohoymexico.com\/nuevo-leon\/2026\/04\/29\/alcalde-de-tlalnepantla-jorge-armando-n-a-prision-preventiva-por-abuso-sexual-y-corrupcion-de-menores\/#article","isPartOf":{"@id":"https:\/\/grupohoymexico.com\/nuevo-leon\/2026\/04\/29\/alcalde-de-tlalnepantla-jorge-armando-n-a-prision-preventiva-por-abuso-sexual-y-corrupcion-de-menores\/"},"author":{"name":"jair","@id":"https:\/\/grupohoymexico.com\/nuevo-leon\/#\/schema\/person\/98e2425fe99fbbdf486895b69dab3c3d"},"headline":"Alcalde de Tlalnepantla, Jorge Armando &#8220;N&#8221;, a prisi\u00f3n preventiva por abuso sexual y corrupci\u00f3n de menores","datePublished":"2026-04-29T16:29:21+00:00","mainEntityOfPage":{"@id":"https:\/\/grupohoymexico.com\/nuevo-leon\/2026\/04\/29\/alcalde-de-tlalnepantla-jorge-armando-n-a-prision-preventiva-por-abuso-sexual-y-corrupcion-de-menores\/"},"wordCount":535,"commentCount":0,"image":{"@id":"https:\/\/grupohoymexico.com\/nuevo-leon\/2026\/04\/29\/alcalde-de-tlalnepantla-jorge-armando-n-a-prision-preventiva-por-abuso-sexual-y-corrupcion-de-menores\/#primaryimage"},"thumbnailUrl":"https:\/\/grupohoymexico.com\/nuevo-leon\/wp-content\/uploads\/sites\/6\/2026\/04\/Alcalde-de-Tlalnepantla.jpg","keywords":["Fiscal\u00eda Morelos","Jorge Armando N","Justicia","Morelos","Seguridad","Tlalnepantla"],"articleSection":["Nacional"],"inLanguage":"es","potentialAction":[{"@type":"CommentAction","name":"Comment","target":["https:\/\/grupohoymexico.com\/nuevo-leon\/2026\/04\/29\/alcalde-de-tlalnepantla-jorge-armando-n-a-prision-preventiva-por-abuso-sexual-y-corrupcion-de-menores\/#respond"]}]},{"@type":"WebPage","@id":"https:\/\/grupohoymexico.com\/nuevo-leon\/2026\/04\/29\/alcalde-de-tlalnepantla-jorge-armando-n-a-prision-preventiva-por-abuso-sexual-y-corrupcion-de-menores\/","url":"https:\/\/grupohoymexico.com\/nuevo-leon\/2026\/04\/29\/alcalde-de-tlalnepantla-jorge-armando-n-a-prision-preventiva-por-abuso-sexual-y-corrupcion-de-menores\/","name":"Alcalde de Tlalnepantla, Jorge Armando \"N\", a prisi\u00f3n preventiva por abuso sexual y corrupci\u00f3n de menores - Grupo Hoy Nuevo Leon","isPartOf":{"@id":"https:\/\/grupohoymexico.com\/nuevo-leon\/#website"},"primaryImageOfPage":{"@id":"https:\/\/grupohoymexico.com\/nuevo-leon\/2026\/04\/29\/alcalde-de-tlalnepantla-jorge-armando-n-a-prision-preventiva-por-abuso-sexual-y-corrupcion-de-menores\/#primaryimage"},"image":{"@id":"https:\/\/grupohoymexico.com\/nuevo-leon\/2026\/04\/29\/alcalde-de-tlalnepantla-jorge-armando-n-a-prision-preventiva-por-abuso-sexual-y-corrupcion-de-menores\/#primaryimage"},"thumbnailUrl":"https:\/\/grupohoymexico.com\/nuevo-leon\/wp-content\/uploads\/sites\/6\/2026\/04\/Alcalde-de-Tlalnepantla.jpg","datePublished":"2026-04-29T16:29:21+00:00","author":{"@id":"https:\/\/grupohoymexico.com\/nuevo-leon\/#\/schema\/person\/98e2425fe99fbbdf486895b69dab3c3d"},"description":"Alcalde de Tlalnepantla, Jorge Armando \u201cN\u201d, detenido en flagrancia por violaci\u00f3n, abuso sexual y corrupci\u00f3n de menores en Tlayacapan, Morelos","breadcrumb":{"@id":"https:\/\/grupohoymexico.com\/nuevo-leon\/2026\/04\/29\/alcalde-de-tlalnepantla-jorge-armando-n-a-prision-preventiva-por-abuso-sexual-y-corrupcion-de-menores\/#breadcrumb"},"inLanguage":"es","potentialAction":[{"@type":"ReadAction","target":["https:\/\/grupohoymexico.com\/nuevo-leon\/2026\/04\/29\/alcalde-de-tlalnepantla-jorge-armando-n-a-prision-preventiva-por-abuso-sexual-y-corrupcion-de-menores\/"]}]},{"@type":"ImageObject","inLanguage":"es","@id":"https:\/\/grupohoymexico.com\/nuevo-leon\/2026\/04\/29\/alcalde-de-tlalnepantla-jorge-armando-n-a-prision-preventiva-por-abuso-sexual-y-corrupcion-de-menores\/#primaryimage","url":"https:\/\/grupohoymexico.com\/nuevo-leon\/wp-content\/uploads\/sites\/6\/2026\/04\/Alcalde-de-Tlalnepantla.jpg","contentUrl":"https:\/\/grupohoymexico.com\/nuevo-leon\/wp-content\/uploads\/sites\/6\/2026\/04\/Alcalde-de-Tlalnepantla.jpg","width":1200,"height":638,"caption":"Foto: Grupo Hoy"},{"@type":"BreadcrumbList","@id":"https:\/\/grupohoymexico.com\/nuevo-leon\/2026\/04\/29\/alcalde-de-tlalnepantla-jorge-armando-n-a-prision-preventiva-por-abuso-sexual-y-corrupcion-de-menores\/#breadcrumb","itemListElement":[{"@type":"ListItem","position":1,"name":"Inicio","item":"https:\/\/grupohoymexico.com\/nuevo-leon\/"},{"@type":"ListItem","position":2,"name":"Alcalde de Tlalnepantla, Jorge Armando &#8220;N&#8221;, a prisi\u00f3n preventiva por abuso sexual y corrupci\u00f3n de menores"}]},{"@type":"WebSite","@id":"https:\/\/grupohoymexico.com\/nuevo-leon\/#website","url":"https:\/\/grupohoymexico.com\/nuevo-leon\/","name":"Grupo Hoy Nuevo Leon","description":"Sitio l\u00edder de noticias en M\u00e9xico","potentialAction":[{"@type":"SearchAction","target":{"@type":"EntryPoint","urlTemplate":"https:\/\/grupohoymexico.com\/nuevo-leon\/?s={search_term_string}"},"query-input":{"@type":"PropertyValueSpecification","valueRequired":true,"valueName":"search_term_string"}}],"inLanguage":"es"},{"@type":"Person","@id":"https:\/\/grupohoymexico.com\/nuevo-leon\/#\/schema\/person\/98e2425fe99fbbdf486895b69dab3c3d","name":"jair","image":{"@type":"ImageObject","inLanguage":"es","@id":"https:\/\/secure.gravatar.com\/avatar\/ec205dfb8733a1ce1601942dddb04fc9294fb780c832e3c1ec58faa8e4e64e9b?s=96&d=mm&r=g","url":"https:\/\/secure.gravatar.com\/avatar\/ec205dfb8733a1ce1601942dddb04fc9294fb780c832e3c1ec58faa8e4e64e9b?s=96&d=mm&r=g","contentUrl":"https:\/\/secure.gravatar.com\/avatar\/ec205dfb8733a1ce1601942dddb04fc9294fb780c832e3c1ec58faa8e4e64e9b?s=96&d=mm&r=g","caption":"jair"},"url":"https:\/\/grupohoymexico.com\/nuevo-leon\/author\/jair\/"}]}},"_links":{"self":[{"href":"https:\/\/grupohoymexico.com\/nuevo-leon\/wp-json\/wp\/v2\/posts\/35735","targetHints":{"allow":["GET"]}}],"collection":[{"href":"https:\/\/grupohoymexico.com\/nuevo-leon\/wp-json\/wp\/v2\/posts"}],"about":[{"href":"https:\/\/grupohoymexico.com\/nuevo-leon\/wp-json\/wp\/v2\/types\/post"}],"author":[{"embeddable":true,"href":"https:\/\/grupohoymexico.com\/nuevo-leon\/wp-json\/wp\/v2\/users\/5"}],"replies":[{"embeddable":true,"href":"https:\/\/grupohoymexico.com\/nuevo-leon\/wp-json\/wp\/v2\/comments?post=35735"}],"version-history":[{"count":1,"href":"https:\/\/grupohoymexico.com\/nuevo-leon\/wp-json\/wp\/v2\/posts\/35735\/revisions"}],"predecessor-version":[{"id":35738,"href":"https:\/\/grupohoymexico.com\/nuevo-leon\/wp-json\/wp\/v2\/posts\/35735\/revisions\/35738"}],"wp:featuredmedia":[{"embeddable":true,"href":"https:\/\/grupohoymexico.com\/nuevo-leon\/wp-json\/wp\/v2\/media\/35737"}],"wp:attachment":[{"href":"https:\/\/grupohoymexico.com\/nuevo-leon\/wp-json\/wp\/v2\/media?parent=35735"}],"wp:term":[{"taxonomy":"category","embeddable":true,"href":"https:\/\/grupohoymexico.com\/nuevo-leon\/wp-json\/wp\/v2\/categories?post=35735"},{"taxonomy":"post_tag","embeddable":true,"href":"https:\/\/grupohoymexico.com\/nuevo-leon\/wp-json\/wp\/v2\/tags?post=35735"}],"curies":[{"name":"wp","href":"https:\/\/api.w.org\/{rel}","templated":true}]}}