{"id":35719,"date":"2026-04-29T09:13:41","date_gmt":"2026-04-29T15:13:41","guid":{"rendered":"https:\/\/grupohoymexico.com\/nuevo-leon\/2026\/04\/29\/acapulco-raiz-y-futuro-del-turismo-mexicano\/"},"modified":"2026-04-29T09:13:42","modified_gmt":"2026-04-29T15:13:42","slug":"acapulco-raiz-y-futuro-del-turismo-mexicano","status":"publish","type":"post","link":"https:\/\/grupohoymexico.com\/nuevo-leon\/2026\/04\/29\/acapulco-raiz-y-futuro-del-turismo-mexicano\/","title":{"rendered":"Acapulco, ra\u00edz y futuro del turismo mexicano"},"content":{"rendered":"\n<p>Acapulco no es solamente una sede: es memoria, resiliencia y confianza. Que la edici\u00f3n 50 del Tianguis Tur\u00edstico vuelva a reunir a M\u00e9xico en este puerto confirma algo profundo: nuestro pa\u00eds sabe levantarse, reencontrarse y mostrarse al mundo con dignidad.<\/p>\n\n\n\n<p>En este marco, tuve el honor de participar brindando el mensaje del sector empresarial, con una visi\u00f3n clara: construir desde el di\u00e1logo, sumar desde la coordinaci\u00f3n y empujar una agenda positiva que se traduzca en mejoras reales para los negocios en el territorio. Porque el turismo no se fortalece solo desde los grandes anuncios, sino desde las condiciones que permiten que hoteles, restaurantes, agencias, comercios, transportistas, artesanos, mercados y negocios familiares puedan crecer, formalizarse, invertir y generar bienestar.<\/p>\n\n\n\n<h3 class=\"wp-block-heading\" id=\"h-sigue-nuestras-cuentas-en-facebook-e-instagram-para-mantenerte-informado-con-las-noticias-mas-relevantes\"><strong>Sigue nuestras cuentas en Facebook e Instagram para mantenerte informado con las noticias m\u00e1s relevantes.<\/strong><\/h3>\n\n\n\n<p>Desde 1975, cuando este encuentro naci\u00f3 como Feria Internacional de Hoteles y Agencias Tur\u00edsticas, el turismo mexicano ha cambiado, pero su esencia permanece: conectar territorios, abrir oportunidades y convertir la identidad nacional en desarrollo. En aquel momento, M\u00e9xico era presidido por Luis Echeverr\u00eda \u00c1lvarez, y en la <strong><a href=\"https:\/\/www.concanaco.org\/\">CONCANACO SERVYTUR<\/a><\/strong> la voz del comercio y turismo organizado estaba encabezada por Jes\u00fas Vidales Aparicio. Desde entonces, nuestra Confederaci\u00f3n ha acompa\u00f1ado esta historia, representando a quienes sostienen el turismo todos los d\u00edas.<\/p>\n\n\n\n<p>Hoy los resultados hablan. En el primer bimestre de 2026 llegaron a M\u00e9xico 16.85 millones de visitantes internacionales, con una derrama de 6 mil 746 millones de d\u00f3lares. Detr\u00e1s de cada cifra hay cuartos ocupados, mesas llenas, compras locales, empleos y familias que encuentran en el turismo una oportunidad real de bienestar.<\/p>\n\n\n\n<p>Por eso reconozco el trabajo de la secretaria de Turismo, Josefina Rodr\u00edguez Zamora, y de las y los secretarios estatales de turismo. Su esfuerzo coordinado fortalece la presencia de M\u00e9xico en el mercado nacional e internacional. Tambi\u00e9n felicito a Roberto Monroy Garc\u00eda, nuevo presidente electo de la ASETUR, un liderazgo formado desde la vida cameral, desde esa econom\u00eda real que entiende el territorio antes que el escritorio.<\/p>\n\n\n\n<h3 class=\"wp-block-heading\" id=\"h-leer-mas-otro-golpe-al-cjng-detienen-a-el-guero-conta-operador-financiero-de-el-jardinero-en-zapopan\"><strong><em>Leer m\u00e1s: <a href=\"https:\/\/grupohoymexico.com\/2026\/04\/28\/otro-golpe-al-cjng-detienen-a-el-guero-conta-operador-financiero-de-el-jardinero-en-zapopan\/\">Otro golpe al CJNG: Detienen a &#8220;El G\u00fcero Conta&#8221;, operador financiero de &#8220;El Jardinero&#8221;, en Zapopan<\/a><\/em><\/strong><\/h3>\n\n\n\n<p>En la CONCANACO SERVYTUR tenemos claro que el turismo no debe medirse solo en llegadas, sino en bienestar, ventas, seguridad, formalidad e inclusi\u00f3n. Representamos por ley al comercio, los servicios y el turismo; y somos la voz de millones de negocios familiares que quiz\u00e1 no siempre est\u00e1n en las mesas de decisi\u00f3n, pero s\u00ed est\u00e1n todos los d\u00edas levantando la cortina.<\/p>\n\n\n\n<p>Por eso impulsamos una pol\u00edtica nacional para negocios familiares del sector: menos sobrerregulaci\u00f3n, m\u00e1s digitalizaci\u00f3n, mejores condiciones de financiamiento, seguridad p\u00fablica, y un r\u00e9gimen fiscal y de seguridad social que permita crecer con formalidad. El objetivo es sencillo y poderoso: que la derrama tur\u00edstica no se quede arriba, sino que baje al mostrador, a la comunidad, al barrio, a la playa, al pueblo m\u00e1gico y al centro hist\u00f3rico.<\/p>\n\n\n\n<p>Con la presidenta, la Dra. Claudia Sheinbaum Pardo y su equipo, hemos venido construyendo una agenda que reconoce a la econom\u00eda real de los territorios. Ese trabajo conjunto tambi\u00e9n ayudar\u00e1 al turismo que vive en los negocios peque\u00f1os, en los hoteles familiares, en los restaurantes locales y en quienes hacen de M\u00e9xico una experiencia inolvidable.<\/p>\n\n\n\n<h3 class=\"wp-block-heading\" id=\"h-leer-mas-ataque-armado-en-culiacan-deja-4-mujeres-sin-vida-cerca-del-mercado-rafael-buelna\"><strong><em>Leer m\u00e1s: <a href=\"https:\/\/grupohoymexico.com\/2026\/04\/28\/ataque-armado-en-culiacan-deja-4-mujeres-sin-vida-cerca-del-mercado-rafael-buelna\/\">Ataque armado en Culiac\u00e1n deja 4 mujeres sin vida cerca del mercado Rafael Buelna<\/a><\/em><\/strong><\/h3>\n\n\n\n<p>Nuestra agenda program\u00e1tica es clara: \u201cM\u00e9xico Muy Mexicano\u201d como plataforma de orgullo e identidad; \u201cViernes Muy Mexicano\u201d para impulsar el consumo local; \u201cLa Gran Escapada, el Buen Fin del turismo\u201d, para promover viajes en temporada estrat\u00e9gica; \u201cUn Mundial Muy Mexicano\u201d para que la Copa del Mundo genere derrama en hoteles, restaurantes, comercios y prestadores de servicios; y el Congreso Mundial de Turismo Deportivo para posicionar a M\u00e9xico ante el mundo.<\/p>\n\n\n\n<p>El gran diferenciador es el trabajo en equipo. Cuando gobierno, estados, municipios, c\u00e1maras, empresarios, due\u00f1as y due\u00f1os de negocio familiar y comunidades caminan juntos, M\u00e9xico no solo compite: M\u00e9xico lidera.<\/p>\n\n\n\n<p>Acapulco inaugur\u00f3 m\u00e1s que un evento: abri\u00f3 una nueva etapa para que cada visitante sea oportunidad, cada destino sea prosperidad y cada viaje sea bienestar compartido.<\/p>\n\n\n\n<p>Porque cuando el turismo abraza sus ra\u00edces, M\u00e9xico no solo recibe al mundo: le muestra su alma, fortalece a sus familias y convierte cada destino en una historia de prosperidad compartida.<\/p>\n\n\n\n<h2 class=\"wp-block-heading\" id=\"h-unete-a-nuestro-canal-de-whatsapp\"><strong><a href=\"https:\/\/whatsapp.com\/channel\/0029Vaylt1XG3R3gm4Nsgp2m\">\u00danete a nuestro canal de WhatsApp<\/a><\/strong><\/h2>\n","protected":false},"excerpt":{"rendered":"Acapulco no es solamente una sede: es memoria, resiliencia y confianza. Que la edici\u00f3n 50 del Tianguis Tur\u00edstico&hellip;","protected":false},"author":61,"featured_media":32124,"comment_status":"open","ping_status":"open","sticky":false,"template":"","format":"standard","meta":{"csco_display_header_overlay":false,"csco_singular_sidebar":"","csco_page_header_type":"","csco_page_load_nextpost":"","csco_post_video_location":[],"csco_post_video_location_hash":"","csco_post_video_url":"","csco_post_video_bg_start_time":0,"csco_post_video_bg_end_time":0,"footnotes":""},"categories":[505,39],"tags":[1606,506,190,515,21,1268,1607,115],"class_list":{"0":"post-35719","1":"post","2":"type-post","3":"status-publish","4":"format-standard","5":"has-post-thumbnail","7":"category-agenda-de-negocios","8":"category-columnas","9":"tag-acapulco","10":"tag-agenda-de-negocios","11":"tag-columna","12":"tag-concanaco-servytur","13":"tag-mexico","14":"tag-sectur","15":"tag-tianguis-turistico","16":"tag-turismo","17":"cs-entry","18":"cs-video-wrap"},"yoast_head":"<!-- This site is optimized with the Yoast SEO Premium plugin v24.7 (Yoast SEO v27.4) - https:\/\/yoast.com\/product\/yoast-seo-premium-wordpress\/ -->\n<title>Acapulco, ra\u00edz y futuro del turismo mexicano - Grupo Hoy Nuevo Leon<\/title>\n<meta name=\"description\" content=\"Acapulco no es solamente una sede: es memoria, resiliencia y confianza. Que la edici\u00f3n 50 del Tianguis Tur\u00edstico vuelva a reunir a M\u00e9xico.\" \/>\n<meta name=\"robots\" content=\"index, follow, max-snippet:-1, max-image-preview:large, max-video-preview:-1\" \/>\n<link rel=\"canonical\" href=\"https:\/\/grupohoymexico.com\/nuevo-leon\/2026\/04\/29\/acapulco-raiz-y-futuro-del-turismo-mexicano\/\" \/>\n<meta property=\"og:locale\" content=\"es_MX\" \/>\n<meta property=\"og:type\" content=\"article\" \/>\n<meta property=\"og:title\" content=\"Acapulco, ra\u00edz y futuro del turismo mexicano\" \/>\n<meta property=\"og:description\" content=\"Acapulco no es solamente una sede: es memoria, resiliencia y confianza. Que la edici\u00f3n 50 del Tianguis Tur\u00edstico vuelva a reunir a M\u00e9xico.\" \/>\n<meta property=\"og:url\" content=\"https:\/\/grupohoymexico.com\/nuevo-leon\/2026\/04\/29\/acapulco-raiz-y-futuro-del-turismo-mexicano\/\" \/>\n<meta property=\"og:site_name\" content=\"Grupo Hoy Nuevo Leon\" \/>\n<meta property=\"article:published_time\" content=\"2026-04-29T15:13:41+00:00\" \/>\n<meta property=\"article:modified_time\" content=\"2026-04-29T15:13:42+00:00\" \/>\n<meta property=\"og:image\" content=\"https:\/\/grupohoymexico.com\/nuevo-leon\/wp-content\/uploads\/sites\/6\/2025\/08\/WhatsApp-Image-2025-08-27-at-1.48.03-PM.jpeg\" \/>\n\t<meta property=\"og:image:width\" content=\"1209\" \/>\n\t<meta property=\"og:image:height\" content=\"624\" \/>\n\t<meta property=\"og:image:type\" content=\"image\/jpeg\" \/>\n<meta name=\"author\" content=\"octavio\" \/>\n<meta name=\"twitter:card\" content=\"summary_large_image\" \/>\n<meta name=\"twitter:label1\" content=\"Escrito por\" \/>\n\t<meta name=\"twitter:data1\" content=\"octavio\" \/>\n\t<meta name=\"twitter:label2\" content=\"Tiempo de lectura\" \/>\n\t<meta name=\"twitter:data2\" content=\"4 minutos\" \/>\n<script type=\"application\/ld+json\" class=\"yoast-schema-graph\">{\"@context\":\"https:\\\/\\\/schema.org\",\"@graph\":[{\"@type\":\"Article\",\"@id\":\"https:\\\/\\\/grupohoymexico.com\\\/nuevo-leon\\\/2026\\\/04\\\/29\\\/acapulco-raiz-y-futuro-del-turismo-mexicano\\\/#article\",\"isPartOf\":{\"@id\":\"https:\\\/\\\/grupohoymexico.com\\\/nuevo-leon\\\/2026\\\/04\\\/29\\\/acapulco-raiz-y-futuro-del-turismo-mexicano\\\/\"},\"author\":{\"name\":\"octavio\",\"@id\":\"https:\\\/\\\/grupohoymexico.com\\\/nuevo-leon\\\/#\\\/schema\\\/person\\\/14a01df52b42e62aeec8c81fbbfc8b4e\"},\"headline\":\"Acapulco, ra\u00edz y futuro del turismo mexicano\",\"datePublished\":\"2026-04-29T15:13:41+00:00\",\"dateModified\":\"2026-04-29T15:13:42+00:00\",\"mainEntityOfPage\":{\"@id\":\"https:\\\/\\\/grupohoymexico.com\\\/nuevo-leon\\\/2026\\\/04\\\/29\\\/acapulco-raiz-y-futuro-del-turismo-mexicano\\\/\"},\"wordCount\":770,\"commentCount\":0,\"image\":{\"@id\":\"https:\\\/\\\/grupohoymexico.com\\\/nuevo-leon\\\/2026\\\/04\\\/29\\\/acapulco-raiz-y-futuro-del-turismo-mexicano\\\/#primaryimage\"},\"thumbnailUrl\":\"https:\\\/\\\/grupohoymexico.com\\\/nuevo-leon\\\/wp-content\\\/uploads\\\/sites\\\/6\\\/2025\\\/08\\\/WhatsApp-Image-2025-08-27-at-1.48.03-PM.jpeg\",\"keywords\":[\"Acapulco\",\"Agenda de Negocios\",\"Columna\",\"Concanaco Servytur\",\"M\u00e9xico\",\"Sectur\",\"Tianguis Tur\u00edstico\",\"Turismo\"],\"articleSection\":[\"Agenda de Negocios\",\"Columnas\"],\"inLanguage\":\"es\",\"potentialAction\":[{\"@type\":\"CommentAction\",\"name\":\"Comment\",\"target\":[\"https:\\\/\\\/grupohoymexico.com\\\/nuevo-leon\\\/2026\\\/04\\\/29\\\/acapulco-raiz-y-futuro-del-turismo-mexicano\\\/#respond\"]}]},{\"@type\":\"WebPage\",\"@id\":\"https:\\\/\\\/grupohoymexico.com\\\/nuevo-leon\\\/2026\\\/04\\\/29\\\/acapulco-raiz-y-futuro-del-turismo-mexicano\\\/\",\"url\":\"https:\\\/\\\/grupohoymexico.com\\\/nuevo-leon\\\/2026\\\/04\\\/29\\\/acapulco-raiz-y-futuro-del-turismo-mexicano\\\/\",\"name\":\"Acapulco, ra\u00edz y futuro del turismo mexicano - Grupo Hoy Nuevo Leon\",\"isPartOf\":{\"@id\":\"https:\\\/\\\/grupohoymexico.com\\\/nuevo-leon\\\/#website\"},\"primaryImageOfPage\":{\"@id\":\"https:\\\/\\\/grupohoymexico.com\\\/nuevo-leon\\\/2026\\\/04\\\/29\\\/acapulco-raiz-y-futuro-del-turismo-mexicano\\\/#primaryimage\"},\"image\":{\"@id\":\"https:\\\/\\\/grupohoymexico.com\\\/nuevo-leon\\\/2026\\\/04\\\/29\\\/acapulco-raiz-y-futuro-del-turismo-mexicano\\\/#primaryimage\"},\"thumbnailUrl\":\"https:\\\/\\\/grupohoymexico.com\\\/nuevo-leon\\\/wp-content\\\/uploads\\\/sites\\\/6\\\/2025\\\/08\\\/WhatsApp-Image-2025-08-27-at-1.48.03-PM.jpeg\",\"datePublished\":\"2026-04-29T15:13:41+00:00\",\"dateModified\":\"2026-04-29T15:13:42+00:00\",\"author\":{\"@id\":\"https:\\\/\\\/grupohoymexico.com\\\/nuevo-leon\\\/#\\\/schema\\\/person\\\/14a01df52b42e62aeec8c81fbbfc8b4e\"},\"description\":\"Acapulco no es solamente una sede: es memoria, resiliencia y confianza. Que la edici\u00f3n 50 del Tianguis Tur\u00edstico vuelva a reunir a M\u00e9xico.\",\"breadcrumb\":{\"@id\":\"https:\\\/\\\/grupohoymexico.com\\\/nuevo-leon\\\/2026\\\/04\\\/29\\\/acapulco-raiz-y-futuro-del-turismo-mexicano\\\/#breadcrumb\"},\"inLanguage\":\"es\",\"potentialAction\":[{\"@type\":\"ReadAction\",\"target\":[\"https:\\\/\\\/grupohoymexico.com\\\/nuevo-leon\\\/2026\\\/04\\\/29\\\/acapulco-raiz-y-futuro-del-turismo-mexicano\\\/\"]}]},{\"@type\":\"ImageObject\",\"inLanguage\":\"es\",\"@id\":\"https:\\\/\\\/grupohoymexico.com\\\/nuevo-leon\\\/2026\\\/04\\\/29\\\/acapulco-raiz-y-futuro-del-turismo-mexicano\\\/#primaryimage\",\"url\":\"https:\\\/\\\/grupohoymexico.com\\\/nuevo-leon\\\/wp-content\\\/uploads\\\/sites\\\/6\\\/2025\\\/08\\\/WhatsApp-Image-2025-08-27-at-1.48.03-PM.jpeg\",\"contentUrl\":\"https:\\\/\\\/grupohoymexico.com\\\/nuevo-leon\\\/wp-content\\\/uploads\\\/sites\\\/6\\\/2025\\\/08\\\/WhatsApp-Image-2025-08-27-at-1.48.03-PM.jpeg\",\"width\":1209,\"height\":624,\"caption\":\"Agenda de Negocios\"},{\"@type\":\"BreadcrumbList\",\"@id\":\"https:\\\/\\\/grupohoymexico.com\\\/nuevo-leon\\\/2026\\\/04\\\/29\\\/acapulco-raiz-y-futuro-del-turismo-mexicano\\\/#breadcrumb\",\"itemListElement\":[{\"@type\":\"ListItem\",\"position\":1,\"name\":\"Inicio\",\"item\":\"https:\\\/\\\/grupohoymexico.com\\\/nuevo-leon\\\/\"},{\"@type\":\"ListItem\",\"position\":2,\"name\":\"Acapulco, ra\u00edz y futuro del turismo mexicano\"}]},{\"@type\":\"WebSite\",\"@id\":\"https:\\\/\\\/grupohoymexico.com\\\/nuevo-leon\\\/#website\",\"url\":\"https:\\\/\\\/grupohoymexico.com\\\/nuevo-leon\\\/\",\"name\":\"Grupo Hoy Nuevo Leon\",\"description\":\"Sitio l\u00edder de noticias en M\u00e9xico\",\"potentialAction\":[{\"@type\":\"SearchAction\",\"target\":{\"@type\":\"EntryPoint\",\"urlTemplate\":\"https:\\\/\\\/grupohoymexico.com\\\/nuevo-leon\\\/?s={search_term_string}\"},\"query-input\":{\"@type\":\"PropertyValueSpecification\",\"valueRequired\":true,\"valueName\":\"search_term_string\"}}],\"inLanguage\":\"es\"},{\"@type\":\"Person\",\"@id\":\"https:\\\/\\\/grupohoymexico.com\\\/nuevo-leon\\\/#\\\/schema\\\/person\\\/14a01df52b42e62aeec8c81fbbfc8b4e\",\"name\":\"octavio\",\"image\":{\"@type\":\"ImageObject\",\"inLanguage\":\"es\",\"@id\":\"https:\\\/\\\/secure.gravatar.com\\\/avatar\\\/fe3de1542073ebfbea87f91d143c69278986974f88f1f951ef4b6079f25ab4e5?s=96&d=mm&r=g\",\"url\":\"https:\\\/\\\/secure.gravatar.com\\\/avatar\\\/fe3de1542073ebfbea87f91d143c69278986974f88f1f951ef4b6079f25ab4e5?s=96&d=mm&r=g\",\"contentUrl\":\"https:\\\/\\\/secure.gravatar.com\\\/avatar\\\/fe3de1542073ebfbea87f91d143c69278986974f88f1f951ef4b6079f25ab4e5?s=96&d=mm&r=g\",\"caption\":\"octavio\"},\"url\":\"https:\\\/\\\/grupohoymexico.com\\\/nuevo-leon\\\/author\\\/octavio\\\/\"}]}<\/script>\n<!-- \/ Yoast SEO Premium plugin. -->","yoast_head_json":{"title":"Acapulco, ra\u00edz y futuro del turismo mexicano - Grupo Hoy Nuevo Leon","description":"Acapulco no es solamente una sede: es memoria, resiliencia y confianza. Que la edici\u00f3n 50 del Tianguis Tur\u00edstico vuelva a reunir a M\u00e9xico.","robots":{"index":"index","follow":"follow","max-snippet":"max-snippet:-1","max-image-preview":"max-image-preview:large","max-video-preview":"max-video-preview:-1"},"canonical":"https:\/\/grupohoymexico.com\/nuevo-leon\/2026\/04\/29\/acapulco-raiz-y-futuro-del-turismo-mexicano\/","og_locale":"es_MX","og_type":"article","og_title":"Acapulco, ra\u00edz y futuro del turismo mexicano","og_description":"Acapulco no es solamente una sede: es memoria, resiliencia y confianza. Que la edici\u00f3n 50 del Tianguis Tur\u00edstico vuelva a reunir a M\u00e9xico.","og_url":"https:\/\/grupohoymexico.com\/nuevo-leon\/2026\/04\/29\/acapulco-raiz-y-futuro-del-turismo-mexicano\/","og_site_name":"Grupo Hoy Nuevo Leon","article_published_time":"2026-04-29T15:13:41+00:00","article_modified_time":"2026-04-29T15:13:42+00:00","og_image":[{"width":1209,"height":624,"url":"https:\/\/grupohoymexico.com\/nuevo-leon\/wp-content\/uploads\/sites\/6\/2025\/08\/WhatsApp-Image-2025-08-27-at-1.48.03-PM.jpeg","type":"image\/jpeg"}],"author":"octavio","twitter_card":"summary_large_image","twitter_misc":{"Escrito por":"octavio","Tiempo de lectura":"4 minutos"},"schema":{"@context":"https:\/\/schema.org","@graph":[{"@type":"Article","@id":"https:\/\/grupohoymexico.com\/nuevo-leon\/2026\/04\/29\/acapulco-raiz-y-futuro-del-turismo-mexicano\/#article","isPartOf":{"@id":"https:\/\/grupohoymexico.com\/nuevo-leon\/2026\/04\/29\/acapulco-raiz-y-futuro-del-turismo-mexicano\/"},"author":{"name":"octavio","@id":"https:\/\/grupohoymexico.com\/nuevo-leon\/#\/schema\/person\/14a01df52b42e62aeec8c81fbbfc8b4e"},"headline":"Acapulco, ra\u00edz y futuro del turismo mexicano","datePublished":"2026-04-29T15:13:41+00:00","dateModified":"2026-04-29T15:13:42+00:00","mainEntityOfPage":{"@id":"https:\/\/grupohoymexico.com\/nuevo-leon\/2026\/04\/29\/acapulco-raiz-y-futuro-del-turismo-mexicano\/"},"wordCount":770,"commentCount":0,"image":{"@id":"https:\/\/grupohoymexico.com\/nuevo-leon\/2026\/04\/29\/acapulco-raiz-y-futuro-del-turismo-mexicano\/#primaryimage"},"thumbnailUrl":"https:\/\/grupohoymexico.com\/nuevo-leon\/wp-content\/uploads\/sites\/6\/2025\/08\/WhatsApp-Image-2025-08-27-at-1.48.03-PM.jpeg","keywords":["Acapulco","Agenda de Negocios","Columna","Concanaco Servytur","M\u00e9xico","Sectur","Tianguis Tur\u00edstico","Turismo"],"articleSection":["Agenda de Negocios","Columnas"],"inLanguage":"es","potentialAction":[{"@type":"CommentAction","name":"Comment","target":["https:\/\/grupohoymexico.com\/nuevo-leon\/2026\/04\/29\/acapulco-raiz-y-futuro-del-turismo-mexicano\/#respond"]}]},{"@type":"WebPage","@id":"https:\/\/grupohoymexico.com\/nuevo-leon\/2026\/04\/29\/acapulco-raiz-y-futuro-del-turismo-mexicano\/","url":"https:\/\/grupohoymexico.com\/nuevo-leon\/2026\/04\/29\/acapulco-raiz-y-futuro-del-turismo-mexicano\/","name":"Acapulco, ra\u00edz y futuro del turismo mexicano - Grupo Hoy Nuevo Leon","isPartOf":{"@id":"https:\/\/grupohoymexico.com\/nuevo-leon\/#website"},"primaryImageOfPage":{"@id":"https:\/\/grupohoymexico.com\/nuevo-leon\/2026\/04\/29\/acapulco-raiz-y-futuro-del-turismo-mexicano\/#primaryimage"},"image":{"@id":"https:\/\/grupohoymexico.com\/nuevo-leon\/2026\/04\/29\/acapulco-raiz-y-futuro-del-turismo-mexicano\/#primaryimage"},"thumbnailUrl":"https:\/\/grupohoymexico.com\/nuevo-leon\/wp-content\/uploads\/sites\/6\/2025\/08\/WhatsApp-Image-2025-08-27-at-1.48.03-PM.jpeg","datePublished":"2026-04-29T15:13:41+00:00","dateModified":"2026-04-29T15:13:42+00:00","author":{"@id":"https:\/\/grupohoymexico.com\/nuevo-leon\/#\/schema\/person\/14a01df52b42e62aeec8c81fbbfc8b4e"},"description":"Acapulco no es solamente una sede: es memoria, resiliencia y confianza. Que la edici\u00f3n 50 del Tianguis Tur\u00edstico vuelva a reunir a M\u00e9xico.","breadcrumb":{"@id":"https:\/\/grupohoymexico.com\/nuevo-leon\/2026\/04\/29\/acapulco-raiz-y-futuro-del-turismo-mexicano\/#breadcrumb"},"inLanguage":"es","potentialAction":[{"@type":"ReadAction","target":["https:\/\/grupohoymexico.com\/nuevo-leon\/2026\/04\/29\/acapulco-raiz-y-futuro-del-turismo-mexicano\/"]}]},{"@type":"ImageObject","inLanguage":"es","@id":"https:\/\/grupohoymexico.com\/nuevo-leon\/2026\/04\/29\/acapulco-raiz-y-futuro-del-turismo-mexicano\/#primaryimage","url":"https:\/\/grupohoymexico.com\/nuevo-leon\/wp-content\/uploads\/sites\/6\/2025\/08\/WhatsApp-Image-2025-08-27-at-1.48.03-PM.jpeg","contentUrl":"https:\/\/grupohoymexico.com\/nuevo-leon\/wp-content\/uploads\/sites\/6\/2025\/08\/WhatsApp-Image-2025-08-27-at-1.48.03-PM.jpeg","width":1209,"height":624,"caption":"Agenda de Negocios"},{"@type":"BreadcrumbList","@id":"https:\/\/grupohoymexico.com\/nuevo-leon\/2026\/04\/29\/acapulco-raiz-y-futuro-del-turismo-mexicano\/#breadcrumb","itemListElement":[{"@type":"ListItem","position":1,"name":"Inicio","item":"https:\/\/grupohoymexico.com\/nuevo-leon\/"},{"@type":"ListItem","position":2,"name":"Acapulco, ra\u00edz y futuro del turismo mexicano"}]},{"@type":"WebSite","@id":"https:\/\/grupohoymexico.com\/nuevo-leon\/#website","url":"https:\/\/grupohoymexico.com\/nuevo-leon\/","name":"Grupo Hoy Nuevo Leon","description":"Sitio l\u00edder de noticias en M\u00e9xico","potentialAction":[{"@type":"SearchAction","target":{"@type":"EntryPoint","urlTemplate":"https:\/\/grupohoymexico.com\/nuevo-leon\/?s={search_term_string}"},"query-input":{"@type":"PropertyValueSpecification","valueRequired":true,"valueName":"search_term_string"}}],"inLanguage":"es"},{"@type":"Person","@id":"https:\/\/grupohoymexico.com\/nuevo-leon\/#\/schema\/person\/14a01df52b42e62aeec8c81fbbfc8b4e","name":"octavio","image":{"@type":"ImageObject","inLanguage":"es","@id":"https:\/\/secure.gravatar.com\/avatar\/fe3de1542073ebfbea87f91d143c69278986974f88f1f951ef4b6079f25ab4e5?s=96&d=mm&r=g","url":"https:\/\/secure.gravatar.com\/avatar\/fe3de1542073ebfbea87f91d143c69278986974f88f1f951ef4b6079f25ab4e5?s=96&d=mm&r=g","contentUrl":"https:\/\/secure.gravatar.com\/avatar\/fe3de1542073ebfbea87f91d143c69278986974f88f1f951ef4b6079f25ab4e5?s=96&d=mm&r=g","caption":"octavio"},"url":"https:\/\/grupohoymexico.com\/nuevo-leon\/author\/octavio\/"}]}},"_links":{"self":[{"href":"https:\/\/grupohoymexico.com\/nuevo-leon\/wp-json\/wp\/v2\/posts\/35719","targetHints":{"allow":["GET"]}}],"collection":[{"href":"https:\/\/grupohoymexico.com\/nuevo-leon\/wp-json\/wp\/v2\/posts"}],"about":[{"href":"https:\/\/grupohoymexico.com\/nuevo-leon\/wp-json\/wp\/v2\/types\/post"}],"author":[{"embeddable":true,"href":"https:\/\/grupohoymexico.com\/nuevo-leon\/wp-json\/wp\/v2\/users\/61"}],"replies":[{"embeddable":true,"href":"https:\/\/grupohoymexico.com\/nuevo-leon\/wp-json\/wp\/v2\/comments?post=35719"}],"version-history":[{"count":0,"href":"https:\/\/grupohoymexico.com\/nuevo-leon\/wp-json\/wp\/v2\/posts\/35719\/revisions"}],"wp:featuredmedia":[{"embeddable":true,"href":"https:\/\/grupohoymexico.com\/nuevo-leon\/wp-json\/wp\/v2\/media\/32124"}],"wp:attachment":[{"href":"https:\/\/grupohoymexico.com\/nuevo-leon\/wp-json\/wp\/v2\/media?parent=35719"}],"wp:term":[{"taxonomy":"category","embeddable":true,"href":"https:\/\/grupohoymexico.com\/nuevo-leon\/wp-json\/wp\/v2\/categories?post=35719"},{"taxonomy":"post_tag","embeddable":true,"href":"https:\/\/grupohoymexico.com\/nuevo-leon\/wp-json\/wp\/v2\/tags?post=35719"}],"curies":[{"name":"wp","href":"https:\/\/api.w.org\/{rel}","templated":true}]}}