{"id":35057,"date":"2026-03-17T15:45:42","date_gmt":"2026-03-17T21:45:42","guid":{"rendered":"https:\/\/grupohoymexico.com\/nuevo-leon\/2026\/03\/17\/mexico-y-estados-unidos-inician-primera-ronda-de-t-mec-revision-bilateral\/"},"modified":"2026-03-17T15:45:43","modified_gmt":"2026-03-17T21:45:43","slug":"mexico-y-estados-unidos-inician-primera-ronda-de-t-mec-revision-bilateral","status":"publish","type":"post","link":"https:\/\/grupohoymexico.com\/nuevo-leon\/2026\/03\/17\/mexico-y-estados-unidos-inician-primera-ronda-de-t-mec-revision-bilateral\/","title":{"rendered":"M\u00e9xico y Estados Unidos inician primera ronda de T-MEC revisi\u00f3n bilateral"},"content":{"rendered":"<p><strong>M\u00e9xico<\/strong> y <strong>Estados Unidos<\/strong> comenzaron el <strong>16 de marzo<\/strong> la primera ronda de negociaciones para la revisi\u00f3n del Tratado entre M\u00e9xico, Estados Unidos y Canad\u00e1 (T-MEC). Representantes de ambos gobiernos sostuvieron una serie de encuentros bilaterales enfocados en analizar diversos cap\u00edtulos del acuerdo comercial vigente desde 2020. Estas reuniones se llevaron a cabo en un contexto de compromiso por mantener la continuidad del marco comercial que rige la relaci\u00f3n bilateral y trilateral en Am\u00e9rica del Norte.<\/p>\n\n\n        <div class=\"mexicohoy-box redes\">\n\n            <p>Sigue nuestras cuentas oficiales para mantenerte informado.<\/p>\n\n            <div class=\"mexicohoy-links\">\n\n                <a href=\"https:\/\/www.facebook.com\/MexicoHoyOficial\/\" target=\"_blank\" rel=\"noopener noreferrer\">Facebook<\/a>\n\n                <a href=\"https:\/\/www.instagram.com\/mexicohoyoficial\/\" target=\"_blank\" rel=\"noopener noreferrer\">Instagram<\/a>\n\n     \n            <\/div>\n\n        <\/div>\n<h2>M\u00e9xico y Estados Unidos inician primera ronda de T-MEC revisi\u00f3n bilateral<\/h2>\n<p>El secretario de Relaciones Exteriores de M\u00e9xico inform\u00f3 que la agenda de trabajo incluy\u00f3 temas relativos a comercio de bienes y servicios, derechos laborales, temas ambientales y propiedad intelectual, entre otros aspectos fundamentales del tratado. La revisi\u00f3n se realiza conforme a los t\u00e9rminos pactados en el propio T-MEC, que establece evaluaciones peri\u00f3dicas para garantizar la actualizaci\u00f3n y adaptaci\u00f3n del acuerdo a las condiciones econ\u00f3micas y sociales actuales.<\/p>\n<p>Esta primera ronda se efectu\u00f3 sin la participaci\u00f3n directa de Canad\u00e1, lo que implica negociaciones bilaterales iniciales enfocadas en aspectos espec\u00edficos que M\u00e9xico y Estados Unidos identificaron como prioritarios. Paralelamente, ambos pa\u00edses acordaron un plan de trabajo conjunto para coordinar futuras conversaciones que integren a Canad\u00e1, en correspondencia con la trilateralidad original del tratado. La decisi\u00f3n de iniciar el proceso sin el tercer socio se relaciona con la voluntad de avanzar de forma \u00e1gil en ciertos puntos bajo competencia compartida entre las dos naciones.<\/p>\n<h2>Calendario y contexto del proceso de revisi\u00f3n bilateral<\/h2>\n<p>Las autoridades mexicanas han establecido un calendario de reuniones regulares, a realizarse en fechas posteriores durante el presente a\u00f1o, con la intenci\u00f3n de cubrir el amplio espectro del tratado. Esta din\u00e1mica busca cumplir con los mecanismos de revisi\u00f3n previstos en el marco legal del T-MEC, que contempla revisiones sustantivas cada seis a\u00f1os y evaluaciones intermedias en intervalos m\u00e1s cortos para atender cuestiones emergentes.<\/p>\n<p>El T-MEC reemplaz\u00f3 en 2020 al Tratado de Libre Comercio de Am\u00e9rica del Norte (TLCAN), con la intenci\u00f3n de modernizar y fortalecer la integraci\u00f3n econ\u00f3mica y comercial entre los tres pa\u00edses. Desde su entrada en vigor, ha regulado flujos comerciales que superan los billones de d\u00f3lares anuales y ha impactado sectores clave como la industria automotriz, agroalimentaria y tecnol\u00f3gica. La revisi\u00f3n iniciada busca responder a nuevas din\u00e1micas en cadenas de suministro y aspectos normativos derivados de cambios globales recientes.<\/p>\n<h2>Avances t\u00e9cnicos y desaf\u00edos de la T-MEC revisi\u00f3n bilateral<\/h2>\n<p>Las negociaciones bilaterales dieron seguimiento a compromisos establecidos durante encuentros previos entre las autoridades comerciales mexicanas y estadounidenses. En dichas reuniones se definieron las bases para un trabajo t\u00e9cnico conjunto que permitir\u00eda avanzar en la actualizaci\u00f3n de las disposiciones del tratado. Asimismo, se incluyeron mesas de di\u00e1logo sobre cumplimiento de normas laborales y medioambientales, cuyas disposiciones son materia fundamental del T-MEC para garantizar condiciones equitativas y responsables en la regi\u00f3n.<\/p>\n<p>El proceso enfrenta un escenario internacional caracterizado por ajustes en pol\u00edticas comerciales y cap\u00edtulos regulatorios en otros tratados multilaterales y bilaterales. La revisi\u00f3n peri\u00f3dica del T-MEC se inserta en esta din\u00e1mica, buscando consolidar reglas claras y funcionales para las partes. M\u00e9xico y Estados Unidos mantienen la intenci\u00f3n de cumplir con los procedimientos y plazos contemplados en el tratado, con la vigilancia de los mecanismos institucionales encargados de la supervisi\u00f3n y acuerdos comerciales.<\/p>\n<p>Esta primera etapa del di\u00e1logo bilateral representa el inicio formal de un proceso de revisi\u00f3n en el que participar\u00e1n diversos sectores gubernamentales responsables de comercio exterior, econom\u00eda, trabajo y medio ambiente. La culminaci\u00f3n de este ciclo de negociaciones ser\u00e1 determinante para la continuidad del marco jur\u00eddico que regula uno de los bloques econ\u00f3micos m\u00e1s importantes del continente americano.<\/p>\n\n","protected":false},"excerpt":{"rendered":"M\u00e9xico y Estados Unidos comenzaron el 16 de marzo la primera ronda de negociaciones para la revisi\u00f3n del&hellip;","protected":false},"author":34,"featured_media":35058,"comment_status":"open","ping_status":"open","sticky":false,"template":"","format":"standard","meta":{"csco_display_header_overlay":false,"csco_singular_sidebar":"","csco_page_header_type":"","csco_page_load_nextpost":"","csco_post_video_location":[],"csco_post_video_location_hash":"","csco_post_video_url":"","csco_post_video_bg_start_time":0,"csco_post_video_bg_end_time":0,"footnotes":""},"categories":[55],"tags":[33,21,1320,1321],"class_list":{"0":"post-35057","1":"post","2":"type-post","3":"status-publish","4":"format-standard","5":"has-post-thumbnail","7":"category-politica","8":"tag-estados-unidos","9":"tag-mexico","10":"tag-t-mec","11":"tag-tratado-de-libre-comercio","12":"cs-entry","13":"cs-video-wrap"},"yoast_head":"<!-- This site is optimized with the Yoast SEO Premium plugin v24.7 (Yoast SEO v27.4) - https:\/\/yoast.com\/product\/yoast-seo-premium-wordpress\/ -->\n<title>M\u00e9xico y EU inician primera ronda de revisi\u00f3n bilateral del T-MEC<\/title>\n<meta name=\"description\" content=\"M\u00e9xico y Estados Unidos iniciaron la primera ronda de la revisi\u00f3n bilateral del T-MEC para analizar cap\u00edtulos del acuerdo vigente desde 2020.\" \/>\n<meta name=\"robots\" content=\"index, follow, max-snippet:-1, max-image-preview:large, max-video-preview:-1\" \/>\n<link rel=\"canonical\" href=\"https:\/\/grupohoymexico.com\/nuevo-leon\/2026\/03\/17\/mexico-y-estados-unidos-inician-primera-ronda-de-t-mec-revision-bilateral\/\" \/>\n<meta property=\"og:locale\" content=\"es_MX\" \/>\n<meta property=\"og:type\" content=\"article\" \/>\n<meta property=\"og:title\" content=\"M\u00e9xico y Estados Unidos inician primera ronda de T-MEC revisi\u00f3n bilateral\" \/>\n<meta property=\"og:description\" content=\"M\u00e9xico y Estados Unidos iniciaron la primera ronda de la revisi\u00f3n bilateral del T-MEC para analizar cap\u00edtulos del acuerdo vigente desde 2020.\" \/>\n<meta property=\"og:url\" content=\"https:\/\/grupohoymexico.com\/nuevo-leon\/2026\/03\/17\/mexico-y-estados-unidos-inician-primera-ronda-de-t-mec-revision-bilateral\/\" \/>\n<meta property=\"og:site_name\" content=\"Grupo Hoy Nuevo Leon\" \/>\n<meta property=\"article:published_time\" content=\"2026-03-17T21:45:42+00:00\" \/>\n<meta property=\"article:modified_time\" content=\"2026-03-17T21:45:43+00:00\" \/>\n<meta property=\"og:image\" content=\"https:\/\/grupohoymexico.com\/nuevo-leon\/wp-content\/uploads\/sites\/6\/2026\/03\/revision_del_t-mec_tratado_mexico_eeuu_canada.jpg\" \/>\n\t<meta property=\"og:image:width\" content=\"1280\" \/>\n\t<meta property=\"og:image:height\" content=\"853\" \/>\n\t<meta property=\"og:image:type\" content=\"image\/jpeg\" \/>\n<meta name=\"author\" content=\"Redacci\u00f3n Grupo Hoy\" \/>\n<meta name=\"twitter:card\" content=\"summary_large_image\" \/>\n<meta name=\"twitter:label1\" content=\"Escrito por\" \/>\n\t<meta name=\"twitter:data1\" content=\"Redacci\u00f3n Grupo Hoy\" \/>\n\t<meta name=\"twitter:label2\" content=\"Tiempo de lectura\" \/>\n\t<meta name=\"twitter:data2\" content=\"3 minutos\" \/>\n<script type=\"application\/ld+json\" class=\"yoast-schema-graph\">{\"@context\":\"https:\\\/\\\/schema.org\",\"@graph\":[{\"@type\":\"Article\",\"@id\":\"https:\\\/\\\/grupohoymexico.com\\\/nuevo-leon\\\/2026\\\/03\\\/17\\\/mexico-y-estados-unidos-inician-primera-ronda-de-t-mec-revision-bilateral\\\/#article\",\"isPartOf\":{\"@id\":\"https:\\\/\\\/grupohoymexico.com\\\/nuevo-leon\\\/2026\\\/03\\\/17\\\/mexico-y-estados-unidos-inician-primera-ronda-de-t-mec-revision-bilateral\\\/\"},\"author\":{\"name\":\"Redacci\u00f3n Grupo Hoy\",\"@id\":\"https:\\\/\\\/grupohoymexico.com\\\/nuevo-leon\\\/#\\\/schema\\\/person\\\/bc870cc34e948548ddb62cf78ef8474b\"},\"headline\":\"M\u00e9xico y Estados Unidos inician primera ronda de T-MEC revisi\u00f3n bilateral\",\"datePublished\":\"2026-03-17T21:45:42+00:00\",\"dateModified\":\"2026-03-17T21:45:43+00:00\",\"mainEntityOfPage\":{\"@id\":\"https:\\\/\\\/grupohoymexico.com\\\/nuevo-leon\\\/2026\\\/03\\\/17\\\/mexico-y-estados-unidos-inician-primera-ronda-de-t-mec-revision-bilateral\\\/\"},\"wordCount\":671,\"commentCount\":0,\"image\":{\"@id\":\"https:\\\/\\\/grupohoymexico.com\\\/nuevo-leon\\\/2026\\\/03\\\/17\\\/mexico-y-estados-unidos-inician-primera-ronda-de-t-mec-revision-bilateral\\\/#primaryimage\"},\"thumbnailUrl\":\"https:\\\/\\\/grupohoymexico.com\\\/nuevo-leon\\\/wp-content\\\/uploads\\\/sites\\\/6\\\/2026\\\/03\\\/revision_del_t-mec_tratado_mexico_eeuu_canada.jpg\",\"keywords\":[\"Estados Unidos\",\"M\u00e9xico\",\"T-MEC\",\"Tratado de libre comercio\"],\"articleSection\":[\"Pol\u00edtica\"],\"inLanguage\":\"es\",\"potentialAction\":[{\"@type\":\"CommentAction\",\"name\":\"Comment\",\"target\":[\"https:\\\/\\\/grupohoymexico.com\\\/nuevo-leon\\\/2026\\\/03\\\/17\\\/mexico-y-estados-unidos-inician-primera-ronda-de-t-mec-revision-bilateral\\\/#respond\"]}]},{\"@type\":\"WebPage\",\"@id\":\"https:\\\/\\\/grupohoymexico.com\\\/nuevo-leon\\\/2026\\\/03\\\/17\\\/mexico-y-estados-unidos-inician-primera-ronda-de-t-mec-revision-bilateral\\\/\",\"url\":\"https:\\\/\\\/grupohoymexico.com\\\/nuevo-leon\\\/2026\\\/03\\\/17\\\/mexico-y-estados-unidos-inician-primera-ronda-de-t-mec-revision-bilateral\\\/\",\"name\":\"M\u00e9xico y EU inician primera ronda de revisi\u00f3n bilateral del T-MEC\",\"isPartOf\":{\"@id\":\"https:\\\/\\\/grupohoymexico.com\\\/nuevo-leon\\\/#website\"},\"primaryImageOfPage\":{\"@id\":\"https:\\\/\\\/grupohoymexico.com\\\/nuevo-leon\\\/2026\\\/03\\\/17\\\/mexico-y-estados-unidos-inician-primera-ronda-de-t-mec-revision-bilateral\\\/#primaryimage\"},\"image\":{\"@id\":\"https:\\\/\\\/grupohoymexico.com\\\/nuevo-leon\\\/2026\\\/03\\\/17\\\/mexico-y-estados-unidos-inician-primera-ronda-de-t-mec-revision-bilateral\\\/#primaryimage\"},\"thumbnailUrl\":\"https:\\\/\\\/grupohoymexico.com\\\/nuevo-leon\\\/wp-content\\\/uploads\\\/sites\\\/6\\\/2026\\\/03\\\/revision_del_t-mec_tratado_mexico_eeuu_canada.jpg\",\"datePublished\":\"2026-03-17T21:45:42+00:00\",\"dateModified\":\"2026-03-17T21:45:43+00:00\",\"author\":{\"@id\":\"https:\\\/\\\/grupohoymexico.com\\\/nuevo-leon\\\/#\\\/schema\\\/person\\\/bc870cc34e948548ddb62cf78ef8474b\"},\"description\":\"M\u00e9xico y Estados Unidos iniciaron la primera ronda de la revisi\u00f3n bilateral del T-MEC para analizar cap\u00edtulos del acuerdo vigente desde 2020.\",\"breadcrumb\":{\"@id\":\"https:\\\/\\\/grupohoymexico.com\\\/nuevo-leon\\\/2026\\\/03\\\/17\\\/mexico-y-estados-unidos-inician-primera-ronda-de-t-mec-revision-bilateral\\\/#breadcrumb\"},\"inLanguage\":\"es\",\"potentialAction\":[{\"@type\":\"ReadAction\",\"target\":[\"https:\\\/\\\/grupohoymexico.com\\\/nuevo-leon\\\/2026\\\/03\\\/17\\\/mexico-y-estados-unidos-inician-primera-ronda-de-t-mec-revision-bilateral\\\/\"]}]},{\"@type\":\"ImageObject\",\"inLanguage\":\"es\",\"@id\":\"https:\\\/\\\/grupohoymexico.com\\\/nuevo-leon\\\/2026\\\/03\\\/17\\\/mexico-y-estados-unidos-inician-primera-ronda-de-t-mec-revision-bilateral\\\/#primaryimage\",\"url\":\"https:\\\/\\\/grupohoymexico.com\\\/nuevo-leon\\\/wp-content\\\/uploads\\\/sites\\\/6\\\/2026\\\/03\\\/revision_del_t-mec_tratado_mexico_eeuu_canada.jpg\",\"contentUrl\":\"https:\\\/\\\/grupohoymexico.com\\\/nuevo-leon\\\/wp-content\\\/uploads\\\/sites\\\/6\\\/2026\\\/03\\\/revision_del_t-mec_tratado_mexico_eeuu_canada.jpg\",\"width\":1280,\"height\":853,\"caption\":\"Foto: Freepik\"},{\"@type\":\"BreadcrumbList\",\"@id\":\"https:\\\/\\\/grupohoymexico.com\\\/nuevo-leon\\\/2026\\\/03\\\/17\\\/mexico-y-estados-unidos-inician-primera-ronda-de-t-mec-revision-bilateral\\\/#breadcrumb\",\"itemListElement\":[{\"@type\":\"ListItem\",\"position\":1,\"name\":\"Inicio\",\"item\":\"https:\\\/\\\/grupohoymexico.com\\\/nuevo-leon\\\/\"},{\"@type\":\"ListItem\",\"position\":2,\"name\":\"M\u00e9xico y Estados Unidos inician primera ronda de T-MEC revisi\u00f3n bilateral\"}]},{\"@type\":\"WebSite\",\"@id\":\"https:\\\/\\\/grupohoymexico.com\\\/nuevo-leon\\\/#website\",\"url\":\"https:\\\/\\\/grupohoymexico.com\\\/nuevo-leon\\\/\",\"name\":\"Grupo Hoy Nuevo Leon\",\"description\":\"Sitio l\u00edder de noticias en M\u00e9xico\",\"potentialAction\":[{\"@type\":\"SearchAction\",\"target\":{\"@type\":\"EntryPoint\",\"urlTemplate\":\"https:\\\/\\\/grupohoymexico.com\\\/nuevo-leon\\\/?s={search_term_string}\"},\"query-input\":{\"@type\":\"PropertyValueSpecification\",\"valueRequired\":true,\"valueName\":\"search_term_string\"}}],\"inLanguage\":\"es\"},{\"@type\":\"Person\",\"@id\":\"https:\\\/\\\/grupohoymexico.com\\\/nuevo-leon\\\/#\\\/schema\\\/person\\\/bc870cc34e948548ddb62cf78ef8474b\",\"name\":\"Redacci\u00f3n Grupo Hoy\",\"image\":{\"@type\":\"ImageObject\",\"inLanguage\":\"es\",\"@id\":\"https:\\\/\\\/secure.gravatar.com\\\/avatar\\\/e8a44ae8f1b7592837f8c496178e70e065758a27945df208805f8cf6fdd56893?s=96&d=mm&r=g\",\"url\":\"https:\\\/\\\/secure.gravatar.com\\\/avatar\\\/e8a44ae8f1b7592837f8c496178e70e065758a27945df208805f8cf6fdd56893?s=96&d=mm&r=g\",\"contentUrl\":\"https:\\\/\\\/secure.gravatar.com\\\/avatar\\\/e8a44ae8f1b7592837f8c496178e70e065758a27945df208805f8cf6fdd56893?s=96&d=mm&r=g\",\"caption\":\"Redacci\u00f3n Grupo Hoy\"},\"url\":\"https:\\\/\\\/grupohoymexico.com\\\/nuevo-leon\\\/author\\\/redaccion\\\/\"}]}<\/script>\n<!-- \/ Yoast SEO Premium plugin. -->","yoast_head_json":{"title":"M\u00e9xico y EU inician primera ronda de revisi\u00f3n bilateral del T-MEC","description":"M\u00e9xico y Estados Unidos iniciaron la primera ronda de la revisi\u00f3n bilateral del T-MEC para analizar cap\u00edtulos del acuerdo vigente desde 2020.","robots":{"index":"index","follow":"follow","max-snippet":"max-snippet:-1","max-image-preview":"max-image-preview:large","max-video-preview":"max-video-preview:-1"},"canonical":"https:\/\/grupohoymexico.com\/nuevo-leon\/2026\/03\/17\/mexico-y-estados-unidos-inician-primera-ronda-de-t-mec-revision-bilateral\/","og_locale":"es_MX","og_type":"article","og_title":"M\u00e9xico y Estados Unidos inician primera ronda de T-MEC revisi\u00f3n bilateral","og_description":"M\u00e9xico y Estados Unidos iniciaron la primera ronda de la revisi\u00f3n bilateral del T-MEC para analizar cap\u00edtulos del acuerdo vigente desde 2020.","og_url":"https:\/\/grupohoymexico.com\/nuevo-leon\/2026\/03\/17\/mexico-y-estados-unidos-inician-primera-ronda-de-t-mec-revision-bilateral\/","og_site_name":"Grupo Hoy Nuevo Leon","article_published_time":"2026-03-17T21:45:42+00:00","article_modified_time":"2026-03-17T21:45:43+00:00","og_image":[{"width":1280,"height":853,"url":"https:\/\/grupohoymexico.com\/nuevo-leon\/wp-content\/uploads\/sites\/6\/2026\/03\/revision_del_t-mec_tratado_mexico_eeuu_canada.jpg","type":"image\/jpeg"}],"author":"Redacci\u00f3n Grupo Hoy","twitter_card":"summary_large_image","twitter_misc":{"Escrito por":"Redacci\u00f3n Grupo Hoy","Tiempo de lectura":"3 minutos"},"schema":{"@context":"https:\/\/schema.org","@graph":[{"@type":"Article","@id":"https:\/\/grupohoymexico.com\/nuevo-leon\/2026\/03\/17\/mexico-y-estados-unidos-inician-primera-ronda-de-t-mec-revision-bilateral\/#article","isPartOf":{"@id":"https:\/\/grupohoymexico.com\/nuevo-leon\/2026\/03\/17\/mexico-y-estados-unidos-inician-primera-ronda-de-t-mec-revision-bilateral\/"},"author":{"name":"Redacci\u00f3n Grupo Hoy","@id":"https:\/\/grupohoymexico.com\/nuevo-leon\/#\/schema\/person\/bc870cc34e948548ddb62cf78ef8474b"},"headline":"M\u00e9xico y Estados Unidos inician primera ronda de T-MEC revisi\u00f3n bilateral","datePublished":"2026-03-17T21:45:42+00:00","dateModified":"2026-03-17T21:45:43+00:00","mainEntityOfPage":{"@id":"https:\/\/grupohoymexico.com\/nuevo-leon\/2026\/03\/17\/mexico-y-estados-unidos-inician-primera-ronda-de-t-mec-revision-bilateral\/"},"wordCount":671,"commentCount":0,"image":{"@id":"https:\/\/grupohoymexico.com\/nuevo-leon\/2026\/03\/17\/mexico-y-estados-unidos-inician-primera-ronda-de-t-mec-revision-bilateral\/#primaryimage"},"thumbnailUrl":"https:\/\/grupohoymexico.com\/nuevo-leon\/wp-content\/uploads\/sites\/6\/2026\/03\/revision_del_t-mec_tratado_mexico_eeuu_canada.jpg","keywords":["Estados Unidos","M\u00e9xico","T-MEC","Tratado de libre comercio"],"articleSection":["Pol\u00edtica"],"inLanguage":"es","potentialAction":[{"@type":"CommentAction","name":"Comment","target":["https:\/\/grupohoymexico.com\/nuevo-leon\/2026\/03\/17\/mexico-y-estados-unidos-inician-primera-ronda-de-t-mec-revision-bilateral\/#respond"]}]},{"@type":"WebPage","@id":"https:\/\/grupohoymexico.com\/nuevo-leon\/2026\/03\/17\/mexico-y-estados-unidos-inician-primera-ronda-de-t-mec-revision-bilateral\/","url":"https:\/\/grupohoymexico.com\/nuevo-leon\/2026\/03\/17\/mexico-y-estados-unidos-inician-primera-ronda-de-t-mec-revision-bilateral\/","name":"M\u00e9xico y EU inician primera ronda de revisi\u00f3n bilateral del T-MEC","isPartOf":{"@id":"https:\/\/grupohoymexico.com\/nuevo-leon\/#website"},"primaryImageOfPage":{"@id":"https:\/\/grupohoymexico.com\/nuevo-leon\/2026\/03\/17\/mexico-y-estados-unidos-inician-primera-ronda-de-t-mec-revision-bilateral\/#primaryimage"},"image":{"@id":"https:\/\/grupohoymexico.com\/nuevo-leon\/2026\/03\/17\/mexico-y-estados-unidos-inician-primera-ronda-de-t-mec-revision-bilateral\/#primaryimage"},"thumbnailUrl":"https:\/\/grupohoymexico.com\/nuevo-leon\/wp-content\/uploads\/sites\/6\/2026\/03\/revision_del_t-mec_tratado_mexico_eeuu_canada.jpg","datePublished":"2026-03-17T21:45:42+00:00","dateModified":"2026-03-17T21:45:43+00:00","author":{"@id":"https:\/\/grupohoymexico.com\/nuevo-leon\/#\/schema\/person\/bc870cc34e948548ddb62cf78ef8474b"},"description":"M\u00e9xico y Estados Unidos iniciaron la primera ronda de la revisi\u00f3n bilateral del T-MEC para analizar cap\u00edtulos del acuerdo vigente desde 2020.","breadcrumb":{"@id":"https:\/\/grupohoymexico.com\/nuevo-leon\/2026\/03\/17\/mexico-y-estados-unidos-inician-primera-ronda-de-t-mec-revision-bilateral\/#breadcrumb"},"inLanguage":"es","potentialAction":[{"@type":"ReadAction","target":["https:\/\/grupohoymexico.com\/nuevo-leon\/2026\/03\/17\/mexico-y-estados-unidos-inician-primera-ronda-de-t-mec-revision-bilateral\/"]}]},{"@type":"ImageObject","inLanguage":"es","@id":"https:\/\/grupohoymexico.com\/nuevo-leon\/2026\/03\/17\/mexico-y-estados-unidos-inician-primera-ronda-de-t-mec-revision-bilateral\/#primaryimage","url":"https:\/\/grupohoymexico.com\/nuevo-leon\/wp-content\/uploads\/sites\/6\/2026\/03\/revision_del_t-mec_tratado_mexico_eeuu_canada.jpg","contentUrl":"https:\/\/grupohoymexico.com\/nuevo-leon\/wp-content\/uploads\/sites\/6\/2026\/03\/revision_del_t-mec_tratado_mexico_eeuu_canada.jpg","width":1280,"height":853,"caption":"Foto: Freepik"},{"@type":"BreadcrumbList","@id":"https:\/\/grupohoymexico.com\/nuevo-leon\/2026\/03\/17\/mexico-y-estados-unidos-inician-primera-ronda-de-t-mec-revision-bilateral\/#breadcrumb","itemListElement":[{"@type":"ListItem","position":1,"name":"Inicio","item":"https:\/\/grupohoymexico.com\/nuevo-leon\/"},{"@type":"ListItem","position":2,"name":"M\u00e9xico y Estados Unidos inician primera ronda de T-MEC revisi\u00f3n bilateral"}]},{"@type":"WebSite","@id":"https:\/\/grupohoymexico.com\/nuevo-leon\/#website","url":"https:\/\/grupohoymexico.com\/nuevo-leon\/","name":"Grupo Hoy Nuevo Leon","description":"Sitio l\u00edder de noticias en M\u00e9xico","potentialAction":[{"@type":"SearchAction","target":{"@type":"EntryPoint","urlTemplate":"https:\/\/grupohoymexico.com\/nuevo-leon\/?s={search_term_string}"},"query-input":{"@type":"PropertyValueSpecification","valueRequired":true,"valueName":"search_term_string"}}],"inLanguage":"es"},{"@type":"Person","@id":"https:\/\/grupohoymexico.com\/nuevo-leon\/#\/schema\/person\/bc870cc34e948548ddb62cf78ef8474b","name":"Redacci\u00f3n Grupo Hoy","image":{"@type":"ImageObject","inLanguage":"es","@id":"https:\/\/secure.gravatar.com\/avatar\/e8a44ae8f1b7592837f8c496178e70e065758a27945df208805f8cf6fdd56893?s=96&d=mm&r=g","url":"https:\/\/secure.gravatar.com\/avatar\/e8a44ae8f1b7592837f8c496178e70e065758a27945df208805f8cf6fdd56893?s=96&d=mm&r=g","contentUrl":"https:\/\/secure.gravatar.com\/avatar\/e8a44ae8f1b7592837f8c496178e70e065758a27945df208805f8cf6fdd56893?s=96&d=mm&r=g","caption":"Redacci\u00f3n Grupo Hoy"},"url":"https:\/\/grupohoymexico.com\/nuevo-leon\/author\/redaccion\/"}]}},"_links":{"self":[{"href":"https:\/\/grupohoymexico.com\/nuevo-leon\/wp-json\/wp\/v2\/posts\/35057","targetHints":{"allow":["GET"]}}],"collection":[{"href":"https:\/\/grupohoymexico.com\/nuevo-leon\/wp-json\/wp\/v2\/posts"}],"about":[{"href":"https:\/\/grupohoymexico.com\/nuevo-leon\/wp-json\/wp\/v2\/types\/post"}],"author":[{"embeddable":true,"href":"https:\/\/grupohoymexico.com\/nuevo-leon\/wp-json\/wp\/v2\/users\/34"}],"replies":[{"embeddable":true,"href":"https:\/\/grupohoymexico.com\/nuevo-leon\/wp-json\/wp\/v2\/comments?post=35057"}],"version-history":[{"count":0,"href":"https:\/\/grupohoymexico.com\/nuevo-leon\/wp-json\/wp\/v2\/posts\/35057\/revisions"}],"wp:featuredmedia":[{"embeddable":true,"href":"https:\/\/grupohoymexico.com\/nuevo-leon\/wp-json\/wp\/v2\/media\/35058"}],"wp:attachment":[{"href":"https:\/\/grupohoymexico.com\/nuevo-leon\/wp-json\/wp\/v2\/media?parent=35057"}],"wp:term":[{"taxonomy":"category","embeddable":true,"href":"https:\/\/grupohoymexico.com\/nuevo-leon\/wp-json\/wp\/v2\/categories?post=35057"},{"taxonomy":"post_tag","embeddable":true,"href":"https:\/\/grupohoymexico.com\/nuevo-leon\/wp-json\/wp\/v2\/tags?post=35057"}],"curies":[{"name":"wp","href":"https:\/\/api.w.org\/{rel}","templated":true}]}}