{"id":34723,"date":"2026-03-11T12:01:06","date_gmt":"2026-03-11T18:01:06","guid":{"rendered":"https:\/\/grupohoymexico.com\/nuevo-leon\/2026\/03\/11\/romper-el-techo-de-cristal-la-equidad-que-fortalece-a-la-economia\/"},"modified":"2026-03-11T12:01:07","modified_gmt":"2026-03-11T18:01:07","slug":"romper-el-techo-de-cristal-la-equidad-que-fortalece-a-la-economia","status":"publish","type":"post","link":"https:\/\/grupohoymexico.com\/nuevo-leon\/2026\/03\/11\/romper-el-techo-de-cristal-la-equidad-que-fortalece-a-la-economia\/","title":{"rendered":"Romper el techo de cristal: la equidad que fortalece a la econom\u00eda"},"content":{"rendered":"\n<p>Hablar de romper el techo de cristal ya no es solo una consigna social, es una necesidad econ\u00f3mica. Durante d\u00e9cadas, analistas y economistas de organismos como la Organizaci\u00f3n Internacional del Trabajo han coincidido en una idea central: cuando las mujeres participan en igualdad de condiciones en la vida productiva, las econom\u00edas crecen, las empresas se fortalecen y las sociedades se vuelven m\u00e1s estables.<\/p>\n\n\n\n<p>M\u00e9xico no es la excepci\u00f3n. De acuerdo con el Inegi, en enero de 2026 las mujeres representaban el 40.9% de la poblaci\u00f3n ocupada, lo que equivale a m\u00e1s de 24 millones de trabajadoras activas en la econom\u00eda. A\u00fan m\u00e1s significativo: en las micro, peque\u00f1as y medianas empresas, el 47.35% de los establecimientos con persona f\u00edsica tiene como propietaria a una mujer, y cerca del 29% de las empresas familiares son dirigidas o administradas por mujeres, lo que confirma que el liderazgo femenino no es una aspiraci\u00f3n futura, sino una realidad presente.<\/p>\n\n\n\n<p>Estos datos reflejan que la participaci\u00f3n de las mujeres no solo es relevante, sino que es estructural para el desarrollo econ\u00f3mico del pa\u00eds.&nbsp; Sin embargo, los n\u00fameros tambi\u00e9n muestran que el techo de cristal sigue existiendo. Las mujeres participan casi en la misma proporci\u00f3n que los hombres en sectores como el comercio y los servicios, pero su presencia disminuye conforme aumenta el nivel de decisi\u00f3n.&nbsp;<\/p>\n\n\n\n<p>Este fen\u00f3meno ha sido ampliamente documentado por especialistas en liderazgo y gobernanza corporativa, quienes advierten que la falta de representaci\u00f3n en puestos directivos no responde a falta de capacidad, sino a barreras culturales, institucionales y estructurales.<\/p>\n\n\n\n<p>Frente a este contexto, el sector empresarial tiene una responsabilidad clara, no solo es reconocer el problema, sino actuar para transformarlo. En la Confederaci\u00f3n de C\u00e1maras Nacionales de Comercio, Servicios y Turismo (Concanaco Servytur) se ha asumido ese compromiso como una pol\u00edtica institucional. Hoy, la participaci\u00f3n de las mujeres en espacios de liderazgo ha crecido de manera sostenida, increment\u00e1ndose en 300% del 2016 al 2026, en puestos que incluyen presidencias de c\u00e1mara, consejer\u00edas nacionales y cargos directivos.<\/p>\n\n\n\n<p>Adem\u00e1s, el 80% del Comit\u00e9 Directivo Nacional est\u00e1 integrado por mujeres empresarias, siendo, por primera ocasi\u00f3n en 109 a\u00f1os de historia, que se tiene vicepresidenta nacional, secretaria general, prosecretaria general y protesorera, lo que refleja un cambio profundo en la representaci\u00f3n del sector terciario y una se\u00f1al clara de que la equidad no se construye con discursos, sino con decisiones.&nbsp;&nbsp;<\/p>\n\n\n\n<p>Romper el techo de cristal no significa sustituir a unos por otros. Significa construir organizaciones m\u00e1s justas, m\u00e1s competitivas, y m\u00e1s capaces de entender la realidad de millones de negocios familiares donde mujeres y hombres trabajan juntos todos los d\u00edas. La evidencia internacional es contundente: las empresas con mayor diversidad en la toma de decisiones son m\u00e1s innovadoras, rentables y resilientes.<\/p>\n\n\n\n<p>Pero m\u00e1s all\u00e1 de los indicadores, hay una raz\u00f3n a\u00fan m\u00e1s profunda: la igualdad es un principio de dignidad. Hoy el reto no es demostrar que las mujeres pueden liderar. Eso ya est\u00e1 probado. El reto es asegurar que nunca m\u00e1s una mujer vea limitada su trayectoria por prejuicios, por falta de oportunidades o por estructuras que no evolucionan. Romper el techo de cristal no es solo una causa de mujeres, es una causa de justicia, y tambi\u00e9n<\/p>\n","protected":false},"excerpt":{"rendered":"Hablar de romper el techo de cristal ya no es solo una consigna social, es una necesidad econ\u00f3mica.&hellip;","protected":false},"author":61,"featured_media":32124,"comment_status":"open","ping_status":"open","sticky":false,"template":"","format":"standard","meta":{"csco_display_header_overlay":false,"csco_singular_sidebar":"","csco_page_header_type":"","csco_page_load_nextpost":"","csco_post_video_location":[],"csco_post_video_location_hash":"","csco_post_video_url":"","csco_post_video_bg_start_time":0,"csco_post_video_bg_end_time":0,"footnotes":""},"categories":[505,39],"tags":[1297,515,1298],"class_list":{"0":"post-34723","1":"post","2":"type-post","3":"status-publish","4":"format-standard","5":"has-post-thumbnail","7":"category-agenda-de-negocios","8":"category-columnas","9":"tag-8m","10":"tag-concanaco-servytur","11":"tag-techo-de-cristal","12":"cs-entry","13":"cs-video-wrap"},"yoast_head":"<!-- This site is optimized with the Yoast SEO Premium plugin v24.7 (Yoast SEO v27.4) - https:\/\/yoast.com\/product\/yoast-seo-premium-wordpress\/ -->\n<title>Romper el techo de cristal: la equidad que fortalece a la econom\u00eda - Grupo Hoy Nuevo Leon<\/title>\n<meta name=\"robots\" content=\"index, follow, max-snippet:-1, max-image-preview:large, max-video-preview:-1\" \/>\n<link rel=\"canonical\" href=\"https:\/\/grupohoymexico.com\/nuevo-leon\/2026\/03\/11\/romper-el-techo-de-cristal-la-equidad-que-fortalece-a-la-economia\/\" \/>\n<meta property=\"og:locale\" content=\"es_MX\" \/>\n<meta property=\"og:type\" content=\"article\" \/>\n<meta property=\"og:title\" content=\"Romper el techo de cristal: la equidad que fortalece a la econom\u00eda\" \/>\n<meta property=\"og:description\" content=\"Hablar de romper el techo de cristal ya no es solo una consigna social, es una necesidad econ\u00f3mica.&hellip;\" \/>\n<meta property=\"og:url\" content=\"https:\/\/grupohoymexico.com\/nuevo-leon\/2026\/03\/11\/romper-el-techo-de-cristal-la-equidad-que-fortalece-a-la-economia\/\" \/>\n<meta property=\"og:site_name\" content=\"Grupo Hoy Nuevo Leon\" \/>\n<meta property=\"article:published_time\" content=\"2026-03-11T18:01:06+00:00\" \/>\n<meta property=\"article:modified_time\" content=\"2026-03-11T18:01:07+00:00\" \/>\n<meta property=\"og:image\" content=\"https:\/\/grupohoymexico.com\/nuevo-leon\/wp-content\/uploads\/sites\/6\/2025\/08\/WhatsApp-Image-2025-08-27-at-1.48.03-PM.jpeg\" \/>\n\t<meta property=\"og:image:width\" content=\"1209\" \/>\n\t<meta property=\"og:image:height\" content=\"624\" \/>\n\t<meta property=\"og:image:type\" content=\"image\/jpeg\" \/>\n<meta name=\"author\" content=\"octavio\" \/>\n<meta name=\"twitter:card\" content=\"summary_large_image\" \/>\n<meta name=\"twitter:label1\" content=\"Escrito por\" \/>\n\t<meta name=\"twitter:data1\" content=\"octavio\" \/>\n\t<meta name=\"twitter:label2\" content=\"Tiempo de lectura\" \/>\n\t<meta name=\"twitter:data2\" content=\"3 minutos\" \/>\n<script type=\"application\/ld+json\" class=\"yoast-schema-graph\">{\"@context\":\"https:\\\/\\\/schema.org\",\"@graph\":[{\"@type\":\"Article\",\"@id\":\"https:\\\/\\\/grupohoymexico.com\\\/nuevo-leon\\\/2026\\\/03\\\/11\\\/romper-el-techo-de-cristal-la-equidad-que-fortalece-a-la-economia\\\/#article\",\"isPartOf\":{\"@id\":\"https:\\\/\\\/grupohoymexico.com\\\/nuevo-leon\\\/2026\\\/03\\\/11\\\/romper-el-techo-de-cristal-la-equidad-que-fortalece-a-la-economia\\\/\"},\"author\":{\"name\":\"octavio\",\"@id\":\"https:\\\/\\\/grupohoymexico.com\\\/nuevo-leon\\\/#\\\/schema\\\/person\\\/14a01df52b42e62aeec8c81fbbfc8b4e\"},\"headline\":\"Romper el techo de cristal: la equidad que fortalece a la econom\u00eda\",\"datePublished\":\"2026-03-11T18:01:06+00:00\",\"dateModified\":\"2026-03-11T18:01:07+00:00\",\"mainEntityOfPage\":{\"@id\":\"https:\\\/\\\/grupohoymexico.com\\\/nuevo-leon\\\/2026\\\/03\\\/11\\\/romper-el-techo-de-cristal-la-equidad-que-fortalece-a-la-economia\\\/\"},\"wordCount\":585,\"commentCount\":0,\"image\":{\"@id\":\"https:\\\/\\\/grupohoymexico.com\\\/nuevo-leon\\\/2026\\\/03\\\/11\\\/romper-el-techo-de-cristal-la-equidad-que-fortalece-a-la-economia\\\/#primaryimage\"},\"thumbnailUrl\":\"https:\\\/\\\/grupohoymexico.com\\\/nuevo-leon\\\/wp-content\\\/uploads\\\/sites\\\/6\\\/2025\\\/08\\\/WhatsApp-Image-2025-08-27-at-1.48.03-PM.jpeg\",\"keywords\":[\"8M\",\"Concanaco Servytur\",\"Techo de cristal\"],\"articleSection\":[\"Agenda de Negocios\",\"Columnas\"],\"inLanguage\":\"es\",\"potentialAction\":[{\"@type\":\"CommentAction\",\"name\":\"Comment\",\"target\":[\"https:\\\/\\\/grupohoymexico.com\\\/nuevo-leon\\\/2026\\\/03\\\/11\\\/romper-el-techo-de-cristal-la-equidad-que-fortalece-a-la-economia\\\/#respond\"]}]},{\"@type\":\"WebPage\",\"@id\":\"https:\\\/\\\/grupohoymexico.com\\\/nuevo-leon\\\/2026\\\/03\\\/11\\\/romper-el-techo-de-cristal-la-equidad-que-fortalece-a-la-economia\\\/\",\"url\":\"https:\\\/\\\/grupohoymexico.com\\\/nuevo-leon\\\/2026\\\/03\\\/11\\\/romper-el-techo-de-cristal-la-equidad-que-fortalece-a-la-economia\\\/\",\"name\":\"Romper el techo de cristal: la equidad que fortalece a la econom\u00eda - Grupo Hoy Nuevo Leon\",\"isPartOf\":{\"@id\":\"https:\\\/\\\/grupohoymexico.com\\\/nuevo-leon\\\/#website\"},\"primaryImageOfPage\":{\"@id\":\"https:\\\/\\\/grupohoymexico.com\\\/nuevo-leon\\\/2026\\\/03\\\/11\\\/romper-el-techo-de-cristal-la-equidad-que-fortalece-a-la-economia\\\/#primaryimage\"},\"image\":{\"@id\":\"https:\\\/\\\/grupohoymexico.com\\\/nuevo-leon\\\/2026\\\/03\\\/11\\\/romper-el-techo-de-cristal-la-equidad-que-fortalece-a-la-economia\\\/#primaryimage\"},\"thumbnailUrl\":\"https:\\\/\\\/grupohoymexico.com\\\/nuevo-leon\\\/wp-content\\\/uploads\\\/sites\\\/6\\\/2025\\\/08\\\/WhatsApp-Image-2025-08-27-at-1.48.03-PM.jpeg\",\"datePublished\":\"2026-03-11T18:01:06+00:00\",\"dateModified\":\"2026-03-11T18:01:07+00:00\",\"author\":{\"@id\":\"https:\\\/\\\/grupohoymexico.com\\\/nuevo-leon\\\/#\\\/schema\\\/person\\\/14a01df52b42e62aeec8c81fbbfc8b4e\"},\"breadcrumb\":{\"@id\":\"https:\\\/\\\/grupohoymexico.com\\\/nuevo-leon\\\/2026\\\/03\\\/11\\\/romper-el-techo-de-cristal-la-equidad-que-fortalece-a-la-economia\\\/#breadcrumb\"},\"inLanguage\":\"es\",\"potentialAction\":[{\"@type\":\"ReadAction\",\"target\":[\"https:\\\/\\\/grupohoymexico.com\\\/nuevo-leon\\\/2026\\\/03\\\/11\\\/romper-el-techo-de-cristal-la-equidad-que-fortalece-a-la-economia\\\/\"]}]},{\"@type\":\"ImageObject\",\"inLanguage\":\"es\",\"@id\":\"https:\\\/\\\/grupohoymexico.com\\\/nuevo-leon\\\/2026\\\/03\\\/11\\\/romper-el-techo-de-cristal-la-equidad-que-fortalece-a-la-economia\\\/#primaryimage\",\"url\":\"https:\\\/\\\/grupohoymexico.com\\\/nuevo-leon\\\/wp-content\\\/uploads\\\/sites\\\/6\\\/2025\\\/08\\\/WhatsApp-Image-2025-08-27-at-1.48.03-PM.jpeg\",\"contentUrl\":\"https:\\\/\\\/grupohoymexico.com\\\/nuevo-leon\\\/wp-content\\\/uploads\\\/sites\\\/6\\\/2025\\\/08\\\/WhatsApp-Image-2025-08-27-at-1.48.03-PM.jpeg\",\"width\":1209,\"height\":624,\"caption\":\"Agenda de Negocios\"},{\"@type\":\"BreadcrumbList\",\"@id\":\"https:\\\/\\\/grupohoymexico.com\\\/nuevo-leon\\\/2026\\\/03\\\/11\\\/romper-el-techo-de-cristal-la-equidad-que-fortalece-a-la-economia\\\/#breadcrumb\",\"itemListElement\":[{\"@type\":\"ListItem\",\"position\":1,\"name\":\"Inicio\",\"item\":\"https:\\\/\\\/grupohoymexico.com\\\/nuevo-leon\\\/\"},{\"@type\":\"ListItem\",\"position\":2,\"name\":\"Romper el techo de cristal: la equidad que fortalece a la econom\u00eda\"}]},{\"@type\":\"WebSite\",\"@id\":\"https:\\\/\\\/grupohoymexico.com\\\/nuevo-leon\\\/#website\",\"url\":\"https:\\\/\\\/grupohoymexico.com\\\/nuevo-leon\\\/\",\"name\":\"Grupo Hoy Nuevo Leon\",\"description\":\"Sitio l\u00edder de noticias en M\u00e9xico\",\"potentialAction\":[{\"@type\":\"SearchAction\",\"target\":{\"@type\":\"EntryPoint\",\"urlTemplate\":\"https:\\\/\\\/grupohoymexico.com\\\/nuevo-leon\\\/?s={search_term_string}\"},\"query-input\":{\"@type\":\"PropertyValueSpecification\",\"valueRequired\":true,\"valueName\":\"search_term_string\"}}],\"inLanguage\":\"es\"},{\"@type\":\"Person\",\"@id\":\"https:\\\/\\\/grupohoymexico.com\\\/nuevo-leon\\\/#\\\/schema\\\/person\\\/14a01df52b42e62aeec8c81fbbfc8b4e\",\"name\":\"octavio\",\"image\":{\"@type\":\"ImageObject\",\"inLanguage\":\"es\",\"@id\":\"https:\\\/\\\/secure.gravatar.com\\\/avatar\\\/fe3de1542073ebfbea87f91d143c69278986974f88f1f951ef4b6079f25ab4e5?s=96&d=mm&r=g\",\"url\":\"https:\\\/\\\/secure.gravatar.com\\\/avatar\\\/fe3de1542073ebfbea87f91d143c69278986974f88f1f951ef4b6079f25ab4e5?s=96&d=mm&r=g\",\"contentUrl\":\"https:\\\/\\\/secure.gravatar.com\\\/avatar\\\/fe3de1542073ebfbea87f91d143c69278986974f88f1f951ef4b6079f25ab4e5?s=96&d=mm&r=g\",\"caption\":\"octavio\"},\"url\":\"https:\\\/\\\/grupohoymexico.com\\\/nuevo-leon\\\/author\\\/octavio\\\/\"}]}<\/script>\n<!-- \/ Yoast SEO Premium plugin. -->","yoast_head_json":{"title":"Romper el techo de cristal: la equidad que fortalece a la econom\u00eda - Grupo Hoy Nuevo Leon","robots":{"index":"index","follow":"follow","max-snippet":"max-snippet:-1","max-image-preview":"max-image-preview:large","max-video-preview":"max-video-preview:-1"},"canonical":"https:\/\/grupohoymexico.com\/nuevo-leon\/2026\/03\/11\/romper-el-techo-de-cristal-la-equidad-que-fortalece-a-la-economia\/","og_locale":"es_MX","og_type":"article","og_title":"Romper el techo de cristal: la equidad que fortalece a la econom\u00eda","og_description":"Hablar de romper el techo de cristal ya no es solo una consigna social, es una necesidad econ\u00f3mica.&hellip;","og_url":"https:\/\/grupohoymexico.com\/nuevo-leon\/2026\/03\/11\/romper-el-techo-de-cristal-la-equidad-que-fortalece-a-la-economia\/","og_site_name":"Grupo Hoy Nuevo Leon","article_published_time":"2026-03-11T18:01:06+00:00","article_modified_time":"2026-03-11T18:01:07+00:00","og_image":[{"width":1209,"height":624,"url":"https:\/\/grupohoymexico.com\/nuevo-leon\/wp-content\/uploads\/sites\/6\/2025\/08\/WhatsApp-Image-2025-08-27-at-1.48.03-PM.jpeg","type":"image\/jpeg"}],"author":"octavio","twitter_card":"summary_large_image","twitter_misc":{"Escrito por":"octavio","Tiempo de lectura":"3 minutos"},"schema":{"@context":"https:\/\/schema.org","@graph":[{"@type":"Article","@id":"https:\/\/grupohoymexico.com\/nuevo-leon\/2026\/03\/11\/romper-el-techo-de-cristal-la-equidad-que-fortalece-a-la-economia\/#article","isPartOf":{"@id":"https:\/\/grupohoymexico.com\/nuevo-leon\/2026\/03\/11\/romper-el-techo-de-cristal-la-equidad-que-fortalece-a-la-economia\/"},"author":{"name":"octavio","@id":"https:\/\/grupohoymexico.com\/nuevo-leon\/#\/schema\/person\/14a01df52b42e62aeec8c81fbbfc8b4e"},"headline":"Romper el techo de cristal: la equidad que fortalece a la econom\u00eda","datePublished":"2026-03-11T18:01:06+00:00","dateModified":"2026-03-11T18:01:07+00:00","mainEntityOfPage":{"@id":"https:\/\/grupohoymexico.com\/nuevo-leon\/2026\/03\/11\/romper-el-techo-de-cristal-la-equidad-que-fortalece-a-la-economia\/"},"wordCount":585,"commentCount":0,"image":{"@id":"https:\/\/grupohoymexico.com\/nuevo-leon\/2026\/03\/11\/romper-el-techo-de-cristal-la-equidad-que-fortalece-a-la-economia\/#primaryimage"},"thumbnailUrl":"https:\/\/grupohoymexico.com\/nuevo-leon\/wp-content\/uploads\/sites\/6\/2025\/08\/WhatsApp-Image-2025-08-27-at-1.48.03-PM.jpeg","keywords":["8M","Concanaco Servytur","Techo de cristal"],"articleSection":["Agenda de Negocios","Columnas"],"inLanguage":"es","potentialAction":[{"@type":"CommentAction","name":"Comment","target":["https:\/\/grupohoymexico.com\/nuevo-leon\/2026\/03\/11\/romper-el-techo-de-cristal-la-equidad-que-fortalece-a-la-economia\/#respond"]}]},{"@type":"WebPage","@id":"https:\/\/grupohoymexico.com\/nuevo-leon\/2026\/03\/11\/romper-el-techo-de-cristal-la-equidad-que-fortalece-a-la-economia\/","url":"https:\/\/grupohoymexico.com\/nuevo-leon\/2026\/03\/11\/romper-el-techo-de-cristal-la-equidad-que-fortalece-a-la-economia\/","name":"Romper el techo de cristal: la equidad que fortalece a la econom\u00eda - Grupo Hoy Nuevo Leon","isPartOf":{"@id":"https:\/\/grupohoymexico.com\/nuevo-leon\/#website"},"primaryImageOfPage":{"@id":"https:\/\/grupohoymexico.com\/nuevo-leon\/2026\/03\/11\/romper-el-techo-de-cristal-la-equidad-que-fortalece-a-la-economia\/#primaryimage"},"image":{"@id":"https:\/\/grupohoymexico.com\/nuevo-leon\/2026\/03\/11\/romper-el-techo-de-cristal-la-equidad-que-fortalece-a-la-economia\/#primaryimage"},"thumbnailUrl":"https:\/\/grupohoymexico.com\/nuevo-leon\/wp-content\/uploads\/sites\/6\/2025\/08\/WhatsApp-Image-2025-08-27-at-1.48.03-PM.jpeg","datePublished":"2026-03-11T18:01:06+00:00","dateModified":"2026-03-11T18:01:07+00:00","author":{"@id":"https:\/\/grupohoymexico.com\/nuevo-leon\/#\/schema\/person\/14a01df52b42e62aeec8c81fbbfc8b4e"},"breadcrumb":{"@id":"https:\/\/grupohoymexico.com\/nuevo-leon\/2026\/03\/11\/romper-el-techo-de-cristal-la-equidad-que-fortalece-a-la-economia\/#breadcrumb"},"inLanguage":"es","potentialAction":[{"@type":"ReadAction","target":["https:\/\/grupohoymexico.com\/nuevo-leon\/2026\/03\/11\/romper-el-techo-de-cristal-la-equidad-que-fortalece-a-la-economia\/"]}]},{"@type":"ImageObject","inLanguage":"es","@id":"https:\/\/grupohoymexico.com\/nuevo-leon\/2026\/03\/11\/romper-el-techo-de-cristal-la-equidad-que-fortalece-a-la-economia\/#primaryimage","url":"https:\/\/grupohoymexico.com\/nuevo-leon\/wp-content\/uploads\/sites\/6\/2025\/08\/WhatsApp-Image-2025-08-27-at-1.48.03-PM.jpeg","contentUrl":"https:\/\/grupohoymexico.com\/nuevo-leon\/wp-content\/uploads\/sites\/6\/2025\/08\/WhatsApp-Image-2025-08-27-at-1.48.03-PM.jpeg","width":1209,"height":624,"caption":"Agenda de Negocios"},{"@type":"BreadcrumbList","@id":"https:\/\/grupohoymexico.com\/nuevo-leon\/2026\/03\/11\/romper-el-techo-de-cristal-la-equidad-que-fortalece-a-la-economia\/#breadcrumb","itemListElement":[{"@type":"ListItem","position":1,"name":"Inicio","item":"https:\/\/grupohoymexico.com\/nuevo-leon\/"},{"@type":"ListItem","position":2,"name":"Romper el techo de cristal: la equidad que fortalece a la econom\u00eda"}]},{"@type":"WebSite","@id":"https:\/\/grupohoymexico.com\/nuevo-leon\/#website","url":"https:\/\/grupohoymexico.com\/nuevo-leon\/","name":"Grupo Hoy Nuevo Leon","description":"Sitio l\u00edder de noticias en M\u00e9xico","potentialAction":[{"@type":"SearchAction","target":{"@type":"EntryPoint","urlTemplate":"https:\/\/grupohoymexico.com\/nuevo-leon\/?s={search_term_string}"},"query-input":{"@type":"PropertyValueSpecification","valueRequired":true,"valueName":"search_term_string"}}],"inLanguage":"es"},{"@type":"Person","@id":"https:\/\/grupohoymexico.com\/nuevo-leon\/#\/schema\/person\/14a01df52b42e62aeec8c81fbbfc8b4e","name":"octavio","image":{"@type":"ImageObject","inLanguage":"es","@id":"https:\/\/secure.gravatar.com\/avatar\/fe3de1542073ebfbea87f91d143c69278986974f88f1f951ef4b6079f25ab4e5?s=96&d=mm&r=g","url":"https:\/\/secure.gravatar.com\/avatar\/fe3de1542073ebfbea87f91d143c69278986974f88f1f951ef4b6079f25ab4e5?s=96&d=mm&r=g","contentUrl":"https:\/\/secure.gravatar.com\/avatar\/fe3de1542073ebfbea87f91d143c69278986974f88f1f951ef4b6079f25ab4e5?s=96&d=mm&r=g","caption":"octavio"},"url":"https:\/\/grupohoymexico.com\/nuevo-leon\/author\/octavio\/"}]}},"_links":{"self":[{"href":"https:\/\/grupohoymexico.com\/nuevo-leon\/wp-json\/wp\/v2\/posts\/34723","targetHints":{"allow":["GET"]}}],"collection":[{"href":"https:\/\/grupohoymexico.com\/nuevo-leon\/wp-json\/wp\/v2\/posts"}],"about":[{"href":"https:\/\/grupohoymexico.com\/nuevo-leon\/wp-json\/wp\/v2\/types\/post"}],"author":[{"embeddable":true,"href":"https:\/\/grupohoymexico.com\/nuevo-leon\/wp-json\/wp\/v2\/users\/61"}],"replies":[{"embeddable":true,"href":"https:\/\/grupohoymexico.com\/nuevo-leon\/wp-json\/wp\/v2\/comments?post=34723"}],"version-history":[{"count":0,"href":"https:\/\/grupohoymexico.com\/nuevo-leon\/wp-json\/wp\/v2\/posts\/34723\/revisions"}],"wp:featuredmedia":[{"embeddable":true,"href":"https:\/\/grupohoymexico.com\/nuevo-leon\/wp-json\/wp\/v2\/media\/32124"}],"wp:attachment":[{"href":"https:\/\/grupohoymexico.com\/nuevo-leon\/wp-json\/wp\/v2\/media?parent=34723"}],"wp:term":[{"taxonomy":"category","embeddable":true,"href":"https:\/\/grupohoymexico.com\/nuevo-leon\/wp-json\/wp\/v2\/categories?post=34723"},{"taxonomy":"post_tag","embeddable":true,"href":"https:\/\/grupohoymexico.com\/nuevo-leon\/wp-json\/wp\/v2\/tags?post=34723"}],"curies":[{"name":"wp","href":"https:\/\/api.w.org\/{rel}","templated":true}]}}