{"id":34357,"date":"2026-03-06T18:11:17","date_gmt":"2026-03-07T00:11:17","guid":{"rendered":"https:\/\/grupohoymexico.com\/nuevo-leon\/2026\/03\/06\/menu-tematico-de-rocio-durcal-en-cinepolis-cuando-estara-disponible\/"},"modified":"2026-03-06T18:11:20","modified_gmt":"2026-03-07T00:11:20","slug":"menu-tematico-de-rocio-durcal-en-cinepolis-cuando-estara-disponible","status":"publish","type":"post","link":"https:\/\/grupohoymexico.com\/nuevo-leon\/2026\/03\/06\/menu-tematico-de-rocio-durcal-en-cinepolis-cuando-estara-disponible\/","title":{"rendered":"Men\u00fa tem\u00e1tico de Roc\u00edo D\u00farcal en Cin\u00e9polis: \u00bfCu\u00e1ndo estar\u00e1 disponible?"},"content":{"rendered":"\n<p>A 20 a\u00f1os de su muerte, Cin\u00e9polis har\u00e1 un homenaje a <strong>Roc\u00edo D\u00farcal<\/strong> con una funci\u00f3n especial, as\u00ed como el lanzamiento de un men\u00fa tem\u00e1tico. Te compartimos los detalles sobre esta edici\u00f3n especial para reencontrarse con una de las voces m\u00e1s queridas de la m\u00fasica en espa\u00f1ol. <\/p>\n\n\n\n<p><em>Roc\u00edo D\u00farcal: 20 a\u00f1os sin ti<\/em> es el t\u00edtulo de proyecci\u00f3n que presentar\u00e1 una <strong>versi\u00f3n remasterizada en 4K y sonido 5.1<\/strong> de <em>El Concierto\u2026 En Vivo (1991<\/em>). Dicha presentaci\u00f3n se grab\u00f3 el <strong>22 de noviembre de 1991 en el Auditorio Nacional<\/strong>. El material captura a la artista en uno de los momentos m\u00e1s importantes de su carrera, interpretando algunos de los temas que marcaron a varias generaciones.<\/p>\n\n\n\n<h2 class=\"wp-block-heading\" id=\"h-cuando-estara-disponible-la-funcion-y-el-menu-tematico-de-rocio-durcal-en-cinepolis-por-los-20-anos-de-su-muerte\">\u00bfCu\u00e1ndo estar\u00e1 disponible la funci\u00f3n y el men\u00fa tem\u00e1tico de Roc\u00edo D\u00farcal en Cin\u00e9polis por los 20 a\u00f1os de su muerte?<\/h2>\n\n\n\n<p>Se trata de un homenaje a una de las voces m\u00e1s queridas de la m\u00fasica en espa\u00f1ol. Sobre todo luego de sus colaboraciones junto a \u00eddolos como <strong>Juan Gabriel<\/strong> y <strong>Enrique Guzm\u00e1n<\/strong>. <\/p>\n\n\n\n<p>La funci\u00f3n y el men\u00fa tem\u00e1tico de Cin\u00e9polis por los 20 a\u00f1os de Roc\u00edo D\u00farcal estar\u00e1 disponible a partir del <strong>25 de marzo<\/strong>. La fecha coincidir\u00e1 con el <strong>20 aniversario luctuoso de <\/strong><em>\u201cLa espa\u00f1ola m\u00e1s mexicana\u201d<\/em>. <\/p>\n\n\n\n<p>El evento busca no solo revivir su m\u00fasica en pantalla grande, sino tambi\u00e9n ofrecer una experiencia especial para los fans. Por ello es que el p\u00fablico podr\u00e1 disfrutar de temas como:<\/p>\n\n\n\n<ul class=\"wp-block-list\">\n<li><strong>La Gata Bajo la Lluvia<\/strong><\/li>\n\n\n\n<li><strong>Amor Eterno<\/strong><\/li>\n\n\n\n<li><strong>Como Tu Mujer<\/strong><\/li>\n<\/ul>\n\n\n\n<h3 class=\"wp-block-heading\" id=\"h-cuanto-costara\">\u00bfCu\u00e1nto costar\u00e1?<\/h3>\n\n\n\n<p>Como parte del homenaje, las salas <strong>Cin\u00e9polis VIP<\/strong> ofrecer\u00e1n una <strong>experiencia tem\u00e1tica<\/strong> que convertir\u00e1 la funci\u00f3n en una noche dedicada a la nostalgia, la m\u00fasica y la celebraci\u00f3n de su legado.<\/p>\n\n\n\n<p>El paquete especial, con un costo de <strong>599 pesos<\/strong>, incluye el boleto para la funci\u00f3n junto con un men\u00fa dise\u00f1ado para la ocasi\u00f3n. La propuesta gastron\u00f3mica incorpora tres cocteles inspirados en distintas facetas de la cantante: <strong>\u201cLa Espa\u00f1ola m\u00e1s Mexicana\u201d<\/strong>, una bebida con tequila blanco y notas frutales; <strong>\u201cLa Diva de Divas\u201d<\/strong>, un mojito con manzana verde y hierbabuena; y <strong>\u201cLa Reina de las Rancheras\u201d<\/strong>, una margarita de fresa que combina dulzor y car\u00e1cter.<\/p>\n\n\n\n<p>El men\u00fa se complementa con el snack <strong>\u201cLas Penas con Pan\u201d<\/strong>, un mix de tequesitos, jalape\u00f1o pops y papas twister pensado para acompa\u00f1ar la funci\u00f3n.<\/p>\n\n\n\n<p>La <strong>preventa de boletos<\/strong>, tanto para las funciones tradicionales como para la experiencia tem\u00e1tica, estar\u00e1 disponible <strong>a partir del 6 de marzo<\/strong>, ofreciendo a los seguidores de la cantante la oportunidad de revivir en pantalla grande una noche hist\u00f3rica de la m\u00fasica en espa\u00f1ol. <\/p>\n\n\n\n<h2 class=\"wp-block-heading\" id=\"h-en-que-cines-estara-disponible\">\u00bfEn qu\u00e9 cines estar\u00e1 disponible?<\/h2>\n\n\n\n<ul class=\"wp-block-list\">\n<li>Cin\u00e9polis VIP Paseo Arcos Bosques (<strong>Ciudad de M\u00e9xico<\/strong>)\u00a0<\/li>\n<\/ul>\n\n\n\n<ul class=\"wp-block-list\">\n<li>Cin\u00e9polis VIP\u00a0Miyana\u00a0(<strong>Ciudad de M\u00e9xico<\/strong>)\u00a0<\/li>\n\n\n\n<li>Cin\u00e9polis VIP\u00a0M\u00edtikah\u00a0(<strong>Ciudad de M\u00e9xico<\/strong>)\u00a0<\/li>\n\n\n\n<li>Cin\u00e9polis VIP Samara (<strong>Ciudad de M\u00e9xico<\/strong>)\u00a0<\/li>\n\n\n\n<li>Cin\u00e9polis VIP Universidad (<strong>Ciudad de M\u00e9xico<\/strong>)\u00a0<\/li>\n\n\n\n<li>Cin\u00e9polis VIP Plaza Sat\u00e9lite (<strong>Estado de M\u00e9xico<\/strong>)\u00a0<\/li>\n\n\n\n<li>Cin\u00e9polis VIP\u00a0Sentura\u00a0Tlalnepantla (<strong>Estado de M\u00e9xico<\/strong>)\u00a0<\/li>\n\n\n\n<li>Cin\u00e9polis VIP Galer\u00edas Guadalajara (<strong>Guadalajara<\/strong>)\u00a0<\/li>\n\n\n\n<li>Cin\u00e9polis VIP Midtown (<strong>Guadalajara<\/strong>)\u00a0<\/li>\n\n\n\n<li>Cin\u00e9polis VIP La Gran Plaza (<strong>Guadalajara<\/strong>)\u00a0<\/li>\n\n\n\n<li>Cin\u00e9polis VIP La Perla (<strong>Zapopan<\/strong>)\u00a0<\/li>\n\n\n\n<li>Cin\u00e9polis VIP Galer\u00edas Monterrey (<strong>Monterrey<\/strong>)\u00a0<\/li>\n\n\n\n<li>Cin\u00e9polis\u00a0VIP\u00a0Esf\u00e9ra\u00a0Monterrey (<strong>Monterrey<\/strong>)\u00a0<\/li>\n\n\n\n<li>Cin\u00e9polis VIP Las Am\u00e9ricas Morelia (<strong>Morelia<\/strong>)\u00a0<\/li>\n\n\n\n<li>Cin\u00e9polis VIP Galer\u00edas Pachuca (<strong>Pachuca<\/strong>)\u00a0<\/li>\n\n\n\n<li>Cin\u00e9polis VIP Angel\u00f3polis (<strong>Puebla<\/strong>)\u00a0<\/li>\n\n\n\n<li>Cin\u00e9polis VIP\u00a0Antea\u00a0Quer\u00e9taro (<strong>Quer\u00e9taro<\/strong>)\u00a0<\/li>\n\n\n\n<li>Cin\u00e9polis VIP La Victoria Latitud (<strong>Quer\u00e9taro<\/strong>)\u00a0<\/li>\n\n\n\n<li>Cin\u00e9polis\u00a0VIP\u00a0Altabrisa\u00a0M\u00e9rida (<strong>M\u00e9rida<\/strong>)\u00a0<\/li>\n\n\n\n<li>Cin\u00e9polis VIP The Harbor (<strong>M\u00e9rida<\/strong>)\u00a0<\/li>\n\n\n\n<li>Cin\u00e9polis VIP Puerto Canc\u00fan (<strong>Canc\u00fan<\/strong>)\u00a0<\/li>\n\n\n\n<li>Cin\u00e9polis\u00a0VIP Am\u00e9ricas Veracruz (<strong>Veracruz<\/strong>)\u00a0<\/li>\n\n\n\n<li>Cin\u00e9polis VIP Plaza Las Am\u00e9ricas (<strong>Xalapa<\/strong>)\u00a0<\/li>\n\n\n\n<li>Cin\u00e9polis VIP Paseo Villalta (<strong>Saltillo<\/strong>)\u00a0<\/li>\n\n\n\n<li>Cin\u00e9polis VIP Cuatro Caminos (<strong>Torre\u00f3n<\/strong>)\u00a0<\/li>\n\n\n\n<li>Cin\u00e9polis VIP City Center Le\u00f3n (<strong>Le\u00f3n<\/strong>)\u00a0<\/li>\n<\/ul>\n","protected":false},"excerpt":{"rendered":"A 20 a\u00f1os de su muerte, Cin\u00e9polis har\u00e1 un homenaje a Roc\u00edo D\u00farcal con una funci\u00f3n especial, as\u00ed&hellip;","protected":false},"author":15,"featured_media":34358,"comment_status":"open","ping_status":"open","sticky":false,"template":"","format":"standard","meta":{"csco_display_header_overlay":false,"csco_singular_sidebar":"","csco_page_header_type":"","csco_page_load_nextpost":"","csco_post_video_location":[],"csco_post_video_location_hash":"","csco_post_video_url":"","csco_post_video_bg_start_time":0,"csco_post_video_bg_end_time":0,"footnotes":""},"categories":[792],"tags":[1283,1284,1285],"class_list":{"0":"post-34357","1":"post","2":"type-post","3":"status-publish","4":"format-standard","5":"has-post-thumbnail","7":"category-entretenimiento","8":"tag-cinepolis","9":"tag-menu-tematico","10":"tag-rocio-durcal","11":"cs-entry","12":"cs-video-wrap"},"yoast_head":"<!-- This site is optimized with the Yoast SEO Premium plugin v24.7 (Yoast SEO v27.4) - https:\/\/yoast.com\/product\/yoast-seo-premium-wordpress\/ -->\n<title>Men\u00fa tem\u00e1tico de Roc\u00edo D\u00farcal en Cin\u00e9polis: \u00bfCu\u00e1ndo estar\u00e1 disponible? - Grupo Hoy Nuevo Leon<\/title>\n<meta name=\"robots\" content=\"index, follow, max-snippet:-1, max-image-preview:large, max-video-preview:-1\" \/>\n<link rel=\"canonical\" href=\"https:\/\/grupohoymexico.com\/nuevo-leon\/2026\/03\/06\/menu-tematico-de-rocio-durcal-en-cinepolis-cuando-estara-disponible\/\" \/>\n<meta property=\"og:locale\" content=\"es_MX\" \/>\n<meta property=\"og:type\" content=\"article\" \/>\n<meta property=\"og:title\" content=\"Men\u00fa tem\u00e1tico de Roc\u00edo D\u00farcal en Cin\u00e9polis: \u00bfCu\u00e1ndo estar\u00e1 disponible?\" \/>\n<meta property=\"og:description\" content=\"A 20 a\u00f1os de su muerte, Cin\u00e9polis har\u00e1 un homenaje a Roc\u00edo D\u00farcal con una funci\u00f3n especial, as\u00ed&hellip;\" \/>\n<meta property=\"og:url\" content=\"https:\/\/grupohoymexico.com\/nuevo-leon\/2026\/03\/06\/menu-tematico-de-rocio-durcal-en-cinepolis-cuando-estara-disponible\/\" \/>\n<meta property=\"og:site_name\" content=\"Grupo Hoy Nuevo Leon\" \/>\n<meta property=\"article:published_time\" content=\"2026-03-07T00:11:17+00:00\" \/>\n<meta property=\"article:modified_time\" content=\"2026-03-07T00:11:20+00:00\" \/>\n<meta name=\"author\" content=\"nestor\" \/>\n<meta name=\"twitter:card\" content=\"summary_large_image\" \/>\n<meta name=\"twitter:label1\" content=\"Escrito por\" \/>\n\t<meta name=\"twitter:data1\" content=\"nestor\" \/>\n\t<meta name=\"twitter:label2\" content=\"Tiempo de lectura\" \/>\n\t<meta name=\"twitter:data2\" content=\"3 minutos\" \/>\n<script type=\"application\/ld+json\" class=\"yoast-schema-graph\">{\"@context\":\"https:\\\/\\\/schema.org\",\"@graph\":[{\"@type\":\"Article\",\"@id\":\"https:\\\/\\\/grupohoymexico.com\\\/nuevo-leon\\\/2026\\\/03\\\/06\\\/menu-tematico-de-rocio-durcal-en-cinepolis-cuando-estara-disponible\\\/#article\",\"isPartOf\":{\"@id\":\"https:\\\/\\\/grupohoymexico.com\\\/nuevo-leon\\\/2026\\\/03\\\/06\\\/menu-tematico-de-rocio-durcal-en-cinepolis-cuando-estara-disponible\\\/\"},\"author\":{\"name\":\"nestor\",\"@id\":\"https:\\\/\\\/grupohoymexico.com\\\/nuevo-leon\\\/#\\\/schema\\\/person\\\/8201f3fa49669f346d08e15801e0ebc2\"},\"headline\":\"Men\u00fa tem\u00e1tico de Roc\u00edo D\u00farcal en Cin\u00e9polis: \u00bfCu\u00e1ndo estar\u00e1 disponible?\",\"datePublished\":\"2026-03-07T00:11:17+00:00\",\"dateModified\":\"2026-03-07T00:11:20+00:00\",\"mainEntityOfPage\":{\"@id\":\"https:\\\/\\\/grupohoymexico.com\\\/nuevo-leon\\\/2026\\\/03\\\/06\\\/menu-tematico-de-rocio-durcal-en-cinepolis-cuando-estara-disponible\\\/\"},\"wordCount\":687,\"commentCount\":0,\"image\":{\"@id\":\"https:\\\/\\\/grupohoymexico.com\\\/nuevo-leon\\\/2026\\\/03\\\/06\\\/menu-tematico-de-rocio-durcal-en-cinepolis-cuando-estara-disponible\\\/#primaryimage\"},\"thumbnailUrl\":\"https:\\\/\\\/grupohoymexico.com\\\/nuevo-leon\\\/wp-content\\\/uploads\\\/sites\\\/6\\\/2026\\\/03\\\/rocio_durcal_cinepolis_menu_tematico_20_anos_muerte_1.png\",\"keywords\":[\"Cin\u00e9polis\",\"Men\u00fa tem\u00e1tico\",\"Roc\u00edo D\u00farcal\"],\"articleSection\":[\"Entretenimiento\"],\"inLanguage\":\"es\",\"potentialAction\":[{\"@type\":\"CommentAction\",\"name\":\"Comment\",\"target\":[\"https:\\\/\\\/grupohoymexico.com\\\/nuevo-leon\\\/2026\\\/03\\\/06\\\/menu-tematico-de-rocio-durcal-en-cinepolis-cuando-estara-disponible\\\/#respond\"]}]},{\"@type\":\"WebPage\",\"@id\":\"https:\\\/\\\/grupohoymexico.com\\\/nuevo-leon\\\/2026\\\/03\\\/06\\\/menu-tematico-de-rocio-durcal-en-cinepolis-cuando-estara-disponible\\\/\",\"url\":\"https:\\\/\\\/grupohoymexico.com\\\/nuevo-leon\\\/2026\\\/03\\\/06\\\/menu-tematico-de-rocio-durcal-en-cinepolis-cuando-estara-disponible\\\/\",\"name\":\"Men\u00fa tem\u00e1tico de Roc\u00edo D\u00farcal en Cin\u00e9polis: \u00bfCu\u00e1ndo estar\u00e1 disponible? - Grupo Hoy Nuevo Leon\",\"isPartOf\":{\"@id\":\"https:\\\/\\\/grupohoymexico.com\\\/nuevo-leon\\\/#website\"},\"primaryImageOfPage\":{\"@id\":\"https:\\\/\\\/grupohoymexico.com\\\/nuevo-leon\\\/2026\\\/03\\\/06\\\/menu-tematico-de-rocio-durcal-en-cinepolis-cuando-estara-disponible\\\/#primaryimage\"},\"image\":{\"@id\":\"https:\\\/\\\/grupohoymexico.com\\\/nuevo-leon\\\/2026\\\/03\\\/06\\\/menu-tematico-de-rocio-durcal-en-cinepolis-cuando-estara-disponible\\\/#primaryimage\"},\"thumbnailUrl\":\"https:\\\/\\\/grupohoymexico.com\\\/nuevo-leon\\\/wp-content\\\/uploads\\\/sites\\\/6\\\/2026\\\/03\\\/rocio_durcal_cinepolis_menu_tematico_20_anos_muerte_1.png\",\"datePublished\":\"2026-03-07T00:11:17+00:00\",\"dateModified\":\"2026-03-07T00:11:20+00:00\",\"author\":{\"@id\":\"https:\\\/\\\/grupohoymexico.com\\\/nuevo-leon\\\/#\\\/schema\\\/person\\\/8201f3fa49669f346d08e15801e0ebc2\"},\"breadcrumb\":{\"@id\":\"https:\\\/\\\/grupohoymexico.com\\\/nuevo-leon\\\/2026\\\/03\\\/06\\\/menu-tematico-de-rocio-durcal-en-cinepolis-cuando-estara-disponible\\\/#breadcrumb\"},\"inLanguage\":\"es\",\"potentialAction\":[{\"@type\":\"ReadAction\",\"target\":[\"https:\\\/\\\/grupohoymexico.com\\\/nuevo-leon\\\/2026\\\/03\\\/06\\\/menu-tematico-de-rocio-durcal-en-cinepolis-cuando-estara-disponible\\\/\"]}]},{\"@type\":\"ImageObject\",\"inLanguage\":\"es\",\"@id\":\"https:\\\/\\\/grupohoymexico.com\\\/nuevo-leon\\\/2026\\\/03\\\/06\\\/menu-tematico-de-rocio-durcal-en-cinepolis-cuando-estara-disponible\\\/#primaryimage\",\"url\":\"https:\\\/\\\/grupohoymexico.com\\\/nuevo-leon\\\/wp-content\\\/uploads\\\/sites\\\/6\\\/2026\\\/03\\\/rocio_durcal_cinepolis_menu_tematico_20_anos_muerte_1.png\",\"contentUrl\":\"https:\\\/\\\/grupohoymexico.com\\\/nuevo-leon\\\/wp-content\\\/uploads\\\/sites\\\/6\\\/2026\\\/03\\\/rocio_durcal_cinepolis_menu_tematico_20_anos_muerte_1.png\",\"width\":1200,\"height\":638,\"caption\":\"Foto: Facebook\"},{\"@type\":\"BreadcrumbList\",\"@id\":\"https:\\\/\\\/grupohoymexico.com\\\/nuevo-leon\\\/2026\\\/03\\\/06\\\/menu-tematico-de-rocio-durcal-en-cinepolis-cuando-estara-disponible\\\/#breadcrumb\",\"itemListElement\":[{\"@type\":\"ListItem\",\"position\":1,\"name\":\"Inicio\",\"item\":\"https:\\\/\\\/grupohoymexico.com\\\/nuevo-leon\\\/\"},{\"@type\":\"ListItem\",\"position\":2,\"name\":\"Men\u00fa tem\u00e1tico de Roc\u00edo D\u00farcal en Cin\u00e9polis: \u00bfCu\u00e1ndo estar\u00e1 disponible?\"}]},{\"@type\":\"WebSite\",\"@id\":\"https:\\\/\\\/grupohoymexico.com\\\/nuevo-leon\\\/#website\",\"url\":\"https:\\\/\\\/grupohoymexico.com\\\/nuevo-leon\\\/\",\"name\":\"Grupo Hoy Nuevo Leon\",\"description\":\"Sitio l\u00edder de noticias en M\u00e9xico\",\"potentialAction\":[{\"@type\":\"SearchAction\",\"target\":{\"@type\":\"EntryPoint\",\"urlTemplate\":\"https:\\\/\\\/grupohoymexico.com\\\/nuevo-leon\\\/?s={search_term_string}\"},\"query-input\":{\"@type\":\"PropertyValueSpecification\",\"valueRequired\":true,\"valueName\":\"search_term_string\"}}],\"inLanguage\":\"es\"},{\"@type\":\"Person\",\"@id\":\"https:\\\/\\\/grupohoymexico.com\\\/nuevo-leon\\\/#\\\/schema\\\/person\\\/8201f3fa49669f346d08e15801e0ebc2\",\"name\":\"nestor\",\"image\":{\"@type\":\"ImageObject\",\"inLanguage\":\"es\",\"@id\":\"https:\\\/\\\/secure.gravatar.com\\\/avatar\\\/6675a6d9279ab1d8e7b7c55956d0013492fdc51e007e555bc58e5e0eac33d094?s=96&d=mm&r=g\",\"url\":\"https:\\\/\\\/secure.gravatar.com\\\/avatar\\\/6675a6d9279ab1d8e7b7c55956d0013492fdc51e007e555bc58e5e0eac33d094?s=96&d=mm&r=g\",\"contentUrl\":\"https:\\\/\\\/secure.gravatar.com\\\/avatar\\\/6675a6d9279ab1d8e7b7c55956d0013492fdc51e007e555bc58e5e0eac33d094?s=96&d=mm&r=g\",\"caption\":\"nestor\"},\"url\":\"https:\\\/\\\/grupohoymexico.com\\\/nuevo-leon\\\/author\\\/nestor\\\/\"}]}<\/script>\n<!-- \/ Yoast SEO Premium plugin. -->","yoast_head_json":{"title":"Men\u00fa tem\u00e1tico de Roc\u00edo D\u00farcal en Cin\u00e9polis: \u00bfCu\u00e1ndo estar\u00e1 disponible? - Grupo Hoy Nuevo Leon","robots":{"index":"index","follow":"follow","max-snippet":"max-snippet:-1","max-image-preview":"max-image-preview:large","max-video-preview":"max-video-preview:-1"},"canonical":"https:\/\/grupohoymexico.com\/nuevo-leon\/2026\/03\/06\/menu-tematico-de-rocio-durcal-en-cinepolis-cuando-estara-disponible\/","og_locale":"es_MX","og_type":"article","og_title":"Men\u00fa tem\u00e1tico de Roc\u00edo D\u00farcal en Cin\u00e9polis: \u00bfCu\u00e1ndo estar\u00e1 disponible?","og_description":"A 20 a\u00f1os de su muerte, Cin\u00e9polis har\u00e1 un homenaje a Roc\u00edo D\u00farcal con una funci\u00f3n especial, as\u00ed&hellip;","og_url":"https:\/\/grupohoymexico.com\/nuevo-leon\/2026\/03\/06\/menu-tematico-de-rocio-durcal-en-cinepolis-cuando-estara-disponible\/","og_site_name":"Grupo Hoy Nuevo Leon","article_published_time":"2026-03-07T00:11:17+00:00","article_modified_time":"2026-03-07T00:11:20+00:00","author":"nestor","twitter_card":"summary_large_image","twitter_misc":{"Escrito por":"nestor","Tiempo de lectura":"3 minutos"},"schema":{"@context":"https:\/\/schema.org","@graph":[{"@type":"Article","@id":"https:\/\/grupohoymexico.com\/nuevo-leon\/2026\/03\/06\/menu-tematico-de-rocio-durcal-en-cinepolis-cuando-estara-disponible\/#article","isPartOf":{"@id":"https:\/\/grupohoymexico.com\/nuevo-leon\/2026\/03\/06\/menu-tematico-de-rocio-durcal-en-cinepolis-cuando-estara-disponible\/"},"author":{"name":"nestor","@id":"https:\/\/grupohoymexico.com\/nuevo-leon\/#\/schema\/person\/8201f3fa49669f346d08e15801e0ebc2"},"headline":"Men\u00fa tem\u00e1tico de Roc\u00edo D\u00farcal en Cin\u00e9polis: \u00bfCu\u00e1ndo estar\u00e1 disponible?","datePublished":"2026-03-07T00:11:17+00:00","dateModified":"2026-03-07T00:11:20+00:00","mainEntityOfPage":{"@id":"https:\/\/grupohoymexico.com\/nuevo-leon\/2026\/03\/06\/menu-tematico-de-rocio-durcal-en-cinepolis-cuando-estara-disponible\/"},"wordCount":687,"commentCount":0,"image":{"@id":"https:\/\/grupohoymexico.com\/nuevo-leon\/2026\/03\/06\/menu-tematico-de-rocio-durcal-en-cinepolis-cuando-estara-disponible\/#primaryimage"},"thumbnailUrl":"https:\/\/grupohoymexico.com\/nuevo-leon\/wp-content\/uploads\/sites\/6\/2026\/03\/rocio_durcal_cinepolis_menu_tematico_20_anos_muerte_1.png","keywords":["Cin\u00e9polis","Men\u00fa tem\u00e1tico","Roc\u00edo D\u00farcal"],"articleSection":["Entretenimiento"],"inLanguage":"es","potentialAction":[{"@type":"CommentAction","name":"Comment","target":["https:\/\/grupohoymexico.com\/nuevo-leon\/2026\/03\/06\/menu-tematico-de-rocio-durcal-en-cinepolis-cuando-estara-disponible\/#respond"]}]},{"@type":"WebPage","@id":"https:\/\/grupohoymexico.com\/nuevo-leon\/2026\/03\/06\/menu-tematico-de-rocio-durcal-en-cinepolis-cuando-estara-disponible\/","url":"https:\/\/grupohoymexico.com\/nuevo-leon\/2026\/03\/06\/menu-tematico-de-rocio-durcal-en-cinepolis-cuando-estara-disponible\/","name":"Men\u00fa tem\u00e1tico de Roc\u00edo D\u00farcal en Cin\u00e9polis: \u00bfCu\u00e1ndo estar\u00e1 disponible? - Grupo Hoy Nuevo Leon","isPartOf":{"@id":"https:\/\/grupohoymexico.com\/nuevo-leon\/#website"},"primaryImageOfPage":{"@id":"https:\/\/grupohoymexico.com\/nuevo-leon\/2026\/03\/06\/menu-tematico-de-rocio-durcal-en-cinepolis-cuando-estara-disponible\/#primaryimage"},"image":{"@id":"https:\/\/grupohoymexico.com\/nuevo-leon\/2026\/03\/06\/menu-tematico-de-rocio-durcal-en-cinepolis-cuando-estara-disponible\/#primaryimage"},"thumbnailUrl":"https:\/\/grupohoymexico.com\/nuevo-leon\/wp-content\/uploads\/sites\/6\/2026\/03\/rocio_durcal_cinepolis_menu_tematico_20_anos_muerte_1.png","datePublished":"2026-03-07T00:11:17+00:00","dateModified":"2026-03-07T00:11:20+00:00","author":{"@id":"https:\/\/grupohoymexico.com\/nuevo-leon\/#\/schema\/person\/8201f3fa49669f346d08e15801e0ebc2"},"breadcrumb":{"@id":"https:\/\/grupohoymexico.com\/nuevo-leon\/2026\/03\/06\/menu-tematico-de-rocio-durcal-en-cinepolis-cuando-estara-disponible\/#breadcrumb"},"inLanguage":"es","potentialAction":[{"@type":"ReadAction","target":["https:\/\/grupohoymexico.com\/nuevo-leon\/2026\/03\/06\/menu-tematico-de-rocio-durcal-en-cinepolis-cuando-estara-disponible\/"]}]},{"@type":"ImageObject","inLanguage":"es","@id":"https:\/\/grupohoymexico.com\/nuevo-leon\/2026\/03\/06\/menu-tematico-de-rocio-durcal-en-cinepolis-cuando-estara-disponible\/#primaryimage","url":"https:\/\/grupohoymexico.com\/nuevo-leon\/wp-content\/uploads\/sites\/6\/2026\/03\/rocio_durcal_cinepolis_menu_tematico_20_anos_muerte_1.png","contentUrl":"https:\/\/grupohoymexico.com\/nuevo-leon\/wp-content\/uploads\/sites\/6\/2026\/03\/rocio_durcal_cinepolis_menu_tematico_20_anos_muerte_1.png","width":1200,"height":638,"caption":"Foto: Facebook"},{"@type":"BreadcrumbList","@id":"https:\/\/grupohoymexico.com\/nuevo-leon\/2026\/03\/06\/menu-tematico-de-rocio-durcal-en-cinepolis-cuando-estara-disponible\/#breadcrumb","itemListElement":[{"@type":"ListItem","position":1,"name":"Inicio","item":"https:\/\/grupohoymexico.com\/nuevo-leon\/"},{"@type":"ListItem","position":2,"name":"Men\u00fa tem\u00e1tico de Roc\u00edo D\u00farcal en Cin\u00e9polis: \u00bfCu\u00e1ndo estar\u00e1 disponible?"}]},{"@type":"WebSite","@id":"https:\/\/grupohoymexico.com\/nuevo-leon\/#website","url":"https:\/\/grupohoymexico.com\/nuevo-leon\/","name":"Grupo Hoy Nuevo Leon","description":"Sitio l\u00edder de noticias en M\u00e9xico","potentialAction":[{"@type":"SearchAction","target":{"@type":"EntryPoint","urlTemplate":"https:\/\/grupohoymexico.com\/nuevo-leon\/?s={search_term_string}"},"query-input":{"@type":"PropertyValueSpecification","valueRequired":true,"valueName":"search_term_string"}}],"inLanguage":"es"},{"@type":"Person","@id":"https:\/\/grupohoymexico.com\/nuevo-leon\/#\/schema\/person\/8201f3fa49669f346d08e15801e0ebc2","name":"nestor","image":{"@type":"ImageObject","inLanguage":"es","@id":"https:\/\/secure.gravatar.com\/avatar\/6675a6d9279ab1d8e7b7c55956d0013492fdc51e007e555bc58e5e0eac33d094?s=96&d=mm&r=g","url":"https:\/\/secure.gravatar.com\/avatar\/6675a6d9279ab1d8e7b7c55956d0013492fdc51e007e555bc58e5e0eac33d094?s=96&d=mm&r=g","contentUrl":"https:\/\/secure.gravatar.com\/avatar\/6675a6d9279ab1d8e7b7c55956d0013492fdc51e007e555bc58e5e0eac33d094?s=96&d=mm&r=g","caption":"nestor"},"url":"https:\/\/grupohoymexico.com\/nuevo-leon\/author\/nestor\/"}]}},"_links":{"self":[{"href":"https:\/\/grupohoymexico.com\/nuevo-leon\/wp-json\/wp\/v2\/posts\/34357","targetHints":{"allow":["GET"]}}],"collection":[{"href":"https:\/\/grupohoymexico.com\/nuevo-leon\/wp-json\/wp\/v2\/posts"}],"about":[{"href":"https:\/\/grupohoymexico.com\/nuevo-leon\/wp-json\/wp\/v2\/types\/post"}],"author":[{"embeddable":true,"href":"https:\/\/grupohoymexico.com\/nuevo-leon\/wp-json\/wp\/v2\/users\/15"}],"replies":[{"embeddable":true,"href":"https:\/\/grupohoymexico.com\/nuevo-leon\/wp-json\/wp\/v2\/comments?post=34357"}],"version-history":[{"count":0,"href":"https:\/\/grupohoymexico.com\/nuevo-leon\/wp-json\/wp\/v2\/posts\/34357\/revisions"}],"wp:featuredmedia":[{"embeddable":true,"href":"https:\/\/grupohoymexico.com\/nuevo-leon\/wp-json\/wp\/v2\/media\/34358"}],"wp:attachment":[{"href":"https:\/\/grupohoymexico.com\/nuevo-leon\/wp-json\/wp\/v2\/media?parent=34357"}],"wp:term":[{"taxonomy":"category","embeddable":true,"href":"https:\/\/grupohoymexico.com\/nuevo-leon\/wp-json\/wp\/v2\/categories?post=34357"},{"taxonomy":"post_tag","embeddable":true,"href":"https:\/\/grupohoymexico.com\/nuevo-leon\/wp-json\/wp\/v2\/tags?post=34357"}],"curies":[{"name":"wp","href":"https:\/\/api.w.org\/{rel}","templated":true}]}}