{"id":34069,"date":"2026-03-04T08:28:45","date_gmt":"2026-03-04T14:28:45","guid":{"rendered":"https:\/\/grupohoymexico.com\/nuevo-leon\/2026\/03\/04\/muere-ana-luisa-peluffo-a-los-96-anos\/"},"modified":"2026-03-04T08:47:28","modified_gmt":"2026-03-04T14:47:28","slug":"muere-ana-luisa-peluffo-a-los-96-anos","status":"publish","type":"post","link":"https:\/\/grupohoymexico.com\/nuevo-leon\/2026\/03\/04\/muere-ana-luisa-peluffo-a-los-96-anos\/","title":{"rendered":"Muere Ana Luisa Peluffo a los 96 a\u00f1os, \u00edcono de la \u00c9poca de Oro del cine mexicano"},"content":{"rendered":"\n<p>La actriz mexicana <strong>Ana Luisa Peluffo<\/strong> falleci\u00f3 a los 96 a\u00f1os de edad, inform\u00f3 su familia a trav\u00e9s de un comunicado oficial. La figura de la <strong>\u00c9poca de Oro del cine mexicano<\/strong> muri\u00f3 en paz en su rancho en Jalisco, acompa\u00f1ada por sus seres queridos y cercana a su hijo durante sus \u00faltimos momentos.<\/p>\n\n\n\n<p>De acuerdo con el mensaje difundido, la actriz vivi\u00f3 sus \u00faltimos a\u00f1os con serenidad y bajo cuidados constantes. La familia detall\u00f3 que los servicios funerarios se realizaron de manera \u00edntima y privada, en apego a su voluntad. Asimismo, agradecieron las muestras de cari\u00f1o que el p\u00fablico le expres\u00f3 a lo largo de su extensa trayectoria art\u00edstica y solicitaron respeto y comprensi\u00f3n ante la p\u00e9rdida.<\/p>\n\n\n\n<p>Visita nuestra p\u00e1gina de <strong>Facebook<\/strong> y de <strong>Instagram<\/strong>.<\/p>\n\n\n\n<h2 class=\"wp-block-heading\" id=\"h-trayectoria-de-ana-luisa-peluffo-en-el-cine-mexicano\">Trayectoria de Ana Luisa Peluffo en el cine mexicano<\/h2>\n\n\n\n<p>Nacida el 5 de diciembre en <strong>Quer\u00e9taro<\/strong>, <strong>Ana Luisa Peluffo<\/strong> desarroll\u00f3 una carrera que super\u00f3 las 200 pel\u00edculas, consolid\u00e1ndose como una de las actrices m\u00e1s reconocidas del cine nacional. Adem\u00e1s de su trabajo en la pantalla grande, destac\u00f3 como nadadora, bailarina acu\u00e1tica y pintora, facetas que enriquecieron su perfil art\u00edstico.<\/p>\n\n\n\n<p>Su talento, porte y presencia esc\u00e9nica le permitieron trascender fronteras y posicionarse como una figura emblem\u00e1tica no solo en <strong>M\u00e9xico<\/strong>, sino tambi\u00e9n en el extranjero. La trayectoria de <strong><a href=\"http:\/\/imdb.com\/es-es\/name\/nm0671381\/?reasonForLanguagePrompt=browser_header_mismatch\" target=\"_blank\" rel=\"noreferrer noopener\">Ana Luisa Peluffo<\/a><\/strong> en el cine mexicano es considerada referente de una etapa clave para la industria cinematogr\u00e1fica del pa\u00eds.<\/p>\n\n\n\n<h2 class=\"wp-block-heading\" id=\"h-ana-luisa-peluffo-primer-desnudo-en-el-cine-mexicano\">Ana Luisa Peluffo: primer desnudo en el cine mexicano<\/h2>\n\n\n\n<p>Uno de los momentos m\u00e1s comentados de su carrera ocurri\u00f3 en 1955 con la pel\u00edcula La fuerza del deseo, donde protagoniz\u00f3 el primer desnudo en el cine mexicano. La escena gener\u00f3 opiniones divididas entre el p\u00fablico y la prensa de la \u00e9poca, marcando un precedente en la historia cinematogr\u00e1fica nacional.<\/p>\n\n\n\n<p>Posteriormente, la actriz volvi\u00f3 a aparecer desnuda en producciones como <strong>El seductor<\/strong>, <strong>La ileg\u00edtima<\/strong> y <strong>La Diana Cazadora<\/strong>, esta \u00faltima promovida como una cinta exclusivamente para adultos. Estos proyectos reforzaron su imagen como una int\u00e9rprete audaz que rompi\u00f3 esquemas en una industria tradicional.<\/p>\n\n\n\n<h2 class=\"wp-block-heading\" id=\"h-legado-de-ana-luisa-peluffo-en-la-epoca-de-oro\">Legado de Ana Luisa Peluffo en la \u00c9poca de Oro<\/h2>\n\n\n\n<p>Con la muerte de <strong>Ana Luisa Peluffo<\/strong> a los 96 a\u00f1os, el cine mexicano pierde a una de sus figuras m\u00e1s representativas. Su legado permanece en la memoria colectiva gracias a una filmograf\u00eda amplia y a su contribuci\u00f3n en momentos decisivos para la evoluci\u00f3n del s\u00e9ptimo arte en <strong><a href=\"https:\/\/www.gob.mx\/\" target=\"_blank\" rel=\"noreferrer noopener\">M\u00e9xico<\/a><\/strong>.<\/p>\n\n\n\n<p>La actriz deja una huella imborrable en la historia cultural del pa\u00eds, al haber sido parte fundamental de la <strong>\u00c9poca de Oro del cine mexicano<\/strong> y al abrir camino a nuevas expresiones art\u00edsticas dentro de la pantalla grande.<\/p>\n\n\n\n<p><\/p>\n","protected":false},"excerpt":{"rendered":"La actriz mexicana Ana Luisa Peluffo falleci\u00f3 a los 96 a\u00f1os de edad, inform\u00f3 su familia a trav\u00e9s&hellip;","protected":false},"author":30,"featured_media":34070,"comment_status":"open","ping_status":"open","sticky":false,"template":"","format":"standard","meta":{"csco_display_header_overlay":false,"csco_singular_sidebar":"","csco_page_header_type":"","csco_page_load_nextpost":"","csco_post_video_location":[],"csco_post_video_location_hash":"","csco_post_video_url":"","csco_post_video_bg_start_time":0,"csco_post_video_bg_end_time":0,"footnotes":""},"categories":[792],"tags":[1259,1260,1261],"class_list":{"0":"post-34069","1":"post","2":"type-post","3":"status-publish","4":"format-standard","5":"has-post-thumbnail","7":"category-entretenimiento","8":"tag-ana-luisa-peluffo","9":"tag-epoca-de-oro-del-cine-mexicano","10":"tag-muerte-luisa-peluffo","11":"cs-entry","12":"cs-video-wrap"},"yoast_head":"<!-- This site is optimized with the Yoast SEO Premium plugin v24.7 (Yoast SEO v27.4) - https:\/\/yoast.com\/product\/yoast-seo-premium-wordpress\/ -->\n<title>Muere Ana Luisa Peluffo a los 96 a\u00f1os, de Oro del cine mexicano<\/title>\n<meta name=\"description\" content=\"La actriz mexicana Ana Luisa Peluffo falleci\u00f3 a los 96 a\u00f1os de edad, inform\u00f3 su familia a trav\u00e9s de un comunicado oficial.\" \/>\n<meta name=\"robots\" content=\"index, follow, max-snippet:-1, max-image-preview:large, max-video-preview:-1\" \/>\n<link rel=\"canonical\" href=\"https:\/\/grupohoymexico.com\/nuevo-leon\/2026\/03\/04\/muere-ana-luisa-peluffo-a-los-96-anos\/\" \/>\n<meta property=\"og:locale\" content=\"es_MX\" \/>\n<meta property=\"og:type\" content=\"article\" \/>\n<meta property=\"og:title\" content=\"Muere Ana Luisa Peluffo a los 96 a\u00f1os, \u00edcono de la \u00c9poca de Oro del cine mexicano\" \/>\n<meta property=\"og:description\" content=\"La actriz mexicana Ana Luisa Peluffo falleci\u00f3 a los 96 a\u00f1os de edad, inform\u00f3 su familia a trav\u00e9s de un comunicado oficial.\" \/>\n<meta property=\"og:url\" content=\"https:\/\/grupohoymexico.com\/nuevo-leon\/2026\/03\/04\/muere-ana-luisa-peluffo-a-los-96-anos\/\" \/>\n<meta property=\"og:site_name\" content=\"Grupo Hoy Nuevo Leon\" \/>\n<meta property=\"article:published_time\" content=\"2026-03-04T14:28:45+00:00\" \/>\n<meta property=\"article:modified_time\" content=\"2026-03-04T14:47:28+00:00\" \/>\n<meta property=\"og:image\" content=\"https:\/\/grupohoymexico.com\/nuevo-leon\/wp-content\/uploads\/sites\/6\/2026\/03\/Portal-GH-25.png\" \/>\n\t<meta property=\"og:image:width\" content=\"1200\" \/>\n\t<meta property=\"og:image:height\" content=\"638\" \/>\n\t<meta property=\"og:image:type\" content=\"image\/png\" \/>\n<meta name=\"author\" content=\"eduardo\" \/>\n<meta name=\"twitter:card\" content=\"summary_large_image\" \/>\n<meta name=\"twitter:label1\" content=\"Escrito por\" \/>\n\t<meta name=\"twitter:data1\" content=\"eduardo\" \/>\n\t<meta name=\"twitter:label2\" content=\"Tiempo de lectura\" \/>\n\t<meta name=\"twitter:data2\" content=\"3 minutos\" \/>\n<script type=\"application\/ld+json\" class=\"yoast-schema-graph\">{\"@context\":\"https:\\\/\\\/schema.org\",\"@graph\":[{\"@type\":\"Article\",\"@id\":\"https:\\\/\\\/grupohoymexico.com\\\/nuevo-leon\\\/2026\\\/03\\\/04\\\/muere-ana-luisa-peluffo-a-los-96-anos\\\/#article\",\"isPartOf\":{\"@id\":\"https:\\\/\\\/grupohoymexico.com\\\/nuevo-leon\\\/2026\\\/03\\\/04\\\/muere-ana-luisa-peluffo-a-los-96-anos\\\/\"},\"author\":{\"name\":\"eduardo\",\"@id\":\"https:\\\/\\\/grupohoymexico.com\\\/nuevo-leon\\\/#\\\/schema\\\/person\\\/e95b7b8df1e5c291ede743c160292779\"},\"headline\":\"Muere Ana Luisa Peluffo a los 96 a\u00f1os, \u00edcono de la \u00c9poca de Oro del cine mexicano\",\"datePublished\":\"2026-03-04T14:28:45+00:00\",\"dateModified\":\"2026-03-04T14:47:28+00:00\",\"mainEntityOfPage\":{\"@id\":\"https:\\\/\\\/grupohoymexico.com\\\/nuevo-leon\\\/2026\\\/03\\\/04\\\/muere-ana-luisa-peluffo-a-los-96-anos\\\/\"},\"wordCount\":482,\"commentCount\":0,\"image\":{\"@id\":\"https:\\\/\\\/grupohoymexico.com\\\/nuevo-leon\\\/2026\\\/03\\\/04\\\/muere-ana-luisa-peluffo-a-los-96-anos\\\/#primaryimage\"},\"thumbnailUrl\":\"https:\\\/\\\/grupohoymexico.com\\\/nuevo-leon\\\/wp-content\\\/uploads\\\/sites\\\/6\\\/2026\\\/03\\\/Portal-GH-25.png\",\"keywords\":[\"ana luisa peluffo\",\"epoca de oro del cine mexicano\",\"muerte luisa peluffo\"],\"articleSection\":[\"Entretenimiento\"],\"inLanguage\":\"es\",\"potentialAction\":[{\"@type\":\"CommentAction\",\"name\":\"Comment\",\"target\":[\"https:\\\/\\\/grupohoymexico.com\\\/nuevo-leon\\\/2026\\\/03\\\/04\\\/muere-ana-luisa-peluffo-a-los-96-anos\\\/#respond\"]}]},{\"@type\":\"WebPage\",\"@id\":\"https:\\\/\\\/grupohoymexico.com\\\/nuevo-leon\\\/2026\\\/03\\\/04\\\/muere-ana-luisa-peluffo-a-los-96-anos\\\/\",\"url\":\"https:\\\/\\\/grupohoymexico.com\\\/nuevo-leon\\\/2026\\\/03\\\/04\\\/muere-ana-luisa-peluffo-a-los-96-anos\\\/\",\"name\":\"Muere Ana Luisa Peluffo a los 96 a\u00f1os, de Oro del cine mexicano\",\"isPartOf\":{\"@id\":\"https:\\\/\\\/grupohoymexico.com\\\/nuevo-leon\\\/#website\"},\"primaryImageOfPage\":{\"@id\":\"https:\\\/\\\/grupohoymexico.com\\\/nuevo-leon\\\/2026\\\/03\\\/04\\\/muere-ana-luisa-peluffo-a-los-96-anos\\\/#primaryimage\"},\"image\":{\"@id\":\"https:\\\/\\\/grupohoymexico.com\\\/nuevo-leon\\\/2026\\\/03\\\/04\\\/muere-ana-luisa-peluffo-a-los-96-anos\\\/#primaryimage\"},\"thumbnailUrl\":\"https:\\\/\\\/grupohoymexico.com\\\/nuevo-leon\\\/wp-content\\\/uploads\\\/sites\\\/6\\\/2026\\\/03\\\/Portal-GH-25.png\",\"datePublished\":\"2026-03-04T14:28:45+00:00\",\"dateModified\":\"2026-03-04T14:47:28+00:00\",\"author\":{\"@id\":\"https:\\\/\\\/grupohoymexico.com\\\/nuevo-leon\\\/#\\\/schema\\\/person\\\/e95b7b8df1e5c291ede743c160292779\"},\"description\":\"La actriz mexicana Ana Luisa Peluffo falleci\u00f3 a los 96 a\u00f1os de edad, inform\u00f3 su familia a trav\u00e9s de un comunicado oficial.\",\"breadcrumb\":{\"@id\":\"https:\\\/\\\/grupohoymexico.com\\\/nuevo-leon\\\/2026\\\/03\\\/04\\\/muere-ana-luisa-peluffo-a-los-96-anos\\\/#breadcrumb\"},\"inLanguage\":\"es\",\"potentialAction\":[{\"@type\":\"ReadAction\",\"target\":[\"https:\\\/\\\/grupohoymexico.com\\\/nuevo-leon\\\/2026\\\/03\\\/04\\\/muere-ana-luisa-peluffo-a-los-96-anos\\\/\"]}]},{\"@type\":\"ImageObject\",\"inLanguage\":\"es\",\"@id\":\"https:\\\/\\\/grupohoymexico.com\\\/nuevo-leon\\\/2026\\\/03\\\/04\\\/muere-ana-luisa-peluffo-a-los-96-anos\\\/#primaryimage\",\"url\":\"https:\\\/\\\/grupohoymexico.com\\\/nuevo-leon\\\/wp-content\\\/uploads\\\/sites\\\/6\\\/2026\\\/03\\\/Portal-GH-25.png\",\"contentUrl\":\"https:\\\/\\\/grupohoymexico.com\\\/nuevo-leon\\\/wp-content\\\/uploads\\\/sites\\\/6\\\/2026\\\/03\\\/Portal-GH-25.png\",\"width\":1200,\"height\":638,\"caption\":\"Imagen: FreePik\"},{\"@type\":\"BreadcrumbList\",\"@id\":\"https:\\\/\\\/grupohoymexico.com\\\/nuevo-leon\\\/2026\\\/03\\\/04\\\/muere-ana-luisa-peluffo-a-los-96-anos\\\/#breadcrumb\",\"itemListElement\":[{\"@type\":\"ListItem\",\"position\":1,\"name\":\"Inicio\",\"item\":\"https:\\\/\\\/grupohoymexico.com\\\/nuevo-leon\\\/\"},{\"@type\":\"ListItem\",\"position\":2,\"name\":\"Muere Ana Luisa Peluffo a los 96 a\u00f1os, \u00edcono de la \u00c9poca de Oro del cine mexicano\"}]},{\"@type\":\"WebSite\",\"@id\":\"https:\\\/\\\/grupohoymexico.com\\\/nuevo-leon\\\/#website\",\"url\":\"https:\\\/\\\/grupohoymexico.com\\\/nuevo-leon\\\/\",\"name\":\"Grupo Hoy Nuevo Leon\",\"description\":\"Sitio l\u00edder de noticias en M\u00e9xico\",\"potentialAction\":[{\"@type\":\"SearchAction\",\"target\":{\"@type\":\"EntryPoint\",\"urlTemplate\":\"https:\\\/\\\/grupohoymexico.com\\\/nuevo-leon\\\/?s={search_term_string}\"},\"query-input\":{\"@type\":\"PropertyValueSpecification\",\"valueRequired\":true,\"valueName\":\"search_term_string\"}}],\"inLanguage\":\"es\"},{\"@type\":\"Person\",\"@id\":\"https:\\\/\\\/grupohoymexico.com\\\/nuevo-leon\\\/#\\\/schema\\\/person\\\/e95b7b8df1e5c291ede743c160292779\",\"name\":\"eduardo\",\"image\":{\"@type\":\"ImageObject\",\"inLanguage\":\"es\",\"@id\":\"https:\\\/\\\/secure.gravatar.com\\\/avatar\\\/ecdd30dcf3feeb5f57f13840c3daeb08334d3b69de7bb9e067a540c4925a9788?s=96&d=mm&r=g\",\"url\":\"https:\\\/\\\/secure.gravatar.com\\\/avatar\\\/ecdd30dcf3feeb5f57f13840c3daeb08334d3b69de7bb9e067a540c4925a9788?s=96&d=mm&r=g\",\"contentUrl\":\"https:\\\/\\\/secure.gravatar.com\\\/avatar\\\/ecdd30dcf3feeb5f57f13840c3daeb08334d3b69de7bb9e067a540c4925a9788?s=96&d=mm&r=g\",\"caption\":\"eduardo\"},\"url\":\"https:\\\/\\\/grupohoymexico.com\\\/nuevo-leon\\\/author\\\/eduardo\\\/\"}]}<\/script>\n<!-- \/ Yoast SEO Premium plugin. -->","yoast_head_json":{"title":"Muere Ana Luisa Peluffo a los 96 a\u00f1os, de Oro del cine mexicano","description":"La actriz mexicana Ana Luisa Peluffo falleci\u00f3 a los 96 a\u00f1os de edad, inform\u00f3 su familia a trav\u00e9s de un comunicado oficial.","robots":{"index":"index","follow":"follow","max-snippet":"max-snippet:-1","max-image-preview":"max-image-preview:large","max-video-preview":"max-video-preview:-1"},"canonical":"https:\/\/grupohoymexico.com\/nuevo-leon\/2026\/03\/04\/muere-ana-luisa-peluffo-a-los-96-anos\/","og_locale":"es_MX","og_type":"article","og_title":"Muere Ana Luisa Peluffo a los 96 a\u00f1os, \u00edcono de la \u00c9poca de Oro del cine mexicano","og_description":"La actriz mexicana Ana Luisa Peluffo falleci\u00f3 a los 96 a\u00f1os de edad, inform\u00f3 su familia a trav\u00e9s de un comunicado oficial.","og_url":"https:\/\/grupohoymexico.com\/nuevo-leon\/2026\/03\/04\/muere-ana-luisa-peluffo-a-los-96-anos\/","og_site_name":"Grupo Hoy Nuevo Leon","article_published_time":"2026-03-04T14:28:45+00:00","article_modified_time":"2026-03-04T14:47:28+00:00","og_image":[{"width":1200,"height":638,"url":"https:\/\/grupohoymexico.com\/nuevo-leon\/wp-content\/uploads\/sites\/6\/2026\/03\/Portal-GH-25.png","type":"image\/png"}],"author":"eduardo","twitter_card":"summary_large_image","twitter_misc":{"Escrito por":"eduardo","Tiempo de lectura":"3 minutos"},"schema":{"@context":"https:\/\/schema.org","@graph":[{"@type":"Article","@id":"https:\/\/grupohoymexico.com\/nuevo-leon\/2026\/03\/04\/muere-ana-luisa-peluffo-a-los-96-anos\/#article","isPartOf":{"@id":"https:\/\/grupohoymexico.com\/nuevo-leon\/2026\/03\/04\/muere-ana-luisa-peluffo-a-los-96-anos\/"},"author":{"name":"eduardo","@id":"https:\/\/grupohoymexico.com\/nuevo-leon\/#\/schema\/person\/e95b7b8df1e5c291ede743c160292779"},"headline":"Muere Ana Luisa Peluffo a los 96 a\u00f1os, \u00edcono de la \u00c9poca de Oro del cine mexicano","datePublished":"2026-03-04T14:28:45+00:00","dateModified":"2026-03-04T14:47:28+00:00","mainEntityOfPage":{"@id":"https:\/\/grupohoymexico.com\/nuevo-leon\/2026\/03\/04\/muere-ana-luisa-peluffo-a-los-96-anos\/"},"wordCount":482,"commentCount":0,"image":{"@id":"https:\/\/grupohoymexico.com\/nuevo-leon\/2026\/03\/04\/muere-ana-luisa-peluffo-a-los-96-anos\/#primaryimage"},"thumbnailUrl":"https:\/\/grupohoymexico.com\/nuevo-leon\/wp-content\/uploads\/sites\/6\/2026\/03\/Portal-GH-25.png","keywords":["ana luisa peluffo","epoca de oro del cine mexicano","muerte luisa peluffo"],"articleSection":["Entretenimiento"],"inLanguage":"es","potentialAction":[{"@type":"CommentAction","name":"Comment","target":["https:\/\/grupohoymexico.com\/nuevo-leon\/2026\/03\/04\/muere-ana-luisa-peluffo-a-los-96-anos\/#respond"]}]},{"@type":"WebPage","@id":"https:\/\/grupohoymexico.com\/nuevo-leon\/2026\/03\/04\/muere-ana-luisa-peluffo-a-los-96-anos\/","url":"https:\/\/grupohoymexico.com\/nuevo-leon\/2026\/03\/04\/muere-ana-luisa-peluffo-a-los-96-anos\/","name":"Muere Ana Luisa Peluffo a los 96 a\u00f1os, de Oro del cine mexicano","isPartOf":{"@id":"https:\/\/grupohoymexico.com\/nuevo-leon\/#website"},"primaryImageOfPage":{"@id":"https:\/\/grupohoymexico.com\/nuevo-leon\/2026\/03\/04\/muere-ana-luisa-peluffo-a-los-96-anos\/#primaryimage"},"image":{"@id":"https:\/\/grupohoymexico.com\/nuevo-leon\/2026\/03\/04\/muere-ana-luisa-peluffo-a-los-96-anos\/#primaryimage"},"thumbnailUrl":"https:\/\/grupohoymexico.com\/nuevo-leon\/wp-content\/uploads\/sites\/6\/2026\/03\/Portal-GH-25.png","datePublished":"2026-03-04T14:28:45+00:00","dateModified":"2026-03-04T14:47:28+00:00","author":{"@id":"https:\/\/grupohoymexico.com\/nuevo-leon\/#\/schema\/person\/e95b7b8df1e5c291ede743c160292779"},"description":"La actriz mexicana Ana Luisa Peluffo falleci\u00f3 a los 96 a\u00f1os de edad, inform\u00f3 su familia a trav\u00e9s de un comunicado oficial.","breadcrumb":{"@id":"https:\/\/grupohoymexico.com\/nuevo-leon\/2026\/03\/04\/muere-ana-luisa-peluffo-a-los-96-anos\/#breadcrumb"},"inLanguage":"es","potentialAction":[{"@type":"ReadAction","target":["https:\/\/grupohoymexico.com\/nuevo-leon\/2026\/03\/04\/muere-ana-luisa-peluffo-a-los-96-anos\/"]}]},{"@type":"ImageObject","inLanguage":"es","@id":"https:\/\/grupohoymexico.com\/nuevo-leon\/2026\/03\/04\/muere-ana-luisa-peluffo-a-los-96-anos\/#primaryimage","url":"https:\/\/grupohoymexico.com\/nuevo-leon\/wp-content\/uploads\/sites\/6\/2026\/03\/Portal-GH-25.png","contentUrl":"https:\/\/grupohoymexico.com\/nuevo-leon\/wp-content\/uploads\/sites\/6\/2026\/03\/Portal-GH-25.png","width":1200,"height":638,"caption":"Imagen: FreePik"},{"@type":"BreadcrumbList","@id":"https:\/\/grupohoymexico.com\/nuevo-leon\/2026\/03\/04\/muere-ana-luisa-peluffo-a-los-96-anos\/#breadcrumb","itemListElement":[{"@type":"ListItem","position":1,"name":"Inicio","item":"https:\/\/grupohoymexico.com\/nuevo-leon\/"},{"@type":"ListItem","position":2,"name":"Muere Ana Luisa Peluffo a los 96 a\u00f1os, \u00edcono de la \u00c9poca de Oro del cine mexicano"}]},{"@type":"WebSite","@id":"https:\/\/grupohoymexico.com\/nuevo-leon\/#website","url":"https:\/\/grupohoymexico.com\/nuevo-leon\/","name":"Grupo Hoy Nuevo Leon","description":"Sitio l\u00edder de noticias en M\u00e9xico","potentialAction":[{"@type":"SearchAction","target":{"@type":"EntryPoint","urlTemplate":"https:\/\/grupohoymexico.com\/nuevo-leon\/?s={search_term_string}"},"query-input":{"@type":"PropertyValueSpecification","valueRequired":true,"valueName":"search_term_string"}}],"inLanguage":"es"},{"@type":"Person","@id":"https:\/\/grupohoymexico.com\/nuevo-leon\/#\/schema\/person\/e95b7b8df1e5c291ede743c160292779","name":"eduardo","image":{"@type":"ImageObject","inLanguage":"es","@id":"https:\/\/secure.gravatar.com\/avatar\/ecdd30dcf3feeb5f57f13840c3daeb08334d3b69de7bb9e067a540c4925a9788?s=96&d=mm&r=g","url":"https:\/\/secure.gravatar.com\/avatar\/ecdd30dcf3feeb5f57f13840c3daeb08334d3b69de7bb9e067a540c4925a9788?s=96&d=mm&r=g","contentUrl":"https:\/\/secure.gravatar.com\/avatar\/ecdd30dcf3feeb5f57f13840c3daeb08334d3b69de7bb9e067a540c4925a9788?s=96&d=mm&r=g","caption":"eduardo"},"url":"https:\/\/grupohoymexico.com\/nuevo-leon\/author\/eduardo\/"}]}},"_links":{"self":[{"href":"https:\/\/grupohoymexico.com\/nuevo-leon\/wp-json\/wp\/v2\/posts\/34069","targetHints":{"allow":["GET"]}}],"collection":[{"href":"https:\/\/grupohoymexico.com\/nuevo-leon\/wp-json\/wp\/v2\/posts"}],"about":[{"href":"https:\/\/grupohoymexico.com\/nuevo-leon\/wp-json\/wp\/v2\/types\/post"}],"author":[{"embeddable":true,"href":"https:\/\/grupohoymexico.com\/nuevo-leon\/wp-json\/wp\/v2\/users\/30"}],"replies":[{"embeddable":true,"href":"https:\/\/grupohoymexico.com\/nuevo-leon\/wp-json\/wp\/v2\/comments?post=34069"}],"version-history":[{"count":1,"href":"https:\/\/grupohoymexico.com\/nuevo-leon\/wp-json\/wp\/v2\/posts\/34069\/revisions"}],"predecessor-version":[{"id":34072,"href":"https:\/\/grupohoymexico.com\/nuevo-leon\/wp-json\/wp\/v2\/posts\/34069\/revisions\/34072"}],"wp:featuredmedia":[{"embeddable":true,"href":"https:\/\/grupohoymexico.com\/nuevo-leon\/wp-json\/wp\/v2\/media\/34070"}],"wp:attachment":[{"href":"https:\/\/grupohoymexico.com\/nuevo-leon\/wp-json\/wp\/v2\/media?parent=34069"}],"wp:term":[{"taxonomy":"category","embeddable":true,"href":"https:\/\/grupohoymexico.com\/nuevo-leon\/wp-json\/wp\/v2\/categories?post=34069"},{"taxonomy":"post_tag","embeddable":true,"href":"https:\/\/grupohoymexico.com\/nuevo-leon\/wp-json\/wp\/v2\/tags?post=34069"}],"curies":[{"name":"wp","href":"https:\/\/api.w.org\/{rel}","templated":true}]}}