{"id":33062,"date":"2026-01-28T13:50:34","date_gmt":"2026-01-28T19:50:34","guid":{"rendered":"https:\/\/grupohoymexico.com\/nuevo-leon\/?p=33062"},"modified":"2026-01-28T13:50:34","modified_gmt":"2026-01-28T19:50:34","slug":"que-ha-pasado-en-el-caso-entre-cruz-martinez-y-alicia-villarreal","status":"publish","type":"post","link":"https:\/\/grupohoymexico.com\/nuevo-leon\/2026\/01\/28\/que-ha-pasado-en-el-caso-entre-cruz-martinez-y-alicia-villarreal\/","title":{"rendered":"\u00bfQu\u00e9 ha pasado en el caso entre Cruz Mart\u00ednez y Alicia Villarreal?"},"content":{"rendered":"<article><strong>Cruz Mart\u00ednez <\/strong>afirm\u00f3 que sus hijos residen actualmente con \u00e9l, en medio del conflicto legal que tiene con <strong>Alicia Villarreal <\/strong>por violencia familiar.<\/p>\n<p>La relaci\u00f3n entre los famosos comenz\u00f3 en <strong>2001<\/strong> y termin\u00f3 oficialmente con un divorcio que se divulg\u00f3 en <strong>2025<\/strong>. La pareja contrajo matrimonio en <strong>agosto de 2002<\/strong> y tuvo hijos en com\u00fan.<\/p>\n<p>Su separaci\u00f3n estuvo marcada por acusaciones mutuas, disputas p\u00fablicas y m\u00faltiples conflictos personales y profesionales que involucraron diversas denuncias y procedimientos judiciales.<\/p>\n<h2>\u00bfPor qu\u00e9 pelean Cruz Mart\u00ednez y Alivia Villarreal?<\/h2>\n<p>En <strong>noviembre de 2025<\/strong>, el m\u00fasico fue vinculado a proceso por presunta violencia familiar contra su expareja. La fiscal\u00eda local present\u00f3 cargos relacionados con estos hechos, los cuales se extendieron a una investigaci\u00f3n judicial que oblig\u00f3 a las partes a participar en audiencias y mecanismos legales.<\/p>\n<p>Paralelamente, Alicia Villarreal reaccion\u00f3 p\u00fablicamente ante esta situaci\u00f3n con Cruz Mart\u00ednez. Mientras, uno de sus hijos confirm\u00f3 el distanciamiento con la cantante y comparti\u00f3 detalles sobre la relaci\u00f3n familiar.<\/p>\n<p>Durante el proceso, la hija mayor de la pareja declar\u00f3 sobre su v\u00ednculo con sus hermanos y la importancia de mantener la relaci\u00f3n fraternal pese a las tensiones familiares. Adem\u00e1s, Cruz Mart\u00ednez expres\u00f3 preocupaci\u00f3n por la salud mental de Alicia Villarreal sin aportar detalles adicionales.<\/p>\n<h2>Custodia y conflicto legal<\/h2>\n<p>Las informaciones recientes indican que Cruz Mart\u00ednez celebr\u00f3 las fiestas decembrinas en compa\u00f1\u00eda de Arturo Carmona y reafirm\u00f3 que sus hijos se encuentran bajo su custodia y alejados de Alicia Villarreal. En sus declaraciones insinu\u00f3 que la cantante podr\u00eda estar siendo manipulada, sin presentar pruebas que fundamentaran ese se\u00f1alamiento.<\/p>\n<p>Este caso representa un episodio complejo dentro del \u00e1mbito del espect\u00e1culo mexicano, donde figuras p\u00fablicas enfrentan procesos judiciales y disputas familiares altamente medi\u00e1ticas. El marco institucional que rige las denuncias por violencia familiar y la protecci\u00f3n de menores en M\u00e9xico establece protocolos legales espec\u00edficos para garantizar el bienestar de los ni\u00f1os mientras se dirimen responsabilidades legales y p\u00fablicas de los adultos involucrados.<\/p>\n<p>La disputa entre los famosos mantiene la atenci\u00f3n debido a la trayectoria art\u00edstica de ambos y los temas que involucran derechos familiares, procesos judiciales por presuntas agresiones y la din\u00e1mica familiar expuesta p\u00fablicamente. Hasta el momento, las autoridades judiciales contin\u00faan con el seguimiento de la causa sin informar una resoluci\u00f3n definitiva.<\/p>\n<p>M\u00e1s informaci\u00f3n relacionada puede consultarse en la secci\u00f3n de <a href=\"https:\/\/grupohoymexico.com\/tlaxcala\/category\/espectaculos\/\">espect\u00e1culos<\/a> de este medio.<\/p>\n<p>Si eres v\u00edctima de violencia familiar, consulta la informaci\u00f3n oficial sobre los protocolos disponibles en la <a href=\"https:\/\/www.gob.mx\">Secretar\u00eda de Gobernaci\u00f3n<\/a>.<\/p>\n<\/article>\n","protected":false},"excerpt":{"rendered":"Cruz Mart\u00ednez afirm\u00f3 que sus hijos residen actualmente con \u00e9l, en medio del conflicto legal que tiene con&hellip;","protected":false},"author":34,"featured_media":33067,"comment_status":"open","ping_status":"open","sticky":false,"template":"","format":"standard","meta":{"csco_display_header_overlay":false,"csco_singular_sidebar":"","csco_page_header_type":"","csco_page_load_nextpost":"","csco_post_video_location":[],"csco_post_video_location_hash":"","csco_post_video_url":"","csco_post_video_bg_start_time":0,"csco_post_video_bg_end_time":0,"footnotes":""},"categories":[11],"tags":[1049,1050],"class_list":{"0":"post-33062","1":"post","2":"type-post","3":"status-publish","4":"format-standard","5":"has-post-thumbnail","7":"category-entretenamiento","8":"tag-alicia-villarreal","9":"tag-cruz-martinez","10":"cs-entry","11":"cs-video-wrap"},"yoast_head":"<!-- This site is optimized with the Yoast SEO Premium plugin v24.7 (Yoast SEO v27.4) - https:\/\/yoast.com\/product\/yoast-seo-premium-wordpress\/ -->\n<title>\u00bfQu\u00e9 ha pasado en el caso entre Cruz Mart\u00ednez y Alicia Villarreal?<\/title>\n<meta name=\"description\" content=\"Cruz Mart\u00ednez afirm\u00f3 que sus hijos est\u00e1n bajo su cuidado en medio del proceso judicial con Alicia Villarreal.\" \/>\n<meta name=\"robots\" content=\"index, follow, max-snippet:-1, max-image-preview:large, max-video-preview:-1\" \/>\n<link rel=\"canonical\" href=\"https:\/\/grupohoymexico.com\/nuevo-leon\/2026\/01\/28\/que-ha-pasado-en-el-caso-entre-cruz-martinez-y-alicia-villarreal\/\" \/>\n<meta property=\"og:locale\" content=\"es_MX\" \/>\n<meta property=\"og:type\" content=\"article\" \/>\n<meta property=\"og:title\" content=\"\u00bfQu\u00e9 ha pasado en el caso entre Cruz Mart\u00ednez y Alicia Villarreal?\" \/>\n<meta property=\"og:description\" content=\"Cruz Mart\u00ednez afirm\u00f3 que sus hijos est\u00e1n bajo su cuidado en medio del proceso judicial con Alicia Villarreal.\" \/>\n<meta property=\"og:url\" content=\"https:\/\/grupohoymexico.com\/nuevo-leon\/2026\/01\/28\/que-ha-pasado-en-el-caso-entre-cruz-martinez-y-alicia-villarreal\/\" \/>\n<meta property=\"og:site_name\" content=\"Grupo Hoy Nuevo Leon\" \/>\n<meta property=\"article:published_time\" content=\"2026-01-28T19:50:34+00:00\" \/>\n<meta property=\"og:image\" content=\"https:\/\/grupohoymexico.com\/nuevo-leon\/wp-content\/uploads\/sites\/6\/2026\/01\/cruz_martinez_alicia_villarreal_.jpg\" \/>\n\t<meta property=\"og:image:width\" content=\"768\" \/>\n\t<meta property=\"og:image:height\" content=\"576\" \/>\n\t<meta property=\"og:image:type\" content=\"image\/jpeg\" \/>\n<meta name=\"author\" content=\"Redacci\u00f3n Grupo Hoy\" \/>\n<meta name=\"twitter:card\" content=\"summary_large_image\" \/>\n<meta name=\"twitter:label1\" content=\"Escrito por\" \/>\n\t<meta name=\"twitter:data1\" content=\"Redacci\u00f3n Grupo Hoy\" \/>\n\t<meta name=\"twitter:label2\" content=\"Tiempo de lectura\" \/>\n\t<meta name=\"twitter:data2\" content=\"3 minutos\" \/>\n<script type=\"application\/ld+json\" class=\"yoast-schema-graph\">{\"@context\":\"https:\\\/\\\/schema.org\",\"@graph\":[{\"@type\":\"Article\",\"@id\":\"https:\\\/\\\/grupohoymexico.com\\\/nuevo-leon\\\/2026\\\/01\\\/28\\\/que-ha-pasado-en-el-caso-entre-cruz-martinez-y-alicia-villarreal\\\/#article\",\"isPartOf\":{\"@id\":\"https:\\\/\\\/grupohoymexico.com\\\/nuevo-leon\\\/2026\\\/01\\\/28\\\/que-ha-pasado-en-el-caso-entre-cruz-martinez-y-alicia-villarreal\\\/\"},\"author\":{\"name\":\"Redacci\u00f3n Grupo Hoy\",\"@id\":\"https:\\\/\\\/grupohoymexico.com\\\/nuevo-leon\\\/#\\\/schema\\\/person\\\/bc870cc34e948548ddb62cf78ef8474b\"},\"headline\":\"\u00bfQu\u00e9 ha pasado en el caso entre Cruz Mart\u00ednez y Alicia Villarreal?\",\"datePublished\":\"2026-01-28T19:50:34+00:00\",\"mainEntityOfPage\":{\"@id\":\"https:\\\/\\\/grupohoymexico.com\\\/nuevo-leon\\\/2026\\\/01\\\/28\\\/que-ha-pasado-en-el-caso-entre-cruz-martinez-y-alicia-villarreal\\\/\"},\"wordCount\":457,\"commentCount\":0,\"image\":{\"@id\":\"https:\\\/\\\/grupohoymexico.com\\\/nuevo-leon\\\/2026\\\/01\\\/28\\\/que-ha-pasado-en-el-caso-entre-cruz-martinez-y-alicia-villarreal\\\/#primaryimage\"},\"thumbnailUrl\":\"https:\\\/\\\/grupohoymexico.com\\\/nuevo-leon\\\/wp-content\\\/uploads\\\/sites\\\/6\\\/2026\\\/01\\\/cruz_martinez_alicia_villarreal_.jpg\",\"keywords\":[\"Alicia Villarreal\",\"Cruz Mart\u00ednez\"],\"articleSection\":[\"Entretenimiento\"],\"inLanguage\":\"es\",\"potentialAction\":[{\"@type\":\"CommentAction\",\"name\":\"Comment\",\"target\":[\"https:\\\/\\\/grupohoymexico.com\\\/nuevo-leon\\\/2026\\\/01\\\/28\\\/que-ha-pasado-en-el-caso-entre-cruz-martinez-y-alicia-villarreal\\\/#respond\"]}]},{\"@type\":\"WebPage\",\"@id\":\"https:\\\/\\\/grupohoymexico.com\\\/nuevo-leon\\\/2026\\\/01\\\/28\\\/que-ha-pasado-en-el-caso-entre-cruz-martinez-y-alicia-villarreal\\\/\",\"url\":\"https:\\\/\\\/grupohoymexico.com\\\/nuevo-leon\\\/2026\\\/01\\\/28\\\/que-ha-pasado-en-el-caso-entre-cruz-martinez-y-alicia-villarreal\\\/\",\"name\":\"\u00bfQu\u00e9 ha pasado en el caso entre Cruz Mart\u00ednez y Alicia Villarreal?\",\"isPartOf\":{\"@id\":\"https:\\\/\\\/grupohoymexico.com\\\/nuevo-leon\\\/#website\"},\"primaryImageOfPage\":{\"@id\":\"https:\\\/\\\/grupohoymexico.com\\\/nuevo-leon\\\/2026\\\/01\\\/28\\\/que-ha-pasado-en-el-caso-entre-cruz-martinez-y-alicia-villarreal\\\/#primaryimage\"},\"image\":{\"@id\":\"https:\\\/\\\/grupohoymexico.com\\\/nuevo-leon\\\/2026\\\/01\\\/28\\\/que-ha-pasado-en-el-caso-entre-cruz-martinez-y-alicia-villarreal\\\/#primaryimage\"},\"thumbnailUrl\":\"https:\\\/\\\/grupohoymexico.com\\\/nuevo-leon\\\/wp-content\\\/uploads\\\/sites\\\/6\\\/2026\\\/01\\\/cruz_martinez_alicia_villarreal_.jpg\",\"datePublished\":\"2026-01-28T19:50:34+00:00\",\"author\":{\"@id\":\"https:\\\/\\\/grupohoymexico.com\\\/nuevo-leon\\\/#\\\/schema\\\/person\\\/bc870cc34e948548ddb62cf78ef8474b\"},\"description\":\"Cruz Mart\u00ednez afirm\u00f3 que sus hijos est\u00e1n bajo su cuidado en medio del proceso judicial con Alicia Villarreal.\",\"breadcrumb\":{\"@id\":\"https:\\\/\\\/grupohoymexico.com\\\/nuevo-leon\\\/2026\\\/01\\\/28\\\/que-ha-pasado-en-el-caso-entre-cruz-martinez-y-alicia-villarreal\\\/#breadcrumb\"},\"inLanguage\":\"es\",\"potentialAction\":[{\"@type\":\"ReadAction\",\"target\":[\"https:\\\/\\\/grupohoymexico.com\\\/nuevo-leon\\\/2026\\\/01\\\/28\\\/que-ha-pasado-en-el-caso-entre-cruz-martinez-y-alicia-villarreal\\\/\"]}]},{\"@type\":\"ImageObject\",\"inLanguage\":\"es\",\"@id\":\"https:\\\/\\\/grupohoymexico.com\\\/nuevo-leon\\\/2026\\\/01\\\/28\\\/que-ha-pasado-en-el-caso-entre-cruz-martinez-y-alicia-villarreal\\\/#primaryimage\",\"url\":\"https:\\\/\\\/grupohoymexico.com\\\/nuevo-leon\\\/wp-content\\\/uploads\\\/sites\\\/6\\\/2026\\\/01\\\/cruz_martinez_alicia_villarreal_.jpg\",\"contentUrl\":\"https:\\\/\\\/grupohoymexico.com\\\/nuevo-leon\\\/wp-content\\\/uploads\\\/sites\\\/6\\\/2026\\\/01\\\/cruz_martinez_alicia_villarreal_.jpg\",\"width\":768,\"height\":576,\"caption\":\"Foto: Facebook\"},{\"@type\":\"BreadcrumbList\",\"@id\":\"https:\\\/\\\/grupohoymexico.com\\\/nuevo-leon\\\/2026\\\/01\\\/28\\\/que-ha-pasado-en-el-caso-entre-cruz-martinez-y-alicia-villarreal\\\/#breadcrumb\",\"itemListElement\":[{\"@type\":\"ListItem\",\"position\":1,\"name\":\"Inicio\",\"item\":\"https:\\\/\\\/grupohoymexico.com\\\/nuevo-leon\\\/\"},{\"@type\":\"ListItem\",\"position\":2,\"name\":\"\u00bfQu\u00e9 ha pasado en el caso entre Cruz Mart\u00ednez y Alicia Villarreal?\"}]},{\"@type\":\"WebSite\",\"@id\":\"https:\\\/\\\/grupohoymexico.com\\\/nuevo-leon\\\/#website\",\"url\":\"https:\\\/\\\/grupohoymexico.com\\\/nuevo-leon\\\/\",\"name\":\"Grupo Hoy Nuevo Leon\",\"description\":\"Sitio l\u00edder de noticias en M\u00e9xico\",\"potentialAction\":[{\"@type\":\"SearchAction\",\"target\":{\"@type\":\"EntryPoint\",\"urlTemplate\":\"https:\\\/\\\/grupohoymexico.com\\\/nuevo-leon\\\/?s={search_term_string}\"},\"query-input\":{\"@type\":\"PropertyValueSpecification\",\"valueRequired\":true,\"valueName\":\"search_term_string\"}}],\"inLanguage\":\"es\"},{\"@type\":\"Person\",\"@id\":\"https:\\\/\\\/grupohoymexico.com\\\/nuevo-leon\\\/#\\\/schema\\\/person\\\/bc870cc34e948548ddb62cf78ef8474b\",\"name\":\"Redacci\u00f3n Grupo Hoy\",\"image\":{\"@type\":\"ImageObject\",\"inLanguage\":\"es\",\"@id\":\"https:\\\/\\\/secure.gravatar.com\\\/avatar\\\/e8a44ae8f1b7592837f8c496178e70e065758a27945df208805f8cf6fdd56893?s=96&d=mm&r=g\",\"url\":\"https:\\\/\\\/secure.gravatar.com\\\/avatar\\\/e8a44ae8f1b7592837f8c496178e70e065758a27945df208805f8cf6fdd56893?s=96&d=mm&r=g\",\"contentUrl\":\"https:\\\/\\\/secure.gravatar.com\\\/avatar\\\/e8a44ae8f1b7592837f8c496178e70e065758a27945df208805f8cf6fdd56893?s=96&d=mm&r=g\",\"caption\":\"Redacci\u00f3n Grupo Hoy\"},\"url\":\"https:\\\/\\\/grupohoymexico.com\\\/nuevo-leon\\\/author\\\/redaccion\\\/\"}]}<\/script>\n<!-- \/ Yoast SEO Premium plugin. -->","yoast_head_json":{"title":"\u00bfQu\u00e9 ha pasado en el caso entre Cruz Mart\u00ednez y Alicia Villarreal?","description":"Cruz Mart\u00ednez afirm\u00f3 que sus hijos est\u00e1n bajo su cuidado en medio del proceso judicial con Alicia Villarreal.","robots":{"index":"index","follow":"follow","max-snippet":"max-snippet:-1","max-image-preview":"max-image-preview:large","max-video-preview":"max-video-preview:-1"},"canonical":"https:\/\/grupohoymexico.com\/nuevo-leon\/2026\/01\/28\/que-ha-pasado-en-el-caso-entre-cruz-martinez-y-alicia-villarreal\/","og_locale":"es_MX","og_type":"article","og_title":"\u00bfQu\u00e9 ha pasado en el caso entre Cruz Mart\u00ednez y Alicia Villarreal?","og_description":"Cruz Mart\u00ednez afirm\u00f3 que sus hijos est\u00e1n bajo su cuidado en medio del proceso judicial con Alicia Villarreal.","og_url":"https:\/\/grupohoymexico.com\/nuevo-leon\/2026\/01\/28\/que-ha-pasado-en-el-caso-entre-cruz-martinez-y-alicia-villarreal\/","og_site_name":"Grupo Hoy Nuevo Leon","article_published_time":"2026-01-28T19:50:34+00:00","og_image":[{"width":768,"height":576,"url":"https:\/\/grupohoymexico.com\/nuevo-leon\/wp-content\/uploads\/sites\/6\/2026\/01\/cruz_martinez_alicia_villarreal_.jpg","type":"image\/jpeg"}],"author":"Redacci\u00f3n Grupo Hoy","twitter_card":"summary_large_image","twitter_misc":{"Escrito por":"Redacci\u00f3n Grupo Hoy","Tiempo de lectura":"3 minutos"},"schema":{"@context":"https:\/\/schema.org","@graph":[{"@type":"Article","@id":"https:\/\/grupohoymexico.com\/nuevo-leon\/2026\/01\/28\/que-ha-pasado-en-el-caso-entre-cruz-martinez-y-alicia-villarreal\/#article","isPartOf":{"@id":"https:\/\/grupohoymexico.com\/nuevo-leon\/2026\/01\/28\/que-ha-pasado-en-el-caso-entre-cruz-martinez-y-alicia-villarreal\/"},"author":{"name":"Redacci\u00f3n Grupo Hoy","@id":"https:\/\/grupohoymexico.com\/nuevo-leon\/#\/schema\/person\/bc870cc34e948548ddb62cf78ef8474b"},"headline":"\u00bfQu\u00e9 ha pasado en el caso entre Cruz Mart\u00ednez y Alicia Villarreal?","datePublished":"2026-01-28T19:50:34+00:00","mainEntityOfPage":{"@id":"https:\/\/grupohoymexico.com\/nuevo-leon\/2026\/01\/28\/que-ha-pasado-en-el-caso-entre-cruz-martinez-y-alicia-villarreal\/"},"wordCount":457,"commentCount":0,"image":{"@id":"https:\/\/grupohoymexico.com\/nuevo-leon\/2026\/01\/28\/que-ha-pasado-en-el-caso-entre-cruz-martinez-y-alicia-villarreal\/#primaryimage"},"thumbnailUrl":"https:\/\/grupohoymexico.com\/nuevo-leon\/wp-content\/uploads\/sites\/6\/2026\/01\/cruz_martinez_alicia_villarreal_.jpg","keywords":["Alicia Villarreal","Cruz Mart\u00ednez"],"articleSection":["Entretenimiento"],"inLanguage":"es","potentialAction":[{"@type":"CommentAction","name":"Comment","target":["https:\/\/grupohoymexico.com\/nuevo-leon\/2026\/01\/28\/que-ha-pasado-en-el-caso-entre-cruz-martinez-y-alicia-villarreal\/#respond"]}]},{"@type":"WebPage","@id":"https:\/\/grupohoymexico.com\/nuevo-leon\/2026\/01\/28\/que-ha-pasado-en-el-caso-entre-cruz-martinez-y-alicia-villarreal\/","url":"https:\/\/grupohoymexico.com\/nuevo-leon\/2026\/01\/28\/que-ha-pasado-en-el-caso-entre-cruz-martinez-y-alicia-villarreal\/","name":"\u00bfQu\u00e9 ha pasado en el caso entre Cruz Mart\u00ednez y Alicia Villarreal?","isPartOf":{"@id":"https:\/\/grupohoymexico.com\/nuevo-leon\/#website"},"primaryImageOfPage":{"@id":"https:\/\/grupohoymexico.com\/nuevo-leon\/2026\/01\/28\/que-ha-pasado-en-el-caso-entre-cruz-martinez-y-alicia-villarreal\/#primaryimage"},"image":{"@id":"https:\/\/grupohoymexico.com\/nuevo-leon\/2026\/01\/28\/que-ha-pasado-en-el-caso-entre-cruz-martinez-y-alicia-villarreal\/#primaryimage"},"thumbnailUrl":"https:\/\/grupohoymexico.com\/nuevo-leon\/wp-content\/uploads\/sites\/6\/2026\/01\/cruz_martinez_alicia_villarreal_.jpg","datePublished":"2026-01-28T19:50:34+00:00","author":{"@id":"https:\/\/grupohoymexico.com\/nuevo-leon\/#\/schema\/person\/bc870cc34e948548ddb62cf78ef8474b"},"description":"Cruz Mart\u00ednez afirm\u00f3 que sus hijos est\u00e1n bajo su cuidado en medio del proceso judicial con Alicia Villarreal.","breadcrumb":{"@id":"https:\/\/grupohoymexico.com\/nuevo-leon\/2026\/01\/28\/que-ha-pasado-en-el-caso-entre-cruz-martinez-y-alicia-villarreal\/#breadcrumb"},"inLanguage":"es","potentialAction":[{"@type":"ReadAction","target":["https:\/\/grupohoymexico.com\/nuevo-leon\/2026\/01\/28\/que-ha-pasado-en-el-caso-entre-cruz-martinez-y-alicia-villarreal\/"]}]},{"@type":"ImageObject","inLanguage":"es","@id":"https:\/\/grupohoymexico.com\/nuevo-leon\/2026\/01\/28\/que-ha-pasado-en-el-caso-entre-cruz-martinez-y-alicia-villarreal\/#primaryimage","url":"https:\/\/grupohoymexico.com\/nuevo-leon\/wp-content\/uploads\/sites\/6\/2026\/01\/cruz_martinez_alicia_villarreal_.jpg","contentUrl":"https:\/\/grupohoymexico.com\/nuevo-leon\/wp-content\/uploads\/sites\/6\/2026\/01\/cruz_martinez_alicia_villarreal_.jpg","width":768,"height":576,"caption":"Foto: Facebook"},{"@type":"BreadcrumbList","@id":"https:\/\/grupohoymexico.com\/nuevo-leon\/2026\/01\/28\/que-ha-pasado-en-el-caso-entre-cruz-martinez-y-alicia-villarreal\/#breadcrumb","itemListElement":[{"@type":"ListItem","position":1,"name":"Inicio","item":"https:\/\/grupohoymexico.com\/nuevo-leon\/"},{"@type":"ListItem","position":2,"name":"\u00bfQu\u00e9 ha pasado en el caso entre Cruz Mart\u00ednez y Alicia Villarreal?"}]},{"@type":"WebSite","@id":"https:\/\/grupohoymexico.com\/nuevo-leon\/#website","url":"https:\/\/grupohoymexico.com\/nuevo-leon\/","name":"Grupo Hoy Nuevo Leon","description":"Sitio l\u00edder de noticias en M\u00e9xico","potentialAction":[{"@type":"SearchAction","target":{"@type":"EntryPoint","urlTemplate":"https:\/\/grupohoymexico.com\/nuevo-leon\/?s={search_term_string}"},"query-input":{"@type":"PropertyValueSpecification","valueRequired":true,"valueName":"search_term_string"}}],"inLanguage":"es"},{"@type":"Person","@id":"https:\/\/grupohoymexico.com\/nuevo-leon\/#\/schema\/person\/bc870cc34e948548ddb62cf78ef8474b","name":"Redacci\u00f3n Grupo Hoy","image":{"@type":"ImageObject","inLanguage":"es","@id":"https:\/\/secure.gravatar.com\/avatar\/e8a44ae8f1b7592837f8c496178e70e065758a27945df208805f8cf6fdd56893?s=96&d=mm&r=g","url":"https:\/\/secure.gravatar.com\/avatar\/e8a44ae8f1b7592837f8c496178e70e065758a27945df208805f8cf6fdd56893?s=96&d=mm&r=g","contentUrl":"https:\/\/secure.gravatar.com\/avatar\/e8a44ae8f1b7592837f8c496178e70e065758a27945df208805f8cf6fdd56893?s=96&d=mm&r=g","caption":"Redacci\u00f3n Grupo Hoy"},"url":"https:\/\/grupohoymexico.com\/nuevo-leon\/author\/redaccion\/"}]}},"_links":{"self":[{"href":"https:\/\/grupohoymexico.com\/nuevo-leon\/wp-json\/wp\/v2\/posts\/33062","targetHints":{"allow":["GET"]}}],"collection":[{"href":"https:\/\/grupohoymexico.com\/nuevo-leon\/wp-json\/wp\/v2\/posts"}],"about":[{"href":"https:\/\/grupohoymexico.com\/nuevo-leon\/wp-json\/wp\/v2\/types\/post"}],"author":[{"embeddable":true,"href":"https:\/\/grupohoymexico.com\/nuevo-leon\/wp-json\/wp\/v2\/users\/34"}],"replies":[{"embeddable":true,"href":"https:\/\/grupohoymexico.com\/nuevo-leon\/wp-json\/wp\/v2\/comments?post=33062"}],"version-history":[{"count":1,"href":"https:\/\/grupohoymexico.com\/nuevo-leon\/wp-json\/wp\/v2\/posts\/33062\/revisions"}],"predecessor-version":[{"id":33068,"href":"https:\/\/grupohoymexico.com\/nuevo-leon\/wp-json\/wp\/v2\/posts\/33062\/revisions\/33068"}],"wp:featuredmedia":[{"embeddable":true,"href":"https:\/\/grupohoymexico.com\/nuevo-leon\/wp-json\/wp\/v2\/media\/33067"}],"wp:attachment":[{"href":"https:\/\/grupohoymexico.com\/nuevo-leon\/wp-json\/wp\/v2\/media?parent=33062"}],"wp:term":[{"taxonomy":"category","embeddable":true,"href":"https:\/\/grupohoymexico.com\/nuevo-leon\/wp-json\/wp\/v2\/categories?post=33062"},{"taxonomy":"post_tag","embeddable":true,"href":"https:\/\/grupohoymexico.com\/nuevo-leon\/wp-json\/wp\/v2\/tags?post=33062"}],"curies":[{"name":"wp","href":"https:\/\/api.w.org\/{rel}","templated":true}]}}