{"id":32182,"date":"2025-09-03T02:09:48","date_gmt":"2025-09-03T02:09:48","guid":{"rendered":"https:\/\/grupohoymexico.com\/nuevo-leon\/2025\/09\/03\/mundial-2026-en-nuevo-leon-gobierno-promete-legado-de-movilidad-y-espacios-publicos\/"},"modified":"2025-09-03T02:21:19","modified_gmt":"2025-09-03T02:21:19","slug":"mundial-2026-en-nuevo-leon-gobierno-promete-legado-de-movilidad-y-espacios-publicos","status":"publish","type":"post","link":"https:\/\/grupohoymexico.com\/nuevo-leon\/2025\/09\/03\/mundial-2026-en-nuevo-leon-gobierno-promete-legado-de-movilidad-y-espacios-publicos\/","title":{"rendered":"Mundial 2026 en Nuevo Le\u00f3n: Gobierno promete legado de movilidad y espacios p\u00fablicos"},"content":{"rendered":"\n<p>El Secretario General de Gobierno, <strong>Miguel \u00c1ngel Flores Serna<\/strong>, afirm\u00f3 que el <strong>Mundial 2026 en Nuevo Le\u00f3n<\/strong> no solo ser\u00e1 un evento deportivo de talla internacional, sino una oportunidad hist\u00f3rica para transformar la calidad de vida de las familias.<\/p>\n\n\n\n<blockquote class=\"wp-block-quote is-layout-flow wp-block-quote-is-layout-flow\">\n<p>\u201cEl Mundial va a venir y se va a ir, s\u00ed, pero hay que hacer grandes cosas para que, cuando termine, quede un gran legado: una mejor movilidad, mejores \u00e1reas p\u00fablicas y parques lineales. No solo seremos la mejor sede, sino que, adem\u00e1s, trabajamos en un plan que transformar\u00e1 la calidad de vida en todo Nuevo Le\u00f3n\u201d, asegur\u00f3.<\/p>\n<\/blockquote>\n\n\n\n<h2 class=\"wp-block-heading\" id=\"h-proyectos-de-movilidad-rumbo-al-mundial-2026-en-nuevo-leon\">Proyectos de movilidad rumbo al Mundial 2026 en Nuevo Le\u00f3n<\/h2>\n\n\n\n<p>Flores Serna destac\u00f3 la visi\u00f3n del gobernador <strong>Samuel Garc\u00eda<\/strong>, quien impulsa una transformaci\u00f3n con obras estrat\u00e9gicas. Entre ellas, la construcci\u00f3n de las L\u00edneas 4 y 6 del Metro, la incorporaci\u00f3n de camiones modernos con nueva tecnolog\u00eda, el desarrollo de parabuses y la modernizaci\u00f3n del sistema inteligente de tr\u00e1nsito (<a href=\"http:\/\/www.sintram.gob.mx\/\" target=\"_blank\" rel=\"noreferrer noopener\">SINTRAM<\/a>).<\/p>\n\n\n\n<figure class=\"wp-block-image size-large\"><img fetchpriority=\"high\" decoding=\"async\" width=\"1024\" height=\"682\" src=\"https:\/\/grupohoymexico.com\/nuevo-leon\/wp-content\/uploads\/sites\/6\/2025\/09\/image-5-1024x682.png\" alt=\"Mundial 2026 en Nuevo Le\u00f3n\" class=\"wp-image-32184\" srcset=\"https:\/\/grupohoymexico.com\/nuevo-leon\/wp-content\/uploads\/sites\/6\/2025\/09\/image-5-1024x682.png 1024w, https:\/\/grupohoymexico.com\/nuevo-leon\/wp-content\/uploads\/sites\/6\/2025\/09\/image-5-300x200.png 300w, https:\/\/grupohoymexico.com\/nuevo-leon\/wp-content\/uploads\/sites\/6\/2025\/09\/image-5-768x512.png 768w, https:\/\/grupohoymexico.com\/nuevo-leon\/wp-content\/uploads\/sites\/6\/2025\/09\/image-5-332x221.png 332w, https:\/\/grupohoymexico.com\/nuevo-leon\/wp-content\/uploads\/sites\/6\/2025\/09\/image-5-664x442.png 664w, https:\/\/grupohoymexico.com\/nuevo-leon\/wp-content\/uploads\/sites\/6\/2025\/09\/image-5-688x458.png 688w, https:\/\/grupohoymexico.com\/nuevo-leon\/wp-content\/uploads\/sites\/6\/2025\/09\/image-5-1044x696.png 1044w, https:\/\/grupohoymexico.com\/nuevo-leon\/wp-content\/uploads\/sites\/6\/2025\/09\/image-5.png 1280w\" sizes=\"(max-width: 1024px) 100vw, 1024px\" \/><figcaption class=\"wp-element-caption\">Imagen: Miguel Flores <\/figcaption><\/figure>\n\n\n\n<p>LEE TAMBI\u00c9N: <a href=\"https:\/\/grupohoymexico.com\/2025\/09\/02\/samuel-garcia-plantea-programa-federal-para-denuncia-de-violencia-domestica\/\" target=\"_blank\" rel=\"noreferrer noopener\">Samuel Garc\u00eda plantea programa federal para denuncia de violencia dom\u00e9stica <\/a><\/p>\n\n\n\n<blockquote class=\"wp-block-quote is-layout-flow wp-block-quote-is-layout-flow\">\n<p>\u201cEstamos construyendo la movilidad que siempre debimos tener; por eso pedimos paciencia a la ciudadan\u00eda, porque valdr\u00e1 la pena. Este Gobierno trabaja d\u00eda y noche para que a Nuevo Le\u00f3n siempre le vaya bien\u201d, se\u00f1al\u00f3 el funcionario.<\/p>\n<\/blockquote>\n\n\n\n<h2 class=\"wp-block-heading\" id=\"h-un-legado-que-trascendera-generaciones\">Un legado que trascender\u00e1 generaciones<\/h2>\n\n\n\n<p>El Secretario General subray\u00f3 que los esfuerzos no se limitan al <strong>Mundial 2026 en Nuevo Le\u00f3n<\/strong>, sino que buscan dejar una huella duradera.<\/p>\n\n\n\n<blockquote class=\"wp-block-quote is-layout-flow wp-block-quote-is-layout-flow\">\n<p>\u201cEsta transformaci\u00f3n trascender\u00e1 generaciones, y estamos seguros de que el Mundial 2026 ser\u00e1 un gran evento deportivo que traer\u00e1 importantes beneficios a la entidad\u201d, concluy\u00f3. <\/p>\n<\/blockquote>\n","protected":false},"excerpt":{"rendered":"El Secretario General de Gobierno, Miguel \u00c1ngel Flores Serna, afirm\u00f3 que el Mundial 2026 en Nuevo Le\u00f3n no&hellip;","protected":false},"author":30,"featured_media":32183,"comment_status":"open","ping_status":"open","sticky":false,"template":"","format":"standard","meta":{"csco_display_header_overlay":false,"csco_singular_sidebar":"","csco_page_header_type":"","csco_page_load_nextpost":"","csco_post_video_location":[],"csco_post_video_location_hash":"","csco_post_video_url":"","csco_post_video_bg_start_time":0,"csco_post_video_bg_end_time":0,"footnotes":""},"categories":[8],"tags":[70,118,439,112,553],"class_list":{"0":"post-32182","1":"post","2":"type-post","3":"status-publish","4":"format-standard","5":"has-post-thumbnail","7":"category-nacional","8":"tag-deporte","9":"tag-miguel-flores","10":"tag-mike-flores","11":"tag-mundial-2026","12":"tag-nuevo-leon-3","13":"cs-entry","14":"cs-video-wrap"},"yoast_head":"<!-- This site is optimized with the Yoast SEO Premium plugin v24.7 (Yoast SEO v27.4) - https:\/\/yoast.com\/product\/yoast-seo-premium-wordpress\/ -->\n<title>Mundial 2026 en Nuevo Le\u00f3n: prometen legado de movilidad<\/title>\n<meta name=\"description\" content=\"El Secretario General de Gobierno, Miguel \u00c1ngel Flores Serna, afirm\u00f3 que el Mundial 2026 en Nuevo Le\u00f3n ser\u00e1 un evento de talla internacional\" \/>\n<meta name=\"robots\" content=\"index, follow, max-snippet:-1, max-image-preview:large, max-video-preview:-1\" \/>\n<link rel=\"canonical\" href=\"https:\/\/grupohoymexico.com\/nuevo-leon\/2025\/09\/03\/mundial-2026-en-nuevo-leon-gobierno-promete-legado-de-movilidad-y-espacios-publicos\/\" \/>\n<meta property=\"og:locale\" content=\"es_MX\" \/>\n<meta property=\"og:type\" content=\"article\" \/>\n<meta property=\"og:title\" content=\"Mundial 2026 en Nuevo Le\u00f3n: Gobierno promete legado de movilidad y espacios p\u00fablicos\" \/>\n<meta property=\"og:description\" content=\"El Secretario General de Gobierno, Miguel \u00c1ngel Flores Serna, afirm\u00f3 que el Mundial 2026 en Nuevo Le\u00f3n ser\u00e1 un evento de talla internacional\" \/>\n<meta property=\"og:url\" content=\"https:\/\/grupohoymexico.com\/nuevo-leon\/2025\/09\/03\/mundial-2026-en-nuevo-leon-gobierno-promete-legado-de-movilidad-y-espacios-publicos\/\" \/>\n<meta property=\"og:site_name\" content=\"Grupo Hoy Nuevo Leon\" \/>\n<meta property=\"article:published_time\" content=\"2025-09-03T02:09:48+00:00\" \/>\n<meta property=\"article:modified_time\" content=\"2025-09-03T02:21:19+00:00\" \/>\n<meta property=\"og:image\" content=\"https:\/\/grupohoymexico.com\/nuevo-leon\/wp-content\/uploads\/sites\/6\/2025\/09\/Mundial-2026-en-Nuevo-Leon.webp\" \/>\n\t<meta property=\"og:image:width\" content=\"1200\" \/>\n\t<meta property=\"og:image:height\" content=\"638\" \/>\n\t<meta property=\"og:image:type\" content=\"image\/webp\" \/>\n<meta name=\"author\" content=\"eduardo\" \/>\n<meta name=\"twitter:card\" content=\"summary_large_image\" \/>\n<meta name=\"twitter:label1\" content=\"Escrito por\" \/>\n\t<meta name=\"twitter:data1\" content=\"eduardo\" \/>\n\t<meta name=\"twitter:label2\" content=\"Tiempo de lectura\" \/>\n\t<meta name=\"twitter:data2\" content=\"2 minutos\" \/>\n<script type=\"application\/ld+json\" class=\"yoast-schema-graph\">{\"@context\":\"https:\\\/\\\/schema.org\",\"@graph\":[{\"@type\":\"Article\",\"@id\":\"https:\\\/\\\/grupohoymexico.com\\\/nuevo-leon\\\/2025\\\/09\\\/03\\\/mundial-2026-en-nuevo-leon-gobierno-promete-legado-de-movilidad-y-espacios-publicos\\\/#article\",\"isPartOf\":{\"@id\":\"https:\\\/\\\/grupohoymexico.com\\\/nuevo-leon\\\/2025\\\/09\\\/03\\\/mundial-2026-en-nuevo-leon-gobierno-promete-legado-de-movilidad-y-espacios-publicos\\\/\"},\"author\":{\"name\":\"eduardo\",\"@id\":\"https:\\\/\\\/grupohoymexico.com\\\/nuevo-leon\\\/#\\\/schema\\\/person\\\/e95b7b8df1e5c291ede743c160292779\"},\"headline\":\"Mundial 2026 en Nuevo Le\u00f3n: Gobierno promete legado de movilidad y espacios p\u00fablicos\",\"datePublished\":\"2025-09-03T02:09:48+00:00\",\"dateModified\":\"2025-09-03T02:21:19+00:00\",\"mainEntityOfPage\":{\"@id\":\"https:\\\/\\\/grupohoymexico.com\\\/nuevo-leon\\\/2025\\\/09\\\/03\\\/mundial-2026-en-nuevo-leon-gobierno-promete-legado-de-movilidad-y-espacios-publicos\\\/\"},\"wordCount\":294,\"commentCount\":0,\"image\":{\"@id\":\"https:\\\/\\\/grupohoymexico.com\\\/nuevo-leon\\\/2025\\\/09\\\/03\\\/mundial-2026-en-nuevo-leon-gobierno-promete-legado-de-movilidad-y-espacios-publicos\\\/#primaryimage\"},\"thumbnailUrl\":\"https:\\\/\\\/grupohoymexico.com\\\/nuevo-leon\\\/wp-content\\\/uploads\\\/sites\\\/6\\\/2025\\\/09\\\/Mundial-2026-en-Nuevo-Leon.webp\",\"keywords\":[\"deporte\",\"Miguel Flores\",\"Mike Flores\",\"Mundial 2026\",\"Nuevo Le\u00f2n\"],\"articleSection\":[\"Nacional\"],\"inLanguage\":\"es\",\"potentialAction\":[{\"@type\":\"CommentAction\",\"name\":\"Comment\",\"target\":[\"https:\\\/\\\/grupohoymexico.com\\\/nuevo-leon\\\/2025\\\/09\\\/03\\\/mundial-2026-en-nuevo-leon-gobierno-promete-legado-de-movilidad-y-espacios-publicos\\\/#respond\"]}]},{\"@type\":\"WebPage\",\"@id\":\"https:\\\/\\\/grupohoymexico.com\\\/nuevo-leon\\\/2025\\\/09\\\/03\\\/mundial-2026-en-nuevo-leon-gobierno-promete-legado-de-movilidad-y-espacios-publicos\\\/\",\"url\":\"https:\\\/\\\/grupohoymexico.com\\\/nuevo-leon\\\/2025\\\/09\\\/03\\\/mundial-2026-en-nuevo-leon-gobierno-promete-legado-de-movilidad-y-espacios-publicos\\\/\",\"name\":\"Mundial 2026 en Nuevo Le\u00f3n: prometen legado de movilidad\",\"isPartOf\":{\"@id\":\"https:\\\/\\\/grupohoymexico.com\\\/nuevo-leon\\\/#website\"},\"primaryImageOfPage\":{\"@id\":\"https:\\\/\\\/grupohoymexico.com\\\/nuevo-leon\\\/2025\\\/09\\\/03\\\/mundial-2026-en-nuevo-leon-gobierno-promete-legado-de-movilidad-y-espacios-publicos\\\/#primaryimage\"},\"image\":{\"@id\":\"https:\\\/\\\/grupohoymexico.com\\\/nuevo-leon\\\/2025\\\/09\\\/03\\\/mundial-2026-en-nuevo-leon-gobierno-promete-legado-de-movilidad-y-espacios-publicos\\\/#primaryimage\"},\"thumbnailUrl\":\"https:\\\/\\\/grupohoymexico.com\\\/nuevo-leon\\\/wp-content\\\/uploads\\\/sites\\\/6\\\/2025\\\/09\\\/Mundial-2026-en-Nuevo-Leon.webp\",\"datePublished\":\"2025-09-03T02:09:48+00:00\",\"dateModified\":\"2025-09-03T02:21:19+00:00\",\"author\":{\"@id\":\"https:\\\/\\\/grupohoymexico.com\\\/nuevo-leon\\\/#\\\/schema\\\/person\\\/e95b7b8df1e5c291ede743c160292779\"},\"description\":\"El Secretario General de Gobierno, Miguel \u00c1ngel Flores Serna, afirm\u00f3 que el Mundial 2026 en Nuevo Le\u00f3n ser\u00e1 un evento de talla internacional\",\"breadcrumb\":{\"@id\":\"https:\\\/\\\/grupohoymexico.com\\\/nuevo-leon\\\/2025\\\/09\\\/03\\\/mundial-2026-en-nuevo-leon-gobierno-promete-legado-de-movilidad-y-espacios-publicos\\\/#breadcrumb\"},\"inLanguage\":\"es\",\"potentialAction\":[{\"@type\":\"ReadAction\",\"target\":[\"https:\\\/\\\/grupohoymexico.com\\\/nuevo-leon\\\/2025\\\/09\\\/03\\\/mundial-2026-en-nuevo-leon-gobierno-promete-legado-de-movilidad-y-espacios-publicos\\\/\"]}]},{\"@type\":\"ImageObject\",\"inLanguage\":\"es\",\"@id\":\"https:\\\/\\\/grupohoymexico.com\\\/nuevo-leon\\\/2025\\\/09\\\/03\\\/mundial-2026-en-nuevo-leon-gobierno-promete-legado-de-movilidad-y-espacios-publicos\\\/#primaryimage\",\"url\":\"https:\\\/\\\/grupohoymexico.com\\\/nuevo-leon\\\/wp-content\\\/uploads\\\/sites\\\/6\\\/2025\\\/09\\\/Mundial-2026-en-Nuevo-Leon.webp\",\"contentUrl\":\"https:\\\/\\\/grupohoymexico.com\\\/nuevo-leon\\\/wp-content\\\/uploads\\\/sites\\\/6\\\/2025\\\/09\\\/Mundial-2026-en-Nuevo-Leon.webp\",\"width\":1200,\"height\":638,\"caption\":\"Imagen: Miguel Flores\"},{\"@type\":\"BreadcrumbList\",\"@id\":\"https:\\\/\\\/grupohoymexico.com\\\/nuevo-leon\\\/2025\\\/09\\\/03\\\/mundial-2026-en-nuevo-leon-gobierno-promete-legado-de-movilidad-y-espacios-publicos\\\/#breadcrumb\",\"itemListElement\":[{\"@type\":\"ListItem\",\"position\":1,\"name\":\"Inicio\",\"item\":\"https:\\\/\\\/grupohoymexico.com\\\/nuevo-leon\\\/\"},{\"@type\":\"ListItem\",\"position\":2,\"name\":\"Mundial 2026 en Nuevo Le\u00f3n: Gobierno promete legado de movilidad y espacios p\u00fablicos\"}]},{\"@type\":\"WebSite\",\"@id\":\"https:\\\/\\\/grupohoymexico.com\\\/nuevo-leon\\\/#website\",\"url\":\"https:\\\/\\\/grupohoymexico.com\\\/nuevo-leon\\\/\",\"name\":\"Grupo Hoy Nuevo Leon\",\"description\":\"Sitio l\u00edder de noticias en M\u00e9xico\",\"potentialAction\":[{\"@type\":\"SearchAction\",\"target\":{\"@type\":\"EntryPoint\",\"urlTemplate\":\"https:\\\/\\\/grupohoymexico.com\\\/nuevo-leon\\\/?s={search_term_string}\"},\"query-input\":{\"@type\":\"PropertyValueSpecification\",\"valueRequired\":true,\"valueName\":\"search_term_string\"}}],\"inLanguage\":\"es\"},{\"@type\":\"Person\",\"@id\":\"https:\\\/\\\/grupohoymexico.com\\\/nuevo-leon\\\/#\\\/schema\\\/person\\\/e95b7b8df1e5c291ede743c160292779\",\"name\":\"eduardo\",\"image\":{\"@type\":\"ImageObject\",\"inLanguage\":\"es\",\"@id\":\"https:\\\/\\\/secure.gravatar.com\\\/avatar\\\/ecdd30dcf3feeb5f57f13840c3daeb08334d3b69de7bb9e067a540c4925a9788?s=96&d=mm&r=g\",\"url\":\"https:\\\/\\\/secure.gravatar.com\\\/avatar\\\/ecdd30dcf3feeb5f57f13840c3daeb08334d3b69de7bb9e067a540c4925a9788?s=96&d=mm&r=g\",\"contentUrl\":\"https:\\\/\\\/secure.gravatar.com\\\/avatar\\\/ecdd30dcf3feeb5f57f13840c3daeb08334d3b69de7bb9e067a540c4925a9788?s=96&d=mm&r=g\",\"caption\":\"eduardo\"},\"url\":\"https:\\\/\\\/grupohoymexico.com\\\/nuevo-leon\\\/author\\\/eduardo\\\/\"}]}<\/script>\n<!-- \/ Yoast SEO Premium plugin. -->","yoast_head_json":{"title":"Mundial 2026 en Nuevo Le\u00f3n: prometen legado de movilidad","description":"El Secretario General de Gobierno, Miguel \u00c1ngel Flores Serna, afirm\u00f3 que el Mundial 2026 en Nuevo Le\u00f3n ser\u00e1 un evento de talla internacional","robots":{"index":"index","follow":"follow","max-snippet":"max-snippet:-1","max-image-preview":"max-image-preview:large","max-video-preview":"max-video-preview:-1"},"canonical":"https:\/\/grupohoymexico.com\/nuevo-leon\/2025\/09\/03\/mundial-2026-en-nuevo-leon-gobierno-promete-legado-de-movilidad-y-espacios-publicos\/","og_locale":"es_MX","og_type":"article","og_title":"Mundial 2026 en Nuevo Le\u00f3n: Gobierno promete legado de movilidad y espacios p\u00fablicos","og_description":"El Secretario General de Gobierno, Miguel \u00c1ngel Flores Serna, afirm\u00f3 que el Mundial 2026 en Nuevo Le\u00f3n ser\u00e1 un evento de talla internacional","og_url":"https:\/\/grupohoymexico.com\/nuevo-leon\/2025\/09\/03\/mundial-2026-en-nuevo-leon-gobierno-promete-legado-de-movilidad-y-espacios-publicos\/","og_site_name":"Grupo Hoy Nuevo Leon","article_published_time":"2025-09-03T02:09:48+00:00","article_modified_time":"2025-09-03T02:21:19+00:00","og_image":[{"width":1200,"height":638,"url":"https:\/\/grupohoymexico.com\/nuevo-leon\/wp-content\/uploads\/sites\/6\/2025\/09\/Mundial-2026-en-Nuevo-Leon.webp","type":"image\/webp"}],"author":"eduardo","twitter_card":"summary_large_image","twitter_misc":{"Escrito por":"eduardo","Tiempo de lectura":"2 minutos"},"schema":{"@context":"https:\/\/schema.org","@graph":[{"@type":"Article","@id":"https:\/\/grupohoymexico.com\/nuevo-leon\/2025\/09\/03\/mundial-2026-en-nuevo-leon-gobierno-promete-legado-de-movilidad-y-espacios-publicos\/#article","isPartOf":{"@id":"https:\/\/grupohoymexico.com\/nuevo-leon\/2025\/09\/03\/mundial-2026-en-nuevo-leon-gobierno-promete-legado-de-movilidad-y-espacios-publicos\/"},"author":{"name":"eduardo","@id":"https:\/\/grupohoymexico.com\/nuevo-leon\/#\/schema\/person\/e95b7b8df1e5c291ede743c160292779"},"headline":"Mundial 2026 en Nuevo Le\u00f3n: Gobierno promete legado de movilidad y espacios p\u00fablicos","datePublished":"2025-09-03T02:09:48+00:00","dateModified":"2025-09-03T02:21:19+00:00","mainEntityOfPage":{"@id":"https:\/\/grupohoymexico.com\/nuevo-leon\/2025\/09\/03\/mundial-2026-en-nuevo-leon-gobierno-promete-legado-de-movilidad-y-espacios-publicos\/"},"wordCount":294,"commentCount":0,"image":{"@id":"https:\/\/grupohoymexico.com\/nuevo-leon\/2025\/09\/03\/mundial-2026-en-nuevo-leon-gobierno-promete-legado-de-movilidad-y-espacios-publicos\/#primaryimage"},"thumbnailUrl":"https:\/\/grupohoymexico.com\/nuevo-leon\/wp-content\/uploads\/sites\/6\/2025\/09\/Mundial-2026-en-Nuevo-Leon.webp","keywords":["deporte","Miguel Flores","Mike Flores","Mundial 2026","Nuevo Le\u00f2n"],"articleSection":["Nacional"],"inLanguage":"es","potentialAction":[{"@type":"CommentAction","name":"Comment","target":["https:\/\/grupohoymexico.com\/nuevo-leon\/2025\/09\/03\/mundial-2026-en-nuevo-leon-gobierno-promete-legado-de-movilidad-y-espacios-publicos\/#respond"]}]},{"@type":"WebPage","@id":"https:\/\/grupohoymexico.com\/nuevo-leon\/2025\/09\/03\/mundial-2026-en-nuevo-leon-gobierno-promete-legado-de-movilidad-y-espacios-publicos\/","url":"https:\/\/grupohoymexico.com\/nuevo-leon\/2025\/09\/03\/mundial-2026-en-nuevo-leon-gobierno-promete-legado-de-movilidad-y-espacios-publicos\/","name":"Mundial 2026 en Nuevo Le\u00f3n: prometen legado de movilidad","isPartOf":{"@id":"https:\/\/grupohoymexico.com\/nuevo-leon\/#website"},"primaryImageOfPage":{"@id":"https:\/\/grupohoymexico.com\/nuevo-leon\/2025\/09\/03\/mundial-2026-en-nuevo-leon-gobierno-promete-legado-de-movilidad-y-espacios-publicos\/#primaryimage"},"image":{"@id":"https:\/\/grupohoymexico.com\/nuevo-leon\/2025\/09\/03\/mundial-2026-en-nuevo-leon-gobierno-promete-legado-de-movilidad-y-espacios-publicos\/#primaryimage"},"thumbnailUrl":"https:\/\/grupohoymexico.com\/nuevo-leon\/wp-content\/uploads\/sites\/6\/2025\/09\/Mundial-2026-en-Nuevo-Leon.webp","datePublished":"2025-09-03T02:09:48+00:00","dateModified":"2025-09-03T02:21:19+00:00","author":{"@id":"https:\/\/grupohoymexico.com\/nuevo-leon\/#\/schema\/person\/e95b7b8df1e5c291ede743c160292779"},"description":"El Secretario General de Gobierno, Miguel \u00c1ngel Flores Serna, afirm\u00f3 que el Mundial 2026 en Nuevo Le\u00f3n ser\u00e1 un evento de talla internacional","breadcrumb":{"@id":"https:\/\/grupohoymexico.com\/nuevo-leon\/2025\/09\/03\/mundial-2026-en-nuevo-leon-gobierno-promete-legado-de-movilidad-y-espacios-publicos\/#breadcrumb"},"inLanguage":"es","potentialAction":[{"@type":"ReadAction","target":["https:\/\/grupohoymexico.com\/nuevo-leon\/2025\/09\/03\/mundial-2026-en-nuevo-leon-gobierno-promete-legado-de-movilidad-y-espacios-publicos\/"]}]},{"@type":"ImageObject","inLanguage":"es","@id":"https:\/\/grupohoymexico.com\/nuevo-leon\/2025\/09\/03\/mundial-2026-en-nuevo-leon-gobierno-promete-legado-de-movilidad-y-espacios-publicos\/#primaryimage","url":"https:\/\/grupohoymexico.com\/nuevo-leon\/wp-content\/uploads\/sites\/6\/2025\/09\/Mundial-2026-en-Nuevo-Leon.webp","contentUrl":"https:\/\/grupohoymexico.com\/nuevo-leon\/wp-content\/uploads\/sites\/6\/2025\/09\/Mundial-2026-en-Nuevo-Leon.webp","width":1200,"height":638,"caption":"Imagen: Miguel Flores"},{"@type":"BreadcrumbList","@id":"https:\/\/grupohoymexico.com\/nuevo-leon\/2025\/09\/03\/mundial-2026-en-nuevo-leon-gobierno-promete-legado-de-movilidad-y-espacios-publicos\/#breadcrumb","itemListElement":[{"@type":"ListItem","position":1,"name":"Inicio","item":"https:\/\/grupohoymexico.com\/nuevo-leon\/"},{"@type":"ListItem","position":2,"name":"Mundial 2026 en Nuevo Le\u00f3n: Gobierno promete legado de movilidad y espacios p\u00fablicos"}]},{"@type":"WebSite","@id":"https:\/\/grupohoymexico.com\/nuevo-leon\/#website","url":"https:\/\/grupohoymexico.com\/nuevo-leon\/","name":"Grupo Hoy Nuevo Leon","description":"Sitio l\u00edder de noticias en M\u00e9xico","potentialAction":[{"@type":"SearchAction","target":{"@type":"EntryPoint","urlTemplate":"https:\/\/grupohoymexico.com\/nuevo-leon\/?s={search_term_string}"},"query-input":{"@type":"PropertyValueSpecification","valueRequired":true,"valueName":"search_term_string"}}],"inLanguage":"es"},{"@type":"Person","@id":"https:\/\/grupohoymexico.com\/nuevo-leon\/#\/schema\/person\/e95b7b8df1e5c291ede743c160292779","name":"eduardo","image":{"@type":"ImageObject","inLanguage":"es","@id":"https:\/\/secure.gravatar.com\/avatar\/ecdd30dcf3feeb5f57f13840c3daeb08334d3b69de7bb9e067a540c4925a9788?s=96&d=mm&r=g","url":"https:\/\/secure.gravatar.com\/avatar\/ecdd30dcf3feeb5f57f13840c3daeb08334d3b69de7bb9e067a540c4925a9788?s=96&d=mm&r=g","contentUrl":"https:\/\/secure.gravatar.com\/avatar\/ecdd30dcf3feeb5f57f13840c3daeb08334d3b69de7bb9e067a540c4925a9788?s=96&d=mm&r=g","caption":"eduardo"},"url":"https:\/\/grupohoymexico.com\/nuevo-leon\/author\/eduardo\/"}]}},"_links":{"self":[{"href":"https:\/\/grupohoymexico.com\/nuevo-leon\/wp-json\/wp\/v2\/posts\/32182","targetHints":{"allow":["GET"]}}],"collection":[{"href":"https:\/\/grupohoymexico.com\/nuevo-leon\/wp-json\/wp\/v2\/posts"}],"about":[{"href":"https:\/\/grupohoymexico.com\/nuevo-leon\/wp-json\/wp\/v2\/types\/post"}],"author":[{"embeddable":true,"href":"https:\/\/grupohoymexico.com\/nuevo-leon\/wp-json\/wp\/v2\/users\/30"}],"replies":[{"embeddable":true,"href":"https:\/\/grupohoymexico.com\/nuevo-leon\/wp-json\/wp\/v2\/comments?post=32182"}],"version-history":[{"count":3,"href":"https:\/\/grupohoymexico.com\/nuevo-leon\/wp-json\/wp\/v2\/posts\/32182\/revisions"}],"predecessor-version":[{"id":32187,"href":"https:\/\/grupohoymexico.com\/nuevo-leon\/wp-json\/wp\/v2\/posts\/32182\/revisions\/32187"}],"wp:featuredmedia":[{"embeddable":true,"href":"https:\/\/grupohoymexico.com\/nuevo-leon\/wp-json\/wp\/v2\/media\/32183"}],"wp:attachment":[{"href":"https:\/\/grupohoymexico.com\/nuevo-leon\/wp-json\/wp\/v2\/media?parent=32182"}],"wp:term":[{"taxonomy":"category","embeddable":true,"href":"https:\/\/grupohoymexico.com\/nuevo-leon\/wp-json\/wp\/v2\/categories?post=32182"},{"taxonomy":"post_tag","embeddable":true,"href":"https:\/\/grupohoymexico.com\/nuevo-leon\/wp-json\/wp\/v2\/tags?post=32182"}],"curies":[{"name":"wp","href":"https:\/\/api.w.org\/{rel}","templated":true}]}}