{"id":32171,"date":"2025-09-02T23:20:08","date_gmt":"2025-09-02T23:20:08","guid":{"rendered":"https:\/\/grupohoymexico.com\/nuevo-leon\/2025\/09\/02\/samuel-garcia-plantea-programa-federal-para-denuncia-de-violencia-domestica\/"},"modified":"2025-09-02T23:20:51","modified_gmt":"2025-09-02T23:20:51","slug":"samuel-garcia-plantea-programa-federal-para-denuncia-de-violencia-domestica","status":"publish","type":"post","link":"https:\/\/grupohoymexico.com\/nuevo-leon\/2025\/09\/02\/samuel-garcia-plantea-programa-federal-para-denuncia-de-violencia-domestica\/","title":{"rendered":"Samuel Garc\u00eda plantea programa federal para denuncia de violencia dom\u00e9stica"},"content":{"rendered":"\n<p>El gobernador de Nuevo Le\u00f3n, <strong>Samuel Garc\u00eda<\/strong>, propuso la creaci\u00f3n de un <strong>programa nacional que facilite la denuncia de violencia dom\u00e9stica<\/strong>. El planteamiento llega al ser un problema que requiere atenci\u00f3n prioritaria en M\u00e9xico.<\/p>\n\n\n\n<p>La iniciativa fue presentada durante la <strong>Sesi\u00f3n Ordinaria del Consejo Nacional de Seguridad P\u00fablica<\/strong>, donde participaron la presidenta <strong>Claudia Sheinbaum<\/strong> y mandatarios estatales. <\/p>\n\n\n\n<p><strong>TAMBI\u00c9N LEE:<\/strong> <a href=\"https:\/\/grupohoymexico.com\/2025\/08\/29\/nuevo-leon-mantiene-semaforo-de-hacienda-en-verde-por-cuarto-ano-consecutivo\/\" target=\"_blank\" rel=\"noreferrer noopener\">Nuevo Le\u00f3n mantiene sem\u00e1foro de Hacienda en verde por cuarto a\u00f1o consecutivo<\/a><\/p>\n\n\n\n<p>En ese espacio, el <strong>gobernador Samuel Garc\u00eda<\/strong> destac\u00f3 que muchas mujeres no denuncian la violencia dom\u00e9stica por el miedo se convierte en una barrera dif\u00edcil de superar.<\/p>\n\n\n\n<p>El mandatario sugiri\u00f3 que se dise\u00f1e un esquema similar al que ya funciona para <strong>combatir la extorsi\u00f3n<\/strong>, pero enfocado en brindar herramientas accesibles a las <strong>v\u00edctimas de violencia en el hogar<\/strong>. <\/p>\n\n\n\n<p><strong>TAMBI\u00c9N LEE<\/strong>: <a href=\"https:\/\/grupohoymexico.com\/2025\/08\/19\/nuevo-leon-da-golpe-certero-contra-la-corrupcion\/\" target=\"_blank\" rel=\"noreferrer noopener\">Nuevo Le\u00f3n da golpe certero contra la corrupci\u00f3n<\/a><\/p>\n\n\n\n<p>Se\u00f1al\u00f3 que con ello se busca dar voz y apoyo a mujeres que actualmente permanecen atrapadas en situaciones de maltrato.<\/p>\n\n\n\n<p>Insisti\u00f3 en que es fundamental impulsar este tipo de mecanismos porque la falta de denuncias prolonga un ciclo de violencia que afecta a hijas, madres, hermanas y mujeres en general.<\/p>\n\n\n\n<p>La <a href=\"http:\/\/gob.mx\" target=\"_blank\" rel=\"noreferrer noopener\">presidenta Claudia Sheinbaum<\/a> coincidi\u00f3 en la necesidad de trabajar de manera conjunta y resalt\u00f3 que su gobierno dar\u00e1 prioridad al fortalecimiento de las <strong>capacidades de inteligencia e investigaci\u00f3n<\/strong>, as\u00ed como a la profesionalizaci\u00f3n de las polic\u00edas estatales y municipales, con el objetivo de enfrentar de manera m\u00e1s efectiva los problemas de seguridad.<\/p>\n\n\n\n<p>Durante la reuni\u00f3n, la secretaria Ejecutiva <strong>Marcela Figueroa Franco<\/strong> inform\u00f3 que 26 estados redujeron los homicidios dolosos. Entre ellos destac\u00f3 el trabajo que realiza <a href=\"http:\/\/www.nl.gob.mx\/es\/home\" target=\"_blank\" rel=\"noreferrer noopener\">Nuevo Le\u00f3n<\/a>, que consigui\u00f3 disminuir en un 51% estos delitos.<\/p>\n\n\n\n<figure class=\"wp-block-embed is-type-video is-provider-youtube wp-block-embed-youtube wp-embed-aspect-16-9 wp-has-aspect-ratio\"><div class=\"wp-block-embed__wrapper\">\n<iframe title=\"La polic\u00eda m\u00e1s equipada y m\u00e1s preparada: La Nueva Fuerza Civil.\" width=\"1200\" height=\"675\" src=\"https:\/\/www.youtube.com\/embed\/97Oh9X2cpjs?feature=oembed\" frameborder=\"0\" allow=\"accelerometer; autoplay; clipboard-write; encrypted-media; gyroscope; picture-in-picture; web-share\" referrerpolicy=\"strict-origin-when-cross-origin\" allowfullscreen><\/iframe>\n<\/div><\/figure>\n","protected":false},"excerpt":{"rendered":"El gobernador de Nuevo Le\u00f3n, Samuel Garc\u00eda, propuso la creaci\u00f3n de un programa nacional que facilite la denuncia&hellip;","protected":false},"author":15,"featured_media":32172,"comment_status":"open","ping_status":"open","sticky":false,"template":"","format":"standard","meta":{"csco_display_header_overlay":false,"csco_singular_sidebar":"","csco_page_header_type":"","csco_page_load_nextpost":"","csco_post_video_location":[],"csco_post_video_location_hash":"","csco_post_video_url":"","csco_post_video_bg_start_time":0,"csco_post_video_bg_end_time":0,"footnotes":""},"categories":[8],"tags":[194,173,120],"class_list":{"0":"post-32171","1":"post","2":"type-post","3":"status-publish","4":"format-standard","5":"has-post-thumbnail","7":"category-nacional","8":"tag-gobernador-de-nuevo-leon","9":"tag-gobierno-de-nuevo-leon","10":"tag-samuel-garcia","11":"cs-entry","12":"cs-video-wrap"},"yoast_head":"<!-- This site is optimized with the Yoast SEO Premium plugin v24.7 (Yoast SEO v27.4) - https:\/\/yoast.com\/product\/yoast-seo-premium-wordpress\/ -->\n<title>Samuel Garc\u00eda plantea programa federal para denuncia de violencia dom\u00e9stica - Grupo Hoy Nuevo Leon<\/title>\n<meta name=\"description\" content=\"El gobernador de Nuevo Le\u00f3n, Samuel Garc\u00eda, plante\u00f3 un programa federal para denuncia de violencia dom\u00e9stica.\" \/>\n<meta name=\"robots\" content=\"index, follow, max-snippet:-1, max-image-preview:large, max-video-preview:-1\" \/>\n<link rel=\"canonical\" href=\"https:\/\/grupohoymexico.com\/nuevo-leon\/2025\/09\/02\/samuel-garcia-plantea-programa-federal-para-denuncia-de-violencia-domestica\/\" \/>\n<meta property=\"og:locale\" content=\"es_MX\" \/>\n<meta property=\"og:type\" content=\"article\" \/>\n<meta property=\"og:title\" content=\"Samuel Garc\u00eda plantea programa federal para denuncia de violencia dom\u00e9stica\" \/>\n<meta property=\"og:description\" content=\"El gobernador de Nuevo Le\u00f3n, Samuel Garc\u00eda, plante\u00f3 un programa federal para denuncia de violencia dom\u00e9stica.\" \/>\n<meta property=\"og:url\" content=\"https:\/\/grupohoymexico.com\/nuevo-leon\/2025\/09\/02\/samuel-garcia-plantea-programa-federal-para-denuncia-de-violencia-domestica\/\" \/>\n<meta property=\"og:site_name\" content=\"Grupo Hoy Nuevo Leon\" \/>\n<meta property=\"article:published_time\" content=\"2025-09-02T23:20:08+00:00\" \/>\n<meta property=\"article:modified_time\" content=\"2025-09-02T23:20:51+00:00\" \/>\n<meta property=\"og:image\" content=\"https:\/\/grupohoymexico.com\/nuevo-leon\/wp-content\/uploads\/sites\/6\/2025\/09\/samuel_garcia_programa_denuncia_violencia_domestica_mexico-2.webp\" \/>\n\t<meta property=\"og:image:width\" content=\"1201\" \/>\n\t<meta property=\"og:image:height\" content=\"639\" \/>\n\t<meta property=\"og:image:type\" content=\"image\/webp\" \/>\n<meta name=\"author\" content=\"nestor\" \/>\n<meta name=\"twitter:card\" content=\"summary_large_image\" \/>\n<meta name=\"twitter:label1\" content=\"Escrito por\" \/>\n\t<meta name=\"twitter:data1\" content=\"nestor\" \/>\n\t<meta name=\"twitter:label2\" content=\"Tiempo de lectura\" \/>\n\t<meta name=\"twitter:data2\" content=\"2 minutos\" \/>\n<script type=\"application\/ld+json\" class=\"yoast-schema-graph\">{\"@context\":\"https:\\\/\\\/schema.org\",\"@graph\":[{\"@type\":\"Article\",\"@id\":\"https:\\\/\\\/grupohoymexico.com\\\/nuevo-leon\\\/2025\\\/09\\\/02\\\/samuel-garcia-plantea-programa-federal-para-denuncia-de-violencia-domestica\\\/#article\",\"isPartOf\":{\"@id\":\"https:\\\/\\\/grupohoymexico.com\\\/nuevo-leon\\\/2025\\\/09\\\/02\\\/samuel-garcia-plantea-programa-federal-para-denuncia-de-violencia-domestica\\\/\"},\"author\":{\"name\":\"nestor\",\"@id\":\"https:\\\/\\\/grupohoymexico.com\\\/nuevo-leon\\\/#\\\/schema\\\/person\\\/8201f3fa49669f346d08e15801e0ebc2\"},\"headline\":\"Samuel Garc\u00eda plantea programa federal para denuncia de violencia dom\u00e9stica\",\"datePublished\":\"2025-09-02T23:20:08+00:00\",\"dateModified\":\"2025-09-02T23:20:51+00:00\",\"mainEntityOfPage\":{\"@id\":\"https:\\\/\\\/grupohoymexico.com\\\/nuevo-leon\\\/2025\\\/09\\\/02\\\/samuel-garcia-plantea-programa-federal-para-denuncia-de-violencia-domestica\\\/\"},\"wordCount\":323,\"commentCount\":0,\"image\":{\"@id\":\"https:\\\/\\\/grupohoymexico.com\\\/nuevo-leon\\\/2025\\\/09\\\/02\\\/samuel-garcia-plantea-programa-federal-para-denuncia-de-violencia-domestica\\\/#primaryimage\"},\"thumbnailUrl\":\"https:\\\/\\\/grupohoymexico.com\\\/nuevo-leon\\\/wp-content\\\/uploads\\\/sites\\\/6\\\/2025\\\/09\\\/samuel_garcia_programa_denuncia_violencia_domestica_mexico-2.webp\",\"keywords\":[\"Gobernador de Nuevo Le\u00f3n\",\"gobierno de Nuevo Le\u00f3n\",\"Samuel Garc\u00eda\"],\"articleSection\":[\"Nacional\"],\"inLanguage\":\"es\",\"potentialAction\":[{\"@type\":\"CommentAction\",\"name\":\"Comment\",\"target\":[\"https:\\\/\\\/grupohoymexico.com\\\/nuevo-leon\\\/2025\\\/09\\\/02\\\/samuel-garcia-plantea-programa-federal-para-denuncia-de-violencia-domestica\\\/#respond\"]}]},{\"@type\":\"WebPage\",\"@id\":\"https:\\\/\\\/grupohoymexico.com\\\/nuevo-leon\\\/2025\\\/09\\\/02\\\/samuel-garcia-plantea-programa-federal-para-denuncia-de-violencia-domestica\\\/\",\"url\":\"https:\\\/\\\/grupohoymexico.com\\\/nuevo-leon\\\/2025\\\/09\\\/02\\\/samuel-garcia-plantea-programa-federal-para-denuncia-de-violencia-domestica\\\/\",\"name\":\"Samuel Garc\u00eda plantea programa federal para denuncia de violencia dom\u00e9stica - Grupo Hoy Nuevo Leon\",\"isPartOf\":{\"@id\":\"https:\\\/\\\/grupohoymexico.com\\\/nuevo-leon\\\/#website\"},\"primaryImageOfPage\":{\"@id\":\"https:\\\/\\\/grupohoymexico.com\\\/nuevo-leon\\\/2025\\\/09\\\/02\\\/samuel-garcia-plantea-programa-federal-para-denuncia-de-violencia-domestica\\\/#primaryimage\"},\"image\":{\"@id\":\"https:\\\/\\\/grupohoymexico.com\\\/nuevo-leon\\\/2025\\\/09\\\/02\\\/samuel-garcia-plantea-programa-federal-para-denuncia-de-violencia-domestica\\\/#primaryimage\"},\"thumbnailUrl\":\"https:\\\/\\\/grupohoymexico.com\\\/nuevo-leon\\\/wp-content\\\/uploads\\\/sites\\\/6\\\/2025\\\/09\\\/samuel_garcia_programa_denuncia_violencia_domestica_mexico-2.webp\",\"datePublished\":\"2025-09-02T23:20:08+00:00\",\"dateModified\":\"2025-09-02T23:20:51+00:00\",\"author\":{\"@id\":\"https:\\\/\\\/grupohoymexico.com\\\/nuevo-leon\\\/#\\\/schema\\\/person\\\/8201f3fa49669f346d08e15801e0ebc2\"},\"description\":\"El gobernador de Nuevo Le\u00f3n, Samuel Garc\u00eda, plante\u00f3 un programa federal para denuncia de violencia dom\u00e9stica.\",\"breadcrumb\":{\"@id\":\"https:\\\/\\\/grupohoymexico.com\\\/nuevo-leon\\\/2025\\\/09\\\/02\\\/samuel-garcia-plantea-programa-federal-para-denuncia-de-violencia-domestica\\\/#breadcrumb\"},\"inLanguage\":\"es\",\"potentialAction\":[{\"@type\":\"ReadAction\",\"target\":[\"https:\\\/\\\/grupohoymexico.com\\\/nuevo-leon\\\/2025\\\/09\\\/02\\\/samuel-garcia-plantea-programa-federal-para-denuncia-de-violencia-domestica\\\/\"]}]},{\"@type\":\"ImageObject\",\"inLanguage\":\"es\",\"@id\":\"https:\\\/\\\/grupohoymexico.com\\\/nuevo-leon\\\/2025\\\/09\\\/02\\\/samuel-garcia-plantea-programa-federal-para-denuncia-de-violencia-domestica\\\/#primaryimage\",\"url\":\"https:\\\/\\\/grupohoymexico.com\\\/nuevo-leon\\\/wp-content\\\/uploads\\\/sites\\\/6\\\/2025\\\/09\\\/samuel_garcia_programa_denuncia_violencia_domestica_mexico-2.webp\",\"contentUrl\":\"https:\\\/\\\/grupohoymexico.com\\\/nuevo-leon\\\/wp-content\\\/uploads\\\/sites\\\/6\\\/2025\\\/09\\\/samuel_garcia_programa_denuncia_violencia_domestica_mexico-2.webp\",\"width\":1201,\"height\":639,\"caption\":\"Foto: Gobierno de Nuevo Le\u00f3n\"},{\"@type\":\"BreadcrumbList\",\"@id\":\"https:\\\/\\\/grupohoymexico.com\\\/nuevo-leon\\\/2025\\\/09\\\/02\\\/samuel-garcia-plantea-programa-federal-para-denuncia-de-violencia-domestica\\\/#breadcrumb\",\"itemListElement\":[{\"@type\":\"ListItem\",\"position\":1,\"name\":\"Inicio\",\"item\":\"https:\\\/\\\/grupohoymexico.com\\\/nuevo-leon\\\/\"},{\"@type\":\"ListItem\",\"position\":2,\"name\":\"Samuel Garc\u00eda plantea programa federal para denuncia de violencia dom\u00e9stica\"}]},{\"@type\":\"WebSite\",\"@id\":\"https:\\\/\\\/grupohoymexico.com\\\/nuevo-leon\\\/#website\",\"url\":\"https:\\\/\\\/grupohoymexico.com\\\/nuevo-leon\\\/\",\"name\":\"Grupo Hoy Nuevo Leon\",\"description\":\"Sitio l\u00edder de noticias en M\u00e9xico\",\"potentialAction\":[{\"@type\":\"SearchAction\",\"target\":{\"@type\":\"EntryPoint\",\"urlTemplate\":\"https:\\\/\\\/grupohoymexico.com\\\/nuevo-leon\\\/?s={search_term_string}\"},\"query-input\":{\"@type\":\"PropertyValueSpecification\",\"valueRequired\":true,\"valueName\":\"search_term_string\"}}],\"inLanguage\":\"es\"},{\"@type\":\"Person\",\"@id\":\"https:\\\/\\\/grupohoymexico.com\\\/nuevo-leon\\\/#\\\/schema\\\/person\\\/8201f3fa49669f346d08e15801e0ebc2\",\"name\":\"nestor\",\"image\":{\"@type\":\"ImageObject\",\"inLanguage\":\"es\",\"@id\":\"https:\\\/\\\/secure.gravatar.com\\\/avatar\\\/6675a6d9279ab1d8e7b7c55956d0013492fdc51e007e555bc58e5e0eac33d094?s=96&d=mm&r=g\",\"url\":\"https:\\\/\\\/secure.gravatar.com\\\/avatar\\\/6675a6d9279ab1d8e7b7c55956d0013492fdc51e007e555bc58e5e0eac33d094?s=96&d=mm&r=g\",\"contentUrl\":\"https:\\\/\\\/secure.gravatar.com\\\/avatar\\\/6675a6d9279ab1d8e7b7c55956d0013492fdc51e007e555bc58e5e0eac33d094?s=96&d=mm&r=g\",\"caption\":\"nestor\"},\"url\":\"https:\\\/\\\/grupohoymexico.com\\\/nuevo-leon\\\/author\\\/nestor\\\/\"}]}<\/script>\n<!-- \/ Yoast SEO Premium plugin. -->","yoast_head_json":{"title":"Samuel Garc\u00eda plantea programa federal para denuncia de violencia dom\u00e9stica - Grupo Hoy Nuevo Leon","description":"El gobernador de Nuevo Le\u00f3n, Samuel Garc\u00eda, plante\u00f3 un programa federal para denuncia de violencia dom\u00e9stica.","robots":{"index":"index","follow":"follow","max-snippet":"max-snippet:-1","max-image-preview":"max-image-preview:large","max-video-preview":"max-video-preview:-1"},"canonical":"https:\/\/grupohoymexico.com\/nuevo-leon\/2025\/09\/02\/samuel-garcia-plantea-programa-federal-para-denuncia-de-violencia-domestica\/","og_locale":"es_MX","og_type":"article","og_title":"Samuel Garc\u00eda plantea programa federal para denuncia de violencia dom\u00e9stica","og_description":"El gobernador de Nuevo Le\u00f3n, Samuel Garc\u00eda, plante\u00f3 un programa federal para denuncia de violencia dom\u00e9stica.","og_url":"https:\/\/grupohoymexico.com\/nuevo-leon\/2025\/09\/02\/samuel-garcia-plantea-programa-federal-para-denuncia-de-violencia-domestica\/","og_site_name":"Grupo Hoy Nuevo Leon","article_published_time":"2025-09-02T23:20:08+00:00","article_modified_time":"2025-09-02T23:20:51+00:00","og_image":[{"width":1201,"height":639,"url":"https:\/\/grupohoymexico.com\/nuevo-leon\/wp-content\/uploads\/sites\/6\/2025\/09\/samuel_garcia_programa_denuncia_violencia_domestica_mexico-2.webp","type":"image\/webp"}],"author":"nestor","twitter_card":"summary_large_image","twitter_misc":{"Escrito por":"nestor","Tiempo de lectura":"2 minutos"},"schema":{"@context":"https:\/\/schema.org","@graph":[{"@type":"Article","@id":"https:\/\/grupohoymexico.com\/nuevo-leon\/2025\/09\/02\/samuel-garcia-plantea-programa-federal-para-denuncia-de-violencia-domestica\/#article","isPartOf":{"@id":"https:\/\/grupohoymexico.com\/nuevo-leon\/2025\/09\/02\/samuel-garcia-plantea-programa-federal-para-denuncia-de-violencia-domestica\/"},"author":{"name":"nestor","@id":"https:\/\/grupohoymexico.com\/nuevo-leon\/#\/schema\/person\/8201f3fa49669f346d08e15801e0ebc2"},"headline":"Samuel Garc\u00eda plantea programa federal para denuncia de violencia dom\u00e9stica","datePublished":"2025-09-02T23:20:08+00:00","dateModified":"2025-09-02T23:20:51+00:00","mainEntityOfPage":{"@id":"https:\/\/grupohoymexico.com\/nuevo-leon\/2025\/09\/02\/samuel-garcia-plantea-programa-federal-para-denuncia-de-violencia-domestica\/"},"wordCount":323,"commentCount":0,"image":{"@id":"https:\/\/grupohoymexico.com\/nuevo-leon\/2025\/09\/02\/samuel-garcia-plantea-programa-federal-para-denuncia-de-violencia-domestica\/#primaryimage"},"thumbnailUrl":"https:\/\/grupohoymexico.com\/nuevo-leon\/wp-content\/uploads\/sites\/6\/2025\/09\/samuel_garcia_programa_denuncia_violencia_domestica_mexico-2.webp","keywords":["Gobernador de Nuevo Le\u00f3n","gobierno de Nuevo Le\u00f3n","Samuel Garc\u00eda"],"articleSection":["Nacional"],"inLanguage":"es","potentialAction":[{"@type":"CommentAction","name":"Comment","target":["https:\/\/grupohoymexico.com\/nuevo-leon\/2025\/09\/02\/samuel-garcia-plantea-programa-federal-para-denuncia-de-violencia-domestica\/#respond"]}]},{"@type":"WebPage","@id":"https:\/\/grupohoymexico.com\/nuevo-leon\/2025\/09\/02\/samuel-garcia-plantea-programa-federal-para-denuncia-de-violencia-domestica\/","url":"https:\/\/grupohoymexico.com\/nuevo-leon\/2025\/09\/02\/samuel-garcia-plantea-programa-federal-para-denuncia-de-violencia-domestica\/","name":"Samuel Garc\u00eda plantea programa federal para denuncia de violencia dom\u00e9stica - Grupo Hoy Nuevo Leon","isPartOf":{"@id":"https:\/\/grupohoymexico.com\/nuevo-leon\/#website"},"primaryImageOfPage":{"@id":"https:\/\/grupohoymexico.com\/nuevo-leon\/2025\/09\/02\/samuel-garcia-plantea-programa-federal-para-denuncia-de-violencia-domestica\/#primaryimage"},"image":{"@id":"https:\/\/grupohoymexico.com\/nuevo-leon\/2025\/09\/02\/samuel-garcia-plantea-programa-federal-para-denuncia-de-violencia-domestica\/#primaryimage"},"thumbnailUrl":"https:\/\/grupohoymexico.com\/nuevo-leon\/wp-content\/uploads\/sites\/6\/2025\/09\/samuel_garcia_programa_denuncia_violencia_domestica_mexico-2.webp","datePublished":"2025-09-02T23:20:08+00:00","dateModified":"2025-09-02T23:20:51+00:00","author":{"@id":"https:\/\/grupohoymexico.com\/nuevo-leon\/#\/schema\/person\/8201f3fa49669f346d08e15801e0ebc2"},"description":"El gobernador de Nuevo Le\u00f3n, Samuel Garc\u00eda, plante\u00f3 un programa federal para denuncia de violencia dom\u00e9stica.","breadcrumb":{"@id":"https:\/\/grupohoymexico.com\/nuevo-leon\/2025\/09\/02\/samuel-garcia-plantea-programa-federal-para-denuncia-de-violencia-domestica\/#breadcrumb"},"inLanguage":"es","potentialAction":[{"@type":"ReadAction","target":["https:\/\/grupohoymexico.com\/nuevo-leon\/2025\/09\/02\/samuel-garcia-plantea-programa-federal-para-denuncia-de-violencia-domestica\/"]}]},{"@type":"ImageObject","inLanguage":"es","@id":"https:\/\/grupohoymexico.com\/nuevo-leon\/2025\/09\/02\/samuel-garcia-plantea-programa-federal-para-denuncia-de-violencia-domestica\/#primaryimage","url":"https:\/\/grupohoymexico.com\/nuevo-leon\/wp-content\/uploads\/sites\/6\/2025\/09\/samuel_garcia_programa_denuncia_violencia_domestica_mexico-2.webp","contentUrl":"https:\/\/grupohoymexico.com\/nuevo-leon\/wp-content\/uploads\/sites\/6\/2025\/09\/samuel_garcia_programa_denuncia_violencia_domestica_mexico-2.webp","width":1201,"height":639,"caption":"Foto: Gobierno de Nuevo Le\u00f3n"},{"@type":"BreadcrumbList","@id":"https:\/\/grupohoymexico.com\/nuevo-leon\/2025\/09\/02\/samuel-garcia-plantea-programa-federal-para-denuncia-de-violencia-domestica\/#breadcrumb","itemListElement":[{"@type":"ListItem","position":1,"name":"Inicio","item":"https:\/\/grupohoymexico.com\/nuevo-leon\/"},{"@type":"ListItem","position":2,"name":"Samuel Garc\u00eda plantea programa federal para denuncia de violencia dom\u00e9stica"}]},{"@type":"WebSite","@id":"https:\/\/grupohoymexico.com\/nuevo-leon\/#website","url":"https:\/\/grupohoymexico.com\/nuevo-leon\/","name":"Grupo Hoy Nuevo Leon","description":"Sitio l\u00edder de noticias en M\u00e9xico","potentialAction":[{"@type":"SearchAction","target":{"@type":"EntryPoint","urlTemplate":"https:\/\/grupohoymexico.com\/nuevo-leon\/?s={search_term_string}"},"query-input":{"@type":"PropertyValueSpecification","valueRequired":true,"valueName":"search_term_string"}}],"inLanguage":"es"},{"@type":"Person","@id":"https:\/\/grupohoymexico.com\/nuevo-leon\/#\/schema\/person\/8201f3fa49669f346d08e15801e0ebc2","name":"nestor","image":{"@type":"ImageObject","inLanguage":"es","@id":"https:\/\/secure.gravatar.com\/avatar\/6675a6d9279ab1d8e7b7c55956d0013492fdc51e007e555bc58e5e0eac33d094?s=96&d=mm&r=g","url":"https:\/\/secure.gravatar.com\/avatar\/6675a6d9279ab1d8e7b7c55956d0013492fdc51e007e555bc58e5e0eac33d094?s=96&d=mm&r=g","contentUrl":"https:\/\/secure.gravatar.com\/avatar\/6675a6d9279ab1d8e7b7c55956d0013492fdc51e007e555bc58e5e0eac33d094?s=96&d=mm&r=g","caption":"nestor"},"url":"https:\/\/grupohoymexico.com\/nuevo-leon\/author\/nestor\/"}]}},"_links":{"self":[{"href":"https:\/\/grupohoymexico.com\/nuevo-leon\/wp-json\/wp\/v2\/posts\/32171","targetHints":{"allow":["GET"]}}],"collection":[{"href":"https:\/\/grupohoymexico.com\/nuevo-leon\/wp-json\/wp\/v2\/posts"}],"about":[{"href":"https:\/\/grupohoymexico.com\/nuevo-leon\/wp-json\/wp\/v2\/types\/post"}],"author":[{"embeddable":true,"href":"https:\/\/grupohoymexico.com\/nuevo-leon\/wp-json\/wp\/v2\/users\/15"}],"replies":[{"embeddable":true,"href":"https:\/\/grupohoymexico.com\/nuevo-leon\/wp-json\/wp\/v2\/comments?post=32171"}],"version-history":[{"count":0,"href":"https:\/\/grupohoymexico.com\/nuevo-leon\/wp-json\/wp\/v2\/posts\/32171\/revisions"}],"wp:featuredmedia":[{"embeddable":true,"href":"https:\/\/grupohoymexico.com\/nuevo-leon\/wp-json\/wp\/v2\/media\/32172"}],"wp:attachment":[{"href":"https:\/\/grupohoymexico.com\/nuevo-leon\/wp-json\/wp\/v2\/media?parent=32171"}],"wp:term":[{"taxonomy":"category","embeddable":true,"href":"https:\/\/grupohoymexico.com\/nuevo-leon\/wp-json\/wp\/v2\/categories?post=32171"},{"taxonomy":"post_tag","embeddable":true,"href":"https:\/\/grupohoymexico.com\/nuevo-leon\/wp-json\/wp\/v2\/tags?post=32171"}],"curies":[{"name":"wp","href":"https:\/\/api.w.org\/{rel}","templated":true}]}}