{"id":32162,"date":"2025-09-01T21:41:22","date_gmt":"2025-09-01T21:41:22","guid":{"rendered":"https:\/\/grupohoymexico.com\/nuevo-leon\/2025\/09\/01\/presentan-denuncia-penal-contra-javier-may-por-el-descarrilamiento-del-tren-maya\/"},"modified":"2025-09-01T21:41:23","modified_gmt":"2025-09-01T21:41:23","slug":"presentan-denuncia-penal-contra-javier-may-por-el-descarrilamiento-del-tren-maya","status":"publish","type":"post","link":"https:\/\/grupohoymexico.com\/nuevo-leon\/2025\/09\/01\/presentan-denuncia-penal-contra-javier-may-por-el-descarrilamiento-del-tren-maya\/","title":{"rendered":"Presentan denuncia penal contra Javier May por el descarrilamiento del Tren Maya"},"content":{"rendered":"\n<p>El <strong>gobernador de Tabasco<\/strong>, <strong>Javier May<\/strong>, enfrenta una <strong>denuncia penal<\/strong> por el descarrilamiento del <strong>Tren Maya<\/strong>. Esto luego que integrantes de <strong>Partido Acci\u00f3n Nacional<\/strong> (PAN) acusan que tiene responsabilidad que se remonta a cuando fue director del <strong>Fondo Nacional de Fomento al Turismo<\/strong> (Fonatur).<\/p>\n\n\n\n<p>El recurso legal fue interpuesto por el diputado federal <strong>Ernesto S\u00e1nchez Rodr\u00edguez<\/strong>, la diputada local de Quintana Roo, <strong>Reyna Tamayo<\/strong>; tambi\u00e9n por la senadora Mayuli Mart\u00ednez. Acusan al mandatario estatal por su presunta responsabilidad en el reciente descarrilamiento del medio de transporte.<\/p>\n\n\n\n<p><strong>TAMBI\u00c9N LEE: <\/strong><a href=\"https:\/\/grupohoymexico.com\/2025\/08\/21\/tren-maya-costos-de-seguro-superan-por-234-ganancias-en-primer-semestre\/\" target=\"_blank\" rel=\"noreferrer noopener\">Tren Maya: Costos de seguro superan por 234% ganancias en primer semestre<\/a><\/p>\n\n\n\n<p>Advierten que el titular del Ejecutivo estatal intervino directamente en la etapa de adjudicaci\u00f3n y construcci\u00f3n del <strong>Tramo 3 del proyecto ferroviario<\/strong>. Si bien se report\u00f3 saldo blanco en dicho percance, los legisladores advierten que se expuso a riesgo a pasajeros y trabajadores de la obra.<\/p>\n\n\n\n<p>\u201cEsta denuncia busca sanciones penales contra quienes han saqueado el erario, comprado materiales de mala calidad y fallado en la supervisi\u00f3n del <strong>Tren Maya<\/strong>\u201d, acusaron los integrantes de la oposici\u00f3n al presentar el recurso.<\/p>\n\n\n\n<h2 class=\"wp-block-heading\" id=\"h-javier-may-gobernador-de-tabasco-enfrenta-denuncia-por-descarrilamiento-del-tren-maya\">Javier May, gobernador de Tabasco, enfrenta denuncia por descarrilamiento del Tren Maya<\/h2>\n\n\n\n<p>Ernesto S\u00e1nchez Rodr\u00edguez, diputado federal por el PAN, subray\u00f3 que existen indicios de corrupci\u00f3n en la asignaci\u00f3n de contratos porque se otorgaron a personas cercanas a los hijos del <strong>expresidente Andr\u00e9s Manuel L\u00f3pez Obrador<\/strong>. <\/p>\n\n\n\n<blockquote class=\"wp-block-quote is-layout-flow wp-block-quote-is-layout-flow\">\n<p>\u201cSe abus\u00f3 de cargos p\u00fablicos y se privilegiaron a los cuates de Jos\u00e9 Ram\u00f3n y de Andy\u201d, afirm\u00f3.<\/p>\n<\/blockquote>\n\n\n\n<p><strong>TAMBI\u00c9N LEE:<\/strong> <a href=\"https:\/\/grupohoymexico.com\/2025\/08\/18\/facturas-revelan-que-andy-lopez-beltran-gasto-177-mil-pesos-en-japon\/\" target=\"_blank\" rel=\"noreferrer noopener\">Facturas revelan que Andy L\u00f3pez Beltr\u00e1n gast\u00f3 177 mil pesos en Jap\u00f3n<\/a><\/p>\n\n\n\n<h2 class=\"wp-block-heading\" id=\"h-descarrilamiento-del-tren-maya\">Descarrilamiento del Tren Maya<\/h2>\n\n\n\n<p>El caso se suma a la lista de controversias en torno al Tren Maya, uno de los proyectos insignia de la pasada administraci\u00f3n federal. Fue el pasado 19 de junio cuando ocurri\u00f3 el incidente que provoc\u00f3 \u00e9l impacto de dos trenes y que uno se saliera del carril.<\/p>\n\n\n\n<p>El general\u00a0<strong>\u00d3scar David Lozano \u00c1vila<\/strong>, director del proyecto ferroviario, defendi\u00f3 que no se trat\u00f3 de un descarrilamiento, sino de un percance de v\u00eda. <\/p>\n\n\n\n<blockquote class=\"wp-block-quote is-layout-flow wp-block-quote-is-layout-flow\">\n<p>\u201cEso es un percance, no es un descarrilamiento, porque solamente es un bogie del coche que se sale y al salirse queda ligeramente recostado con el tren 307 que estaba parado, entonces por eso es que se ve inclinado\u201d, coment\u00f3.<\/p>\n<\/blockquote>\n","protected":false},"excerpt":{"rendered":"El gobernador de Tabasco, Javier May, enfrenta una denuncia penal por el descarrilamiento del Tren Maya. Esto luego&hellip;","protected":false},"author":15,"featured_media":32163,"comment_status":"open","ping_status":"open","sticky":false,"template":"","format":"standard","meta":{"csco_display_header_overlay":false,"csco_singular_sidebar":"","csco_page_header_type":"","csco_page_load_nextpost":"","csco_post_video_location":[],"csco_post_video_location_hash":"","csco_post_video_url":"","csco_post_video_bg_start_time":0,"csco_post_video_bg_end_time":0,"footnotes":""},"categories":[55],"tags":[536,537,538,539],"class_list":{"0":"post-32162","1":"post","2":"type-post","3":"status-publish","4":"format-standard","5":"has-post-thumbnail","7":"category-politica","8":"tag-descarrilamiento-del-tren-maya","9":"tag-gobernador-de-tabasco","10":"tag-javier-may","11":"tag-tren-maya","12":"cs-entry","13":"cs-video-wrap"},"yoast_head":"<!-- This site is optimized with the Yoast SEO Premium plugin v24.7 (Yoast SEO v27.4) - https:\/\/yoast.com\/product\/yoast-seo-premium-wordpress\/ -->\n<title>Javier May enfrenta denuncia por descarrilamiento del Tren Maya - Grupo Hoy Nuevo Leon<\/title>\n<meta name=\"description\" content=\"Integrantes del Partido Acci\u00f3n Nacional presentaron una denuncia penal contra Javier May por el descarrilamiento del Tren Maya.\" \/>\n<meta name=\"robots\" content=\"index, follow, max-snippet:-1, max-image-preview:large, max-video-preview:-1\" \/>\n<link rel=\"canonical\" href=\"https:\/\/grupohoymexico.com\/nuevo-leon\/2025\/09\/01\/presentan-denuncia-penal-contra-javier-may-por-el-descarrilamiento-del-tren-maya\/\" \/>\n<meta property=\"og:locale\" content=\"es_MX\" \/>\n<meta property=\"og:type\" content=\"article\" \/>\n<meta property=\"og:title\" content=\"Presentan denuncia penal contra Javier May por el descarrilamiento del Tren Maya\" \/>\n<meta property=\"og:description\" content=\"Integrantes del Partido Acci\u00f3n Nacional presentaron una denuncia penal contra Javier May por el descarrilamiento del Tren Maya.\" \/>\n<meta property=\"og:url\" content=\"https:\/\/grupohoymexico.com\/nuevo-leon\/2025\/09\/01\/presentan-denuncia-penal-contra-javier-may-por-el-descarrilamiento-del-tren-maya\/\" \/>\n<meta property=\"og:site_name\" content=\"Grupo Hoy Nuevo Leon\" \/>\n<meta property=\"article:published_time\" content=\"2025-09-01T21:41:22+00:00\" \/>\n<meta property=\"article:modified_time\" content=\"2025-09-01T21:41:23+00:00\" \/>\n<meta property=\"og:image\" content=\"https:\/\/grupohoymexico.com\/nuevo-leon\/wp-content\/uploads\/sites\/6\/2025\/09\/denuncia_penal_gobernador_tabasco_javier_may_descarrilamiento_tren_maya.webp\" \/>\n\t<meta property=\"og:image:width\" content=\"1201\" \/>\n\t<meta property=\"og:image:height\" content=\"639\" \/>\n\t<meta property=\"og:image:type\" content=\"image\/webp\" \/>\n<meta name=\"author\" content=\"nestor\" \/>\n<meta name=\"twitter:card\" content=\"summary_large_image\" \/>\n<meta name=\"twitter:label1\" content=\"Escrito por\" \/>\n\t<meta name=\"twitter:data1\" content=\"nestor\" \/>\n\t<meta name=\"twitter:label2\" content=\"Tiempo de lectura\" \/>\n\t<meta name=\"twitter:data2\" content=\"2 minutos\" \/>\n<script type=\"application\/ld+json\" class=\"yoast-schema-graph\">{\"@context\":\"https:\\\/\\\/schema.org\",\"@graph\":[{\"@type\":\"Article\",\"@id\":\"https:\\\/\\\/grupohoymexico.com\\\/nuevo-leon\\\/2025\\\/09\\\/01\\\/presentan-denuncia-penal-contra-javier-may-por-el-descarrilamiento-del-tren-maya\\\/#article\",\"isPartOf\":{\"@id\":\"https:\\\/\\\/grupohoymexico.com\\\/nuevo-leon\\\/2025\\\/09\\\/01\\\/presentan-denuncia-penal-contra-javier-may-por-el-descarrilamiento-del-tren-maya\\\/\"},\"author\":{\"name\":\"nestor\",\"@id\":\"https:\\\/\\\/grupohoymexico.com\\\/nuevo-leon\\\/#\\\/schema\\\/person\\\/8201f3fa49669f346d08e15801e0ebc2\"},\"headline\":\"Presentan denuncia penal contra Javier May por el descarrilamiento del Tren Maya\",\"datePublished\":\"2025-09-01T21:41:22+00:00\",\"dateModified\":\"2025-09-01T21:41:23+00:00\",\"mainEntityOfPage\":{\"@id\":\"https:\\\/\\\/grupohoymexico.com\\\/nuevo-leon\\\/2025\\\/09\\\/01\\\/presentan-denuncia-penal-contra-javier-may-por-el-descarrilamiento-del-tren-maya\\\/\"},\"wordCount\":405,\"commentCount\":0,\"image\":{\"@id\":\"https:\\\/\\\/grupohoymexico.com\\\/nuevo-leon\\\/2025\\\/09\\\/01\\\/presentan-denuncia-penal-contra-javier-may-por-el-descarrilamiento-del-tren-maya\\\/#primaryimage\"},\"thumbnailUrl\":\"https:\\\/\\\/grupohoymexico.com\\\/nuevo-leon\\\/wp-content\\\/uploads\\\/sites\\\/6\\\/2025\\\/09\\\/denuncia_penal_gobernador_tabasco_javier_may_descarrilamiento_tren_maya.webp\",\"keywords\":[\"Descarrilamiento del Tren Maya\",\"Gobernador de Tabasco\",\"Javier May\",\"Tren Maya\"],\"articleSection\":[\"Pol\u00edtica\"],\"inLanguage\":\"es\",\"potentialAction\":[{\"@type\":\"CommentAction\",\"name\":\"Comment\",\"target\":[\"https:\\\/\\\/grupohoymexico.com\\\/nuevo-leon\\\/2025\\\/09\\\/01\\\/presentan-denuncia-penal-contra-javier-may-por-el-descarrilamiento-del-tren-maya\\\/#respond\"]}]},{\"@type\":\"WebPage\",\"@id\":\"https:\\\/\\\/grupohoymexico.com\\\/nuevo-leon\\\/2025\\\/09\\\/01\\\/presentan-denuncia-penal-contra-javier-may-por-el-descarrilamiento-del-tren-maya\\\/\",\"url\":\"https:\\\/\\\/grupohoymexico.com\\\/nuevo-leon\\\/2025\\\/09\\\/01\\\/presentan-denuncia-penal-contra-javier-may-por-el-descarrilamiento-del-tren-maya\\\/\",\"name\":\"Javier May enfrenta denuncia por descarrilamiento del Tren Maya - Grupo Hoy Nuevo Leon\",\"isPartOf\":{\"@id\":\"https:\\\/\\\/grupohoymexico.com\\\/nuevo-leon\\\/#website\"},\"primaryImageOfPage\":{\"@id\":\"https:\\\/\\\/grupohoymexico.com\\\/nuevo-leon\\\/2025\\\/09\\\/01\\\/presentan-denuncia-penal-contra-javier-may-por-el-descarrilamiento-del-tren-maya\\\/#primaryimage\"},\"image\":{\"@id\":\"https:\\\/\\\/grupohoymexico.com\\\/nuevo-leon\\\/2025\\\/09\\\/01\\\/presentan-denuncia-penal-contra-javier-may-por-el-descarrilamiento-del-tren-maya\\\/#primaryimage\"},\"thumbnailUrl\":\"https:\\\/\\\/grupohoymexico.com\\\/nuevo-leon\\\/wp-content\\\/uploads\\\/sites\\\/6\\\/2025\\\/09\\\/denuncia_penal_gobernador_tabasco_javier_may_descarrilamiento_tren_maya.webp\",\"datePublished\":\"2025-09-01T21:41:22+00:00\",\"dateModified\":\"2025-09-01T21:41:23+00:00\",\"author\":{\"@id\":\"https:\\\/\\\/grupohoymexico.com\\\/nuevo-leon\\\/#\\\/schema\\\/person\\\/8201f3fa49669f346d08e15801e0ebc2\"},\"description\":\"Integrantes del Partido Acci\u00f3n Nacional presentaron una denuncia penal contra Javier May por el descarrilamiento del Tren Maya.\",\"breadcrumb\":{\"@id\":\"https:\\\/\\\/grupohoymexico.com\\\/nuevo-leon\\\/2025\\\/09\\\/01\\\/presentan-denuncia-penal-contra-javier-may-por-el-descarrilamiento-del-tren-maya\\\/#breadcrumb\"},\"inLanguage\":\"es\",\"potentialAction\":[{\"@type\":\"ReadAction\",\"target\":[\"https:\\\/\\\/grupohoymexico.com\\\/nuevo-leon\\\/2025\\\/09\\\/01\\\/presentan-denuncia-penal-contra-javier-may-por-el-descarrilamiento-del-tren-maya\\\/\"]}]},{\"@type\":\"ImageObject\",\"inLanguage\":\"es\",\"@id\":\"https:\\\/\\\/grupohoymexico.com\\\/nuevo-leon\\\/2025\\\/09\\\/01\\\/presentan-denuncia-penal-contra-javier-may-por-el-descarrilamiento-del-tren-maya\\\/#primaryimage\",\"url\":\"https:\\\/\\\/grupohoymexico.com\\\/nuevo-leon\\\/wp-content\\\/uploads\\\/sites\\\/6\\\/2025\\\/09\\\/denuncia_penal_gobernador_tabasco_javier_may_descarrilamiento_tren_maya.webp\",\"contentUrl\":\"https:\\\/\\\/grupohoymexico.com\\\/nuevo-leon\\\/wp-content\\\/uploads\\\/sites\\\/6\\\/2025\\\/09\\\/denuncia_penal_gobernador_tabasco_javier_may_descarrilamiento_tren_maya.webp\",\"width\":1201,\"height\":639,\"caption\":\"Foto: Facebook\"},{\"@type\":\"BreadcrumbList\",\"@id\":\"https:\\\/\\\/grupohoymexico.com\\\/nuevo-leon\\\/2025\\\/09\\\/01\\\/presentan-denuncia-penal-contra-javier-may-por-el-descarrilamiento-del-tren-maya\\\/#breadcrumb\",\"itemListElement\":[{\"@type\":\"ListItem\",\"position\":1,\"name\":\"Inicio\",\"item\":\"https:\\\/\\\/grupohoymexico.com\\\/nuevo-leon\\\/\"},{\"@type\":\"ListItem\",\"position\":2,\"name\":\"Presentan denuncia penal contra Javier May por el descarrilamiento del Tren Maya\"}]},{\"@type\":\"WebSite\",\"@id\":\"https:\\\/\\\/grupohoymexico.com\\\/nuevo-leon\\\/#website\",\"url\":\"https:\\\/\\\/grupohoymexico.com\\\/nuevo-leon\\\/\",\"name\":\"Grupo Hoy Nuevo Leon\",\"description\":\"Sitio l\u00edder de noticias en M\u00e9xico\",\"potentialAction\":[{\"@type\":\"SearchAction\",\"target\":{\"@type\":\"EntryPoint\",\"urlTemplate\":\"https:\\\/\\\/grupohoymexico.com\\\/nuevo-leon\\\/?s={search_term_string}\"},\"query-input\":{\"@type\":\"PropertyValueSpecification\",\"valueRequired\":true,\"valueName\":\"search_term_string\"}}],\"inLanguage\":\"es\"},{\"@type\":\"Person\",\"@id\":\"https:\\\/\\\/grupohoymexico.com\\\/nuevo-leon\\\/#\\\/schema\\\/person\\\/8201f3fa49669f346d08e15801e0ebc2\",\"name\":\"nestor\",\"image\":{\"@type\":\"ImageObject\",\"inLanguage\":\"es\",\"@id\":\"https:\\\/\\\/secure.gravatar.com\\\/avatar\\\/6675a6d9279ab1d8e7b7c55956d0013492fdc51e007e555bc58e5e0eac33d094?s=96&d=mm&r=g\",\"url\":\"https:\\\/\\\/secure.gravatar.com\\\/avatar\\\/6675a6d9279ab1d8e7b7c55956d0013492fdc51e007e555bc58e5e0eac33d094?s=96&d=mm&r=g\",\"contentUrl\":\"https:\\\/\\\/secure.gravatar.com\\\/avatar\\\/6675a6d9279ab1d8e7b7c55956d0013492fdc51e007e555bc58e5e0eac33d094?s=96&d=mm&r=g\",\"caption\":\"nestor\"},\"url\":\"https:\\\/\\\/grupohoymexico.com\\\/nuevo-leon\\\/author\\\/nestor\\\/\"}]}<\/script>\n<!-- \/ Yoast SEO Premium plugin. -->","yoast_head_json":{"title":"Javier May enfrenta denuncia por descarrilamiento del Tren Maya - Grupo Hoy Nuevo Leon","description":"Integrantes del Partido Acci\u00f3n Nacional presentaron una denuncia penal contra Javier May por el descarrilamiento del Tren Maya.","robots":{"index":"index","follow":"follow","max-snippet":"max-snippet:-1","max-image-preview":"max-image-preview:large","max-video-preview":"max-video-preview:-1"},"canonical":"https:\/\/grupohoymexico.com\/nuevo-leon\/2025\/09\/01\/presentan-denuncia-penal-contra-javier-may-por-el-descarrilamiento-del-tren-maya\/","og_locale":"es_MX","og_type":"article","og_title":"Presentan denuncia penal contra Javier May por el descarrilamiento del Tren Maya","og_description":"Integrantes del Partido Acci\u00f3n Nacional presentaron una denuncia penal contra Javier May por el descarrilamiento del Tren Maya.","og_url":"https:\/\/grupohoymexico.com\/nuevo-leon\/2025\/09\/01\/presentan-denuncia-penal-contra-javier-may-por-el-descarrilamiento-del-tren-maya\/","og_site_name":"Grupo Hoy Nuevo Leon","article_published_time":"2025-09-01T21:41:22+00:00","article_modified_time":"2025-09-01T21:41:23+00:00","og_image":[{"width":1201,"height":639,"url":"https:\/\/grupohoymexico.com\/nuevo-leon\/wp-content\/uploads\/sites\/6\/2025\/09\/denuncia_penal_gobernador_tabasco_javier_may_descarrilamiento_tren_maya.webp","type":"image\/webp"}],"author":"nestor","twitter_card":"summary_large_image","twitter_misc":{"Escrito por":"nestor","Tiempo de lectura":"2 minutos"},"schema":{"@context":"https:\/\/schema.org","@graph":[{"@type":"Article","@id":"https:\/\/grupohoymexico.com\/nuevo-leon\/2025\/09\/01\/presentan-denuncia-penal-contra-javier-may-por-el-descarrilamiento-del-tren-maya\/#article","isPartOf":{"@id":"https:\/\/grupohoymexico.com\/nuevo-leon\/2025\/09\/01\/presentan-denuncia-penal-contra-javier-may-por-el-descarrilamiento-del-tren-maya\/"},"author":{"name":"nestor","@id":"https:\/\/grupohoymexico.com\/nuevo-leon\/#\/schema\/person\/8201f3fa49669f346d08e15801e0ebc2"},"headline":"Presentan denuncia penal contra Javier May por el descarrilamiento del Tren Maya","datePublished":"2025-09-01T21:41:22+00:00","dateModified":"2025-09-01T21:41:23+00:00","mainEntityOfPage":{"@id":"https:\/\/grupohoymexico.com\/nuevo-leon\/2025\/09\/01\/presentan-denuncia-penal-contra-javier-may-por-el-descarrilamiento-del-tren-maya\/"},"wordCount":405,"commentCount":0,"image":{"@id":"https:\/\/grupohoymexico.com\/nuevo-leon\/2025\/09\/01\/presentan-denuncia-penal-contra-javier-may-por-el-descarrilamiento-del-tren-maya\/#primaryimage"},"thumbnailUrl":"https:\/\/grupohoymexico.com\/nuevo-leon\/wp-content\/uploads\/sites\/6\/2025\/09\/denuncia_penal_gobernador_tabasco_javier_may_descarrilamiento_tren_maya.webp","keywords":["Descarrilamiento del Tren Maya","Gobernador de Tabasco","Javier May","Tren Maya"],"articleSection":["Pol\u00edtica"],"inLanguage":"es","potentialAction":[{"@type":"CommentAction","name":"Comment","target":["https:\/\/grupohoymexico.com\/nuevo-leon\/2025\/09\/01\/presentan-denuncia-penal-contra-javier-may-por-el-descarrilamiento-del-tren-maya\/#respond"]}]},{"@type":"WebPage","@id":"https:\/\/grupohoymexico.com\/nuevo-leon\/2025\/09\/01\/presentan-denuncia-penal-contra-javier-may-por-el-descarrilamiento-del-tren-maya\/","url":"https:\/\/grupohoymexico.com\/nuevo-leon\/2025\/09\/01\/presentan-denuncia-penal-contra-javier-may-por-el-descarrilamiento-del-tren-maya\/","name":"Javier May enfrenta denuncia por descarrilamiento del Tren Maya - Grupo Hoy Nuevo Leon","isPartOf":{"@id":"https:\/\/grupohoymexico.com\/nuevo-leon\/#website"},"primaryImageOfPage":{"@id":"https:\/\/grupohoymexico.com\/nuevo-leon\/2025\/09\/01\/presentan-denuncia-penal-contra-javier-may-por-el-descarrilamiento-del-tren-maya\/#primaryimage"},"image":{"@id":"https:\/\/grupohoymexico.com\/nuevo-leon\/2025\/09\/01\/presentan-denuncia-penal-contra-javier-may-por-el-descarrilamiento-del-tren-maya\/#primaryimage"},"thumbnailUrl":"https:\/\/grupohoymexico.com\/nuevo-leon\/wp-content\/uploads\/sites\/6\/2025\/09\/denuncia_penal_gobernador_tabasco_javier_may_descarrilamiento_tren_maya.webp","datePublished":"2025-09-01T21:41:22+00:00","dateModified":"2025-09-01T21:41:23+00:00","author":{"@id":"https:\/\/grupohoymexico.com\/nuevo-leon\/#\/schema\/person\/8201f3fa49669f346d08e15801e0ebc2"},"description":"Integrantes del Partido Acci\u00f3n Nacional presentaron una denuncia penal contra Javier May por el descarrilamiento del Tren Maya.","breadcrumb":{"@id":"https:\/\/grupohoymexico.com\/nuevo-leon\/2025\/09\/01\/presentan-denuncia-penal-contra-javier-may-por-el-descarrilamiento-del-tren-maya\/#breadcrumb"},"inLanguage":"es","potentialAction":[{"@type":"ReadAction","target":["https:\/\/grupohoymexico.com\/nuevo-leon\/2025\/09\/01\/presentan-denuncia-penal-contra-javier-may-por-el-descarrilamiento-del-tren-maya\/"]}]},{"@type":"ImageObject","inLanguage":"es","@id":"https:\/\/grupohoymexico.com\/nuevo-leon\/2025\/09\/01\/presentan-denuncia-penal-contra-javier-may-por-el-descarrilamiento-del-tren-maya\/#primaryimage","url":"https:\/\/grupohoymexico.com\/nuevo-leon\/wp-content\/uploads\/sites\/6\/2025\/09\/denuncia_penal_gobernador_tabasco_javier_may_descarrilamiento_tren_maya.webp","contentUrl":"https:\/\/grupohoymexico.com\/nuevo-leon\/wp-content\/uploads\/sites\/6\/2025\/09\/denuncia_penal_gobernador_tabasco_javier_may_descarrilamiento_tren_maya.webp","width":1201,"height":639,"caption":"Foto: Facebook"},{"@type":"BreadcrumbList","@id":"https:\/\/grupohoymexico.com\/nuevo-leon\/2025\/09\/01\/presentan-denuncia-penal-contra-javier-may-por-el-descarrilamiento-del-tren-maya\/#breadcrumb","itemListElement":[{"@type":"ListItem","position":1,"name":"Inicio","item":"https:\/\/grupohoymexico.com\/nuevo-leon\/"},{"@type":"ListItem","position":2,"name":"Presentan denuncia penal contra Javier May por el descarrilamiento del Tren Maya"}]},{"@type":"WebSite","@id":"https:\/\/grupohoymexico.com\/nuevo-leon\/#website","url":"https:\/\/grupohoymexico.com\/nuevo-leon\/","name":"Grupo Hoy Nuevo Leon","description":"Sitio l\u00edder de noticias en M\u00e9xico","potentialAction":[{"@type":"SearchAction","target":{"@type":"EntryPoint","urlTemplate":"https:\/\/grupohoymexico.com\/nuevo-leon\/?s={search_term_string}"},"query-input":{"@type":"PropertyValueSpecification","valueRequired":true,"valueName":"search_term_string"}}],"inLanguage":"es"},{"@type":"Person","@id":"https:\/\/grupohoymexico.com\/nuevo-leon\/#\/schema\/person\/8201f3fa49669f346d08e15801e0ebc2","name":"nestor","image":{"@type":"ImageObject","inLanguage":"es","@id":"https:\/\/secure.gravatar.com\/avatar\/6675a6d9279ab1d8e7b7c55956d0013492fdc51e007e555bc58e5e0eac33d094?s=96&d=mm&r=g","url":"https:\/\/secure.gravatar.com\/avatar\/6675a6d9279ab1d8e7b7c55956d0013492fdc51e007e555bc58e5e0eac33d094?s=96&d=mm&r=g","contentUrl":"https:\/\/secure.gravatar.com\/avatar\/6675a6d9279ab1d8e7b7c55956d0013492fdc51e007e555bc58e5e0eac33d094?s=96&d=mm&r=g","caption":"nestor"},"url":"https:\/\/grupohoymexico.com\/nuevo-leon\/author\/nestor\/"}]}},"_links":{"self":[{"href":"https:\/\/grupohoymexico.com\/nuevo-leon\/wp-json\/wp\/v2\/posts\/32162","targetHints":{"allow":["GET"]}}],"collection":[{"href":"https:\/\/grupohoymexico.com\/nuevo-leon\/wp-json\/wp\/v2\/posts"}],"about":[{"href":"https:\/\/grupohoymexico.com\/nuevo-leon\/wp-json\/wp\/v2\/types\/post"}],"author":[{"embeddable":true,"href":"https:\/\/grupohoymexico.com\/nuevo-leon\/wp-json\/wp\/v2\/users\/15"}],"replies":[{"embeddable":true,"href":"https:\/\/grupohoymexico.com\/nuevo-leon\/wp-json\/wp\/v2\/comments?post=32162"}],"version-history":[{"count":0,"href":"https:\/\/grupohoymexico.com\/nuevo-leon\/wp-json\/wp\/v2\/posts\/32162\/revisions"}],"wp:featuredmedia":[{"embeddable":true,"href":"https:\/\/grupohoymexico.com\/nuevo-leon\/wp-json\/wp\/v2\/media\/32163"}],"wp:attachment":[{"href":"https:\/\/grupohoymexico.com\/nuevo-leon\/wp-json\/wp\/v2\/media?parent=32162"}],"wp:term":[{"taxonomy":"category","embeddable":true,"href":"https:\/\/grupohoymexico.com\/nuevo-leon\/wp-json\/wp\/v2\/categories?post=32162"},{"taxonomy":"post_tag","embeddable":true,"href":"https:\/\/grupohoymexico.com\/nuevo-leon\/wp-json\/wp\/v2\/tags?post=32162"}],"curies":[{"name":"wp","href":"https:\/\/api.w.org\/{rel}","templated":true}]}}