{"id":32091,"date":"2025-08-25T15:32:58","date_gmt":"2025-08-25T15:32:58","guid":{"rendered":"https:\/\/grupohoymexico.com\/nuevo-leon\/2025\/08\/25\/detectan-en-estados-unidos-el-primer-caso-del-gusano-barrenador-en-un-humano\/"},"modified":"2025-08-25T15:32:58","modified_gmt":"2025-08-25T15:32:58","slug":"detectan-en-estados-unidos-el-primer-caso-del-gusano-barrenador-en-un-humano","status":"publish","type":"post","link":"https:\/\/grupohoymexico.com\/nuevo-leon\/2025\/08\/25\/detectan-en-estados-unidos-el-primer-caso-del-gusano-barrenador-en-un-humano\/","title":{"rendered":"Detectan en Estados Unidos el primer caso del gusano barrenador en un humano"},"content":{"rendered":"\n<p>Las autoridades de salud de <strong>Estados Unidos confirmaron el primer caso humano en d\u00e9cadas del gusano barrenador del Nuevo Mundo<\/strong> (Cochliomyia hominivorax), un par\u00e1sito altamente peligroso para personas y animales de sangre caliente. El paciente, originario de <strong>Guatemala<\/strong>, fue diagnosticado en el estado de <strong>Maryland<\/strong> y recibi\u00f3 tratamiento especializado tras detectarse cientos de larvas en su cuerpo.<\/p>\n\n\n\n<h2 class=\"wp-block-heading\" id=\"h-el-diagnostico-que-encendio-las-alarmas-en-ee-uu\"><strong>El diagn\u00f3stico que encendi\u00f3 las alarmas en EE.UU.<\/strong><\/h2>\n\n\n\n<p>De acuerdo con el reporte oficial de los <strong>Centros para el Control y la Prevenci\u00f3n de Enfermedades (CDC)<\/strong>, el caso fue confirmado el pasado <strong>20 de agosto de 2025<\/strong>. El tratamiento consisti\u00f3 en la <strong>extracci\u00f3n manual de larvas y desinfecci\u00f3n de las heridas<\/strong>, un procedimiento clave para evitar complicaciones graves o incluso la muerte.<\/p>\n\n\n\n<p>El <strong>gusano barrenador del Nuevo Mundo<\/strong> se alimenta de tejidos vivos y, de no controlarse, puede provocar da\u00f1os fatales en cuesti\u00f3n de semanas. Este hallazgo ha reactivado las alertas epidemiol\u00f3gicas en el pa\u00eds, que no hab\u00eda registrado casos humanos desde hace varias d\u00e9cadas.<\/p>\n\n\n\n<h3 class=\"wp-block-heading\" id=\"h-leer-mas-alcaldia-de-tlalpan-anuncia-ley-seca-por-seis-dias-en-tlalpan-centro-durante-festividades-de-san-agustin\"><strong><em>Leer m\u00e1s: <a href=\"https:\/\/grupohoymexico.com\/2025\/08\/23\/alcaldia-de-tlalpan-anuncia-ley-seca-por-seis-dias-en-tlalpan-centro-durante-festividades-de-san-agustin\/\">Alcald\u00eda de Tlalpan anuncia ley seca por seis d\u00edas en Tlalpan Centro durante festividades de San Agust\u00edn<\/a><\/em><\/strong><\/h3>\n\n\n\n<h2 class=\"wp-block-heading\" id=\"h-el-riesgo-para-la-salud-y-la-ganaderia-en-america-del-norte\"><strong>El riesgo para la salud y la ganader\u00eda en Am\u00e9rica del Norte<\/strong><\/h2>\n\n\n\n<p>Este par\u00e1sito no solo afecta a los humanos: tambi\u00e9n representa una seria amenaza para la <strong>ganader\u00eda<\/strong>, ya que puede infectar al ganado y propagarse r\u00e1pidamente. Por esa raz\u00f3n, el <strong><a href=\"https:\/\/www.usa.gov\/es\/agencias\/departamento-de-agricultura\">Departamento de Agricultura de Estados Unidos (USDA)<\/a><\/strong> anunci\u00f3 medidas de emergencia, incluida la construcci\u00f3n de una <strong>planta en Texas para producir moscas est\u00e9riles<\/strong>, t\u00e9cnica biol\u00f3gica que permiti\u00f3 erradicar al gusano barrenador en el pasado.<\/p>\n\n\n\n<p>Actualmente, solo existe una planta de producci\u00f3n de moscas est\u00e9riles en <strong>Ciudad de Panam\u00e1<\/strong>, con capacidad de liberar <strong>100 millones de moscas por semana<\/strong>. No obstante, expertos advierten que se requieren al menos <strong>500 millones semanales<\/strong> para frenar su propagaci\u00f3n hacia Norteam\u00e9rica, especialmente en zonas vulnerables como el <strong>Tap\u00f3n del Dari\u00e9n<\/strong>.<\/p>\n\n\n\n<h2 class=\"wp-block-heading\" id=\"h-coincidencia-con-brotes-en-mexico\"><strong>Coincidencia con brotes en M\u00e9xico<\/strong><\/h2>\n\n\n\n<p>El caso detectado en <strong>Maryland<\/strong> se suma a los <strong>brotes recientes en Veracruz, M\u00e9xico<\/strong>, donde la presencia del gusano barrenador llev\u00f3 al USDA a <strong>suspender temporalmente la importaci\u00f3n terrestre de ganado<\/strong> desde esa regi\u00f3n. Esta decisi\u00f3n busca evitar que el par\u00e1sito llegue a zonas ganaderas de alto valor en EE.UU.<\/p>\n\n\n\n<h2 class=\"wp-block-heading\" id=\"h-un-recordatorio-de-vulnerabilidad-sanitaria\"><strong>Un recordatorio de vulnerabilidad sanitaria<\/strong><\/h2>\n\n\n\n<p>La confirmaci\u00f3n de este <strong>caso humano de gusano barrenador en EE.UU.<\/strong> despu\u00e9s de varias d\u00e9cadas expone la fragilidad de los sistemas de <strong>salud p\u00fablica<\/strong> y <strong>bioseguridad pecuaria<\/strong> frente a plagas que se consideraban erradicadas.<\/p>\n\n\n\n<p>Expertos en epidemiolog\u00eda insisten en que la clave est\u00e1 en reforzar:<\/p>\n\n\n\n<ul class=\"wp-block-list\">\n<li>La <strong>vigilancia epidemiol\u00f3gica internacional<\/strong>.<\/li>\n\n\n\n<li>El <strong>control fronterizo de animales y productos c\u00e1rnicos<\/strong>.<\/li>\n\n\n\n<li>La <strong>cooperaci\u00f3n regional<\/strong> entre EE.UU., M\u00e9xico y Centroam\u00e9rica.<\/li>\n<\/ul>\n\n\n\n<p>El regreso de este par\u00e1sito revive la preocupaci\u00f3n de que, sin medidas contundentes, se pueda generar una <strong>crisis sanitaria y ganadera en Norteam\u00e9rica<\/strong>, con graves consecuencias econ\u00f3micas y de salud p\u00fablica.<\/p>\n\n\n\n<h2 class=\"wp-block-heading\" id=\"h-unete-a-nuestro-canal-de-whatsapp\"><strong><a href=\"https:\/\/whatsapp.com\/channel\/0029Vaylt1XG3R3gm4Nsgp2m\">\u00danete a nuestro canal de WhatsApp<\/a><\/strong><\/h2>\n","protected":false},"excerpt":{"rendered":"Las autoridades de salud de Estados Unidos confirmaron el primer caso humano en d\u00e9cadas del gusano barrenador del&hellip;","protected":false},"author":5,"featured_media":32092,"comment_status":"open","ping_status":"open","sticky":false,"template":"","format":"standard","meta":{"csco_display_header_overlay":false,"csco_singular_sidebar":"","csco_page_header_type":"","csco_page_load_nextpost":"","csco_post_video_location":[],"csco_post_video_location_hash":"","csco_post_video_url":"","csco_post_video_bg_start_time":0,"csco_post_video_bg_end_time":0,"footnotes":""},"categories":[27],"tags":[471,33,472,473],"class_list":{"0":"post-32091","1":"post","2":"type-post","3":"status-publish","4":"format-standard","5":"has-post-thumbnail","7":"category-uncategorized","8":"tag-caso-humano","9":"tag-estados-unidos","10":"tag-gusano-barrenador","11":"tag-maryland","12":"cs-entry","13":"cs-video-wrap"},"yoast_head":"<!-- This site is optimized with the Yoast SEO Premium plugin v24.7 (Yoast SEO v27.4) - https:\/\/yoast.com\/product\/yoast-seo-premium-wordpress\/ -->\n<title>Detectan en Estados Unidos el primer caso del gusano barrenador en un humano - Grupo Hoy Nuevo Leon<\/title>\n<meta name=\"description\" content=\"Primer caso humano en Estados Unidos del peligroso gusano barrenador del Nuevo Mundo (Cochliomyia hominivorax) detectado en Maryland.\" \/>\n<meta name=\"robots\" content=\"index, follow, max-snippet:-1, max-image-preview:large, max-video-preview:-1\" \/>\n<link rel=\"canonical\" href=\"https:\/\/grupohoymexico.com\/nuevo-leon\/2025\/08\/25\/detectan-en-estados-unidos-el-primer-caso-del-gusano-barrenador-en-un-humano\/\" \/>\n<meta property=\"og:locale\" content=\"es_MX\" \/>\n<meta property=\"og:type\" content=\"article\" \/>\n<meta property=\"og:title\" content=\"Detectan en Estados Unidos el primer caso del gusano barrenador en un humano\" \/>\n<meta property=\"og:description\" content=\"Primer caso humano en Estados Unidos del peligroso gusano barrenador del Nuevo Mundo (Cochliomyia hominivorax) detectado en Maryland.\" \/>\n<meta property=\"og:url\" content=\"https:\/\/grupohoymexico.com\/nuevo-leon\/2025\/08\/25\/detectan-en-estados-unidos-el-primer-caso-del-gusano-barrenador-en-un-humano\/\" \/>\n<meta property=\"og:site_name\" content=\"Grupo Hoy Nuevo Leon\" \/>\n<meta property=\"article:published_time\" content=\"2025-08-25T15:32:58+00:00\" \/>\n<meta property=\"og:image\" content=\"https:\/\/grupohoymexico.com\/nuevo-leon\/wp-content\/uploads\/sites\/6\/2025\/08\/Gusano-barrenador-Estados-Unidos.webp\" \/>\n\t<meta property=\"og:image:width\" content=\"1201\" \/>\n\t<meta property=\"og:image:height\" content=\"639\" \/>\n\t<meta property=\"og:image:type\" content=\"image\/webp\" \/>\n<meta name=\"author\" content=\"jair\" \/>\n<meta name=\"twitter:card\" content=\"summary_large_image\" \/>\n<meta name=\"twitter:label1\" content=\"Escrito por\" \/>\n\t<meta name=\"twitter:data1\" content=\"jair\" \/>\n\t<meta name=\"twitter:label2\" content=\"Tiempo de lectura\" \/>\n\t<meta name=\"twitter:data2\" content=\"3 minutos\" \/>\n<script type=\"application\/ld+json\" class=\"yoast-schema-graph\">{\"@context\":\"https:\\\/\\\/schema.org\",\"@graph\":[{\"@type\":\"Article\",\"@id\":\"https:\\\/\\\/grupohoymexico.com\\\/nuevo-leon\\\/2025\\\/08\\\/25\\\/detectan-en-estados-unidos-el-primer-caso-del-gusano-barrenador-en-un-humano\\\/#article\",\"isPartOf\":{\"@id\":\"https:\\\/\\\/grupohoymexico.com\\\/nuevo-leon\\\/2025\\\/08\\\/25\\\/detectan-en-estados-unidos-el-primer-caso-del-gusano-barrenador-en-un-humano\\\/\"},\"author\":{\"name\":\"jair\",\"@id\":\"https:\\\/\\\/grupohoymexico.com\\\/nuevo-leon\\\/#\\\/schema\\\/person\\\/98e2425fe99fbbdf486895b69dab3c3d\"},\"headline\":\"Detectan en Estados Unidos el primer caso del gusano barrenador en un humano\",\"datePublished\":\"2025-08-25T15:32:58+00:00\",\"mainEntityOfPage\":{\"@id\":\"https:\\\/\\\/grupohoymexico.com\\\/nuevo-leon\\\/2025\\\/08\\\/25\\\/detectan-en-estados-unidos-el-primer-caso-del-gusano-barrenador-en-un-humano\\\/\"},\"wordCount\":536,\"commentCount\":0,\"image\":{\"@id\":\"https:\\\/\\\/grupohoymexico.com\\\/nuevo-leon\\\/2025\\\/08\\\/25\\\/detectan-en-estados-unidos-el-primer-caso-del-gusano-barrenador-en-un-humano\\\/#primaryimage\"},\"thumbnailUrl\":\"https:\\\/\\\/grupohoymexico.com\\\/nuevo-leon\\\/wp-content\\\/uploads\\\/sites\\\/6\\\/2025\\\/08\\\/Gusano-barrenador-Estados-Unidos.webp\",\"keywords\":[\"Caso humano\",\"Estados Unidos\",\"Gusano barrenador\",\"Maryland\"],\"articleSection\":[\"Uncategorized\"],\"inLanguage\":\"es\",\"potentialAction\":[{\"@type\":\"CommentAction\",\"name\":\"Comment\",\"target\":[\"https:\\\/\\\/grupohoymexico.com\\\/nuevo-leon\\\/2025\\\/08\\\/25\\\/detectan-en-estados-unidos-el-primer-caso-del-gusano-barrenador-en-un-humano\\\/#respond\"]}]},{\"@type\":\"WebPage\",\"@id\":\"https:\\\/\\\/grupohoymexico.com\\\/nuevo-leon\\\/2025\\\/08\\\/25\\\/detectan-en-estados-unidos-el-primer-caso-del-gusano-barrenador-en-un-humano\\\/\",\"url\":\"https:\\\/\\\/grupohoymexico.com\\\/nuevo-leon\\\/2025\\\/08\\\/25\\\/detectan-en-estados-unidos-el-primer-caso-del-gusano-barrenador-en-un-humano\\\/\",\"name\":\"Detectan en Estados Unidos el primer caso del gusano barrenador en un humano - Grupo Hoy Nuevo Leon\",\"isPartOf\":{\"@id\":\"https:\\\/\\\/grupohoymexico.com\\\/nuevo-leon\\\/#website\"},\"primaryImageOfPage\":{\"@id\":\"https:\\\/\\\/grupohoymexico.com\\\/nuevo-leon\\\/2025\\\/08\\\/25\\\/detectan-en-estados-unidos-el-primer-caso-del-gusano-barrenador-en-un-humano\\\/#primaryimage\"},\"image\":{\"@id\":\"https:\\\/\\\/grupohoymexico.com\\\/nuevo-leon\\\/2025\\\/08\\\/25\\\/detectan-en-estados-unidos-el-primer-caso-del-gusano-barrenador-en-un-humano\\\/#primaryimage\"},\"thumbnailUrl\":\"https:\\\/\\\/grupohoymexico.com\\\/nuevo-leon\\\/wp-content\\\/uploads\\\/sites\\\/6\\\/2025\\\/08\\\/Gusano-barrenador-Estados-Unidos.webp\",\"datePublished\":\"2025-08-25T15:32:58+00:00\",\"author\":{\"@id\":\"https:\\\/\\\/grupohoymexico.com\\\/nuevo-leon\\\/#\\\/schema\\\/person\\\/98e2425fe99fbbdf486895b69dab3c3d\"},\"description\":\"Primer caso humano en Estados Unidos del peligroso gusano barrenador del Nuevo Mundo (Cochliomyia hominivorax) detectado en Maryland.\",\"breadcrumb\":{\"@id\":\"https:\\\/\\\/grupohoymexico.com\\\/nuevo-leon\\\/2025\\\/08\\\/25\\\/detectan-en-estados-unidos-el-primer-caso-del-gusano-barrenador-en-un-humano\\\/#breadcrumb\"},\"inLanguage\":\"es\",\"potentialAction\":[{\"@type\":\"ReadAction\",\"target\":[\"https:\\\/\\\/grupohoymexico.com\\\/nuevo-leon\\\/2025\\\/08\\\/25\\\/detectan-en-estados-unidos-el-primer-caso-del-gusano-barrenador-en-un-humano\\\/\"]}]},{\"@type\":\"ImageObject\",\"inLanguage\":\"es\",\"@id\":\"https:\\\/\\\/grupohoymexico.com\\\/nuevo-leon\\\/2025\\\/08\\\/25\\\/detectan-en-estados-unidos-el-primer-caso-del-gusano-barrenador-en-un-humano\\\/#primaryimage\",\"url\":\"https:\\\/\\\/grupohoymexico.com\\\/nuevo-leon\\\/wp-content\\\/uploads\\\/sites\\\/6\\\/2025\\\/08\\\/Gusano-barrenador-Estados-Unidos.webp\",\"contentUrl\":\"https:\\\/\\\/grupohoymexico.com\\\/nuevo-leon\\\/wp-content\\\/uploads\\\/sites\\\/6\\\/2025\\\/08\\\/Gusano-barrenador-Estados-Unidos.webp\",\"width\":1201,\"height\":639,\"caption\":\"Foto: M\u00e9dicos\"},{\"@type\":\"BreadcrumbList\",\"@id\":\"https:\\\/\\\/grupohoymexico.com\\\/nuevo-leon\\\/2025\\\/08\\\/25\\\/detectan-en-estados-unidos-el-primer-caso-del-gusano-barrenador-en-un-humano\\\/#breadcrumb\",\"itemListElement\":[{\"@type\":\"ListItem\",\"position\":1,\"name\":\"Inicio\",\"item\":\"https:\\\/\\\/grupohoymexico.com\\\/nuevo-leon\\\/\"},{\"@type\":\"ListItem\",\"position\":2,\"name\":\"Detectan en Estados Unidos el primer caso del gusano barrenador en un humano\"}]},{\"@type\":\"WebSite\",\"@id\":\"https:\\\/\\\/grupohoymexico.com\\\/nuevo-leon\\\/#website\",\"url\":\"https:\\\/\\\/grupohoymexico.com\\\/nuevo-leon\\\/\",\"name\":\"Grupo Hoy Nuevo Leon\",\"description\":\"Sitio l\u00edder de noticias en M\u00e9xico\",\"potentialAction\":[{\"@type\":\"SearchAction\",\"target\":{\"@type\":\"EntryPoint\",\"urlTemplate\":\"https:\\\/\\\/grupohoymexico.com\\\/nuevo-leon\\\/?s={search_term_string}\"},\"query-input\":{\"@type\":\"PropertyValueSpecification\",\"valueRequired\":true,\"valueName\":\"search_term_string\"}}],\"inLanguage\":\"es\"},{\"@type\":\"Person\",\"@id\":\"https:\\\/\\\/grupohoymexico.com\\\/nuevo-leon\\\/#\\\/schema\\\/person\\\/98e2425fe99fbbdf486895b69dab3c3d\",\"name\":\"jair\",\"image\":{\"@type\":\"ImageObject\",\"inLanguage\":\"es\",\"@id\":\"https:\\\/\\\/secure.gravatar.com\\\/avatar\\\/ec205dfb8733a1ce1601942dddb04fc9294fb780c832e3c1ec58faa8e4e64e9b?s=96&d=mm&r=g\",\"url\":\"https:\\\/\\\/secure.gravatar.com\\\/avatar\\\/ec205dfb8733a1ce1601942dddb04fc9294fb780c832e3c1ec58faa8e4e64e9b?s=96&d=mm&r=g\",\"contentUrl\":\"https:\\\/\\\/secure.gravatar.com\\\/avatar\\\/ec205dfb8733a1ce1601942dddb04fc9294fb780c832e3c1ec58faa8e4e64e9b?s=96&d=mm&r=g\",\"caption\":\"jair\"},\"url\":\"https:\\\/\\\/grupohoymexico.com\\\/nuevo-leon\\\/author\\\/jair\\\/\"}]}<\/script>\n<!-- \/ Yoast SEO Premium plugin. -->","yoast_head_json":{"title":"Detectan en Estados Unidos el primer caso del gusano barrenador en un humano - Grupo Hoy Nuevo Leon","description":"Primer caso humano en Estados Unidos del peligroso gusano barrenador del Nuevo Mundo (Cochliomyia hominivorax) detectado en Maryland.","robots":{"index":"index","follow":"follow","max-snippet":"max-snippet:-1","max-image-preview":"max-image-preview:large","max-video-preview":"max-video-preview:-1"},"canonical":"https:\/\/grupohoymexico.com\/nuevo-leon\/2025\/08\/25\/detectan-en-estados-unidos-el-primer-caso-del-gusano-barrenador-en-un-humano\/","og_locale":"es_MX","og_type":"article","og_title":"Detectan en Estados Unidos el primer caso del gusano barrenador en un humano","og_description":"Primer caso humano en Estados Unidos del peligroso gusano barrenador del Nuevo Mundo (Cochliomyia hominivorax) detectado en Maryland.","og_url":"https:\/\/grupohoymexico.com\/nuevo-leon\/2025\/08\/25\/detectan-en-estados-unidos-el-primer-caso-del-gusano-barrenador-en-un-humano\/","og_site_name":"Grupo Hoy Nuevo Leon","article_published_time":"2025-08-25T15:32:58+00:00","og_image":[{"width":1201,"height":639,"url":"https:\/\/grupohoymexico.com\/nuevo-leon\/wp-content\/uploads\/sites\/6\/2025\/08\/Gusano-barrenador-Estados-Unidos.webp","type":"image\/webp"}],"author":"jair","twitter_card":"summary_large_image","twitter_misc":{"Escrito por":"jair","Tiempo de lectura":"3 minutos"},"schema":{"@context":"https:\/\/schema.org","@graph":[{"@type":"Article","@id":"https:\/\/grupohoymexico.com\/nuevo-leon\/2025\/08\/25\/detectan-en-estados-unidos-el-primer-caso-del-gusano-barrenador-en-un-humano\/#article","isPartOf":{"@id":"https:\/\/grupohoymexico.com\/nuevo-leon\/2025\/08\/25\/detectan-en-estados-unidos-el-primer-caso-del-gusano-barrenador-en-un-humano\/"},"author":{"name":"jair","@id":"https:\/\/grupohoymexico.com\/nuevo-leon\/#\/schema\/person\/98e2425fe99fbbdf486895b69dab3c3d"},"headline":"Detectan en Estados Unidos el primer caso del gusano barrenador en un humano","datePublished":"2025-08-25T15:32:58+00:00","mainEntityOfPage":{"@id":"https:\/\/grupohoymexico.com\/nuevo-leon\/2025\/08\/25\/detectan-en-estados-unidos-el-primer-caso-del-gusano-barrenador-en-un-humano\/"},"wordCount":536,"commentCount":0,"image":{"@id":"https:\/\/grupohoymexico.com\/nuevo-leon\/2025\/08\/25\/detectan-en-estados-unidos-el-primer-caso-del-gusano-barrenador-en-un-humano\/#primaryimage"},"thumbnailUrl":"https:\/\/grupohoymexico.com\/nuevo-leon\/wp-content\/uploads\/sites\/6\/2025\/08\/Gusano-barrenador-Estados-Unidos.webp","keywords":["Caso humano","Estados Unidos","Gusano barrenador","Maryland"],"articleSection":["Uncategorized"],"inLanguage":"es","potentialAction":[{"@type":"CommentAction","name":"Comment","target":["https:\/\/grupohoymexico.com\/nuevo-leon\/2025\/08\/25\/detectan-en-estados-unidos-el-primer-caso-del-gusano-barrenador-en-un-humano\/#respond"]}]},{"@type":"WebPage","@id":"https:\/\/grupohoymexico.com\/nuevo-leon\/2025\/08\/25\/detectan-en-estados-unidos-el-primer-caso-del-gusano-barrenador-en-un-humano\/","url":"https:\/\/grupohoymexico.com\/nuevo-leon\/2025\/08\/25\/detectan-en-estados-unidos-el-primer-caso-del-gusano-barrenador-en-un-humano\/","name":"Detectan en Estados Unidos el primer caso del gusano barrenador en un humano - Grupo Hoy Nuevo Leon","isPartOf":{"@id":"https:\/\/grupohoymexico.com\/nuevo-leon\/#website"},"primaryImageOfPage":{"@id":"https:\/\/grupohoymexico.com\/nuevo-leon\/2025\/08\/25\/detectan-en-estados-unidos-el-primer-caso-del-gusano-barrenador-en-un-humano\/#primaryimage"},"image":{"@id":"https:\/\/grupohoymexico.com\/nuevo-leon\/2025\/08\/25\/detectan-en-estados-unidos-el-primer-caso-del-gusano-barrenador-en-un-humano\/#primaryimage"},"thumbnailUrl":"https:\/\/grupohoymexico.com\/nuevo-leon\/wp-content\/uploads\/sites\/6\/2025\/08\/Gusano-barrenador-Estados-Unidos.webp","datePublished":"2025-08-25T15:32:58+00:00","author":{"@id":"https:\/\/grupohoymexico.com\/nuevo-leon\/#\/schema\/person\/98e2425fe99fbbdf486895b69dab3c3d"},"description":"Primer caso humano en Estados Unidos del peligroso gusano barrenador del Nuevo Mundo (Cochliomyia hominivorax) detectado en Maryland.","breadcrumb":{"@id":"https:\/\/grupohoymexico.com\/nuevo-leon\/2025\/08\/25\/detectan-en-estados-unidos-el-primer-caso-del-gusano-barrenador-en-un-humano\/#breadcrumb"},"inLanguage":"es","potentialAction":[{"@type":"ReadAction","target":["https:\/\/grupohoymexico.com\/nuevo-leon\/2025\/08\/25\/detectan-en-estados-unidos-el-primer-caso-del-gusano-barrenador-en-un-humano\/"]}]},{"@type":"ImageObject","inLanguage":"es","@id":"https:\/\/grupohoymexico.com\/nuevo-leon\/2025\/08\/25\/detectan-en-estados-unidos-el-primer-caso-del-gusano-barrenador-en-un-humano\/#primaryimage","url":"https:\/\/grupohoymexico.com\/nuevo-leon\/wp-content\/uploads\/sites\/6\/2025\/08\/Gusano-barrenador-Estados-Unidos.webp","contentUrl":"https:\/\/grupohoymexico.com\/nuevo-leon\/wp-content\/uploads\/sites\/6\/2025\/08\/Gusano-barrenador-Estados-Unidos.webp","width":1201,"height":639,"caption":"Foto: M\u00e9dicos"},{"@type":"BreadcrumbList","@id":"https:\/\/grupohoymexico.com\/nuevo-leon\/2025\/08\/25\/detectan-en-estados-unidos-el-primer-caso-del-gusano-barrenador-en-un-humano\/#breadcrumb","itemListElement":[{"@type":"ListItem","position":1,"name":"Inicio","item":"https:\/\/grupohoymexico.com\/nuevo-leon\/"},{"@type":"ListItem","position":2,"name":"Detectan en Estados Unidos el primer caso del gusano barrenador en un humano"}]},{"@type":"WebSite","@id":"https:\/\/grupohoymexico.com\/nuevo-leon\/#website","url":"https:\/\/grupohoymexico.com\/nuevo-leon\/","name":"Grupo Hoy Nuevo Leon","description":"Sitio l\u00edder de noticias en M\u00e9xico","potentialAction":[{"@type":"SearchAction","target":{"@type":"EntryPoint","urlTemplate":"https:\/\/grupohoymexico.com\/nuevo-leon\/?s={search_term_string}"},"query-input":{"@type":"PropertyValueSpecification","valueRequired":true,"valueName":"search_term_string"}}],"inLanguage":"es"},{"@type":"Person","@id":"https:\/\/grupohoymexico.com\/nuevo-leon\/#\/schema\/person\/98e2425fe99fbbdf486895b69dab3c3d","name":"jair","image":{"@type":"ImageObject","inLanguage":"es","@id":"https:\/\/secure.gravatar.com\/avatar\/ec205dfb8733a1ce1601942dddb04fc9294fb780c832e3c1ec58faa8e4e64e9b?s=96&d=mm&r=g","url":"https:\/\/secure.gravatar.com\/avatar\/ec205dfb8733a1ce1601942dddb04fc9294fb780c832e3c1ec58faa8e4e64e9b?s=96&d=mm&r=g","contentUrl":"https:\/\/secure.gravatar.com\/avatar\/ec205dfb8733a1ce1601942dddb04fc9294fb780c832e3c1ec58faa8e4e64e9b?s=96&d=mm&r=g","caption":"jair"},"url":"https:\/\/grupohoymexico.com\/nuevo-leon\/author\/jair\/"}]}},"_links":{"self":[{"href":"https:\/\/grupohoymexico.com\/nuevo-leon\/wp-json\/wp\/v2\/posts\/32091","targetHints":{"allow":["GET"]}}],"collection":[{"href":"https:\/\/grupohoymexico.com\/nuevo-leon\/wp-json\/wp\/v2\/posts"}],"about":[{"href":"https:\/\/grupohoymexico.com\/nuevo-leon\/wp-json\/wp\/v2\/types\/post"}],"author":[{"embeddable":true,"href":"https:\/\/grupohoymexico.com\/nuevo-leon\/wp-json\/wp\/v2\/users\/5"}],"replies":[{"embeddable":true,"href":"https:\/\/grupohoymexico.com\/nuevo-leon\/wp-json\/wp\/v2\/comments?post=32091"}],"version-history":[{"count":0,"href":"https:\/\/grupohoymexico.com\/nuevo-leon\/wp-json\/wp\/v2\/posts\/32091\/revisions"}],"wp:featuredmedia":[{"embeddable":true,"href":"https:\/\/grupohoymexico.com\/nuevo-leon\/wp-json\/wp\/v2\/media\/32092"}],"wp:attachment":[{"href":"https:\/\/grupohoymexico.com\/nuevo-leon\/wp-json\/wp\/v2\/media?parent=32091"}],"wp:term":[{"taxonomy":"category","embeddable":true,"href":"https:\/\/grupohoymexico.com\/nuevo-leon\/wp-json\/wp\/v2\/categories?post=32091"},{"taxonomy":"post_tag","embeddable":true,"href":"https:\/\/grupohoymexico.com\/nuevo-leon\/wp-json\/wp\/v2\/tags?post=32091"}],"curies":[{"name":"wp","href":"https:\/\/api.w.org\/{rel}","templated":true}]}}