{"id":31654,"date":"2025-07-10T00:49:45","date_gmt":"2025-07-10T00:49:45","guid":{"rendered":"https:\/\/grupohoymexico.com\/nuevo-leon\/?p=31654"},"modified":"2025-07-10T00:49:45","modified_gmt":"2025-07-10T00:49:45","slug":"miguel-flores-asume-su-nuevo-cargo-en-el-gobierno-de-nuevo-leon","status":"publish","type":"post","link":"https:\/\/grupohoymexico.com\/nuevo-leon\/2025\/07\/10\/miguel-flores-asume-su-nuevo-cargo-en-el-gobierno-de-nuevo-leon\/","title":{"rendered":"Miguel Flores asume su nuevo cargo en el gobierno de Nuevo Le\u00f3n"},"content":{"rendered":"\n<p><strong>Miguel Flores<\/strong> asumi\u00f3 de forma oficial el cargo de <strong>secretario General de Gobierno de Nuevo Le\u00f3n<\/strong>. La toma de protesta se llev\u00f3 a cabo en una ceremonia realizada d\u00edas despu\u00e9s del anuncio hecho por el <strong>gobernador Samuel Garc\u00eda<\/strong>. Su llegada al cargo marca una nueva etapa en la coordinaci\u00f3n de la pol\u00edtica interior del estado.<\/p>\n\n\n\n<p>El empresario y exlegislador local ocupar\u00e1 una de las posiciones estrat\u00e9gicas dentro del gabinete estatal. Su labor principal ser\u00e1 mantener la gobernabilidad en la entidad, as\u00ed como establecer canales de di\u00e1logo con las distintas fuerzas pol\u00edticas.<\/p>\n\n\n\n<p>El gobernador Samuel Garc\u00eda reconoci\u00f3 en d\u00edas previos que el nombramiento responde a la necesidad de fortalecer \u00e1reas clave, como la movilidad y el transporte p\u00fablico. Hizo \u00e9nfasis en estos rubros dada la experiencia y participaci\u00f3n del empresario desde otras posiciones.<\/p>\n\n\n\n<p>Se\u00f1al\u00f3 que su gesti\u00f3n estar\u00e1 enfocada en mantener una relaci\u00f3n institucional s\u00f3lida entre el Ejecutivo, los municipios y el Congreso local. Afirm\u00f3 que trabajar\u00e1 bajo un esquema de puertas abiertas para promover acuerdos y consensos.<\/p>\n\n\n\n<p>Miguel Flores ya hab\u00eda ocupado cargos dentro del gobierno estatal. Entre ellos destaca su papel como jefe de la Oficina Ejecutiva del Gobernador, desde donde impuls\u00f3 proyectos estrat\u00e9gicos para la administraci\u00f3n actual. <\/p>\n\n\n\n<p>Asimismo destac\u00f3 como coordinador de la bancada de Movimiento Ciudadano en el Congreso local. <\/p>\n","protected":false},"excerpt":{"rendered":"Miguel Flores asumi\u00f3 de forma oficial el cargo de secretario General de Gobierno de Nuevo Le\u00f3n. La toma&hellip;","protected":false},"author":15,"featured_media":31655,"comment_status":"open","ping_status":"open","sticky":false,"template":"","format":"standard","meta":{"csco_display_header_overlay":false,"csco_singular_sidebar":"","csco_page_header_type":"","csco_page_load_nextpost":"","csco_post_video_location":[],"csco_post_video_location_hash":"","csco_post_video_url":"","csco_post_video_bg_start_time":0,"csco_post_video_bg_end_time":0,"footnotes":""},"categories":[55],"tags":[173,118],"class_list":{"0":"post-31654","1":"post","2":"type-post","3":"status-publish","4":"format-standard","5":"has-post-thumbnail","7":"category-politica","8":"tag-gobierno-de-nuevo-leon","9":"tag-miguel-flores","10":"cs-entry","11":"cs-video-wrap"},"yoast_head":"<!-- This site is optimized with the Yoast SEO Premium plugin v24.7 (Yoast SEO v27.4) - https:\/\/yoast.com\/product\/yoast-seo-premium-wordpress\/ -->\n<title>Miguel Flores asume su nuevo cargo en el gobierno de NL - Grupo Hoy Nuevo Leon<\/title>\n<meta name=\"description\" content=\"Miguel Flores asume su nuevo cargo como secretario General de Gobierno de Nuevo Le\u00f3n, marcando una nueva etapa en la pol\u00edtica estatal.\" \/>\n<meta name=\"robots\" content=\"index, follow, max-snippet:-1, max-image-preview:large, max-video-preview:-1\" \/>\n<link rel=\"canonical\" href=\"https:\/\/grupohoymexico.com\/nuevo-leon\/2025\/07\/10\/miguel-flores-asume-su-nuevo-cargo-en-el-gobierno-de-nuevo-leon\/\" \/>\n<meta property=\"og:locale\" content=\"es_MX\" \/>\n<meta property=\"og:type\" content=\"article\" \/>\n<meta property=\"og:title\" content=\"Miguel Flores asume su nuevo cargo en el gobierno de Nuevo Le\u00f3n\" \/>\n<meta property=\"og:description\" content=\"Miguel Flores asume su nuevo cargo como secretario General de Gobierno de Nuevo Le\u00f3n, marcando una nueva etapa en la pol\u00edtica estatal.\" \/>\n<meta property=\"og:url\" content=\"https:\/\/grupohoymexico.com\/nuevo-leon\/2025\/07\/10\/miguel-flores-asume-su-nuevo-cargo-en-el-gobierno-de-nuevo-leon\/\" \/>\n<meta property=\"og:site_name\" content=\"Grupo Hoy Nuevo Leon\" \/>\n<meta property=\"article:published_time\" content=\"2025-07-10T00:49:45+00:00\" \/>\n<meta property=\"og:image\" content=\"https:\/\/grupohoymexico.com\/nuevo-leon\/wp-content\/uploads\/sites\/6\/2025\/07\/miguel_flores_gobierno_nuevo_leon.jpg\" \/>\n\t<meta property=\"og:image:width\" content=\"1201\" \/>\n\t<meta property=\"og:image:height\" content=\"639\" \/>\n\t<meta property=\"og:image:type\" content=\"image\/jpeg\" \/>\n<meta name=\"author\" content=\"nestor\" \/>\n<meta name=\"twitter:card\" content=\"summary_large_image\" \/>\n<meta name=\"twitter:label1\" content=\"Escrito por\" \/>\n\t<meta name=\"twitter:data1\" content=\"nestor\" \/>\n\t<meta name=\"twitter:label2\" content=\"Tiempo de lectura\" \/>\n\t<meta name=\"twitter:data2\" content=\"2 minutos\" \/>\n<script type=\"application\/ld+json\" class=\"yoast-schema-graph\">{\"@context\":\"https:\\\/\\\/schema.org\",\"@graph\":[{\"@type\":\"Article\",\"@id\":\"https:\\\/\\\/grupohoymexico.com\\\/nuevo-leon\\\/2025\\\/07\\\/10\\\/miguel-flores-asume-su-nuevo-cargo-en-el-gobierno-de-nuevo-leon\\\/#article\",\"isPartOf\":{\"@id\":\"https:\\\/\\\/grupohoymexico.com\\\/nuevo-leon\\\/2025\\\/07\\\/10\\\/miguel-flores-asume-su-nuevo-cargo-en-el-gobierno-de-nuevo-leon\\\/\"},\"author\":{\"name\":\"nestor\",\"@id\":\"https:\\\/\\\/grupohoymexico.com\\\/nuevo-leon\\\/#\\\/schema\\\/person\\\/8201f3fa49669f346d08e15801e0ebc2\"},\"headline\":\"Miguel Flores asume su nuevo cargo en el gobierno de Nuevo Le\u00f3n\",\"datePublished\":\"2025-07-10T00:49:45+00:00\",\"mainEntityOfPage\":{\"@id\":\"https:\\\/\\\/grupohoymexico.com\\\/nuevo-leon\\\/2025\\\/07\\\/10\\\/miguel-flores-asume-su-nuevo-cargo-en-el-gobierno-de-nuevo-leon\\\/\"},\"wordCount\":246,\"commentCount\":0,\"image\":{\"@id\":\"https:\\\/\\\/grupohoymexico.com\\\/nuevo-leon\\\/2025\\\/07\\\/10\\\/miguel-flores-asume-su-nuevo-cargo-en-el-gobierno-de-nuevo-leon\\\/#primaryimage\"},\"thumbnailUrl\":\"https:\\\/\\\/grupohoymexico.com\\\/nuevo-leon\\\/wp-content\\\/uploads\\\/sites\\\/6\\\/2025\\\/07\\\/miguel_flores_gobierno_nuevo_leon.jpg\",\"keywords\":[\"gobierno de Nuevo Le\u00f3n\",\"Miguel Flores\"],\"articleSection\":[\"Pol\u00edtica\"],\"inLanguage\":\"es\",\"potentialAction\":[{\"@type\":\"CommentAction\",\"name\":\"Comment\",\"target\":[\"https:\\\/\\\/grupohoymexico.com\\\/nuevo-leon\\\/2025\\\/07\\\/10\\\/miguel-flores-asume-su-nuevo-cargo-en-el-gobierno-de-nuevo-leon\\\/#respond\"]}]},{\"@type\":\"WebPage\",\"@id\":\"https:\\\/\\\/grupohoymexico.com\\\/nuevo-leon\\\/2025\\\/07\\\/10\\\/miguel-flores-asume-su-nuevo-cargo-en-el-gobierno-de-nuevo-leon\\\/\",\"url\":\"https:\\\/\\\/grupohoymexico.com\\\/nuevo-leon\\\/2025\\\/07\\\/10\\\/miguel-flores-asume-su-nuevo-cargo-en-el-gobierno-de-nuevo-leon\\\/\",\"name\":\"Miguel Flores asume su nuevo cargo en el gobierno de NL - Grupo Hoy Nuevo Leon\",\"isPartOf\":{\"@id\":\"https:\\\/\\\/grupohoymexico.com\\\/nuevo-leon\\\/#website\"},\"primaryImageOfPage\":{\"@id\":\"https:\\\/\\\/grupohoymexico.com\\\/nuevo-leon\\\/2025\\\/07\\\/10\\\/miguel-flores-asume-su-nuevo-cargo-en-el-gobierno-de-nuevo-leon\\\/#primaryimage\"},\"image\":{\"@id\":\"https:\\\/\\\/grupohoymexico.com\\\/nuevo-leon\\\/2025\\\/07\\\/10\\\/miguel-flores-asume-su-nuevo-cargo-en-el-gobierno-de-nuevo-leon\\\/#primaryimage\"},\"thumbnailUrl\":\"https:\\\/\\\/grupohoymexico.com\\\/nuevo-leon\\\/wp-content\\\/uploads\\\/sites\\\/6\\\/2025\\\/07\\\/miguel_flores_gobierno_nuevo_leon.jpg\",\"datePublished\":\"2025-07-10T00:49:45+00:00\",\"author\":{\"@id\":\"https:\\\/\\\/grupohoymexico.com\\\/nuevo-leon\\\/#\\\/schema\\\/person\\\/8201f3fa49669f346d08e15801e0ebc2\"},\"description\":\"Miguel Flores asume su nuevo cargo como secretario General de Gobierno de Nuevo Le\u00f3n, marcando una nueva etapa en la pol\u00edtica estatal.\",\"breadcrumb\":{\"@id\":\"https:\\\/\\\/grupohoymexico.com\\\/nuevo-leon\\\/2025\\\/07\\\/10\\\/miguel-flores-asume-su-nuevo-cargo-en-el-gobierno-de-nuevo-leon\\\/#breadcrumb\"},\"inLanguage\":\"es\",\"potentialAction\":[{\"@type\":\"ReadAction\",\"target\":[\"https:\\\/\\\/grupohoymexico.com\\\/nuevo-leon\\\/2025\\\/07\\\/10\\\/miguel-flores-asume-su-nuevo-cargo-en-el-gobierno-de-nuevo-leon\\\/\"]}]},{\"@type\":\"ImageObject\",\"inLanguage\":\"es\",\"@id\":\"https:\\\/\\\/grupohoymexico.com\\\/nuevo-leon\\\/2025\\\/07\\\/10\\\/miguel-flores-asume-su-nuevo-cargo-en-el-gobierno-de-nuevo-leon\\\/#primaryimage\",\"url\":\"https:\\\/\\\/grupohoymexico.com\\\/nuevo-leon\\\/wp-content\\\/uploads\\\/sites\\\/6\\\/2025\\\/07\\\/miguel_flores_gobierno_nuevo_leon.jpg\",\"contentUrl\":\"https:\\\/\\\/grupohoymexico.com\\\/nuevo-leon\\\/wp-content\\\/uploads\\\/sites\\\/6\\\/2025\\\/07\\\/miguel_flores_gobierno_nuevo_leon.jpg\",\"width\":1201,\"height\":639},{\"@type\":\"BreadcrumbList\",\"@id\":\"https:\\\/\\\/grupohoymexico.com\\\/nuevo-leon\\\/2025\\\/07\\\/10\\\/miguel-flores-asume-su-nuevo-cargo-en-el-gobierno-de-nuevo-leon\\\/#breadcrumb\",\"itemListElement\":[{\"@type\":\"ListItem\",\"position\":1,\"name\":\"Inicio\",\"item\":\"https:\\\/\\\/grupohoymexico.com\\\/nuevo-leon\\\/\"},{\"@type\":\"ListItem\",\"position\":2,\"name\":\"Miguel Flores asume su nuevo cargo en el gobierno de Nuevo Le\u00f3n\"}]},{\"@type\":\"WebSite\",\"@id\":\"https:\\\/\\\/grupohoymexico.com\\\/nuevo-leon\\\/#website\",\"url\":\"https:\\\/\\\/grupohoymexico.com\\\/nuevo-leon\\\/\",\"name\":\"Grupo Hoy Nuevo Leon\",\"description\":\"Sitio l\u00edder de noticias en M\u00e9xico\",\"potentialAction\":[{\"@type\":\"SearchAction\",\"target\":{\"@type\":\"EntryPoint\",\"urlTemplate\":\"https:\\\/\\\/grupohoymexico.com\\\/nuevo-leon\\\/?s={search_term_string}\"},\"query-input\":{\"@type\":\"PropertyValueSpecification\",\"valueRequired\":true,\"valueName\":\"search_term_string\"}}],\"inLanguage\":\"es\"},{\"@type\":\"Person\",\"@id\":\"https:\\\/\\\/grupohoymexico.com\\\/nuevo-leon\\\/#\\\/schema\\\/person\\\/8201f3fa49669f346d08e15801e0ebc2\",\"name\":\"nestor\",\"image\":{\"@type\":\"ImageObject\",\"inLanguage\":\"es\",\"@id\":\"https:\\\/\\\/secure.gravatar.com\\\/avatar\\\/6675a6d9279ab1d8e7b7c55956d0013492fdc51e007e555bc58e5e0eac33d094?s=96&d=mm&r=g\",\"url\":\"https:\\\/\\\/secure.gravatar.com\\\/avatar\\\/6675a6d9279ab1d8e7b7c55956d0013492fdc51e007e555bc58e5e0eac33d094?s=96&d=mm&r=g\",\"contentUrl\":\"https:\\\/\\\/secure.gravatar.com\\\/avatar\\\/6675a6d9279ab1d8e7b7c55956d0013492fdc51e007e555bc58e5e0eac33d094?s=96&d=mm&r=g\",\"caption\":\"nestor\"},\"url\":\"https:\\\/\\\/grupohoymexico.com\\\/nuevo-leon\\\/author\\\/nestor\\\/\"}]}<\/script>\n<!-- \/ Yoast SEO Premium plugin. -->","yoast_head_json":{"title":"Miguel Flores asume su nuevo cargo en el gobierno de NL - Grupo Hoy Nuevo Leon","description":"Miguel Flores asume su nuevo cargo como secretario General de Gobierno de Nuevo Le\u00f3n, marcando una nueva etapa en la pol\u00edtica estatal.","robots":{"index":"index","follow":"follow","max-snippet":"max-snippet:-1","max-image-preview":"max-image-preview:large","max-video-preview":"max-video-preview:-1"},"canonical":"https:\/\/grupohoymexico.com\/nuevo-leon\/2025\/07\/10\/miguel-flores-asume-su-nuevo-cargo-en-el-gobierno-de-nuevo-leon\/","og_locale":"es_MX","og_type":"article","og_title":"Miguel Flores asume su nuevo cargo en el gobierno de Nuevo Le\u00f3n","og_description":"Miguel Flores asume su nuevo cargo como secretario General de Gobierno de Nuevo Le\u00f3n, marcando una nueva etapa en la pol\u00edtica estatal.","og_url":"https:\/\/grupohoymexico.com\/nuevo-leon\/2025\/07\/10\/miguel-flores-asume-su-nuevo-cargo-en-el-gobierno-de-nuevo-leon\/","og_site_name":"Grupo Hoy Nuevo Leon","article_published_time":"2025-07-10T00:49:45+00:00","og_image":[{"width":1201,"height":639,"url":"https:\/\/grupohoymexico.com\/nuevo-leon\/wp-content\/uploads\/sites\/6\/2025\/07\/miguel_flores_gobierno_nuevo_leon.jpg","type":"image\/jpeg"}],"author":"nestor","twitter_card":"summary_large_image","twitter_misc":{"Escrito por":"nestor","Tiempo de lectura":"2 minutos"},"schema":{"@context":"https:\/\/schema.org","@graph":[{"@type":"Article","@id":"https:\/\/grupohoymexico.com\/nuevo-leon\/2025\/07\/10\/miguel-flores-asume-su-nuevo-cargo-en-el-gobierno-de-nuevo-leon\/#article","isPartOf":{"@id":"https:\/\/grupohoymexico.com\/nuevo-leon\/2025\/07\/10\/miguel-flores-asume-su-nuevo-cargo-en-el-gobierno-de-nuevo-leon\/"},"author":{"name":"nestor","@id":"https:\/\/grupohoymexico.com\/nuevo-leon\/#\/schema\/person\/8201f3fa49669f346d08e15801e0ebc2"},"headline":"Miguel Flores asume su nuevo cargo en el gobierno de Nuevo Le\u00f3n","datePublished":"2025-07-10T00:49:45+00:00","mainEntityOfPage":{"@id":"https:\/\/grupohoymexico.com\/nuevo-leon\/2025\/07\/10\/miguel-flores-asume-su-nuevo-cargo-en-el-gobierno-de-nuevo-leon\/"},"wordCount":246,"commentCount":0,"image":{"@id":"https:\/\/grupohoymexico.com\/nuevo-leon\/2025\/07\/10\/miguel-flores-asume-su-nuevo-cargo-en-el-gobierno-de-nuevo-leon\/#primaryimage"},"thumbnailUrl":"https:\/\/grupohoymexico.com\/nuevo-leon\/wp-content\/uploads\/sites\/6\/2025\/07\/miguel_flores_gobierno_nuevo_leon.jpg","keywords":["gobierno de Nuevo Le\u00f3n","Miguel Flores"],"articleSection":["Pol\u00edtica"],"inLanguage":"es","potentialAction":[{"@type":"CommentAction","name":"Comment","target":["https:\/\/grupohoymexico.com\/nuevo-leon\/2025\/07\/10\/miguel-flores-asume-su-nuevo-cargo-en-el-gobierno-de-nuevo-leon\/#respond"]}]},{"@type":"WebPage","@id":"https:\/\/grupohoymexico.com\/nuevo-leon\/2025\/07\/10\/miguel-flores-asume-su-nuevo-cargo-en-el-gobierno-de-nuevo-leon\/","url":"https:\/\/grupohoymexico.com\/nuevo-leon\/2025\/07\/10\/miguel-flores-asume-su-nuevo-cargo-en-el-gobierno-de-nuevo-leon\/","name":"Miguel Flores asume su nuevo cargo en el gobierno de NL - Grupo Hoy Nuevo Leon","isPartOf":{"@id":"https:\/\/grupohoymexico.com\/nuevo-leon\/#website"},"primaryImageOfPage":{"@id":"https:\/\/grupohoymexico.com\/nuevo-leon\/2025\/07\/10\/miguel-flores-asume-su-nuevo-cargo-en-el-gobierno-de-nuevo-leon\/#primaryimage"},"image":{"@id":"https:\/\/grupohoymexico.com\/nuevo-leon\/2025\/07\/10\/miguel-flores-asume-su-nuevo-cargo-en-el-gobierno-de-nuevo-leon\/#primaryimage"},"thumbnailUrl":"https:\/\/grupohoymexico.com\/nuevo-leon\/wp-content\/uploads\/sites\/6\/2025\/07\/miguel_flores_gobierno_nuevo_leon.jpg","datePublished":"2025-07-10T00:49:45+00:00","author":{"@id":"https:\/\/grupohoymexico.com\/nuevo-leon\/#\/schema\/person\/8201f3fa49669f346d08e15801e0ebc2"},"description":"Miguel Flores asume su nuevo cargo como secretario General de Gobierno de Nuevo Le\u00f3n, marcando una nueva etapa en la pol\u00edtica estatal.","breadcrumb":{"@id":"https:\/\/grupohoymexico.com\/nuevo-leon\/2025\/07\/10\/miguel-flores-asume-su-nuevo-cargo-en-el-gobierno-de-nuevo-leon\/#breadcrumb"},"inLanguage":"es","potentialAction":[{"@type":"ReadAction","target":["https:\/\/grupohoymexico.com\/nuevo-leon\/2025\/07\/10\/miguel-flores-asume-su-nuevo-cargo-en-el-gobierno-de-nuevo-leon\/"]}]},{"@type":"ImageObject","inLanguage":"es","@id":"https:\/\/grupohoymexico.com\/nuevo-leon\/2025\/07\/10\/miguel-flores-asume-su-nuevo-cargo-en-el-gobierno-de-nuevo-leon\/#primaryimage","url":"https:\/\/grupohoymexico.com\/nuevo-leon\/wp-content\/uploads\/sites\/6\/2025\/07\/miguel_flores_gobierno_nuevo_leon.jpg","contentUrl":"https:\/\/grupohoymexico.com\/nuevo-leon\/wp-content\/uploads\/sites\/6\/2025\/07\/miguel_flores_gobierno_nuevo_leon.jpg","width":1201,"height":639},{"@type":"BreadcrumbList","@id":"https:\/\/grupohoymexico.com\/nuevo-leon\/2025\/07\/10\/miguel-flores-asume-su-nuevo-cargo-en-el-gobierno-de-nuevo-leon\/#breadcrumb","itemListElement":[{"@type":"ListItem","position":1,"name":"Inicio","item":"https:\/\/grupohoymexico.com\/nuevo-leon\/"},{"@type":"ListItem","position":2,"name":"Miguel Flores asume su nuevo cargo en el gobierno de Nuevo Le\u00f3n"}]},{"@type":"WebSite","@id":"https:\/\/grupohoymexico.com\/nuevo-leon\/#website","url":"https:\/\/grupohoymexico.com\/nuevo-leon\/","name":"Grupo Hoy Nuevo Leon","description":"Sitio l\u00edder de noticias en M\u00e9xico","potentialAction":[{"@type":"SearchAction","target":{"@type":"EntryPoint","urlTemplate":"https:\/\/grupohoymexico.com\/nuevo-leon\/?s={search_term_string}"},"query-input":{"@type":"PropertyValueSpecification","valueRequired":true,"valueName":"search_term_string"}}],"inLanguage":"es"},{"@type":"Person","@id":"https:\/\/grupohoymexico.com\/nuevo-leon\/#\/schema\/person\/8201f3fa49669f346d08e15801e0ebc2","name":"nestor","image":{"@type":"ImageObject","inLanguage":"es","@id":"https:\/\/secure.gravatar.com\/avatar\/6675a6d9279ab1d8e7b7c55956d0013492fdc51e007e555bc58e5e0eac33d094?s=96&d=mm&r=g","url":"https:\/\/secure.gravatar.com\/avatar\/6675a6d9279ab1d8e7b7c55956d0013492fdc51e007e555bc58e5e0eac33d094?s=96&d=mm&r=g","contentUrl":"https:\/\/secure.gravatar.com\/avatar\/6675a6d9279ab1d8e7b7c55956d0013492fdc51e007e555bc58e5e0eac33d094?s=96&d=mm&r=g","caption":"nestor"},"url":"https:\/\/grupohoymexico.com\/nuevo-leon\/author\/nestor\/"}]}},"_links":{"self":[{"href":"https:\/\/grupohoymexico.com\/nuevo-leon\/wp-json\/wp\/v2\/posts\/31654","targetHints":{"allow":["GET"]}}],"collection":[{"href":"https:\/\/grupohoymexico.com\/nuevo-leon\/wp-json\/wp\/v2\/posts"}],"about":[{"href":"https:\/\/grupohoymexico.com\/nuevo-leon\/wp-json\/wp\/v2\/types\/post"}],"author":[{"embeddable":true,"href":"https:\/\/grupohoymexico.com\/nuevo-leon\/wp-json\/wp\/v2\/users\/15"}],"replies":[{"embeddable":true,"href":"https:\/\/grupohoymexico.com\/nuevo-leon\/wp-json\/wp\/v2\/comments?post=31654"}],"version-history":[{"count":2,"href":"https:\/\/grupohoymexico.com\/nuevo-leon\/wp-json\/wp\/v2\/posts\/31654\/revisions"}],"predecessor-version":[{"id":31658,"href":"https:\/\/grupohoymexico.com\/nuevo-leon\/wp-json\/wp\/v2\/posts\/31654\/revisions\/31658"}],"wp:featuredmedia":[{"embeddable":true,"href":"https:\/\/grupohoymexico.com\/nuevo-leon\/wp-json\/wp\/v2\/media\/31655"}],"wp:attachment":[{"href":"https:\/\/grupohoymexico.com\/nuevo-leon\/wp-json\/wp\/v2\/media?parent=31654"}],"wp:term":[{"taxonomy":"category","embeddable":true,"href":"https:\/\/grupohoymexico.com\/nuevo-leon\/wp-json\/wp\/v2\/categories?post=31654"},{"taxonomy":"post_tag","embeddable":true,"href":"https:\/\/grupohoymexico.com\/nuevo-leon\/wp-json\/wp\/v2\/tags?post=31654"}],"curies":[{"name":"wp","href":"https:\/\/api.w.org\/{rel}","templated":true}]}}