{"id":864,"date":"2024-11-20T18:06:37","date_gmt":"2024-11-21T00:06:37","guid":{"rendered":"https:\/\/grupohoymexico.com\/hidalgohoy\/?p=864"},"modified":"2024-11-20T18:06:37","modified_gmt":"2024-11-21T00:06:37","slug":"congreso-presentado-una-iniciativa-para-sancionar-a-servidores-publicos","status":"publish","type":"post","link":"https:\/\/grupohoymexico.com\/hidalgo\/uncategorized\/congreso-presentado-una-iniciativa-para-sancionar-a-servidores-publicos\/","title":{"rendered":"Congreso presentado una iniciativa para sancionar a servidores p\u00fablicos"},"content":{"rendered":"\n<p>El diputado local <strong><a href=\"https:\/\/grupohoymexico.com\/hidalgohoy\/\">Andr\u00e9s Vel\u00e1zquez V\u00e1zquez<\/a><\/strong> present\u00f3 una propuesta de reforma al <strong>art\u00edculo 322 del C\u00f3digo Penal para el Estado de Hidalgo<\/strong>, con el objetivo de sancionar a las personas servidoras p\u00fablicas encargadas de la <strong>procuraci\u00f3n y administraci\u00f3n de justicia<\/strong>, como los agentes del Ministerio P\u00fablico, en caso de cometer delitos de <strong>omisi\u00f3n<\/strong> o <strong>corrupci\u00f3n<\/strong> durante el ejercicio de sus funciones.<\/p>\n\n\n\n<h2 class=\"wp-block-heading\"><strong>Iniciativa alineada al Plan Estatal de Desarrollo<\/strong><\/h2>\n\n\n\n<p>La propuesta de reforma, que busca robustecer la <strong>responsabilidad<\/strong> de los servidores p\u00fablicos, est\u00e1 en l\u00ednea con el <strong>Plan Estatal de Desarrollo 2022-2028<\/strong> del gobernador <strong>Julio Menchaca Salazar<\/strong>, particularmente en su punto nueve, denominado <strong>Fortalecimiento de la Procuraci\u00f3n de Justicia<\/strong>. Este plan tiene como pilares la <strong>erradicaci\u00f3n de la impunidad<\/strong> y el <strong>resguardo de la justicia<\/strong> en los procesos judiciales y la administraci\u00f3n de justicia en general.<\/p>\n\n\n\n<p>Vel\u00e1zquez V\u00e1zquez destac\u00f3 que, a pesar de los avances en la creaci\u00f3n de un sistema de justicia m\u00e1s eficiente, a\u00fan existen lagunas en la legislaci\u00f3n que permiten que servidores p\u00fablicos de alto nivel involucrados en la procuraci\u00f3n de justicia act\u00faen de manera negligente, omisa o corrupta sin consecuencias legales claras.<\/p>\n\n\n\n<h3 class=\"wp-block-heading\"><strong>Limitantes en la redacci\u00f3n actual del C\u00f3digo Penal de Hidalgo<\/strong><\/h3>\n\n\n\n<p>El actual <strong>art\u00edculo 322<\/strong> del C\u00f3digo Penal de Hidalgo presenta <strong>dos limitantes significativas<\/strong>, seg\u00fan lo expuesto por el diputado:<\/p>\n\n\n\n<ol class=\"wp-block-list\">\n<li><strong>Restricci\u00f3n de la responsabilidad<\/strong>: El art\u00edculo limita las sanciones a servidores p\u00fablicos directamente relacionados con la procuraci\u00f3n y administraci\u00f3n de justicia, como <strong>ministerios p\u00fablicos, jueces y magistrados<\/strong>, excluyendo a otros funcionarios que, aunque no tengan un papel directo en los casos judiciales, tambi\u00e9n pueden cometer actos de omisi\u00f3n o corrupci\u00f3n que afecten el proceso judicial.<\/li>\n\n\n\n<li><strong>Exigencia de prueba de dolo<\/strong>: La redacci\u00f3n actual tambi\u00e9n exige demostrar <strong>dolo<\/strong> desde las primeras etapas del proceso penal, lo que complica la aplicaci\u00f3n de sanciones, especialmente en casos donde los actos omisos o de mala praxis no pueden ser f\u00e1cilmente probados como intencionales.<\/li>\n<\/ol>\n\n\n\n<h3 class=\"wp-block-heading\"><strong>La importancia de la reforma<\/strong><\/h3>\n\n\n\n<p>El diputado se\u00f1al\u00f3 que la reforma es crucial para evitar que la <strong>impunidad<\/strong> persista entre los servidores p\u00fablicos encargados de hacer cumplir la ley, especialmente cuando sus <strong>omisiones<\/strong> o <strong>acciones negligentes<\/strong> pueden perjudicar gravemente la administraci\u00f3n de justicia y el proceso judicial en su totalidad. La propuesta busca asegurar que las personas que ocupan estos cargos, aunque no tengan un rol directo en las investigaciones o en los juicios, se les pueda sancionar si sus actuaciones afectan el debido proceso.<\/p>\n\n\n\n<p>En su intervenci\u00f3n, <a href=\"https:\/\/x.com\/AndresVeVa_?ref_src=twsrc%5Egoogle%7Ctwcamp%5Eserp%7Ctwgr%5Eauthor\">Andr\u00e9s Vel\u00e1zquez V\u00e1zquez<\/a> subray\u00f3 que esta reforma no solo responde a una <strong>necesidad de justicia<\/strong> m\u00e1s clara y eficiente, sino que tambi\u00e9n contribuye al <strong>fortalecimiento<\/strong> de las instituciones y a la confianza de la ciudadan\u00eda en el sistema judicial de Hidalgo.<\/p>\n\n\n\n<h3 class=\"wp-block-heading\"><strong>Avances en la procuraci\u00f3n de justicia en Hidalgo<\/strong><\/h3>\n\n\n\n<p>La propuesta se enmarca dentro de los esfuerzos por parte del gobierno de <strong>Julio Ram\u00f3n Menchaca Salazar<\/strong> para mejorar la <strong>procuraci\u00f3n de justicia<\/strong> en el estado. El plan estatal de desarrollo que el mandatario ha implementado busca no solo mejorar los procesos judiciales, sino tambi\u00e9n reducir la <strong>impunidad<\/strong> y las malas pr\u00e1cticas dentro del sistema judicial.<\/p>\n\n\n\n<p>El <strong>fortalecimiento de la procuraci\u00f3n de justicia<\/strong> no solo requiere una mejora en los procesos, sino tambi\u00e9n en la <strong>responsabilidad<\/strong> de quienes tienen la tarea de velar por la legalidad en el estado, una labor que, seg\u00fan los legisladores, debe acompa\u00f1arse de una <strong>vigilancia y sanci\u00f3n<\/strong> m\u00e1s efectiva frente a la corrupci\u00f3n y la omisi\u00f3n.<\/p>\n","protected":false},"excerpt":{"rendered":"El diputado local Andr\u00e9s Vel\u00e1zquez V\u00e1zquez present\u00f3 una propuesta de reforma al art\u00edculo 322 del C\u00f3digo Penal para&hellip;","protected":false},"author":5,"featured_media":881,"comment_status":"open","ping_status":"open","sticky":false,"template":"","format":"standard","meta":{"csco_display_header_overlay":false,"csco_singular_sidebar":"","csco_page_header_type":"","csco_page_load_nextpost":"","csco_post_video_location":[],"csco_post_video_location_hash":"","csco_post_video_url":"","csco_post_video_bg_start_time":0,"csco_post_video_bg_end_time":0,"footnotes":""},"categories":[1],"tags":[],"class_list":{"0":"post-864","1":"post","2":"type-post","3":"status-publish","4":"format-standard","5":"has-post-thumbnail","7":"category-uncategorized","8":"cs-entry","9":"cs-video-wrap"},"yoast_head":"<!-- This site is optimized with the Yoast SEO Premium plugin v24.7 (Yoast SEO v27.4) - https:\/\/yoast.com\/product\/yoast-seo-premium-wordpress\/ -->\n<title>Congreso presentado una iniciativa para sancionar a servidores p\u00fablicos - Hidalgo Hoy<\/title>\n<meta name=\"description\" content=\"El diputado de Hidalgo Andr\u00e9s Vel\u00e1zquez V\u00e1zquez present\u00f3 una iniciativa con el fin de sancionar a las personas servidoras p\u00fablicas.\" \/>\n<meta name=\"robots\" content=\"index, follow, max-snippet:-1, max-image-preview:large, max-video-preview:-1\" \/>\n<link rel=\"canonical\" href=\"https:\/\/grupohoymexico.com\/hidalgo\/uncategorized\/congreso-presentado-una-iniciativa-para-sancionar-a-servidores-publicos\/\" \/>\n<meta property=\"og:locale\" content=\"es_MX\" \/>\n<meta property=\"og:type\" content=\"article\" \/>\n<meta property=\"og:title\" content=\"Congreso presentado una iniciativa para sancionar a servidores p\u00fablicos\" \/>\n<meta property=\"og:description\" content=\"El diputado de Hidalgo Andr\u00e9s Vel\u00e1zquez V\u00e1zquez present\u00f3 una iniciativa con el fin de sancionar a las personas servidoras p\u00fablicas.\" \/>\n<meta property=\"og:url\" content=\"https:\/\/grupohoymexico.com\/hidalgo\/uncategorized\/congreso-presentado-una-iniciativa-para-sancionar-a-servidores-publicos\/\" \/>\n<meta property=\"og:site_name\" content=\"Hidalgo Hoy\" \/>\n<meta property=\"article:published_time\" content=\"2024-11-21T00:06:37+00:00\" \/>\n<meta property=\"og:image\" content=\"https:\/\/grupohoymexico.com\/hidalgo\/wp-content\/uploads\/sites\/5\/2024\/11\/photo_5039988597251484963_y.jpg\" \/>\n\t<meta property=\"og:image:width\" content=\"1200\" \/>\n\t<meta property=\"og:image:height\" content=\"638\" \/>\n\t<meta property=\"og:image:type\" content=\"image\/jpeg\" \/>\n<meta name=\"author\" content=\"jair\" \/>\n<meta name=\"twitter:card\" content=\"summary_large_image\" \/>\n<meta name=\"twitter:label1\" content=\"Escrito por\" \/>\n\t<meta name=\"twitter:data1\" content=\"jair\" \/>\n\t<meta name=\"twitter:label2\" content=\"Tiempo de lectura\" \/>\n\t<meta name=\"twitter:data2\" content=\"3 minutos\" \/>\n<script type=\"application\/ld+json\" class=\"yoast-schema-graph\">{\"@context\":\"https:\\\/\\\/schema.org\",\"@graph\":[{\"@type\":\"Article\",\"@id\":\"https:\\\/\\\/grupohoymexico.com\\\/hidalgo\\\/uncategorized\\\/congreso-presentado-una-iniciativa-para-sancionar-a-servidores-publicos\\\/#article\",\"isPartOf\":{\"@id\":\"https:\\\/\\\/grupohoymexico.com\\\/hidalgo\\\/uncategorized\\\/congreso-presentado-una-iniciativa-para-sancionar-a-servidores-publicos\\\/\"},\"author\":{\"name\":\"jair\",\"@id\":\"https:\\\/\\\/grupohoymexico.com\\\/hidalgo\\\/#\\\/schema\\\/person\\\/98e2425fe99fbbdf486895b69dab3c3d\"},\"headline\":\"Congreso presentado una iniciativa para sancionar a servidores p\u00fablicos\",\"datePublished\":\"2024-11-21T00:06:37+00:00\",\"mainEntityOfPage\":{\"@id\":\"https:\\\/\\\/grupohoymexico.com\\\/hidalgo\\\/uncategorized\\\/congreso-presentado-una-iniciativa-para-sancionar-a-servidores-publicos\\\/\"},\"wordCount\":635,\"commentCount\":0,\"image\":{\"@id\":\"https:\\\/\\\/grupohoymexico.com\\\/hidalgo\\\/uncategorized\\\/congreso-presentado-una-iniciativa-para-sancionar-a-servidores-publicos\\\/#primaryimage\"},\"thumbnailUrl\":\"https:\\\/\\\/grupohoymexico.com\\\/hidalgo\\\/wp-content\\\/uploads\\\/sites\\\/5\\\/2024\\\/11\\\/photo_5039988597251484963_y.jpg\",\"articleSection\":[\"Uncategorized\"],\"inLanguage\":\"es\",\"potentialAction\":[{\"@type\":\"CommentAction\",\"name\":\"Comment\",\"target\":[\"https:\\\/\\\/grupohoymexico.com\\\/hidalgo\\\/uncategorized\\\/congreso-presentado-una-iniciativa-para-sancionar-a-servidores-publicos\\\/#respond\"]}]},{\"@type\":\"WebPage\",\"@id\":\"https:\\\/\\\/grupohoymexico.com\\\/hidalgo\\\/uncategorized\\\/congreso-presentado-una-iniciativa-para-sancionar-a-servidores-publicos\\\/\",\"url\":\"https:\\\/\\\/grupohoymexico.com\\\/hidalgo\\\/uncategorized\\\/congreso-presentado-una-iniciativa-para-sancionar-a-servidores-publicos\\\/\",\"name\":\"Congreso presentado una iniciativa para sancionar a servidores p\u00fablicos - Hidalgo Hoy\",\"isPartOf\":{\"@id\":\"https:\\\/\\\/grupohoymexico.com\\\/hidalgo\\\/#website\"},\"primaryImageOfPage\":{\"@id\":\"https:\\\/\\\/grupohoymexico.com\\\/hidalgo\\\/uncategorized\\\/congreso-presentado-una-iniciativa-para-sancionar-a-servidores-publicos\\\/#primaryimage\"},\"image\":{\"@id\":\"https:\\\/\\\/grupohoymexico.com\\\/hidalgo\\\/uncategorized\\\/congreso-presentado-una-iniciativa-para-sancionar-a-servidores-publicos\\\/#primaryimage\"},\"thumbnailUrl\":\"https:\\\/\\\/grupohoymexico.com\\\/hidalgo\\\/wp-content\\\/uploads\\\/sites\\\/5\\\/2024\\\/11\\\/photo_5039988597251484963_y.jpg\",\"datePublished\":\"2024-11-21T00:06:37+00:00\",\"author\":{\"@id\":\"https:\\\/\\\/grupohoymexico.com\\\/hidalgo\\\/#\\\/schema\\\/person\\\/98e2425fe99fbbdf486895b69dab3c3d\"},\"description\":\"El diputado de Hidalgo Andr\u00e9s Vel\u00e1zquez V\u00e1zquez present\u00f3 una iniciativa con el fin de sancionar a las personas servidoras p\u00fablicas.\",\"breadcrumb\":{\"@id\":\"https:\\\/\\\/grupohoymexico.com\\\/hidalgo\\\/uncategorized\\\/congreso-presentado-una-iniciativa-para-sancionar-a-servidores-publicos\\\/#breadcrumb\"},\"inLanguage\":\"es\",\"potentialAction\":[{\"@type\":\"ReadAction\",\"target\":[\"https:\\\/\\\/grupohoymexico.com\\\/hidalgo\\\/uncategorized\\\/congreso-presentado-una-iniciativa-para-sancionar-a-servidores-publicos\\\/\"]}]},{\"@type\":\"ImageObject\",\"inLanguage\":\"es\",\"@id\":\"https:\\\/\\\/grupohoymexico.com\\\/hidalgo\\\/uncategorized\\\/congreso-presentado-una-iniciativa-para-sancionar-a-servidores-publicos\\\/#primaryimage\",\"url\":\"https:\\\/\\\/grupohoymexico.com\\\/hidalgo\\\/wp-content\\\/uploads\\\/sites\\\/5\\\/2024\\\/11\\\/photo_5039988597251484963_y.jpg\",\"contentUrl\":\"https:\\\/\\\/grupohoymexico.com\\\/hidalgo\\\/wp-content\\\/uploads\\\/sites\\\/5\\\/2024\\\/11\\\/photo_5039988597251484963_y.jpg\",\"width\":1200,\"height\":638,\"caption\":\"Congreso presentado una iniciativa para sancionar a servidores p\u00fablicos\"},{\"@type\":\"BreadcrumbList\",\"@id\":\"https:\\\/\\\/grupohoymexico.com\\\/hidalgo\\\/uncategorized\\\/congreso-presentado-una-iniciativa-para-sancionar-a-servidores-publicos\\\/#breadcrumb\",\"itemListElement\":[{\"@type\":\"ListItem\",\"position\":1,\"name\":\"Inicio\",\"item\":\"https:\\\/\\\/grupohoymexico.com\\\/hidalgo\\\/\"},{\"@type\":\"ListItem\",\"position\":2,\"name\":\"Congreso presentado una iniciativa para sancionar a servidores p\u00fablicos\"}]},{\"@type\":\"WebSite\",\"@id\":\"https:\\\/\\\/grupohoymexico.com\\\/hidalgo\\\/#website\",\"url\":\"https:\\\/\\\/grupohoymexico.com\\\/hidalgo\\\/\",\"name\":\"Hidalgo Hoy\",\"description\":\"El alma de la noticia\",\"potentialAction\":[{\"@type\":\"SearchAction\",\"target\":{\"@type\":\"EntryPoint\",\"urlTemplate\":\"https:\\\/\\\/grupohoymexico.com\\\/hidalgo\\\/?s={search_term_string}\"},\"query-input\":{\"@type\":\"PropertyValueSpecification\",\"valueRequired\":true,\"valueName\":\"search_term_string\"}}],\"inLanguage\":\"es\"},{\"@type\":\"Person\",\"@id\":\"https:\\\/\\\/grupohoymexico.com\\\/hidalgo\\\/#\\\/schema\\\/person\\\/98e2425fe99fbbdf486895b69dab3c3d\",\"name\":\"jair\",\"image\":{\"@type\":\"ImageObject\",\"inLanguage\":\"es\",\"@id\":\"https:\\\/\\\/secure.gravatar.com\\\/avatar\\\/ec205dfb8733a1ce1601942dddb04fc9294fb780c832e3c1ec58faa8e4e64e9b?s=96&d=mm&r=g\",\"url\":\"https:\\\/\\\/secure.gravatar.com\\\/avatar\\\/ec205dfb8733a1ce1601942dddb04fc9294fb780c832e3c1ec58faa8e4e64e9b?s=96&d=mm&r=g\",\"contentUrl\":\"https:\\\/\\\/secure.gravatar.com\\\/avatar\\\/ec205dfb8733a1ce1601942dddb04fc9294fb780c832e3c1ec58faa8e4e64e9b?s=96&d=mm&r=g\",\"caption\":\"jair\"},\"url\":\"https:\\\/\\\/grupohoymexico.com\\\/hidalgo\\\/author\\\/jair\\\/\"}]}<\/script>\n<!-- \/ Yoast SEO Premium plugin. -->","yoast_head_json":{"title":"Congreso presentado una iniciativa para sancionar a servidores p\u00fablicos - Hidalgo Hoy","description":"El diputado de Hidalgo Andr\u00e9s Vel\u00e1zquez V\u00e1zquez present\u00f3 una iniciativa con el fin de sancionar a las personas servidoras p\u00fablicas.","robots":{"index":"index","follow":"follow","max-snippet":"max-snippet:-1","max-image-preview":"max-image-preview:large","max-video-preview":"max-video-preview:-1"},"canonical":"https:\/\/grupohoymexico.com\/hidalgo\/uncategorized\/congreso-presentado-una-iniciativa-para-sancionar-a-servidores-publicos\/","og_locale":"es_MX","og_type":"article","og_title":"Congreso presentado una iniciativa para sancionar a servidores p\u00fablicos","og_description":"El diputado de Hidalgo Andr\u00e9s Vel\u00e1zquez V\u00e1zquez present\u00f3 una iniciativa con el fin de sancionar a las personas servidoras p\u00fablicas.","og_url":"https:\/\/grupohoymexico.com\/hidalgo\/uncategorized\/congreso-presentado-una-iniciativa-para-sancionar-a-servidores-publicos\/","og_site_name":"Hidalgo Hoy","article_published_time":"2024-11-21T00:06:37+00:00","og_image":[{"width":1200,"height":638,"url":"https:\/\/grupohoymexico.com\/hidalgo\/wp-content\/uploads\/sites\/5\/2024\/11\/photo_5039988597251484963_y.jpg","type":"image\/jpeg"}],"author":"jair","twitter_card":"summary_large_image","twitter_misc":{"Escrito por":"jair","Tiempo de lectura":"3 minutos"},"schema":{"@context":"https:\/\/schema.org","@graph":[{"@type":"Article","@id":"https:\/\/grupohoymexico.com\/hidalgo\/uncategorized\/congreso-presentado-una-iniciativa-para-sancionar-a-servidores-publicos\/#article","isPartOf":{"@id":"https:\/\/grupohoymexico.com\/hidalgo\/uncategorized\/congreso-presentado-una-iniciativa-para-sancionar-a-servidores-publicos\/"},"author":{"name":"jair","@id":"https:\/\/grupohoymexico.com\/hidalgo\/#\/schema\/person\/98e2425fe99fbbdf486895b69dab3c3d"},"headline":"Congreso presentado una iniciativa para sancionar a servidores p\u00fablicos","datePublished":"2024-11-21T00:06:37+00:00","mainEntityOfPage":{"@id":"https:\/\/grupohoymexico.com\/hidalgo\/uncategorized\/congreso-presentado-una-iniciativa-para-sancionar-a-servidores-publicos\/"},"wordCount":635,"commentCount":0,"image":{"@id":"https:\/\/grupohoymexico.com\/hidalgo\/uncategorized\/congreso-presentado-una-iniciativa-para-sancionar-a-servidores-publicos\/#primaryimage"},"thumbnailUrl":"https:\/\/grupohoymexico.com\/hidalgo\/wp-content\/uploads\/sites\/5\/2024\/11\/photo_5039988597251484963_y.jpg","articleSection":["Uncategorized"],"inLanguage":"es","potentialAction":[{"@type":"CommentAction","name":"Comment","target":["https:\/\/grupohoymexico.com\/hidalgo\/uncategorized\/congreso-presentado-una-iniciativa-para-sancionar-a-servidores-publicos\/#respond"]}]},{"@type":"WebPage","@id":"https:\/\/grupohoymexico.com\/hidalgo\/uncategorized\/congreso-presentado-una-iniciativa-para-sancionar-a-servidores-publicos\/","url":"https:\/\/grupohoymexico.com\/hidalgo\/uncategorized\/congreso-presentado-una-iniciativa-para-sancionar-a-servidores-publicos\/","name":"Congreso presentado una iniciativa para sancionar a servidores p\u00fablicos - Hidalgo Hoy","isPartOf":{"@id":"https:\/\/grupohoymexico.com\/hidalgo\/#website"},"primaryImageOfPage":{"@id":"https:\/\/grupohoymexico.com\/hidalgo\/uncategorized\/congreso-presentado-una-iniciativa-para-sancionar-a-servidores-publicos\/#primaryimage"},"image":{"@id":"https:\/\/grupohoymexico.com\/hidalgo\/uncategorized\/congreso-presentado-una-iniciativa-para-sancionar-a-servidores-publicos\/#primaryimage"},"thumbnailUrl":"https:\/\/grupohoymexico.com\/hidalgo\/wp-content\/uploads\/sites\/5\/2024\/11\/photo_5039988597251484963_y.jpg","datePublished":"2024-11-21T00:06:37+00:00","author":{"@id":"https:\/\/grupohoymexico.com\/hidalgo\/#\/schema\/person\/98e2425fe99fbbdf486895b69dab3c3d"},"description":"El diputado de Hidalgo Andr\u00e9s Vel\u00e1zquez V\u00e1zquez present\u00f3 una iniciativa con el fin de sancionar a las personas servidoras p\u00fablicas.","breadcrumb":{"@id":"https:\/\/grupohoymexico.com\/hidalgo\/uncategorized\/congreso-presentado-una-iniciativa-para-sancionar-a-servidores-publicos\/#breadcrumb"},"inLanguage":"es","potentialAction":[{"@type":"ReadAction","target":["https:\/\/grupohoymexico.com\/hidalgo\/uncategorized\/congreso-presentado-una-iniciativa-para-sancionar-a-servidores-publicos\/"]}]},{"@type":"ImageObject","inLanguage":"es","@id":"https:\/\/grupohoymexico.com\/hidalgo\/uncategorized\/congreso-presentado-una-iniciativa-para-sancionar-a-servidores-publicos\/#primaryimage","url":"https:\/\/grupohoymexico.com\/hidalgo\/wp-content\/uploads\/sites\/5\/2024\/11\/photo_5039988597251484963_y.jpg","contentUrl":"https:\/\/grupohoymexico.com\/hidalgo\/wp-content\/uploads\/sites\/5\/2024\/11\/photo_5039988597251484963_y.jpg","width":1200,"height":638,"caption":"Congreso presentado una iniciativa para sancionar a servidores p\u00fablicos"},{"@type":"BreadcrumbList","@id":"https:\/\/grupohoymexico.com\/hidalgo\/uncategorized\/congreso-presentado-una-iniciativa-para-sancionar-a-servidores-publicos\/#breadcrumb","itemListElement":[{"@type":"ListItem","position":1,"name":"Inicio","item":"https:\/\/grupohoymexico.com\/hidalgo\/"},{"@type":"ListItem","position":2,"name":"Congreso presentado una iniciativa para sancionar a servidores p\u00fablicos"}]},{"@type":"WebSite","@id":"https:\/\/grupohoymexico.com\/hidalgo\/#website","url":"https:\/\/grupohoymexico.com\/hidalgo\/","name":"Hidalgo Hoy","description":"El alma de la noticia","potentialAction":[{"@type":"SearchAction","target":{"@type":"EntryPoint","urlTemplate":"https:\/\/grupohoymexico.com\/hidalgo\/?s={search_term_string}"},"query-input":{"@type":"PropertyValueSpecification","valueRequired":true,"valueName":"search_term_string"}}],"inLanguage":"es"},{"@type":"Person","@id":"https:\/\/grupohoymexico.com\/hidalgo\/#\/schema\/person\/98e2425fe99fbbdf486895b69dab3c3d","name":"jair","image":{"@type":"ImageObject","inLanguage":"es","@id":"https:\/\/secure.gravatar.com\/avatar\/ec205dfb8733a1ce1601942dddb04fc9294fb780c832e3c1ec58faa8e4e64e9b?s=96&d=mm&r=g","url":"https:\/\/secure.gravatar.com\/avatar\/ec205dfb8733a1ce1601942dddb04fc9294fb780c832e3c1ec58faa8e4e64e9b?s=96&d=mm&r=g","contentUrl":"https:\/\/secure.gravatar.com\/avatar\/ec205dfb8733a1ce1601942dddb04fc9294fb780c832e3c1ec58faa8e4e64e9b?s=96&d=mm&r=g","caption":"jair"},"url":"https:\/\/grupohoymexico.com\/hidalgo\/author\/jair\/"}]}},"_links":{"self":[{"href":"https:\/\/grupohoymexico.com\/hidalgo\/wp-json\/wp\/v2\/posts\/864","targetHints":{"allow":["GET"]}}],"collection":[{"href":"https:\/\/grupohoymexico.com\/hidalgo\/wp-json\/wp\/v2\/posts"}],"about":[{"href":"https:\/\/grupohoymexico.com\/hidalgo\/wp-json\/wp\/v2\/types\/post"}],"author":[{"embeddable":true,"href":"https:\/\/grupohoymexico.com\/hidalgo\/wp-json\/wp\/v2\/users\/5"}],"replies":[{"embeddable":true,"href":"https:\/\/grupohoymexico.com\/hidalgo\/wp-json\/wp\/v2\/comments?post=864"}],"version-history":[{"count":1,"href":"https:\/\/grupohoymexico.com\/hidalgo\/wp-json\/wp\/v2\/posts\/864\/revisions"}],"predecessor-version":[{"id":882,"href":"https:\/\/grupohoymexico.com\/hidalgo\/wp-json\/wp\/v2\/posts\/864\/revisions\/882"}],"wp:featuredmedia":[{"embeddable":true,"href":"https:\/\/grupohoymexico.com\/hidalgo\/wp-json\/wp\/v2\/media\/881"}],"wp:attachment":[{"href":"https:\/\/grupohoymexico.com\/hidalgo\/wp-json\/wp\/v2\/media?parent=864"}],"wp:term":[{"taxonomy":"category","embeddable":true,"href":"https:\/\/grupohoymexico.com\/hidalgo\/wp-json\/wp\/v2\/categories?post=864"},{"taxonomy":"post_tag","embeddable":true,"href":"https:\/\/grupohoymexico.com\/hidalgo\/wp-json\/wp\/v2\/tags?post=864"}],"curies":[{"name":"wp","href":"https:\/\/api.w.org\/{rel}","templated":true}]}}