{"id":855,"date":"2024-11-20T13:35:24","date_gmt":"2024-11-20T19:35:24","guid":{"rendered":"https:\/\/grupohoymexico.com\/hidalgohoy\/?p=855"},"modified":"2024-11-20T13:35:25","modified_gmt":"2024-11-20T19:35:25","slug":"realizan-primer-debate-en-cuautepec-para-la-renovacion-del-ayuntamiento","status":"publish","type":"post","link":"https:\/\/grupohoymexico.com\/hidalgo\/uncategorized\/realizan-primer-debate-en-cuautepec-para-la-renovacion-del-ayuntamiento\/","title":{"rendered":"Realizan primer debate en Cuautepec para la renovaci\u00f3n del Ayuntamiento"},"content":{"rendered":"\n<p>Este mi\u00e9rcoles 20 de noviembre, el <a href=\"https:\/\/www.ieehidalgo.org.mx\/\">Instituto Estatal Electoral de Hidalgo (IEEH)<\/a> llev\u00f3 a cabo el primer debate del Proceso Electoral Extraordinario para la renovaci\u00f3n del Ayuntamiento de <a href=\"https:\/\/grupohoymexico.com\/hidalgohoy\/\">Cuautepec de Hinojosa<\/a>, en el que participaron los candidatos a sindicatura y regidur\u00edas. El evento, que se desarroll\u00f3 con el fin de presentar propuestas a los ciudadanos, cont\u00f3 con la participaci\u00f3n de aspirantes de diversos partidos pol\u00edticos que expusieron sus planes para mejorar el municipio.<\/p>\n\n\n\n<h3 class=\"wp-block-heading\"><strong>Magaly Germ\u00e1n Hern\u00e1ndez destaca compromisos para mejorar los servicios p\u00fablicos<\/strong><\/h3>\n\n\n\n<p>Una de las intervenciones m\u00e1s destacadas fue la de <strong>Magaly Germ\u00e1n Hern\u00e1ndez<\/strong>, candidata propietaria a la octava regidur\u00eda por la candidatura com\u00fan \u201cSeguiremos Haciendo Historia en Hidalgo\u201d, integrada por los partidos Morena y Nueva Alianza Hidalgo. Durante su participaci\u00f3n, Germ\u00e1n Hern\u00e1ndez destac\u00f3 los compromisos de la planilla encabezada por <strong>Jorge Hern\u00e1ndez Araus<\/strong>, subrayando que, de obtener el triunfo en las elecciones del 1 de diciembre, se trabajar\u00e1 para ofrecer servicios p\u00fablicos de calidad a la poblaci\u00f3n.<\/p>\n\n\n\n<p>La candidata tambi\u00e9n mencion\u00f3 que, en caso de lograr el triunfo, se realizar\u00edan <strong>cobros justos de impuestos municipales<\/strong> para las empresas, destinando recursos para mejorar las condiciones de los <strong>caminos y carreteras<\/strong> del municipio. Enfatiz\u00f3 la necesidad de <strong>fortalecer la econom\u00eda local<\/strong> mediante el impulso a la actividad comercial, el sector textil y el campo, promoviendo la creaci\u00f3n de empleos y la mejora de la mano de obra calificada, as\u00ed como reduciendo la informalidad en el empleo.<\/p>\n\n\n\n<p>Por otro lado, <strong>Magaly Germ\u00e1n<\/strong> destac\u00f3 la importancia de la <strong>seguridad p\u00fablica<\/strong>, proponiendo medidas preventivas como el rescate de espacios p\u00fablicos y deportivos, mejorar el <strong>alumbrado p\u00fablico<\/strong> y trabajar de la mano con los <strong>delegados de colonias<\/strong>. Resalt\u00f3 la necesidad de fomentar una mayor <strong>participaci\u00f3n ciudadana<\/strong> para construir un municipio m\u00e1s justo.<\/p>\n\n\n\n<h3 class=\"wp-block-heading\"><strong>Propuestas de otros candidatos<\/strong><\/h3>\n\n\n\n<p><strong>Jos\u00e9 Benito Maldonado Cabrera<\/strong>, candidato propietario a la sexta regidur\u00eda por <strong>Movimiento Ciudadano<\/strong>, propuso el <strong>asesoramiento a emprendedores<\/strong> locales y est\u00edmulos fiscales para las empresas que contraten personas con discapacidad, con el fin de promover la inclusi\u00f3n laboral y el emprendimiento en la regi\u00f3n.<\/p>\n\n\n\n<p>Por su parte, <strong>Carlos de Jes\u00fas Garrido Mej\u00eda<\/strong>, candidato propietario a la primera regidur\u00eda por el <strong>Partido Revolucionario Institucional (PRI)<\/strong>, enfoc\u00f3 sus propuestas en el <strong>impulso al turismo<\/strong> y el sector textil del municipio, \u00e1reas que considera clave para el desarrollo econ\u00f3mico y la generaci\u00f3n de empleo en Cuautepec.<\/p>\n\n\n\n<p><strong>Ana Bel\u00e9n Tapia Cruz<\/strong>, candidata a s\u00edndica por el <strong>Partido del Trabajo (PT)<\/strong>, destac\u00f3 el compromiso de su partido para <strong>apoyar a los j\u00f3venes egresados<\/strong> de la localidad con empleos formales. Adem\u00e1s, propuso un <strong>incremento en la presencia de polic\u00edas y patrullas<\/strong> para mejorar la seguridad en el municipio, uno de los temas m\u00e1s sensibles para la comunidad.<\/p>\n\n\n\n<h3 class=\"wp-block-heading\"><strong>Ausencias y cierre del debate<\/strong><\/h3>\n\n\n\n<p>Cabe destacar que en este primer debate, los <strong>Partidos Acci\u00f3n Nacional (PAN)<\/strong> y <strong>Verde Ecologista de M\u00e9xico (PVEM)<\/strong> no tuvieron representaci\u00f3n, ya que no enviaron a sus candidatos para participar en el ejercicio democr\u00e1tico.<\/p>\n\n\n\n<p>El debate concluy\u00f3 con la invitaci\u00f3n a la ciudadan\u00eda a seguir de cerca las propuestas de los candidatos de cara a las elecciones extraordinarias que se celebrar\u00e1n el pr\u00f3ximo <strong>1 de diciembre<\/strong>, y que determinar\u00e1n qui\u00e9n ocupar\u00e1 los cargos de regidur\u00edas y sindicaturas en el Ayuntamiento de Cuautepec de Hinojosa.<\/p>\n","protected":false},"excerpt":{"rendered":"Este mi\u00e9rcoles 20 de noviembre, el Instituto Estatal Electoral de Hidalgo (IEEH) llev\u00f3 a cabo el primer debate&hellip;","protected":false},"author":5,"featured_media":859,"comment_status":"open","ping_status":"open","sticky":false,"template":"","format":"standard","meta":{"csco_display_header_overlay":false,"csco_singular_sidebar":"","csco_page_header_type":"","csco_page_load_nextpost":"","csco_post_video_location":[],"csco_post_video_location_hash":"","csco_post_video_url":"","csco_post_video_bg_start_time":0,"csco_post_video_bg_end_time":0,"footnotes":""},"categories":[1],"tags":[],"class_list":{"0":"post-855","1":"post","2":"type-post","3":"status-publish","4":"format-standard","5":"has-post-thumbnail","7":"category-uncategorized","8":"cs-entry","9":"cs-video-wrap"},"yoast_head":"<!-- This site is optimized with the Yoast SEO Premium plugin v24.7 (Yoast SEO v27.4) - https:\/\/yoast.com\/product\/yoast-seo-premium-wordpress\/ -->\n<title>Realizan primer debate en Cuautepec para la renovaci\u00f3n del Ayuntamiento - Hidalgo Hoy<\/title>\n<meta name=\"description\" content=\"El IEEH llev\u00f3 a cabo el primer debate del Proceso Electoral Extraordinario para la renovaci\u00f3n del Ayuntamiento de Cuautepec de Hinojosa.\" \/>\n<meta name=\"robots\" content=\"index, follow, max-snippet:-1, max-image-preview:large, max-video-preview:-1\" \/>\n<link rel=\"canonical\" href=\"https:\/\/grupohoymexico.com\/hidalgo\/uncategorized\/realizan-primer-debate-en-cuautepec-para-la-renovacion-del-ayuntamiento\/\" \/>\n<meta property=\"og:locale\" content=\"es_MX\" \/>\n<meta property=\"og:type\" content=\"article\" \/>\n<meta property=\"og:title\" content=\"Realizan primer debate en Cuautepec para la renovaci\u00f3n del Ayuntamiento\" \/>\n<meta property=\"og:description\" content=\"El IEEH llev\u00f3 a cabo el primer debate del Proceso Electoral Extraordinario para la renovaci\u00f3n del Ayuntamiento de Cuautepec de Hinojosa.\" \/>\n<meta property=\"og:url\" content=\"https:\/\/grupohoymexico.com\/hidalgo\/uncategorized\/realizan-primer-debate-en-cuautepec-para-la-renovacion-del-ayuntamiento\/\" \/>\n<meta property=\"og:site_name\" content=\"Hidalgo Hoy\" \/>\n<meta property=\"article:published_time\" content=\"2024-11-20T19:35:24+00:00\" \/>\n<meta property=\"article:modified_time\" content=\"2024-11-20T19:35:25+00:00\" \/>\n<meta property=\"og:image\" content=\"https:\/\/grupohoymexico.com\/hidalgo\/wp-content\/uploads\/sites\/5\/2024\/11\/photo_5039961727936081191_y.jpg\" \/>\n\t<meta property=\"og:image:width\" content=\"1200\" \/>\n\t<meta property=\"og:image:height\" content=\"638\" \/>\n\t<meta property=\"og:image:type\" content=\"image\/jpeg\" \/>\n<meta name=\"author\" content=\"jair\" \/>\n<meta name=\"twitter:card\" content=\"summary_large_image\" \/>\n<meta name=\"twitter:label1\" content=\"Escrito por\" \/>\n\t<meta name=\"twitter:data1\" content=\"jair\" \/>\n\t<meta name=\"twitter:label2\" content=\"Tiempo de lectura\" \/>\n\t<meta name=\"twitter:data2\" content=\"3 minutos\" \/>\n<script type=\"application\/ld+json\" class=\"yoast-schema-graph\">{\"@context\":\"https:\\\/\\\/schema.org\",\"@graph\":[{\"@type\":\"Article\",\"@id\":\"https:\\\/\\\/grupohoymexico.com\\\/hidalgo\\\/uncategorized\\\/realizan-primer-debate-en-cuautepec-para-la-renovacion-del-ayuntamiento\\\/#article\",\"isPartOf\":{\"@id\":\"https:\\\/\\\/grupohoymexico.com\\\/hidalgo\\\/uncategorized\\\/realizan-primer-debate-en-cuautepec-para-la-renovacion-del-ayuntamiento\\\/\"},\"author\":{\"name\":\"jair\",\"@id\":\"https:\\\/\\\/grupohoymexico.com\\\/hidalgo\\\/#\\\/schema\\\/person\\\/98e2425fe99fbbdf486895b69dab3c3d\"},\"headline\":\"Realizan primer debate en Cuautepec para la renovaci\u00f3n del Ayuntamiento\",\"datePublished\":\"2024-11-20T19:35:24+00:00\",\"dateModified\":\"2024-11-20T19:35:25+00:00\",\"mainEntityOfPage\":{\"@id\":\"https:\\\/\\\/grupohoymexico.com\\\/hidalgo\\\/uncategorized\\\/realizan-primer-debate-en-cuautepec-para-la-renovacion-del-ayuntamiento\\\/\"},\"wordCount\":595,\"commentCount\":0,\"image\":{\"@id\":\"https:\\\/\\\/grupohoymexico.com\\\/hidalgo\\\/uncategorized\\\/realizan-primer-debate-en-cuautepec-para-la-renovacion-del-ayuntamiento\\\/#primaryimage\"},\"thumbnailUrl\":\"https:\\\/\\\/grupohoymexico.com\\\/hidalgo\\\/wp-content\\\/uploads\\\/sites\\\/5\\\/2024\\\/11\\\/photo_5039961727936081191_y.jpg\",\"articleSection\":[\"Uncategorized\"],\"inLanguage\":\"es\",\"potentialAction\":[{\"@type\":\"CommentAction\",\"name\":\"Comment\",\"target\":[\"https:\\\/\\\/grupohoymexico.com\\\/hidalgo\\\/uncategorized\\\/realizan-primer-debate-en-cuautepec-para-la-renovacion-del-ayuntamiento\\\/#respond\"]}]},{\"@type\":\"WebPage\",\"@id\":\"https:\\\/\\\/grupohoymexico.com\\\/hidalgo\\\/uncategorized\\\/realizan-primer-debate-en-cuautepec-para-la-renovacion-del-ayuntamiento\\\/\",\"url\":\"https:\\\/\\\/grupohoymexico.com\\\/hidalgo\\\/uncategorized\\\/realizan-primer-debate-en-cuautepec-para-la-renovacion-del-ayuntamiento\\\/\",\"name\":\"Realizan primer debate en Cuautepec para la renovaci\u00f3n del Ayuntamiento - Hidalgo Hoy\",\"isPartOf\":{\"@id\":\"https:\\\/\\\/grupohoymexico.com\\\/hidalgo\\\/#website\"},\"primaryImageOfPage\":{\"@id\":\"https:\\\/\\\/grupohoymexico.com\\\/hidalgo\\\/uncategorized\\\/realizan-primer-debate-en-cuautepec-para-la-renovacion-del-ayuntamiento\\\/#primaryimage\"},\"image\":{\"@id\":\"https:\\\/\\\/grupohoymexico.com\\\/hidalgo\\\/uncategorized\\\/realizan-primer-debate-en-cuautepec-para-la-renovacion-del-ayuntamiento\\\/#primaryimage\"},\"thumbnailUrl\":\"https:\\\/\\\/grupohoymexico.com\\\/hidalgo\\\/wp-content\\\/uploads\\\/sites\\\/5\\\/2024\\\/11\\\/photo_5039961727936081191_y.jpg\",\"datePublished\":\"2024-11-20T19:35:24+00:00\",\"dateModified\":\"2024-11-20T19:35:25+00:00\",\"author\":{\"@id\":\"https:\\\/\\\/grupohoymexico.com\\\/hidalgo\\\/#\\\/schema\\\/person\\\/98e2425fe99fbbdf486895b69dab3c3d\"},\"description\":\"El IEEH llev\u00f3 a cabo el primer debate del Proceso Electoral Extraordinario para la renovaci\u00f3n del Ayuntamiento de Cuautepec de Hinojosa.\",\"breadcrumb\":{\"@id\":\"https:\\\/\\\/grupohoymexico.com\\\/hidalgo\\\/uncategorized\\\/realizan-primer-debate-en-cuautepec-para-la-renovacion-del-ayuntamiento\\\/#breadcrumb\"},\"inLanguage\":\"es\",\"potentialAction\":[{\"@type\":\"ReadAction\",\"target\":[\"https:\\\/\\\/grupohoymexico.com\\\/hidalgo\\\/uncategorized\\\/realizan-primer-debate-en-cuautepec-para-la-renovacion-del-ayuntamiento\\\/\"]}]},{\"@type\":\"ImageObject\",\"inLanguage\":\"es\",\"@id\":\"https:\\\/\\\/grupohoymexico.com\\\/hidalgo\\\/uncategorized\\\/realizan-primer-debate-en-cuautepec-para-la-renovacion-del-ayuntamiento\\\/#primaryimage\",\"url\":\"https:\\\/\\\/grupohoymexico.com\\\/hidalgo\\\/wp-content\\\/uploads\\\/sites\\\/5\\\/2024\\\/11\\\/photo_5039961727936081191_y.jpg\",\"contentUrl\":\"https:\\\/\\\/grupohoymexico.com\\\/hidalgo\\\/wp-content\\\/uploads\\\/sites\\\/5\\\/2024\\\/11\\\/photo_5039961727936081191_y.jpg\",\"width\":1200,\"height\":638,\"caption\":\"Realizan primer debate en Cuautepec para la renovaci\u00f3n del Ayuntamiento\"},{\"@type\":\"BreadcrumbList\",\"@id\":\"https:\\\/\\\/grupohoymexico.com\\\/hidalgo\\\/uncategorized\\\/realizan-primer-debate-en-cuautepec-para-la-renovacion-del-ayuntamiento\\\/#breadcrumb\",\"itemListElement\":[{\"@type\":\"ListItem\",\"position\":1,\"name\":\"Inicio\",\"item\":\"https:\\\/\\\/grupohoymexico.com\\\/hidalgo\\\/\"},{\"@type\":\"ListItem\",\"position\":2,\"name\":\"Realizan primer debate en Cuautepec para la renovaci\u00f3n del Ayuntamiento\"}]},{\"@type\":\"WebSite\",\"@id\":\"https:\\\/\\\/grupohoymexico.com\\\/hidalgo\\\/#website\",\"url\":\"https:\\\/\\\/grupohoymexico.com\\\/hidalgo\\\/\",\"name\":\"Hidalgo Hoy\",\"description\":\"El alma de la noticia\",\"potentialAction\":[{\"@type\":\"SearchAction\",\"target\":{\"@type\":\"EntryPoint\",\"urlTemplate\":\"https:\\\/\\\/grupohoymexico.com\\\/hidalgo\\\/?s={search_term_string}\"},\"query-input\":{\"@type\":\"PropertyValueSpecification\",\"valueRequired\":true,\"valueName\":\"search_term_string\"}}],\"inLanguage\":\"es\"},{\"@type\":\"Person\",\"@id\":\"https:\\\/\\\/grupohoymexico.com\\\/hidalgo\\\/#\\\/schema\\\/person\\\/98e2425fe99fbbdf486895b69dab3c3d\",\"name\":\"jair\",\"image\":{\"@type\":\"ImageObject\",\"inLanguage\":\"es\",\"@id\":\"https:\\\/\\\/secure.gravatar.com\\\/avatar\\\/ec205dfb8733a1ce1601942dddb04fc9294fb780c832e3c1ec58faa8e4e64e9b?s=96&d=mm&r=g\",\"url\":\"https:\\\/\\\/secure.gravatar.com\\\/avatar\\\/ec205dfb8733a1ce1601942dddb04fc9294fb780c832e3c1ec58faa8e4e64e9b?s=96&d=mm&r=g\",\"contentUrl\":\"https:\\\/\\\/secure.gravatar.com\\\/avatar\\\/ec205dfb8733a1ce1601942dddb04fc9294fb780c832e3c1ec58faa8e4e64e9b?s=96&d=mm&r=g\",\"caption\":\"jair\"},\"url\":\"https:\\\/\\\/grupohoymexico.com\\\/hidalgo\\\/author\\\/jair\\\/\"}]}<\/script>\n<!-- \/ Yoast SEO Premium plugin. -->","yoast_head_json":{"title":"Realizan primer debate en Cuautepec para la renovaci\u00f3n del Ayuntamiento - Hidalgo Hoy","description":"El IEEH llev\u00f3 a cabo el primer debate del Proceso Electoral Extraordinario para la renovaci\u00f3n del Ayuntamiento de Cuautepec de Hinojosa.","robots":{"index":"index","follow":"follow","max-snippet":"max-snippet:-1","max-image-preview":"max-image-preview:large","max-video-preview":"max-video-preview:-1"},"canonical":"https:\/\/grupohoymexico.com\/hidalgo\/uncategorized\/realizan-primer-debate-en-cuautepec-para-la-renovacion-del-ayuntamiento\/","og_locale":"es_MX","og_type":"article","og_title":"Realizan primer debate en Cuautepec para la renovaci\u00f3n del Ayuntamiento","og_description":"El IEEH llev\u00f3 a cabo el primer debate del Proceso Electoral Extraordinario para la renovaci\u00f3n del Ayuntamiento de Cuautepec de Hinojosa.","og_url":"https:\/\/grupohoymexico.com\/hidalgo\/uncategorized\/realizan-primer-debate-en-cuautepec-para-la-renovacion-del-ayuntamiento\/","og_site_name":"Hidalgo Hoy","article_published_time":"2024-11-20T19:35:24+00:00","article_modified_time":"2024-11-20T19:35:25+00:00","og_image":[{"width":1200,"height":638,"url":"https:\/\/grupohoymexico.com\/hidalgo\/wp-content\/uploads\/sites\/5\/2024\/11\/photo_5039961727936081191_y.jpg","type":"image\/jpeg"}],"author":"jair","twitter_card":"summary_large_image","twitter_misc":{"Escrito por":"jair","Tiempo de lectura":"3 minutos"},"schema":{"@context":"https:\/\/schema.org","@graph":[{"@type":"Article","@id":"https:\/\/grupohoymexico.com\/hidalgo\/uncategorized\/realizan-primer-debate-en-cuautepec-para-la-renovacion-del-ayuntamiento\/#article","isPartOf":{"@id":"https:\/\/grupohoymexico.com\/hidalgo\/uncategorized\/realizan-primer-debate-en-cuautepec-para-la-renovacion-del-ayuntamiento\/"},"author":{"name":"jair","@id":"https:\/\/grupohoymexico.com\/hidalgo\/#\/schema\/person\/98e2425fe99fbbdf486895b69dab3c3d"},"headline":"Realizan primer debate en Cuautepec para la renovaci\u00f3n del Ayuntamiento","datePublished":"2024-11-20T19:35:24+00:00","dateModified":"2024-11-20T19:35:25+00:00","mainEntityOfPage":{"@id":"https:\/\/grupohoymexico.com\/hidalgo\/uncategorized\/realizan-primer-debate-en-cuautepec-para-la-renovacion-del-ayuntamiento\/"},"wordCount":595,"commentCount":0,"image":{"@id":"https:\/\/grupohoymexico.com\/hidalgo\/uncategorized\/realizan-primer-debate-en-cuautepec-para-la-renovacion-del-ayuntamiento\/#primaryimage"},"thumbnailUrl":"https:\/\/grupohoymexico.com\/hidalgo\/wp-content\/uploads\/sites\/5\/2024\/11\/photo_5039961727936081191_y.jpg","articleSection":["Uncategorized"],"inLanguage":"es","potentialAction":[{"@type":"CommentAction","name":"Comment","target":["https:\/\/grupohoymexico.com\/hidalgo\/uncategorized\/realizan-primer-debate-en-cuautepec-para-la-renovacion-del-ayuntamiento\/#respond"]}]},{"@type":"WebPage","@id":"https:\/\/grupohoymexico.com\/hidalgo\/uncategorized\/realizan-primer-debate-en-cuautepec-para-la-renovacion-del-ayuntamiento\/","url":"https:\/\/grupohoymexico.com\/hidalgo\/uncategorized\/realizan-primer-debate-en-cuautepec-para-la-renovacion-del-ayuntamiento\/","name":"Realizan primer debate en Cuautepec para la renovaci\u00f3n del Ayuntamiento - Hidalgo Hoy","isPartOf":{"@id":"https:\/\/grupohoymexico.com\/hidalgo\/#website"},"primaryImageOfPage":{"@id":"https:\/\/grupohoymexico.com\/hidalgo\/uncategorized\/realizan-primer-debate-en-cuautepec-para-la-renovacion-del-ayuntamiento\/#primaryimage"},"image":{"@id":"https:\/\/grupohoymexico.com\/hidalgo\/uncategorized\/realizan-primer-debate-en-cuautepec-para-la-renovacion-del-ayuntamiento\/#primaryimage"},"thumbnailUrl":"https:\/\/grupohoymexico.com\/hidalgo\/wp-content\/uploads\/sites\/5\/2024\/11\/photo_5039961727936081191_y.jpg","datePublished":"2024-11-20T19:35:24+00:00","dateModified":"2024-11-20T19:35:25+00:00","author":{"@id":"https:\/\/grupohoymexico.com\/hidalgo\/#\/schema\/person\/98e2425fe99fbbdf486895b69dab3c3d"},"description":"El IEEH llev\u00f3 a cabo el primer debate del Proceso Electoral Extraordinario para la renovaci\u00f3n del Ayuntamiento de Cuautepec de Hinojosa.","breadcrumb":{"@id":"https:\/\/grupohoymexico.com\/hidalgo\/uncategorized\/realizan-primer-debate-en-cuautepec-para-la-renovacion-del-ayuntamiento\/#breadcrumb"},"inLanguage":"es","potentialAction":[{"@type":"ReadAction","target":["https:\/\/grupohoymexico.com\/hidalgo\/uncategorized\/realizan-primer-debate-en-cuautepec-para-la-renovacion-del-ayuntamiento\/"]}]},{"@type":"ImageObject","inLanguage":"es","@id":"https:\/\/grupohoymexico.com\/hidalgo\/uncategorized\/realizan-primer-debate-en-cuautepec-para-la-renovacion-del-ayuntamiento\/#primaryimage","url":"https:\/\/grupohoymexico.com\/hidalgo\/wp-content\/uploads\/sites\/5\/2024\/11\/photo_5039961727936081191_y.jpg","contentUrl":"https:\/\/grupohoymexico.com\/hidalgo\/wp-content\/uploads\/sites\/5\/2024\/11\/photo_5039961727936081191_y.jpg","width":1200,"height":638,"caption":"Realizan primer debate en Cuautepec para la renovaci\u00f3n del Ayuntamiento"},{"@type":"BreadcrumbList","@id":"https:\/\/grupohoymexico.com\/hidalgo\/uncategorized\/realizan-primer-debate-en-cuautepec-para-la-renovacion-del-ayuntamiento\/#breadcrumb","itemListElement":[{"@type":"ListItem","position":1,"name":"Inicio","item":"https:\/\/grupohoymexico.com\/hidalgo\/"},{"@type":"ListItem","position":2,"name":"Realizan primer debate en Cuautepec para la renovaci\u00f3n del Ayuntamiento"}]},{"@type":"WebSite","@id":"https:\/\/grupohoymexico.com\/hidalgo\/#website","url":"https:\/\/grupohoymexico.com\/hidalgo\/","name":"Hidalgo Hoy","description":"El alma de la noticia","potentialAction":[{"@type":"SearchAction","target":{"@type":"EntryPoint","urlTemplate":"https:\/\/grupohoymexico.com\/hidalgo\/?s={search_term_string}"},"query-input":{"@type":"PropertyValueSpecification","valueRequired":true,"valueName":"search_term_string"}}],"inLanguage":"es"},{"@type":"Person","@id":"https:\/\/grupohoymexico.com\/hidalgo\/#\/schema\/person\/98e2425fe99fbbdf486895b69dab3c3d","name":"jair","image":{"@type":"ImageObject","inLanguage":"es","@id":"https:\/\/secure.gravatar.com\/avatar\/ec205dfb8733a1ce1601942dddb04fc9294fb780c832e3c1ec58faa8e4e64e9b?s=96&d=mm&r=g","url":"https:\/\/secure.gravatar.com\/avatar\/ec205dfb8733a1ce1601942dddb04fc9294fb780c832e3c1ec58faa8e4e64e9b?s=96&d=mm&r=g","contentUrl":"https:\/\/secure.gravatar.com\/avatar\/ec205dfb8733a1ce1601942dddb04fc9294fb780c832e3c1ec58faa8e4e64e9b?s=96&d=mm&r=g","caption":"jair"},"url":"https:\/\/grupohoymexico.com\/hidalgo\/author\/jair\/"}]}},"_links":{"self":[{"href":"https:\/\/grupohoymexico.com\/hidalgo\/wp-json\/wp\/v2\/posts\/855","targetHints":{"allow":["GET"]}}],"collection":[{"href":"https:\/\/grupohoymexico.com\/hidalgo\/wp-json\/wp\/v2\/posts"}],"about":[{"href":"https:\/\/grupohoymexico.com\/hidalgo\/wp-json\/wp\/v2\/types\/post"}],"author":[{"embeddable":true,"href":"https:\/\/grupohoymexico.com\/hidalgo\/wp-json\/wp\/v2\/users\/5"}],"replies":[{"embeddable":true,"href":"https:\/\/grupohoymexico.com\/hidalgo\/wp-json\/wp\/v2\/comments?post=855"}],"version-history":[{"count":1,"href":"https:\/\/grupohoymexico.com\/hidalgo\/wp-json\/wp\/v2\/posts\/855\/revisions"}],"predecessor-version":[{"id":860,"href":"https:\/\/grupohoymexico.com\/hidalgo\/wp-json\/wp\/v2\/posts\/855\/revisions\/860"}],"wp:featuredmedia":[{"embeddable":true,"href":"https:\/\/grupohoymexico.com\/hidalgo\/wp-json\/wp\/v2\/media\/859"}],"wp:attachment":[{"href":"https:\/\/grupohoymexico.com\/hidalgo\/wp-json\/wp\/v2\/media?parent=855"}],"wp:term":[{"taxonomy":"category","embeddable":true,"href":"https:\/\/grupohoymexico.com\/hidalgo\/wp-json\/wp\/v2\/categories?post=855"},{"taxonomy":"post_tag","embeddable":true,"href":"https:\/\/grupohoymexico.com\/hidalgo\/wp-json\/wp\/v2\/tags?post=855"}],"curies":[{"name":"wp","href":"https:\/\/api.w.org\/{rel}","templated":true}]}}