{"id":7552,"date":"2025-09-03T12:32:00","date_gmt":"2025-09-03T18:32:00","guid":{"rendered":"https:\/\/grupohoymexico.com\/hidalgo\/?p=7552"},"modified":"2025-09-03T12:32:02","modified_gmt":"2025-09-03T18:32:02","slug":"james-gunn-confirma-la-secuela-superman-man-of-tomorrow-para-2027","status":"publish","type":"post","link":"https:\/\/grupohoymexico.com\/hidalgo\/entretenimiento\/james-gunn-confirma-la-secuela-superman-man-of-tomorrow-para-2027\/","title":{"rendered":"James Gunn confirma la secuela Superman: Man of Tomorrow para 2027"},"content":{"rendered":"\n<p>Tras una recaudaci\u00f3n de 600 millones de d\u00f3lares, James Gunn ha confirmado que la esperada secuela titulada <em><strong>Superman: Man of Tomorrow<\/strong><\/em> llegar\u00e1 a los cines el <strong>9 de julio de 2027<\/strong>. La noticia ha emocionado a millones de fan\u00e1ticos alrededor del mundo que esperan los detalles de la nueva entrega del Hombre de Acero. <\/p>\n\n\n\n<h2 class=\"wp-block-heading\" id=\"h-james-gunn-anuncia-la-secuela-de-superman-man-of-tomorrow\">James Gunn anuncia la secuela de Superman: Man of Tomorrow <\/h2>\n\n\n\n<p>A trav\u00e9s de sus redes sociales, <strong>James Gunn<\/strong> revel\u00f3 el t\u00edtulo y la fecha de estreno de la nueva entrega. Adem\u00e1s, comparti\u00f3 una ilustraci\u00f3n en la que aparecen Superman y Lex Luthor, con lo que confirma que la rivalidad entre h\u00e9roe y villano seguir\u00e1 siendo uno de los ejes principales.<\/p>\n\n\n\n<figure class=\"wp-block-image size-full\"><img fetchpriority=\"high\" decoding=\"async\" width=\"645\" height=\"496\" src=\"https:\/\/grupohoymexico.com\/hidalgo\/wp-content\/uploads\/sites\/5\/2025\/09\/image-6.png\" alt=\"Superman: Man of Tomorrow\" class=\"wp-image-7553\" srcset=\"https:\/\/grupohoymexico.com\/hidalgo\/wp-content\/uploads\/sites\/5\/2025\/09\/image-6.png 645w, https:\/\/grupohoymexico.com\/hidalgo\/wp-content\/uploads\/sites\/5\/2025\/09\/image-6-300x231.png 300w, https:\/\/grupohoymexico.com\/hidalgo\/wp-content\/uploads\/sites\/5\/2025\/09\/image-6-332x255.png 332w\" sizes=\"(max-width: 645px) 100vw, 645px\" \/><figcaption class=\"wp-element-caption\">Imagen: James Gunn <\/figcaption><\/figure>\n\n\n\n<p>Aunque todav\u00eda no se han revelado grandes detalles, todo apunta a que Lex Luthor ser\u00e1 nuevamente el antagonista central. Esta decisi\u00f3n ha generado debate entre los seguidores. Ellos esperaban ver a otros enemigos cl\u00e1sicos como <strong>Brainiac<\/strong> o <strong>General Zod<\/strong>. Sin embargo, Gunn dej\u00f3 abierta la posibilidad de incluir m\u00e1s villanos dentro de la trama.<\/p>\n\n\n\n<p><strong>LEE TAMBI\u00c9N: <a href=\"https:\/\/grupohoymexico.com\/hidalgo\/entretenimiento\/hollow-knight-silksong-switch-2-permitira-actualizacion-gratuita-desde-nintendo-switch\/\" target=\"_blank\" rel=\"noreferrer noopener\">Hollow Knight: Silksong Switch 2 permitir\u00e1 actualizaci\u00f3n gratuita desde Nintendo Switch <\/a><\/strong><\/p>\n\n\n\n<h2 class=\"wp-block-heading\" id=\"h-un-nuevo-capitulo-en-el-universo-dc\">Un nuevo cap\u00edtulo en el Universo DC<\/h2>\n\n\n\n<p><em><strong>Superman: Man of Tomorrow<\/strong><\/em> se integrar\u00e1 en la estrategia de expansi\u00f3n del nuevo <strong>Universo Cinematogr\u00e1fico de<a href=\"https:\/\/www.dc.com\/movies\" target=\"_blank\" rel=\"noreferrer noopener\"> DC<\/a><\/strong> (DCU). Antes de su estreno, se presentar\u00e1n proyectos como <em>Supergirl<\/em> y <em>Clayface<\/em>, lo que permitir\u00e1 dar mayor coherencia narrativa y conectar al Hombre de Acero con un universo m\u00e1s amplio y s\u00f3lido.<\/p>\n\n\n\n<p>Este enfoque busca posicionar nuevamente a <strong>Superman<\/strong> como pieza central de la franquicia y como emblema del g\u00e9nero de superh\u00e9roes, dentro y fuera de la pantalla grande.<\/p>\n\n\n\n<figure class=\"wp-block-image size-large\"><img decoding=\"async\" width=\"1024\" height=\"584\" src=\"https:\/\/grupohoymexico.com\/hidalgo\/wp-content\/uploads\/sites\/5\/2025\/09\/image-7-1024x584.png\" alt=\"Superman: Man of Tomorrow\" class=\"wp-image-7554\" srcset=\"https:\/\/grupohoymexico.com\/hidalgo\/wp-content\/uploads\/sites\/5\/2025\/09\/image-7-1024x584.png 1024w, https:\/\/grupohoymexico.com\/hidalgo\/wp-content\/uploads\/sites\/5\/2025\/09\/image-7-300x171.png 300w, https:\/\/grupohoymexico.com\/hidalgo\/wp-content\/uploads\/sites\/5\/2025\/09\/image-7-768x438.png 768w, https:\/\/grupohoymexico.com\/hidalgo\/wp-content\/uploads\/sites\/5\/2025\/09\/image-7-332x189.png 332w, https:\/\/grupohoymexico.com\/hidalgo\/wp-content\/uploads\/sites\/5\/2025\/09\/image-7-664x378.png 664w, https:\/\/grupohoymexico.com\/hidalgo\/wp-content\/uploads\/sites\/5\/2025\/09\/image-7-688x392.png 688w, https:\/\/grupohoymexico.com\/hidalgo\/wp-content\/uploads\/sites\/5\/2025\/09\/image-7-1044x595.png 1044w, https:\/\/grupohoymexico.com\/hidalgo\/wp-content\/uploads\/sites\/5\/2025\/09\/image-7.png 1102w\" sizes=\"(max-width: 1024px) 100vw, 1024px\" \/><figcaption class=\"wp-element-caption\">Imagen: James Gunn <\/figcaption><\/figure>\n\n\n\n<h2 class=\"wp-block-heading\" id=\"h-expectativa-por-el-elenco-y-la-trama\">Expectativa por el elenco y la trama<\/h2>\n\n\n\n<p>Hasta el momento no hay confirmaci\u00f3n oficial sobre los actores que retomar\u00e1n sus papeles ni sobre posibles incorporaciones. <strong>James Gunn<\/strong> ha se\u00f1alado que esta informaci\u00f3n se dar\u00e1 a conocer paulatinamente, manteniendo la expectativa del p\u00fablico.<\/p>\n\n\n\n<p>La confirmaci\u00f3n de <em><strong>Superman: Man of Tomorrow<\/strong><\/em> marca un paso clave para<strong> DC<\/strong> Studios, que apuesta por mantener al Hombre de Acero como el s\u00edmbolo narrativo de un universo en expansi\u00f3n. Los fan\u00e1ticos tendr\u00e1n que esperar m\u00e1s revelaciones, pero lo cierto es que la secuela ya tiene fecha y promete consolidar el legado del superh\u00e9roe m\u00e1s emblem\u00e1tico de todos los tiempos. <\/p>\n","protected":false},"excerpt":{"rendered":"Tras una recaudaci\u00f3n de 600 millones de d\u00f3lares, James Gunn ha confirmado que la esperada secuela titulada Superman:&hellip;","protected":false},"author":30,"featured_media":7556,"comment_status":"open","ping_status":"open","sticky":false,"template":"","format":"standard","meta":{"csco_display_header_overlay":false,"csco_singular_sidebar":"","csco_page_header_type":"","csco_page_load_nextpost":"","csco_post_video_location":[],"csco_post_video_location_hash":"","csco_post_video_url":"","csco_post_video_bg_start_time":0,"csco_post_video_bg_end_time":0,"footnotes":""},"categories":[320],"tags":[748,2383,1781,2384,2381,2382],"class_list":{"0":"post-7552","1":"post","2":"type-post","3":"status-publish","4":"format-standard","5":"has-post-thumbnail","7":"category-entretenimiento","8":"tag-cine","9":"tag-dc","10":"tag-james-gunn","11":"tag-nicholas-hoult","12":"tag-superman-2","13":"tag-superman-man-of-tomorrow","14":"cs-entry","15":"cs-video-wrap"},"yoast_head":"<!-- This site is optimized with the Yoast SEO Premium plugin v24.7 (Yoast SEO v27.4) - https:\/\/yoast.com\/product\/yoast-seo-premium-wordpress\/ -->\n<title>James Gunn confirma Superman: Man of Tomorrow para 2027<\/title>\n<meta name=\"description\" content=\"Superman: Man of Tomorrow llegar\u00e1 a los cines el 9 de julio de 2027 con esperanzas de un nuevo \u00e9xito en la taquilla internacional\" \/>\n<meta name=\"robots\" content=\"index, follow, max-snippet:-1, max-image-preview:large, max-video-preview:-1\" \/>\n<link rel=\"canonical\" href=\"https:\/\/grupohoymexico.com\/hidalgo\/entretenimiento\/james-gunn-confirma-la-secuela-superman-man-of-tomorrow-para-2027\/\" \/>\n<meta property=\"og:locale\" content=\"es_MX\" \/>\n<meta property=\"og:type\" content=\"article\" \/>\n<meta property=\"og:title\" content=\"James Gunn confirma la secuela Superman: Man of Tomorrow para 2027\" \/>\n<meta property=\"og:description\" content=\"Superman: Man of Tomorrow llegar\u00e1 a los cines el 9 de julio de 2027 con esperanzas de un nuevo \u00e9xito en la taquilla internacional\" \/>\n<meta property=\"og:url\" content=\"https:\/\/grupohoymexico.com\/hidalgo\/entretenimiento\/james-gunn-confirma-la-secuela-superman-man-of-tomorrow-para-2027\/\" \/>\n<meta property=\"og:site_name\" content=\"Hidalgo Hoy\" \/>\n<meta property=\"article:published_time\" content=\"2025-09-03T18:32:00+00:00\" \/>\n<meta property=\"article:modified_time\" content=\"2025-09-03T18:32:02+00:00\" \/>\n<meta property=\"og:image\" content=\"https:\/\/grupohoymexico.com\/hidalgo\/wp-content\/uploads\/sites\/5\/2025\/09\/Superman-Man-of-Tomorrow.webp\" \/>\n\t<meta property=\"og:image:width\" content=\"1201\" \/>\n\t<meta property=\"og:image:height\" content=\"639\" \/>\n\t<meta property=\"og:image:type\" content=\"image\/webp\" \/>\n<meta name=\"author\" content=\"eduardo\" \/>\n<meta name=\"twitter:card\" content=\"summary_large_image\" \/>\n<meta name=\"twitter:label1\" content=\"Escrito por\" \/>\n\t<meta name=\"twitter:data1\" content=\"eduardo\" \/>\n\t<meta name=\"twitter:label2\" content=\"Tiempo de lectura\" \/>\n\t<meta name=\"twitter:data2\" content=\"3 minutos\" \/>\n<script type=\"application\/ld+json\" class=\"yoast-schema-graph\">{\"@context\":\"https:\\\/\\\/schema.org\",\"@graph\":[{\"@type\":\"Article\",\"@id\":\"https:\\\/\\\/grupohoymexico.com\\\/hidalgo\\\/entretenimiento\\\/james-gunn-confirma-la-secuela-superman-man-of-tomorrow-para-2027\\\/#article\",\"isPartOf\":{\"@id\":\"https:\\\/\\\/grupohoymexico.com\\\/hidalgo\\\/entretenimiento\\\/james-gunn-confirma-la-secuela-superman-man-of-tomorrow-para-2027\\\/\"},\"author\":{\"name\":\"eduardo\",\"@id\":\"https:\\\/\\\/grupohoymexico.com\\\/hidalgo\\\/#\\\/schema\\\/person\\\/e95b7b8df1e5c291ede743c160292779\"},\"headline\":\"James Gunn confirma la secuela Superman: Man of Tomorrow para 2027\",\"datePublished\":\"2025-09-03T18:32:00+00:00\",\"dateModified\":\"2025-09-03T18:32:02+00:00\",\"mainEntityOfPage\":{\"@id\":\"https:\\\/\\\/grupohoymexico.com\\\/hidalgo\\\/entretenimiento\\\/james-gunn-confirma-la-secuela-superman-man-of-tomorrow-para-2027\\\/\"},\"wordCount\":415,\"commentCount\":0,\"image\":{\"@id\":\"https:\\\/\\\/grupohoymexico.com\\\/hidalgo\\\/entretenimiento\\\/james-gunn-confirma-la-secuela-superman-man-of-tomorrow-para-2027\\\/#primaryimage\"},\"thumbnailUrl\":\"https:\\\/\\\/grupohoymexico.com\\\/hidalgo\\\/wp-content\\\/uploads\\\/sites\\\/5\\\/2025\\\/09\\\/Superman-Man-of-Tomorrow.webp\",\"keywords\":[\"Cine\",\"DC\",\"James Gunn\",\"Nicholas Hoult\",\"Superman 2\",\"Superman Man of Tomorrow\"],\"articleSection\":[\"Entretenimiento\"],\"inLanguage\":\"es\",\"potentialAction\":[{\"@type\":\"CommentAction\",\"name\":\"Comment\",\"target\":[\"https:\\\/\\\/grupohoymexico.com\\\/hidalgo\\\/entretenimiento\\\/james-gunn-confirma-la-secuela-superman-man-of-tomorrow-para-2027\\\/#respond\"]}]},{\"@type\":\"WebPage\",\"@id\":\"https:\\\/\\\/grupohoymexico.com\\\/hidalgo\\\/entretenimiento\\\/james-gunn-confirma-la-secuela-superman-man-of-tomorrow-para-2027\\\/\",\"url\":\"https:\\\/\\\/grupohoymexico.com\\\/hidalgo\\\/entretenimiento\\\/james-gunn-confirma-la-secuela-superman-man-of-tomorrow-para-2027\\\/\",\"name\":\"James Gunn confirma Superman: Man of Tomorrow para 2027\",\"isPartOf\":{\"@id\":\"https:\\\/\\\/grupohoymexico.com\\\/hidalgo\\\/#website\"},\"primaryImageOfPage\":{\"@id\":\"https:\\\/\\\/grupohoymexico.com\\\/hidalgo\\\/entretenimiento\\\/james-gunn-confirma-la-secuela-superman-man-of-tomorrow-para-2027\\\/#primaryimage\"},\"image\":{\"@id\":\"https:\\\/\\\/grupohoymexico.com\\\/hidalgo\\\/entretenimiento\\\/james-gunn-confirma-la-secuela-superman-man-of-tomorrow-para-2027\\\/#primaryimage\"},\"thumbnailUrl\":\"https:\\\/\\\/grupohoymexico.com\\\/hidalgo\\\/wp-content\\\/uploads\\\/sites\\\/5\\\/2025\\\/09\\\/Superman-Man-of-Tomorrow.webp\",\"datePublished\":\"2025-09-03T18:32:00+00:00\",\"dateModified\":\"2025-09-03T18:32:02+00:00\",\"author\":{\"@id\":\"https:\\\/\\\/grupohoymexico.com\\\/hidalgo\\\/#\\\/schema\\\/person\\\/e95b7b8df1e5c291ede743c160292779\"},\"description\":\"Superman: Man of Tomorrow llegar\u00e1 a los cines el 9 de julio de 2027 con esperanzas de un nuevo \u00e9xito en la taquilla internacional\",\"breadcrumb\":{\"@id\":\"https:\\\/\\\/grupohoymexico.com\\\/hidalgo\\\/entretenimiento\\\/james-gunn-confirma-la-secuela-superman-man-of-tomorrow-para-2027\\\/#breadcrumb\"},\"inLanguage\":\"es\",\"potentialAction\":[{\"@type\":\"ReadAction\",\"target\":[\"https:\\\/\\\/grupohoymexico.com\\\/hidalgo\\\/entretenimiento\\\/james-gunn-confirma-la-secuela-superman-man-of-tomorrow-para-2027\\\/\"]}]},{\"@type\":\"ImageObject\",\"inLanguage\":\"es\",\"@id\":\"https:\\\/\\\/grupohoymexico.com\\\/hidalgo\\\/entretenimiento\\\/james-gunn-confirma-la-secuela-superman-man-of-tomorrow-para-2027\\\/#primaryimage\",\"url\":\"https:\\\/\\\/grupohoymexico.com\\\/hidalgo\\\/wp-content\\\/uploads\\\/sites\\\/5\\\/2025\\\/09\\\/Superman-Man-of-Tomorrow.webp\",\"contentUrl\":\"https:\\\/\\\/grupohoymexico.com\\\/hidalgo\\\/wp-content\\\/uploads\\\/sites\\\/5\\\/2025\\\/09\\\/Superman-Man-of-Tomorrow.webp\",\"width\":1201,\"height\":639,\"caption\":\"La secuela de Superman de James Gunn tendr\u00e1 a Lex Luthor como antagonista Imagen: DC\"},{\"@type\":\"BreadcrumbList\",\"@id\":\"https:\\\/\\\/grupohoymexico.com\\\/hidalgo\\\/entretenimiento\\\/james-gunn-confirma-la-secuela-superman-man-of-tomorrow-para-2027\\\/#breadcrumb\",\"itemListElement\":[{\"@type\":\"ListItem\",\"position\":1,\"name\":\"Inicio\",\"item\":\"https:\\\/\\\/grupohoymexico.com\\\/hidalgo\\\/\"},{\"@type\":\"ListItem\",\"position\":2,\"name\":\"James Gunn confirma la secuela Superman: Man of Tomorrow para 2027\"}]},{\"@type\":\"WebSite\",\"@id\":\"https:\\\/\\\/grupohoymexico.com\\\/hidalgo\\\/#website\",\"url\":\"https:\\\/\\\/grupohoymexico.com\\\/hidalgo\\\/\",\"name\":\"Hidalgo Hoy\",\"description\":\"El alma de la noticia\",\"potentialAction\":[{\"@type\":\"SearchAction\",\"target\":{\"@type\":\"EntryPoint\",\"urlTemplate\":\"https:\\\/\\\/grupohoymexico.com\\\/hidalgo\\\/?s={search_term_string}\"},\"query-input\":{\"@type\":\"PropertyValueSpecification\",\"valueRequired\":true,\"valueName\":\"search_term_string\"}}],\"inLanguage\":\"es\"},{\"@type\":\"Person\",\"@id\":\"https:\\\/\\\/grupohoymexico.com\\\/hidalgo\\\/#\\\/schema\\\/person\\\/e95b7b8df1e5c291ede743c160292779\",\"name\":\"eduardo\",\"image\":{\"@type\":\"ImageObject\",\"inLanguage\":\"es\",\"@id\":\"https:\\\/\\\/secure.gravatar.com\\\/avatar\\\/ecdd30dcf3feeb5f57f13840c3daeb08334d3b69de7bb9e067a540c4925a9788?s=96&d=mm&r=g\",\"url\":\"https:\\\/\\\/secure.gravatar.com\\\/avatar\\\/ecdd30dcf3feeb5f57f13840c3daeb08334d3b69de7bb9e067a540c4925a9788?s=96&d=mm&r=g\",\"contentUrl\":\"https:\\\/\\\/secure.gravatar.com\\\/avatar\\\/ecdd30dcf3feeb5f57f13840c3daeb08334d3b69de7bb9e067a540c4925a9788?s=96&d=mm&r=g\",\"caption\":\"eduardo\"},\"url\":\"https:\\\/\\\/grupohoymexico.com\\\/hidalgo\\\/author\\\/eduardo\\\/\"}]}<\/script>\n<!-- \/ Yoast SEO Premium plugin. -->","yoast_head_json":{"title":"James Gunn confirma Superman: Man of Tomorrow para 2027","description":"Superman: Man of Tomorrow llegar\u00e1 a los cines el 9 de julio de 2027 con esperanzas de un nuevo \u00e9xito en la taquilla internacional","robots":{"index":"index","follow":"follow","max-snippet":"max-snippet:-1","max-image-preview":"max-image-preview:large","max-video-preview":"max-video-preview:-1"},"canonical":"https:\/\/grupohoymexico.com\/hidalgo\/entretenimiento\/james-gunn-confirma-la-secuela-superman-man-of-tomorrow-para-2027\/","og_locale":"es_MX","og_type":"article","og_title":"James Gunn confirma la secuela Superman: Man of Tomorrow para 2027","og_description":"Superman: Man of Tomorrow llegar\u00e1 a los cines el 9 de julio de 2027 con esperanzas de un nuevo \u00e9xito en la taquilla internacional","og_url":"https:\/\/grupohoymexico.com\/hidalgo\/entretenimiento\/james-gunn-confirma-la-secuela-superman-man-of-tomorrow-para-2027\/","og_site_name":"Hidalgo Hoy","article_published_time":"2025-09-03T18:32:00+00:00","article_modified_time":"2025-09-03T18:32:02+00:00","og_image":[{"width":1201,"height":639,"url":"https:\/\/grupohoymexico.com\/hidalgo\/wp-content\/uploads\/sites\/5\/2025\/09\/Superman-Man-of-Tomorrow.webp","type":"image\/webp"}],"author":"eduardo","twitter_card":"summary_large_image","twitter_misc":{"Escrito por":"eduardo","Tiempo de lectura":"3 minutos"},"schema":{"@context":"https:\/\/schema.org","@graph":[{"@type":"Article","@id":"https:\/\/grupohoymexico.com\/hidalgo\/entretenimiento\/james-gunn-confirma-la-secuela-superman-man-of-tomorrow-para-2027\/#article","isPartOf":{"@id":"https:\/\/grupohoymexico.com\/hidalgo\/entretenimiento\/james-gunn-confirma-la-secuela-superman-man-of-tomorrow-para-2027\/"},"author":{"name":"eduardo","@id":"https:\/\/grupohoymexico.com\/hidalgo\/#\/schema\/person\/e95b7b8df1e5c291ede743c160292779"},"headline":"James Gunn confirma la secuela Superman: Man of Tomorrow para 2027","datePublished":"2025-09-03T18:32:00+00:00","dateModified":"2025-09-03T18:32:02+00:00","mainEntityOfPage":{"@id":"https:\/\/grupohoymexico.com\/hidalgo\/entretenimiento\/james-gunn-confirma-la-secuela-superman-man-of-tomorrow-para-2027\/"},"wordCount":415,"commentCount":0,"image":{"@id":"https:\/\/grupohoymexico.com\/hidalgo\/entretenimiento\/james-gunn-confirma-la-secuela-superman-man-of-tomorrow-para-2027\/#primaryimage"},"thumbnailUrl":"https:\/\/grupohoymexico.com\/hidalgo\/wp-content\/uploads\/sites\/5\/2025\/09\/Superman-Man-of-Tomorrow.webp","keywords":["Cine","DC","James Gunn","Nicholas Hoult","Superman 2","Superman Man of Tomorrow"],"articleSection":["Entretenimiento"],"inLanguage":"es","potentialAction":[{"@type":"CommentAction","name":"Comment","target":["https:\/\/grupohoymexico.com\/hidalgo\/entretenimiento\/james-gunn-confirma-la-secuela-superman-man-of-tomorrow-para-2027\/#respond"]}]},{"@type":"WebPage","@id":"https:\/\/grupohoymexico.com\/hidalgo\/entretenimiento\/james-gunn-confirma-la-secuela-superman-man-of-tomorrow-para-2027\/","url":"https:\/\/grupohoymexico.com\/hidalgo\/entretenimiento\/james-gunn-confirma-la-secuela-superman-man-of-tomorrow-para-2027\/","name":"James Gunn confirma Superman: Man of Tomorrow para 2027","isPartOf":{"@id":"https:\/\/grupohoymexico.com\/hidalgo\/#website"},"primaryImageOfPage":{"@id":"https:\/\/grupohoymexico.com\/hidalgo\/entretenimiento\/james-gunn-confirma-la-secuela-superman-man-of-tomorrow-para-2027\/#primaryimage"},"image":{"@id":"https:\/\/grupohoymexico.com\/hidalgo\/entretenimiento\/james-gunn-confirma-la-secuela-superman-man-of-tomorrow-para-2027\/#primaryimage"},"thumbnailUrl":"https:\/\/grupohoymexico.com\/hidalgo\/wp-content\/uploads\/sites\/5\/2025\/09\/Superman-Man-of-Tomorrow.webp","datePublished":"2025-09-03T18:32:00+00:00","dateModified":"2025-09-03T18:32:02+00:00","author":{"@id":"https:\/\/grupohoymexico.com\/hidalgo\/#\/schema\/person\/e95b7b8df1e5c291ede743c160292779"},"description":"Superman: Man of Tomorrow llegar\u00e1 a los cines el 9 de julio de 2027 con esperanzas de un nuevo \u00e9xito en la taquilla internacional","breadcrumb":{"@id":"https:\/\/grupohoymexico.com\/hidalgo\/entretenimiento\/james-gunn-confirma-la-secuela-superman-man-of-tomorrow-para-2027\/#breadcrumb"},"inLanguage":"es","potentialAction":[{"@type":"ReadAction","target":["https:\/\/grupohoymexico.com\/hidalgo\/entretenimiento\/james-gunn-confirma-la-secuela-superman-man-of-tomorrow-para-2027\/"]}]},{"@type":"ImageObject","inLanguage":"es","@id":"https:\/\/grupohoymexico.com\/hidalgo\/entretenimiento\/james-gunn-confirma-la-secuela-superman-man-of-tomorrow-para-2027\/#primaryimage","url":"https:\/\/grupohoymexico.com\/hidalgo\/wp-content\/uploads\/sites\/5\/2025\/09\/Superman-Man-of-Tomorrow.webp","contentUrl":"https:\/\/grupohoymexico.com\/hidalgo\/wp-content\/uploads\/sites\/5\/2025\/09\/Superman-Man-of-Tomorrow.webp","width":1201,"height":639,"caption":"La secuela de Superman de James Gunn tendr\u00e1 a Lex Luthor como antagonista Imagen: DC"},{"@type":"BreadcrumbList","@id":"https:\/\/grupohoymexico.com\/hidalgo\/entretenimiento\/james-gunn-confirma-la-secuela-superman-man-of-tomorrow-para-2027\/#breadcrumb","itemListElement":[{"@type":"ListItem","position":1,"name":"Inicio","item":"https:\/\/grupohoymexico.com\/hidalgo\/"},{"@type":"ListItem","position":2,"name":"James Gunn confirma la secuela Superman: Man of Tomorrow para 2027"}]},{"@type":"WebSite","@id":"https:\/\/grupohoymexico.com\/hidalgo\/#website","url":"https:\/\/grupohoymexico.com\/hidalgo\/","name":"Hidalgo Hoy","description":"El alma de la noticia","potentialAction":[{"@type":"SearchAction","target":{"@type":"EntryPoint","urlTemplate":"https:\/\/grupohoymexico.com\/hidalgo\/?s={search_term_string}"},"query-input":{"@type":"PropertyValueSpecification","valueRequired":true,"valueName":"search_term_string"}}],"inLanguage":"es"},{"@type":"Person","@id":"https:\/\/grupohoymexico.com\/hidalgo\/#\/schema\/person\/e95b7b8df1e5c291ede743c160292779","name":"eduardo","image":{"@type":"ImageObject","inLanguage":"es","@id":"https:\/\/secure.gravatar.com\/avatar\/ecdd30dcf3feeb5f57f13840c3daeb08334d3b69de7bb9e067a540c4925a9788?s=96&d=mm&r=g","url":"https:\/\/secure.gravatar.com\/avatar\/ecdd30dcf3feeb5f57f13840c3daeb08334d3b69de7bb9e067a540c4925a9788?s=96&d=mm&r=g","contentUrl":"https:\/\/secure.gravatar.com\/avatar\/ecdd30dcf3feeb5f57f13840c3daeb08334d3b69de7bb9e067a540c4925a9788?s=96&d=mm&r=g","caption":"eduardo"},"url":"https:\/\/grupohoymexico.com\/hidalgo\/author\/eduardo\/"}]}},"_links":{"self":[{"href":"https:\/\/grupohoymexico.com\/hidalgo\/wp-json\/wp\/v2\/posts\/7552","targetHints":{"allow":["GET"]}}],"collection":[{"href":"https:\/\/grupohoymexico.com\/hidalgo\/wp-json\/wp\/v2\/posts"}],"about":[{"href":"https:\/\/grupohoymexico.com\/hidalgo\/wp-json\/wp\/v2\/types\/post"}],"author":[{"embeddable":true,"href":"https:\/\/grupohoymexico.com\/hidalgo\/wp-json\/wp\/v2\/users\/30"}],"replies":[{"embeddable":true,"href":"https:\/\/grupohoymexico.com\/hidalgo\/wp-json\/wp\/v2\/comments?post=7552"}],"version-history":[{"count":1,"href":"https:\/\/grupohoymexico.com\/hidalgo\/wp-json\/wp\/v2\/posts\/7552\/revisions"}],"predecessor-version":[{"id":7558,"href":"https:\/\/grupohoymexico.com\/hidalgo\/wp-json\/wp\/v2\/posts\/7552\/revisions\/7558"}],"wp:featuredmedia":[{"embeddable":true,"href":"https:\/\/grupohoymexico.com\/hidalgo\/wp-json\/wp\/v2\/media\/7556"}],"wp:attachment":[{"href":"https:\/\/grupohoymexico.com\/hidalgo\/wp-json\/wp\/v2\/media?parent=7552"}],"wp:term":[{"taxonomy":"category","embeddable":true,"href":"https:\/\/grupohoymexico.com\/hidalgo\/wp-json\/wp\/v2\/categories?post=7552"},{"taxonomy":"post_tag","embeddable":true,"href":"https:\/\/grupohoymexico.com\/hidalgo\/wp-json\/wp\/v2\/tags?post=7552"}],"curies":[{"name":"wp","href":"https:\/\/api.w.org\/{rel}","templated":true}]}}