{"id":7376,"date":"2025-08-27T15:38:11","date_gmt":"2025-08-27T21:38:11","guid":{"rendered":"https:\/\/grupohoymexico.com\/hidalgo\/?p=7376"},"modified":"2025-08-27T15:39:13","modified_gmt":"2025-08-27T21:39:13","slug":"pobreza-laboral-en-hidalgo-disminuye-3-1-puntos-en-un-ano","status":"publish","type":"post","link":"https:\/\/grupohoymexico.com\/hidalgo\/estatal\/pobreza-laboral-en-hidalgo-disminuye-3-1-puntos-en-un-ano\/","title":{"rendered":"Pobreza laboral en Hidalgo disminuye 3.1 puntos en un a\u00f1o"},"content":{"rendered":"\n<p>La <strong>pobreza laboral en Hidalgo<\/strong> disminuy\u00f3 3.1 % en el \u00faltimo a\u00f1o, al pasar de 46.3 a 43.2 por ciento entre el segundo trimestre de 2024 y el mismo periodo de 2025. Este resultado de el <strong>Instituto Nacional de Estad\u00edstica y Geograf\u00eda (INEGI)<\/strong> refleja un avance en el poder adquisitivo de la poblaci\u00f3n ocupada.<\/p>\n\n\n\n<h2 class=\"wp-block-heading\" id=\"h-ingreso-laboral-en-hidalgo-muestra-crecimiento-sostenido\">Ingreso laboral en Hidalgo muestra crecimiento sostenido<\/h2>\n\n\n\n<p>Entre el segundo trimestre de 2024 y el mismo periodo de 2025, el ingreso laboral per c\u00e1pita aument\u00f3 8.8 por ciento. Esto representa 211 pesos m\u00e1s por persona. Dicho incremento se relaciona con la incorporaci\u00f3n de 9 mil personas al mercado laboral en <strong>Hidalgo<\/strong> durante el mismo periodo.<\/p>\n\n\n\n<p>El an\u00e1lisis del<strong> <a href=\"https:\/\/www.inegi.org.mx\/\" target=\"_blank\" rel=\"noreferrer noopener\">INEGI<\/a><\/strong> resalta una tendencia de crecimiento en los \u00faltimos nueve a\u00f1os, lo que significa una baja de la <strong>pobreza laboral en Hidalgo<\/strong>. El ingreso laboral real per c\u00e1pita pas\u00f3 de 2 mil 84 pesos en el primer trimestre de 2016 a 2 mil 607 pesos en el segundo trimestre de 2025. Esta evoluci\u00f3n confirma una mejora en la capacidad adquisitiva de los trabajadores.<\/p>\n\n\n\n<p><strong>LEE TAMBI\u00c9N: <a href=\"https:\/\/grupohoymexico.com\/hidalgo\/estatal\/nina-muere-atrapada-en-ventana-en-mineral-de-la-reforma\/\">Ni\u00f1a muere atrapada en ventana en Mineral de la Reforma<\/a><\/strong><\/p>\n\n\n\n<figure class=\"wp-block-image size-full\"><img fetchpriority=\"high\" decoding=\"async\" width=\"805\" height=\"563\" src=\"https:\/\/grupohoymexico.com\/hidalgo\/wp-content\/uploads\/sites\/5\/2025\/08\/image-73.png\" alt=\"pobreza laboral en Hidalgo\" class=\"wp-image-7377\" srcset=\"https:\/\/grupohoymexico.com\/hidalgo\/wp-content\/uploads\/sites\/5\/2025\/08\/image-73.png 805w, https:\/\/grupohoymexico.com\/hidalgo\/wp-content\/uploads\/sites\/5\/2025\/08\/image-73-300x210.png 300w, https:\/\/grupohoymexico.com\/hidalgo\/wp-content\/uploads\/sites\/5\/2025\/08\/image-73-768x537.png 768w, https:\/\/grupohoymexico.com\/hidalgo\/wp-content\/uploads\/sites\/5\/2025\/08\/image-73-332x232.png 332w, https:\/\/grupohoymexico.com\/hidalgo\/wp-content\/uploads\/sites\/5\/2025\/08\/image-73-664x464.png 664w, https:\/\/grupohoymexico.com\/hidalgo\/wp-content\/uploads\/sites\/5\/2025\/08\/image-73-688x481.png 688w\" sizes=\"(max-width: 805px) 100vw, 805px\" \/><figcaption class=\"wp-element-caption\">Imagen: FreePik <\/figcaption><\/figure>\n\n\n\n<h2 class=\"wp-block-heading\" id=\"h-que-significa-la-reduccion-de-la-pobreza-laboral\">Qu\u00e9 significa la reducci\u00f3n de la pobreza laboral<\/h2>\n\n\n\n<p>La <strong>pobreza laboral en Hidalgo<\/strong> mide el porcentaje de la poblaci\u00f3n cuyo ingreso laboral per c\u00e1pita resulta insuficiente para adquirir la canasta alimentaria. En Hidalgo, el descenso de este indicador se traduce en una mayor proporci\u00f3n de hogares con acceso a la seguridad alimentaria b\u00e1sica.<\/p>\n\n\n\n<p>El ingreso laboral real per c\u00e1pita se calcula a partir de la suma del ingreso mensual de las personas ocupadas de un hogar, dividido entre el n\u00famero de integrantes. Este indicador es clave para evaluar el bienestar econ\u00f3mico, pues refleja directamente la capacidad de cubrir necesidades esenciales.<\/p>\n\n\n\n<h2 class=\"wp-block-heading\" id=\"h-retos-pendientes-en-el-combate-a-la-pobreza-laboral-en-hidalgo\">Retos pendientes en el combate a la pobreza laboral en Hidalgo<\/h2>\n\n\n\n<p>Aunque los datos reflejan un avance, la <strong>pobreza laboral en Hidalgo<\/strong> a\u00fan afecta a m\u00e1s de cuatro de cada diez habitantes. Por ello, especialistas coinciden en la importancia de mantener pol\u00edticas p\u00fablicas enfocadas en la creaci\u00f3n de empleos formales, el fortalecimiento del salario real y la reducci\u00f3n de desigualdades entre regiones. <\/p>\n","protected":false},"excerpt":{"rendered":"La pobreza laboral en Hidalgo disminuy\u00f3 3.1 % en el \u00faltimo a\u00f1o, al pasar de 46.3 a 43.2&hellip;","protected":false},"author":30,"featured_media":7378,"comment_status":"open","ping_status":"open","sticky":false,"template":"","format":"standard","meta":{"csco_display_header_overlay":false,"csco_singular_sidebar":"","csco_page_header_type":"","csco_page_load_nextpost":"","csco_post_video_location":[],"csco_post_video_location_hash":"","csco_post_video_url":"","csco_post_video_bg_start_time":0,"csco_post_video_bg_end_time":0,"footnotes":""},"categories":[172],"tags":[190,270,2127,2287],"class_list":{"0":"post-7376","1":"post","2":"type-post","3":"status-publish","4":"format-standard","5":"has-post-thumbnail","7":"category-estatal","8":"tag-hidalgo","9":"tag-noticias","10":"tag-pobreza","11":"tag-pobreza-laboral-en-hidalgo","12":"cs-entry","13":"cs-video-wrap"},"yoast_head":"<!-- This site is optimized with the Yoast SEO Premium plugin v24.7 (Yoast SEO v27.4) - https:\/\/yoast.com\/product\/yoast-seo-premium-wordpress\/ -->\n<title>Pobreza laboral en Hidalgo disminuye 3.1 puntos en un a\u00f1o<\/title>\n<meta name=\"description\" content=\"La pobreza laboral en Hidalgo registr\u00f3 una baja de 3.1 % en el \u00faltimo a\u00f1o, al pasar de 46.3 a 43.2 por ciento entre 2024 y 2025\" \/>\n<meta name=\"robots\" content=\"index, follow, max-snippet:-1, max-image-preview:large, max-video-preview:-1\" \/>\n<link rel=\"canonical\" href=\"https:\/\/grupohoymexico.com\/hidalgo\/estatal\/pobreza-laboral-en-hidalgo-disminuye-3-1-puntos-en-un-ano\/\" \/>\n<meta property=\"og:locale\" content=\"es_MX\" \/>\n<meta property=\"og:type\" content=\"article\" \/>\n<meta property=\"og:title\" content=\"Pobreza laboral en Hidalgo disminuye 3.1 puntos en un a\u00f1o\" \/>\n<meta property=\"og:description\" content=\"La pobreza laboral en Hidalgo registr\u00f3 una baja de 3.1 % en el \u00faltimo a\u00f1o, al pasar de 46.3 a 43.2 por ciento entre 2024 y 2025\" \/>\n<meta property=\"og:url\" content=\"https:\/\/grupohoymexico.com\/hidalgo\/estatal\/pobreza-laboral-en-hidalgo-disminuye-3-1-puntos-en-un-ano\/\" \/>\n<meta property=\"og:site_name\" content=\"Hidalgo Hoy\" \/>\n<meta property=\"article:published_time\" content=\"2025-08-27T21:38:11+00:00\" \/>\n<meta property=\"article:modified_time\" content=\"2025-08-27T21:39:13+00:00\" \/>\n<meta property=\"og:image\" content=\"https:\/\/grupohoymexico.com\/hidalgo\/wp-content\/uploads\/sites\/5\/2025\/08\/Hidalgo-disminuye-su-pobreza-laboral-3.1.webp\" \/>\n\t<meta property=\"og:image:width\" content=\"1201\" \/>\n\t<meta property=\"og:image:height\" content=\"639\" \/>\n\t<meta property=\"og:image:type\" content=\"image\/webp\" \/>\n<meta name=\"author\" content=\"eduardo\" \/>\n<meta name=\"twitter:card\" content=\"summary_large_image\" \/>\n<meta name=\"twitter:label1\" content=\"Escrito por\" \/>\n\t<meta name=\"twitter:data1\" content=\"eduardo\" \/>\n\t<meta name=\"twitter:label2\" content=\"Tiempo de lectura\" \/>\n\t<meta name=\"twitter:data2\" content=\"3 minutos\" \/>\n<script type=\"application\/ld+json\" class=\"yoast-schema-graph\">{\"@context\":\"https:\\\/\\\/schema.org\",\"@graph\":[{\"@type\":\"Article\",\"@id\":\"https:\\\/\\\/grupohoymexico.com\\\/hidalgo\\\/estatal\\\/pobreza-laboral-en-hidalgo-disminuye-3-1-puntos-en-un-ano\\\/#article\",\"isPartOf\":{\"@id\":\"https:\\\/\\\/grupohoymexico.com\\\/hidalgo\\\/estatal\\\/pobreza-laboral-en-hidalgo-disminuye-3-1-puntos-en-un-ano\\\/\"},\"author\":{\"name\":\"eduardo\",\"@id\":\"https:\\\/\\\/grupohoymexico.com\\\/hidalgo\\\/#\\\/schema\\\/person\\\/e95b7b8df1e5c291ede743c160292779\"},\"headline\":\"Pobreza laboral en Hidalgo disminuye 3.1 puntos en un a\u00f1o\",\"datePublished\":\"2025-08-27T21:38:11+00:00\",\"dateModified\":\"2025-08-27T21:39:13+00:00\",\"mainEntityOfPage\":{\"@id\":\"https:\\\/\\\/grupohoymexico.com\\\/hidalgo\\\/estatal\\\/pobreza-laboral-en-hidalgo-disminuye-3-1-puntos-en-un-ano\\\/\"},\"wordCount\":371,\"commentCount\":0,\"image\":{\"@id\":\"https:\\\/\\\/grupohoymexico.com\\\/hidalgo\\\/estatal\\\/pobreza-laboral-en-hidalgo-disminuye-3-1-puntos-en-un-ano\\\/#primaryimage\"},\"thumbnailUrl\":\"https:\\\/\\\/grupohoymexico.com\\\/hidalgo\\\/wp-content\\\/uploads\\\/sites\\\/5\\\/2025\\\/08\\\/Hidalgo-disminuye-su-pobreza-laboral-3.1.webp\",\"keywords\":[\"Hidalgo\",\"noticias\",\"pobreza\",\"Pobreza laboral en Hidalgo\"],\"articleSection\":[\"Estatal\"],\"inLanguage\":\"es\",\"potentialAction\":[{\"@type\":\"CommentAction\",\"name\":\"Comment\",\"target\":[\"https:\\\/\\\/grupohoymexico.com\\\/hidalgo\\\/estatal\\\/pobreza-laboral-en-hidalgo-disminuye-3-1-puntos-en-un-ano\\\/#respond\"]}]},{\"@type\":\"WebPage\",\"@id\":\"https:\\\/\\\/grupohoymexico.com\\\/hidalgo\\\/estatal\\\/pobreza-laboral-en-hidalgo-disminuye-3-1-puntos-en-un-ano\\\/\",\"url\":\"https:\\\/\\\/grupohoymexico.com\\\/hidalgo\\\/estatal\\\/pobreza-laboral-en-hidalgo-disminuye-3-1-puntos-en-un-ano\\\/\",\"name\":\"Pobreza laboral en Hidalgo disminuye 3.1 puntos en un a\u00f1o\",\"isPartOf\":{\"@id\":\"https:\\\/\\\/grupohoymexico.com\\\/hidalgo\\\/#website\"},\"primaryImageOfPage\":{\"@id\":\"https:\\\/\\\/grupohoymexico.com\\\/hidalgo\\\/estatal\\\/pobreza-laboral-en-hidalgo-disminuye-3-1-puntos-en-un-ano\\\/#primaryimage\"},\"image\":{\"@id\":\"https:\\\/\\\/grupohoymexico.com\\\/hidalgo\\\/estatal\\\/pobreza-laboral-en-hidalgo-disminuye-3-1-puntos-en-un-ano\\\/#primaryimage\"},\"thumbnailUrl\":\"https:\\\/\\\/grupohoymexico.com\\\/hidalgo\\\/wp-content\\\/uploads\\\/sites\\\/5\\\/2025\\\/08\\\/Hidalgo-disminuye-su-pobreza-laboral-3.1.webp\",\"datePublished\":\"2025-08-27T21:38:11+00:00\",\"dateModified\":\"2025-08-27T21:39:13+00:00\",\"author\":{\"@id\":\"https:\\\/\\\/grupohoymexico.com\\\/hidalgo\\\/#\\\/schema\\\/person\\\/e95b7b8df1e5c291ede743c160292779\"},\"description\":\"La pobreza laboral en Hidalgo registr\u00f3 una baja de 3.1 % en el \u00faltimo a\u00f1o, al pasar de 46.3 a 43.2 por ciento entre 2024 y 2025\",\"breadcrumb\":{\"@id\":\"https:\\\/\\\/grupohoymexico.com\\\/hidalgo\\\/estatal\\\/pobreza-laboral-en-hidalgo-disminuye-3-1-puntos-en-un-ano\\\/#breadcrumb\"},\"inLanguage\":\"es\",\"potentialAction\":[{\"@type\":\"ReadAction\",\"target\":[\"https:\\\/\\\/grupohoymexico.com\\\/hidalgo\\\/estatal\\\/pobreza-laboral-en-hidalgo-disminuye-3-1-puntos-en-un-ano\\\/\"]}]},{\"@type\":\"ImageObject\",\"inLanguage\":\"es\",\"@id\":\"https:\\\/\\\/grupohoymexico.com\\\/hidalgo\\\/estatal\\\/pobreza-laboral-en-hidalgo-disminuye-3-1-puntos-en-un-ano\\\/#primaryimage\",\"url\":\"https:\\\/\\\/grupohoymexico.com\\\/hidalgo\\\/wp-content\\\/uploads\\\/sites\\\/5\\\/2025\\\/08\\\/Hidalgo-disminuye-su-pobreza-laboral-3.1.webp\",\"contentUrl\":\"https:\\\/\\\/grupohoymexico.com\\\/hidalgo\\\/wp-content\\\/uploads\\\/sites\\\/5\\\/2025\\\/08\\\/Hidalgo-disminuye-su-pobreza-laboral-3.1.webp\",\"width\":1201,\"height\":639,\"caption\":\"La pobreza laboral en Hidalgo tuvo una importante disminuci\u00f3n Imagen: FreePik\"},{\"@type\":\"BreadcrumbList\",\"@id\":\"https:\\\/\\\/grupohoymexico.com\\\/hidalgo\\\/estatal\\\/pobreza-laboral-en-hidalgo-disminuye-3-1-puntos-en-un-ano\\\/#breadcrumb\",\"itemListElement\":[{\"@type\":\"ListItem\",\"position\":1,\"name\":\"Inicio\",\"item\":\"https:\\\/\\\/grupohoymexico.com\\\/hidalgo\\\/\"},{\"@type\":\"ListItem\",\"position\":2,\"name\":\"Pobreza laboral en Hidalgo disminuye 3.1 puntos en un a\u00f1o\"}]},{\"@type\":\"WebSite\",\"@id\":\"https:\\\/\\\/grupohoymexico.com\\\/hidalgo\\\/#website\",\"url\":\"https:\\\/\\\/grupohoymexico.com\\\/hidalgo\\\/\",\"name\":\"Hidalgo Hoy\",\"description\":\"El alma de la noticia\",\"potentialAction\":[{\"@type\":\"SearchAction\",\"target\":{\"@type\":\"EntryPoint\",\"urlTemplate\":\"https:\\\/\\\/grupohoymexico.com\\\/hidalgo\\\/?s={search_term_string}\"},\"query-input\":{\"@type\":\"PropertyValueSpecification\",\"valueRequired\":true,\"valueName\":\"search_term_string\"}}],\"inLanguage\":\"es\"},{\"@type\":\"Person\",\"@id\":\"https:\\\/\\\/grupohoymexico.com\\\/hidalgo\\\/#\\\/schema\\\/person\\\/e95b7b8df1e5c291ede743c160292779\",\"name\":\"eduardo\",\"image\":{\"@type\":\"ImageObject\",\"inLanguage\":\"es\",\"@id\":\"https:\\\/\\\/secure.gravatar.com\\\/avatar\\\/ecdd30dcf3feeb5f57f13840c3daeb08334d3b69de7bb9e067a540c4925a9788?s=96&d=mm&r=g\",\"url\":\"https:\\\/\\\/secure.gravatar.com\\\/avatar\\\/ecdd30dcf3feeb5f57f13840c3daeb08334d3b69de7bb9e067a540c4925a9788?s=96&d=mm&r=g\",\"contentUrl\":\"https:\\\/\\\/secure.gravatar.com\\\/avatar\\\/ecdd30dcf3feeb5f57f13840c3daeb08334d3b69de7bb9e067a540c4925a9788?s=96&d=mm&r=g\",\"caption\":\"eduardo\"},\"url\":\"https:\\\/\\\/grupohoymexico.com\\\/hidalgo\\\/author\\\/eduardo\\\/\"}]}<\/script>\n<!-- \/ Yoast SEO Premium plugin. -->","yoast_head_json":{"title":"Pobreza laboral en Hidalgo disminuye 3.1 puntos en un a\u00f1o","description":"La pobreza laboral en Hidalgo registr\u00f3 una baja de 3.1 % en el \u00faltimo a\u00f1o, al pasar de 46.3 a 43.2 por ciento entre 2024 y 2025","robots":{"index":"index","follow":"follow","max-snippet":"max-snippet:-1","max-image-preview":"max-image-preview:large","max-video-preview":"max-video-preview:-1"},"canonical":"https:\/\/grupohoymexico.com\/hidalgo\/estatal\/pobreza-laboral-en-hidalgo-disminuye-3-1-puntos-en-un-ano\/","og_locale":"es_MX","og_type":"article","og_title":"Pobreza laboral en Hidalgo disminuye 3.1 puntos en un a\u00f1o","og_description":"La pobreza laboral en Hidalgo registr\u00f3 una baja de 3.1 % en el \u00faltimo a\u00f1o, al pasar de 46.3 a 43.2 por ciento entre 2024 y 2025","og_url":"https:\/\/grupohoymexico.com\/hidalgo\/estatal\/pobreza-laboral-en-hidalgo-disminuye-3-1-puntos-en-un-ano\/","og_site_name":"Hidalgo Hoy","article_published_time":"2025-08-27T21:38:11+00:00","article_modified_time":"2025-08-27T21:39:13+00:00","og_image":[{"width":1201,"height":639,"url":"https:\/\/grupohoymexico.com\/hidalgo\/wp-content\/uploads\/sites\/5\/2025\/08\/Hidalgo-disminuye-su-pobreza-laboral-3.1.webp","type":"image\/webp"}],"author":"eduardo","twitter_card":"summary_large_image","twitter_misc":{"Escrito por":"eduardo","Tiempo de lectura":"3 minutos"},"schema":{"@context":"https:\/\/schema.org","@graph":[{"@type":"Article","@id":"https:\/\/grupohoymexico.com\/hidalgo\/estatal\/pobreza-laboral-en-hidalgo-disminuye-3-1-puntos-en-un-ano\/#article","isPartOf":{"@id":"https:\/\/grupohoymexico.com\/hidalgo\/estatal\/pobreza-laboral-en-hidalgo-disminuye-3-1-puntos-en-un-ano\/"},"author":{"name":"eduardo","@id":"https:\/\/grupohoymexico.com\/hidalgo\/#\/schema\/person\/e95b7b8df1e5c291ede743c160292779"},"headline":"Pobreza laboral en Hidalgo disminuye 3.1 puntos en un a\u00f1o","datePublished":"2025-08-27T21:38:11+00:00","dateModified":"2025-08-27T21:39:13+00:00","mainEntityOfPage":{"@id":"https:\/\/grupohoymexico.com\/hidalgo\/estatal\/pobreza-laboral-en-hidalgo-disminuye-3-1-puntos-en-un-ano\/"},"wordCount":371,"commentCount":0,"image":{"@id":"https:\/\/grupohoymexico.com\/hidalgo\/estatal\/pobreza-laboral-en-hidalgo-disminuye-3-1-puntos-en-un-ano\/#primaryimage"},"thumbnailUrl":"https:\/\/grupohoymexico.com\/hidalgo\/wp-content\/uploads\/sites\/5\/2025\/08\/Hidalgo-disminuye-su-pobreza-laboral-3.1.webp","keywords":["Hidalgo","noticias","pobreza","Pobreza laboral en Hidalgo"],"articleSection":["Estatal"],"inLanguage":"es","potentialAction":[{"@type":"CommentAction","name":"Comment","target":["https:\/\/grupohoymexico.com\/hidalgo\/estatal\/pobreza-laboral-en-hidalgo-disminuye-3-1-puntos-en-un-ano\/#respond"]}]},{"@type":"WebPage","@id":"https:\/\/grupohoymexico.com\/hidalgo\/estatal\/pobreza-laboral-en-hidalgo-disminuye-3-1-puntos-en-un-ano\/","url":"https:\/\/grupohoymexico.com\/hidalgo\/estatal\/pobreza-laboral-en-hidalgo-disminuye-3-1-puntos-en-un-ano\/","name":"Pobreza laboral en Hidalgo disminuye 3.1 puntos en un a\u00f1o","isPartOf":{"@id":"https:\/\/grupohoymexico.com\/hidalgo\/#website"},"primaryImageOfPage":{"@id":"https:\/\/grupohoymexico.com\/hidalgo\/estatal\/pobreza-laboral-en-hidalgo-disminuye-3-1-puntos-en-un-ano\/#primaryimage"},"image":{"@id":"https:\/\/grupohoymexico.com\/hidalgo\/estatal\/pobreza-laboral-en-hidalgo-disminuye-3-1-puntos-en-un-ano\/#primaryimage"},"thumbnailUrl":"https:\/\/grupohoymexico.com\/hidalgo\/wp-content\/uploads\/sites\/5\/2025\/08\/Hidalgo-disminuye-su-pobreza-laboral-3.1.webp","datePublished":"2025-08-27T21:38:11+00:00","dateModified":"2025-08-27T21:39:13+00:00","author":{"@id":"https:\/\/grupohoymexico.com\/hidalgo\/#\/schema\/person\/e95b7b8df1e5c291ede743c160292779"},"description":"La pobreza laboral en Hidalgo registr\u00f3 una baja de 3.1 % en el \u00faltimo a\u00f1o, al pasar de 46.3 a 43.2 por ciento entre 2024 y 2025","breadcrumb":{"@id":"https:\/\/grupohoymexico.com\/hidalgo\/estatal\/pobreza-laboral-en-hidalgo-disminuye-3-1-puntos-en-un-ano\/#breadcrumb"},"inLanguage":"es","potentialAction":[{"@type":"ReadAction","target":["https:\/\/grupohoymexico.com\/hidalgo\/estatal\/pobreza-laboral-en-hidalgo-disminuye-3-1-puntos-en-un-ano\/"]}]},{"@type":"ImageObject","inLanguage":"es","@id":"https:\/\/grupohoymexico.com\/hidalgo\/estatal\/pobreza-laboral-en-hidalgo-disminuye-3-1-puntos-en-un-ano\/#primaryimage","url":"https:\/\/grupohoymexico.com\/hidalgo\/wp-content\/uploads\/sites\/5\/2025\/08\/Hidalgo-disminuye-su-pobreza-laboral-3.1.webp","contentUrl":"https:\/\/grupohoymexico.com\/hidalgo\/wp-content\/uploads\/sites\/5\/2025\/08\/Hidalgo-disminuye-su-pobreza-laboral-3.1.webp","width":1201,"height":639,"caption":"La pobreza laboral en Hidalgo tuvo una importante disminuci\u00f3n Imagen: FreePik"},{"@type":"BreadcrumbList","@id":"https:\/\/grupohoymexico.com\/hidalgo\/estatal\/pobreza-laboral-en-hidalgo-disminuye-3-1-puntos-en-un-ano\/#breadcrumb","itemListElement":[{"@type":"ListItem","position":1,"name":"Inicio","item":"https:\/\/grupohoymexico.com\/hidalgo\/"},{"@type":"ListItem","position":2,"name":"Pobreza laboral en Hidalgo disminuye 3.1 puntos en un a\u00f1o"}]},{"@type":"WebSite","@id":"https:\/\/grupohoymexico.com\/hidalgo\/#website","url":"https:\/\/grupohoymexico.com\/hidalgo\/","name":"Hidalgo Hoy","description":"El alma de la noticia","potentialAction":[{"@type":"SearchAction","target":{"@type":"EntryPoint","urlTemplate":"https:\/\/grupohoymexico.com\/hidalgo\/?s={search_term_string}"},"query-input":{"@type":"PropertyValueSpecification","valueRequired":true,"valueName":"search_term_string"}}],"inLanguage":"es"},{"@type":"Person","@id":"https:\/\/grupohoymexico.com\/hidalgo\/#\/schema\/person\/e95b7b8df1e5c291ede743c160292779","name":"eduardo","image":{"@type":"ImageObject","inLanguage":"es","@id":"https:\/\/secure.gravatar.com\/avatar\/ecdd30dcf3feeb5f57f13840c3daeb08334d3b69de7bb9e067a540c4925a9788?s=96&d=mm&r=g","url":"https:\/\/secure.gravatar.com\/avatar\/ecdd30dcf3feeb5f57f13840c3daeb08334d3b69de7bb9e067a540c4925a9788?s=96&d=mm&r=g","contentUrl":"https:\/\/secure.gravatar.com\/avatar\/ecdd30dcf3feeb5f57f13840c3daeb08334d3b69de7bb9e067a540c4925a9788?s=96&d=mm&r=g","caption":"eduardo"},"url":"https:\/\/grupohoymexico.com\/hidalgo\/author\/eduardo\/"}]}},"_links":{"self":[{"href":"https:\/\/grupohoymexico.com\/hidalgo\/wp-json\/wp\/v2\/posts\/7376","targetHints":{"allow":["GET"]}}],"collection":[{"href":"https:\/\/grupohoymexico.com\/hidalgo\/wp-json\/wp\/v2\/posts"}],"about":[{"href":"https:\/\/grupohoymexico.com\/hidalgo\/wp-json\/wp\/v2\/types\/post"}],"author":[{"embeddable":true,"href":"https:\/\/grupohoymexico.com\/hidalgo\/wp-json\/wp\/v2\/users\/30"}],"replies":[{"embeddable":true,"href":"https:\/\/grupohoymexico.com\/hidalgo\/wp-json\/wp\/v2\/comments?post=7376"}],"version-history":[{"count":1,"href":"https:\/\/grupohoymexico.com\/hidalgo\/wp-json\/wp\/v2\/posts\/7376\/revisions"}],"predecessor-version":[{"id":7379,"href":"https:\/\/grupohoymexico.com\/hidalgo\/wp-json\/wp\/v2\/posts\/7376\/revisions\/7379"}],"wp:featuredmedia":[{"embeddable":true,"href":"https:\/\/grupohoymexico.com\/hidalgo\/wp-json\/wp\/v2\/media\/7378"}],"wp:attachment":[{"href":"https:\/\/grupohoymexico.com\/hidalgo\/wp-json\/wp\/v2\/media?parent=7376"}],"wp:term":[{"taxonomy":"category","embeddable":true,"href":"https:\/\/grupohoymexico.com\/hidalgo\/wp-json\/wp\/v2\/categories?post=7376"},{"taxonomy":"post_tag","embeddable":true,"href":"https:\/\/grupohoymexico.com\/hidalgo\/wp-json\/wp\/v2\/tags?post=7376"}],"curies":[{"name":"wp","href":"https:\/\/api.w.org\/{rel}","templated":true}]}}