{"id":7359,"date":"2025-08-27T09:23:47","date_gmt":"2025-08-27T15:23:47","guid":{"rendered":"https:\/\/grupohoymexico.com\/hidalgo\/?p=7359"},"modified":"2025-08-27T09:28:49","modified_gmt":"2025-08-27T15:28:49","slug":"abren-inscripciones-para-la-primera-escuela-de-ajedrez-inclusivo-en-hidalgo","status":"publish","type":"post","link":"https:\/\/grupohoymexico.com\/hidalgo\/estatal\/abren-inscripciones-para-la-primera-escuela-de-ajedrez-inclusivo-en-hidalgo\/","title":{"rendered":"Abren inscripciones para la primera Escuela de Ajedrez Inclusivo en Hidalgo"},"content":{"rendered":"\n<p>Este martes 26 de agosto se abrieron las inscripciones para la <strong>primera Escuela de Ajedrez Inclusivo en Hidalgo<\/strong>, ubicada en Pachuca. El proyecto busca fomentar la inclusi\u00f3n social a trav\u00e9s del ajedrez y ofrecer un espacio de aprendizaje, convivencia y desarrollo de habilidades cognitivas.<\/p>\n\n\n\n<h2 class=\"wp-block-heading\" id=\"h-escuela-de-ajedrez-inclusivo-en-hidalgo-apoyado-por-sebiso-y-la-asociacion-de-ajedrecistas-de-hidalgo\">Escuela de Ajedrez Inclusivo en Hidalgo apoyado por SEBISO y la Asociaci\u00f3n de Ajedrecistas de Hidalgo<\/h2>\n\n\n\n<p>La <strong>Escuela de Ajedrez Inclusivo en Hidalgo<\/strong> fue inaugurada el 20 de agosto como resultado del esfuerzo conjunto de la <strong><a href=\"https:\/\/sebiso.hidalgo.gob.mx\/\" target=\"_blank\" rel=\"noreferrer noopener\">Secretar\u00eda de Bienestar e Inclusi\u00f3n Social (SEBISO)<\/a><\/strong>. Esto, a trav\u00e9s de la Direcci\u00f3n General de Inclusi\u00f3n para las Personas con Discapacidad, y de la <strong>Asociaci\u00f3n de Ajedrecistas del Estado de Hidalgo (AAEH).<\/strong><\/p>\n\n\n\n<p>Durante la presentaci\u00f3n, <strong>Alfonso Flores Barrera<\/strong>, titular de la <strong>Direcci\u00f3n General de Inclusi\u00f3n para Personas con Discapacidad<\/strong>, destac\u00f3 el valor del ajedrez como herramienta de integraci\u00f3n entre la comunidad. <\/p>\n\n\n\n<p><\/p>\n\n\n\n<p><strong>LEE TAMBI\u00c9N: <a href=\"https:\/\/grupohoymexico.com\/hidalgo\/espectaculos\/maria-antonieta-de-las-nieves-la-chilindrina-fue-hospitalizada-de-emergencia-por-presunta-crisis-de-ansiedad\/\" target=\"_blank\" rel=\"noreferrer noopener\">Mar\u00eda Antonieta de las Nieves, \u201cLa Chilindrina\u201d, fue hospitalizada de emergencia por presunta crisis de ansiedad <\/a><\/strong><\/p>\n\n\n\n<blockquote class=\"wp-block-quote is-layout-flow wp-block-quote-is-layout-flow\">\n<p>\u201cUno de los veh\u00edculos m\u00e1s favorables para la inclusi\u00f3n es aquel que nos deja convivir desde otras caracter\u00edsticas que, por momentos, dejan a un lado la discapacidad y permiten conocernos\u201d, afirm\u00f3.<\/p>\n<\/blockquote>\n\n\n\n<h2 class=\"wp-block-heading\" id=\"h-actividades-con-respaldo-institucional-y-federado\">Actividades con respaldo institucional y federado<\/h2>\n\n\n\n<p>Las actividades de la <strong>Escuela de Ajedrez Inclusivo en Hidalgo<\/strong> se llevar\u00e1n a cabo en las instalaciones del <strong>Consejo Coordinador Empresarial (CCE) de Hidalgo<\/strong>. Se cuenta con el respaldo del <strong>deporte federado<\/strong>, lo que permitir\u00e1 dar un seguimiento competitivo y profesional a los participantes.<\/p>\n\n\n\n<p>La primera generaci\u00f3n est\u00e1 conformada por <strong>25 estudiantes con distintas discapacidades<\/strong>, provenientes de los siguientes municipios: <\/p>\n\n\n\n<ul class=\"wp-block-list\">\n<li>Mineral de la Reforma<\/li>\n\n\n\n<li>Pachuca<\/li>\n\n\n\n<li>Tolcayuca<\/li>\n\n\n\n<li>Zapotl\u00e1n de Ju\u00e1rez<\/li>\n\n\n\n<li>Zempoala. <\/li>\n<\/ul>\n\n\n\n<p>Con ello, se busca sentar un precedente de inclusi\u00f3n deportiva y educativa en la entidad.<\/p>\n\n\n\n<h2 class=\"wp-block-heading\" id=\"h-hidalgo-busca-ser-referente-nacional-en-inclusion-educativa-y-deportiva\">Hidalgo busca ser referente nacional en inclusi\u00f3n educativa y deportiva<\/h2>\n\n\n\n<p>El objetivo de la <strong>Escuela de Ajedrez Inclusivo en Hidalgo<\/strong> es consolidarse como un referente nacional. Buscan ofrecer un espacio que impulse la educaci\u00f3n y el deporte en igualdad de condiciones.<\/p>\n\n\n\n<p>Con la apertura de inscripciones, el gobierno estatal apuesta por ampliar el alcance de la escuela y sumar a m\u00e1s generaciones, consolidando a <strong><a href=\"https:\/\/www.hidalgo.gob.mx\/\" target=\"_blank\" rel=\"noreferrer noopener\">Hidalgo<\/a><\/strong> como pionero en iniciativas que promueven inclusi\u00f3n, deporte y desarrollo cognitivo. <\/p>\n\n\n\n<p><\/p>\n\n\n\n<p><strong><a href=\"https:\/\/whatsapp.com\/channel\/0029Vaylt1XG3R3gm4Nsgp2m\">\u00danete a nuestro canal de WhatsApp<\/a><\/strong><\/p>\n","protected":false},"excerpt":{"rendered":"Este martes 26 de agosto se abrieron las inscripciones para la primera Escuela de Ajedrez Inclusivo en Hidalgo,&hellip;","protected":false},"author":30,"featured_media":7363,"comment_status":"open","ping_status":"open","sticky":false,"template":"","format":"standard","meta":{"csco_display_header_overlay":false,"csco_singular_sidebar":"","csco_page_header_type":"","csco_page_load_nextpost":"","csco_post_video_location":[],"csco_post_video_location_hash":"","csco_post_video_url":"","csco_post_video_bg_start_time":0,"csco_post_video_bg_end_time":0,"footnotes":""},"categories":[172],"tags":[2278,2279,2280,190,1857,270],"class_list":{"0":"post-7359","1":"post","2":"type-post","3":"status-publish","4":"format-standard","5":"has-post-thumbnail","7":"category-estatal","8":"tag-ajedrez","9":"tag-ajedrez-inclusivo","10":"tag-escuela-ajedrez-hidalgo","11":"tag-hidalgo","12":"tag-inclusion","13":"tag-noticias","14":"cs-entry","15":"cs-video-wrap"},"yoast_head":"<!-- This site is optimized with the Yoast SEO Premium plugin v24.7 (Yoast SEO v27.4) - https:\/\/yoast.com\/product\/yoast-seo-premium-wordpress\/ -->\n<title>Abren inscripciones para la primera Escuela de Ajedrez Inclusivo en Hidalgo<\/title>\n<meta name=\"description\" content=\"Este martes se abrieron las inscripciones para la primera Escuela de Ajedrez Inclusivo en Hidalgo, ubicada en la capital\" \/>\n<meta name=\"robots\" content=\"index, follow, max-snippet:-1, max-image-preview:large, max-video-preview:-1\" \/>\n<link rel=\"canonical\" href=\"https:\/\/grupohoymexico.com\/hidalgo\/estatal\/abren-inscripciones-para-la-primera-escuela-de-ajedrez-inclusivo-en-hidalgo\/\" \/>\n<meta property=\"og:locale\" content=\"es_MX\" \/>\n<meta property=\"og:type\" content=\"article\" \/>\n<meta property=\"og:title\" content=\"Abren inscripciones para la primera Escuela de Ajedrez Inclusivo en Hidalgo\" \/>\n<meta property=\"og:description\" content=\"Este martes se abrieron las inscripciones para la primera Escuela de Ajedrez Inclusivo en Hidalgo, ubicada en la capital\" \/>\n<meta property=\"og:url\" content=\"https:\/\/grupohoymexico.com\/hidalgo\/estatal\/abren-inscripciones-para-la-primera-escuela-de-ajedrez-inclusivo-en-hidalgo\/\" \/>\n<meta property=\"og:site_name\" content=\"Hidalgo Hoy\" \/>\n<meta property=\"article:published_time\" content=\"2025-08-27T15:23:47+00:00\" \/>\n<meta property=\"article:modified_time\" content=\"2025-08-27T15:28:49+00:00\" \/>\n<meta property=\"og:image\" content=\"https:\/\/grupohoymexico.com\/hidalgo\/wp-content\/uploads\/sites\/5\/2025\/08\/ajedrez-hidalgo.webp\" \/>\n\t<meta property=\"og:image:width\" content=\"1201\" \/>\n\t<meta property=\"og:image:height\" content=\"639\" \/>\n\t<meta property=\"og:image:type\" content=\"image\/webp\" \/>\n<meta name=\"author\" content=\"eduardo\" \/>\n<meta name=\"twitter:card\" content=\"summary_large_image\" \/>\n<meta name=\"twitter:label1\" content=\"Escrito por\" \/>\n\t<meta name=\"twitter:data1\" content=\"eduardo\" \/>\n\t<meta name=\"twitter:label2\" content=\"Tiempo de lectura\" \/>\n\t<meta name=\"twitter:data2\" content=\"2 minutos\" \/>\n<script type=\"application\/ld+json\" class=\"yoast-schema-graph\">{\"@context\":\"https:\\\/\\\/schema.org\",\"@graph\":[{\"@type\":\"Article\",\"@id\":\"https:\\\/\\\/grupohoymexico.com\\\/hidalgo\\\/estatal\\\/abren-inscripciones-para-la-primera-escuela-de-ajedrez-inclusivo-en-hidalgo\\\/#article\",\"isPartOf\":{\"@id\":\"https:\\\/\\\/grupohoymexico.com\\\/hidalgo\\\/estatal\\\/abren-inscripciones-para-la-primera-escuela-de-ajedrez-inclusivo-en-hidalgo\\\/\"},\"author\":{\"name\":\"eduardo\",\"@id\":\"https:\\\/\\\/grupohoymexico.com\\\/hidalgo\\\/#\\\/schema\\\/person\\\/e95b7b8df1e5c291ede743c160292779\"},\"headline\":\"Abren inscripciones para la primera Escuela de Ajedrez Inclusivo en Hidalgo\",\"datePublished\":\"2025-08-27T15:23:47+00:00\",\"dateModified\":\"2025-08-27T15:28:49+00:00\",\"mainEntityOfPage\":{\"@id\":\"https:\\\/\\\/grupohoymexico.com\\\/hidalgo\\\/estatal\\\/abren-inscripciones-para-la-primera-escuela-de-ajedrez-inclusivo-en-hidalgo\\\/\"},\"wordCount\":399,\"commentCount\":0,\"image\":{\"@id\":\"https:\\\/\\\/grupohoymexico.com\\\/hidalgo\\\/estatal\\\/abren-inscripciones-para-la-primera-escuela-de-ajedrez-inclusivo-en-hidalgo\\\/#primaryimage\"},\"thumbnailUrl\":\"https:\\\/\\\/grupohoymexico.com\\\/hidalgo\\\/wp-content\\\/uploads\\\/sites\\\/5\\\/2025\\\/08\\\/ajedrez-hidalgo.webp\",\"keywords\":[\"Ajedrez\",\"ajedrez inclusivo\",\"escuela ajedrez hidalgo\",\"Hidalgo\",\"inclusi\u00f3n\",\"noticias\"],\"articleSection\":[\"Estatal\"],\"inLanguage\":\"es\",\"potentialAction\":[{\"@type\":\"CommentAction\",\"name\":\"Comment\",\"target\":[\"https:\\\/\\\/grupohoymexico.com\\\/hidalgo\\\/estatal\\\/abren-inscripciones-para-la-primera-escuela-de-ajedrez-inclusivo-en-hidalgo\\\/#respond\"]}]},{\"@type\":\"WebPage\",\"@id\":\"https:\\\/\\\/grupohoymexico.com\\\/hidalgo\\\/estatal\\\/abren-inscripciones-para-la-primera-escuela-de-ajedrez-inclusivo-en-hidalgo\\\/\",\"url\":\"https:\\\/\\\/grupohoymexico.com\\\/hidalgo\\\/estatal\\\/abren-inscripciones-para-la-primera-escuela-de-ajedrez-inclusivo-en-hidalgo\\\/\",\"name\":\"Abren inscripciones para la primera Escuela de Ajedrez Inclusivo en Hidalgo\",\"isPartOf\":{\"@id\":\"https:\\\/\\\/grupohoymexico.com\\\/hidalgo\\\/#website\"},\"primaryImageOfPage\":{\"@id\":\"https:\\\/\\\/grupohoymexico.com\\\/hidalgo\\\/estatal\\\/abren-inscripciones-para-la-primera-escuela-de-ajedrez-inclusivo-en-hidalgo\\\/#primaryimage\"},\"image\":{\"@id\":\"https:\\\/\\\/grupohoymexico.com\\\/hidalgo\\\/estatal\\\/abren-inscripciones-para-la-primera-escuela-de-ajedrez-inclusivo-en-hidalgo\\\/#primaryimage\"},\"thumbnailUrl\":\"https:\\\/\\\/grupohoymexico.com\\\/hidalgo\\\/wp-content\\\/uploads\\\/sites\\\/5\\\/2025\\\/08\\\/ajedrez-hidalgo.webp\",\"datePublished\":\"2025-08-27T15:23:47+00:00\",\"dateModified\":\"2025-08-27T15:28:49+00:00\",\"author\":{\"@id\":\"https:\\\/\\\/grupohoymexico.com\\\/hidalgo\\\/#\\\/schema\\\/person\\\/e95b7b8df1e5c291ede743c160292779\"},\"description\":\"Este martes se abrieron las inscripciones para la primera Escuela de Ajedrez Inclusivo en Hidalgo, ubicada en la capital\",\"breadcrumb\":{\"@id\":\"https:\\\/\\\/grupohoymexico.com\\\/hidalgo\\\/estatal\\\/abren-inscripciones-para-la-primera-escuela-de-ajedrez-inclusivo-en-hidalgo\\\/#breadcrumb\"},\"inLanguage\":\"es\",\"potentialAction\":[{\"@type\":\"ReadAction\",\"target\":[\"https:\\\/\\\/grupohoymexico.com\\\/hidalgo\\\/estatal\\\/abren-inscripciones-para-la-primera-escuela-de-ajedrez-inclusivo-en-hidalgo\\\/\"]}]},{\"@type\":\"ImageObject\",\"inLanguage\":\"es\",\"@id\":\"https:\\\/\\\/grupohoymexico.com\\\/hidalgo\\\/estatal\\\/abren-inscripciones-para-la-primera-escuela-de-ajedrez-inclusivo-en-hidalgo\\\/#primaryimage\",\"url\":\"https:\\\/\\\/grupohoymexico.com\\\/hidalgo\\\/wp-content\\\/uploads\\\/sites\\\/5\\\/2025\\\/08\\\/ajedrez-hidalgo.webp\",\"contentUrl\":\"https:\\\/\\\/grupohoymexico.com\\\/hidalgo\\\/wp-content\\\/uploads\\\/sites\\\/5\\\/2025\\\/08\\\/ajedrez-hidalgo.webp\",\"width\":1201,\"height\":639,\"caption\":\"La escuela de ajedrez inclusivo busca crear una diferencia entre la juventud de Hidalgo Imagen: FreePik\"},{\"@type\":\"BreadcrumbList\",\"@id\":\"https:\\\/\\\/grupohoymexico.com\\\/hidalgo\\\/estatal\\\/abren-inscripciones-para-la-primera-escuela-de-ajedrez-inclusivo-en-hidalgo\\\/#breadcrumb\",\"itemListElement\":[{\"@type\":\"ListItem\",\"position\":1,\"name\":\"Inicio\",\"item\":\"https:\\\/\\\/grupohoymexico.com\\\/hidalgo\\\/\"},{\"@type\":\"ListItem\",\"position\":2,\"name\":\"Abren inscripciones para la primera Escuela de Ajedrez Inclusivo en Hidalgo\"}]},{\"@type\":\"WebSite\",\"@id\":\"https:\\\/\\\/grupohoymexico.com\\\/hidalgo\\\/#website\",\"url\":\"https:\\\/\\\/grupohoymexico.com\\\/hidalgo\\\/\",\"name\":\"Hidalgo Hoy\",\"description\":\"El alma de la noticia\",\"potentialAction\":[{\"@type\":\"SearchAction\",\"target\":{\"@type\":\"EntryPoint\",\"urlTemplate\":\"https:\\\/\\\/grupohoymexico.com\\\/hidalgo\\\/?s={search_term_string}\"},\"query-input\":{\"@type\":\"PropertyValueSpecification\",\"valueRequired\":true,\"valueName\":\"search_term_string\"}}],\"inLanguage\":\"es\"},{\"@type\":\"Person\",\"@id\":\"https:\\\/\\\/grupohoymexico.com\\\/hidalgo\\\/#\\\/schema\\\/person\\\/e95b7b8df1e5c291ede743c160292779\",\"name\":\"eduardo\",\"image\":{\"@type\":\"ImageObject\",\"inLanguage\":\"es\",\"@id\":\"https:\\\/\\\/secure.gravatar.com\\\/avatar\\\/ecdd30dcf3feeb5f57f13840c3daeb08334d3b69de7bb9e067a540c4925a9788?s=96&d=mm&r=g\",\"url\":\"https:\\\/\\\/secure.gravatar.com\\\/avatar\\\/ecdd30dcf3feeb5f57f13840c3daeb08334d3b69de7bb9e067a540c4925a9788?s=96&d=mm&r=g\",\"contentUrl\":\"https:\\\/\\\/secure.gravatar.com\\\/avatar\\\/ecdd30dcf3feeb5f57f13840c3daeb08334d3b69de7bb9e067a540c4925a9788?s=96&d=mm&r=g\",\"caption\":\"eduardo\"},\"url\":\"https:\\\/\\\/grupohoymexico.com\\\/hidalgo\\\/author\\\/eduardo\\\/\"}]}<\/script>\n<!-- \/ Yoast SEO Premium plugin. -->","yoast_head_json":{"title":"Abren inscripciones para la primera Escuela de Ajedrez Inclusivo en Hidalgo","description":"Este martes se abrieron las inscripciones para la primera Escuela de Ajedrez Inclusivo en Hidalgo, ubicada en la capital","robots":{"index":"index","follow":"follow","max-snippet":"max-snippet:-1","max-image-preview":"max-image-preview:large","max-video-preview":"max-video-preview:-1"},"canonical":"https:\/\/grupohoymexico.com\/hidalgo\/estatal\/abren-inscripciones-para-la-primera-escuela-de-ajedrez-inclusivo-en-hidalgo\/","og_locale":"es_MX","og_type":"article","og_title":"Abren inscripciones para la primera Escuela de Ajedrez Inclusivo en Hidalgo","og_description":"Este martes se abrieron las inscripciones para la primera Escuela de Ajedrez Inclusivo en Hidalgo, ubicada en la capital","og_url":"https:\/\/grupohoymexico.com\/hidalgo\/estatal\/abren-inscripciones-para-la-primera-escuela-de-ajedrez-inclusivo-en-hidalgo\/","og_site_name":"Hidalgo Hoy","article_published_time":"2025-08-27T15:23:47+00:00","article_modified_time":"2025-08-27T15:28:49+00:00","og_image":[{"width":1201,"height":639,"url":"https:\/\/grupohoymexico.com\/hidalgo\/wp-content\/uploads\/sites\/5\/2025\/08\/ajedrez-hidalgo.webp","type":"image\/webp"}],"author":"eduardo","twitter_card":"summary_large_image","twitter_misc":{"Escrito por":"eduardo","Tiempo de lectura":"2 minutos"},"schema":{"@context":"https:\/\/schema.org","@graph":[{"@type":"Article","@id":"https:\/\/grupohoymexico.com\/hidalgo\/estatal\/abren-inscripciones-para-la-primera-escuela-de-ajedrez-inclusivo-en-hidalgo\/#article","isPartOf":{"@id":"https:\/\/grupohoymexico.com\/hidalgo\/estatal\/abren-inscripciones-para-la-primera-escuela-de-ajedrez-inclusivo-en-hidalgo\/"},"author":{"name":"eduardo","@id":"https:\/\/grupohoymexico.com\/hidalgo\/#\/schema\/person\/e95b7b8df1e5c291ede743c160292779"},"headline":"Abren inscripciones para la primera Escuela de Ajedrez Inclusivo en Hidalgo","datePublished":"2025-08-27T15:23:47+00:00","dateModified":"2025-08-27T15:28:49+00:00","mainEntityOfPage":{"@id":"https:\/\/grupohoymexico.com\/hidalgo\/estatal\/abren-inscripciones-para-la-primera-escuela-de-ajedrez-inclusivo-en-hidalgo\/"},"wordCount":399,"commentCount":0,"image":{"@id":"https:\/\/grupohoymexico.com\/hidalgo\/estatal\/abren-inscripciones-para-la-primera-escuela-de-ajedrez-inclusivo-en-hidalgo\/#primaryimage"},"thumbnailUrl":"https:\/\/grupohoymexico.com\/hidalgo\/wp-content\/uploads\/sites\/5\/2025\/08\/ajedrez-hidalgo.webp","keywords":["Ajedrez","ajedrez inclusivo","escuela ajedrez hidalgo","Hidalgo","inclusi\u00f3n","noticias"],"articleSection":["Estatal"],"inLanguage":"es","potentialAction":[{"@type":"CommentAction","name":"Comment","target":["https:\/\/grupohoymexico.com\/hidalgo\/estatal\/abren-inscripciones-para-la-primera-escuela-de-ajedrez-inclusivo-en-hidalgo\/#respond"]}]},{"@type":"WebPage","@id":"https:\/\/grupohoymexico.com\/hidalgo\/estatal\/abren-inscripciones-para-la-primera-escuela-de-ajedrez-inclusivo-en-hidalgo\/","url":"https:\/\/grupohoymexico.com\/hidalgo\/estatal\/abren-inscripciones-para-la-primera-escuela-de-ajedrez-inclusivo-en-hidalgo\/","name":"Abren inscripciones para la primera Escuela de Ajedrez Inclusivo en Hidalgo","isPartOf":{"@id":"https:\/\/grupohoymexico.com\/hidalgo\/#website"},"primaryImageOfPage":{"@id":"https:\/\/grupohoymexico.com\/hidalgo\/estatal\/abren-inscripciones-para-la-primera-escuela-de-ajedrez-inclusivo-en-hidalgo\/#primaryimage"},"image":{"@id":"https:\/\/grupohoymexico.com\/hidalgo\/estatal\/abren-inscripciones-para-la-primera-escuela-de-ajedrez-inclusivo-en-hidalgo\/#primaryimage"},"thumbnailUrl":"https:\/\/grupohoymexico.com\/hidalgo\/wp-content\/uploads\/sites\/5\/2025\/08\/ajedrez-hidalgo.webp","datePublished":"2025-08-27T15:23:47+00:00","dateModified":"2025-08-27T15:28:49+00:00","author":{"@id":"https:\/\/grupohoymexico.com\/hidalgo\/#\/schema\/person\/e95b7b8df1e5c291ede743c160292779"},"description":"Este martes se abrieron las inscripciones para la primera Escuela de Ajedrez Inclusivo en Hidalgo, ubicada en la capital","breadcrumb":{"@id":"https:\/\/grupohoymexico.com\/hidalgo\/estatal\/abren-inscripciones-para-la-primera-escuela-de-ajedrez-inclusivo-en-hidalgo\/#breadcrumb"},"inLanguage":"es","potentialAction":[{"@type":"ReadAction","target":["https:\/\/grupohoymexico.com\/hidalgo\/estatal\/abren-inscripciones-para-la-primera-escuela-de-ajedrez-inclusivo-en-hidalgo\/"]}]},{"@type":"ImageObject","inLanguage":"es","@id":"https:\/\/grupohoymexico.com\/hidalgo\/estatal\/abren-inscripciones-para-la-primera-escuela-de-ajedrez-inclusivo-en-hidalgo\/#primaryimage","url":"https:\/\/grupohoymexico.com\/hidalgo\/wp-content\/uploads\/sites\/5\/2025\/08\/ajedrez-hidalgo.webp","contentUrl":"https:\/\/grupohoymexico.com\/hidalgo\/wp-content\/uploads\/sites\/5\/2025\/08\/ajedrez-hidalgo.webp","width":1201,"height":639,"caption":"La escuela de ajedrez inclusivo busca crear una diferencia entre la juventud de Hidalgo Imagen: FreePik"},{"@type":"BreadcrumbList","@id":"https:\/\/grupohoymexico.com\/hidalgo\/estatal\/abren-inscripciones-para-la-primera-escuela-de-ajedrez-inclusivo-en-hidalgo\/#breadcrumb","itemListElement":[{"@type":"ListItem","position":1,"name":"Inicio","item":"https:\/\/grupohoymexico.com\/hidalgo\/"},{"@type":"ListItem","position":2,"name":"Abren inscripciones para la primera Escuela de Ajedrez Inclusivo en Hidalgo"}]},{"@type":"WebSite","@id":"https:\/\/grupohoymexico.com\/hidalgo\/#website","url":"https:\/\/grupohoymexico.com\/hidalgo\/","name":"Hidalgo Hoy","description":"El alma de la noticia","potentialAction":[{"@type":"SearchAction","target":{"@type":"EntryPoint","urlTemplate":"https:\/\/grupohoymexico.com\/hidalgo\/?s={search_term_string}"},"query-input":{"@type":"PropertyValueSpecification","valueRequired":true,"valueName":"search_term_string"}}],"inLanguage":"es"},{"@type":"Person","@id":"https:\/\/grupohoymexico.com\/hidalgo\/#\/schema\/person\/e95b7b8df1e5c291ede743c160292779","name":"eduardo","image":{"@type":"ImageObject","inLanguage":"es","@id":"https:\/\/secure.gravatar.com\/avatar\/ecdd30dcf3feeb5f57f13840c3daeb08334d3b69de7bb9e067a540c4925a9788?s=96&d=mm&r=g","url":"https:\/\/secure.gravatar.com\/avatar\/ecdd30dcf3feeb5f57f13840c3daeb08334d3b69de7bb9e067a540c4925a9788?s=96&d=mm&r=g","contentUrl":"https:\/\/secure.gravatar.com\/avatar\/ecdd30dcf3feeb5f57f13840c3daeb08334d3b69de7bb9e067a540c4925a9788?s=96&d=mm&r=g","caption":"eduardo"},"url":"https:\/\/grupohoymexico.com\/hidalgo\/author\/eduardo\/"}]}},"_links":{"self":[{"href":"https:\/\/grupohoymexico.com\/hidalgo\/wp-json\/wp\/v2\/posts\/7359","targetHints":{"allow":["GET"]}}],"collection":[{"href":"https:\/\/grupohoymexico.com\/hidalgo\/wp-json\/wp\/v2\/posts"}],"about":[{"href":"https:\/\/grupohoymexico.com\/hidalgo\/wp-json\/wp\/v2\/types\/post"}],"author":[{"embeddable":true,"href":"https:\/\/grupohoymexico.com\/hidalgo\/wp-json\/wp\/v2\/users\/30"}],"replies":[{"embeddable":true,"href":"https:\/\/grupohoymexico.com\/hidalgo\/wp-json\/wp\/v2\/comments?post=7359"}],"version-history":[{"count":2,"href":"https:\/\/grupohoymexico.com\/hidalgo\/wp-json\/wp\/v2\/posts\/7359\/revisions"}],"predecessor-version":[{"id":7365,"href":"https:\/\/grupohoymexico.com\/hidalgo\/wp-json\/wp\/v2\/posts\/7359\/revisions\/7365"}],"wp:featuredmedia":[{"embeddable":true,"href":"https:\/\/grupohoymexico.com\/hidalgo\/wp-json\/wp\/v2\/media\/7363"}],"wp:attachment":[{"href":"https:\/\/grupohoymexico.com\/hidalgo\/wp-json\/wp\/v2\/media?parent=7359"}],"wp:term":[{"taxonomy":"category","embeddable":true,"href":"https:\/\/grupohoymexico.com\/hidalgo\/wp-json\/wp\/v2\/categories?post=7359"},{"taxonomy":"post_tag","embeddable":true,"href":"https:\/\/grupohoymexico.com\/hidalgo\/wp-json\/wp\/v2\/tags?post=7359"}],"curies":[{"name":"wp","href":"https:\/\/api.w.org\/{rel}","templated":true}]}}