{"id":7332,"date":"2025-08-25T17:20:47","date_gmt":"2025-08-25T23:20:47","guid":{"rendered":"https:\/\/grupohoymexico.com\/hidalgo\/?p=7332"},"modified":"2025-08-25T17:20:47","modified_gmt":"2025-08-25T23:20:47","slug":"terence-crawford-pierde-titulo-mundial-wba-antes-de-pelear-contra-canelo-alvarez-en-las-vegas","status":"publish","type":"post","link":"https:\/\/grupohoymexico.com\/hidalgo\/deportes\/terence-crawford-pierde-titulo-mundial-wba-antes-de-pelear-contra-canelo-alvarez-en-las-vegas\/","title":{"rendered":"Terence Crawford pierde t\u00edtulo mundial WBA antes de pelear contra &#8220;Canelo&#8221; \u00c1lvarez en Las Vegas"},"content":{"rendered":"\n<p>A menos de un mes de la esperada pelea <strong>&#8220;Canelo&#8221; vs Crawford 2025<\/strong>, programada para el <strong>13 de septiembre en el Allegiant Stadium de Las Vegas<\/strong>, el boxeador estadounidense <strong>Terence Crawford<\/strong> recibi\u00f3 un golpe inesperado fuera del ring: la <strong>Asociaci\u00f3n Mundial de Boxeo (WBA)<\/strong> lo despoj\u00f3 de su <strong>t\u00edtulo mundial superwelter (154 libras)<\/strong>.<\/p>\n\n\n\n<p>Esta decisi\u00f3n llega en la recta final de su preparaci\u00f3n para el combate promocionado como <strong>\u201cOnce In A Lifetime\u201d<\/strong>, que ser\u00e1 transmitido en exclusiva por <strong>Netflix<\/strong>.<\/p>\n\n\n\n<h2 class=\"wp-block-heading\" id=\"h-por-que-crawford-perdio-el-titulo-wba\"><strong>\u00bfPor qu\u00e9 Crawford perdi\u00f3 el t\u00edtulo WBA?<\/strong><\/h2>\n\n\n\n<p>Crawford ya hab\u00eda renunciado en marzo a su <strong>t\u00edtulo interino de la WBA<\/strong> para enfocarse en su pelea contra <strong>Sa\u00fal \u201cCanelo\u201d \u00c1lvarez<\/strong>, pero la WBA decidi\u00f3 retirarle tambi\u00e9n el cintur\u00f3n absoluto que conquist\u00f3 en agosto de 2024 tras vencer a <strong>Israil Madrimov<\/strong>.<\/p>\n\n\n\n<p>Seg\u00fan el periodista especializado <strong>Dan Rafael<\/strong>:<\/p>\n\n\n\n<blockquote class=\"wp-block-quote is-layout-flow wp-block-quote-is-layout-flow\">\n<p><strong><em>\u201cCuando Crawford suba al ring ante Canelo \u00c1lvarez, perder\u00e1 el reconocimiento como campe\u00f3n WBA de las 154 libras\u201d<\/em><\/strong>.<\/p>\n<\/blockquote>\n\n\n\n<p>Esto significa que el estadounidense llegar\u00e1 al combate sin uno de los t\u00edtulos que avalaban su dominio en la divisi\u00f3n superwelter, aumentando la presi\u00f3n simb\u00f3lica y medi\u00e1tica de la pelea.<\/p>\n\n\n\n<h3 class=\"wp-block-heading\" id=\"h-leer-mas-hidalgo-promueve-venta-directa-de-artesanias-y-sin-intermediarios-para-proteger-a-los-artesanos\"><strong><em>Leer m\u00e1s: <a href=\"https:\/\/grupohoymexico.com\/hidalgo\/estatal\/hidalgo-promueve-venta-directa-de-artesanias-y-sin-intermediarios-para-proteger-a-los-artesanos\/\">Hidalgo promueve venta directa de artesan\u00edas y sin intermediarios para proteger a los artesanos<\/a><\/em><\/strong><\/h3>\n\n\n\n<h2 class=\"wp-block-heading\" id=\"h-el-futuro-del-cinturon-superwelter\">El futuro del cintur\u00f3n superwelter<\/h2>\n\n\n\n<p>La WBA ya planea qu\u00e9 ocurrir\u00e1 con el t\u00edtulo vacante. Los reportes indican que podr\u00eda disputarse entre:<\/p>\n\n\n\n<ul class=\"wp-block-list\">\n<li><strong>Abass Baraou<\/strong>, actual campe\u00f3n interino tras derrotar a <strong>Yoenis T\u00e9llez<\/strong>.<\/li>\n\n\n\n<li><strong>Jermell Charlo<\/strong>, ex campe\u00f3n mundial de la categor\u00eda.<\/li>\n<\/ul>\n\n\n\n<p>La organizaci\u00f3n planea elevar a Baraou como campe\u00f3n absoluto y ordenar una defensa obligatoria contra Charlo, aunque a\u00fan no hay confirmaci\u00f3n oficial.<\/p>\n\n\n\n<h2 class=\"wp-block-heading\" id=\"h-impacto-en-la-preparacion-de-crawford\">Impacto en la preparaci\u00f3n de Crawford<\/h2>\n\n\n\n<p>Aunque perder el cintur\u00f3n es un golpe para su legado, <strong>Terence Crawford<\/strong> mantiene su enfoque en el <strong>reto m\u00e1s grande de su carrera<\/strong>: vencer a Canelo \u00c1lvarez en la <strong>divisi\u00f3n supermediana (168 libras)<\/strong> y convertirse en campe\u00f3n indiscutido en <strong>tres categor\u00edas de peso<\/strong>.<\/p>\n\n\n\n<p>El estadounidense, invicto con <strong>r\u00e9cord de 41-0 (31 nocauts)<\/strong>, sacrifica su t\u00edtulo superwelter, pero el atractivo econ\u00f3mico del combate, con una bolsa estimada en <strong>50 millones de d\u00f3lares<\/strong>, compensa este rev\u00e9s.<\/p>\n\n\n\n<h2 class=\"wp-block-heading\" id=\"h-canelo-alvarez-y-la-defensa-de-sus-titulos\"><strong>&#8220;Canelo&#8221;<\/strong> \u00c1lvarez y la defensa de sus t\u00edtulos<\/h2>\n\n\n\n<p>Por su parte, <strong><strong>&#8220;Canelo&#8221;<\/strong> \u00c1lvarez<\/strong>, actual campe\u00f3n indiscutido supermediano con <strong>r\u00e9cord de 63-2-2 (39 nocauts)<\/strong>, defender\u00e1 sus cinturones <strong>WBA, WBC, WBO e IBF<\/strong>, adem\u00e1s de un <strong>cintur\u00f3n especial creado por The Ring<\/strong>. El mexicano busca consolidar su legado frente a uno de los rivales m\u00e1s peligrosos de su carrera.<\/p>\n\n\n\n<p>El combate promete ser hist\u00f3rico y marcar\u00e1 un antes y un despu\u00e9s en la historia del boxeo, con miles de aficionados y millones de espectadores a trav\u00e9s de <strong>Netflix<\/strong> siguiendo la acci\u00f3n desde Las Vegas.<\/p>\n\n\n\n<h2 class=\"wp-block-heading\" id=\"h-unete-a-nuestro-canal-de-whatsapp\"><strong><a href=\"https:\/\/whatsapp.com\/channel\/0029Vaylt1XG3R3gm4Nsgp2m\">\u00danete a nuestro canal de WhatsApp<\/a><\/strong><\/h2>\n","protected":false},"excerpt":{"rendered":"A menos de un mes de la esperada pelea &#8220;Canelo&#8221; vs Crawford 2025, programada para el 13 de&hellip;","protected":false},"author":5,"featured_media":7333,"comment_status":"open","ping_status":"open","sticky":false,"template":"","format":"standard","meta":{"csco_display_header_overlay":false,"csco_singular_sidebar":"","csco_page_header_type":"","csco_page_load_nextpost":"","csco_post_video_location":[],"csco_post_video_location_hash":"","csco_post_video_url":"","csco_post_video_bg_start_time":0,"csco_post_video_bg_end_time":0,"footnotes":""},"categories":[173],"tags":[],"class_list":{"0":"post-7332","1":"post","2":"type-post","3":"status-publish","4":"format-standard","5":"has-post-thumbnail","7":"category-deportes","8":"cs-entry","9":"cs-video-wrap"},"yoast_head":"<!-- This site is optimized with the Yoast SEO Premium plugin v24.7 (Yoast SEO v27.4) - https:\/\/yoast.com\/product\/yoast-seo-premium-wordpress\/ -->\n<title>Terence Crawford pierde t\u00edtulo mundial WBA antes de pelear contra &quot;Canelo&quot; \u00c1lvarez en Las Vegas - Hidalgo Hoy<\/title>\n<meta name=\"description\" content=\"Terence Crawford pierde el t\u00edtulo WBA superwelter antes del combate que tendr\u00e1 en Las Vegas contra Sa\u00fal \u201cCanelo\u201d \u00c1lvarez.\" \/>\n<meta name=\"robots\" content=\"index, follow, max-snippet:-1, max-image-preview:large, max-video-preview:-1\" \/>\n<link rel=\"canonical\" href=\"https:\/\/grupohoymexico.com\/hidalgo\/deportes\/terence-crawford-pierde-titulo-mundial-wba-antes-de-pelear-contra-canelo-alvarez-en-las-vegas\/\" \/>\n<meta property=\"og:locale\" content=\"es_MX\" \/>\n<meta property=\"og:type\" content=\"article\" \/>\n<meta property=\"og:title\" content=\"Terence Crawford pierde t\u00edtulo mundial WBA antes de pelear contra &quot;Canelo&quot; \u00c1lvarez en Las Vegas\" \/>\n<meta property=\"og:description\" content=\"Terence Crawford pierde el t\u00edtulo WBA superwelter antes del combate que tendr\u00e1 en Las Vegas contra Sa\u00fal \u201cCanelo\u201d \u00c1lvarez.\" \/>\n<meta property=\"og:url\" content=\"https:\/\/grupohoymexico.com\/hidalgo\/deportes\/terence-crawford-pierde-titulo-mundial-wba-antes-de-pelear-contra-canelo-alvarez-en-las-vegas\/\" \/>\n<meta property=\"og:site_name\" content=\"Hidalgo Hoy\" \/>\n<meta property=\"article:published_time\" content=\"2025-08-25T23:20:47+00:00\" \/>\n<meta property=\"og:image\" content=\"https:\/\/grupohoymexico.com\/hidalgo\/wp-content\/uploads\/sites\/5\/2025\/08\/Terence-Crawford.webp\" \/>\n\t<meta property=\"og:image:width\" content=\"1201\" \/>\n\t<meta property=\"og:image:height\" content=\"639\" \/>\n\t<meta property=\"og:image:type\" content=\"image\/webp\" \/>\n<meta name=\"author\" content=\"jair\" \/>\n<meta name=\"twitter:card\" content=\"summary_large_image\" \/>\n<meta name=\"twitter:label1\" content=\"Escrito por\" \/>\n\t<meta name=\"twitter:data1\" content=\"jair\" \/>\n\t<meta name=\"twitter:label2\" content=\"Tiempo de lectura\" \/>\n\t<meta name=\"twitter:data2\" content=\"3 minutos\" \/>\n<script type=\"application\/ld+json\" class=\"yoast-schema-graph\">{\"@context\":\"https:\\\/\\\/schema.org\",\"@graph\":[{\"@type\":\"Article\",\"@id\":\"https:\\\/\\\/grupohoymexico.com\\\/hidalgo\\\/deportes\\\/terence-crawford-pierde-titulo-mundial-wba-antes-de-pelear-contra-canelo-alvarez-en-las-vegas\\\/#article\",\"isPartOf\":{\"@id\":\"https:\\\/\\\/grupohoymexico.com\\\/hidalgo\\\/deportes\\\/terence-crawford-pierde-titulo-mundial-wba-antes-de-pelear-contra-canelo-alvarez-en-las-vegas\\\/\"},\"author\":{\"name\":\"jair\",\"@id\":\"https:\\\/\\\/grupohoymexico.com\\\/hidalgo\\\/#\\\/schema\\\/person\\\/98e2425fe99fbbdf486895b69dab3c3d\"},\"headline\":\"Terence Crawford pierde t\u00edtulo mundial WBA antes de pelear contra &#8220;Canelo&#8221; \u00c1lvarez en Las Vegas\",\"datePublished\":\"2025-08-25T23:20:47+00:00\",\"mainEntityOfPage\":{\"@id\":\"https:\\\/\\\/grupohoymexico.com\\\/hidalgo\\\/deportes\\\/terence-crawford-pierde-titulo-mundial-wba-antes-de-pelear-contra-canelo-alvarez-en-las-vegas\\\/\"},\"wordCount\":497,\"commentCount\":0,\"image\":{\"@id\":\"https:\\\/\\\/grupohoymexico.com\\\/hidalgo\\\/deportes\\\/terence-crawford-pierde-titulo-mundial-wba-antes-de-pelear-contra-canelo-alvarez-en-las-vegas\\\/#primaryimage\"},\"thumbnailUrl\":\"https:\\\/\\\/grupohoymexico.com\\\/hidalgo\\\/wp-content\\\/uploads\\\/sites\\\/5\\\/2025\\\/08\\\/Terence-Crawford.webp\",\"articleSection\":[\"Deportes\"],\"inLanguage\":\"es\",\"potentialAction\":[{\"@type\":\"CommentAction\",\"name\":\"Comment\",\"target\":[\"https:\\\/\\\/grupohoymexico.com\\\/hidalgo\\\/deportes\\\/terence-crawford-pierde-titulo-mundial-wba-antes-de-pelear-contra-canelo-alvarez-en-las-vegas\\\/#respond\"]}]},{\"@type\":\"WebPage\",\"@id\":\"https:\\\/\\\/grupohoymexico.com\\\/hidalgo\\\/deportes\\\/terence-crawford-pierde-titulo-mundial-wba-antes-de-pelear-contra-canelo-alvarez-en-las-vegas\\\/\",\"url\":\"https:\\\/\\\/grupohoymexico.com\\\/hidalgo\\\/deportes\\\/terence-crawford-pierde-titulo-mundial-wba-antes-de-pelear-contra-canelo-alvarez-en-las-vegas\\\/\",\"name\":\"Terence Crawford pierde t\u00edtulo mundial WBA antes de pelear contra \\\"Canelo\\\" \u00c1lvarez en Las Vegas - Hidalgo Hoy\",\"isPartOf\":{\"@id\":\"https:\\\/\\\/grupohoymexico.com\\\/hidalgo\\\/#website\"},\"primaryImageOfPage\":{\"@id\":\"https:\\\/\\\/grupohoymexico.com\\\/hidalgo\\\/deportes\\\/terence-crawford-pierde-titulo-mundial-wba-antes-de-pelear-contra-canelo-alvarez-en-las-vegas\\\/#primaryimage\"},\"image\":{\"@id\":\"https:\\\/\\\/grupohoymexico.com\\\/hidalgo\\\/deportes\\\/terence-crawford-pierde-titulo-mundial-wba-antes-de-pelear-contra-canelo-alvarez-en-las-vegas\\\/#primaryimage\"},\"thumbnailUrl\":\"https:\\\/\\\/grupohoymexico.com\\\/hidalgo\\\/wp-content\\\/uploads\\\/sites\\\/5\\\/2025\\\/08\\\/Terence-Crawford.webp\",\"datePublished\":\"2025-08-25T23:20:47+00:00\",\"author\":{\"@id\":\"https:\\\/\\\/grupohoymexico.com\\\/hidalgo\\\/#\\\/schema\\\/person\\\/98e2425fe99fbbdf486895b69dab3c3d\"},\"description\":\"Terence Crawford pierde el t\u00edtulo WBA superwelter antes del combate que tendr\u00e1 en Las Vegas contra Sa\u00fal \u201cCanelo\u201d \u00c1lvarez.\",\"breadcrumb\":{\"@id\":\"https:\\\/\\\/grupohoymexico.com\\\/hidalgo\\\/deportes\\\/terence-crawford-pierde-titulo-mundial-wba-antes-de-pelear-contra-canelo-alvarez-en-las-vegas\\\/#breadcrumb\"},\"inLanguage\":\"es\",\"potentialAction\":[{\"@type\":\"ReadAction\",\"target\":[\"https:\\\/\\\/grupohoymexico.com\\\/hidalgo\\\/deportes\\\/terence-crawford-pierde-titulo-mundial-wba-antes-de-pelear-contra-canelo-alvarez-en-las-vegas\\\/\"]}]},{\"@type\":\"ImageObject\",\"inLanguage\":\"es\",\"@id\":\"https:\\\/\\\/grupohoymexico.com\\\/hidalgo\\\/deportes\\\/terence-crawford-pierde-titulo-mundial-wba-antes-de-pelear-contra-canelo-alvarez-en-las-vegas\\\/#primaryimage\",\"url\":\"https:\\\/\\\/grupohoymexico.com\\\/hidalgo\\\/wp-content\\\/uploads\\\/sites\\\/5\\\/2025\\\/08\\\/Terence-Crawford.webp\",\"contentUrl\":\"https:\\\/\\\/grupohoymexico.com\\\/hidalgo\\\/wp-content\\\/uploads\\\/sites\\\/5\\\/2025\\\/08\\\/Terence-Crawford.webp\",\"width\":1201,\"height\":639,\"caption\":\"Foto: X @terencecrawford\"},{\"@type\":\"BreadcrumbList\",\"@id\":\"https:\\\/\\\/grupohoymexico.com\\\/hidalgo\\\/deportes\\\/terence-crawford-pierde-titulo-mundial-wba-antes-de-pelear-contra-canelo-alvarez-en-las-vegas\\\/#breadcrumb\",\"itemListElement\":[{\"@type\":\"ListItem\",\"position\":1,\"name\":\"Inicio\",\"item\":\"https:\\\/\\\/grupohoymexico.com\\\/hidalgo\\\/\"},{\"@type\":\"ListItem\",\"position\":2,\"name\":\"Terence Crawford pierde t\u00edtulo mundial WBA antes de pelear contra &#8220;Canelo&#8221; \u00c1lvarez en Las Vegas\"}]},{\"@type\":\"WebSite\",\"@id\":\"https:\\\/\\\/grupohoymexico.com\\\/hidalgo\\\/#website\",\"url\":\"https:\\\/\\\/grupohoymexico.com\\\/hidalgo\\\/\",\"name\":\"Hidalgo Hoy\",\"description\":\"El alma de la noticia\",\"potentialAction\":[{\"@type\":\"SearchAction\",\"target\":{\"@type\":\"EntryPoint\",\"urlTemplate\":\"https:\\\/\\\/grupohoymexico.com\\\/hidalgo\\\/?s={search_term_string}\"},\"query-input\":{\"@type\":\"PropertyValueSpecification\",\"valueRequired\":true,\"valueName\":\"search_term_string\"}}],\"inLanguage\":\"es\"},{\"@type\":\"Person\",\"@id\":\"https:\\\/\\\/grupohoymexico.com\\\/hidalgo\\\/#\\\/schema\\\/person\\\/98e2425fe99fbbdf486895b69dab3c3d\",\"name\":\"jair\",\"image\":{\"@type\":\"ImageObject\",\"inLanguage\":\"es\",\"@id\":\"https:\\\/\\\/secure.gravatar.com\\\/avatar\\\/ec205dfb8733a1ce1601942dddb04fc9294fb780c832e3c1ec58faa8e4e64e9b?s=96&d=mm&r=g\",\"url\":\"https:\\\/\\\/secure.gravatar.com\\\/avatar\\\/ec205dfb8733a1ce1601942dddb04fc9294fb780c832e3c1ec58faa8e4e64e9b?s=96&d=mm&r=g\",\"contentUrl\":\"https:\\\/\\\/secure.gravatar.com\\\/avatar\\\/ec205dfb8733a1ce1601942dddb04fc9294fb780c832e3c1ec58faa8e4e64e9b?s=96&d=mm&r=g\",\"caption\":\"jair\"},\"url\":\"https:\\\/\\\/grupohoymexico.com\\\/hidalgo\\\/author\\\/jair\\\/\"}]}<\/script>\n<!-- \/ Yoast SEO Premium plugin. -->","yoast_head_json":{"title":"Terence Crawford pierde t\u00edtulo mundial WBA antes de pelear contra \"Canelo\" \u00c1lvarez en Las Vegas - Hidalgo Hoy","description":"Terence Crawford pierde el t\u00edtulo WBA superwelter antes del combate que tendr\u00e1 en Las Vegas contra Sa\u00fal \u201cCanelo\u201d \u00c1lvarez.","robots":{"index":"index","follow":"follow","max-snippet":"max-snippet:-1","max-image-preview":"max-image-preview:large","max-video-preview":"max-video-preview:-1"},"canonical":"https:\/\/grupohoymexico.com\/hidalgo\/deportes\/terence-crawford-pierde-titulo-mundial-wba-antes-de-pelear-contra-canelo-alvarez-en-las-vegas\/","og_locale":"es_MX","og_type":"article","og_title":"Terence Crawford pierde t\u00edtulo mundial WBA antes de pelear contra \"Canelo\" \u00c1lvarez en Las Vegas","og_description":"Terence Crawford pierde el t\u00edtulo WBA superwelter antes del combate que tendr\u00e1 en Las Vegas contra Sa\u00fal \u201cCanelo\u201d \u00c1lvarez.","og_url":"https:\/\/grupohoymexico.com\/hidalgo\/deportes\/terence-crawford-pierde-titulo-mundial-wba-antes-de-pelear-contra-canelo-alvarez-en-las-vegas\/","og_site_name":"Hidalgo Hoy","article_published_time":"2025-08-25T23:20:47+00:00","og_image":[{"width":1201,"height":639,"url":"https:\/\/grupohoymexico.com\/hidalgo\/wp-content\/uploads\/sites\/5\/2025\/08\/Terence-Crawford.webp","type":"image\/webp"}],"author":"jair","twitter_card":"summary_large_image","twitter_misc":{"Escrito por":"jair","Tiempo de lectura":"3 minutos"},"schema":{"@context":"https:\/\/schema.org","@graph":[{"@type":"Article","@id":"https:\/\/grupohoymexico.com\/hidalgo\/deportes\/terence-crawford-pierde-titulo-mundial-wba-antes-de-pelear-contra-canelo-alvarez-en-las-vegas\/#article","isPartOf":{"@id":"https:\/\/grupohoymexico.com\/hidalgo\/deportes\/terence-crawford-pierde-titulo-mundial-wba-antes-de-pelear-contra-canelo-alvarez-en-las-vegas\/"},"author":{"name":"jair","@id":"https:\/\/grupohoymexico.com\/hidalgo\/#\/schema\/person\/98e2425fe99fbbdf486895b69dab3c3d"},"headline":"Terence Crawford pierde t\u00edtulo mundial WBA antes de pelear contra &#8220;Canelo&#8221; \u00c1lvarez en Las Vegas","datePublished":"2025-08-25T23:20:47+00:00","mainEntityOfPage":{"@id":"https:\/\/grupohoymexico.com\/hidalgo\/deportes\/terence-crawford-pierde-titulo-mundial-wba-antes-de-pelear-contra-canelo-alvarez-en-las-vegas\/"},"wordCount":497,"commentCount":0,"image":{"@id":"https:\/\/grupohoymexico.com\/hidalgo\/deportes\/terence-crawford-pierde-titulo-mundial-wba-antes-de-pelear-contra-canelo-alvarez-en-las-vegas\/#primaryimage"},"thumbnailUrl":"https:\/\/grupohoymexico.com\/hidalgo\/wp-content\/uploads\/sites\/5\/2025\/08\/Terence-Crawford.webp","articleSection":["Deportes"],"inLanguage":"es","potentialAction":[{"@type":"CommentAction","name":"Comment","target":["https:\/\/grupohoymexico.com\/hidalgo\/deportes\/terence-crawford-pierde-titulo-mundial-wba-antes-de-pelear-contra-canelo-alvarez-en-las-vegas\/#respond"]}]},{"@type":"WebPage","@id":"https:\/\/grupohoymexico.com\/hidalgo\/deportes\/terence-crawford-pierde-titulo-mundial-wba-antes-de-pelear-contra-canelo-alvarez-en-las-vegas\/","url":"https:\/\/grupohoymexico.com\/hidalgo\/deportes\/terence-crawford-pierde-titulo-mundial-wba-antes-de-pelear-contra-canelo-alvarez-en-las-vegas\/","name":"Terence Crawford pierde t\u00edtulo mundial WBA antes de pelear contra \"Canelo\" \u00c1lvarez en Las Vegas - Hidalgo Hoy","isPartOf":{"@id":"https:\/\/grupohoymexico.com\/hidalgo\/#website"},"primaryImageOfPage":{"@id":"https:\/\/grupohoymexico.com\/hidalgo\/deportes\/terence-crawford-pierde-titulo-mundial-wba-antes-de-pelear-contra-canelo-alvarez-en-las-vegas\/#primaryimage"},"image":{"@id":"https:\/\/grupohoymexico.com\/hidalgo\/deportes\/terence-crawford-pierde-titulo-mundial-wba-antes-de-pelear-contra-canelo-alvarez-en-las-vegas\/#primaryimage"},"thumbnailUrl":"https:\/\/grupohoymexico.com\/hidalgo\/wp-content\/uploads\/sites\/5\/2025\/08\/Terence-Crawford.webp","datePublished":"2025-08-25T23:20:47+00:00","author":{"@id":"https:\/\/grupohoymexico.com\/hidalgo\/#\/schema\/person\/98e2425fe99fbbdf486895b69dab3c3d"},"description":"Terence Crawford pierde el t\u00edtulo WBA superwelter antes del combate que tendr\u00e1 en Las Vegas contra Sa\u00fal \u201cCanelo\u201d \u00c1lvarez.","breadcrumb":{"@id":"https:\/\/grupohoymexico.com\/hidalgo\/deportes\/terence-crawford-pierde-titulo-mundial-wba-antes-de-pelear-contra-canelo-alvarez-en-las-vegas\/#breadcrumb"},"inLanguage":"es","potentialAction":[{"@type":"ReadAction","target":["https:\/\/grupohoymexico.com\/hidalgo\/deportes\/terence-crawford-pierde-titulo-mundial-wba-antes-de-pelear-contra-canelo-alvarez-en-las-vegas\/"]}]},{"@type":"ImageObject","inLanguage":"es","@id":"https:\/\/grupohoymexico.com\/hidalgo\/deportes\/terence-crawford-pierde-titulo-mundial-wba-antes-de-pelear-contra-canelo-alvarez-en-las-vegas\/#primaryimage","url":"https:\/\/grupohoymexico.com\/hidalgo\/wp-content\/uploads\/sites\/5\/2025\/08\/Terence-Crawford.webp","contentUrl":"https:\/\/grupohoymexico.com\/hidalgo\/wp-content\/uploads\/sites\/5\/2025\/08\/Terence-Crawford.webp","width":1201,"height":639,"caption":"Foto: X @terencecrawford"},{"@type":"BreadcrumbList","@id":"https:\/\/grupohoymexico.com\/hidalgo\/deportes\/terence-crawford-pierde-titulo-mundial-wba-antes-de-pelear-contra-canelo-alvarez-en-las-vegas\/#breadcrumb","itemListElement":[{"@type":"ListItem","position":1,"name":"Inicio","item":"https:\/\/grupohoymexico.com\/hidalgo\/"},{"@type":"ListItem","position":2,"name":"Terence Crawford pierde t\u00edtulo mundial WBA antes de pelear contra &#8220;Canelo&#8221; \u00c1lvarez en Las Vegas"}]},{"@type":"WebSite","@id":"https:\/\/grupohoymexico.com\/hidalgo\/#website","url":"https:\/\/grupohoymexico.com\/hidalgo\/","name":"Hidalgo Hoy","description":"El alma de la noticia","potentialAction":[{"@type":"SearchAction","target":{"@type":"EntryPoint","urlTemplate":"https:\/\/grupohoymexico.com\/hidalgo\/?s={search_term_string}"},"query-input":{"@type":"PropertyValueSpecification","valueRequired":true,"valueName":"search_term_string"}}],"inLanguage":"es"},{"@type":"Person","@id":"https:\/\/grupohoymexico.com\/hidalgo\/#\/schema\/person\/98e2425fe99fbbdf486895b69dab3c3d","name":"jair","image":{"@type":"ImageObject","inLanguage":"es","@id":"https:\/\/secure.gravatar.com\/avatar\/ec205dfb8733a1ce1601942dddb04fc9294fb780c832e3c1ec58faa8e4e64e9b?s=96&d=mm&r=g","url":"https:\/\/secure.gravatar.com\/avatar\/ec205dfb8733a1ce1601942dddb04fc9294fb780c832e3c1ec58faa8e4e64e9b?s=96&d=mm&r=g","contentUrl":"https:\/\/secure.gravatar.com\/avatar\/ec205dfb8733a1ce1601942dddb04fc9294fb780c832e3c1ec58faa8e4e64e9b?s=96&d=mm&r=g","caption":"jair"},"url":"https:\/\/grupohoymexico.com\/hidalgo\/author\/jair\/"}]}},"_links":{"self":[{"href":"https:\/\/grupohoymexico.com\/hidalgo\/wp-json\/wp\/v2\/posts\/7332","targetHints":{"allow":["GET"]}}],"collection":[{"href":"https:\/\/grupohoymexico.com\/hidalgo\/wp-json\/wp\/v2\/posts"}],"about":[{"href":"https:\/\/grupohoymexico.com\/hidalgo\/wp-json\/wp\/v2\/types\/post"}],"author":[{"embeddable":true,"href":"https:\/\/grupohoymexico.com\/hidalgo\/wp-json\/wp\/v2\/users\/5"}],"replies":[{"embeddable":true,"href":"https:\/\/grupohoymexico.com\/hidalgo\/wp-json\/wp\/v2\/comments?post=7332"}],"version-history":[{"count":1,"href":"https:\/\/grupohoymexico.com\/hidalgo\/wp-json\/wp\/v2\/posts\/7332\/revisions"}],"predecessor-version":[{"id":7334,"href":"https:\/\/grupohoymexico.com\/hidalgo\/wp-json\/wp\/v2\/posts\/7332\/revisions\/7334"}],"wp:featuredmedia":[{"embeddable":true,"href":"https:\/\/grupohoymexico.com\/hidalgo\/wp-json\/wp\/v2\/media\/7333"}],"wp:attachment":[{"href":"https:\/\/grupohoymexico.com\/hidalgo\/wp-json\/wp\/v2\/media?parent=7332"}],"wp:term":[{"taxonomy":"category","embeddable":true,"href":"https:\/\/grupohoymexico.com\/hidalgo\/wp-json\/wp\/v2\/categories?post=7332"},{"taxonomy":"post_tag","embeddable":true,"href":"https:\/\/grupohoymexico.com\/hidalgo\/wp-json\/wp\/v2\/tags?post=7332"}],"curies":[{"name":"wp","href":"https:\/\/api.w.org\/{rel}","templated":true}]}}