{"id":6030,"date":"2025-07-02T09:09:36","date_gmt":"2025-07-02T15:09:36","guid":{"rendered":"https:\/\/grupohoymexico.com\/hidalgo\/?p=6030"},"modified":"2025-07-02T09:09:36","modified_gmt":"2025-07-02T15:09:36","slug":"feria-regreso-a-clases-2025-en-pachuca-utiles-becas-y-servicios-educativos","status":"publish","type":"post","link":"https:\/\/grupohoymexico.com\/hidalgo\/estatal\/feria-regreso-a-clases-2025-en-pachuca-utiles-becas-y-servicios-educativos\/","title":{"rendered":"Feria Regreso a Clases 2025 en Pachuca: \u00fatiles, becas y servicios educativos"},"content":{"rendered":"\n<p>Del 1 al 3 de agosto, la explanada de <strong>Plaza Independencia<\/strong> albergar\u00e1 la <strong>Feria Regreso a Clases 2025<\/strong>. El evento reunir\u00e1 a 120 expositores con ofertas en \u00fatiles escolares, uniformes y servicios educativos. <strong>Profeco<\/strong> garantizar\u00e1 precios justos y calidad en los productos exhibidos.<\/p>\n\n\n\n<h2 class=\"wp-block-heading\" id=\"h-que-habra-en-la-feria-regreso-a-clases-2025-en-pachuca\">\u00bfQu\u00e9 habr\u00e1 en la Feria Regreso a Clases 2025 en Pachuca?<\/h2>\n\n\n\n<p>Los expositores ofrecer\u00e1n <strong>uniformes<\/strong>, <strong>calzado escolar<\/strong> y <strong>materiales did\u00e1cticos con descuentos <\/strong>especiales. La <a href=\"https:\/\/www.gob.mx\/profeco\">Procuraduria Federal del Consumidor <\/a>(<strong>Profeco<\/strong>) supervisar\u00e1 que los precios cumplan con los est\u00e1ndares oficiales. Adem\u00e1s, las instituciones educativas presentar\u00e1n sus <strong>programas acad\u00e9micos <\/strong>y <strong>opciones de becas<\/strong>. Tambi\u00e9n habr\u00e1 servicios m\u00e9dicos como <strong>ex\u00e1menes de la vista<\/strong>, los cuales <strong> <\/strong>complementar\u00e1n la oferta.<\/p>\n\n\n\n<p>Las compras podr\u00e1n realizarse con garant\u00eda de facturaci\u00f3n y notas oficiales. Solo participar\u00e1n empresas formalmente constituidas.<\/p>\n\n\n\n<h2 class=\"wp-block-heading\" id=\"h-cuando-y-donde-sera-la-feria-regreso-a-clases-2025-en-pachuca\">\u00bfCu\u00e1ndo y d\u00f3nde ser\u00e1 la Feria Regreso a Clases 2025 en Pachuca?<\/h2>\n\n\n\n<ul class=\"wp-block-list\">\n<li><strong>Fecha:<\/strong> 1 al 3 de agosto. <\/li>\n\n\n\n<li><strong>Lugar: <\/strong>Explanada de Plaza Independencia, junto al Reloj Monumental. <\/li>\n\n\n\n<li><strong>Horario: <\/strong>\u00a010:00 a 18:00 horas.<\/li>\n<\/ul>\n\n\n\n<h2 class=\"wp-block-heading\" id=\"h-instituciones-participantes\"><strong>Instituciones participantes<\/strong><\/h2>\n\n\n\n<p>La <strong>Federaci\u00f3n de Escuelas Particulares de Educaci\u00f3n Media Superior<\/strong> presentar\u00e1 una exposici\u00f3n vocacional y la oferta acad\u00e9mica de 23 instituciones incorporadas a la <strong>SEP<\/strong> y la <strong>Universidad Aut\u00f3noma del Estado de Hidalgo<\/strong> (<strong>UAEH<\/strong>). Los asistentes podr\u00e1n informarse sobre\u00a0<strong>becas de excelencia acad\u00e9mica<\/strong>\u00a0para alumnos de alto rendimiento y becas deportivas para j\u00f3venes destacados a nivel nacional o profesional12.<\/p>\n\n\n\n<p>El <strong>presidente del CCEH<\/strong>, Alejandro S\u00e1nchez, destac\u00f3 que la feria fortalece al peque\u00f1o comercio formal y evita que las familias tengan que desplazarse a otras ciudades para realizar sus compras escolares. El representante de <strong>Profeco en Hidalgo<\/strong>, <strong>Navor Alberto Rojas Mancera<\/strong>, se\u00f1al\u00f3 que la meta es convertir la feria en una de las mejores del pa\u00eds en su tipo. La invitaci\u00f3n para participar como expositor sigue abierta para empresas formalmente constituidas, sean o no miembros del Consejo12.<\/p>\n\n\n\n<h3 class=\"wp-block-heading\" id=\"h-te-puede-interesar-comienza-en-hidalgo-la-obra-del-nuevo-centro-de-alto-rendimiento-a-menos-de-un-ano-del-mundial-2026\"><strong><em>TE PUEDE INTERESAR: <\/em><\/strong><a href=\"https:\/\/grupohoymexico.com\/hidalgo\/estatal\/comienza-en-hidalgo-la-obra-del-nuevo-centro-de-alto-rendimiento-a-menos-de-un-ano-del-mundial-2026\/\">Comienza en Hidalgo la obra del nuevo Centro de Alto Rendimiento a menos de un a\u00f1o del Mundial 2026<\/a><\/h3>\n\n\n\n<p>La feria contempla la posibilidad de expandirse en futuras ediciones a municipios como <strong>Ixmiquilpan<\/strong>, <strong>Tula<\/strong> y la <strong>Huasteca<\/strong>, con el fin de llevar estos beneficios a m\u00e1s familias hidalguenses. Los organizadores invitan a la comunidad a aprovechar esta oportunidad para adquirir \u00fatiles escolares a buen precio, acceder a servicios de salud y conocer opciones educativas y de becas en un solo espacio.<\/p>\n","protected":false},"excerpt":{"rendered":"Del 1 al 3 de agosto, la explanada de Plaza Independencia albergar\u00e1 la Feria Regreso a Clases 2025.&hellip;","protected":false},"author":1,"featured_media":6033,"comment_status":"open","ping_status":"open","sticky":false,"template":"","format":"standard","meta":{"csco_display_header_overlay":false,"csco_singular_sidebar":"","csco_page_header_type":"","csco_page_load_nextpost":"","csco_post_video_location":[],"csco_post_video_location_hash":"","csco_post_video_url":"","csco_post_video_bg_start_time":0,"csco_post_video_bg_end_time":0,"footnotes":""},"categories":[172],"tags":[1643,190,747,825],"class_list":{"0":"post-6030","1":"post","2":"type-post","3":"status-publish","4":"format-standard","5":"has-post-thumbnail","7":"category-estatal","8":"tag-feria-regreso-a-clases","9":"tag-hidalgo","10":"tag-profeco","11":"tag-utiles-escolares","12":"cs-entry","13":"cs-video-wrap"},"yoast_head":"<!-- This site is optimized with the Yoast SEO Premium plugin v24.7 (Yoast SEO v27.4) - https:\/\/yoast.com\/product\/yoast-seo-premium-wordpress\/ -->\n<title>Feria Regreso a Clases 2025 en Pachuca: \u00fatiles, becas y servicios educativos - Hidalgo Hoy<\/title>\n<meta name=\"description\" content=\"Del 1 al 3 de agosto, la explanada de Plaza Independencia albergar\u00e1 la Feria Regreso a Clases 2025 en Pachuca.\" \/>\n<meta name=\"robots\" content=\"index, follow, max-snippet:-1, max-image-preview:large, max-video-preview:-1\" \/>\n<link rel=\"canonical\" href=\"https:\/\/grupohoymexico.com\/hidalgo\/estatal\/feria-regreso-a-clases-2025-en-pachuca-utiles-becas-y-servicios-educativos\/\" \/>\n<meta property=\"og:locale\" content=\"es_MX\" \/>\n<meta property=\"og:type\" content=\"article\" \/>\n<meta property=\"og:title\" content=\"Feria Regreso a Clases 2025 en Pachuca: \u00fatiles, becas y servicios educativos\" \/>\n<meta property=\"og:description\" content=\"Del 1 al 3 de agosto, la explanada de Plaza Independencia albergar\u00e1 la Feria Regreso a Clases 2025 en Pachuca.\" \/>\n<meta property=\"og:url\" content=\"https:\/\/grupohoymexico.com\/hidalgo\/estatal\/feria-regreso-a-clases-2025-en-pachuca-utiles-becas-y-servicios-educativos\/\" \/>\n<meta property=\"og:site_name\" content=\"Hidalgo Hoy\" \/>\n<meta property=\"article:published_time\" content=\"2025-07-02T15:09:36+00:00\" \/>\n<meta property=\"og:image\" content=\"https:\/\/grupohoymexico.com\/hidalgo\/wp-content\/uploads\/sites\/5\/2025\/07\/photo_5130133372314693213_y.jpg\" \/>\n\t<meta property=\"og:image:width\" content=\"1201\" \/>\n\t<meta property=\"og:image:height\" content=\"639\" \/>\n\t<meta property=\"og:image:type\" content=\"image\/jpeg\" \/>\n<meta name=\"author\" content=\"user\" \/>\n<meta name=\"twitter:card\" content=\"summary_large_image\" \/>\n<meta name=\"twitter:label1\" content=\"Escrito por\" \/>\n\t<meta name=\"twitter:data1\" content=\"user\" \/>\n\t<meta name=\"twitter:label2\" content=\"Tiempo de lectura\" \/>\n\t<meta name=\"twitter:data2\" content=\"2 minutos\" \/>\n<script type=\"application\/ld+json\" class=\"yoast-schema-graph\">{\"@context\":\"https:\\\/\\\/schema.org\",\"@graph\":[{\"@type\":\"Article\",\"@id\":\"https:\\\/\\\/grupohoymexico.com\\\/hidalgo\\\/estatal\\\/feria-regreso-a-clases-2025-en-pachuca-utiles-becas-y-servicios-educativos\\\/#article\",\"isPartOf\":{\"@id\":\"https:\\\/\\\/grupohoymexico.com\\\/hidalgo\\\/estatal\\\/feria-regreso-a-clases-2025-en-pachuca-utiles-becas-y-servicios-educativos\\\/\"},\"author\":{\"name\":\"user\",\"@id\":\"https:\\\/\\\/grupohoymexico.com\\\/hidalgo\\\/#\\\/schema\\\/person\\\/ce6086ac837852775a3a4f539356c297\"},\"headline\":\"Feria Regreso a Clases 2025 en Pachuca: \u00fatiles, becas y servicios educativos\",\"datePublished\":\"2025-07-02T15:09:36+00:00\",\"mainEntityOfPage\":{\"@id\":\"https:\\\/\\\/grupohoymexico.com\\\/hidalgo\\\/estatal\\\/feria-regreso-a-clases-2025-en-pachuca-utiles-becas-y-servicios-educativos\\\/\"},\"wordCount\":406,\"commentCount\":0,\"image\":{\"@id\":\"https:\\\/\\\/grupohoymexico.com\\\/hidalgo\\\/estatal\\\/feria-regreso-a-clases-2025-en-pachuca-utiles-becas-y-servicios-educativos\\\/#primaryimage\"},\"thumbnailUrl\":\"https:\\\/\\\/grupohoymexico.com\\\/hidalgo\\\/wp-content\\\/uploads\\\/sites\\\/5\\\/2025\\\/07\\\/photo_5130133372314693213_y.jpg\",\"keywords\":[\"Feria Regreso a Clases\",\"Hidalgo\",\"Profeco\",\"\u00datiles escolares\"],\"articleSection\":[\"Estatal\"],\"inLanguage\":\"es\",\"potentialAction\":[{\"@type\":\"CommentAction\",\"name\":\"Comment\",\"target\":[\"https:\\\/\\\/grupohoymexico.com\\\/hidalgo\\\/estatal\\\/feria-regreso-a-clases-2025-en-pachuca-utiles-becas-y-servicios-educativos\\\/#respond\"]}]},{\"@type\":\"WebPage\",\"@id\":\"https:\\\/\\\/grupohoymexico.com\\\/hidalgo\\\/estatal\\\/feria-regreso-a-clases-2025-en-pachuca-utiles-becas-y-servicios-educativos\\\/\",\"url\":\"https:\\\/\\\/grupohoymexico.com\\\/hidalgo\\\/estatal\\\/feria-regreso-a-clases-2025-en-pachuca-utiles-becas-y-servicios-educativos\\\/\",\"name\":\"Feria Regreso a Clases 2025 en Pachuca: \u00fatiles, becas y servicios educativos - Hidalgo Hoy\",\"isPartOf\":{\"@id\":\"https:\\\/\\\/grupohoymexico.com\\\/hidalgo\\\/#website\"},\"primaryImageOfPage\":{\"@id\":\"https:\\\/\\\/grupohoymexico.com\\\/hidalgo\\\/estatal\\\/feria-regreso-a-clases-2025-en-pachuca-utiles-becas-y-servicios-educativos\\\/#primaryimage\"},\"image\":{\"@id\":\"https:\\\/\\\/grupohoymexico.com\\\/hidalgo\\\/estatal\\\/feria-regreso-a-clases-2025-en-pachuca-utiles-becas-y-servicios-educativos\\\/#primaryimage\"},\"thumbnailUrl\":\"https:\\\/\\\/grupohoymexico.com\\\/hidalgo\\\/wp-content\\\/uploads\\\/sites\\\/5\\\/2025\\\/07\\\/photo_5130133372314693213_y.jpg\",\"datePublished\":\"2025-07-02T15:09:36+00:00\",\"author\":{\"@id\":\"https:\\\/\\\/grupohoymexico.com\\\/hidalgo\\\/#\\\/schema\\\/person\\\/ce6086ac837852775a3a4f539356c297\"},\"description\":\"Del 1 al 3 de agosto, la explanada de Plaza Independencia albergar\u00e1 la Feria Regreso a Clases 2025 en Pachuca.\",\"breadcrumb\":{\"@id\":\"https:\\\/\\\/grupohoymexico.com\\\/hidalgo\\\/estatal\\\/feria-regreso-a-clases-2025-en-pachuca-utiles-becas-y-servicios-educativos\\\/#breadcrumb\"},\"inLanguage\":\"es\",\"potentialAction\":[{\"@type\":\"ReadAction\",\"target\":[\"https:\\\/\\\/grupohoymexico.com\\\/hidalgo\\\/estatal\\\/feria-regreso-a-clases-2025-en-pachuca-utiles-becas-y-servicios-educativos\\\/\"]}]},{\"@type\":\"ImageObject\",\"inLanguage\":\"es\",\"@id\":\"https:\\\/\\\/grupohoymexico.com\\\/hidalgo\\\/estatal\\\/feria-regreso-a-clases-2025-en-pachuca-utiles-becas-y-servicios-educativos\\\/#primaryimage\",\"url\":\"https:\\\/\\\/grupohoymexico.com\\\/hidalgo\\\/wp-content\\\/uploads\\\/sites\\\/5\\\/2025\\\/07\\\/photo_5130133372314693213_y.jpg\",\"contentUrl\":\"https:\\\/\\\/grupohoymexico.com\\\/hidalgo\\\/wp-content\\\/uploads\\\/sites\\\/5\\\/2025\\\/07\\\/photo_5130133372314693213_y.jpg\",\"width\":1201,\"height\":639,\"caption\":\"Foto: Freepik\"},{\"@type\":\"BreadcrumbList\",\"@id\":\"https:\\\/\\\/grupohoymexico.com\\\/hidalgo\\\/estatal\\\/feria-regreso-a-clases-2025-en-pachuca-utiles-becas-y-servicios-educativos\\\/#breadcrumb\",\"itemListElement\":[{\"@type\":\"ListItem\",\"position\":1,\"name\":\"Inicio\",\"item\":\"https:\\\/\\\/grupohoymexico.com\\\/hidalgo\\\/\"},{\"@type\":\"ListItem\",\"position\":2,\"name\":\"Feria Regreso a Clases 2025 en Pachuca: \u00fatiles, becas y servicios educativos\"}]},{\"@type\":\"WebSite\",\"@id\":\"https:\\\/\\\/grupohoymexico.com\\\/hidalgo\\\/#website\",\"url\":\"https:\\\/\\\/grupohoymexico.com\\\/hidalgo\\\/\",\"name\":\"Hidalgo Hoy\",\"description\":\"El alma de la noticia\",\"potentialAction\":[{\"@type\":\"SearchAction\",\"target\":{\"@type\":\"EntryPoint\",\"urlTemplate\":\"https:\\\/\\\/grupohoymexico.com\\\/hidalgo\\\/?s={search_term_string}\"},\"query-input\":{\"@type\":\"PropertyValueSpecification\",\"valueRequired\":true,\"valueName\":\"search_term_string\"}}],\"inLanguage\":\"es\"},{\"@type\":\"Person\",\"@id\":\"https:\\\/\\\/grupohoymexico.com\\\/hidalgo\\\/#\\\/schema\\\/person\\\/ce6086ac837852775a3a4f539356c297\",\"name\":\"user\",\"image\":{\"@type\":\"ImageObject\",\"inLanguage\":\"es\",\"@id\":\"https:\\\/\\\/secure.gravatar.com\\\/avatar\\\/25f78de4fa956f6f7c01f8d96f8087d8958ebe06d57e630cd54e36aefb9dacea?s=96&d=mm&r=g\",\"url\":\"https:\\\/\\\/secure.gravatar.com\\\/avatar\\\/25f78de4fa956f6f7c01f8d96f8087d8958ebe06d57e630cd54e36aefb9dacea?s=96&d=mm&r=g\",\"contentUrl\":\"https:\\\/\\\/secure.gravatar.com\\\/avatar\\\/25f78de4fa956f6f7c01f8d96f8087d8958ebe06d57e630cd54e36aefb9dacea?s=96&d=mm&r=g\",\"caption\":\"user\"},\"sameAs\":[\"http:\\\/\\\/44.197.188.197.nip.io\"],\"url\":\"https:\\\/\\\/grupohoymexico.com\\\/hidalgo\\\/author\\\/user\\\/\"}]}<\/script>\n<!-- \/ Yoast SEO Premium plugin. -->","yoast_head_json":{"title":"Feria Regreso a Clases 2025 en Pachuca: \u00fatiles, becas y servicios educativos - Hidalgo Hoy","description":"Del 1 al 3 de agosto, la explanada de Plaza Independencia albergar\u00e1 la Feria Regreso a Clases 2025 en Pachuca.","robots":{"index":"index","follow":"follow","max-snippet":"max-snippet:-1","max-image-preview":"max-image-preview:large","max-video-preview":"max-video-preview:-1"},"canonical":"https:\/\/grupohoymexico.com\/hidalgo\/estatal\/feria-regreso-a-clases-2025-en-pachuca-utiles-becas-y-servicios-educativos\/","og_locale":"es_MX","og_type":"article","og_title":"Feria Regreso a Clases 2025 en Pachuca: \u00fatiles, becas y servicios educativos","og_description":"Del 1 al 3 de agosto, la explanada de Plaza Independencia albergar\u00e1 la Feria Regreso a Clases 2025 en Pachuca.","og_url":"https:\/\/grupohoymexico.com\/hidalgo\/estatal\/feria-regreso-a-clases-2025-en-pachuca-utiles-becas-y-servicios-educativos\/","og_site_name":"Hidalgo Hoy","article_published_time":"2025-07-02T15:09:36+00:00","og_image":[{"width":1201,"height":639,"url":"https:\/\/grupohoymexico.com\/hidalgo\/wp-content\/uploads\/sites\/5\/2025\/07\/photo_5130133372314693213_y.jpg","type":"image\/jpeg"}],"author":"user","twitter_card":"summary_large_image","twitter_misc":{"Escrito por":"user","Tiempo de lectura":"2 minutos"},"schema":{"@context":"https:\/\/schema.org","@graph":[{"@type":"Article","@id":"https:\/\/grupohoymexico.com\/hidalgo\/estatal\/feria-regreso-a-clases-2025-en-pachuca-utiles-becas-y-servicios-educativos\/#article","isPartOf":{"@id":"https:\/\/grupohoymexico.com\/hidalgo\/estatal\/feria-regreso-a-clases-2025-en-pachuca-utiles-becas-y-servicios-educativos\/"},"author":{"name":"user","@id":"https:\/\/grupohoymexico.com\/hidalgo\/#\/schema\/person\/ce6086ac837852775a3a4f539356c297"},"headline":"Feria Regreso a Clases 2025 en Pachuca: \u00fatiles, becas y servicios educativos","datePublished":"2025-07-02T15:09:36+00:00","mainEntityOfPage":{"@id":"https:\/\/grupohoymexico.com\/hidalgo\/estatal\/feria-regreso-a-clases-2025-en-pachuca-utiles-becas-y-servicios-educativos\/"},"wordCount":406,"commentCount":0,"image":{"@id":"https:\/\/grupohoymexico.com\/hidalgo\/estatal\/feria-regreso-a-clases-2025-en-pachuca-utiles-becas-y-servicios-educativos\/#primaryimage"},"thumbnailUrl":"https:\/\/grupohoymexico.com\/hidalgo\/wp-content\/uploads\/sites\/5\/2025\/07\/photo_5130133372314693213_y.jpg","keywords":["Feria Regreso a Clases","Hidalgo","Profeco","\u00datiles escolares"],"articleSection":["Estatal"],"inLanguage":"es","potentialAction":[{"@type":"CommentAction","name":"Comment","target":["https:\/\/grupohoymexico.com\/hidalgo\/estatal\/feria-regreso-a-clases-2025-en-pachuca-utiles-becas-y-servicios-educativos\/#respond"]}]},{"@type":"WebPage","@id":"https:\/\/grupohoymexico.com\/hidalgo\/estatal\/feria-regreso-a-clases-2025-en-pachuca-utiles-becas-y-servicios-educativos\/","url":"https:\/\/grupohoymexico.com\/hidalgo\/estatal\/feria-regreso-a-clases-2025-en-pachuca-utiles-becas-y-servicios-educativos\/","name":"Feria Regreso a Clases 2025 en Pachuca: \u00fatiles, becas y servicios educativos - Hidalgo Hoy","isPartOf":{"@id":"https:\/\/grupohoymexico.com\/hidalgo\/#website"},"primaryImageOfPage":{"@id":"https:\/\/grupohoymexico.com\/hidalgo\/estatal\/feria-regreso-a-clases-2025-en-pachuca-utiles-becas-y-servicios-educativos\/#primaryimage"},"image":{"@id":"https:\/\/grupohoymexico.com\/hidalgo\/estatal\/feria-regreso-a-clases-2025-en-pachuca-utiles-becas-y-servicios-educativos\/#primaryimage"},"thumbnailUrl":"https:\/\/grupohoymexico.com\/hidalgo\/wp-content\/uploads\/sites\/5\/2025\/07\/photo_5130133372314693213_y.jpg","datePublished":"2025-07-02T15:09:36+00:00","author":{"@id":"https:\/\/grupohoymexico.com\/hidalgo\/#\/schema\/person\/ce6086ac837852775a3a4f539356c297"},"description":"Del 1 al 3 de agosto, la explanada de Plaza Independencia albergar\u00e1 la Feria Regreso a Clases 2025 en Pachuca.","breadcrumb":{"@id":"https:\/\/grupohoymexico.com\/hidalgo\/estatal\/feria-regreso-a-clases-2025-en-pachuca-utiles-becas-y-servicios-educativos\/#breadcrumb"},"inLanguage":"es","potentialAction":[{"@type":"ReadAction","target":["https:\/\/grupohoymexico.com\/hidalgo\/estatal\/feria-regreso-a-clases-2025-en-pachuca-utiles-becas-y-servicios-educativos\/"]}]},{"@type":"ImageObject","inLanguage":"es","@id":"https:\/\/grupohoymexico.com\/hidalgo\/estatal\/feria-regreso-a-clases-2025-en-pachuca-utiles-becas-y-servicios-educativos\/#primaryimage","url":"https:\/\/grupohoymexico.com\/hidalgo\/wp-content\/uploads\/sites\/5\/2025\/07\/photo_5130133372314693213_y.jpg","contentUrl":"https:\/\/grupohoymexico.com\/hidalgo\/wp-content\/uploads\/sites\/5\/2025\/07\/photo_5130133372314693213_y.jpg","width":1201,"height":639,"caption":"Foto: Freepik"},{"@type":"BreadcrumbList","@id":"https:\/\/grupohoymexico.com\/hidalgo\/estatal\/feria-regreso-a-clases-2025-en-pachuca-utiles-becas-y-servicios-educativos\/#breadcrumb","itemListElement":[{"@type":"ListItem","position":1,"name":"Inicio","item":"https:\/\/grupohoymexico.com\/hidalgo\/"},{"@type":"ListItem","position":2,"name":"Feria Regreso a Clases 2025 en Pachuca: \u00fatiles, becas y servicios educativos"}]},{"@type":"WebSite","@id":"https:\/\/grupohoymexico.com\/hidalgo\/#website","url":"https:\/\/grupohoymexico.com\/hidalgo\/","name":"Hidalgo Hoy","description":"El alma de la noticia","potentialAction":[{"@type":"SearchAction","target":{"@type":"EntryPoint","urlTemplate":"https:\/\/grupohoymexico.com\/hidalgo\/?s={search_term_string}"},"query-input":{"@type":"PropertyValueSpecification","valueRequired":true,"valueName":"search_term_string"}}],"inLanguage":"es"},{"@type":"Person","@id":"https:\/\/grupohoymexico.com\/hidalgo\/#\/schema\/person\/ce6086ac837852775a3a4f539356c297","name":"user","image":{"@type":"ImageObject","inLanguage":"es","@id":"https:\/\/secure.gravatar.com\/avatar\/25f78de4fa956f6f7c01f8d96f8087d8958ebe06d57e630cd54e36aefb9dacea?s=96&d=mm&r=g","url":"https:\/\/secure.gravatar.com\/avatar\/25f78de4fa956f6f7c01f8d96f8087d8958ebe06d57e630cd54e36aefb9dacea?s=96&d=mm&r=g","contentUrl":"https:\/\/secure.gravatar.com\/avatar\/25f78de4fa956f6f7c01f8d96f8087d8958ebe06d57e630cd54e36aefb9dacea?s=96&d=mm&r=g","caption":"user"},"sameAs":["http:\/\/44.197.188.197.nip.io"],"url":"https:\/\/grupohoymexico.com\/hidalgo\/author\/user\/"}]}},"_links":{"self":[{"href":"https:\/\/grupohoymexico.com\/hidalgo\/wp-json\/wp\/v2\/posts\/6030","targetHints":{"allow":["GET"]}}],"collection":[{"href":"https:\/\/grupohoymexico.com\/hidalgo\/wp-json\/wp\/v2\/posts"}],"about":[{"href":"https:\/\/grupohoymexico.com\/hidalgo\/wp-json\/wp\/v2\/types\/post"}],"author":[{"embeddable":true,"href":"https:\/\/grupohoymexico.com\/hidalgo\/wp-json\/wp\/v2\/users\/1"}],"replies":[{"embeddable":true,"href":"https:\/\/grupohoymexico.com\/hidalgo\/wp-json\/wp\/v2\/comments?post=6030"}],"version-history":[{"count":1,"href":"https:\/\/grupohoymexico.com\/hidalgo\/wp-json\/wp\/v2\/posts\/6030\/revisions"}],"predecessor-version":[{"id":6032,"href":"https:\/\/grupohoymexico.com\/hidalgo\/wp-json\/wp\/v2\/posts\/6030\/revisions\/6032"}],"wp:featuredmedia":[{"embeddable":true,"href":"https:\/\/grupohoymexico.com\/hidalgo\/wp-json\/wp\/v2\/media\/6033"}],"wp:attachment":[{"href":"https:\/\/grupohoymexico.com\/hidalgo\/wp-json\/wp\/v2\/media?parent=6030"}],"wp:term":[{"taxonomy":"category","embeddable":true,"href":"https:\/\/grupohoymexico.com\/hidalgo\/wp-json\/wp\/v2\/categories?post=6030"},{"taxonomy":"post_tag","embeddable":true,"href":"https:\/\/grupohoymexico.com\/hidalgo\/wp-json\/wp\/v2\/tags?post=6030"}],"curies":[{"name":"wp","href":"https:\/\/api.w.org\/{rel}","templated":true}]}}