{"id":3803,"date":"2025-03-18T12:29:23","date_gmt":"2025-03-18T18:29:23","guid":{"rendered":"https:\/\/grupohoymexico.com\/hidalgohoy\/?p=3803"},"modified":"2025-03-18T12:29:24","modified_gmt":"2025-03-18T18:29:24","slug":"julio-valera-asume-titularidad-de-sedatu-en-hidalgo","status":"publish","type":"post","link":"https:\/\/grupohoymexico.com\/hidalgo\/estatal\/julio-valera-asume-titularidad-de-sedatu-en-hidalgo\/","title":{"rendered":"Julio Valera asume titularidad de Sedatu en Hidalgo"},"content":{"rendered":"\n<p>El exdiputado local\u00a0<strong>Julio Manuel Valera Piedras<\/strong>\u00a0tomar\u00e1 posesi\u00f3n como titular de la\u00a0<strong>Secretar\u00eda de Desarrollo Agrario, Territorial y Urbano (Sedatu)<\/strong>\u00a0en Hidalgo. Valera sustituir\u00e1 a\u00a0<strong>Ra\u00fal \u00c1ngel Otero D\u00edaz<\/strong>\u00a0en el cargo, seg\u00fan confirmaron fuentes del gobierno federal.<\/p>\n\n\n\n<h2 class=\"wp-block-heading\"><strong>\u00bfCu\u00e1l es la trayectoria pol\u00edtica de Valera Piedras?<\/strong><\/h2>\n\n\n\n<p><strong>Valera Piedras<\/strong> renunci\u00f3 a su militancia en el\u00a0<strong>Partido Revolucionario Institucional (PRI)<\/strong>\u00a0en junio de 2023, junto con otros siete diputados locales. Este grupo, conocido como\u00a0<strong>Grupo Plural Independiente<\/strong>, se uni\u00f3 a\u00a0<strong>Morena<\/strong>\u00a0despu\u00e9s de abandonar el <strong>PRI<\/strong>. Entre los exlegisladores que lo acompa\u00f1aron se encuentran\u00a0<strong>Alejandro Enciso<\/strong>,\u00a0<strong>Erika Rodr\u00edguez<\/strong>,\u00a0<strong>Michel Calder\u00f3n<\/strong>\u00a0y\u00a0<strong>Marcia Torres<\/strong>.<\/p>\n\n\n\n<h2 class=\"wp-block-heading\">\u00bfQu\u00e9 es la Sedatu Hidalgo?<\/h2>\n\n\n\n<p>La <strong><a href=\"https:\/\/www.gob.mx\/sedatu\">Secretar\u00eda de Desarrollo Agrario, Territorial y Urbano<\/a><\/strong> (<strong>SEDATU<\/strong>) es una dependencia federal encargada de <strong>dise\u00f1ar y coordinar pol\u00edticas de ordenamiento territorial<\/strong>, desarrollo agrario y urbano, as\u00ed como de <strong>vivienda adecuada en M\u00e9xico<\/strong>. La <strong>SEDATU<\/strong> trabaja en coordinaci\u00f3n con los gobiernos estatales y municipales para implementar sus pol\u00edticas a nivel nacional.<\/p>\n\n\n\n<h2 class=\"wp-block-heading\"><strong>Cambio en la titularidad, <strong>Valera Piedras<\/strong><\/strong> <strong>en Sedatu<\/strong><\/h2>\n\n\n\n<p>Este cambio hacia<strong> Valera Piedras<\/strong> a la <strong>Sedatu<\/strong> es un nuevo cap\u00edtulo para la administraci\u00f3n federal en <strong>Hidalgo<\/strong>. Su experiencia como <strong>diputado local<\/strong> y su reciente adhesi\u00f3n a<strong> Morena<\/strong> lo posicionan como un personaje importante en la implementaci\u00f3n de <strong>pol\u00edticas de desarrollo agrario y urbano <\/strong>en el estado. <\/p>\n\n\n\n<p><strong><em>TE PUEDE INTERESAR: <\/em><\/strong><em><a href=\"https:\/\/grupohoymexico.com\/hidalgohoy\/estatal\/impulsan-desarrollo-agricola-en-atotonilco-el-grande-con-proyectos\/\">Impulsan desarrollo agr\u00edcola en Atotonilco el Grande con proyectos<\/a><\/em><\/p>\n\n\n\n<p>La renuncia de <strong>Valera Piedras<\/strong> al <strong>PRI <\/strong>y su posterior ingreso a <strong>Morena<\/strong> reflejan los cambios en el panorama pol\u00edtico de <strong>Hidalgo<\/strong>. Este movimiento hace que se fortalezca la presencia de <strong>Morena <\/strong>en el estado y podr\u00eda influir en las <strong>pol\u00edticas p\u00fablicas<\/strong> relacionadas con el <strong>desarrollo territorial y urbano.<\/strong><\/p>\n\n\n\n<p>Finalmente, la designaci\u00f3n de\u00a0<strong>Julio Valera Piedras<\/strong>\u00a0como titular de la <strong>Sedatu en Hidalgo<\/strong> representa un cambio significativo en la <strong>administraci\u00f3n federal <\/strong>en el estado. Su experiencia pol\u00edtica y su reciente alineaci\u00f3n con <strong>Morena<\/strong> podr\u00edan impulsar nuevas estrategias en materia de <strong>desarrollo agrario y urbano.<\/strong><\/p>\n","protected":false},"excerpt":{"rendered":"El exdiputado local\u00a0Julio Manuel Valera Piedras\u00a0tomar\u00e1 posesi\u00f3n como titular de la\u00a0Secretar\u00eda de Desarrollo Agrario, Territorial y Urbano (Sedatu)\u00a0en&hellip;","protected":false},"author":1,"featured_media":3813,"comment_status":"open","ping_status":"open","sticky":false,"template":"","format":"standard","meta":{"csco_display_header_overlay":false,"csco_singular_sidebar":"","csco_page_header_type":"","csco_page_load_nextpost":"","csco_post_video_location":[],"csco_post_video_location_hash":"","csco_post_video_url":"","csco_post_video_bg_start_time":0,"csco_post_video_bg_end_time":0,"footnotes":""},"categories":[172],"tags":[190,776,359,416,775],"class_list":{"0":"post-3803","1":"post","2":"type-post","3":"status-publish","4":"format-standard","5":"has-post-thumbnail","7":"category-estatal","8":"tag-hidalgo","9":"tag-julio-manuel-valera-piedras","10":"tag-morena","11":"tag-pri","12":"tag-sedatu","13":"cs-entry","14":"cs-video-wrap"},"yoast_head":"<!-- This site is optimized with the Yoast SEO Premium plugin v24.7 (Yoast SEO v27.4) - https:\/\/yoast.com\/product\/yoast-seo-premium-wordpress\/ -->\n<title>Julio Valera asume titularidad de Sedatu en Hidalgo - Hidalgo Hoy<\/title>\n<meta name=\"description\" content=\"Julio Manuel Valera Piedras\u00a0tomar\u00e1 posesi\u00f3n como titular de la\u00a0Secretar\u00eda de Desarrollo Agrario, Territorial y Urbano (Sedatu)\u00a0en Hidalgo.\" \/>\n<meta name=\"robots\" content=\"index, follow, max-snippet:-1, max-image-preview:large, max-video-preview:-1\" \/>\n<link rel=\"canonical\" href=\"https:\/\/grupohoymexico.com\/hidalgo\/estatal\/julio-valera-asume-titularidad-de-sedatu-en-hidalgo\/\" \/>\n<meta property=\"og:locale\" content=\"es_MX\" \/>\n<meta property=\"og:type\" content=\"article\" \/>\n<meta property=\"og:title\" content=\"Julio Valera asume titularidad de Sedatu en Hidalgo\" \/>\n<meta property=\"og:description\" content=\"Julio Manuel Valera Piedras\u00a0tomar\u00e1 posesi\u00f3n como titular de la\u00a0Secretar\u00eda de Desarrollo Agrario, Territorial y Urbano (Sedatu)\u00a0en Hidalgo.\" \/>\n<meta property=\"og:url\" content=\"https:\/\/grupohoymexico.com\/hidalgo\/estatal\/julio-valera-asume-titularidad-de-sedatu-en-hidalgo\/\" \/>\n<meta property=\"og:site_name\" content=\"Hidalgo Hoy\" \/>\n<meta property=\"article:published_time\" content=\"2025-03-18T18:29:23+00:00\" \/>\n<meta property=\"article:modified_time\" content=\"2025-03-18T18:29:24+00:00\" \/>\n<meta property=\"og:image\" content=\"https:\/\/grupohoymexico.com\/hidalgo\/wp-content\/uploads\/sites\/5\/2025\/03\/photo_5102904074227002779_w.jpg\" \/>\n\t<meta property=\"og:image:width\" content=\"2560\" \/>\n\t<meta property=\"og:image:height\" content=\"1360\" \/>\n\t<meta property=\"og:image:type\" content=\"image\/jpeg\" \/>\n<meta name=\"author\" content=\"user\" \/>\n<meta name=\"twitter:card\" content=\"summary_large_image\" \/>\n<meta name=\"twitter:label1\" content=\"Escrito por\" \/>\n\t<meta name=\"twitter:data1\" content=\"user\" \/>\n\t<meta name=\"twitter:label2\" content=\"Tiempo de lectura\" \/>\n\t<meta name=\"twitter:data2\" content=\"2 minutos\" \/>\n<script type=\"application\/ld+json\" class=\"yoast-schema-graph\">{\"@context\":\"https:\\\/\\\/schema.org\",\"@graph\":[{\"@type\":\"Article\",\"@id\":\"https:\\\/\\\/grupohoymexico.com\\\/hidalgo\\\/estatal\\\/julio-valera-asume-titularidad-de-sedatu-en-hidalgo\\\/#article\",\"isPartOf\":{\"@id\":\"https:\\\/\\\/grupohoymexico.com\\\/hidalgo\\\/estatal\\\/julio-valera-asume-titularidad-de-sedatu-en-hidalgo\\\/\"},\"author\":{\"name\":\"user\",\"@id\":\"https:\\\/\\\/grupohoymexico.com\\\/hidalgo\\\/#\\\/schema\\\/person\\\/ce6086ac837852775a3a4f539356c297\"},\"headline\":\"Julio Valera asume titularidad de Sedatu en Hidalgo\",\"datePublished\":\"2025-03-18T18:29:23+00:00\",\"dateModified\":\"2025-03-18T18:29:24+00:00\",\"mainEntityOfPage\":{\"@id\":\"https:\\\/\\\/grupohoymexico.com\\\/hidalgo\\\/estatal\\\/julio-valera-asume-titularidad-de-sedatu-en-hidalgo\\\/\"},\"wordCount\":359,\"commentCount\":0,\"image\":{\"@id\":\"https:\\\/\\\/grupohoymexico.com\\\/hidalgo\\\/estatal\\\/julio-valera-asume-titularidad-de-sedatu-en-hidalgo\\\/#primaryimage\"},\"thumbnailUrl\":\"https:\\\/\\\/grupohoymexico.com\\\/hidalgo\\\/wp-content\\\/uploads\\\/sites\\\/5\\\/2025\\\/03\\\/photo_5102904074227002779_w.jpg\",\"keywords\":[\"Hidalgo\",\"Julio Manuel Valera Piedras\",\"Morena\",\"PRI\",\"Sedatu\"],\"articleSection\":[\"Estatal\"],\"inLanguage\":\"es\",\"potentialAction\":[{\"@type\":\"CommentAction\",\"name\":\"Comment\",\"target\":[\"https:\\\/\\\/grupohoymexico.com\\\/hidalgo\\\/estatal\\\/julio-valera-asume-titularidad-de-sedatu-en-hidalgo\\\/#respond\"]}]},{\"@type\":\"WebPage\",\"@id\":\"https:\\\/\\\/grupohoymexico.com\\\/hidalgo\\\/estatal\\\/julio-valera-asume-titularidad-de-sedatu-en-hidalgo\\\/\",\"url\":\"https:\\\/\\\/grupohoymexico.com\\\/hidalgo\\\/estatal\\\/julio-valera-asume-titularidad-de-sedatu-en-hidalgo\\\/\",\"name\":\"Julio Valera asume titularidad de Sedatu en Hidalgo - Hidalgo Hoy\",\"isPartOf\":{\"@id\":\"https:\\\/\\\/grupohoymexico.com\\\/hidalgo\\\/#website\"},\"primaryImageOfPage\":{\"@id\":\"https:\\\/\\\/grupohoymexico.com\\\/hidalgo\\\/estatal\\\/julio-valera-asume-titularidad-de-sedatu-en-hidalgo\\\/#primaryimage\"},\"image\":{\"@id\":\"https:\\\/\\\/grupohoymexico.com\\\/hidalgo\\\/estatal\\\/julio-valera-asume-titularidad-de-sedatu-en-hidalgo\\\/#primaryimage\"},\"thumbnailUrl\":\"https:\\\/\\\/grupohoymexico.com\\\/hidalgo\\\/wp-content\\\/uploads\\\/sites\\\/5\\\/2025\\\/03\\\/photo_5102904074227002779_w.jpg\",\"datePublished\":\"2025-03-18T18:29:23+00:00\",\"dateModified\":\"2025-03-18T18:29:24+00:00\",\"author\":{\"@id\":\"https:\\\/\\\/grupohoymexico.com\\\/hidalgo\\\/#\\\/schema\\\/person\\\/ce6086ac837852775a3a4f539356c297\"},\"description\":\"Julio Manuel Valera Piedras\u00a0tomar\u00e1 posesi\u00f3n como titular de la\u00a0Secretar\u00eda de Desarrollo Agrario, Territorial y Urbano (Sedatu)\u00a0en Hidalgo.\",\"breadcrumb\":{\"@id\":\"https:\\\/\\\/grupohoymexico.com\\\/hidalgo\\\/estatal\\\/julio-valera-asume-titularidad-de-sedatu-en-hidalgo\\\/#breadcrumb\"},\"inLanguage\":\"es\",\"potentialAction\":[{\"@type\":\"ReadAction\",\"target\":[\"https:\\\/\\\/grupohoymexico.com\\\/hidalgo\\\/estatal\\\/julio-valera-asume-titularidad-de-sedatu-en-hidalgo\\\/\"]}]},{\"@type\":\"ImageObject\",\"inLanguage\":\"es\",\"@id\":\"https:\\\/\\\/grupohoymexico.com\\\/hidalgo\\\/estatal\\\/julio-valera-asume-titularidad-de-sedatu-en-hidalgo\\\/#primaryimage\",\"url\":\"https:\\\/\\\/grupohoymexico.com\\\/hidalgo\\\/wp-content\\\/uploads\\\/sites\\\/5\\\/2025\\\/03\\\/photo_5102904074227002779_w.jpg\",\"contentUrl\":\"https:\\\/\\\/grupohoymexico.com\\\/hidalgo\\\/wp-content\\\/uploads\\\/sites\\\/5\\\/2025\\\/03\\\/photo_5102904074227002779_w.jpg\",\"width\":2560,\"height\":1360,\"caption\":\"Julio Valera asume titularidad de Sedatu en Hidalgo\"},{\"@type\":\"BreadcrumbList\",\"@id\":\"https:\\\/\\\/grupohoymexico.com\\\/hidalgo\\\/estatal\\\/julio-valera-asume-titularidad-de-sedatu-en-hidalgo\\\/#breadcrumb\",\"itemListElement\":[{\"@type\":\"ListItem\",\"position\":1,\"name\":\"Inicio\",\"item\":\"https:\\\/\\\/grupohoymexico.com\\\/hidalgo\\\/\"},{\"@type\":\"ListItem\",\"position\":2,\"name\":\"Julio Valera asume titularidad de Sedatu en Hidalgo\"}]},{\"@type\":\"WebSite\",\"@id\":\"https:\\\/\\\/grupohoymexico.com\\\/hidalgo\\\/#website\",\"url\":\"https:\\\/\\\/grupohoymexico.com\\\/hidalgo\\\/\",\"name\":\"Hidalgo Hoy\",\"description\":\"El alma de la noticia\",\"potentialAction\":[{\"@type\":\"SearchAction\",\"target\":{\"@type\":\"EntryPoint\",\"urlTemplate\":\"https:\\\/\\\/grupohoymexico.com\\\/hidalgo\\\/?s={search_term_string}\"},\"query-input\":{\"@type\":\"PropertyValueSpecification\",\"valueRequired\":true,\"valueName\":\"search_term_string\"}}],\"inLanguage\":\"es\"},{\"@type\":\"Person\",\"@id\":\"https:\\\/\\\/grupohoymexico.com\\\/hidalgo\\\/#\\\/schema\\\/person\\\/ce6086ac837852775a3a4f539356c297\",\"name\":\"user\",\"image\":{\"@type\":\"ImageObject\",\"inLanguage\":\"es\",\"@id\":\"https:\\\/\\\/secure.gravatar.com\\\/avatar\\\/25f78de4fa956f6f7c01f8d96f8087d8958ebe06d57e630cd54e36aefb9dacea?s=96&d=mm&r=g\",\"url\":\"https:\\\/\\\/secure.gravatar.com\\\/avatar\\\/25f78de4fa956f6f7c01f8d96f8087d8958ebe06d57e630cd54e36aefb9dacea?s=96&d=mm&r=g\",\"contentUrl\":\"https:\\\/\\\/secure.gravatar.com\\\/avatar\\\/25f78de4fa956f6f7c01f8d96f8087d8958ebe06d57e630cd54e36aefb9dacea?s=96&d=mm&r=g\",\"caption\":\"user\"},\"sameAs\":[\"http:\\\/\\\/44.197.188.197.nip.io\"],\"url\":\"https:\\\/\\\/grupohoymexico.com\\\/hidalgo\\\/author\\\/user\\\/\"}]}<\/script>\n<!-- \/ Yoast SEO Premium plugin. -->","yoast_head_json":{"title":"Julio Valera asume titularidad de Sedatu en Hidalgo - Hidalgo Hoy","description":"Julio Manuel Valera Piedras\u00a0tomar\u00e1 posesi\u00f3n como titular de la\u00a0Secretar\u00eda de Desarrollo Agrario, Territorial y Urbano (Sedatu)\u00a0en Hidalgo.","robots":{"index":"index","follow":"follow","max-snippet":"max-snippet:-1","max-image-preview":"max-image-preview:large","max-video-preview":"max-video-preview:-1"},"canonical":"https:\/\/grupohoymexico.com\/hidalgo\/estatal\/julio-valera-asume-titularidad-de-sedatu-en-hidalgo\/","og_locale":"es_MX","og_type":"article","og_title":"Julio Valera asume titularidad de Sedatu en Hidalgo","og_description":"Julio Manuel Valera Piedras\u00a0tomar\u00e1 posesi\u00f3n como titular de la\u00a0Secretar\u00eda de Desarrollo Agrario, Territorial y Urbano (Sedatu)\u00a0en Hidalgo.","og_url":"https:\/\/grupohoymexico.com\/hidalgo\/estatal\/julio-valera-asume-titularidad-de-sedatu-en-hidalgo\/","og_site_name":"Hidalgo Hoy","article_published_time":"2025-03-18T18:29:23+00:00","article_modified_time":"2025-03-18T18:29:24+00:00","og_image":[{"width":2560,"height":1360,"url":"https:\/\/grupohoymexico.com\/hidalgo\/wp-content\/uploads\/sites\/5\/2025\/03\/photo_5102904074227002779_w.jpg","type":"image\/jpeg"}],"author":"user","twitter_card":"summary_large_image","twitter_misc":{"Escrito por":"user","Tiempo de lectura":"2 minutos"},"schema":{"@context":"https:\/\/schema.org","@graph":[{"@type":"Article","@id":"https:\/\/grupohoymexico.com\/hidalgo\/estatal\/julio-valera-asume-titularidad-de-sedatu-en-hidalgo\/#article","isPartOf":{"@id":"https:\/\/grupohoymexico.com\/hidalgo\/estatal\/julio-valera-asume-titularidad-de-sedatu-en-hidalgo\/"},"author":{"name":"user","@id":"https:\/\/grupohoymexico.com\/hidalgo\/#\/schema\/person\/ce6086ac837852775a3a4f539356c297"},"headline":"Julio Valera asume titularidad de Sedatu en Hidalgo","datePublished":"2025-03-18T18:29:23+00:00","dateModified":"2025-03-18T18:29:24+00:00","mainEntityOfPage":{"@id":"https:\/\/grupohoymexico.com\/hidalgo\/estatal\/julio-valera-asume-titularidad-de-sedatu-en-hidalgo\/"},"wordCount":359,"commentCount":0,"image":{"@id":"https:\/\/grupohoymexico.com\/hidalgo\/estatal\/julio-valera-asume-titularidad-de-sedatu-en-hidalgo\/#primaryimage"},"thumbnailUrl":"https:\/\/grupohoymexico.com\/hidalgo\/wp-content\/uploads\/sites\/5\/2025\/03\/photo_5102904074227002779_w.jpg","keywords":["Hidalgo","Julio Manuel Valera Piedras","Morena","PRI","Sedatu"],"articleSection":["Estatal"],"inLanguage":"es","potentialAction":[{"@type":"CommentAction","name":"Comment","target":["https:\/\/grupohoymexico.com\/hidalgo\/estatal\/julio-valera-asume-titularidad-de-sedatu-en-hidalgo\/#respond"]}]},{"@type":"WebPage","@id":"https:\/\/grupohoymexico.com\/hidalgo\/estatal\/julio-valera-asume-titularidad-de-sedatu-en-hidalgo\/","url":"https:\/\/grupohoymexico.com\/hidalgo\/estatal\/julio-valera-asume-titularidad-de-sedatu-en-hidalgo\/","name":"Julio Valera asume titularidad de Sedatu en Hidalgo - Hidalgo Hoy","isPartOf":{"@id":"https:\/\/grupohoymexico.com\/hidalgo\/#website"},"primaryImageOfPage":{"@id":"https:\/\/grupohoymexico.com\/hidalgo\/estatal\/julio-valera-asume-titularidad-de-sedatu-en-hidalgo\/#primaryimage"},"image":{"@id":"https:\/\/grupohoymexico.com\/hidalgo\/estatal\/julio-valera-asume-titularidad-de-sedatu-en-hidalgo\/#primaryimage"},"thumbnailUrl":"https:\/\/grupohoymexico.com\/hidalgo\/wp-content\/uploads\/sites\/5\/2025\/03\/photo_5102904074227002779_w.jpg","datePublished":"2025-03-18T18:29:23+00:00","dateModified":"2025-03-18T18:29:24+00:00","author":{"@id":"https:\/\/grupohoymexico.com\/hidalgo\/#\/schema\/person\/ce6086ac837852775a3a4f539356c297"},"description":"Julio Manuel Valera Piedras\u00a0tomar\u00e1 posesi\u00f3n como titular de la\u00a0Secretar\u00eda de Desarrollo Agrario, Territorial y Urbano (Sedatu)\u00a0en Hidalgo.","breadcrumb":{"@id":"https:\/\/grupohoymexico.com\/hidalgo\/estatal\/julio-valera-asume-titularidad-de-sedatu-en-hidalgo\/#breadcrumb"},"inLanguage":"es","potentialAction":[{"@type":"ReadAction","target":["https:\/\/grupohoymexico.com\/hidalgo\/estatal\/julio-valera-asume-titularidad-de-sedatu-en-hidalgo\/"]}]},{"@type":"ImageObject","inLanguage":"es","@id":"https:\/\/grupohoymexico.com\/hidalgo\/estatal\/julio-valera-asume-titularidad-de-sedatu-en-hidalgo\/#primaryimage","url":"https:\/\/grupohoymexico.com\/hidalgo\/wp-content\/uploads\/sites\/5\/2025\/03\/photo_5102904074227002779_w.jpg","contentUrl":"https:\/\/grupohoymexico.com\/hidalgo\/wp-content\/uploads\/sites\/5\/2025\/03\/photo_5102904074227002779_w.jpg","width":2560,"height":1360,"caption":"Julio Valera asume titularidad de Sedatu en Hidalgo"},{"@type":"BreadcrumbList","@id":"https:\/\/grupohoymexico.com\/hidalgo\/estatal\/julio-valera-asume-titularidad-de-sedatu-en-hidalgo\/#breadcrumb","itemListElement":[{"@type":"ListItem","position":1,"name":"Inicio","item":"https:\/\/grupohoymexico.com\/hidalgo\/"},{"@type":"ListItem","position":2,"name":"Julio Valera asume titularidad de Sedatu en Hidalgo"}]},{"@type":"WebSite","@id":"https:\/\/grupohoymexico.com\/hidalgo\/#website","url":"https:\/\/grupohoymexico.com\/hidalgo\/","name":"Hidalgo Hoy","description":"El alma de la noticia","potentialAction":[{"@type":"SearchAction","target":{"@type":"EntryPoint","urlTemplate":"https:\/\/grupohoymexico.com\/hidalgo\/?s={search_term_string}"},"query-input":{"@type":"PropertyValueSpecification","valueRequired":true,"valueName":"search_term_string"}}],"inLanguage":"es"},{"@type":"Person","@id":"https:\/\/grupohoymexico.com\/hidalgo\/#\/schema\/person\/ce6086ac837852775a3a4f539356c297","name":"user","image":{"@type":"ImageObject","inLanguage":"es","@id":"https:\/\/secure.gravatar.com\/avatar\/25f78de4fa956f6f7c01f8d96f8087d8958ebe06d57e630cd54e36aefb9dacea?s=96&d=mm&r=g","url":"https:\/\/secure.gravatar.com\/avatar\/25f78de4fa956f6f7c01f8d96f8087d8958ebe06d57e630cd54e36aefb9dacea?s=96&d=mm&r=g","contentUrl":"https:\/\/secure.gravatar.com\/avatar\/25f78de4fa956f6f7c01f8d96f8087d8958ebe06d57e630cd54e36aefb9dacea?s=96&d=mm&r=g","caption":"user"},"sameAs":["http:\/\/44.197.188.197.nip.io"],"url":"https:\/\/grupohoymexico.com\/hidalgo\/author\/user\/"}]}},"_links":{"self":[{"href":"https:\/\/grupohoymexico.com\/hidalgo\/wp-json\/wp\/v2\/posts\/3803","targetHints":{"allow":["GET"]}}],"collection":[{"href":"https:\/\/grupohoymexico.com\/hidalgo\/wp-json\/wp\/v2\/posts"}],"about":[{"href":"https:\/\/grupohoymexico.com\/hidalgo\/wp-json\/wp\/v2\/types\/post"}],"author":[{"embeddable":true,"href":"https:\/\/grupohoymexico.com\/hidalgo\/wp-json\/wp\/v2\/users\/1"}],"replies":[{"embeddable":true,"href":"https:\/\/grupohoymexico.com\/hidalgo\/wp-json\/wp\/v2\/comments?post=3803"}],"version-history":[{"count":1,"href":"https:\/\/grupohoymexico.com\/hidalgo\/wp-json\/wp\/v2\/posts\/3803\/revisions"}],"predecessor-version":[{"id":3806,"href":"https:\/\/grupohoymexico.com\/hidalgo\/wp-json\/wp\/v2\/posts\/3803\/revisions\/3806"}],"wp:featuredmedia":[{"embeddable":true,"href":"https:\/\/grupohoymexico.com\/hidalgo\/wp-json\/wp\/v2\/media\/3813"}],"wp:attachment":[{"href":"https:\/\/grupohoymexico.com\/hidalgo\/wp-json\/wp\/v2\/media?parent=3803"}],"wp:term":[{"taxonomy":"category","embeddable":true,"href":"https:\/\/grupohoymexico.com\/hidalgo\/wp-json\/wp\/v2\/categories?post=3803"},{"taxonomy":"post_tag","embeddable":true,"href":"https:\/\/grupohoymexico.com\/hidalgo\/wp-json\/wp\/v2\/tags?post=3803"}],"curies":[{"name":"wp","href":"https:\/\/api.w.org\/{rel}","templated":true}]}}