{"id":3631,"date":"2025-03-12T09:17:03","date_gmt":"2025-03-12T15:17:03","guid":{"rendered":"https:\/\/grupohoymexico.com\/hidalgohoy\/?p=3631"},"modified":"2025-03-12T09:17:04","modified_gmt":"2025-03-12T15:17:04","slug":"imss-bienestar-fomenta-alimentacion-saludable-en-hidalgo","status":"publish","type":"post","link":"https:\/\/grupohoymexico.com\/hidalgo\/estatal\/imss-bienestar-fomenta-alimentacion-saludable-en-hidalgo\/","title":{"rendered":"IMSS Bienestar fomenta alimentaci\u00f3n saludable en Hidalgo\u00a0"},"content":{"rendered":"\n<p>Tras el anuncio de la <strong>Secretar\u00eda de Educaci\u00f3n P\u00fablica de Hidalgo<\/strong> de la entrada en vigor de la prohibici\u00f3n de comida chatarra en las<strong> instituciones educativas<\/strong> estatales, especialistas en el tema resaltan la importancia de promover h\u00e1bitos de <strong>alimentaci\u00f3n saludable<\/strong> en la<strong> infancia<\/strong> y <strong>adolescencia.<\/strong><br><\/p>\n\n\n\n<h3 class=\"wp-block-heading\">\u00bfBeneficios de la alimentaci\u00f3n saludable en Hidalgo? <\/h3>\n\n\n\n<p><br><br>La nutri\u00f3loga del<strong> IMSS bienestar,<\/strong> Ana Itzel Franco, asegur\u00f3 que al mantener un equilibrio en la dieta y evitar consumir productos azucarados, as\u00ed como aquellos alimentos procesados, son medidas importantes para evitar la obesidad, diabetes e hipertensi\u00f3n entre los estudiantes adolescentes.  <\/p>\n\n\n\n<figure class=\"wp-block-image size-full\"><img fetchpriority=\"high\" decoding=\"async\" width=\"480\" height=\"270\" src=\"https:\/\/grupohoymexico.com\/wp-content\/uploads\/sites\/5\/2025\/03\/image-58.png\" alt=\"\" class=\"wp-image-3633\" srcset=\"https:\/\/grupohoymexico.com\/hidalgo\/wp-content\/uploads\/sites\/5\/2025\/03\/image-58.png 480w, https:\/\/grupohoymexico.com\/hidalgo\/wp-content\/uploads\/sites\/5\/2025\/03\/image-58-300x169.png 300w\" sizes=\"(max-width: 480px) 100vw, 480px\" \/><\/figure>\n\n\n\n<p><\/p>\n\n\n\n<p>La experta enfatiz\u00f3 que la responsabilidad de promover los correctos h\u00e1bitos alimenticios no recae solo en las instituciones educativas, sino tambi\u00e9n en los hogares de los estudiantes.<br><br>LEE TAMBI\u00c9N: <a href=\"https:\/\/grupohoymexico.com\/hidalgohoy\/estatal\/mexico-alcanza-cifra-record-de-empleos-en-el-imss-bajo-la-administracion-de-claudia-sheinbaum\/\">Nuevo r\u00e9cord de empleos en el IMSS <\/a><\/p>\n\n\n\n<blockquote class=\"wp-block-quote is-layout-flow wp-block-quote-is-layout-flow\">\n<p> &#8220;La disponibilidad de alimentos en casa influye en los h\u00e1bitos de los adolescentes. Si en el hogar se promueve una alimentaci\u00f3n equilibrada con frutas, verduras y prote\u00ednas, se pueden reducir los riesgos de desarrollar enfermedades cr\u00f3nicas&#8221;, explic\u00f3.<\/p>\n<\/blockquote>\n\n\n\n<p>Asimismo, advirti\u00f3 sobre los efectos negativos del consumo frecuente de productos con alto contenido de az\u00facar, como <strong>refrescos <\/strong>y <strong>bebidas energ\u00e9ticas.<\/strong> <\/p>\n\n\n\n<blockquote class=\"wp-block-quote is-layout-flow wp-block-quote-is-layout-flow\">\n<p>&#8220;Estos pueden contribuir al desarrollo de enfermedades metab\u00f3licas a edades tempranas, adem\u00e1s de afectar la calidad del sue\u00f1o y la salud digestiva y cardiovascular&#8221;, puntualiz\u00f3.<\/p>\n<\/blockquote>\n\n\n\n<h3 class=\"wp-block-heading\">Importancia del sue\u00f1o entre los adolescentes <\/h3>\n\n\n\n<p>Seg\u00fan la especialista, el <strong>sue\u00f1o<\/strong> es fundamental para el <strong>crecimiento<\/strong> y la <strong>regeneraci\u00f3n celular, <\/strong>por lo que una <strong>dieta inadecuada<\/strong> podr\u00eda alterar estos <strong>procesos<\/strong>. Adem\u00e1s, una alimentaci\u00f3n deficiente puede afectar la <strong>mucosa intestinal<\/strong> y provocar problemas digestivos como <strong>gastritis<\/strong>, <strong>estre\u00f1imiento<\/strong> o <strong>diarrea.<\/strong> <\/p>\n\n\n\n<figure class=\"wp-block-image size-full\"><img decoding=\"async\" width=\"618\" height=\"363\" src=\"https:\/\/grupohoymexico.com\/wp-content\/uploads\/sites\/5\/2025\/03\/image-59.png\" alt=\"\" class=\"wp-image-3634\" srcset=\"https:\/\/grupohoymexico.com\/hidalgo\/wp-content\/uploads\/sites\/5\/2025\/03\/image-59.png 618w, https:\/\/grupohoymexico.com\/hidalgo\/wp-content\/uploads\/sites\/5\/2025\/03\/image-59-300x176.png 300w\" sizes=\"(max-width: 618px) 100vw, 618px\" \/><\/figure>\n\n\n\n<p><\/p>\n\n\n\n<p>La medida de la <strong>Secretar\u00eda de Educaci\u00f3n P\u00fablica<\/strong> busca generar un impacto positivo en la salud de la comunidad estudiantil, promoviendo entornos escolares m\u00e1s saludables y reduciendo la incidencia de <strong>enfermedades<\/strong> relacionadas con una <strong>mala alimentaci\u00f3n<\/strong>.<\/p>\n\n\n\n<p>Autoridades<strong> educativas<\/strong> han hecho un llamado a las <strong>madres<\/strong>, <strong>padres<\/strong> y cuidadores a sumarse a estas<strong> iniciativas<\/strong> fomentando una <strong>alimentaci\u00f3n balanceada<\/strong> desde el hogar. Con esta estrategia, se espera un cambio en los <strong>h\u00e1bitos alimenticios<\/strong> de los <strong>estudiantes<\/strong>, reduciendo la dependencia de <strong>productos ultraprocesados<\/strong> y mejorando su <strong>bienestar general<\/strong>. <\/p>\n","protected":false},"excerpt":{"rendered":"Tras el anuncio de la Secretar\u00eda de Educaci\u00f3n P\u00fablica de Hidalgo de la entrada en vigor de la&hellip;","protected":false},"author":30,"featured_media":3632,"comment_status":"open","ping_status":"open","sticky":false,"template":"","format":"standard","meta":{"csco_display_header_overlay":false,"csco_singular_sidebar":"","csco_page_header_type":"","csco_page_load_nextpost":"","csco_post_video_location":[],"csco_post_video_location_hash":"","csco_post_video_url":"","csco_post_video_bg_start_time":0,"csco_post_video_bg_end_time":0,"footnotes":""},"categories":[172],"tags":[686,684,190,685],"class_list":{"0":"post-3631","1":"post","2":"type-post","3":"status-publish","4":"format-standard","5":"has-post-thumbnail","7":"category-estatal","8":"tag-adolescentes","9":"tag-alimentacion-saludable","10":"tag-hidalgo","11":"tag-imss-bienestar","12":"cs-entry","13":"cs-video-wrap"},"yoast_head":"<!-- This site is optimized with the Yoast SEO Premium plugin v24.7 (Yoast SEO v27.4) - https:\/\/yoast.com\/product\/yoast-seo-premium-wordpress\/ -->\n<title>IMSS Bienestar fomenta alimentaci\u00f3n saludable en Hidalgo\u00a0<\/title>\n<meta name=\"description\" content=\"La nutri\u00f3loga del IMSS Bienestar Ana Itzel Franco habl\u00f3 sobre los esfuerzos en Hidalgo para promover la alimentaci\u00f3n saludable en las\" \/>\n<meta name=\"robots\" content=\"index, follow, max-snippet:-1, max-image-preview:large, max-video-preview:-1\" \/>\n<link rel=\"canonical\" href=\"https:\/\/grupohoymexico.com\/hidalgo\/estatal\/imss-bienestar-fomenta-alimentacion-saludable-en-hidalgo\/\" \/>\n<meta property=\"og:locale\" content=\"es_MX\" \/>\n<meta property=\"og:type\" content=\"article\" \/>\n<meta property=\"og:title\" content=\"IMSS Bienestar fomenta alimentaci\u00f3n saludable en Hidalgo\u00a0\" \/>\n<meta property=\"og:description\" content=\"La nutri\u00f3loga del IMSS Bienestar Ana Itzel Franco habl\u00f3 sobre los esfuerzos en Hidalgo para promover la alimentaci\u00f3n saludable en las\" \/>\n<meta property=\"og:url\" content=\"https:\/\/grupohoymexico.com\/hidalgo\/estatal\/imss-bienestar-fomenta-alimentacion-saludable-en-hidalgo\/\" \/>\n<meta property=\"og:site_name\" content=\"Hidalgo Hoy\" \/>\n<meta property=\"article:published_time\" content=\"2025-03-12T15:17:03+00:00\" \/>\n<meta property=\"article:modified_time\" content=\"2025-03-12T15:17:04+00:00\" \/>\n<meta property=\"og:image\" content=\"https:\/\/grupohoymexico.com\/hidalgo\/wp-content\/uploads\/sites\/5\/2025\/03\/Imss-bienestar.jpg\" \/>\n\t<meta property=\"og:image:width\" content=\"1270\" \/>\n\t<meta property=\"og:image:height\" content=\"662\" \/>\n\t<meta property=\"og:image:type\" content=\"image\/jpeg\" \/>\n<meta name=\"author\" content=\"eduardo\" \/>\n<meta name=\"twitter:card\" content=\"summary_large_image\" \/>\n<meta name=\"twitter:label1\" content=\"Escrito por\" \/>\n\t<meta name=\"twitter:data1\" content=\"eduardo\" \/>\n\t<meta name=\"twitter:label2\" content=\"Tiempo de lectura\" \/>\n\t<meta name=\"twitter:data2\" content=\"2 minutos\" \/>\n<script type=\"application\/ld+json\" class=\"yoast-schema-graph\">{\"@context\":\"https:\\\/\\\/schema.org\",\"@graph\":[{\"@type\":\"Article\",\"@id\":\"https:\\\/\\\/grupohoymexico.com\\\/hidalgo\\\/estatal\\\/imss-bienestar-fomenta-alimentacion-saludable-en-hidalgo\\\/#article\",\"isPartOf\":{\"@id\":\"https:\\\/\\\/grupohoymexico.com\\\/hidalgo\\\/estatal\\\/imss-bienestar-fomenta-alimentacion-saludable-en-hidalgo\\\/\"},\"author\":{\"name\":\"eduardo\",\"@id\":\"https:\\\/\\\/grupohoymexico.com\\\/hidalgo\\\/#\\\/schema\\\/person\\\/e95b7b8df1e5c291ede743c160292779\"},\"headline\":\"IMSS Bienestar fomenta alimentaci\u00f3n saludable en Hidalgo\u00a0\",\"datePublished\":\"2025-03-12T15:17:03+00:00\",\"dateModified\":\"2025-03-12T15:17:04+00:00\",\"mainEntityOfPage\":{\"@id\":\"https:\\\/\\\/grupohoymexico.com\\\/hidalgo\\\/estatal\\\/imss-bienestar-fomenta-alimentacion-saludable-en-hidalgo\\\/\"},\"wordCount\":390,\"commentCount\":0,\"image\":{\"@id\":\"https:\\\/\\\/grupohoymexico.com\\\/hidalgo\\\/estatal\\\/imss-bienestar-fomenta-alimentacion-saludable-en-hidalgo\\\/#primaryimage\"},\"thumbnailUrl\":\"https:\\\/\\\/grupohoymexico.com\\\/hidalgo\\\/wp-content\\\/uploads\\\/sites\\\/5\\\/2025\\\/03\\\/Imss-bienestar.jpg\",\"keywords\":[\"Adolescentes\",\"Alimentaci\u00f3n saludable\",\"Hidalgo\",\"IMSS Bienestar\"],\"articleSection\":[\"Estatal\"],\"inLanguage\":\"es\",\"potentialAction\":[{\"@type\":\"CommentAction\",\"name\":\"Comment\",\"target\":[\"https:\\\/\\\/grupohoymexico.com\\\/hidalgo\\\/estatal\\\/imss-bienestar-fomenta-alimentacion-saludable-en-hidalgo\\\/#respond\"]}]},{\"@type\":\"WebPage\",\"@id\":\"https:\\\/\\\/grupohoymexico.com\\\/hidalgo\\\/estatal\\\/imss-bienestar-fomenta-alimentacion-saludable-en-hidalgo\\\/\",\"url\":\"https:\\\/\\\/grupohoymexico.com\\\/hidalgo\\\/estatal\\\/imss-bienestar-fomenta-alimentacion-saludable-en-hidalgo\\\/\",\"name\":\"IMSS Bienestar fomenta alimentaci\u00f3n saludable en Hidalgo\u00a0\",\"isPartOf\":{\"@id\":\"https:\\\/\\\/grupohoymexico.com\\\/hidalgo\\\/#website\"},\"primaryImageOfPage\":{\"@id\":\"https:\\\/\\\/grupohoymexico.com\\\/hidalgo\\\/estatal\\\/imss-bienestar-fomenta-alimentacion-saludable-en-hidalgo\\\/#primaryimage\"},\"image\":{\"@id\":\"https:\\\/\\\/grupohoymexico.com\\\/hidalgo\\\/estatal\\\/imss-bienestar-fomenta-alimentacion-saludable-en-hidalgo\\\/#primaryimage\"},\"thumbnailUrl\":\"https:\\\/\\\/grupohoymexico.com\\\/hidalgo\\\/wp-content\\\/uploads\\\/sites\\\/5\\\/2025\\\/03\\\/Imss-bienestar.jpg\",\"datePublished\":\"2025-03-12T15:17:03+00:00\",\"dateModified\":\"2025-03-12T15:17:04+00:00\",\"author\":{\"@id\":\"https:\\\/\\\/grupohoymexico.com\\\/hidalgo\\\/#\\\/schema\\\/person\\\/e95b7b8df1e5c291ede743c160292779\"},\"description\":\"La nutri\u00f3loga del IMSS Bienestar Ana Itzel Franco habl\u00f3 sobre los esfuerzos en Hidalgo para promover la alimentaci\u00f3n saludable en las\",\"breadcrumb\":{\"@id\":\"https:\\\/\\\/grupohoymexico.com\\\/hidalgo\\\/estatal\\\/imss-bienestar-fomenta-alimentacion-saludable-en-hidalgo\\\/#breadcrumb\"},\"inLanguage\":\"es\",\"potentialAction\":[{\"@type\":\"ReadAction\",\"target\":[\"https:\\\/\\\/grupohoymexico.com\\\/hidalgo\\\/estatal\\\/imss-bienestar-fomenta-alimentacion-saludable-en-hidalgo\\\/\"]}]},{\"@type\":\"ImageObject\",\"inLanguage\":\"es\",\"@id\":\"https:\\\/\\\/grupohoymexico.com\\\/hidalgo\\\/estatal\\\/imss-bienestar-fomenta-alimentacion-saludable-en-hidalgo\\\/#primaryimage\",\"url\":\"https:\\\/\\\/grupohoymexico.com\\\/hidalgo\\\/wp-content\\\/uploads\\\/sites\\\/5\\\/2025\\\/03\\\/Imss-bienestar.jpg\",\"contentUrl\":\"https:\\\/\\\/grupohoymexico.com\\\/hidalgo\\\/wp-content\\\/uploads\\\/sites\\\/5\\\/2025\\\/03\\\/Imss-bienestar.jpg\",\"width\":1270,\"height\":662,\"caption\":\"Imss bienestar\"},{\"@type\":\"BreadcrumbList\",\"@id\":\"https:\\\/\\\/grupohoymexico.com\\\/hidalgo\\\/estatal\\\/imss-bienestar-fomenta-alimentacion-saludable-en-hidalgo\\\/#breadcrumb\",\"itemListElement\":[{\"@type\":\"ListItem\",\"position\":1,\"name\":\"Inicio\",\"item\":\"https:\\\/\\\/grupohoymexico.com\\\/hidalgo\\\/\"},{\"@type\":\"ListItem\",\"position\":2,\"name\":\"IMSS Bienestar fomenta alimentaci\u00f3n saludable en Hidalgo\u00a0\"}]},{\"@type\":\"WebSite\",\"@id\":\"https:\\\/\\\/grupohoymexico.com\\\/hidalgo\\\/#website\",\"url\":\"https:\\\/\\\/grupohoymexico.com\\\/hidalgo\\\/\",\"name\":\"Hidalgo Hoy\",\"description\":\"El alma de la noticia\",\"potentialAction\":[{\"@type\":\"SearchAction\",\"target\":{\"@type\":\"EntryPoint\",\"urlTemplate\":\"https:\\\/\\\/grupohoymexico.com\\\/hidalgo\\\/?s={search_term_string}\"},\"query-input\":{\"@type\":\"PropertyValueSpecification\",\"valueRequired\":true,\"valueName\":\"search_term_string\"}}],\"inLanguage\":\"es\"},{\"@type\":\"Person\",\"@id\":\"https:\\\/\\\/grupohoymexico.com\\\/hidalgo\\\/#\\\/schema\\\/person\\\/e95b7b8df1e5c291ede743c160292779\",\"name\":\"eduardo\",\"image\":{\"@type\":\"ImageObject\",\"inLanguage\":\"es\",\"@id\":\"https:\\\/\\\/secure.gravatar.com\\\/avatar\\\/ecdd30dcf3feeb5f57f13840c3daeb08334d3b69de7bb9e067a540c4925a9788?s=96&d=mm&r=g\",\"url\":\"https:\\\/\\\/secure.gravatar.com\\\/avatar\\\/ecdd30dcf3feeb5f57f13840c3daeb08334d3b69de7bb9e067a540c4925a9788?s=96&d=mm&r=g\",\"contentUrl\":\"https:\\\/\\\/secure.gravatar.com\\\/avatar\\\/ecdd30dcf3feeb5f57f13840c3daeb08334d3b69de7bb9e067a540c4925a9788?s=96&d=mm&r=g\",\"caption\":\"eduardo\"},\"url\":\"https:\\\/\\\/grupohoymexico.com\\\/hidalgo\\\/author\\\/eduardo\\\/\"}]}<\/script>\n<!-- \/ Yoast SEO Premium plugin. -->","yoast_head_json":{"title":"IMSS Bienestar fomenta alimentaci\u00f3n saludable en Hidalgo\u00a0","description":"La nutri\u00f3loga del IMSS Bienestar Ana Itzel Franco habl\u00f3 sobre los esfuerzos en Hidalgo para promover la alimentaci\u00f3n saludable en las","robots":{"index":"index","follow":"follow","max-snippet":"max-snippet:-1","max-image-preview":"max-image-preview:large","max-video-preview":"max-video-preview:-1"},"canonical":"https:\/\/grupohoymexico.com\/hidalgo\/estatal\/imss-bienestar-fomenta-alimentacion-saludable-en-hidalgo\/","og_locale":"es_MX","og_type":"article","og_title":"IMSS Bienestar fomenta alimentaci\u00f3n saludable en Hidalgo\u00a0","og_description":"La nutri\u00f3loga del IMSS Bienestar Ana Itzel Franco habl\u00f3 sobre los esfuerzos en Hidalgo para promover la alimentaci\u00f3n saludable en las","og_url":"https:\/\/grupohoymexico.com\/hidalgo\/estatal\/imss-bienestar-fomenta-alimentacion-saludable-en-hidalgo\/","og_site_name":"Hidalgo Hoy","article_published_time":"2025-03-12T15:17:03+00:00","article_modified_time":"2025-03-12T15:17:04+00:00","og_image":[{"width":1270,"height":662,"url":"https:\/\/grupohoymexico.com\/hidalgo\/wp-content\/uploads\/sites\/5\/2025\/03\/Imss-bienestar.jpg","type":"image\/jpeg"}],"author":"eduardo","twitter_card":"summary_large_image","twitter_misc":{"Escrito por":"eduardo","Tiempo de lectura":"2 minutos"},"schema":{"@context":"https:\/\/schema.org","@graph":[{"@type":"Article","@id":"https:\/\/grupohoymexico.com\/hidalgo\/estatal\/imss-bienestar-fomenta-alimentacion-saludable-en-hidalgo\/#article","isPartOf":{"@id":"https:\/\/grupohoymexico.com\/hidalgo\/estatal\/imss-bienestar-fomenta-alimentacion-saludable-en-hidalgo\/"},"author":{"name":"eduardo","@id":"https:\/\/grupohoymexico.com\/hidalgo\/#\/schema\/person\/e95b7b8df1e5c291ede743c160292779"},"headline":"IMSS Bienestar fomenta alimentaci\u00f3n saludable en Hidalgo\u00a0","datePublished":"2025-03-12T15:17:03+00:00","dateModified":"2025-03-12T15:17:04+00:00","mainEntityOfPage":{"@id":"https:\/\/grupohoymexico.com\/hidalgo\/estatal\/imss-bienestar-fomenta-alimentacion-saludable-en-hidalgo\/"},"wordCount":390,"commentCount":0,"image":{"@id":"https:\/\/grupohoymexico.com\/hidalgo\/estatal\/imss-bienestar-fomenta-alimentacion-saludable-en-hidalgo\/#primaryimage"},"thumbnailUrl":"https:\/\/grupohoymexico.com\/hidalgo\/wp-content\/uploads\/sites\/5\/2025\/03\/Imss-bienestar.jpg","keywords":["Adolescentes","Alimentaci\u00f3n saludable","Hidalgo","IMSS Bienestar"],"articleSection":["Estatal"],"inLanguage":"es","potentialAction":[{"@type":"CommentAction","name":"Comment","target":["https:\/\/grupohoymexico.com\/hidalgo\/estatal\/imss-bienestar-fomenta-alimentacion-saludable-en-hidalgo\/#respond"]}]},{"@type":"WebPage","@id":"https:\/\/grupohoymexico.com\/hidalgo\/estatal\/imss-bienestar-fomenta-alimentacion-saludable-en-hidalgo\/","url":"https:\/\/grupohoymexico.com\/hidalgo\/estatal\/imss-bienestar-fomenta-alimentacion-saludable-en-hidalgo\/","name":"IMSS Bienestar fomenta alimentaci\u00f3n saludable en Hidalgo\u00a0","isPartOf":{"@id":"https:\/\/grupohoymexico.com\/hidalgo\/#website"},"primaryImageOfPage":{"@id":"https:\/\/grupohoymexico.com\/hidalgo\/estatal\/imss-bienestar-fomenta-alimentacion-saludable-en-hidalgo\/#primaryimage"},"image":{"@id":"https:\/\/grupohoymexico.com\/hidalgo\/estatal\/imss-bienestar-fomenta-alimentacion-saludable-en-hidalgo\/#primaryimage"},"thumbnailUrl":"https:\/\/grupohoymexico.com\/hidalgo\/wp-content\/uploads\/sites\/5\/2025\/03\/Imss-bienestar.jpg","datePublished":"2025-03-12T15:17:03+00:00","dateModified":"2025-03-12T15:17:04+00:00","author":{"@id":"https:\/\/grupohoymexico.com\/hidalgo\/#\/schema\/person\/e95b7b8df1e5c291ede743c160292779"},"description":"La nutri\u00f3loga del IMSS Bienestar Ana Itzel Franco habl\u00f3 sobre los esfuerzos en Hidalgo para promover la alimentaci\u00f3n saludable en las","breadcrumb":{"@id":"https:\/\/grupohoymexico.com\/hidalgo\/estatal\/imss-bienestar-fomenta-alimentacion-saludable-en-hidalgo\/#breadcrumb"},"inLanguage":"es","potentialAction":[{"@type":"ReadAction","target":["https:\/\/grupohoymexico.com\/hidalgo\/estatal\/imss-bienestar-fomenta-alimentacion-saludable-en-hidalgo\/"]}]},{"@type":"ImageObject","inLanguage":"es","@id":"https:\/\/grupohoymexico.com\/hidalgo\/estatal\/imss-bienestar-fomenta-alimentacion-saludable-en-hidalgo\/#primaryimage","url":"https:\/\/grupohoymexico.com\/hidalgo\/wp-content\/uploads\/sites\/5\/2025\/03\/Imss-bienestar.jpg","contentUrl":"https:\/\/grupohoymexico.com\/hidalgo\/wp-content\/uploads\/sites\/5\/2025\/03\/Imss-bienestar.jpg","width":1270,"height":662,"caption":"Imss bienestar"},{"@type":"BreadcrumbList","@id":"https:\/\/grupohoymexico.com\/hidalgo\/estatal\/imss-bienestar-fomenta-alimentacion-saludable-en-hidalgo\/#breadcrumb","itemListElement":[{"@type":"ListItem","position":1,"name":"Inicio","item":"https:\/\/grupohoymexico.com\/hidalgo\/"},{"@type":"ListItem","position":2,"name":"IMSS Bienestar fomenta alimentaci\u00f3n saludable en Hidalgo\u00a0"}]},{"@type":"WebSite","@id":"https:\/\/grupohoymexico.com\/hidalgo\/#website","url":"https:\/\/grupohoymexico.com\/hidalgo\/","name":"Hidalgo Hoy","description":"El alma de la noticia","potentialAction":[{"@type":"SearchAction","target":{"@type":"EntryPoint","urlTemplate":"https:\/\/grupohoymexico.com\/hidalgo\/?s={search_term_string}"},"query-input":{"@type":"PropertyValueSpecification","valueRequired":true,"valueName":"search_term_string"}}],"inLanguage":"es"},{"@type":"Person","@id":"https:\/\/grupohoymexico.com\/hidalgo\/#\/schema\/person\/e95b7b8df1e5c291ede743c160292779","name":"eduardo","image":{"@type":"ImageObject","inLanguage":"es","@id":"https:\/\/secure.gravatar.com\/avatar\/ecdd30dcf3feeb5f57f13840c3daeb08334d3b69de7bb9e067a540c4925a9788?s=96&d=mm&r=g","url":"https:\/\/secure.gravatar.com\/avatar\/ecdd30dcf3feeb5f57f13840c3daeb08334d3b69de7bb9e067a540c4925a9788?s=96&d=mm&r=g","contentUrl":"https:\/\/secure.gravatar.com\/avatar\/ecdd30dcf3feeb5f57f13840c3daeb08334d3b69de7bb9e067a540c4925a9788?s=96&d=mm&r=g","caption":"eduardo"},"url":"https:\/\/grupohoymexico.com\/hidalgo\/author\/eduardo\/"}]}},"_links":{"self":[{"href":"https:\/\/grupohoymexico.com\/hidalgo\/wp-json\/wp\/v2\/posts\/3631","targetHints":{"allow":["GET"]}}],"collection":[{"href":"https:\/\/grupohoymexico.com\/hidalgo\/wp-json\/wp\/v2\/posts"}],"about":[{"href":"https:\/\/grupohoymexico.com\/hidalgo\/wp-json\/wp\/v2\/types\/post"}],"author":[{"embeddable":true,"href":"https:\/\/grupohoymexico.com\/hidalgo\/wp-json\/wp\/v2\/users\/30"}],"replies":[{"embeddable":true,"href":"https:\/\/grupohoymexico.com\/hidalgo\/wp-json\/wp\/v2\/comments?post=3631"}],"version-history":[{"count":1,"href":"https:\/\/grupohoymexico.com\/hidalgo\/wp-json\/wp\/v2\/posts\/3631\/revisions"}],"predecessor-version":[{"id":3635,"href":"https:\/\/grupohoymexico.com\/hidalgo\/wp-json\/wp\/v2\/posts\/3631\/revisions\/3635"}],"wp:featuredmedia":[{"embeddable":true,"href":"https:\/\/grupohoymexico.com\/hidalgo\/wp-json\/wp\/v2\/media\/3632"}],"wp:attachment":[{"href":"https:\/\/grupohoymexico.com\/hidalgo\/wp-json\/wp\/v2\/media?parent=3631"}],"wp:term":[{"taxonomy":"category","embeddable":true,"href":"https:\/\/grupohoymexico.com\/hidalgo\/wp-json\/wp\/v2\/categories?post=3631"},{"taxonomy":"post_tag","embeddable":true,"href":"https:\/\/grupohoymexico.com\/hidalgo\/wp-json\/wp\/v2\/tags?post=3631"}],"curies":[{"name":"wp","href":"https:\/\/api.w.org\/{rel}","templated":true}]}}