{"id":3261,"date":"2025-02-27T12:06:32","date_gmt":"2025-02-27T18:06:32","guid":{"rendered":"https:\/\/grupohoymexico.com\/hidalgohoy\/?p=3261"},"modified":"2025-02-27T12:06:33","modified_gmt":"2025-02-27T18:06:33","slug":"colonias-de-pachuca-en-la-mira-por-no-respetar-horarios-de-recoleccion-de-basura","status":"publish","type":"post","link":"https:\/\/grupohoymexico.com\/hidalgo\/estatal\/colonias-de-pachuca-en-la-mira-por-no-respetar-horarios-de-recoleccion-de-basura\/","title":{"rendered":"Colonias de Pachuca en la mira por no respetar horarios de recolecci\u00f3n de basura"},"content":{"rendered":"\n<p>El <strong>alcalde de<\/strong> <strong>Pachuca<\/strong>, <strong>Jorge Reyes Hern\u00e1ndez<\/strong>, inform\u00f3 que varias colonias de la ciudad de <strong>Pachuca<\/strong>, se encuentran en observaci\u00f3n debido a que algunos vecinos no est\u00e1n respetando los horarios de recolecci\u00f3n de basura. Desde su administraci\u00f3n, se recibieron m\u00faltiples <strong>reportes de personas que dejan sus desechos en la v\u00eda p\u00fablica<\/strong> despu\u00e9s de que ya pas\u00f3 el <strong>cami\u00f3n recolector<\/strong>, lo que est\u00e1 provocando problemas de limpieza y contaminaci\u00f3n. <\/p>\n\n\n\n<h2 class=\"wp-block-heading\">\u00bfCu\u00e1les son las c<strong>olonias con m\u00e1s reportes de basura<\/strong>?<\/h2>\n\n\n\n<p>Entre las colonias m\u00e1s se\u00f1aladas por este problema se encuentran:<\/p>\n\n\n\n<ol class=\"wp-block-list\">\n<li>Doctores<\/li>\n\n\n\n<li>Parque de Poblamiento (sobre avenida Solidaridad)<\/li>\n\n\n\n<li>Plutarco El\u00edas Calles<\/li>\n\n\n\n<li>Matilde<\/li>\n\n\n\n<li>C. Doria<\/li>\n\n\n\n<li>Centro<\/li>\n\n\n\n<li>Patoni<\/li>\n<\/ol>\n\n\n\n<p>Adem\u00e1s, vialidades como la <strong>calzada Veracruz <\/strong>tambi\u00e9n se presenta con acumulaci\u00f3n de desechos. <strong><a href=\"https:\/\/grupohoymexico.com\/hidalgohoy\/estatal\/hidalgo-busca-ser-cuna-defensora-de-los-cocineros-tradicionales\/\">Jorge Reyes<\/a><\/strong>, destac\u00f3 que, en algunos casos, es necesario enviar nuevamente el <strong>servicio de recolecci\u00f3n<\/strong> debido a la falta de cooperaci\u00f3n de los vecinos.<\/p>\n\n\n\n<h2 class=\"wp-block-heading\"><strong>Acciones para combatir el problema<\/strong> de recolecci\u00f3n de basura<\/h2>\n\n\n\n<p>Por lo que, el alcalde <strong>Jorge Reyes<\/strong> anunci\u00f3 que el ayuntamiento realizar\u00e1 recorridos por las colonias m\u00e1s afectadas para identificar y<strong> sancionar a quienes contin\u00faen tirando basura <\/strong>fuera de los horarios establecidos. <\/p>\n\n\n\n<blockquote class=\"wp-block-quote is-layout-flow wp-block-quote-is-layout-flow\">\n<p><em>\u201cEse tipo de\u00a0colonias\u00a0es donde vamos a sancionar tambi\u00e9n y nos vamos a apoyar mucho de los delegados y los l\u00edderes porque ellos son los que van a ser nuestros ojos\u201d, afirm\u00f3.<\/em><\/p>\n<\/blockquote>\n\n\n\n<p>Adem\u00e1s, tambi\u00e9n mencion\u00f3 que se instalar\u00e1n <strong>c\u00e1maras de vigilancia<\/strong> conectadas al <strong>C4<\/strong>, las cuales ayudar\u00e1n a controlar el problema de la basura y tambi\u00e9n contribuir\u00e1n a mejorar la seguridad en la ciudad.<\/p>\n\n\n\n<p>El<strong> incumplimiento de los horarios de recolecci\u00f3n<\/strong> nos genera <strong>problemas de limpieza<\/strong> y aumenta los <strong>costos operativos del servicio<\/strong>. Enviar nuevamente los camiones recolectores implica un gasto adicional para el ayuntamiento, lo que afecta la eficiencia del servicio.<\/p>\n\n\n\n<p>El <strong><a href=\"https:\/\/www.pachuca.gob.mx\/portal\/\">ayuntamiento de Pachuca<\/a><\/strong> hace un llamado a los vecinos para que respeten los horarios de recolecci\u00f3n de basura y contribuyan a mantener la <strong>ciudad limpia<\/strong>. Con la implementaci\u00f3n de sanciones y el <strong>apoyo de la tecnolog\u00eda<\/strong>, se espera reducir significativamente este problema y mejorar la calidad de vida en las <strong>colonias afectadas<\/strong>.<\/p>\n\n\n\n<p><\/p>\n","protected":false},"excerpt":{"rendered":"El alcalde de Pachuca, Jorge Reyes Hern\u00e1ndez, inform\u00f3 que varias colonias de la ciudad de Pachuca, se encuentran&hellip;","protected":false},"author":1,"featured_media":3263,"comment_status":"open","ping_status":"open","sticky":false,"template":"","format":"standard","meta":{"csco_display_header_overlay":false,"csco_singular_sidebar":"","csco_page_header_type":"","csco_page_load_nextpost":"","csco_post_video_location":[],"csco_post_video_location_hash":"","csco_post_video_url":"","csco_post_video_bg_start_time":0,"csco_post_video_bg_end_time":0,"footnotes":""},"categories":[172],"tags":[468,190,191,469],"class_list":{"0":"post-3261","1":"post","2":"type-post","3":"status-publish","4":"format-standard","5":"has-post-thumbnail","7":"category-estatal","8":"tag-basura","9":"tag-hidalgo","10":"tag-jorge-reyes","11":"tag-recoleccion-de-basura","12":"cs-entry","13":"cs-video-wrap"},"yoast_head":"<!-- This site is optimized with the Yoast SEO Premium plugin v24.7 (Yoast SEO v27.4) - https:\/\/yoast.com\/product\/yoast-seo-premium-wordpress\/ -->\n<title>Colonias de Pachuca en la mira por no respetar horarios de recolecci\u00f3n de basura - Hidalgo Hoy<\/title>\n<meta name=\"description\" content=\"Jorge Reyes inform\u00f3 que varias colonias de Pachuca, se encuentran en observaci\u00f3n debido a los horarios de recolecci\u00f3n de basura.\" \/>\n<meta name=\"robots\" content=\"index, follow, max-snippet:-1, max-image-preview:large, max-video-preview:-1\" \/>\n<link rel=\"canonical\" href=\"https:\/\/grupohoymexico.com\/hidalgo\/estatal\/colonias-de-pachuca-en-la-mira-por-no-respetar-horarios-de-recoleccion-de-basura\/\" \/>\n<meta property=\"og:locale\" content=\"es_MX\" \/>\n<meta property=\"og:type\" content=\"article\" \/>\n<meta property=\"og:title\" content=\"Colonias de Pachuca en la mira por no respetar horarios de recolecci\u00f3n de basura\" \/>\n<meta property=\"og:description\" content=\"Jorge Reyes inform\u00f3 que varias colonias de Pachuca, se encuentran en observaci\u00f3n debido a los horarios de recolecci\u00f3n de basura.\" \/>\n<meta property=\"og:url\" content=\"https:\/\/grupohoymexico.com\/hidalgo\/estatal\/colonias-de-pachuca-en-la-mira-por-no-respetar-horarios-de-recoleccion-de-basura\/\" \/>\n<meta property=\"og:site_name\" content=\"Hidalgo Hoy\" \/>\n<meta property=\"article:published_time\" content=\"2025-02-27T18:06:32+00:00\" \/>\n<meta property=\"article:modified_time\" content=\"2025-02-27T18:06:33+00:00\" \/>\n<meta property=\"og:image\" content=\"https:\/\/grupohoymexico.com\/hidalgo\/wp-content\/uploads\/sites\/5\/2025\/02\/5044268394722995761.jpg\" \/>\n\t<meta property=\"og:image:width\" content=\"800\" \/>\n\t<meta property=\"og:image:height\" content=\"425\" \/>\n\t<meta property=\"og:image:type\" content=\"image\/jpeg\" \/>\n<meta name=\"author\" content=\"user\" \/>\n<meta name=\"twitter:card\" content=\"summary_large_image\" \/>\n<meta name=\"twitter:label1\" content=\"Escrito por\" \/>\n\t<meta name=\"twitter:data1\" content=\"user\" \/>\n\t<meta name=\"twitter:label2\" content=\"Tiempo de lectura\" \/>\n\t<meta name=\"twitter:data2\" content=\"2 minutos\" \/>\n<script type=\"application\/ld+json\" class=\"yoast-schema-graph\">{\"@context\":\"https:\\\/\\\/schema.org\",\"@graph\":[{\"@type\":\"Article\",\"@id\":\"https:\\\/\\\/grupohoymexico.com\\\/hidalgo\\\/estatal\\\/colonias-de-pachuca-en-la-mira-por-no-respetar-horarios-de-recoleccion-de-basura\\\/#article\",\"isPartOf\":{\"@id\":\"https:\\\/\\\/grupohoymexico.com\\\/hidalgo\\\/estatal\\\/colonias-de-pachuca-en-la-mira-por-no-respetar-horarios-de-recoleccion-de-basura\\\/\"},\"author\":{\"name\":\"user\",\"@id\":\"https:\\\/\\\/grupohoymexico.com\\\/hidalgo\\\/#\\\/schema\\\/person\\\/ce6086ac837852775a3a4f539356c297\"},\"headline\":\"Colonias de Pachuca en la mira por no respetar horarios de recolecci\u00f3n de basura\",\"datePublished\":\"2025-02-27T18:06:32+00:00\",\"dateModified\":\"2025-02-27T18:06:33+00:00\",\"mainEntityOfPage\":{\"@id\":\"https:\\\/\\\/grupohoymexico.com\\\/hidalgo\\\/estatal\\\/colonias-de-pachuca-en-la-mira-por-no-respetar-horarios-de-recoleccion-de-basura\\\/\"},\"wordCount\":388,\"commentCount\":0,\"image\":{\"@id\":\"https:\\\/\\\/grupohoymexico.com\\\/hidalgo\\\/estatal\\\/colonias-de-pachuca-en-la-mira-por-no-respetar-horarios-de-recoleccion-de-basura\\\/#primaryimage\"},\"thumbnailUrl\":\"https:\\\/\\\/grupohoymexico.com\\\/hidalgo\\\/wp-content\\\/uploads\\\/sites\\\/5\\\/2025\\\/02\\\/5044268394722995761.jpg\",\"keywords\":[\"Basura\",\"Hidalgo\",\"Jorge Reyes\",\"Recolecci\u00f3n de Basura\"],\"articleSection\":[\"Estatal\"],\"inLanguage\":\"es\",\"potentialAction\":[{\"@type\":\"CommentAction\",\"name\":\"Comment\",\"target\":[\"https:\\\/\\\/grupohoymexico.com\\\/hidalgo\\\/estatal\\\/colonias-de-pachuca-en-la-mira-por-no-respetar-horarios-de-recoleccion-de-basura\\\/#respond\"]}]},{\"@type\":\"WebPage\",\"@id\":\"https:\\\/\\\/grupohoymexico.com\\\/hidalgo\\\/estatal\\\/colonias-de-pachuca-en-la-mira-por-no-respetar-horarios-de-recoleccion-de-basura\\\/\",\"url\":\"https:\\\/\\\/grupohoymexico.com\\\/hidalgo\\\/estatal\\\/colonias-de-pachuca-en-la-mira-por-no-respetar-horarios-de-recoleccion-de-basura\\\/\",\"name\":\"Colonias de Pachuca en la mira por no respetar horarios de recolecci\u00f3n de basura - Hidalgo Hoy\",\"isPartOf\":{\"@id\":\"https:\\\/\\\/grupohoymexico.com\\\/hidalgo\\\/#website\"},\"primaryImageOfPage\":{\"@id\":\"https:\\\/\\\/grupohoymexico.com\\\/hidalgo\\\/estatal\\\/colonias-de-pachuca-en-la-mira-por-no-respetar-horarios-de-recoleccion-de-basura\\\/#primaryimage\"},\"image\":{\"@id\":\"https:\\\/\\\/grupohoymexico.com\\\/hidalgo\\\/estatal\\\/colonias-de-pachuca-en-la-mira-por-no-respetar-horarios-de-recoleccion-de-basura\\\/#primaryimage\"},\"thumbnailUrl\":\"https:\\\/\\\/grupohoymexico.com\\\/hidalgo\\\/wp-content\\\/uploads\\\/sites\\\/5\\\/2025\\\/02\\\/5044268394722995761.jpg\",\"datePublished\":\"2025-02-27T18:06:32+00:00\",\"dateModified\":\"2025-02-27T18:06:33+00:00\",\"author\":{\"@id\":\"https:\\\/\\\/grupohoymexico.com\\\/hidalgo\\\/#\\\/schema\\\/person\\\/ce6086ac837852775a3a4f539356c297\"},\"description\":\"Jorge Reyes inform\u00f3 que varias colonias de Pachuca, se encuentran en observaci\u00f3n debido a los horarios de recolecci\u00f3n de basura.\",\"breadcrumb\":{\"@id\":\"https:\\\/\\\/grupohoymexico.com\\\/hidalgo\\\/estatal\\\/colonias-de-pachuca-en-la-mira-por-no-respetar-horarios-de-recoleccion-de-basura\\\/#breadcrumb\"},\"inLanguage\":\"es\",\"potentialAction\":[{\"@type\":\"ReadAction\",\"target\":[\"https:\\\/\\\/grupohoymexico.com\\\/hidalgo\\\/estatal\\\/colonias-de-pachuca-en-la-mira-por-no-respetar-horarios-de-recoleccion-de-basura\\\/\"]}]},{\"@type\":\"ImageObject\",\"inLanguage\":\"es\",\"@id\":\"https:\\\/\\\/grupohoymexico.com\\\/hidalgo\\\/estatal\\\/colonias-de-pachuca-en-la-mira-por-no-respetar-horarios-de-recoleccion-de-basura\\\/#primaryimage\",\"url\":\"https:\\\/\\\/grupohoymexico.com\\\/hidalgo\\\/wp-content\\\/uploads\\\/sites\\\/5\\\/2025\\\/02\\\/5044268394722995761.jpg\",\"contentUrl\":\"https:\\\/\\\/grupohoymexico.com\\\/hidalgo\\\/wp-content\\\/uploads\\\/sites\\\/5\\\/2025\\\/02\\\/5044268394722995761.jpg\",\"width\":800,\"height\":425,\"caption\":\"Colonias de Pachuca en la mira por no respetar horarios de recolecci\u00f3n de basura\"},{\"@type\":\"BreadcrumbList\",\"@id\":\"https:\\\/\\\/grupohoymexico.com\\\/hidalgo\\\/estatal\\\/colonias-de-pachuca-en-la-mira-por-no-respetar-horarios-de-recoleccion-de-basura\\\/#breadcrumb\",\"itemListElement\":[{\"@type\":\"ListItem\",\"position\":1,\"name\":\"Inicio\",\"item\":\"https:\\\/\\\/grupohoymexico.com\\\/hidalgo\\\/\"},{\"@type\":\"ListItem\",\"position\":2,\"name\":\"Colonias de Pachuca en la mira por no respetar horarios de recolecci\u00f3n de basura\"}]},{\"@type\":\"WebSite\",\"@id\":\"https:\\\/\\\/grupohoymexico.com\\\/hidalgo\\\/#website\",\"url\":\"https:\\\/\\\/grupohoymexico.com\\\/hidalgo\\\/\",\"name\":\"Hidalgo Hoy\",\"description\":\"El alma de la noticia\",\"potentialAction\":[{\"@type\":\"SearchAction\",\"target\":{\"@type\":\"EntryPoint\",\"urlTemplate\":\"https:\\\/\\\/grupohoymexico.com\\\/hidalgo\\\/?s={search_term_string}\"},\"query-input\":{\"@type\":\"PropertyValueSpecification\",\"valueRequired\":true,\"valueName\":\"search_term_string\"}}],\"inLanguage\":\"es\"},{\"@type\":\"Person\",\"@id\":\"https:\\\/\\\/grupohoymexico.com\\\/hidalgo\\\/#\\\/schema\\\/person\\\/ce6086ac837852775a3a4f539356c297\",\"name\":\"user\",\"image\":{\"@type\":\"ImageObject\",\"inLanguage\":\"es\",\"@id\":\"https:\\\/\\\/secure.gravatar.com\\\/avatar\\\/25f78de4fa956f6f7c01f8d96f8087d8958ebe06d57e630cd54e36aefb9dacea?s=96&d=mm&r=g\",\"url\":\"https:\\\/\\\/secure.gravatar.com\\\/avatar\\\/25f78de4fa956f6f7c01f8d96f8087d8958ebe06d57e630cd54e36aefb9dacea?s=96&d=mm&r=g\",\"contentUrl\":\"https:\\\/\\\/secure.gravatar.com\\\/avatar\\\/25f78de4fa956f6f7c01f8d96f8087d8958ebe06d57e630cd54e36aefb9dacea?s=96&d=mm&r=g\",\"caption\":\"user\"},\"sameAs\":[\"http:\\\/\\\/44.197.188.197.nip.io\"],\"url\":\"https:\\\/\\\/grupohoymexico.com\\\/hidalgo\\\/author\\\/user\\\/\"}]}<\/script>\n<!-- \/ Yoast SEO Premium plugin. -->","yoast_head_json":{"title":"Colonias de Pachuca en la mira por no respetar horarios de recolecci\u00f3n de basura - Hidalgo Hoy","description":"Jorge Reyes inform\u00f3 que varias colonias de Pachuca, se encuentran en observaci\u00f3n debido a los horarios de recolecci\u00f3n de basura.","robots":{"index":"index","follow":"follow","max-snippet":"max-snippet:-1","max-image-preview":"max-image-preview:large","max-video-preview":"max-video-preview:-1"},"canonical":"https:\/\/grupohoymexico.com\/hidalgo\/estatal\/colonias-de-pachuca-en-la-mira-por-no-respetar-horarios-de-recoleccion-de-basura\/","og_locale":"es_MX","og_type":"article","og_title":"Colonias de Pachuca en la mira por no respetar horarios de recolecci\u00f3n de basura","og_description":"Jorge Reyes inform\u00f3 que varias colonias de Pachuca, se encuentran en observaci\u00f3n debido a los horarios de recolecci\u00f3n de basura.","og_url":"https:\/\/grupohoymexico.com\/hidalgo\/estatal\/colonias-de-pachuca-en-la-mira-por-no-respetar-horarios-de-recoleccion-de-basura\/","og_site_name":"Hidalgo Hoy","article_published_time":"2025-02-27T18:06:32+00:00","article_modified_time":"2025-02-27T18:06:33+00:00","og_image":[{"width":800,"height":425,"url":"https:\/\/grupohoymexico.com\/hidalgo\/wp-content\/uploads\/sites\/5\/2025\/02\/5044268394722995761.jpg","type":"image\/jpeg"}],"author":"user","twitter_card":"summary_large_image","twitter_misc":{"Escrito por":"user","Tiempo de lectura":"2 minutos"},"schema":{"@context":"https:\/\/schema.org","@graph":[{"@type":"Article","@id":"https:\/\/grupohoymexico.com\/hidalgo\/estatal\/colonias-de-pachuca-en-la-mira-por-no-respetar-horarios-de-recoleccion-de-basura\/#article","isPartOf":{"@id":"https:\/\/grupohoymexico.com\/hidalgo\/estatal\/colonias-de-pachuca-en-la-mira-por-no-respetar-horarios-de-recoleccion-de-basura\/"},"author":{"name":"user","@id":"https:\/\/grupohoymexico.com\/hidalgo\/#\/schema\/person\/ce6086ac837852775a3a4f539356c297"},"headline":"Colonias de Pachuca en la mira por no respetar horarios de recolecci\u00f3n de basura","datePublished":"2025-02-27T18:06:32+00:00","dateModified":"2025-02-27T18:06:33+00:00","mainEntityOfPage":{"@id":"https:\/\/grupohoymexico.com\/hidalgo\/estatal\/colonias-de-pachuca-en-la-mira-por-no-respetar-horarios-de-recoleccion-de-basura\/"},"wordCount":388,"commentCount":0,"image":{"@id":"https:\/\/grupohoymexico.com\/hidalgo\/estatal\/colonias-de-pachuca-en-la-mira-por-no-respetar-horarios-de-recoleccion-de-basura\/#primaryimage"},"thumbnailUrl":"https:\/\/grupohoymexico.com\/hidalgo\/wp-content\/uploads\/sites\/5\/2025\/02\/5044268394722995761.jpg","keywords":["Basura","Hidalgo","Jorge Reyes","Recolecci\u00f3n de Basura"],"articleSection":["Estatal"],"inLanguage":"es","potentialAction":[{"@type":"CommentAction","name":"Comment","target":["https:\/\/grupohoymexico.com\/hidalgo\/estatal\/colonias-de-pachuca-en-la-mira-por-no-respetar-horarios-de-recoleccion-de-basura\/#respond"]}]},{"@type":"WebPage","@id":"https:\/\/grupohoymexico.com\/hidalgo\/estatal\/colonias-de-pachuca-en-la-mira-por-no-respetar-horarios-de-recoleccion-de-basura\/","url":"https:\/\/grupohoymexico.com\/hidalgo\/estatal\/colonias-de-pachuca-en-la-mira-por-no-respetar-horarios-de-recoleccion-de-basura\/","name":"Colonias de Pachuca en la mira por no respetar horarios de recolecci\u00f3n de basura - Hidalgo Hoy","isPartOf":{"@id":"https:\/\/grupohoymexico.com\/hidalgo\/#website"},"primaryImageOfPage":{"@id":"https:\/\/grupohoymexico.com\/hidalgo\/estatal\/colonias-de-pachuca-en-la-mira-por-no-respetar-horarios-de-recoleccion-de-basura\/#primaryimage"},"image":{"@id":"https:\/\/grupohoymexico.com\/hidalgo\/estatal\/colonias-de-pachuca-en-la-mira-por-no-respetar-horarios-de-recoleccion-de-basura\/#primaryimage"},"thumbnailUrl":"https:\/\/grupohoymexico.com\/hidalgo\/wp-content\/uploads\/sites\/5\/2025\/02\/5044268394722995761.jpg","datePublished":"2025-02-27T18:06:32+00:00","dateModified":"2025-02-27T18:06:33+00:00","author":{"@id":"https:\/\/grupohoymexico.com\/hidalgo\/#\/schema\/person\/ce6086ac837852775a3a4f539356c297"},"description":"Jorge Reyes inform\u00f3 que varias colonias de Pachuca, se encuentran en observaci\u00f3n debido a los horarios de recolecci\u00f3n de basura.","breadcrumb":{"@id":"https:\/\/grupohoymexico.com\/hidalgo\/estatal\/colonias-de-pachuca-en-la-mira-por-no-respetar-horarios-de-recoleccion-de-basura\/#breadcrumb"},"inLanguage":"es","potentialAction":[{"@type":"ReadAction","target":["https:\/\/grupohoymexico.com\/hidalgo\/estatal\/colonias-de-pachuca-en-la-mira-por-no-respetar-horarios-de-recoleccion-de-basura\/"]}]},{"@type":"ImageObject","inLanguage":"es","@id":"https:\/\/grupohoymexico.com\/hidalgo\/estatal\/colonias-de-pachuca-en-la-mira-por-no-respetar-horarios-de-recoleccion-de-basura\/#primaryimage","url":"https:\/\/grupohoymexico.com\/hidalgo\/wp-content\/uploads\/sites\/5\/2025\/02\/5044268394722995761.jpg","contentUrl":"https:\/\/grupohoymexico.com\/hidalgo\/wp-content\/uploads\/sites\/5\/2025\/02\/5044268394722995761.jpg","width":800,"height":425,"caption":"Colonias de Pachuca en la mira por no respetar horarios de recolecci\u00f3n de basura"},{"@type":"BreadcrumbList","@id":"https:\/\/grupohoymexico.com\/hidalgo\/estatal\/colonias-de-pachuca-en-la-mira-por-no-respetar-horarios-de-recoleccion-de-basura\/#breadcrumb","itemListElement":[{"@type":"ListItem","position":1,"name":"Inicio","item":"https:\/\/grupohoymexico.com\/hidalgo\/"},{"@type":"ListItem","position":2,"name":"Colonias de Pachuca en la mira por no respetar horarios de recolecci\u00f3n de basura"}]},{"@type":"WebSite","@id":"https:\/\/grupohoymexico.com\/hidalgo\/#website","url":"https:\/\/grupohoymexico.com\/hidalgo\/","name":"Hidalgo Hoy","description":"El alma de la noticia","potentialAction":[{"@type":"SearchAction","target":{"@type":"EntryPoint","urlTemplate":"https:\/\/grupohoymexico.com\/hidalgo\/?s={search_term_string}"},"query-input":{"@type":"PropertyValueSpecification","valueRequired":true,"valueName":"search_term_string"}}],"inLanguage":"es"},{"@type":"Person","@id":"https:\/\/grupohoymexico.com\/hidalgo\/#\/schema\/person\/ce6086ac837852775a3a4f539356c297","name":"user","image":{"@type":"ImageObject","inLanguage":"es","@id":"https:\/\/secure.gravatar.com\/avatar\/25f78de4fa956f6f7c01f8d96f8087d8958ebe06d57e630cd54e36aefb9dacea?s=96&d=mm&r=g","url":"https:\/\/secure.gravatar.com\/avatar\/25f78de4fa956f6f7c01f8d96f8087d8958ebe06d57e630cd54e36aefb9dacea?s=96&d=mm&r=g","contentUrl":"https:\/\/secure.gravatar.com\/avatar\/25f78de4fa956f6f7c01f8d96f8087d8958ebe06d57e630cd54e36aefb9dacea?s=96&d=mm&r=g","caption":"user"},"sameAs":["http:\/\/44.197.188.197.nip.io"],"url":"https:\/\/grupohoymexico.com\/hidalgo\/author\/user\/"}]}},"_links":{"self":[{"href":"https:\/\/grupohoymexico.com\/hidalgo\/wp-json\/wp\/v2\/posts\/3261","targetHints":{"allow":["GET"]}}],"collection":[{"href":"https:\/\/grupohoymexico.com\/hidalgo\/wp-json\/wp\/v2\/posts"}],"about":[{"href":"https:\/\/grupohoymexico.com\/hidalgo\/wp-json\/wp\/v2\/types\/post"}],"author":[{"embeddable":true,"href":"https:\/\/grupohoymexico.com\/hidalgo\/wp-json\/wp\/v2\/users\/1"}],"replies":[{"embeddable":true,"href":"https:\/\/grupohoymexico.com\/hidalgo\/wp-json\/wp\/v2\/comments?post=3261"}],"version-history":[{"count":1,"href":"https:\/\/grupohoymexico.com\/hidalgo\/wp-json\/wp\/v2\/posts\/3261\/revisions"}],"predecessor-version":[{"id":3262,"href":"https:\/\/grupohoymexico.com\/hidalgo\/wp-json\/wp\/v2\/posts\/3261\/revisions\/3262"}],"wp:featuredmedia":[{"embeddable":true,"href":"https:\/\/grupohoymexico.com\/hidalgo\/wp-json\/wp\/v2\/media\/3263"}],"wp:attachment":[{"href":"https:\/\/grupohoymexico.com\/hidalgo\/wp-json\/wp\/v2\/media?parent=3261"}],"wp:term":[{"taxonomy":"category","embeddable":true,"href":"https:\/\/grupohoymexico.com\/hidalgo\/wp-json\/wp\/v2\/categories?post=3261"},{"taxonomy":"post_tag","embeddable":true,"href":"https:\/\/grupohoymexico.com\/hidalgo\/wp-json\/wp\/v2\/tags?post=3261"}],"curies":[{"name":"wp","href":"https:\/\/api.w.org\/{rel}","templated":true}]}}