{"id":3241,"date":"2025-02-26T10:54:23","date_gmt":"2025-02-26T16:54:23","guid":{"rendered":"https:\/\/grupohoymexico.com\/hidalgohoy\/?p=3241"},"modified":"2025-02-26T10:54:24","modified_gmt":"2025-02-26T16:54:24","slug":"hidalgo-busca-ser-cuna-defensora-de-los-cocineros-tradicionales","status":"publish","type":"post","link":"https:\/\/grupohoymexico.com\/hidalgo\/estatal\/hidalgo-busca-ser-cuna-defensora-de-los-cocineros-tradicionales\/","title":{"rendered":"Hidalgo busca ser cuna defensora de los cocineros tradicionales"},"content":{"rendered":"\n<p><\/p>\n\n\n\n<p>En el<strong> Parque Tem\u00e1tico Mundo Charro<\/strong>, la <strong>Fundaci\u00f3n Universal Tercer Milenio <\/strong>y la <strong>Secretar\u00eda de Turismo de Hidalgo <\/strong>presentaron una iniciativa para declarar a la entidad como la cuna defensora de los <strong>derechos humanos<\/strong> de cocineras y <strong>cocineros tradicionales<\/strong>. Esta propuesta busca reforzar el reconocimiento y la protecci\u00f3n de quienes mantienen vivas las <strong>tradiciones culinarias<\/strong> del estado.<\/p>\n\n\n\n<p>El evento se llev\u00f3 a cabo en el marco del 25 <strong>aniversario<\/strong> de la<strong> Fundaci\u00f3n Universal Tercer Milenio<\/strong> y cont\u00f3 con la representaci\u00f3n de los<strong> municipios<\/strong> de<strong> Singuilucan<\/strong>,<strong> Santiago Tulantepec <\/strong>y <strong>Tulancingo<\/strong>. Dicha iniciativa se suma a la declaratoria lograda en 2022, en la que se estableci\u00f3 el 29 de noviembre como el <strong>D\u00eda Nacional de Cocineros y Cocineras Tradicionales.<\/strong>  <\/p>\n\n\n\n<figure class=\"wp-block-image size-full is-resized\"><img fetchpriority=\"high\" decoding=\"async\" width=\"960\" height=\"720\" src=\"https:\/\/grupohoymexico.com\/wp-content\/uploads\/sites\/5\/2025\/02\/image-80.png\" alt=\"\" class=\"wp-image-3246\" style=\"width:627px;height:auto\" srcset=\"https:\/\/grupohoymexico.com\/hidalgo\/wp-content\/uploads\/sites\/5\/2025\/02\/image-80.png 960w, https:\/\/grupohoymexico.com\/hidalgo\/wp-content\/uploads\/sites\/5\/2025\/02\/image-80-300x225.png 300w, https:\/\/grupohoymexico.com\/hidalgo\/wp-content\/uploads\/sites\/5\/2025\/02\/image-80-768x576.png 768w\" sizes=\"(max-width: 960px) 100vw, 960px\" \/><\/figure>\n\n\n\n<p><\/p>\n\n\n\n<h3 class=\"wp-block-heading\"><strong>Protecci\u00f3n de la cocina tradicional como patrimonio cultural<\/strong><\/h3>\n\n\n\n<p><strong>Lucero Wella<\/strong>, directora de <strong>M\u00e9xico Explosi\u00f3n de Sabores<\/strong>, detall\u00f3 que la propuesta impulsada por el <strong>gobierno de Hidalgo<\/strong> busca disminuir la vulnerabilidad de los <strong>cocineros tradicionales<\/strong>, resguardar sus <strong>derechos humanos<\/strong> y preservar su<strong> legado cultural<\/strong>. Se destac\u00f3 que <strong>M\u00e9xico <\/strong>es el \u00fanico <strong>pa\u00eds<\/strong> en el mundo que reconoce a sus<strong> cocineras<\/strong> y<strong> cocineros tradicionales<\/strong>, lo que fortalece su posicionamiento a <strong>nivel internacional<\/strong>.<\/p>\n\n\n\n<p><strong>Hidalgo<\/strong>, en particular, ha trabajado en la defensa de los <strong>derechos culturales<\/strong> y la promoci\u00f3n de la <strong>cocina tradicional <\/strong>como <strong>Patrimonio Cultural<\/strong> Inmaterial de la Humanidad, reconocimiento respaldado por la <strong>Organizaci\u00f3n de las Naciones Unidas para la Educaci\u00f3n<\/strong>, la <strong>Ciencia y la Cultura (Unesco)<\/strong>.<\/p>\n\n\n\n<h3 class=\"wp-block-heading\"><strong>Conmemoraci\u00f3n del D\u00eda Nacional de Cocineros y Cocineras Tradicionales<\/strong><\/h3>\n\n\n\n<p>Durante la presentaci\u00f3n, se enfatiz\u00f3 la importancia de celebrar y valorar a quienes preservan la gastronom\u00eda tradicional.  <\/p>\n\n\n\n<figure class=\"wp-block-image size-full\"><img decoding=\"async\" width=\"922\" height=\"650\" src=\"https:\/\/grupohoymexico.com\/wp-content\/uploads\/sites\/5\/2025\/02\/image-81.png\" alt=\"\" class=\"wp-image-3247\" srcset=\"https:\/\/grupohoymexico.com\/hidalgo\/wp-content\/uploads\/sites\/5\/2025\/02\/image-81.png 922w, https:\/\/grupohoymexico.com\/hidalgo\/wp-content\/uploads\/sites\/5\/2025\/02\/image-81-300x211.png 300w, https:\/\/grupohoymexico.com\/hidalgo\/wp-content\/uploads\/sites\/5\/2025\/02\/image-81-768x541.png 768w\" sizes=\"(max-width: 922px) 100vw, 922px\" \/><\/figure>\n\n\n\n<blockquote class=\"wp-block-quote is-layout-flow wp-block-quote-is-layout-flow\">\n<p>&#8220;Si nosotros celebramos la comida que une pueblos, que nos identifica y nos alimenta, por qu\u00e9 no reconocer y celebrar a quienes hacen posible que la cocina sea patrimonio de la humanidad&#8221;, expres\u00f3 Lucero Wella.<\/p>\n<\/blockquote>\n\n\n\n<p>Asimismo, se anunci\u00f3 que el pr\u00f3ximo 29 de noviembre se conmemorar\u00e1 por tercer a\u00f1o consecutivo el <strong>D\u00eda Nacional de Cocineros y Cocineras Tradicionales<\/strong> en el<strong> Z\u00f3calo capitalino,<\/strong> con diversas actividades para honrar a los<strong> guardianes de la gastronom\u00eda<\/strong> mexicana. Esta celebraci\u00f3n reafirma el compromiso de<strong> Hidalgo<\/strong> con la promoci\u00f3n y defensa de su<strong> riqueza cultural<\/strong> y culinaria.<\/p>\n","protected":false},"excerpt":{"rendered":"En el Parque Tem\u00e1tico Mundo Charro, la Fundaci\u00f3n Universal Tercer Milenio y la Secretar\u00eda de Turismo de Hidalgo&hellip;","protected":false},"author":30,"featured_media":3245,"comment_status":"open","ping_status":"open","sticky":false,"template":"","format":"standard","meta":{"csco_display_header_overlay":false,"csco_singular_sidebar":"","csco_page_header_type":"","csco_page_load_nextpost":"","csco_post_video_location":[],"csco_post_video_location_hash":"","csco_post_video_url":"","csco_post_video_bg_start_time":0,"csco_post_video_bg_end_time":0,"footnotes":""},"categories":[172],"tags":[],"class_list":{"0":"post-3241","1":"post","2":"type-post","3":"status-publish","4":"format-standard","5":"has-post-thumbnail","7":"category-estatal","8":"cs-entry","9":"cs-video-wrap"},"yoast_head":"<!-- This site is optimized with the Yoast SEO Premium plugin v24.7 (Yoast SEO v27.4) - https:\/\/yoast.com\/product\/yoast-seo-premium-wordpress\/ -->\n<title>Hidalgo busca ser cuna defensora de los cocineros tradicionales<\/title>\n<meta name=\"description\" content=\"La Secretar\u00eda de Turismo de Hidalgo busca declarar a la entidad como la cuna defensora de los derechos humanos de cocineros\" \/>\n<meta name=\"robots\" content=\"index, follow, max-snippet:-1, max-image-preview:large, max-video-preview:-1\" \/>\n<link rel=\"canonical\" href=\"https:\/\/grupohoymexico.com\/hidalgo\/estatal\/hidalgo-busca-ser-cuna-defensora-de-los-cocineros-tradicionales\/\" \/>\n<meta property=\"og:locale\" content=\"es_MX\" \/>\n<meta property=\"og:type\" content=\"article\" \/>\n<meta property=\"og:title\" content=\"Hidalgo busca ser cuna defensora de los cocineros tradicionales\" \/>\n<meta property=\"og:description\" content=\"La Secretar\u00eda de Turismo de Hidalgo busca declarar a la entidad como la cuna defensora de los derechos humanos de cocineros\" \/>\n<meta property=\"og:url\" content=\"https:\/\/grupohoymexico.com\/hidalgo\/estatal\/hidalgo-busca-ser-cuna-defensora-de-los-cocineros-tradicionales\/\" \/>\n<meta property=\"og:site_name\" content=\"Hidalgo Hoy\" \/>\n<meta property=\"article:published_time\" content=\"2025-02-26T16:54:23+00:00\" \/>\n<meta property=\"article:modified_time\" content=\"2025-02-26T16:54:24+00:00\" \/>\n<meta property=\"og:image\" content=\"https:\/\/grupohoymexico.com\/hidalgo\/wp-content\/uploads\/sites\/5\/2025\/02\/Cocineross.jpg\" \/>\n\t<meta property=\"og:image:width\" content=\"1269\" \/>\n\t<meta property=\"og:image:height\" content=\"650\" \/>\n\t<meta property=\"og:image:type\" content=\"image\/jpeg\" \/>\n<meta name=\"author\" content=\"eduardo\" \/>\n<meta name=\"twitter:card\" content=\"summary_large_image\" \/>\n<meta name=\"twitter:label1\" content=\"Escrito por\" \/>\n\t<meta name=\"twitter:data1\" content=\"eduardo\" \/>\n\t<meta name=\"twitter:label2\" content=\"Tiempo de lectura\" \/>\n\t<meta name=\"twitter:data2\" content=\"3 minutos\" \/>\n<script type=\"application\/ld+json\" class=\"yoast-schema-graph\">{\"@context\":\"https:\\\/\\\/schema.org\",\"@graph\":[{\"@type\":\"Article\",\"@id\":\"https:\\\/\\\/grupohoymexico.com\\\/hidalgo\\\/estatal\\\/hidalgo-busca-ser-cuna-defensora-de-los-cocineros-tradicionales\\\/#article\",\"isPartOf\":{\"@id\":\"https:\\\/\\\/grupohoymexico.com\\\/hidalgo\\\/estatal\\\/hidalgo-busca-ser-cuna-defensora-de-los-cocineros-tradicionales\\\/\"},\"author\":{\"name\":\"eduardo\",\"@id\":\"https:\\\/\\\/grupohoymexico.com\\\/hidalgo\\\/#\\\/schema\\\/person\\\/e95b7b8df1e5c291ede743c160292779\"},\"headline\":\"Hidalgo busca ser cuna defensora de los cocineros tradicionales\",\"datePublished\":\"2025-02-26T16:54:23+00:00\",\"dateModified\":\"2025-02-26T16:54:24+00:00\",\"mainEntityOfPage\":{\"@id\":\"https:\\\/\\\/grupohoymexico.com\\\/hidalgo\\\/estatal\\\/hidalgo-busca-ser-cuna-defensora-de-los-cocineros-tradicionales\\\/\"},\"wordCount\":380,\"commentCount\":0,\"image\":{\"@id\":\"https:\\\/\\\/grupohoymexico.com\\\/hidalgo\\\/estatal\\\/hidalgo-busca-ser-cuna-defensora-de-los-cocineros-tradicionales\\\/#primaryimage\"},\"thumbnailUrl\":\"https:\\\/\\\/grupohoymexico.com\\\/hidalgo\\\/wp-content\\\/uploads\\\/sites\\\/5\\\/2025\\\/02\\\/Cocineross.jpg\",\"articleSection\":[\"Estatal\"],\"inLanguage\":\"es\",\"potentialAction\":[{\"@type\":\"CommentAction\",\"name\":\"Comment\",\"target\":[\"https:\\\/\\\/grupohoymexico.com\\\/hidalgo\\\/estatal\\\/hidalgo-busca-ser-cuna-defensora-de-los-cocineros-tradicionales\\\/#respond\"]}]},{\"@type\":\"WebPage\",\"@id\":\"https:\\\/\\\/grupohoymexico.com\\\/hidalgo\\\/estatal\\\/hidalgo-busca-ser-cuna-defensora-de-los-cocineros-tradicionales\\\/\",\"url\":\"https:\\\/\\\/grupohoymexico.com\\\/hidalgo\\\/estatal\\\/hidalgo-busca-ser-cuna-defensora-de-los-cocineros-tradicionales\\\/\",\"name\":\"Hidalgo busca ser cuna defensora de los cocineros tradicionales\",\"isPartOf\":{\"@id\":\"https:\\\/\\\/grupohoymexico.com\\\/hidalgo\\\/#website\"},\"primaryImageOfPage\":{\"@id\":\"https:\\\/\\\/grupohoymexico.com\\\/hidalgo\\\/estatal\\\/hidalgo-busca-ser-cuna-defensora-de-los-cocineros-tradicionales\\\/#primaryimage\"},\"image\":{\"@id\":\"https:\\\/\\\/grupohoymexico.com\\\/hidalgo\\\/estatal\\\/hidalgo-busca-ser-cuna-defensora-de-los-cocineros-tradicionales\\\/#primaryimage\"},\"thumbnailUrl\":\"https:\\\/\\\/grupohoymexico.com\\\/hidalgo\\\/wp-content\\\/uploads\\\/sites\\\/5\\\/2025\\\/02\\\/Cocineross.jpg\",\"datePublished\":\"2025-02-26T16:54:23+00:00\",\"dateModified\":\"2025-02-26T16:54:24+00:00\",\"author\":{\"@id\":\"https:\\\/\\\/grupohoymexico.com\\\/hidalgo\\\/#\\\/schema\\\/person\\\/e95b7b8df1e5c291ede743c160292779\"},\"description\":\"La Secretar\u00eda de Turismo de Hidalgo busca declarar a la entidad como la cuna defensora de los derechos humanos de cocineros\",\"breadcrumb\":{\"@id\":\"https:\\\/\\\/grupohoymexico.com\\\/hidalgo\\\/estatal\\\/hidalgo-busca-ser-cuna-defensora-de-los-cocineros-tradicionales\\\/#breadcrumb\"},\"inLanguage\":\"es\",\"potentialAction\":[{\"@type\":\"ReadAction\",\"target\":[\"https:\\\/\\\/grupohoymexico.com\\\/hidalgo\\\/estatal\\\/hidalgo-busca-ser-cuna-defensora-de-los-cocineros-tradicionales\\\/\"]}]},{\"@type\":\"ImageObject\",\"inLanguage\":\"es\",\"@id\":\"https:\\\/\\\/grupohoymexico.com\\\/hidalgo\\\/estatal\\\/hidalgo-busca-ser-cuna-defensora-de-los-cocineros-tradicionales\\\/#primaryimage\",\"url\":\"https:\\\/\\\/grupohoymexico.com\\\/hidalgo\\\/wp-content\\\/uploads\\\/sites\\\/5\\\/2025\\\/02\\\/Cocineross.jpg\",\"contentUrl\":\"https:\\\/\\\/grupohoymexico.com\\\/hidalgo\\\/wp-content\\\/uploads\\\/sites\\\/5\\\/2025\\\/02\\\/Cocineross.jpg\",\"width\":1269,\"height\":650,\"caption\":\"Cocineros\"},{\"@type\":\"BreadcrumbList\",\"@id\":\"https:\\\/\\\/grupohoymexico.com\\\/hidalgo\\\/estatal\\\/hidalgo-busca-ser-cuna-defensora-de-los-cocineros-tradicionales\\\/#breadcrumb\",\"itemListElement\":[{\"@type\":\"ListItem\",\"position\":1,\"name\":\"Inicio\",\"item\":\"https:\\\/\\\/grupohoymexico.com\\\/hidalgo\\\/\"},{\"@type\":\"ListItem\",\"position\":2,\"name\":\"Hidalgo busca ser cuna defensora de los cocineros tradicionales\"}]},{\"@type\":\"WebSite\",\"@id\":\"https:\\\/\\\/grupohoymexico.com\\\/hidalgo\\\/#website\",\"url\":\"https:\\\/\\\/grupohoymexico.com\\\/hidalgo\\\/\",\"name\":\"Hidalgo Hoy\",\"description\":\"El alma de la noticia\",\"potentialAction\":[{\"@type\":\"SearchAction\",\"target\":{\"@type\":\"EntryPoint\",\"urlTemplate\":\"https:\\\/\\\/grupohoymexico.com\\\/hidalgo\\\/?s={search_term_string}\"},\"query-input\":{\"@type\":\"PropertyValueSpecification\",\"valueRequired\":true,\"valueName\":\"search_term_string\"}}],\"inLanguage\":\"es\"},{\"@type\":\"Person\",\"@id\":\"https:\\\/\\\/grupohoymexico.com\\\/hidalgo\\\/#\\\/schema\\\/person\\\/e95b7b8df1e5c291ede743c160292779\",\"name\":\"eduardo\",\"image\":{\"@type\":\"ImageObject\",\"inLanguage\":\"es\",\"@id\":\"https:\\\/\\\/secure.gravatar.com\\\/avatar\\\/ecdd30dcf3feeb5f57f13840c3daeb08334d3b69de7bb9e067a540c4925a9788?s=96&d=mm&r=g\",\"url\":\"https:\\\/\\\/secure.gravatar.com\\\/avatar\\\/ecdd30dcf3feeb5f57f13840c3daeb08334d3b69de7bb9e067a540c4925a9788?s=96&d=mm&r=g\",\"contentUrl\":\"https:\\\/\\\/secure.gravatar.com\\\/avatar\\\/ecdd30dcf3feeb5f57f13840c3daeb08334d3b69de7bb9e067a540c4925a9788?s=96&d=mm&r=g\",\"caption\":\"eduardo\"},\"url\":\"https:\\\/\\\/grupohoymexico.com\\\/hidalgo\\\/author\\\/eduardo\\\/\"}]}<\/script>\n<!-- \/ Yoast SEO Premium plugin. -->","yoast_head_json":{"title":"Hidalgo busca ser cuna defensora de los cocineros tradicionales","description":"La Secretar\u00eda de Turismo de Hidalgo busca declarar a la entidad como la cuna defensora de los derechos humanos de cocineros","robots":{"index":"index","follow":"follow","max-snippet":"max-snippet:-1","max-image-preview":"max-image-preview:large","max-video-preview":"max-video-preview:-1"},"canonical":"https:\/\/grupohoymexico.com\/hidalgo\/estatal\/hidalgo-busca-ser-cuna-defensora-de-los-cocineros-tradicionales\/","og_locale":"es_MX","og_type":"article","og_title":"Hidalgo busca ser cuna defensora de los cocineros tradicionales","og_description":"La Secretar\u00eda de Turismo de Hidalgo busca declarar a la entidad como la cuna defensora de los derechos humanos de cocineros","og_url":"https:\/\/grupohoymexico.com\/hidalgo\/estatal\/hidalgo-busca-ser-cuna-defensora-de-los-cocineros-tradicionales\/","og_site_name":"Hidalgo Hoy","article_published_time":"2025-02-26T16:54:23+00:00","article_modified_time":"2025-02-26T16:54:24+00:00","og_image":[{"width":1269,"height":650,"url":"https:\/\/grupohoymexico.com\/hidalgo\/wp-content\/uploads\/sites\/5\/2025\/02\/Cocineross.jpg","type":"image\/jpeg"}],"author":"eduardo","twitter_card":"summary_large_image","twitter_misc":{"Escrito por":"eduardo","Tiempo de lectura":"3 minutos"},"schema":{"@context":"https:\/\/schema.org","@graph":[{"@type":"Article","@id":"https:\/\/grupohoymexico.com\/hidalgo\/estatal\/hidalgo-busca-ser-cuna-defensora-de-los-cocineros-tradicionales\/#article","isPartOf":{"@id":"https:\/\/grupohoymexico.com\/hidalgo\/estatal\/hidalgo-busca-ser-cuna-defensora-de-los-cocineros-tradicionales\/"},"author":{"name":"eduardo","@id":"https:\/\/grupohoymexico.com\/hidalgo\/#\/schema\/person\/e95b7b8df1e5c291ede743c160292779"},"headline":"Hidalgo busca ser cuna defensora de los cocineros tradicionales","datePublished":"2025-02-26T16:54:23+00:00","dateModified":"2025-02-26T16:54:24+00:00","mainEntityOfPage":{"@id":"https:\/\/grupohoymexico.com\/hidalgo\/estatal\/hidalgo-busca-ser-cuna-defensora-de-los-cocineros-tradicionales\/"},"wordCount":380,"commentCount":0,"image":{"@id":"https:\/\/grupohoymexico.com\/hidalgo\/estatal\/hidalgo-busca-ser-cuna-defensora-de-los-cocineros-tradicionales\/#primaryimage"},"thumbnailUrl":"https:\/\/grupohoymexico.com\/hidalgo\/wp-content\/uploads\/sites\/5\/2025\/02\/Cocineross.jpg","articleSection":["Estatal"],"inLanguage":"es","potentialAction":[{"@type":"CommentAction","name":"Comment","target":["https:\/\/grupohoymexico.com\/hidalgo\/estatal\/hidalgo-busca-ser-cuna-defensora-de-los-cocineros-tradicionales\/#respond"]}]},{"@type":"WebPage","@id":"https:\/\/grupohoymexico.com\/hidalgo\/estatal\/hidalgo-busca-ser-cuna-defensora-de-los-cocineros-tradicionales\/","url":"https:\/\/grupohoymexico.com\/hidalgo\/estatal\/hidalgo-busca-ser-cuna-defensora-de-los-cocineros-tradicionales\/","name":"Hidalgo busca ser cuna defensora de los cocineros tradicionales","isPartOf":{"@id":"https:\/\/grupohoymexico.com\/hidalgo\/#website"},"primaryImageOfPage":{"@id":"https:\/\/grupohoymexico.com\/hidalgo\/estatal\/hidalgo-busca-ser-cuna-defensora-de-los-cocineros-tradicionales\/#primaryimage"},"image":{"@id":"https:\/\/grupohoymexico.com\/hidalgo\/estatal\/hidalgo-busca-ser-cuna-defensora-de-los-cocineros-tradicionales\/#primaryimage"},"thumbnailUrl":"https:\/\/grupohoymexico.com\/hidalgo\/wp-content\/uploads\/sites\/5\/2025\/02\/Cocineross.jpg","datePublished":"2025-02-26T16:54:23+00:00","dateModified":"2025-02-26T16:54:24+00:00","author":{"@id":"https:\/\/grupohoymexico.com\/hidalgo\/#\/schema\/person\/e95b7b8df1e5c291ede743c160292779"},"description":"La Secretar\u00eda de Turismo de Hidalgo busca declarar a la entidad como la cuna defensora de los derechos humanos de cocineros","breadcrumb":{"@id":"https:\/\/grupohoymexico.com\/hidalgo\/estatal\/hidalgo-busca-ser-cuna-defensora-de-los-cocineros-tradicionales\/#breadcrumb"},"inLanguage":"es","potentialAction":[{"@type":"ReadAction","target":["https:\/\/grupohoymexico.com\/hidalgo\/estatal\/hidalgo-busca-ser-cuna-defensora-de-los-cocineros-tradicionales\/"]}]},{"@type":"ImageObject","inLanguage":"es","@id":"https:\/\/grupohoymexico.com\/hidalgo\/estatal\/hidalgo-busca-ser-cuna-defensora-de-los-cocineros-tradicionales\/#primaryimage","url":"https:\/\/grupohoymexico.com\/hidalgo\/wp-content\/uploads\/sites\/5\/2025\/02\/Cocineross.jpg","contentUrl":"https:\/\/grupohoymexico.com\/hidalgo\/wp-content\/uploads\/sites\/5\/2025\/02\/Cocineross.jpg","width":1269,"height":650,"caption":"Cocineros"},{"@type":"BreadcrumbList","@id":"https:\/\/grupohoymexico.com\/hidalgo\/estatal\/hidalgo-busca-ser-cuna-defensora-de-los-cocineros-tradicionales\/#breadcrumb","itemListElement":[{"@type":"ListItem","position":1,"name":"Inicio","item":"https:\/\/grupohoymexico.com\/hidalgo\/"},{"@type":"ListItem","position":2,"name":"Hidalgo busca ser cuna defensora de los cocineros tradicionales"}]},{"@type":"WebSite","@id":"https:\/\/grupohoymexico.com\/hidalgo\/#website","url":"https:\/\/grupohoymexico.com\/hidalgo\/","name":"Hidalgo Hoy","description":"El alma de la noticia","potentialAction":[{"@type":"SearchAction","target":{"@type":"EntryPoint","urlTemplate":"https:\/\/grupohoymexico.com\/hidalgo\/?s={search_term_string}"},"query-input":{"@type":"PropertyValueSpecification","valueRequired":true,"valueName":"search_term_string"}}],"inLanguage":"es"},{"@type":"Person","@id":"https:\/\/grupohoymexico.com\/hidalgo\/#\/schema\/person\/e95b7b8df1e5c291ede743c160292779","name":"eduardo","image":{"@type":"ImageObject","inLanguage":"es","@id":"https:\/\/secure.gravatar.com\/avatar\/ecdd30dcf3feeb5f57f13840c3daeb08334d3b69de7bb9e067a540c4925a9788?s=96&d=mm&r=g","url":"https:\/\/secure.gravatar.com\/avatar\/ecdd30dcf3feeb5f57f13840c3daeb08334d3b69de7bb9e067a540c4925a9788?s=96&d=mm&r=g","contentUrl":"https:\/\/secure.gravatar.com\/avatar\/ecdd30dcf3feeb5f57f13840c3daeb08334d3b69de7bb9e067a540c4925a9788?s=96&d=mm&r=g","caption":"eduardo"},"url":"https:\/\/grupohoymexico.com\/hidalgo\/author\/eduardo\/"}]}},"_links":{"self":[{"href":"https:\/\/grupohoymexico.com\/hidalgo\/wp-json\/wp\/v2\/posts\/3241","targetHints":{"allow":["GET"]}}],"collection":[{"href":"https:\/\/grupohoymexico.com\/hidalgo\/wp-json\/wp\/v2\/posts"}],"about":[{"href":"https:\/\/grupohoymexico.com\/hidalgo\/wp-json\/wp\/v2\/types\/post"}],"author":[{"embeddable":true,"href":"https:\/\/grupohoymexico.com\/hidalgo\/wp-json\/wp\/v2\/users\/30"}],"replies":[{"embeddable":true,"href":"https:\/\/grupohoymexico.com\/hidalgo\/wp-json\/wp\/v2\/comments?post=3241"}],"version-history":[{"count":2,"href":"https:\/\/grupohoymexico.com\/hidalgo\/wp-json\/wp\/v2\/posts\/3241\/revisions"}],"predecessor-version":[{"id":3248,"href":"https:\/\/grupohoymexico.com\/hidalgo\/wp-json\/wp\/v2\/posts\/3241\/revisions\/3248"}],"wp:featuredmedia":[{"embeddable":true,"href":"https:\/\/grupohoymexico.com\/hidalgo\/wp-json\/wp\/v2\/media\/3245"}],"wp:attachment":[{"href":"https:\/\/grupohoymexico.com\/hidalgo\/wp-json\/wp\/v2\/media?parent=3241"}],"wp:term":[{"taxonomy":"category","embeddable":true,"href":"https:\/\/grupohoymexico.com\/hidalgo\/wp-json\/wp\/v2\/categories?post=3241"},{"taxonomy":"post_tag","embeddable":true,"href":"https:\/\/grupohoymexico.com\/hidalgo\/wp-json\/wp\/v2\/tags?post=3241"}],"curies":[{"name":"wp","href":"https:\/\/api.w.org\/{rel}","templated":true}]}}