{"id":3032,"date":"2025-02-12T18:28:24","date_gmt":"2025-02-13T00:28:24","guid":{"rendered":"https:\/\/grupohoymexico.com\/hidalgohoy\/?p=3032"},"modified":"2025-02-12T18:28:25","modified_gmt":"2025-02-13T00:28:25","slug":"seph-hace-entrega-de-equipo-en-escuela-de-el-arenal","status":"publish","type":"post","link":"https:\/\/grupohoymexico.com\/hidalgo\/uncategorized\/seph-hace-entrega-de-equipo-en-escuela-de-el-arenal\/","title":{"rendered":"SEPH hace entrega de equipo en escuela de El Arenal\u00a0"},"content":{"rendered":"\n<p><\/p>\n\n\n\n<p>El <strong>secretario de Educaci\u00f3n P\u00fablica<\/strong> <strong>de Hidalgo<\/strong>, <strong><a href=\"https:\/\/oem.com.mx\/elsoldehidalgo\/local\/destinaran-20-mdp-a-la-emeh-natividad-castrejon-13556042\">Naty Castrej\u00f3n<\/a><\/strong>, concluy\u00f3 la entrega de equipamiento en diversos municipios con una visita a <a href=\"https:\/\/grupohoymexico.com\/hidalgohoy\/uncategorized\/5-municipios-hidalguenses-reportan-sequia\/\"><strong>El Arena<\/strong>l<\/a>, donde otorg\u00f3 herramientas para el <strong>Taller de Dise\u00f1o de Estructuras Met\u00e1licas<\/strong> en la <strong>secundaria general<\/strong>\u00a0<em><strong>Ram\u00f3n M. Rosales<\/strong><\/em>. Esta iniciativa busca fortalecer la formaci\u00f3n t\u00e9cnica de los estudiantes, brind\u00e1ndoles oportunidades para su <strong>desarrollo profesional.<\/strong><\/p>\n\n\n\n<h3 class=\"wp-block-heading\">Terminan visitas de apoyo a secundarias <\/h3>\n\n\n\n<p>Previamente, <strong>Castrej\u00f3n<\/strong> hab\u00eda visitado el municipio de <strong>Ajacuba<\/strong>, donde tambi\u00e9n hizo entrega de materiales para talleres educativos. Durante su recorrido, destac\u00f3 la importancia de proporcionar espacios dignos y equipados para la ense\u00f1anza.\u00a0 <br><br>LEE TAMBI\u00c9N: <a href=\"https:\/\/grupohoymexico.com\/hidalgohoy\/estatal\/santiago-de-anaya-se-prepara-para-el-trail-2024\/\">https:\/\/grupohoymexico.com\/hidalgohoy\/estatal\/santiago-de-anaya-se-prepara-para-el-trail-2024\/<\/a><\/p>\n\n\n\n<h4 class=\"wp-block-heading\"><strong>Impulso a la educaci\u00f3n t\u00e9cnica en Hidalgo<\/strong><\/h4>\n\n\n\n<p><\/p>\n\n\n\n<p>El titular de la <strong>SEPH<\/strong> enfatiz\u00f3 que la educaci\u00f3n es clave para transformar vidas y comunidades. <\/p>\n\n\n\n<blockquote class=\"wp-block-quote is-layout-flow wp-block-quote-is-layout-flow\">\n<p>\u201cEste taller es su puerta al futuro. Aprov\u00e9chenlo al m\u00e1ximo, desarrollen su talento y sue\u00f1en en grande\u201d, expres\u00f3 ante los alumnos de la secundaria.<\/p>\n<\/blockquote>\n\n\n\n<p>Asimismo, reconoci\u00f3 el esfuerzo de docentes, madres y padres de familia, quienes trabajan en conjunto para fortalecer la formaci\u00f3n de los j\u00f3venes. En su mensaje, resalt\u00f3 la importancia de la educaci\u00f3n t\u00e9cnica como un camino viable para el crecimiento profesional y la empleabilidad de los estudiantes hidalguenses. <\/p>\n\n\n\n<figure class=\"wp-block-image size-full\"><img fetchpriority=\"high\" decoding=\"async\" width=\"587\" height=\"386\" src=\"https:\/\/grupohoymexico.com\/wp-content\/uploads\/sites\/5\/2025\/02\/image-35.png\" alt=\"\" class=\"wp-image-3034\" srcset=\"https:\/\/grupohoymexico.com\/hidalgo\/wp-content\/uploads\/sites\/5\/2025\/02\/image-35.png 587w, https:\/\/grupohoymexico.com\/hidalgo\/wp-content\/uploads\/sites\/5\/2025\/02\/image-35-300x197.png 300w\" sizes=\"(max-width: 587px) 100vw, 587px\" \/><\/figure>\n\n\n\n<p><\/p>\n\n\n\n<h4 class=\"wp-block-heading\"><strong>Compromiso con un mejor futuro educativo<\/strong><\/h4>\n\n\n\n<p>Con estas entregas, <strong>Hidalgo<\/strong> refuerza su compromiso de mejorar las <strong>condiciones educativas <\/strong>en todos los niveles. La dotaci\u00f3n de <strong>equipo<\/strong> en <strong>talleres t\u00e9cnicos<\/strong> permite que los alumnos accedan a herramientas que los preparen para el <strong>mundo laboral<\/strong> y fomenten su creatividad.<\/p>\n\n\n\n<p>El secretario agradeci\u00f3 a las autoridades municipales y a la <strong>comunidad educativa<\/strong> por sumarse a este esfuerzo, subrayando que la educaci\u00f3n es el pilar fundamental para un mejor futuro. \u201cSigamos construyendo juntos un mejor ma\u00f1ana\u201d, concluy\u00f3.\u00a0 <\/p>\n","protected":false},"excerpt":{"rendered":"El secretario de Educaci\u00f3n P\u00fablica de Hidalgo, Naty Castrej\u00f3n, concluy\u00f3 la entrega de equipamiento en diversos municipios con&hellip;","protected":false},"author":30,"featured_media":3036,"comment_status":"open","ping_status":"open","sticky":false,"template":"","format":"standard","meta":{"csco_display_header_overlay":false,"csco_singular_sidebar":"","csco_page_header_type":"","csco_page_load_nextpost":"","csco_post_video_location":[],"csco_post_video_location_hash":"","csco_post_video_url":"","csco_post_video_bg_start_time":0,"csco_post_video_bg_end_time":0,"footnotes":""},"categories":[1],"tags":[],"class_list":{"0":"post-3032","1":"post","2":"type-post","3":"status-publish","4":"format-standard","5":"has-post-thumbnail","7":"category-uncategorized","8":"cs-entry","9":"cs-video-wrap"},"yoast_head":"<!-- This site is optimized with the Yoast SEO Premium plugin v24.7 (Yoast SEO v27.4) - https:\/\/yoast.com\/product\/yoast-seo-premium-wordpress\/ -->\n<title>SEPH hace entrega de equipo en escuela de El Arenal\u00a0<\/title>\n<meta name=\"description\" content=\"El titular de la SEPH, Naty Castrej\u00f3n, concluy\u00f3 la entrega de equipamiento a secundarias hidalguenses con el Arenal\" \/>\n<meta name=\"robots\" content=\"index, follow, max-snippet:-1, max-image-preview:large, max-video-preview:-1\" \/>\n<link rel=\"canonical\" href=\"https:\/\/grupohoymexico.com\/hidalgo\/uncategorized\/seph-hace-entrega-de-equipo-en-escuela-de-el-arenal\/\" \/>\n<meta property=\"og:locale\" content=\"es_MX\" \/>\n<meta property=\"og:type\" content=\"article\" \/>\n<meta property=\"og:title\" content=\"SEPH hace entrega de equipo en escuela de El Arenal\u00a0\" \/>\n<meta property=\"og:description\" content=\"El titular de la SEPH, Naty Castrej\u00f3n, concluy\u00f3 la entrega de equipamiento a secundarias hidalguenses con el Arenal\" \/>\n<meta property=\"og:url\" content=\"https:\/\/grupohoymexico.com\/hidalgo\/uncategorized\/seph-hace-entrega-de-equipo-en-escuela-de-el-arenal\/\" \/>\n<meta property=\"og:site_name\" content=\"Hidalgo Hoy\" \/>\n<meta property=\"article:published_time\" content=\"2025-02-13T00:28:24+00:00\" \/>\n<meta property=\"article:modified_time\" content=\"2025-02-13T00:28:25+00:00\" \/>\n<meta property=\"og:image\" content=\"https:\/\/grupohoymexico.com\/hidalgo\/wp-content\/uploads\/sites\/5\/2025\/02\/Arenal-s.jpg\" \/>\n\t<meta property=\"og:image:width\" content=\"1437\" \/>\n\t<meta property=\"og:image:height\" content=\"766\" \/>\n\t<meta property=\"og:image:type\" content=\"image\/jpeg\" \/>\n<meta name=\"author\" content=\"eduardo\" \/>\n<meta name=\"twitter:card\" content=\"summary_large_image\" \/>\n<meta name=\"twitter:label1\" content=\"Escrito por\" \/>\n\t<meta name=\"twitter:data1\" content=\"eduardo\" \/>\n\t<meta name=\"twitter:label2\" content=\"Tiempo de lectura\" \/>\n\t<meta name=\"twitter:data2\" content=\"2 minutos\" \/>\n<script type=\"application\/ld+json\" class=\"yoast-schema-graph\">{\"@context\":\"https:\\\/\\\/schema.org\",\"@graph\":[{\"@type\":\"Article\",\"@id\":\"https:\\\/\\\/grupohoymexico.com\\\/hidalgo\\\/uncategorized\\\/seph-hace-entrega-de-equipo-en-escuela-de-el-arenal\\\/#article\",\"isPartOf\":{\"@id\":\"https:\\\/\\\/grupohoymexico.com\\\/hidalgo\\\/uncategorized\\\/seph-hace-entrega-de-equipo-en-escuela-de-el-arenal\\\/\"},\"author\":{\"name\":\"eduardo\",\"@id\":\"https:\\\/\\\/grupohoymexico.com\\\/hidalgo\\\/#\\\/schema\\\/person\\\/e95b7b8df1e5c291ede743c160292779\"},\"headline\":\"SEPH hace entrega de equipo en escuela de El Arenal\u00a0\",\"datePublished\":\"2025-02-13T00:28:24+00:00\",\"dateModified\":\"2025-02-13T00:28:25+00:00\",\"mainEntityOfPage\":{\"@id\":\"https:\\\/\\\/grupohoymexico.com\\\/hidalgo\\\/uncategorized\\\/seph-hace-entrega-de-equipo-en-escuela-de-el-arenal\\\/\"},\"wordCount\":318,\"commentCount\":0,\"image\":{\"@id\":\"https:\\\/\\\/grupohoymexico.com\\\/hidalgo\\\/uncategorized\\\/seph-hace-entrega-de-equipo-en-escuela-de-el-arenal\\\/#primaryimage\"},\"thumbnailUrl\":\"https:\\\/\\\/grupohoymexico.com\\\/hidalgo\\\/wp-content\\\/uploads\\\/sites\\\/5\\\/2025\\\/02\\\/Arenal-s.jpg\",\"articleSection\":[\"Uncategorized\"],\"inLanguage\":\"es\",\"potentialAction\":[{\"@type\":\"CommentAction\",\"name\":\"Comment\",\"target\":[\"https:\\\/\\\/grupohoymexico.com\\\/hidalgo\\\/uncategorized\\\/seph-hace-entrega-de-equipo-en-escuela-de-el-arenal\\\/#respond\"]}]},{\"@type\":\"WebPage\",\"@id\":\"https:\\\/\\\/grupohoymexico.com\\\/hidalgo\\\/uncategorized\\\/seph-hace-entrega-de-equipo-en-escuela-de-el-arenal\\\/\",\"url\":\"https:\\\/\\\/grupohoymexico.com\\\/hidalgo\\\/uncategorized\\\/seph-hace-entrega-de-equipo-en-escuela-de-el-arenal\\\/\",\"name\":\"SEPH hace entrega de equipo en escuela de El Arenal\u00a0\",\"isPartOf\":{\"@id\":\"https:\\\/\\\/grupohoymexico.com\\\/hidalgo\\\/#website\"},\"primaryImageOfPage\":{\"@id\":\"https:\\\/\\\/grupohoymexico.com\\\/hidalgo\\\/uncategorized\\\/seph-hace-entrega-de-equipo-en-escuela-de-el-arenal\\\/#primaryimage\"},\"image\":{\"@id\":\"https:\\\/\\\/grupohoymexico.com\\\/hidalgo\\\/uncategorized\\\/seph-hace-entrega-de-equipo-en-escuela-de-el-arenal\\\/#primaryimage\"},\"thumbnailUrl\":\"https:\\\/\\\/grupohoymexico.com\\\/hidalgo\\\/wp-content\\\/uploads\\\/sites\\\/5\\\/2025\\\/02\\\/Arenal-s.jpg\",\"datePublished\":\"2025-02-13T00:28:24+00:00\",\"dateModified\":\"2025-02-13T00:28:25+00:00\",\"author\":{\"@id\":\"https:\\\/\\\/grupohoymexico.com\\\/hidalgo\\\/#\\\/schema\\\/person\\\/e95b7b8df1e5c291ede743c160292779\"},\"description\":\"El titular de la SEPH, Naty Castrej\u00f3n, concluy\u00f3 la entrega de equipamiento a secundarias hidalguenses con el Arenal\",\"breadcrumb\":{\"@id\":\"https:\\\/\\\/grupohoymexico.com\\\/hidalgo\\\/uncategorized\\\/seph-hace-entrega-de-equipo-en-escuela-de-el-arenal\\\/#breadcrumb\"},\"inLanguage\":\"es\",\"potentialAction\":[{\"@type\":\"ReadAction\",\"target\":[\"https:\\\/\\\/grupohoymexico.com\\\/hidalgo\\\/uncategorized\\\/seph-hace-entrega-de-equipo-en-escuela-de-el-arenal\\\/\"]}]},{\"@type\":\"ImageObject\",\"inLanguage\":\"es\",\"@id\":\"https:\\\/\\\/grupohoymexico.com\\\/hidalgo\\\/uncategorized\\\/seph-hace-entrega-de-equipo-en-escuela-de-el-arenal\\\/#primaryimage\",\"url\":\"https:\\\/\\\/grupohoymexico.com\\\/hidalgo\\\/wp-content\\\/uploads\\\/sites\\\/5\\\/2025\\\/02\\\/Arenal-s.jpg\",\"contentUrl\":\"https:\\\/\\\/grupohoymexico.com\\\/hidalgo\\\/wp-content\\\/uploads\\\/sites\\\/5\\\/2025\\\/02\\\/Arenal-s.jpg\",\"width\":1437,\"height\":766,\"caption\":\"Arenal\"},{\"@type\":\"BreadcrumbList\",\"@id\":\"https:\\\/\\\/grupohoymexico.com\\\/hidalgo\\\/uncategorized\\\/seph-hace-entrega-de-equipo-en-escuela-de-el-arenal\\\/#breadcrumb\",\"itemListElement\":[{\"@type\":\"ListItem\",\"position\":1,\"name\":\"Inicio\",\"item\":\"https:\\\/\\\/grupohoymexico.com\\\/hidalgo\\\/\"},{\"@type\":\"ListItem\",\"position\":2,\"name\":\"SEPH hace entrega de equipo en escuela de El Arenal\u00a0\"}]},{\"@type\":\"WebSite\",\"@id\":\"https:\\\/\\\/grupohoymexico.com\\\/hidalgo\\\/#website\",\"url\":\"https:\\\/\\\/grupohoymexico.com\\\/hidalgo\\\/\",\"name\":\"Hidalgo Hoy\",\"description\":\"El alma de la noticia\",\"potentialAction\":[{\"@type\":\"SearchAction\",\"target\":{\"@type\":\"EntryPoint\",\"urlTemplate\":\"https:\\\/\\\/grupohoymexico.com\\\/hidalgo\\\/?s={search_term_string}\"},\"query-input\":{\"@type\":\"PropertyValueSpecification\",\"valueRequired\":true,\"valueName\":\"search_term_string\"}}],\"inLanguage\":\"es\"},{\"@type\":\"Person\",\"@id\":\"https:\\\/\\\/grupohoymexico.com\\\/hidalgo\\\/#\\\/schema\\\/person\\\/e95b7b8df1e5c291ede743c160292779\",\"name\":\"eduardo\",\"image\":{\"@type\":\"ImageObject\",\"inLanguage\":\"es\",\"@id\":\"https:\\\/\\\/secure.gravatar.com\\\/avatar\\\/ecdd30dcf3feeb5f57f13840c3daeb08334d3b69de7bb9e067a540c4925a9788?s=96&d=mm&r=g\",\"url\":\"https:\\\/\\\/secure.gravatar.com\\\/avatar\\\/ecdd30dcf3feeb5f57f13840c3daeb08334d3b69de7bb9e067a540c4925a9788?s=96&d=mm&r=g\",\"contentUrl\":\"https:\\\/\\\/secure.gravatar.com\\\/avatar\\\/ecdd30dcf3feeb5f57f13840c3daeb08334d3b69de7bb9e067a540c4925a9788?s=96&d=mm&r=g\",\"caption\":\"eduardo\"},\"url\":\"https:\\\/\\\/grupohoymexico.com\\\/hidalgo\\\/author\\\/eduardo\\\/\"}]}<\/script>\n<!-- \/ Yoast SEO Premium plugin. -->","yoast_head_json":{"title":"SEPH hace entrega de equipo en escuela de El Arenal\u00a0","description":"El titular de la SEPH, Naty Castrej\u00f3n, concluy\u00f3 la entrega de equipamiento a secundarias hidalguenses con el Arenal","robots":{"index":"index","follow":"follow","max-snippet":"max-snippet:-1","max-image-preview":"max-image-preview:large","max-video-preview":"max-video-preview:-1"},"canonical":"https:\/\/grupohoymexico.com\/hidalgo\/uncategorized\/seph-hace-entrega-de-equipo-en-escuela-de-el-arenal\/","og_locale":"es_MX","og_type":"article","og_title":"SEPH hace entrega de equipo en escuela de El Arenal\u00a0","og_description":"El titular de la SEPH, Naty Castrej\u00f3n, concluy\u00f3 la entrega de equipamiento a secundarias hidalguenses con el Arenal","og_url":"https:\/\/grupohoymexico.com\/hidalgo\/uncategorized\/seph-hace-entrega-de-equipo-en-escuela-de-el-arenal\/","og_site_name":"Hidalgo Hoy","article_published_time":"2025-02-13T00:28:24+00:00","article_modified_time":"2025-02-13T00:28:25+00:00","og_image":[{"width":1437,"height":766,"url":"https:\/\/grupohoymexico.com\/hidalgo\/wp-content\/uploads\/sites\/5\/2025\/02\/Arenal-s.jpg","type":"image\/jpeg"}],"author":"eduardo","twitter_card":"summary_large_image","twitter_misc":{"Escrito por":"eduardo","Tiempo de lectura":"2 minutos"},"schema":{"@context":"https:\/\/schema.org","@graph":[{"@type":"Article","@id":"https:\/\/grupohoymexico.com\/hidalgo\/uncategorized\/seph-hace-entrega-de-equipo-en-escuela-de-el-arenal\/#article","isPartOf":{"@id":"https:\/\/grupohoymexico.com\/hidalgo\/uncategorized\/seph-hace-entrega-de-equipo-en-escuela-de-el-arenal\/"},"author":{"name":"eduardo","@id":"https:\/\/grupohoymexico.com\/hidalgo\/#\/schema\/person\/e95b7b8df1e5c291ede743c160292779"},"headline":"SEPH hace entrega de equipo en escuela de El Arenal\u00a0","datePublished":"2025-02-13T00:28:24+00:00","dateModified":"2025-02-13T00:28:25+00:00","mainEntityOfPage":{"@id":"https:\/\/grupohoymexico.com\/hidalgo\/uncategorized\/seph-hace-entrega-de-equipo-en-escuela-de-el-arenal\/"},"wordCount":318,"commentCount":0,"image":{"@id":"https:\/\/grupohoymexico.com\/hidalgo\/uncategorized\/seph-hace-entrega-de-equipo-en-escuela-de-el-arenal\/#primaryimage"},"thumbnailUrl":"https:\/\/grupohoymexico.com\/hidalgo\/wp-content\/uploads\/sites\/5\/2025\/02\/Arenal-s.jpg","articleSection":["Uncategorized"],"inLanguage":"es","potentialAction":[{"@type":"CommentAction","name":"Comment","target":["https:\/\/grupohoymexico.com\/hidalgo\/uncategorized\/seph-hace-entrega-de-equipo-en-escuela-de-el-arenal\/#respond"]}]},{"@type":"WebPage","@id":"https:\/\/grupohoymexico.com\/hidalgo\/uncategorized\/seph-hace-entrega-de-equipo-en-escuela-de-el-arenal\/","url":"https:\/\/grupohoymexico.com\/hidalgo\/uncategorized\/seph-hace-entrega-de-equipo-en-escuela-de-el-arenal\/","name":"SEPH hace entrega de equipo en escuela de El Arenal\u00a0","isPartOf":{"@id":"https:\/\/grupohoymexico.com\/hidalgo\/#website"},"primaryImageOfPage":{"@id":"https:\/\/grupohoymexico.com\/hidalgo\/uncategorized\/seph-hace-entrega-de-equipo-en-escuela-de-el-arenal\/#primaryimage"},"image":{"@id":"https:\/\/grupohoymexico.com\/hidalgo\/uncategorized\/seph-hace-entrega-de-equipo-en-escuela-de-el-arenal\/#primaryimage"},"thumbnailUrl":"https:\/\/grupohoymexico.com\/hidalgo\/wp-content\/uploads\/sites\/5\/2025\/02\/Arenal-s.jpg","datePublished":"2025-02-13T00:28:24+00:00","dateModified":"2025-02-13T00:28:25+00:00","author":{"@id":"https:\/\/grupohoymexico.com\/hidalgo\/#\/schema\/person\/e95b7b8df1e5c291ede743c160292779"},"description":"El titular de la SEPH, Naty Castrej\u00f3n, concluy\u00f3 la entrega de equipamiento a secundarias hidalguenses con el Arenal","breadcrumb":{"@id":"https:\/\/grupohoymexico.com\/hidalgo\/uncategorized\/seph-hace-entrega-de-equipo-en-escuela-de-el-arenal\/#breadcrumb"},"inLanguage":"es","potentialAction":[{"@type":"ReadAction","target":["https:\/\/grupohoymexico.com\/hidalgo\/uncategorized\/seph-hace-entrega-de-equipo-en-escuela-de-el-arenal\/"]}]},{"@type":"ImageObject","inLanguage":"es","@id":"https:\/\/grupohoymexico.com\/hidalgo\/uncategorized\/seph-hace-entrega-de-equipo-en-escuela-de-el-arenal\/#primaryimage","url":"https:\/\/grupohoymexico.com\/hidalgo\/wp-content\/uploads\/sites\/5\/2025\/02\/Arenal-s.jpg","contentUrl":"https:\/\/grupohoymexico.com\/hidalgo\/wp-content\/uploads\/sites\/5\/2025\/02\/Arenal-s.jpg","width":1437,"height":766,"caption":"Arenal"},{"@type":"BreadcrumbList","@id":"https:\/\/grupohoymexico.com\/hidalgo\/uncategorized\/seph-hace-entrega-de-equipo-en-escuela-de-el-arenal\/#breadcrumb","itemListElement":[{"@type":"ListItem","position":1,"name":"Inicio","item":"https:\/\/grupohoymexico.com\/hidalgo\/"},{"@type":"ListItem","position":2,"name":"SEPH hace entrega de equipo en escuela de El Arenal\u00a0"}]},{"@type":"WebSite","@id":"https:\/\/grupohoymexico.com\/hidalgo\/#website","url":"https:\/\/grupohoymexico.com\/hidalgo\/","name":"Hidalgo Hoy","description":"El alma de la noticia","potentialAction":[{"@type":"SearchAction","target":{"@type":"EntryPoint","urlTemplate":"https:\/\/grupohoymexico.com\/hidalgo\/?s={search_term_string}"},"query-input":{"@type":"PropertyValueSpecification","valueRequired":true,"valueName":"search_term_string"}}],"inLanguage":"es"},{"@type":"Person","@id":"https:\/\/grupohoymexico.com\/hidalgo\/#\/schema\/person\/e95b7b8df1e5c291ede743c160292779","name":"eduardo","image":{"@type":"ImageObject","inLanguage":"es","@id":"https:\/\/secure.gravatar.com\/avatar\/ecdd30dcf3feeb5f57f13840c3daeb08334d3b69de7bb9e067a540c4925a9788?s=96&d=mm&r=g","url":"https:\/\/secure.gravatar.com\/avatar\/ecdd30dcf3feeb5f57f13840c3daeb08334d3b69de7bb9e067a540c4925a9788?s=96&d=mm&r=g","contentUrl":"https:\/\/secure.gravatar.com\/avatar\/ecdd30dcf3feeb5f57f13840c3daeb08334d3b69de7bb9e067a540c4925a9788?s=96&d=mm&r=g","caption":"eduardo"},"url":"https:\/\/grupohoymexico.com\/hidalgo\/author\/eduardo\/"}]}},"_links":{"self":[{"href":"https:\/\/grupohoymexico.com\/hidalgo\/wp-json\/wp\/v2\/posts\/3032","targetHints":{"allow":["GET"]}}],"collection":[{"href":"https:\/\/grupohoymexico.com\/hidalgo\/wp-json\/wp\/v2\/posts"}],"about":[{"href":"https:\/\/grupohoymexico.com\/hidalgo\/wp-json\/wp\/v2\/types\/post"}],"author":[{"embeddable":true,"href":"https:\/\/grupohoymexico.com\/hidalgo\/wp-json\/wp\/v2\/users\/30"}],"replies":[{"embeddable":true,"href":"https:\/\/grupohoymexico.com\/hidalgo\/wp-json\/wp\/v2\/comments?post=3032"}],"version-history":[{"count":2,"href":"https:\/\/grupohoymexico.com\/hidalgo\/wp-json\/wp\/v2\/posts\/3032\/revisions"}],"predecessor-version":[{"id":3037,"href":"https:\/\/grupohoymexico.com\/hidalgo\/wp-json\/wp\/v2\/posts\/3032\/revisions\/3037"}],"wp:featuredmedia":[{"embeddable":true,"href":"https:\/\/grupohoymexico.com\/hidalgo\/wp-json\/wp\/v2\/media\/3036"}],"wp:attachment":[{"href":"https:\/\/grupohoymexico.com\/hidalgo\/wp-json\/wp\/v2\/media?parent=3032"}],"wp:term":[{"taxonomy":"category","embeddable":true,"href":"https:\/\/grupohoymexico.com\/hidalgo\/wp-json\/wp\/v2\/categories?post=3032"},{"taxonomy":"post_tag","embeddable":true,"href":"https:\/\/grupohoymexico.com\/hidalgo\/wp-json\/wp\/v2\/tags?post=3032"}],"curies":[{"name":"wp","href":"https:\/\/api.w.org\/{rel}","templated":true}]}}