{"id":2976,"date":"2025-02-10T17:44:47","date_gmt":"2025-02-10T23:44:47","guid":{"rendered":"https:\/\/grupohoymexico.com\/hidalgohoy\/?p=2976"},"modified":"2025-02-10T17:44:48","modified_gmt":"2025-02-10T23:44:48","slug":"tren-embiste-camioneta-en-teocalco","status":"publish","type":"post","link":"https:\/\/grupohoymexico.com\/hidalgo\/uncategorized\/tren-embiste-camioneta-en-teocalco\/","title":{"rendered":"Tren embiste camioneta en Teocalco"},"content":{"rendered":"\n<p>La tarde de este lunes se registr\u00f3 un lamentable accidente en la carretera Tula-Tlahuelilpan, a la altura del cruce ferroviario en Teocalco, donde una camioneta Ford Explorer con placas HLW-209-C del estado de Hidalgo fue embestida por un <a href=\"https:\/\/grupohoymexico.com\/hidalgohoy\/estatal\/incertidumbre-entre-vecinos-de-huitzila-ante-la-llegada-del-tren-pachuca-aifa\/\">tren<\/a>. El incidente dej\u00f3 un saldo de dos personas fallecidas y dos m\u00e1s gravemente heridas.<\/p>\n\n\n\n<h2 class=\"wp-block-heading\">Intento fallido de cruzar las v\u00edas en Teocalco <\/h2>\n\n\n\n<p><\/p>\n\n\n\n<p>Tras el impacto, equipos de emergencia y seguridad arribaron al sitio para brindar asistencia a las v\u00edctimas. Se presume que en la camioneta llevaba tres personas, de las cuales dos murieron en el lugar, mientras que las dos lesionadas se les traslad\u00f3 de urgencia al Hospital General de Tula para recibir atenci\u00f3n m\u00e9dica especializada. <\/p>\n\n\n\n<figure class=\"wp-block-image\"><img decoding=\"async\" src=\"https:\/\/scontent.fmex19-1.fna.fbcdn.net\/v\/t39.30808-6\/476630865_1044258407742265_7248119348249869984_n.jpg?_nc_cat=107&amp;ccb=1-7&amp;_nc_sid=127cfc&amp;_nc_eui2=AeHbflCb7cmENo3ow9zHwGs8yRNRTVMRvI7JE1FNUxG8jtIBrqSxBT4jVgBYpEeVixU6rEx3DK783gK4PvAlzOKt&amp;_nc_ohc=4p4W48CMsKQQ7kNvgEvo8yk&amp;_nc_oc=AdhvTC6vVzVZThleSKwmYU6nLPa9hFlr3d-yQvMKMxvh5RWPJhYFoaQSzA8SVIrpQAt0BO9Lk0ftRer7iTSFlVP-&amp;_nc_zt=23&amp;_nc_ht=scontent.fmex19-1.fna&amp;_nc_gid=AsQda5tRYrRbCc3Kn-bzZmo&amp;oh=00_AYCbSPvab4KK92qWcF0N3Ekov53Jxz8XCqC0yLmw7Wv3Vg&amp;oe=67B06044\" alt=\"Puede ser una imagen de 4 personas\"\/><\/figure>\n\n\n\n<p><\/p>\n\n\n\n<h3 class=\"wp-block-heading\">Autoridades investigan el accidente<\/h3>\n\n\n\n<p><\/p>\n\n\n\n<p>Las autoridades municipales y estatales procedieron a resguardar la zona del accidente en espera de los peritos de la Procuradur\u00eda General de Justicia del Estado de Hidalgo, quienes realizaron las diligencias correspondientes y el levantamiento de los cuerpos. Hasta el momento, no se ha proporcionado informaci\u00f3n sobre la identidad de las v\u00edctimas ni el estado de salud de los heridos.<\/p>\n\n\n\n<p>Este tr\u00e1gico incidente resalta la importancia de respetar las se\u00f1ales viales y ferroviarias, pues intentar ganarle el paso al tren representa un riesgo latente con consecuencias fatales. Las autoridades exhortan a los conductores a extremar precauciones en los cruces ferroviarios y a respetar los l\u00edmites de velocidad para evitar tragedias como esta. <\/p>\n","protected":false},"excerpt":{"rendered":"La tarde de este lunes se registr\u00f3 un lamentable accidente en la carretera Tula-Tlahuelilpan, a la altura del&hellip;","protected":false},"author":30,"featured_media":2978,"comment_status":"open","ping_status":"open","sticky":false,"template":"","format":"standard","meta":{"csco_display_header_overlay":false,"csco_singular_sidebar":"","csco_page_header_type":"","csco_page_load_nextpost":"","csco_post_video_location":[],"csco_post_video_location_hash":"","csco_post_video_url":"","csco_post_video_bg_start_time":0,"csco_post_video_bg_end_time":0,"footnotes":""},"categories":[1],"tags":[],"class_list":{"0":"post-2976","1":"post","2":"type-post","3":"status-publish","4":"format-standard","5":"has-post-thumbnail","7":"category-uncategorized","8":"cs-entry","9":"cs-video-wrap"},"yoast_head":"<!-- This site is optimized with the Yoast SEO Premium plugin v24.7 (Yoast SEO v27.4) - https:\/\/yoast.com\/product\/yoast-seo-premium-wordpress\/ -->\n<title>Tren embiste camioneta en Teocalco<\/title>\n<meta name=\"description\" content=\"La tarde de este lunes se registr\u00f3 un lamentable accidente en la carretera Tula-Tlahuelilpan, a la altura del cruce ferroviario en Teocalco\" \/>\n<meta name=\"robots\" content=\"index, follow, max-snippet:-1, max-image-preview:large, max-video-preview:-1\" \/>\n<link rel=\"canonical\" href=\"https:\/\/grupohoymexico.com\/hidalgo\/uncategorized\/tren-embiste-camioneta-en-teocalco\/\" \/>\n<meta property=\"og:locale\" content=\"es_MX\" \/>\n<meta property=\"og:type\" content=\"article\" \/>\n<meta property=\"og:title\" content=\"Tren embiste camioneta en Teocalco\" \/>\n<meta property=\"og:description\" content=\"La tarde de este lunes se registr\u00f3 un lamentable accidente en la carretera Tula-Tlahuelilpan, a la altura del cruce ferroviario en Teocalco\" \/>\n<meta property=\"og:url\" content=\"https:\/\/grupohoymexico.com\/hidalgo\/uncategorized\/tren-embiste-camioneta-en-teocalco\/\" \/>\n<meta property=\"og:site_name\" content=\"Hidalgo Hoy\" \/>\n<meta property=\"article:published_time\" content=\"2025-02-10T23:44:47+00:00\" \/>\n<meta property=\"article:modified_time\" content=\"2025-02-10T23:44:48+00:00\" \/>\n<meta property=\"og:image\" content=\"https:\/\/grupohoymexico.com\/hidalgo\/wp-content\/uploads\/sites\/5\/2025\/02\/Tren-s.jpg\" \/>\n\t<meta property=\"og:image:width\" content=\"1184\" \/>\n\t<meta property=\"og:image:height\" content=\"622\" \/>\n\t<meta property=\"og:image:type\" content=\"image\/jpeg\" \/>\n<meta name=\"author\" content=\"eduardo\" \/>\n<meta name=\"twitter:card\" content=\"summary_large_image\" \/>\n<meta name=\"twitter:label1\" content=\"Escrito por\" \/>\n\t<meta name=\"twitter:data1\" content=\"eduardo\" \/>\n\t<meta name=\"twitter:label2\" content=\"Tiempo de lectura\" \/>\n\t<meta name=\"twitter:data2\" content=\"2 minutos\" \/>\n<script type=\"application\/ld+json\" class=\"yoast-schema-graph\">{\"@context\":\"https:\\\/\\\/schema.org\",\"@graph\":[{\"@type\":\"Article\",\"@id\":\"https:\\\/\\\/grupohoymexico.com\\\/hidalgo\\\/uncategorized\\\/tren-embiste-camioneta-en-teocalco\\\/#article\",\"isPartOf\":{\"@id\":\"https:\\\/\\\/grupohoymexico.com\\\/hidalgo\\\/uncategorized\\\/tren-embiste-camioneta-en-teocalco\\\/\"},\"author\":{\"name\":\"eduardo\",\"@id\":\"https:\\\/\\\/grupohoymexico.com\\\/hidalgo\\\/#\\\/schema\\\/person\\\/e95b7b8df1e5c291ede743c160292779\"},\"headline\":\"Tren embiste camioneta en Teocalco\",\"datePublished\":\"2025-02-10T23:44:47+00:00\",\"dateModified\":\"2025-02-10T23:44:48+00:00\",\"mainEntityOfPage\":{\"@id\":\"https:\\\/\\\/grupohoymexico.com\\\/hidalgo\\\/uncategorized\\\/tren-embiste-camioneta-en-teocalco\\\/\"},\"wordCount\":248,\"commentCount\":0,\"image\":{\"@id\":\"https:\\\/\\\/grupohoymexico.com\\\/hidalgo\\\/uncategorized\\\/tren-embiste-camioneta-en-teocalco\\\/#primaryimage\"},\"thumbnailUrl\":\"https:\\\/\\\/grupohoymexico.com\\\/hidalgo\\\/wp-content\\\/uploads\\\/sites\\\/5\\\/2025\\\/02\\\/Tren-s.jpg\",\"articleSection\":[\"Uncategorized\"],\"inLanguage\":\"es\",\"potentialAction\":[{\"@type\":\"CommentAction\",\"name\":\"Comment\",\"target\":[\"https:\\\/\\\/grupohoymexico.com\\\/hidalgo\\\/uncategorized\\\/tren-embiste-camioneta-en-teocalco\\\/#respond\"]}]},{\"@type\":\"WebPage\",\"@id\":\"https:\\\/\\\/grupohoymexico.com\\\/hidalgo\\\/uncategorized\\\/tren-embiste-camioneta-en-teocalco\\\/\",\"url\":\"https:\\\/\\\/grupohoymexico.com\\\/hidalgo\\\/uncategorized\\\/tren-embiste-camioneta-en-teocalco\\\/\",\"name\":\"Tren embiste camioneta en Teocalco\",\"isPartOf\":{\"@id\":\"https:\\\/\\\/grupohoymexico.com\\\/hidalgo\\\/#website\"},\"primaryImageOfPage\":{\"@id\":\"https:\\\/\\\/grupohoymexico.com\\\/hidalgo\\\/uncategorized\\\/tren-embiste-camioneta-en-teocalco\\\/#primaryimage\"},\"image\":{\"@id\":\"https:\\\/\\\/grupohoymexico.com\\\/hidalgo\\\/uncategorized\\\/tren-embiste-camioneta-en-teocalco\\\/#primaryimage\"},\"thumbnailUrl\":\"https:\\\/\\\/grupohoymexico.com\\\/hidalgo\\\/wp-content\\\/uploads\\\/sites\\\/5\\\/2025\\\/02\\\/Tren-s.jpg\",\"datePublished\":\"2025-02-10T23:44:47+00:00\",\"dateModified\":\"2025-02-10T23:44:48+00:00\",\"author\":{\"@id\":\"https:\\\/\\\/grupohoymexico.com\\\/hidalgo\\\/#\\\/schema\\\/person\\\/e95b7b8df1e5c291ede743c160292779\"},\"description\":\"La tarde de este lunes se registr\u00f3 un lamentable accidente en la carretera Tula-Tlahuelilpan, a la altura del cruce ferroviario en Teocalco\",\"breadcrumb\":{\"@id\":\"https:\\\/\\\/grupohoymexico.com\\\/hidalgo\\\/uncategorized\\\/tren-embiste-camioneta-en-teocalco\\\/#breadcrumb\"},\"inLanguage\":\"es\",\"potentialAction\":[{\"@type\":\"ReadAction\",\"target\":[\"https:\\\/\\\/grupohoymexico.com\\\/hidalgo\\\/uncategorized\\\/tren-embiste-camioneta-en-teocalco\\\/\"]}]},{\"@type\":\"ImageObject\",\"inLanguage\":\"es\",\"@id\":\"https:\\\/\\\/grupohoymexico.com\\\/hidalgo\\\/uncategorized\\\/tren-embiste-camioneta-en-teocalco\\\/#primaryimage\",\"url\":\"https:\\\/\\\/grupohoymexico.com\\\/hidalgo\\\/wp-content\\\/uploads\\\/sites\\\/5\\\/2025\\\/02\\\/Tren-s.jpg\",\"contentUrl\":\"https:\\\/\\\/grupohoymexico.com\\\/hidalgo\\\/wp-content\\\/uploads\\\/sites\\\/5\\\/2025\\\/02\\\/Tren-s.jpg\",\"width\":1184,\"height\":622,\"caption\":\"Tren\"},{\"@type\":\"BreadcrumbList\",\"@id\":\"https:\\\/\\\/grupohoymexico.com\\\/hidalgo\\\/uncategorized\\\/tren-embiste-camioneta-en-teocalco\\\/#breadcrumb\",\"itemListElement\":[{\"@type\":\"ListItem\",\"position\":1,\"name\":\"Inicio\",\"item\":\"https:\\\/\\\/grupohoymexico.com\\\/hidalgo\\\/\"},{\"@type\":\"ListItem\",\"position\":2,\"name\":\"Tren embiste camioneta en Teocalco\"}]},{\"@type\":\"WebSite\",\"@id\":\"https:\\\/\\\/grupohoymexico.com\\\/hidalgo\\\/#website\",\"url\":\"https:\\\/\\\/grupohoymexico.com\\\/hidalgo\\\/\",\"name\":\"Hidalgo Hoy\",\"description\":\"El alma de la noticia\",\"potentialAction\":[{\"@type\":\"SearchAction\",\"target\":{\"@type\":\"EntryPoint\",\"urlTemplate\":\"https:\\\/\\\/grupohoymexico.com\\\/hidalgo\\\/?s={search_term_string}\"},\"query-input\":{\"@type\":\"PropertyValueSpecification\",\"valueRequired\":true,\"valueName\":\"search_term_string\"}}],\"inLanguage\":\"es\"},{\"@type\":\"Person\",\"@id\":\"https:\\\/\\\/grupohoymexico.com\\\/hidalgo\\\/#\\\/schema\\\/person\\\/e95b7b8df1e5c291ede743c160292779\",\"name\":\"eduardo\",\"image\":{\"@type\":\"ImageObject\",\"inLanguage\":\"es\",\"@id\":\"https:\\\/\\\/secure.gravatar.com\\\/avatar\\\/ecdd30dcf3feeb5f57f13840c3daeb08334d3b69de7bb9e067a540c4925a9788?s=96&d=mm&r=g\",\"url\":\"https:\\\/\\\/secure.gravatar.com\\\/avatar\\\/ecdd30dcf3feeb5f57f13840c3daeb08334d3b69de7bb9e067a540c4925a9788?s=96&d=mm&r=g\",\"contentUrl\":\"https:\\\/\\\/secure.gravatar.com\\\/avatar\\\/ecdd30dcf3feeb5f57f13840c3daeb08334d3b69de7bb9e067a540c4925a9788?s=96&d=mm&r=g\",\"caption\":\"eduardo\"},\"url\":\"https:\\\/\\\/grupohoymexico.com\\\/hidalgo\\\/author\\\/eduardo\\\/\"}]}<\/script>\n<!-- \/ Yoast SEO Premium plugin. -->","yoast_head_json":{"title":"Tren embiste camioneta en Teocalco","description":"La tarde de este lunes se registr\u00f3 un lamentable accidente en la carretera Tula-Tlahuelilpan, a la altura del cruce ferroviario en Teocalco","robots":{"index":"index","follow":"follow","max-snippet":"max-snippet:-1","max-image-preview":"max-image-preview:large","max-video-preview":"max-video-preview:-1"},"canonical":"https:\/\/grupohoymexico.com\/hidalgo\/uncategorized\/tren-embiste-camioneta-en-teocalco\/","og_locale":"es_MX","og_type":"article","og_title":"Tren embiste camioneta en Teocalco","og_description":"La tarde de este lunes se registr\u00f3 un lamentable accidente en la carretera Tula-Tlahuelilpan, a la altura del cruce ferroviario en Teocalco","og_url":"https:\/\/grupohoymexico.com\/hidalgo\/uncategorized\/tren-embiste-camioneta-en-teocalco\/","og_site_name":"Hidalgo Hoy","article_published_time":"2025-02-10T23:44:47+00:00","article_modified_time":"2025-02-10T23:44:48+00:00","og_image":[{"width":1184,"height":622,"url":"https:\/\/grupohoymexico.com\/hidalgo\/wp-content\/uploads\/sites\/5\/2025\/02\/Tren-s.jpg","type":"image\/jpeg"}],"author":"eduardo","twitter_card":"summary_large_image","twitter_misc":{"Escrito por":"eduardo","Tiempo de lectura":"2 minutos"},"schema":{"@context":"https:\/\/schema.org","@graph":[{"@type":"Article","@id":"https:\/\/grupohoymexico.com\/hidalgo\/uncategorized\/tren-embiste-camioneta-en-teocalco\/#article","isPartOf":{"@id":"https:\/\/grupohoymexico.com\/hidalgo\/uncategorized\/tren-embiste-camioneta-en-teocalco\/"},"author":{"name":"eduardo","@id":"https:\/\/grupohoymexico.com\/hidalgo\/#\/schema\/person\/e95b7b8df1e5c291ede743c160292779"},"headline":"Tren embiste camioneta en Teocalco","datePublished":"2025-02-10T23:44:47+00:00","dateModified":"2025-02-10T23:44:48+00:00","mainEntityOfPage":{"@id":"https:\/\/grupohoymexico.com\/hidalgo\/uncategorized\/tren-embiste-camioneta-en-teocalco\/"},"wordCount":248,"commentCount":0,"image":{"@id":"https:\/\/grupohoymexico.com\/hidalgo\/uncategorized\/tren-embiste-camioneta-en-teocalco\/#primaryimage"},"thumbnailUrl":"https:\/\/grupohoymexico.com\/hidalgo\/wp-content\/uploads\/sites\/5\/2025\/02\/Tren-s.jpg","articleSection":["Uncategorized"],"inLanguage":"es","potentialAction":[{"@type":"CommentAction","name":"Comment","target":["https:\/\/grupohoymexico.com\/hidalgo\/uncategorized\/tren-embiste-camioneta-en-teocalco\/#respond"]}]},{"@type":"WebPage","@id":"https:\/\/grupohoymexico.com\/hidalgo\/uncategorized\/tren-embiste-camioneta-en-teocalco\/","url":"https:\/\/grupohoymexico.com\/hidalgo\/uncategorized\/tren-embiste-camioneta-en-teocalco\/","name":"Tren embiste camioneta en Teocalco","isPartOf":{"@id":"https:\/\/grupohoymexico.com\/hidalgo\/#website"},"primaryImageOfPage":{"@id":"https:\/\/grupohoymexico.com\/hidalgo\/uncategorized\/tren-embiste-camioneta-en-teocalco\/#primaryimage"},"image":{"@id":"https:\/\/grupohoymexico.com\/hidalgo\/uncategorized\/tren-embiste-camioneta-en-teocalco\/#primaryimage"},"thumbnailUrl":"https:\/\/grupohoymexico.com\/hidalgo\/wp-content\/uploads\/sites\/5\/2025\/02\/Tren-s.jpg","datePublished":"2025-02-10T23:44:47+00:00","dateModified":"2025-02-10T23:44:48+00:00","author":{"@id":"https:\/\/grupohoymexico.com\/hidalgo\/#\/schema\/person\/e95b7b8df1e5c291ede743c160292779"},"description":"La tarde de este lunes se registr\u00f3 un lamentable accidente en la carretera Tula-Tlahuelilpan, a la altura del cruce ferroviario en Teocalco","breadcrumb":{"@id":"https:\/\/grupohoymexico.com\/hidalgo\/uncategorized\/tren-embiste-camioneta-en-teocalco\/#breadcrumb"},"inLanguage":"es","potentialAction":[{"@type":"ReadAction","target":["https:\/\/grupohoymexico.com\/hidalgo\/uncategorized\/tren-embiste-camioneta-en-teocalco\/"]}]},{"@type":"ImageObject","inLanguage":"es","@id":"https:\/\/grupohoymexico.com\/hidalgo\/uncategorized\/tren-embiste-camioneta-en-teocalco\/#primaryimage","url":"https:\/\/grupohoymexico.com\/hidalgo\/wp-content\/uploads\/sites\/5\/2025\/02\/Tren-s.jpg","contentUrl":"https:\/\/grupohoymexico.com\/hidalgo\/wp-content\/uploads\/sites\/5\/2025\/02\/Tren-s.jpg","width":1184,"height":622,"caption":"Tren"},{"@type":"BreadcrumbList","@id":"https:\/\/grupohoymexico.com\/hidalgo\/uncategorized\/tren-embiste-camioneta-en-teocalco\/#breadcrumb","itemListElement":[{"@type":"ListItem","position":1,"name":"Inicio","item":"https:\/\/grupohoymexico.com\/hidalgo\/"},{"@type":"ListItem","position":2,"name":"Tren embiste camioneta en Teocalco"}]},{"@type":"WebSite","@id":"https:\/\/grupohoymexico.com\/hidalgo\/#website","url":"https:\/\/grupohoymexico.com\/hidalgo\/","name":"Hidalgo Hoy","description":"El alma de la noticia","potentialAction":[{"@type":"SearchAction","target":{"@type":"EntryPoint","urlTemplate":"https:\/\/grupohoymexico.com\/hidalgo\/?s={search_term_string}"},"query-input":{"@type":"PropertyValueSpecification","valueRequired":true,"valueName":"search_term_string"}}],"inLanguage":"es"},{"@type":"Person","@id":"https:\/\/grupohoymexico.com\/hidalgo\/#\/schema\/person\/e95b7b8df1e5c291ede743c160292779","name":"eduardo","image":{"@type":"ImageObject","inLanguage":"es","@id":"https:\/\/secure.gravatar.com\/avatar\/ecdd30dcf3feeb5f57f13840c3daeb08334d3b69de7bb9e067a540c4925a9788?s=96&d=mm&r=g","url":"https:\/\/secure.gravatar.com\/avatar\/ecdd30dcf3feeb5f57f13840c3daeb08334d3b69de7bb9e067a540c4925a9788?s=96&d=mm&r=g","contentUrl":"https:\/\/secure.gravatar.com\/avatar\/ecdd30dcf3feeb5f57f13840c3daeb08334d3b69de7bb9e067a540c4925a9788?s=96&d=mm&r=g","caption":"eduardo"},"url":"https:\/\/grupohoymexico.com\/hidalgo\/author\/eduardo\/"}]}},"_links":{"self":[{"href":"https:\/\/grupohoymexico.com\/hidalgo\/wp-json\/wp\/v2\/posts\/2976","targetHints":{"allow":["GET"]}}],"collection":[{"href":"https:\/\/grupohoymexico.com\/hidalgo\/wp-json\/wp\/v2\/posts"}],"about":[{"href":"https:\/\/grupohoymexico.com\/hidalgo\/wp-json\/wp\/v2\/types\/post"}],"author":[{"embeddable":true,"href":"https:\/\/grupohoymexico.com\/hidalgo\/wp-json\/wp\/v2\/users\/30"}],"replies":[{"embeddable":true,"href":"https:\/\/grupohoymexico.com\/hidalgo\/wp-json\/wp\/v2\/comments?post=2976"}],"version-history":[{"count":2,"href":"https:\/\/grupohoymexico.com\/hidalgo\/wp-json\/wp\/v2\/posts\/2976\/revisions"}],"predecessor-version":[{"id":2979,"href":"https:\/\/grupohoymexico.com\/hidalgo\/wp-json\/wp\/v2\/posts\/2976\/revisions\/2979"}],"wp:featuredmedia":[{"embeddable":true,"href":"https:\/\/grupohoymexico.com\/hidalgo\/wp-json\/wp\/v2\/media\/2978"}],"wp:attachment":[{"href":"https:\/\/grupohoymexico.com\/hidalgo\/wp-json\/wp\/v2\/media?parent=2976"}],"wp:term":[{"taxonomy":"category","embeddable":true,"href":"https:\/\/grupohoymexico.com\/hidalgo\/wp-json\/wp\/v2\/categories?post=2976"},{"taxonomy":"post_tag","embeddable":true,"href":"https:\/\/grupohoymexico.com\/hidalgo\/wp-json\/wp\/v2\/tags?post=2976"}],"curies":[{"name":"wp","href":"https:\/\/api.w.org\/{rel}","templated":true}]}}