{"id":2949,"date":"2025-02-07T14:49:57","date_gmt":"2025-02-07T20:49:57","guid":{"rendered":"https:\/\/grupohoymexico.com\/hidalgohoy\/?p=2949"},"modified":"2025-02-07T16:40:31","modified_gmt":"2025-02-07T22:40:31","slug":"pumas-cae-en-la-concachampions","status":"publish","type":"post","link":"https:\/\/grupohoymexico.com\/hidalgo\/uncategorized\/pumas-cae-en-la-concachampions\/","title":{"rendered":"Pumas cae en la Concachampions"},"content":{"rendered":"\n<p><\/p>\n\n\n\n<p>El equipo de los <strong>Pumas<\/strong> sufri\u00f3 una derrota de 2-1 en el partido de ida de la primera ronda de la <strong>CONCACAF Champions Cup<\/strong> ante <strong>Cavalry FC<\/strong>. A pesar de adelantarse en el marcador con un gol del canterano <strong>Santiago L\u00f3pez<\/strong>, los dirigidos por <strong>Gustavo Lema<\/strong> no lograron sostener la ventaja y complicaron su pase a la siguiente fase. <\/p>\n\n\n\n<h2 class=\"wp-block-heading\">Alineaci\u00f3n de Pumas para el partido <\/h2>\n\n\n\n<p><\/p>\n\n\n\n<p>Para este compromiso, <strong>Gustavo Lema<\/strong> opt\u00f3 por una alineaci\u00f3n alternativa. De los habituales titulares, solo comenzaron <strong>Nathan Silva<\/strong>, <strong>Pablo Bennevendo<\/strong> y <strong>Piero Quispe<\/strong>, mientras que <strong>Jorge Ruvalcaba<\/strong> y<strong> Rodrigo L\u00f3pez<\/strong> ingresaron de cambio. Varios <strong>jugadores<\/strong> clave recibieron descanso, incluyendo <strong>Lisandro Magall\u00e1n<\/strong>, <strong>Rub\u00e9n Duarte<\/strong>, <strong>Guillermo Mart\u00ednez<\/strong>, <strong>Adalberto Carrasquilla<\/strong>, <strong>Jos\u00e9 Caicedo<\/strong>, <strong>Robert Ergas<\/strong> e <strong>Ignacio Pussetto<\/strong>.  <\/p>\n\n\n\n<h2 class=\"wp-block-heading\">Cr\u00f3nica de la derrota de Pumas <\/h2>\n\n\n\n<p><\/p>\n\n\n\n<p>A pesar de no dominar el encuentro, los <strong>Universitarios<\/strong> se adelantaron en el minuto 43. Piero Quispe condujo el bal\u00f3n desde media cancha hasta el borde del \u00e1rea y sac\u00f3 un disparo de derecha. El arquero del <strong>Cavalry<\/strong> dio rebote, lo que permiti\u00f3 a <strong>Santiago L\u00f3pez<\/strong> aprovechar la oportunidad y mandar el bal\u00f3n al fondo de la red para el 0-1.  <br><br><\/p>\n\n\n\n<figure class=\"wp-block-image size-full is-resized\"><img fetchpriority=\"high\" decoding=\"async\" width=\"928\" height=\"580\" src=\"https:\/\/grupohoymexico.com\/wp-content\/uploads\/sites\/5\/2025\/02\/image-13.png\" alt=\"\" class=\"wp-image-2950\" style=\"width:601px;height:auto\" srcset=\"https:\/\/grupohoymexico.com\/hidalgo\/wp-content\/uploads\/sites\/5\/2025\/02\/image-13.png 928w, https:\/\/grupohoymexico.com\/hidalgo\/wp-content\/uploads\/sites\/5\/2025\/02\/image-13-300x188.png 300w, https:\/\/grupohoymexico.com\/hidalgo\/wp-content\/uploads\/sites\/5\/2025\/02\/image-13-768x480.png 768w\" sizes=\"(max-width: 928px) 100vw, 928px\" \/><\/figure>\n\n\n\n<p><\/p>\n\n\n\n<p>En la segunda mitad, el equipo local empat\u00f3 tras un tiro de esquina. <strong>Ali Musse<\/strong> ejecut\u00f3 un centro al primer poste, donde el canadiense <strong>Charlie Trafford<\/strong> remat\u00f3 en el \u00e1rea chica. <strong>Alex Padilla<\/strong> dud\u00f3 en salir, lo que permiti\u00f3 la igualdad en el marcador.  <br><br><\/p>\n\n\n\n<figure class=\"wp-block-image size-full\"><img decoding=\"async\" width=\"614\" height=\"307\" src=\"https:\/\/grupohoymexico.com\/wp-content\/uploads\/sites\/5\/2025\/02\/image-14.png\" alt=\"\" class=\"wp-image-2951\" srcset=\"https:\/\/grupohoymexico.com\/hidalgo\/wp-content\/uploads\/sites\/5\/2025\/02\/image-14.png 614w, https:\/\/grupohoymexico.com\/hidalgo\/wp-content\/uploads\/sites\/5\/2025\/02\/image-14-300x150.png 300w\" sizes=\"(max-width: 614px) 100vw, 614px\" \/><\/figure>\n\n\n\n<p><\/p>\n\n\n\n<p><strong>Jorge Ruvalcaba<\/strong> ingres\u00f3 al campo con la intenci\u00f3n de recuperar la ventaja, pero al minuto 80, la <strong>defensa<\/strong> de <strong>Pumas<\/strong> qued\u00f3 expuesta. Tras un <strong>cabezazo<\/strong> dentro del \u00e1rea, <strong>Tob\u00edas Warschewski <\/strong>control\u00f3 con la derecha y sin dejarla caer dispar\u00f3 de media vuelta para vencer nuevamente a <strong>Alex Padilla<\/strong>, completando la remontada.  <\/p>\n\n\n\n<h2 class=\"wp-block-heading\">Pumas intent\u00f3 reaccionar al final del partido <\/h2>\n\n\n\n<p><\/p>\n\n\n\n<p>Los <strong>Pumas<\/strong> intentaron reaccionar en los \u00faltimos minutos, pero no encontraron claridad ofensiva y consumaron la derrota. Ahora, el equipo viajar\u00e1 a la <strong>Ciudad de M\u00e9xico<\/strong> para enfrentar a <strong>Mazatl\u00e1n<\/strong> este domingo, en partido correspondiente a la Jornada 6 del <strong>Clausura 2025<\/strong>. Posteriormente, el jueves 13 de febrero recibir\u00e1n a <strong>Cavalry FC<\/strong> en el Estadio Ol\u00edmpico Universitario, donde buscar\u00e1n remontar la serie y avanzar en la competici\u00f3n. <\/p>\n","protected":false},"excerpt":{"rendered":"El equipo de los Pumas sufri\u00f3 una derrota de 2-1 en el partido de ida de la primera&hellip;","protected":false},"author":30,"featured_media":2961,"comment_status":"open","ping_status":"open","sticky":false,"template":"","format":"standard","meta":{"csco_display_header_overlay":false,"csco_singular_sidebar":"","csco_page_header_type":"","csco_page_load_nextpost":"","csco_post_video_location":[],"csco_post_video_location_hash":"","csco_post_video_url":"","csco_post_video_bg_start_time":0,"csco_post_video_bg_end_time":0,"footnotes":""},"categories":[1],"tags":[],"class_list":{"0":"post-2949","1":"post","2":"type-post","3":"status-publish","4":"format-standard","5":"has-post-thumbnail","7":"category-uncategorized","8":"cs-entry","9":"cs-video-wrap"},"yoast_head":"<!-- This site is optimized with the Yoast SEO Premium plugin v24.7 (Yoast SEO v27.4) - https:\/\/yoast.com\/product\/yoast-seo-premium-wordpress\/ -->\n<title>Pumas cae en la Concachampions<\/title>\n<meta name=\"description\" content=\"Pumas sufri\u00f3 una derrota de 2-1 en el partido de ida de la primera ronda de la CONCACAF Champions Cup ante Cavalry FC.\" \/>\n<meta name=\"robots\" content=\"index, follow, max-snippet:-1, max-image-preview:large, max-video-preview:-1\" \/>\n<link rel=\"canonical\" href=\"https:\/\/grupohoymexico.com\/hidalgo\/uncategorized\/pumas-cae-en-la-concachampions\/\" \/>\n<meta property=\"og:locale\" content=\"es_MX\" \/>\n<meta property=\"og:type\" content=\"article\" \/>\n<meta property=\"og:title\" content=\"Pumas cae en la Concachampions\" \/>\n<meta property=\"og:description\" content=\"Pumas sufri\u00f3 una derrota de 2-1 en el partido de ida de la primera ronda de la CONCACAF Champions Cup ante Cavalry FC.\" \/>\n<meta property=\"og:url\" content=\"https:\/\/grupohoymexico.com\/hidalgo\/uncategorized\/pumas-cae-en-la-concachampions\/\" \/>\n<meta property=\"og:site_name\" content=\"Hidalgo Hoy\" \/>\n<meta property=\"article:published_time\" content=\"2025-02-07T20:49:57+00:00\" \/>\n<meta property=\"article:modified_time\" content=\"2025-02-07T22:40:31+00:00\" \/>\n<meta property=\"og:image\" content=\"https:\/\/grupohoymexico.com\/hidalgo\/wp-content\/uploads\/sites\/5\/2025\/02\/Pumass.jpg\" \/>\n\t<meta property=\"og:image:width\" content=\"1455\" \/>\n\t<meta property=\"og:image:height\" content=\"750\" \/>\n\t<meta property=\"og:image:type\" content=\"image\/jpeg\" \/>\n<meta name=\"author\" content=\"eduardo\" \/>\n<meta name=\"twitter:card\" content=\"summary_large_image\" \/>\n<meta name=\"twitter:label1\" content=\"Escrito por\" \/>\n\t<meta name=\"twitter:data1\" content=\"eduardo\" \/>\n\t<meta name=\"twitter:label2\" content=\"Tiempo de lectura\" \/>\n\t<meta name=\"twitter:data2\" content=\"3 minutos\" \/>\n<script type=\"application\/ld+json\" class=\"yoast-schema-graph\">{\"@context\":\"https:\\\/\\\/schema.org\",\"@graph\":[{\"@type\":\"Article\",\"@id\":\"https:\\\/\\\/grupohoymexico.com\\\/hidalgo\\\/uncategorized\\\/pumas-cae-en-la-concachampions\\\/#article\",\"isPartOf\":{\"@id\":\"https:\\\/\\\/grupohoymexico.com\\\/hidalgo\\\/uncategorized\\\/pumas-cae-en-la-concachampions\\\/\"},\"author\":{\"name\":\"eduardo\",\"@id\":\"https:\\\/\\\/grupohoymexico.com\\\/hidalgo\\\/#\\\/schema\\\/person\\\/e95b7b8df1e5c291ede743c160292779\"},\"headline\":\"Pumas cae en la Concachampions\",\"datePublished\":\"2025-02-07T20:49:57+00:00\",\"dateModified\":\"2025-02-07T22:40:31+00:00\",\"mainEntityOfPage\":{\"@id\":\"https:\\\/\\\/grupohoymexico.com\\\/hidalgo\\\/uncategorized\\\/pumas-cae-en-la-concachampions\\\/\"},\"wordCount\":374,\"commentCount\":0,\"image\":{\"@id\":\"https:\\\/\\\/grupohoymexico.com\\\/hidalgo\\\/uncategorized\\\/pumas-cae-en-la-concachampions\\\/#primaryimage\"},\"thumbnailUrl\":\"https:\\\/\\\/grupohoymexico.com\\\/hidalgo\\\/wp-content\\\/uploads\\\/sites\\\/5\\\/2025\\\/02\\\/Pumass.jpg\",\"articleSection\":[\"Uncategorized\"],\"inLanguage\":\"es\",\"potentialAction\":[{\"@type\":\"CommentAction\",\"name\":\"Comment\",\"target\":[\"https:\\\/\\\/grupohoymexico.com\\\/hidalgo\\\/uncategorized\\\/pumas-cae-en-la-concachampions\\\/#respond\"]}]},{\"@type\":\"WebPage\",\"@id\":\"https:\\\/\\\/grupohoymexico.com\\\/hidalgo\\\/uncategorized\\\/pumas-cae-en-la-concachampions\\\/\",\"url\":\"https:\\\/\\\/grupohoymexico.com\\\/hidalgo\\\/uncategorized\\\/pumas-cae-en-la-concachampions\\\/\",\"name\":\"Pumas cae en la Concachampions\",\"isPartOf\":{\"@id\":\"https:\\\/\\\/grupohoymexico.com\\\/hidalgo\\\/#website\"},\"primaryImageOfPage\":{\"@id\":\"https:\\\/\\\/grupohoymexico.com\\\/hidalgo\\\/uncategorized\\\/pumas-cae-en-la-concachampions\\\/#primaryimage\"},\"image\":{\"@id\":\"https:\\\/\\\/grupohoymexico.com\\\/hidalgo\\\/uncategorized\\\/pumas-cae-en-la-concachampions\\\/#primaryimage\"},\"thumbnailUrl\":\"https:\\\/\\\/grupohoymexico.com\\\/hidalgo\\\/wp-content\\\/uploads\\\/sites\\\/5\\\/2025\\\/02\\\/Pumass.jpg\",\"datePublished\":\"2025-02-07T20:49:57+00:00\",\"dateModified\":\"2025-02-07T22:40:31+00:00\",\"author\":{\"@id\":\"https:\\\/\\\/grupohoymexico.com\\\/hidalgo\\\/#\\\/schema\\\/person\\\/e95b7b8df1e5c291ede743c160292779\"},\"description\":\"Pumas sufri\u00f3 una derrota de 2-1 en el partido de ida de la primera ronda de la CONCACAF Champions Cup ante Cavalry FC.\",\"breadcrumb\":{\"@id\":\"https:\\\/\\\/grupohoymexico.com\\\/hidalgo\\\/uncategorized\\\/pumas-cae-en-la-concachampions\\\/#breadcrumb\"},\"inLanguage\":\"es\",\"potentialAction\":[{\"@type\":\"ReadAction\",\"target\":[\"https:\\\/\\\/grupohoymexico.com\\\/hidalgo\\\/uncategorized\\\/pumas-cae-en-la-concachampions\\\/\"]}]},{\"@type\":\"ImageObject\",\"inLanguage\":\"es\",\"@id\":\"https:\\\/\\\/grupohoymexico.com\\\/hidalgo\\\/uncategorized\\\/pumas-cae-en-la-concachampions\\\/#primaryimage\",\"url\":\"https:\\\/\\\/grupohoymexico.com\\\/hidalgo\\\/wp-content\\\/uploads\\\/sites\\\/5\\\/2025\\\/02\\\/Pumass.jpg\",\"contentUrl\":\"https:\\\/\\\/grupohoymexico.com\\\/hidalgo\\\/wp-content\\\/uploads\\\/sites\\\/5\\\/2025\\\/02\\\/Pumass.jpg\",\"width\":1455,\"height\":750,\"caption\":\"Pumas\"},{\"@type\":\"BreadcrumbList\",\"@id\":\"https:\\\/\\\/grupohoymexico.com\\\/hidalgo\\\/uncategorized\\\/pumas-cae-en-la-concachampions\\\/#breadcrumb\",\"itemListElement\":[{\"@type\":\"ListItem\",\"position\":1,\"name\":\"Inicio\",\"item\":\"https:\\\/\\\/grupohoymexico.com\\\/hidalgo\\\/\"},{\"@type\":\"ListItem\",\"position\":2,\"name\":\"Pumas cae en la Concachampions\"}]},{\"@type\":\"WebSite\",\"@id\":\"https:\\\/\\\/grupohoymexico.com\\\/hidalgo\\\/#website\",\"url\":\"https:\\\/\\\/grupohoymexico.com\\\/hidalgo\\\/\",\"name\":\"Hidalgo Hoy\",\"description\":\"El alma de la noticia\",\"potentialAction\":[{\"@type\":\"SearchAction\",\"target\":{\"@type\":\"EntryPoint\",\"urlTemplate\":\"https:\\\/\\\/grupohoymexico.com\\\/hidalgo\\\/?s={search_term_string}\"},\"query-input\":{\"@type\":\"PropertyValueSpecification\",\"valueRequired\":true,\"valueName\":\"search_term_string\"}}],\"inLanguage\":\"es\"},{\"@type\":\"Person\",\"@id\":\"https:\\\/\\\/grupohoymexico.com\\\/hidalgo\\\/#\\\/schema\\\/person\\\/e95b7b8df1e5c291ede743c160292779\",\"name\":\"eduardo\",\"image\":{\"@type\":\"ImageObject\",\"inLanguage\":\"es\",\"@id\":\"https:\\\/\\\/secure.gravatar.com\\\/avatar\\\/ecdd30dcf3feeb5f57f13840c3daeb08334d3b69de7bb9e067a540c4925a9788?s=96&d=mm&r=g\",\"url\":\"https:\\\/\\\/secure.gravatar.com\\\/avatar\\\/ecdd30dcf3feeb5f57f13840c3daeb08334d3b69de7bb9e067a540c4925a9788?s=96&d=mm&r=g\",\"contentUrl\":\"https:\\\/\\\/secure.gravatar.com\\\/avatar\\\/ecdd30dcf3feeb5f57f13840c3daeb08334d3b69de7bb9e067a540c4925a9788?s=96&d=mm&r=g\",\"caption\":\"eduardo\"},\"url\":\"https:\\\/\\\/grupohoymexico.com\\\/hidalgo\\\/author\\\/eduardo\\\/\"}]}<\/script>\n<!-- \/ Yoast SEO Premium plugin. -->","yoast_head_json":{"title":"Pumas cae en la Concachampions","description":"Pumas sufri\u00f3 una derrota de 2-1 en el partido de ida de la primera ronda de la CONCACAF Champions Cup ante Cavalry FC.","robots":{"index":"index","follow":"follow","max-snippet":"max-snippet:-1","max-image-preview":"max-image-preview:large","max-video-preview":"max-video-preview:-1"},"canonical":"https:\/\/grupohoymexico.com\/hidalgo\/uncategorized\/pumas-cae-en-la-concachampions\/","og_locale":"es_MX","og_type":"article","og_title":"Pumas cae en la Concachampions","og_description":"Pumas sufri\u00f3 una derrota de 2-1 en el partido de ida de la primera ronda de la CONCACAF Champions Cup ante Cavalry FC.","og_url":"https:\/\/grupohoymexico.com\/hidalgo\/uncategorized\/pumas-cae-en-la-concachampions\/","og_site_name":"Hidalgo Hoy","article_published_time":"2025-02-07T20:49:57+00:00","article_modified_time":"2025-02-07T22:40:31+00:00","og_image":[{"width":1455,"height":750,"url":"https:\/\/grupohoymexico.com\/hidalgo\/wp-content\/uploads\/sites\/5\/2025\/02\/Pumass.jpg","type":"image\/jpeg"}],"author":"eduardo","twitter_card":"summary_large_image","twitter_misc":{"Escrito por":"eduardo","Tiempo de lectura":"3 minutos"},"schema":{"@context":"https:\/\/schema.org","@graph":[{"@type":"Article","@id":"https:\/\/grupohoymexico.com\/hidalgo\/uncategorized\/pumas-cae-en-la-concachampions\/#article","isPartOf":{"@id":"https:\/\/grupohoymexico.com\/hidalgo\/uncategorized\/pumas-cae-en-la-concachampions\/"},"author":{"name":"eduardo","@id":"https:\/\/grupohoymexico.com\/hidalgo\/#\/schema\/person\/e95b7b8df1e5c291ede743c160292779"},"headline":"Pumas cae en la Concachampions","datePublished":"2025-02-07T20:49:57+00:00","dateModified":"2025-02-07T22:40:31+00:00","mainEntityOfPage":{"@id":"https:\/\/grupohoymexico.com\/hidalgo\/uncategorized\/pumas-cae-en-la-concachampions\/"},"wordCount":374,"commentCount":0,"image":{"@id":"https:\/\/grupohoymexico.com\/hidalgo\/uncategorized\/pumas-cae-en-la-concachampions\/#primaryimage"},"thumbnailUrl":"https:\/\/grupohoymexico.com\/hidalgo\/wp-content\/uploads\/sites\/5\/2025\/02\/Pumass.jpg","articleSection":["Uncategorized"],"inLanguage":"es","potentialAction":[{"@type":"CommentAction","name":"Comment","target":["https:\/\/grupohoymexico.com\/hidalgo\/uncategorized\/pumas-cae-en-la-concachampions\/#respond"]}]},{"@type":"WebPage","@id":"https:\/\/grupohoymexico.com\/hidalgo\/uncategorized\/pumas-cae-en-la-concachampions\/","url":"https:\/\/grupohoymexico.com\/hidalgo\/uncategorized\/pumas-cae-en-la-concachampions\/","name":"Pumas cae en la Concachampions","isPartOf":{"@id":"https:\/\/grupohoymexico.com\/hidalgo\/#website"},"primaryImageOfPage":{"@id":"https:\/\/grupohoymexico.com\/hidalgo\/uncategorized\/pumas-cae-en-la-concachampions\/#primaryimage"},"image":{"@id":"https:\/\/grupohoymexico.com\/hidalgo\/uncategorized\/pumas-cae-en-la-concachampions\/#primaryimage"},"thumbnailUrl":"https:\/\/grupohoymexico.com\/hidalgo\/wp-content\/uploads\/sites\/5\/2025\/02\/Pumass.jpg","datePublished":"2025-02-07T20:49:57+00:00","dateModified":"2025-02-07T22:40:31+00:00","author":{"@id":"https:\/\/grupohoymexico.com\/hidalgo\/#\/schema\/person\/e95b7b8df1e5c291ede743c160292779"},"description":"Pumas sufri\u00f3 una derrota de 2-1 en el partido de ida de la primera ronda de la CONCACAF Champions Cup ante Cavalry FC.","breadcrumb":{"@id":"https:\/\/grupohoymexico.com\/hidalgo\/uncategorized\/pumas-cae-en-la-concachampions\/#breadcrumb"},"inLanguage":"es","potentialAction":[{"@type":"ReadAction","target":["https:\/\/grupohoymexico.com\/hidalgo\/uncategorized\/pumas-cae-en-la-concachampions\/"]}]},{"@type":"ImageObject","inLanguage":"es","@id":"https:\/\/grupohoymexico.com\/hidalgo\/uncategorized\/pumas-cae-en-la-concachampions\/#primaryimage","url":"https:\/\/grupohoymexico.com\/hidalgo\/wp-content\/uploads\/sites\/5\/2025\/02\/Pumass.jpg","contentUrl":"https:\/\/grupohoymexico.com\/hidalgo\/wp-content\/uploads\/sites\/5\/2025\/02\/Pumass.jpg","width":1455,"height":750,"caption":"Pumas"},{"@type":"BreadcrumbList","@id":"https:\/\/grupohoymexico.com\/hidalgo\/uncategorized\/pumas-cae-en-la-concachampions\/#breadcrumb","itemListElement":[{"@type":"ListItem","position":1,"name":"Inicio","item":"https:\/\/grupohoymexico.com\/hidalgo\/"},{"@type":"ListItem","position":2,"name":"Pumas cae en la Concachampions"}]},{"@type":"WebSite","@id":"https:\/\/grupohoymexico.com\/hidalgo\/#website","url":"https:\/\/grupohoymexico.com\/hidalgo\/","name":"Hidalgo Hoy","description":"El alma de la noticia","potentialAction":[{"@type":"SearchAction","target":{"@type":"EntryPoint","urlTemplate":"https:\/\/grupohoymexico.com\/hidalgo\/?s={search_term_string}"},"query-input":{"@type":"PropertyValueSpecification","valueRequired":true,"valueName":"search_term_string"}}],"inLanguage":"es"},{"@type":"Person","@id":"https:\/\/grupohoymexico.com\/hidalgo\/#\/schema\/person\/e95b7b8df1e5c291ede743c160292779","name":"eduardo","image":{"@type":"ImageObject","inLanguage":"es","@id":"https:\/\/secure.gravatar.com\/avatar\/ecdd30dcf3feeb5f57f13840c3daeb08334d3b69de7bb9e067a540c4925a9788?s=96&d=mm&r=g","url":"https:\/\/secure.gravatar.com\/avatar\/ecdd30dcf3feeb5f57f13840c3daeb08334d3b69de7bb9e067a540c4925a9788?s=96&d=mm&r=g","contentUrl":"https:\/\/secure.gravatar.com\/avatar\/ecdd30dcf3feeb5f57f13840c3daeb08334d3b69de7bb9e067a540c4925a9788?s=96&d=mm&r=g","caption":"eduardo"},"url":"https:\/\/grupohoymexico.com\/hidalgo\/author\/eduardo\/"}]}},"_links":{"self":[{"href":"https:\/\/grupohoymexico.com\/hidalgo\/wp-json\/wp\/v2\/posts\/2949","targetHints":{"allow":["GET"]}}],"collection":[{"href":"https:\/\/grupohoymexico.com\/hidalgo\/wp-json\/wp\/v2\/posts"}],"about":[{"href":"https:\/\/grupohoymexico.com\/hidalgo\/wp-json\/wp\/v2\/types\/post"}],"author":[{"embeddable":true,"href":"https:\/\/grupohoymexico.com\/hidalgo\/wp-json\/wp\/v2\/users\/30"}],"replies":[{"embeddable":true,"href":"https:\/\/grupohoymexico.com\/hidalgo\/wp-json\/wp\/v2\/comments?post=2949"}],"version-history":[{"count":1,"href":"https:\/\/grupohoymexico.com\/hidalgo\/wp-json\/wp\/v2\/posts\/2949\/revisions"}],"predecessor-version":[{"id":2952,"href":"https:\/\/grupohoymexico.com\/hidalgo\/wp-json\/wp\/v2\/posts\/2949\/revisions\/2952"}],"wp:featuredmedia":[{"embeddable":true,"href":"https:\/\/grupohoymexico.com\/hidalgo\/wp-json\/wp\/v2\/media\/2961"}],"wp:attachment":[{"href":"https:\/\/grupohoymexico.com\/hidalgo\/wp-json\/wp\/v2\/media?parent=2949"}],"wp:term":[{"taxonomy":"category","embeddable":true,"href":"https:\/\/grupohoymexico.com\/hidalgo\/wp-json\/wp\/v2\/categories?post=2949"},{"taxonomy":"post_tag","embeddable":true,"href":"https:\/\/grupohoymexico.com\/hidalgo\/wp-json\/wp\/v2\/tags?post=2949"}],"curies":[{"name":"wp","href":"https:\/\/api.w.org\/{rel}","templated":true}]}}