{"id":1898,"date":"2024-12-14T13:32:35","date_gmt":"2024-12-14T19:32:35","guid":{"rendered":"https:\/\/grupohoymexico.com\/hidalgohoy\/?p=1898"},"modified":"2024-12-14T13:32:36","modified_gmt":"2024-12-14T19:32:36","slug":"canelo-alvarez-habla-sobre-su-futuro-en-el-boxeo-cuando-se-retirara","status":"publish","type":"post","link":"https:\/\/grupohoymexico.com\/hidalgo\/uncategorized\/canelo-alvarez-habla-sobre-su-futuro-en-el-boxeo-cuando-se-retirara\/","title":{"rendered":"&#8220;Canelo&#8221; \u00c1lvarez habla sobre su futuro en el boxeo: \u00bfCu\u00e1ndo se retirar\u00e1?"},"content":{"rendered":"\n<p><a href=\"https:\/\/es.wikipedia.org\/wiki\/Sa%C3%BAl_%C3%81lvarez\">Sa\u00fal &#8220;Canelo&#8221; \u00c1lvarez<\/a>, el boxeador mexicano m\u00e1s reconocido a nivel mundial, dej\u00f3 entrever recientemente en una charla con el exfutbolista Hugo S\u00e1nchez que el 2025 podr\u00eda ser un a\u00f1o crucial para su futuro en el boxeo. A pesar de no dar una fecha exacta para su retiro, el tapat\u00edo indic\u00f3 que est\u00e1 evaluando su carrera y que la decisi\u00f3n de retirarse podr\u00eda tomarse en los pr\u00f3ximos a\u00f1os.<\/p>\n\n\n\n<p>A sus 34 a\u00f1os, &#8220;Canelo&#8221; se mantiene como uno de los atletas m\u00e1s destacados de la historia del boxeo, pero fue claro al se\u00f1alar que no planea prolongar su carrera m\u00e1s all\u00e1 de los 37 a\u00f1os.<\/p>\n\n\n\n<blockquote class=\"wp-block-quote is-layout-flow wp-block-quote-is-layout-flow\">\n<p><strong><em>\u201cSiempre he dicho que a los 37 a\u00f1os es una buena edad para disfrutar lo que he logrado con mi familia y en otras facetas de mi carrera\u201d<\/em><\/strong>, afirm\u00f3 \u00c1lvarez, quien desde muy joven se adentr\u00f3 al boxeo profesional.<\/p>\n<\/blockquote>\n\n\n\n<p>El pugilista mexicano comenz\u00f3 su carrera profesional a los 15 a\u00f1os, y desde entonces ha mostrado un nivel excepcional de rendimiento, destac\u00e1ndose en varias categor\u00edas. Con un impresionante r\u00e9cord de 62 victorias, 2 derrotas y 2 empates, \u00c1lvarez ha dominado el boxeo mundial, siendo campe\u00f3n en diferentes divisiones, con su actual reinado en la categor\u00eda de peso supermediano, donde ostenta los t\u00edtulos de las organizaciones m\u00e1s importantes como el CMB, OMB, AMB y The Ring.<\/p>\n\n\n\n<h2 class=\"wp-block-heading\"><strong>Una forma f\u00edsica impresionante del &#8220;Canelo&#8221;<\/strong><\/h2>\n\n\n\n<p>A pesar de su avanzada edad en comparaci\u00f3n con otros boxeadores de \u00e9lite, <a href=\"https:\/\/grupohoymexico.com\/hidalgohoy\/\">&#8220;Canelo&#8221;<\/a> asegur\u00f3 sentirse en su mejor forma f\u00edsica desde los 28 a\u00f1os. <strong><em>&#8220;Desde los 28-29 a\u00f1os me siento en mi mejor forma&#8221;<\/em><\/strong>, coment\u00f3 el campe\u00f3n, quien sigue demostrando su incre\u00edble capacidad f\u00edsica en cada pelea, lo que le ha permitido mantenerse en la cima del boxeo mundial por m\u00e1s de una d\u00e9cada.<\/p>\n\n\n\n<p>La determinaci\u00f3n de &#8220;Canelo&#8221; de no alargar su carrera m\u00e1s all\u00e1 de los 37 a\u00f1os refleja una visi\u00f3n madura sobre su futuro, y su enfoque en disfrutar de los frutos de su \u00e9xito con su familia y explorar nuevos horizontes personales y profesionales.<\/p>\n\n\n\n<h2 class=\"wp-block-heading\"><strong>El legado de &#8220;Canelo&#8221; \u00c1lvarez<\/strong><\/h2>\n\n\n\n<p>El campe\u00f3n mexicano se ha consolidado como una figura legendaria dentro del deporte, siendo admirado por su t\u00e9cnica, trabajo en equipo y su resiliencia en el cuadril\u00e1tero. Su impacto no solo es deportivo, sino tambi\u00e9n cultural, ya que ha puesto al boxeo mexicano en la conversaci\u00f3n mundial y ha abierto puertas para nuevos talentos que buscan seguir sus pasos.<\/p>\n\n\n\n<p>A medida que se acerca el final de su carrera, &#8220;Canelo&#8221; se ha ganado el respeto y la admiraci\u00f3n de millones, y su legado en el boxeo ya est\u00e1 asegurado. Sin embargo, el 2025 ser\u00e1 un a\u00f1o clave para determinar los \u00faltimos cap\u00edtulos de su carrera, lo que genera expectaci\u00f3n en los aficionados que esperan ver a su \u00eddolo en el cuadril\u00e1tero una vez m\u00e1s antes de su posible retiro.<\/p>\n\n\n\n<p>Por ahora, &#8220;Canelo&#8221; contin\u00faa enfocado en sus objetivos, con la determinaci\u00f3n de cerrar su carrera de la mejor manera posible y dejar una huella imborrable en el deporte.<\/p>\n","protected":false},"excerpt":{"rendered":"Sa\u00fal &#8220;Canelo&#8221; \u00c1lvarez, el boxeador mexicano m\u00e1s reconocido a nivel mundial, dej\u00f3 entrever recientemente en una charla con&hellip;","protected":false},"author":5,"featured_media":1907,"comment_status":"open","ping_status":"open","sticky":false,"template":"","format":"standard","meta":{"csco_display_header_overlay":false,"csco_singular_sidebar":"","csco_page_header_type":"","csco_page_load_nextpost":"","csco_post_video_location":[],"csco_post_video_location_hash":"","csco_post_video_url":"","csco_post_video_bg_start_time":0,"csco_post_video_bg_end_time":0,"footnotes":""},"categories":[1],"tags":[],"class_list":{"0":"post-1898","1":"post","2":"type-post","3":"status-publish","4":"format-standard","5":"has-post-thumbnail","7":"category-uncategorized","8":"cs-entry","9":"cs-video-wrap"},"yoast_head":"<!-- This site is optimized with the Yoast SEO Premium plugin v24.7 (Yoast SEO v27.4) - https:\/\/yoast.com\/product\/yoast-seo-premium-wordpress\/ -->\n<title>&quot;Canelo&quot; \u00c1lvarez habla sobre su futuro en el boxeo: \u00bfCu\u00e1ndo se retirar\u00e1? - Hidalgo Hoy<\/title>\n<meta name=\"description\" content=\"Sa\u00fal &quot;Canelo&quot; \u00c1lvarez, el boxeador mexicano, dej\u00f3 entrever recientemente que, el 2025, podr\u00eda ser un a\u00f1o crucial para su futuro en el boxeo.\" \/>\n<meta name=\"robots\" content=\"index, follow, max-snippet:-1, max-image-preview:large, max-video-preview:-1\" \/>\n<link rel=\"canonical\" href=\"https:\/\/grupohoymexico.com\/hidalgo\/uncategorized\/canelo-alvarez-habla-sobre-su-futuro-en-el-boxeo-cuando-se-retirara\/\" \/>\n<meta property=\"og:locale\" content=\"es_MX\" \/>\n<meta property=\"og:type\" content=\"article\" \/>\n<meta property=\"og:title\" content=\"&quot;Canelo&quot; \u00c1lvarez habla sobre su futuro en el boxeo: \u00bfCu\u00e1ndo se retirar\u00e1?\" \/>\n<meta property=\"og:description\" content=\"Sa\u00fal &quot;Canelo&quot; \u00c1lvarez, el boxeador mexicano, dej\u00f3 entrever recientemente que, el 2025, podr\u00eda ser un a\u00f1o crucial para su futuro en el boxeo.\" \/>\n<meta property=\"og:url\" content=\"https:\/\/grupohoymexico.com\/hidalgo\/uncategorized\/canelo-alvarez-habla-sobre-su-futuro-en-el-boxeo-cuando-se-retirara\/\" \/>\n<meta property=\"og:site_name\" content=\"Hidalgo Hoy\" \/>\n<meta property=\"article:published_time\" content=\"2024-12-14T19:32:35+00:00\" \/>\n<meta property=\"article:modified_time\" content=\"2024-12-14T19:32:36+00:00\" \/>\n<meta property=\"og:image\" content=\"https:\/\/grupohoymexico.com\/hidalgo\/wp-content\/uploads\/sites\/5\/2024\/12\/photo_5111597358617046710_y.jpg\" \/>\n\t<meta property=\"og:image:width\" content=\"1200\" \/>\n\t<meta property=\"og:image:height\" content=\"628\" \/>\n\t<meta property=\"og:image:type\" content=\"image\/jpeg\" \/>\n<meta name=\"author\" content=\"jair\" \/>\n<meta name=\"twitter:card\" content=\"summary_large_image\" \/>\n<meta name=\"twitter:label1\" content=\"Escrito por\" \/>\n\t<meta name=\"twitter:data1\" content=\"jair\" \/>\n\t<meta name=\"twitter:label2\" content=\"Tiempo de lectura\" \/>\n\t<meta name=\"twitter:data2\" content=\"3 minutos\" \/>\n<script type=\"application\/ld+json\" class=\"yoast-schema-graph\">{\"@context\":\"https:\\\/\\\/schema.org\",\"@graph\":[{\"@type\":\"Article\",\"@id\":\"https:\\\/\\\/grupohoymexico.com\\\/hidalgo\\\/uncategorized\\\/canelo-alvarez-habla-sobre-su-futuro-en-el-boxeo-cuando-se-retirara\\\/#article\",\"isPartOf\":{\"@id\":\"https:\\\/\\\/grupohoymexico.com\\\/hidalgo\\\/uncategorized\\\/canelo-alvarez-habla-sobre-su-futuro-en-el-boxeo-cuando-se-retirara\\\/\"},\"author\":{\"name\":\"jair\",\"@id\":\"https:\\\/\\\/grupohoymexico.com\\\/hidalgo\\\/#\\\/schema\\\/person\\\/98e2425fe99fbbdf486895b69dab3c3d\"},\"headline\":\"&#8220;Canelo&#8221; \u00c1lvarez habla sobre su futuro en el boxeo: \u00bfCu\u00e1ndo se retirar\u00e1?\",\"datePublished\":\"2024-12-14T19:32:35+00:00\",\"dateModified\":\"2024-12-14T19:32:36+00:00\",\"mainEntityOfPage\":{\"@id\":\"https:\\\/\\\/grupohoymexico.com\\\/hidalgo\\\/uncategorized\\\/canelo-alvarez-habla-sobre-su-futuro-en-el-boxeo-cuando-se-retirara\\\/\"},\"wordCount\":546,\"commentCount\":0,\"image\":{\"@id\":\"https:\\\/\\\/grupohoymexico.com\\\/hidalgo\\\/uncategorized\\\/canelo-alvarez-habla-sobre-su-futuro-en-el-boxeo-cuando-se-retirara\\\/#primaryimage\"},\"thumbnailUrl\":\"https:\\\/\\\/grupohoymexico.com\\\/hidalgo\\\/wp-content\\\/uploads\\\/sites\\\/5\\\/2024\\\/12\\\/photo_5111597358617046710_y.jpg\",\"articleSection\":[\"Uncategorized\"],\"inLanguage\":\"es\",\"potentialAction\":[{\"@type\":\"CommentAction\",\"name\":\"Comment\",\"target\":[\"https:\\\/\\\/grupohoymexico.com\\\/hidalgo\\\/uncategorized\\\/canelo-alvarez-habla-sobre-su-futuro-en-el-boxeo-cuando-se-retirara\\\/#respond\"]}]},{\"@type\":\"WebPage\",\"@id\":\"https:\\\/\\\/grupohoymexico.com\\\/hidalgo\\\/uncategorized\\\/canelo-alvarez-habla-sobre-su-futuro-en-el-boxeo-cuando-se-retirara\\\/\",\"url\":\"https:\\\/\\\/grupohoymexico.com\\\/hidalgo\\\/uncategorized\\\/canelo-alvarez-habla-sobre-su-futuro-en-el-boxeo-cuando-se-retirara\\\/\",\"name\":\"\\\"Canelo\\\" \u00c1lvarez habla sobre su futuro en el boxeo: \u00bfCu\u00e1ndo se retirar\u00e1? - Hidalgo Hoy\",\"isPartOf\":{\"@id\":\"https:\\\/\\\/grupohoymexico.com\\\/hidalgo\\\/#website\"},\"primaryImageOfPage\":{\"@id\":\"https:\\\/\\\/grupohoymexico.com\\\/hidalgo\\\/uncategorized\\\/canelo-alvarez-habla-sobre-su-futuro-en-el-boxeo-cuando-se-retirara\\\/#primaryimage\"},\"image\":{\"@id\":\"https:\\\/\\\/grupohoymexico.com\\\/hidalgo\\\/uncategorized\\\/canelo-alvarez-habla-sobre-su-futuro-en-el-boxeo-cuando-se-retirara\\\/#primaryimage\"},\"thumbnailUrl\":\"https:\\\/\\\/grupohoymexico.com\\\/hidalgo\\\/wp-content\\\/uploads\\\/sites\\\/5\\\/2024\\\/12\\\/photo_5111597358617046710_y.jpg\",\"datePublished\":\"2024-12-14T19:32:35+00:00\",\"dateModified\":\"2024-12-14T19:32:36+00:00\",\"author\":{\"@id\":\"https:\\\/\\\/grupohoymexico.com\\\/hidalgo\\\/#\\\/schema\\\/person\\\/98e2425fe99fbbdf486895b69dab3c3d\"},\"description\":\"Sa\u00fal \\\"Canelo\\\" \u00c1lvarez, el boxeador mexicano, dej\u00f3 entrever recientemente que, el 2025, podr\u00eda ser un a\u00f1o crucial para su futuro en el boxeo.\",\"breadcrumb\":{\"@id\":\"https:\\\/\\\/grupohoymexico.com\\\/hidalgo\\\/uncategorized\\\/canelo-alvarez-habla-sobre-su-futuro-en-el-boxeo-cuando-se-retirara\\\/#breadcrumb\"},\"inLanguage\":\"es\",\"potentialAction\":[{\"@type\":\"ReadAction\",\"target\":[\"https:\\\/\\\/grupohoymexico.com\\\/hidalgo\\\/uncategorized\\\/canelo-alvarez-habla-sobre-su-futuro-en-el-boxeo-cuando-se-retirara\\\/\"]}]},{\"@type\":\"ImageObject\",\"inLanguage\":\"es\",\"@id\":\"https:\\\/\\\/grupohoymexico.com\\\/hidalgo\\\/uncategorized\\\/canelo-alvarez-habla-sobre-su-futuro-en-el-boxeo-cuando-se-retirara\\\/#primaryimage\",\"url\":\"https:\\\/\\\/grupohoymexico.com\\\/hidalgo\\\/wp-content\\\/uploads\\\/sites\\\/5\\\/2024\\\/12\\\/photo_5111597358617046710_y.jpg\",\"contentUrl\":\"https:\\\/\\\/grupohoymexico.com\\\/hidalgo\\\/wp-content\\\/uploads\\\/sites\\\/5\\\/2024\\\/12\\\/photo_5111597358617046710_y.jpg\",\"width\":1200,\"height\":628,\"caption\":\"\\\"Canelo\\\" \u00c1lvarez habla sobre su futuro en el boxeo: \u00bfCu\u00e1ndo se retirar\u00e1?\"},{\"@type\":\"BreadcrumbList\",\"@id\":\"https:\\\/\\\/grupohoymexico.com\\\/hidalgo\\\/uncategorized\\\/canelo-alvarez-habla-sobre-su-futuro-en-el-boxeo-cuando-se-retirara\\\/#breadcrumb\",\"itemListElement\":[{\"@type\":\"ListItem\",\"position\":1,\"name\":\"Inicio\",\"item\":\"https:\\\/\\\/grupohoymexico.com\\\/hidalgo\\\/\"},{\"@type\":\"ListItem\",\"position\":2,\"name\":\"&#8220;Canelo&#8221; \u00c1lvarez habla sobre su futuro en el boxeo: \u00bfCu\u00e1ndo se retirar\u00e1?\"}]},{\"@type\":\"WebSite\",\"@id\":\"https:\\\/\\\/grupohoymexico.com\\\/hidalgo\\\/#website\",\"url\":\"https:\\\/\\\/grupohoymexico.com\\\/hidalgo\\\/\",\"name\":\"Hidalgo Hoy\",\"description\":\"El alma de la noticia\",\"potentialAction\":[{\"@type\":\"SearchAction\",\"target\":{\"@type\":\"EntryPoint\",\"urlTemplate\":\"https:\\\/\\\/grupohoymexico.com\\\/hidalgo\\\/?s={search_term_string}\"},\"query-input\":{\"@type\":\"PropertyValueSpecification\",\"valueRequired\":true,\"valueName\":\"search_term_string\"}}],\"inLanguage\":\"es\"},{\"@type\":\"Person\",\"@id\":\"https:\\\/\\\/grupohoymexico.com\\\/hidalgo\\\/#\\\/schema\\\/person\\\/98e2425fe99fbbdf486895b69dab3c3d\",\"name\":\"jair\",\"image\":{\"@type\":\"ImageObject\",\"inLanguage\":\"es\",\"@id\":\"https:\\\/\\\/secure.gravatar.com\\\/avatar\\\/ec205dfb8733a1ce1601942dddb04fc9294fb780c832e3c1ec58faa8e4e64e9b?s=96&d=mm&r=g\",\"url\":\"https:\\\/\\\/secure.gravatar.com\\\/avatar\\\/ec205dfb8733a1ce1601942dddb04fc9294fb780c832e3c1ec58faa8e4e64e9b?s=96&d=mm&r=g\",\"contentUrl\":\"https:\\\/\\\/secure.gravatar.com\\\/avatar\\\/ec205dfb8733a1ce1601942dddb04fc9294fb780c832e3c1ec58faa8e4e64e9b?s=96&d=mm&r=g\",\"caption\":\"jair\"},\"url\":\"https:\\\/\\\/grupohoymexico.com\\\/hidalgo\\\/author\\\/jair\\\/\"}]}<\/script>\n<!-- \/ Yoast SEO Premium plugin. -->","yoast_head_json":{"title":"\"Canelo\" \u00c1lvarez habla sobre su futuro en el boxeo: \u00bfCu\u00e1ndo se retirar\u00e1? - Hidalgo Hoy","description":"Sa\u00fal \"Canelo\" \u00c1lvarez, el boxeador mexicano, dej\u00f3 entrever recientemente que, el 2025, podr\u00eda ser un a\u00f1o crucial para su futuro en el boxeo.","robots":{"index":"index","follow":"follow","max-snippet":"max-snippet:-1","max-image-preview":"max-image-preview:large","max-video-preview":"max-video-preview:-1"},"canonical":"https:\/\/grupohoymexico.com\/hidalgo\/uncategorized\/canelo-alvarez-habla-sobre-su-futuro-en-el-boxeo-cuando-se-retirara\/","og_locale":"es_MX","og_type":"article","og_title":"\"Canelo\" \u00c1lvarez habla sobre su futuro en el boxeo: \u00bfCu\u00e1ndo se retirar\u00e1?","og_description":"Sa\u00fal \"Canelo\" \u00c1lvarez, el boxeador mexicano, dej\u00f3 entrever recientemente que, el 2025, podr\u00eda ser un a\u00f1o crucial para su futuro en el boxeo.","og_url":"https:\/\/grupohoymexico.com\/hidalgo\/uncategorized\/canelo-alvarez-habla-sobre-su-futuro-en-el-boxeo-cuando-se-retirara\/","og_site_name":"Hidalgo Hoy","article_published_time":"2024-12-14T19:32:35+00:00","article_modified_time":"2024-12-14T19:32:36+00:00","og_image":[{"width":1200,"height":628,"url":"https:\/\/grupohoymexico.com\/hidalgo\/wp-content\/uploads\/sites\/5\/2024\/12\/photo_5111597358617046710_y.jpg","type":"image\/jpeg"}],"author":"jair","twitter_card":"summary_large_image","twitter_misc":{"Escrito por":"jair","Tiempo de lectura":"3 minutos"},"schema":{"@context":"https:\/\/schema.org","@graph":[{"@type":"Article","@id":"https:\/\/grupohoymexico.com\/hidalgo\/uncategorized\/canelo-alvarez-habla-sobre-su-futuro-en-el-boxeo-cuando-se-retirara\/#article","isPartOf":{"@id":"https:\/\/grupohoymexico.com\/hidalgo\/uncategorized\/canelo-alvarez-habla-sobre-su-futuro-en-el-boxeo-cuando-se-retirara\/"},"author":{"name":"jair","@id":"https:\/\/grupohoymexico.com\/hidalgo\/#\/schema\/person\/98e2425fe99fbbdf486895b69dab3c3d"},"headline":"&#8220;Canelo&#8221; \u00c1lvarez habla sobre su futuro en el boxeo: \u00bfCu\u00e1ndo se retirar\u00e1?","datePublished":"2024-12-14T19:32:35+00:00","dateModified":"2024-12-14T19:32:36+00:00","mainEntityOfPage":{"@id":"https:\/\/grupohoymexico.com\/hidalgo\/uncategorized\/canelo-alvarez-habla-sobre-su-futuro-en-el-boxeo-cuando-se-retirara\/"},"wordCount":546,"commentCount":0,"image":{"@id":"https:\/\/grupohoymexico.com\/hidalgo\/uncategorized\/canelo-alvarez-habla-sobre-su-futuro-en-el-boxeo-cuando-se-retirara\/#primaryimage"},"thumbnailUrl":"https:\/\/grupohoymexico.com\/hidalgo\/wp-content\/uploads\/sites\/5\/2024\/12\/photo_5111597358617046710_y.jpg","articleSection":["Uncategorized"],"inLanguage":"es","potentialAction":[{"@type":"CommentAction","name":"Comment","target":["https:\/\/grupohoymexico.com\/hidalgo\/uncategorized\/canelo-alvarez-habla-sobre-su-futuro-en-el-boxeo-cuando-se-retirara\/#respond"]}]},{"@type":"WebPage","@id":"https:\/\/grupohoymexico.com\/hidalgo\/uncategorized\/canelo-alvarez-habla-sobre-su-futuro-en-el-boxeo-cuando-se-retirara\/","url":"https:\/\/grupohoymexico.com\/hidalgo\/uncategorized\/canelo-alvarez-habla-sobre-su-futuro-en-el-boxeo-cuando-se-retirara\/","name":"\"Canelo\" \u00c1lvarez habla sobre su futuro en el boxeo: \u00bfCu\u00e1ndo se retirar\u00e1? - Hidalgo Hoy","isPartOf":{"@id":"https:\/\/grupohoymexico.com\/hidalgo\/#website"},"primaryImageOfPage":{"@id":"https:\/\/grupohoymexico.com\/hidalgo\/uncategorized\/canelo-alvarez-habla-sobre-su-futuro-en-el-boxeo-cuando-se-retirara\/#primaryimage"},"image":{"@id":"https:\/\/grupohoymexico.com\/hidalgo\/uncategorized\/canelo-alvarez-habla-sobre-su-futuro-en-el-boxeo-cuando-se-retirara\/#primaryimage"},"thumbnailUrl":"https:\/\/grupohoymexico.com\/hidalgo\/wp-content\/uploads\/sites\/5\/2024\/12\/photo_5111597358617046710_y.jpg","datePublished":"2024-12-14T19:32:35+00:00","dateModified":"2024-12-14T19:32:36+00:00","author":{"@id":"https:\/\/grupohoymexico.com\/hidalgo\/#\/schema\/person\/98e2425fe99fbbdf486895b69dab3c3d"},"description":"Sa\u00fal \"Canelo\" \u00c1lvarez, el boxeador mexicano, dej\u00f3 entrever recientemente que, el 2025, podr\u00eda ser un a\u00f1o crucial para su futuro en el boxeo.","breadcrumb":{"@id":"https:\/\/grupohoymexico.com\/hidalgo\/uncategorized\/canelo-alvarez-habla-sobre-su-futuro-en-el-boxeo-cuando-se-retirara\/#breadcrumb"},"inLanguage":"es","potentialAction":[{"@type":"ReadAction","target":["https:\/\/grupohoymexico.com\/hidalgo\/uncategorized\/canelo-alvarez-habla-sobre-su-futuro-en-el-boxeo-cuando-se-retirara\/"]}]},{"@type":"ImageObject","inLanguage":"es","@id":"https:\/\/grupohoymexico.com\/hidalgo\/uncategorized\/canelo-alvarez-habla-sobre-su-futuro-en-el-boxeo-cuando-se-retirara\/#primaryimage","url":"https:\/\/grupohoymexico.com\/hidalgo\/wp-content\/uploads\/sites\/5\/2024\/12\/photo_5111597358617046710_y.jpg","contentUrl":"https:\/\/grupohoymexico.com\/hidalgo\/wp-content\/uploads\/sites\/5\/2024\/12\/photo_5111597358617046710_y.jpg","width":1200,"height":628,"caption":"\"Canelo\" \u00c1lvarez habla sobre su futuro en el boxeo: \u00bfCu\u00e1ndo se retirar\u00e1?"},{"@type":"BreadcrumbList","@id":"https:\/\/grupohoymexico.com\/hidalgo\/uncategorized\/canelo-alvarez-habla-sobre-su-futuro-en-el-boxeo-cuando-se-retirara\/#breadcrumb","itemListElement":[{"@type":"ListItem","position":1,"name":"Inicio","item":"https:\/\/grupohoymexico.com\/hidalgo\/"},{"@type":"ListItem","position":2,"name":"&#8220;Canelo&#8221; \u00c1lvarez habla sobre su futuro en el boxeo: \u00bfCu\u00e1ndo se retirar\u00e1?"}]},{"@type":"WebSite","@id":"https:\/\/grupohoymexico.com\/hidalgo\/#website","url":"https:\/\/grupohoymexico.com\/hidalgo\/","name":"Hidalgo Hoy","description":"El alma de la noticia","potentialAction":[{"@type":"SearchAction","target":{"@type":"EntryPoint","urlTemplate":"https:\/\/grupohoymexico.com\/hidalgo\/?s={search_term_string}"},"query-input":{"@type":"PropertyValueSpecification","valueRequired":true,"valueName":"search_term_string"}}],"inLanguage":"es"},{"@type":"Person","@id":"https:\/\/grupohoymexico.com\/hidalgo\/#\/schema\/person\/98e2425fe99fbbdf486895b69dab3c3d","name":"jair","image":{"@type":"ImageObject","inLanguage":"es","@id":"https:\/\/secure.gravatar.com\/avatar\/ec205dfb8733a1ce1601942dddb04fc9294fb780c832e3c1ec58faa8e4e64e9b?s=96&d=mm&r=g","url":"https:\/\/secure.gravatar.com\/avatar\/ec205dfb8733a1ce1601942dddb04fc9294fb780c832e3c1ec58faa8e4e64e9b?s=96&d=mm&r=g","contentUrl":"https:\/\/secure.gravatar.com\/avatar\/ec205dfb8733a1ce1601942dddb04fc9294fb780c832e3c1ec58faa8e4e64e9b?s=96&d=mm&r=g","caption":"jair"},"url":"https:\/\/grupohoymexico.com\/hidalgo\/author\/jair\/"}]}},"_links":{"self":[{"href":"https:\/\/grupohoymexico.com\/hidalgo\/wp-json\/wp\/v2\/posts\/1898","targetHints":{"allow":["GET"]}}],"collection":[{"href":"https:\/\/grupohoymexico.com\/hidalgo\/wp-json\/wp\/v2\/posts"}],"about":[{"href":"https:\/\/grupohoymexico.com\/hidalgo\/wp-json\/wp\/v2\/types\/post"}],"author":[{"embeddable":true,"href":"https:\/\/grupohoymexico.com\/hidalgo\/wp-json\/wp\/v2\/users\/5"}],"replies":[{"embeddable":true,"href":"https:\/\/grupohoymexico.com\/hidalgo\/wp-json\/wp\/v2\/comments?post=1898"}],"version-history":[{"count":1,"href":"https:\/\/grupohoymexico.com\/hidalgo\/wp-json\/wp\/v2\/posts\/1898\/revisions"}],"predecessor-version":[{"id":1908,"href":"https:\/\/grupohoymexico.com\/hidalgo\/wp-json\/wp\/v2\/posts\/1898\/revisions\/1908"}],"wp:featuredmedia":[{"embeddable":true,"href":"https:\/\/grupohoymexico.com\/hidalgo\/wp-json\/wp\/v2\/media\/1907"}],"wp:attachment":[{"href":"https:\/\/grupohoymexico.com\/hidalgo\/wp-json\/wp\/v2\/media?parent=1898"}],"wp:term":[{"taxonomy":"category","embeddable":true,"href":"https:\/\/grupohoymexico.com\/hidalgo\/wp-json\/wp\/v2\/categories?post=1898"},{"taxonomy":"post_tag","embeddable":true,"href":"https:\/\/grupohoymexico.com\/hidalgo\/wp-json\/wp\/v2\/tags?post=1898"}],"curies":[{"name":"wp","href":"https:\/\/api.w.org\/{rel}","templated":true}]}}