{"id":1897,"date":"2024-12-14T13:21:46","date_gmt":"2024-12-14T19:21:46","guid":{"rendered":"https:\/\/grupohoymexico.com\/hidalgohoy\/?p=1897"},"modified":"2024-12-14T13:21:46","modified_gmt":"2024-12-14T19:21:46","slug":"semana-santa-2025-fechas-clave-y-tradiciones-para-planear-tu-descanso","status":"publish","type":"post","link":"https:\/\/grupohoymexico.com\/hidalgo\/uncategorized\/semana-santa-2025-fechas-clave-y-tradiciones-para-planear-tu-descanso\/","title":{"rendered":"Semana Santa 2025: Fechas clave y tradiciones para planear tu descanso"},"content":{"rendered":"\n<p>Con la llegada del nuevo a\u00f1o, las b\u00fasquedas sobre fechas, efem\u00e9rides y d\u00edas festivos para 2025 han comenzado a incrementarse, y uno de los temas que m\u00e1s inquieta a los cristianos y vacacionistas es la celebraci\u00f3n de la <a href=\"https:\/\/grupohoymexico.com\/hidalgohoy\/\">Semana Santa<\/a>. Este periodo, tan relevante para la tradici\u00f3n cristiana, representa un momento ideal para la reflexi\u00f3n, el descanso y las vacaciones familiares. En 2025, Semana Santa caer\u00e1 en el mes de abril, con fechas que marcan hitos importantes en el calendario religioso.<\/p>\n\n\n\n<h2 class=\"wp-block-heading\"><strong>Fechas clave para la Semana Santa 2025<\/strong><\/h2>\n\n\n\n<p>El 2025 iniciar\u00e1 la Semana Santa con el <strong>Domingo de Ramos<\/strong>, que ser\u00e1 el 13 de abril, una fecha significativa que conmemora la entrada triunfal de Jes\u00fas a Jerusal\u00e9n. A partir de este d\u00eda, los cristianos comienzan a vivir los momentos m\u00e1s importantes de la pasi\u00f3n de Cristo, que culminan en el <strong>Domingo de Resurrecci\u00f3n<\/strong>, celebrado el 20 de abril.<\/p>\n\n\n\n<h2 class=\"wp-block-heading\"><strong>Mi\u00e9rcoles de Ceniza<\/strong><\/h2>\n\n\n\n<p>El <strong>Mi\u00e9rcoles de Ceniza<\/strong>, que marca el inicio de la Cuaresma, ser\u00e1 el 5 de marzo de 2025. Este d\u00eda es esencial para la preparaci\u00f3n espiritual, ya que los fieles se preparan durante 40 d\u00edas para la Semana Santa a trav\u00e9s de la reflexi\u00f3n, el arrepentimiento y la conversi\u00f3n. Es tradicional que los cat\u00f3licos reciban la imposici\u00f3n de la ceniza en la frente como recordatorio de la fragilidad humana.<\/p>\n\n\n\n<h2 class=\"wp-block-heading\"><strong>Triduo Pascual<\/strong><\/h2>\n\n\n\n<p>La Semana Santa alcanzar\u00e1 su punto m\u00e1ximo con el <strong>Triduo Pascual<\/strong>, que se celebra del <strong>Jueves Santo (17 de abril)<\/strong> al <strong>Domingo de Resurrecci\u00f3n (20 de abril)<\/strong>. Estos d\u00edas son fundamentales en la tradici\u00f3n cristiana.<\/p>\n\n\n\n<ul class=\"wp-block-list\">\n<li>El <strong>Jueves Santo<\/strong> conmemora la <strong>\u00daltima Cena<\/strong> de Jes\u00fas con sus ap\u00f3stoles y la instituci\u00f3n de la <strong>Eucarist\u00eda<\/strong>, adem\u00e1s de la acci\u00f3n simb\u00f3lica del lavatorio de los pies de los disc\u00edpulos.<\/li>\n\n\n\n<li>El <strong>Viernes Santo<\/strong> (18 de abril) es un d\u00eda de recogimiento, que rememora la <strong>Pasi\u00f3n y Muerte de Cristo<\/strong>. En muchos pa\u00edses, se realizan procesiones y el <strong>V\u00eda Crucis<\/strong>.<\/li>\n\n\n\n<li>El <strong>S\u00e1bado de Gloria<\/strong> (19 de abril) es un d\u00eda de espera y preparaci\u00f3n para la Pascua, momento en que los cristianos celebran la victoria de Cristo sobre la muerte.<\/li>\n<\/ul>\n\n\n\n<h2 class=\"wp-block-heading\"><strong>Vacaciones de Semana Santa 2025<\/strong><\/h2>\n\n\n\n<p>Las <strong>vacaciones escolares<\/strong> coinciden con las celebraciones religiosas y se extender\u00e1n del <strong>14 al 25 de abril de 2025<\/strong>, permitiendo a las familias disfrutar de estos d\u00edas de descanso, reflexionar o aprovechar para viajar. En muchos destinos tur\u00edsticos, especialmente en M\u00e9xico, se celebran numerosas actividades religiosas y culturales durante esta temporada.<\/p>\n\n\n\n<h2 class=\"wp-block-heading\"><strong>La Pascua 2025<\/strong><\/h2>\n\n\n\n<p>El <strong>Domingo de Pascua<\/strong> o <strong>Domingo de Resurrecci\u00f3n<\/strong>, que ser\u00e1 el <strong>20 de abril de 2025<\/strong>, es la culminaci\u00f3n de la Semana Santa. Este d\u00eda es de gran significado, pues simboliza la resurrecci\u00f3n de Jes\u00fas y la victoria sobre la muerte. A nivel lit\u00fargico, se da inicio al <strong>Tiempo Pascual<\/strong>, que se extiende por 50 d\u00edas hasta Pentecost\u00e9s. Adem\u00e1s, la Pascua es una ocasi\u00f3n especial para compartir en familia, intercambiar huevos de Pascua y disfrutar de actividades al aire libre.<\/p>\n\n\n\n<p><strong>Tradiciones y costumbres en Semana Santa 2025<\/strong><br>Durante Semana Santa, se llevan a cabo diversas tradiciones religiosas y culturales que var\u00edan seg\u00fan el pa\u00eds y la regi\u00f3n. Algunas de las m\u00e1s destacadas incluyen:<\/p>\n\n\n\n<ul class=\"wp-block-list\">\n<li><strong>Procesiones<\/strong>: En lugares como M\u00e9xico, Espa\u00f1a y Guatemala, se realizan solemnes procesiones en las que se portan im\u00e1genes religiosas.<\/li>\n\n\n\n<li><strong>Representaciones de la Pasi\u00f3n<\/strong>: En muchos lugares, se representan los \u00faltimos d\u00edas de Jes\u00fas, como la conocida <strong>Pasi\u00f3n de Iztapalapa<\/strong> en M\u00e9xico.<\/li>\n\n\n\n<li><strong>Ayuno y abstinencia<\/strong>: En el <strong>Viernes Santo<\/strong>, los fieles practican el ayuno y la abstinencia de carne roja, en se\u00f1al de penitencia.<\/li>\n\n\n\n<li><strong>Gastronom\u00eda tradicional<\/strong>: Durante la Semana Santa, es com\u00fan disfrutar de platillos como los mariscos, pescados y dulces t\u00edpicos como la <strong>capirotada<\/strong>, un postre tradicional de la temporada.<\/li>\n<\/ul>\n\n\n\n<p>Con las fechas ya definidas, la Semana Santa 2025 promete ser una oportunidad perfecta para la reflexi\u00f3n religiosa, la convivencia familiar y el disfrute de las tradiciones que han marcado esta celebraci\u00f3n a lo largo de los a\u00f1os.<\/p>\n","protected":false},"excerpt":{"rendered":"Con la llegada del nuevo a\u00f1o, las b\u00fasquedas sobre fechas, efem\u00e9rides y d\u00edas festivos para 2025 han comenzado&hellip;","protected":false},"author":5,"featured_media":1905,"comment_status":"open","ping_status":"open","sticky":false,"template":"","format":"standard","meta":{"csco_display_header_overlay":false,"csco_singular_sidebar":"","csco_page_header_type":"","csco_page_load_nextpost":"","csco_post_video_location":[],"csco_post_video_location_hash":"","csco_post_video_url":"","csco_post_video_bg_start_time":0,"csco_post_video_bg_end_time":0,"footnotes":""},"categories":[1],"tags":[],"class_list":{"0":"post-1897","1":"post","2":"type-post","3":"status-publish","4":"format-standard","5":"has-post-thumbnail","7":"category-uncategorized","8":"cs-entry","9":"cs-video-wrap"},"yoast_head":"<!-- This site is optimized with the Yoast SEO Premium plugin v24.7 (Yoast SEO v27.4) - https:\/\/yoast.com\/product\/yoast-seo-premium-wordpress\/ -->\n<title>Semana Santa 2025: Fechas clave y tradiciones para planear tu descanso - Hidalgo Hoy<\/title>\n<meta name=\"description\" content=\"Para 2025 uno de los temas que m\u00e1s inquieta a los cristianos y vacacionistas es la celebraci\u00f3n de la Semana Santa.\" \/>\n<meta name=\"robots\" content=\"index, follow, max-snippet:-1, max-image-preview:large, max-video-preview:-1\" \/>\n<link rel=\"canonical\" href=\"https:\/\/grupohoymexico.com\/hidalgo\/uncategorized\/semana-santa-2025-fechas-clave-y-tradiciones-para-planear-tu-descanso\/\" \/>\n<meta property=\"og:locale\" content=\"es_MX\" \/>\n<meta property=\"og:type\" content=\"article\" \/>\n<meta property=\"og:title\" content=\"Semana Santa 2025: Fechas clave y tradiciones para planear tu descanso\" \/>\n<meta property=\"og:description\" content=\"Para 2025 uno de los temas que m\u00e1s inquieta a los cristianos y vacacionistas es la celebraci\u00f3n de la Semana Santa.\" \/>\n<meta property=\"og:url\" content=\"https:\/\/grupohoymexico.com\/hidalgo\/uncategorized\/semana-santa-2025-fechas-clave-y-tradiciones-para-planear-tu-descanso\/\" \/>\n<meta property=\"og:site_name\" content=\"Hidalgo Hoy\" \/>\n<meta property=\"article:published_time\" content=\"2024-12-14T19:21:46+00:00\" \/>\n<meta property=\"og:image\" content=\"https:\/\/grupohoymexico.com\/hidalgo\/wp-content\/uploads\/sites\/5\/2024\/12\/photo_5111597358617046708_y.jpg\" \/>\n\t<meta property=\"og:image:width\" content=\"1200\" \/>\n\t<meta property=\"og:image:height\" content=\"628\" \/>\n\t<meta property=\"og:image:type\" content=\"image\/jpeg\" \/>\n<meta name=\"author\" content=\"jair\" \/>\n<meta name=\"twitter:card\" content=\"summary_large_image\" \/>\n<meta name=\"twitter:label1\" content=\"Escrito por\" \/>\n\t<meta name=\"twitter:data1\" content=\"jair\" \/>\n\t<meta name=\"twitter:label2\" content=\"Tiempo de lectura\" \/>\n\t<meta name=\"twitter:data2\" content=\"4 minutos\" \/>\n<script type=\"application\/ld+json\" class=\"yoast-schema-graph\">{\"@context\":\"https:\\\/\\\/schema.org\",\"@graph\":[{\"@type\":\"Article\",\"@id\":\"https:\\\/\\\/grupohoymexico.com\\\/hidalgo\\\/uncategorized\\\/semana-santa-2025-fechas-clave-y-tradiciones-para-planear-tu-descanso\\\/#article\",\"isPartOf\":{\"@id\":\"https:\\\/\\\/grupohoymexico.com\\\/hidalgo\\\/uncategorized\\\/semana-santa-2025-fechas-clave-y-tradiciones-para-planear-tu-descanso\\\/\"},\"author\":{\"name\":\"jair\",\"@id\":\"https:\\\/\\\/grupohoymexico.com\\\/hidalgo\\\/#\\\/schema\\\/person\\\/98e2425fe99fbbdf486895b69dab3c3d\"},\"headline\":\"Semana Santa 2025: Fechas clave y tradiciones para planear tu descanso\",\"datePublished\":\"2024-12-14T19:21:46+00:00\",\"mainEntityOfPage\":{\"@id\":\"https:\\\/\\\/grupohoymexico.com\\\/hidalgo\\\/uncategorized\\\/semana-santa-2025-fechas-clave-y-tradiciones-para-planear-tu-descanso\\\/\"},\"wordCount\":711,\"commentCount\":0,\"image\":{\"@id\":\"https:\\\/\\\/grupohoymexico.com\\\/hidalgo\\\/uncategorized\\\/semana-santa-2025-fechas-clave-y-tradiciones-para-planear-tu-descanso\\\/#primaryimage\"},\"thumbnailUrl\":\"https:\\\/\\\/grupohoymexico.com\\\/hidalgo\\\/wp-content\\\/uploads\\\/sites\\\/5\\\/2024\\\/12\\\/photo_5111597358617046708_y.jpg\",\"articleSection\":[\"Uncategorized\"],\"inLanguage\":\"es\",\"potentialAction\":[{\"@type\":\"CommentAction\",\"name\":\"Comment\",\"target\":[\"https:\\\/\\\/grupohoymexico.com\\\/hidalgo\\\/uncategorized\\\/semana-santa-2025-fechas-clave-y-tradiciones-para-planear-tu-descanso\\\/#respond\"]}]},{\"@type\":\"WebPage\",\"@id\":\"https:\\\/\\\/grupohoymexico.com\\\/hidalgo\\\/uncategorized\\\/semana-santa-2025-fechas-clave-y-tradiciones-para-planear-tu-descanso\\\/\",\"url\":\"https:\\\/\\\/grupohoymexico.com\\\/hidalgo\\\/uncategorized\\\/semana-santa-2025-fechas-clave-y-tradiciones-para-planear-tu-descanso\\\/\",\"name\":\"Semana Santa 2025: Fechas clave y tradiciones para planear tu descanso - Hidalgo Hoy\",\"isPartOf\":{\"@id\":\"https:\\\/\\\/grupohoymexico.com\\\/hidalgo\\\/#website\"},\"primaryImageOfPage\":{\"@id\":\"https:\\\/\\\/grupohoymexico.com\\\/hidalgo\\\/uncategorized\\\/semana-santa-2025-fechas-clave-y-tradiciones-para-planear-tu-descanso\\\/#primaryimage\"},\"image\":{\"@id\":\"https:\\\/\\\/grupohoymexico.com\\\/hidalgo\\\/uncategorized\\\/semana-santa-2025-fechas-clave-y-tradiciones-para-planear-tu-descanso\\\/#primaryimage\"},\"thumbnailUrl\":\"https:\\\/\\\/grupohoymexico.com\\\/hidalgo\\\/wp-content\\\/uploads\\\/sites\\\/5\\\/2024\\\/12\\\/photo_5111597358617046708_y.jpg\",\"datePublished\":\"2024-12-14T19:21:46+00:00\",\"author\":{\"@id\":\"https:\\\/\\\/grupohoymexico.com\\\/hidalgo\\\/#\\\/schema\\\/person\\\/98e2425fe99fbbdf486895b69dab3c3d\"},\"description\":\"Para 2025 uno de los temas que m\u00e1s inquieta a los cristianos y vacacionistas es la celebraci\u00f3n de la Semana Santa.\",\"breadcrumb\":{\"@id\":\"https:\\\/\\\/grupohoymexico.com\\\/hidalgo\\\/uncategorized\\\/semana-santa-2025-fechas-clave-y-tradiciones-para-planear-tu-descanso\\\/#breadcrumb\"},\"inLanguage\":\"es\",\"potentialAction\":[{\"@type\":\"ReadAction\",\"target\":[\"https:\\\/\\\/grupohoymexico.com\\\/hidalgo\\\/uncategorized\\\/semana-santa-2025-fechas-clave-y-tradiciones-para-planear-tu-descanso\\\/\"]}]},{\"@type\":\"ImageObject\",\"inLanguage\":\"es\",\"@id\":\"https:\\\/\\\/grupohoymexico.com\\\/hidalgo\\\/uncategorized\\\/semana-santa-2025-fechas-clave-y-tradiciones-para-planear-tu-descanso\\\/#primaryimage\",\"url\":\"https:\\\/\\\/grupohoymexico.com\\\/hidalgo\\\/wp-content\\\/uploads\\\/sites\\\/5\\\/2024\\\/12\\\/photo_5111597358617046708_y.jpg\",\"contentUrl\":\"https:\\\/\\\/grupohoymexico.com\\\/hidalgo\\\/wp-content\\\/uploads\\\/sites\\\/5\\\/2024\\\/12\\\/photo_5111597358617046708_y.jpg\",\"width\":1200,\"height\":628,\"caption\":\"Semana Santa 2025: Fechas clave y tradiciones para planear tu descanso\"},{\"@type\":\"BreadcrumbList\",\"@id\":\"https:\\\/\\\/grupohoymexico.com\\\/hidalgo\\\/uncategorized\\\/semana-santa-2025-fechas-clave-y-tradiciones-para-planear-tu-descanso\\\/#breadcrumb\",\"itemListElement\":[{\"@type\":\"ListItem\",\"position\":1,\"name\":\"Inicio\",\"item\":\"https:\\\/\\\/grupohoymexico.com\\\/hidalgo\\\/\"},{\"@type\":\"ListItem\",\"position\":2,\"name\":\"Semana Santa 2025: Fechas clave y tradiciones para planear tu descanso\"}]},{\"@type\":\"WebSite\",\"@id\":\"https:\\\/\\\/grupohoymexico.com\\\/hidalgo\\\/#website\",\"url\":\"https:\\\/\\\/grupohoymexico.com\\\/hidalgo\\\/\",\"name\":\"Hidalgo Hoy\",\"description\":\"El alma de la noticia\",\"potentialAction\":[{\"@type\":\"SearchAction\",\"target\":{\"@type\":\"EntryPoint\",\"urlTemplate\":\"https:\\\/\\\/grupohoymexico.com\\\/hidalgo\\\/?s={search_term_string}\"},\"query-input\":{\"@type\":\"PropertyValueSpecification\",\"valueRequired\":true,\"valueName\":\"search_term_string\"}}],\"inLanguage\":\"es\"},{\"@type\":\"Person\",\"@id\":\"https:\\\/\\\/grupohoymexico.com\\\/hidalgo\\\/#\\\/schema\\\/person\\\/98e2425fe99fbbdf486895b69dab3c3d\",\"name\":\"jair\",\"image\":{\"@type\":\"ImageObject\",\"inLanguage\":\"es\",\"@id\":\"https:\\\/\\\/secure.gravatar.com\\\/avatar\\\/ec205dfb8733a1ce1601942dddb04fc9294fb780c832e3c1ec58faa8e4e64e9b?s=96&d=mm&r=g\",\"url\":\"https:\\\/\\\/secure.gravatar.com\\\/avatar\\\/ec205dfb8733a1ce1601942dddb04fc9294fb780c832e3c1ec58faa8e4e64e9b?s=96&d=mm&r=g\",\"contentUrl\":\"https:\\\/\\\/secure.gravatar.com\\\/avatar\\\/ec205dfb8733a1ce1601942dddb04fc9294fb780c832e3c1ec58faa8e4e64e9b?s=96&d=mm&r=g\",\"caption\":\"jair\"},\"url\":\"https:\\\/\\\/grupohoymexico.com\\\/hidalgo\\\/author\\\/jair\\\/\"}]}<\/script>\n<!-- \/ Yoast SEO Premium plugin. -->","yoast_head_json":{"title":"Semana Santa 2025: Fechas clave y tradiciones para planear tu descanso - Hidalgo Hoy","description":"Para 2025 uno de los temas que m\u00e1s inquieta a los cristianos y vacacionistas es la celebraci\u00f3n de la Semana Santa.","robots":{"index":"index","follow":"follow","max-snippet":"max-snippet:-1","max-image-preview":"max-image-preview:large","max-video-preview":"max-video-preview:-1"},"canonical":"https:\/\/grupohoymexico.com\/hidalgo\/uncategorized\/semana-santa-2025-fechas-clave-y-tradiciones-para-planear-tu-descanso\/","og_locale":"es_MX","og_type":"article","og_title":"Semana Santa 2025: Fechas clave y tradiciones para planear tu descanso","og_description":"Para 2025 uno de los temas que m\u00e1s inquieta a los cristianos y vacacionistas es la celebraci\u00f3n de la Semana Santa.","og_url":"https:\/\/grupohoymexico.com\/hidalgo\/uncategorized\/semana-santa-2025-fechas-clave-y-tradiciones-para-planear-tu-descanso\/","og_site_name":"Hidalgo Hoy","article_published_time":"2024-12-14T19:21:46+00:00","og_image":[{"width":1200,"height":628,"url":"https:\/\/grupohoymexico.com\/hidalgo\/wp-content\/uploads\/sites\/5\/2024\/12\/photo_5111597358617046708_y.jpg","type":"image\/jpeg"}],"author":"jair","twitter_card":"summary_large_image","twitter_misc":{"Escrito por":"jair","Tiempo de lectura":"4 minutos"},"schema":{"@context":"https:\/\/schema.org","@graph":[{"@type":"Article","@id":"https:\/\/grupohoymexico.com\/hidalgo\/uncategorized\/semana-santa-2025-fechas-clave-y-tradiciones-para-planear-tu-descanso\/#article","isPartOf":{"@id":"https:\/\/grupohoymexico.com\/hidalgo\/uncategorized\/semana-santa-2025-fechas-clave-y-tradiciones-para-planear-tu-descanso\/"},"author":{"name":"jair","@id":"https:\/\/grupohoymexico.com\/hidalgo\/#\/schema\/person\/98e2425fe99fbbdf486895b69dab3c3d"},"headline":"Semana Santa 2025: Fechas clave y tradiciones para planear tu descanso","datePublished":"2024-12-14T19:21:46+00:00","mainEntityOfPage":{"@id":"https:\/\/grupohoymexico.com\/hidalgo\/uncategorized\/semana-santa-2025-fechas-clave-y-tradiciones-para-planear-tu-descanso\/"},"wordCount":711,"commentCount":0,"image":{"@id":"https:\/\/grupohoymexico.com\/hidalgo\/uncategorized\/semana-santa-2025-fechas-clave-y-tradiciones-para-planear-tu-descanso\/#primaryimage"},"thumbnailUrl":"https:\/\/grupohoymexico.com\/hidalgo\/wp-content\/uploads\/sites\/5\/2024\/12\/photo_5111597358617046708_y.jpg","articleSection":["Uncategorized"],"inLanguage":"es","potentialAction":[{"@type":"CommentAction","name":"Comment","target":["https:\/\/grupohoymexico.com\/hidalgo\/uncategorized\/semana-santa-2025-fechas-clave-y-tradiciones-para-planear-tu-descanso\/#respond"]}]},{"@type":"WebPage","@id":"https:\/\/grupohoymexico.com\/hidalgo\/uncategorized\/semana-santa-2025-fechas-clave-y-tradiciones-para-planear-tu-descanso\/","url":"https:\/\/grupohoymexico.com\/hidalgo\/uncategorized\/semana-santa-2025-fechas-clave-y-tradiciones-para-planear-tu-descanso\/","name":"Semana Santa 2025: Fechas clave y tradiciones para planear tu descanso - Hidalgo Hoy","isPartOf":{"@id":"https:\/\/grupohoymexico.com\/hidalgo\/#website"},"primaryImageOfPage":{"@id":"https:\/\/grupohoymexico.com\/hidalgo\/uncategorized\/semana-santa-2025-fechas-clave-y-tradiciones-para-planear-tu-descanso\/#primaryimage"},"image":{"@id":"https:\/\/grupohoymexico.com\/hidalgo\/uncategorized\/semana-santa-2025-fechas-clave-y-tradiciones-para-planear-tu-descanso\/#primaryimage"},"thumbnailUrl":"https:\/\/grupohoymexico.com\/hidalgo\/wp-content\/uploads\/sites\/5\/2024\/12\/photo_5111597358617046708_y.jpg","datePublished":"2024-12-14T19:21:46+00:00","author":{"@id":"https:\/\/grupohoymexico.com\/hidalgo\/#\/schema\/person\/98e2425fe99fbbdf486895b69dab3c3d"},"description":"Para 2025 uno de los temas que m\u00e1s inquieta a los cristianos y vacacionistas es la celebraci\u00f3n de la Semana Santa.","breadcrumb":{"@id":"https:\/\/grupohoymexico.com\/hidalgo\/uncategorized\/semana-santa-2025-fechas-clave-y-tradiciones-para-planear-tu-descanso\/#breadcrumb"},"inLanguage":"es","potentialAction":[{"@type":"ReadAction","target":["https:\/\/grupohoymexico.com\/hidalgo\/uncategorized\/semana-santa-2025-fechas-clave-y-tradiciones-para-planear-tu-descanso\/"]}]},{"@type":"ImageObject","inLanguage":"es","@id":"https:\/\/grupohoymexico.com\/hidalgo\/uncategorized\/semana-santa-2025-fechas-clave-y-tradiciones-para-planear-tu-descanso\/#primaryimage","url":"https:\/\/grupohoymexico.com\/hidalgo\/wp-content\/uploads\/sites\/5\/2024\/12\/photo_5111597358617046708_y.jpg","contentUrl":"https:\/\/grupohoymexico.com\/hidalgo\/wp-content\/uploads\/sites\/5\/2024\/12\/photo_5111597358617046708_y.jpg","width":1200,"height":628,"caption":"Semana Santa 2025: Fechas clave y tradiciones para planear tu descanso"},{"@type":"BreadcrumbList","@id":"https:\/\/grupohoymexico.com\/hidalgo\/uncategorized\/semana-santa-2025-fechas-clave-y-tradiciones-para-planear-tu-descanso\/#breadcrumb","itemListElement":[{"@type":"ListItem","position":1,"name":"Inicio","item":"https:\/\/grupohoymexico.com\/hidalgo\/"},{"@type":"ListItem","position":2,"name":"Semana Santa 2025: Fechas clave y tradiciones para planear tu descanso"}]},{"@type":"WebSite","@id":"https:\/\/grupohoymexico.com\/hidalgo\/#website","url":"https:\/\/grupohoymexico.com\/hidalgo\/","name":"Hidalgo Hoy","description":"El alma de la noticia","potentialAction":[{"@type":"SearchAction","target":{"@type":"EntryPoint","urlTemplate":"https:\/\/grupohoymexico.com\/hidalgo\/?s={search_term_string}"},"query-input":{"@type":"PropertyValueSpecification","valueRequired":true,"valueName":"search_term_string"}}],"inLanguage":"es"},{"@type":"Person","@id":"https:\/\/grupohoymexico.com\/hidalgo\/#\/schema\/person\/98e2425fe99fbbdf486895b69dab3c3d","name":"jair","image":{"@type":"ImageObject","inLanguage":"es","@id":"https:\/\/secure.gravatar.com\/avatar\/ec205dfb8733a1ce1601942dddb04fc9294fb780c832e3c1ec58faa8e4e64e9b?s=96&d=mm&r=g","url":"https:\/\/secure.gravatar.com\/avatar\/ec205dfb8733a1ce1601942dddb04fc9294fb780c832e3c1ec58faa8e4e64e9b?s=96&d=mm&r=g","contentUrl":"https:\/\/secure.gravatar.com\/avatar\/ec205dfb8733a1ce1601942dddb04fc9294fb780c832e3c1ec58faa8e4e64e9b?s=96&d=mm&r=g","caption":"jair"},"url":"https:\/\/grupohoymexico.com\/hidalgo\/author\/jair\/"}]}},"_links":{"self":[{"href":"https:\/\/grupohoymexico.com\/hidalgo\/wp-json\/wp\/v2\/posts\/1897","targetHints":{"allow":["GET"]}}],"collection":[{"href":"https:\/\/grupohoymexico.com\/hidalgo\/wp-json\/wp\/v2\/posts"}],"about":[{"href":"https:\/\/grupohoymexico.com\/hidalgo\/wp-json\/wp\/v2\/types\/post"}],"author":[{"embeddable":true,"href":"https:\/\/grupohoymexico.com\/hidalgo\/wp-json\/wp\/v2\/users\/5"}],"replies":[{"embeddable":true,"href":"https:\/\/grupohoymexico.com\/hidalgo\/wp-json\/wp\/v2\/comments?post=1897"}],"version-history":[{"count":1,"href":"https:\/\/grupohoymexico.com\/hidalgo\/wp-json\/wp\/v2\/posts\/1897\/revisions"}],"predecessor-version":[{"id":1906,"href":"https:\/\/grupohoymexico.com\/hidalgo\/wp-json\/wp\/v2\/posts\/1897\/revisions\/1906"}],"wp:featuredmedia":[{"embeddable":true,"href":"https:\/\/grupohoymexico.com\/hidalgo\/wp-json\/wp\/v2\/media\/1905"}],"wp:attachment":[{"href":"https:\/\/grupohoymexico.com\/hidalgo\/wp-json\/wp\/v2\/media?parent=1897"}],"wp:term":[{"taxonomy":"category","embeddable":true,"href":"https:\/\/grupohoymexico.com\/hidalgo\/wp-json\/wp\/v2\/categories?post=1897"},{"taxonomy":"post_tag","embeddable":true,"href":"https:\/\/grupohoymexico.com\/hidalgo\/wp-json\/wp\/v2\/tags?post=1897"}],"curies":[{"name":"wp","href":"https:\/\/api.w.org\/{rel}","templated":true}]}}