{"id":1780,"date":"2024-12-12T12:43:04","date_gmt":"2024-12-12T18:43:04","guid":{"rendered":"https:\/\/grupohoymexico.com\/hidalgohoy\/?p=1780"},"modified":"2024-12-12T12:43:05","modified_gmt":"2024-12-12T18:43:05","slug":"incrementan-incendios-de-pastizales-en-tepeji-proteccion-civil-emite-alerta","status":"publish","type":"post","link":"https:\/\/grupohoymexico.com\/hidalgo\/uncategorized\/incrementan-incendios-de-pastizales-en-tepeji-proteccion-civil-emite-alerta\/","title":{"rendered":"Incrementan incendios de pastizales en Tepeji; Protecci\u00f3n Civil emite alerta"},"content":{"rendered":"\n<p>La <strong><a href=\"https:\/\/www.facebook.com\/PcBomberosTepeji\/?locale=es_LA\">Unidad Municipal de Protecci\u00f3n Civil y Bomberos de Tepeji del R\u00edo<\/a><\/strong> ha reportado un incremento alarmante en los servicios de atenci\u00f3n a incendios de pastizales en diversas comunidades del municipio, afectando superficies de hasta <strong>tres hect\u00e1reas<\/strong> en algunos casos.<\/p>\n\n\n\n<h3 class=\"wp-block-heading\"><strong>Incendios recientes<\/strong><\/h3>\n\n\n\n<p>Durante los d\u00edas <strong>10 y 11 de diciembre<\/strong>, se atendieron m\u00faltiples emergencias:<\/p>\n\n\n\n<ul class=\"wp-block-list\">\n<li>En la comunidad de <strong>Dos Pe\u00f1as<\/strong>, un incendio de pastizal consumi\u00f3 aproximadamente <strong>200 metros cuadrados<\/strong>, siendo sofocado antes de extenderse.<\/li>\n\n\n\n<li>En la calle Nogal, un <strong>incendio de basura<\/strong> fue controlado oportunamente, evitando da\u00f1os mayores.<\/li>\n\n\n\n<li>En el fraccionamiento <strong>Monte Esmeralda<\/strong>, se apag\u00f3 otro incendio de pastizal que afect\u00f3 <strong>100 metros cuadrados<\/strong>.<\/li>\n<\/ul>\n\n\n\n<p>En la comunidad de <strong>Miraflores<\/strong>, los bomberos enfrentaron varios incendios consecutivos. El primero afect\u00f3 un terreno de <strong>300 metros cuadrados<\/strong>, mientras que otros tres siniestros arrasaron con <strong>tres hect\u00e1reas<\/strong> de pastizales.<\/p>\n\n\n\n<p>En la <strong>colonia Tlaxinacalpan<\/strong>, un incendio de pastos secos afect\u00f3 aproximadamente <strong>una hect\u00e1rea<\/strong>, mientras que en la comunidad de <strong>San Juan Otlaxpan<\/strong>, las llamas consumieron <strong>150 metros cuadrados<\/strong> de maleza. Nuevamente en <strong>Tlaxinacalpan<\/strong>, otro siniestro afect\u00f3 un \u00e1rea de <strong>1.5 hect\u00e1reas<\/strong>.<\/p>\n\n\n\n<h3 class=\"wp-block-heading\"><strong>Alerta de temporada alta<\/strong><\/h3>\n\n\n\n<p>La directora de Protecci\u00f3n Civil y Bomberos de <a href=\"https:\/\/grupohoymexico.com\/hidalgohoy\/\">Tepeji<\/a>, <strong>Viridiana Reyes Pintor<\/strong>, advirti\u00f3 que las condiciones clim\u00e1ticas han adelantado la <strong>temporada alta de incendios de pastizales<\/strong>, que usualmente comienza en enero pero este a\u00f1o inici\u00f3 en noviembre.<\/p>\n\n\n\n<p>\u201cExhortamos a la poblaci\u00f3n a evitar pr\u00e1cticas como la quema de basura y maleza, ya que pueden salirse de control y provocar emergencias graves\u201d, subray\u00f3 Reyes Pintor.<\/p>\n\n\n\n<h3 class=\"wp-block-heading\"><strong>Medidas preventivas<\/strong><\/h3>\n\n\n\n<p>Para mitigar el riesgo de incendios, la <strong>Protecci\u00f3n Civil<\/strong> ha emitido una serie de recomendaciones:<\/p>\n\n\n\n<ul class=\"wp-block-list\">\n<li><strong>Evitar arrojar basura o materiales inflamables<\/strong> en carreteras y caminos, incluyendo vidrios, botellas, cigarros o cerillos encendidos.<\/li>\n\n\n\n<li><strong>No encender fogatas<\/strong>; si es necesario, asegurarse de extinguirlas completamente con agua y tierra.<\/li>\n\n\n\n<li><strong>Evitar el uso de maquinaria o veh\u00edculos<\/strong> que puedan emitir chispas en zonas forestales, pastizales o rurales.<\/li>\n\n\n\n<li><strong>Mantener limpios patios y terrenos<\/strong>, deshierbando para prevenir acumulaci\u00f3n de material combustible.<\/li>\n<\/ul>\n\n\n\n<h3 class=\"wp-block-heading\"><strong>Incendios previos<\/strong><\/h3>\n\n\n\n<p>El municipio de Tepeji ya tiene antecedentes de grandes incendios. En <strong>marzo de 2023<\/strong>, m\u00e1s de <strong>30 hect\u00e1reas<\/strong> de vegetaci\u00f3n el fuego las consumi\u00f3 en el <strong>Cerro El Caracol<\/strong>, y en <strong>mayo del mismo a\u00f1o<\/strong>, un incendio devastador en el <strong>Cerro La Campana<\/strong> arras\u00f3 cientos de hect\u00e1reas durante casi dos semanas.<\/p>\n","protected":false},"excerpt":{"rendered":"La Unidad Municipal de Protecci\u00f3n Civil y Bomberos de Tepeji del R\u00edo ha reportado un incremento alarmante en&hellip;","protected":false},"author":5,"featured_media":1786,"comment_status":"open","ping_status":"open","sticky":false,"template":"","format":"standard","meta":{"csco_display_header_overlay":false,"csco_singular_sidebar":"","csco_page_header_type":"","csco_page_load_nextpost":"","csco_post_video_location":[],"csco_post_video_location_hash":"","csco_post_video_url":"","csco_post_video_bg_start_time":0,"csco_post_video_bg_end_time":0,"footnotes":""},"categories":[1],"tags":[],"class_list":{"0":"post-1780","1":"post","2":"type-post","3":"status-publish","4":"format-standard","5":"has-post-thumbnail","7":"category-uncategorized","8":"cs-entry","9":"cs-video-wrap"},"yoast_head":"<!-- This site is optimized with the Yoast SEO Premium plugin v24.7 (Yoast SEO v27.4) - https:\/\/yoast.com\/product\/yoast-seo-premium-wordpress\/ -->\n<title>Incrementan incendios de pastizales en Tepeji; Protecci\u00f3n Civil emite alerta - Hidalgo Hoy<\/title>\n<meta name=\"description\" content=\"La Unidad Municipal de Protecci\u00f3n Civil y Bomberos de Tepeji del R\u00edo report\u00f3 un incremento alarmante en los servicios de atenci\u00f3n a incendios\" \/>\n<meta name=\"robots\" content=\"index, follow, max-snippet:-1, max-image-preview:large, max-video-preview:-1\" \/>\n<link rel=\"canonical\" href=\"https:\/\/grupohoymexico.com\/hidalgo\/uncategorized\/incrementan-incendios-de-pastizales-en-tepeji-proteccion-civil-emite-alerta\/\" \/>\n<meta property=\"og:locale\" content=\"es_MX\" \/>\n<meta property=\"og:type\" content=\"article\" \/>\n<meta property=\"og:title\" content=\"Incrementan incendios de pastizales en Tepeji; Protecci\u00f3n Civil emite alerta\" \/>\n<meta property=\"og:description\" content=\"La Unidad Municipal de Protecci\u00f3n Civil y Bomberos de Tepeji del R\u00edo report\u00f3 un incremento alarmante en los servicios de atenci\u00f3n a incendios\" \/>\n<meta property=\"og:url\" content=\"https:\/\/grupohoymexico.com\/hidalgo\/uncategorized\/incrementan-incendios-de-pastizales-en-tepeji-proteccion-civil-emite-alerta\/\" \/>\n<meta property=\"og:site_name\" content=\"Hidalgo Hoy\" \/>\n<meta property=\"article:published_time\" content=\"2024-12-12T18:43:04+00:00\" \/>\n<meta property=\"article:modified_time\" content=\"2024-12-12T18:43:05+00:00\" \/>\n<meta property=\"og:image\" content=\"https:\/\/grupohoymexico.com\/hidalgo\/wp-content\/uploads\/sites\/5\/2024\/12\/photo_5105153108081749922_y.jpg\" \/>\n\t<meta property=\"og:image:width\" content=\"1200\" \/>\n\t<meta property=\"og:image:height\" content=\"638\" \/>\n\t<meta property=\"og:image:type\" content=\"image\/jpeg\" \/>\n<meta name=\"author\" content=\"jair\" \/>\n<meta name=\"twitter:card\" content=\"summary_large_image\" \/>\n<meta name=\"twitter:label1\" content=\"Escrito por\" \/>\n\t<meta name=\"twitter:data1\" content=\"jair\" \/>\n\t<meta name=\"twitter:label2\" content=\"Tiempo de lectura\" \/>\n\t<meta name=\"twitter:data2\" content=\"2 minutos\" \/>\n<script type=\"application\/ld+json\" class=\"yoast-schema-graph\">{\"@context\":\"https:\\\/\\\/schema.org\",\"@graph\":[{\"@type\":\"Article\",\"@id\":\"https:\\\/\\\/grupohoymexico.com\\\/hidalgo\\\/uncategorized\\\/incrementan-incendios-de-pastizales-en-tepeji-proteccion-civil-emite-alerta\\\/#article\",\"isPartOf\":{\"@id\":\"https:\\\/\\\/grupohoymexico.com\\\/hidalgo\\\/uncategorized\\\/incrementan-incendios-de-pastizales-en-tepeji-proteccion-civil-emite-alerta\\\/\"},\"author\":{\"name\":\"jair\",\"@id\":\"https:\\\/\\\/grupohoymexico.com\\\/hidalgo\\\/#\\\/schema\\\/person\\\/98e2425fe99fbbdf486895b69dab3c3d\"},\"headline\":\"Incrementan incendios de pastizales en Tepeji; Protecci\u00f3n Civil emite alerta\",\"datePublished\":\"2024-12-12T18:43:04+00:00\",\"dateModified\":\"2024-12-12T18:43:05+00:00\",\"mainEntityOfPage\":{\"@id\":\"https:\\\/\\\/grupohoymexico.com\\\/hidalgo\\\/uncategorized\\\/incrementan-incendios-de-pastizales-en-tepeji-proteccion-civil-emite-alerta\\\/\"},\"wordCount\":400,\"commentCount\":0,\"image\":{\"@id\":\"https:\\\/\\\/grupohoymexico.com\\\/hidalgo\\\/uncategorized\\\/incrementan-incendios-de-pastizales-en-tepeji-proteccion-civil-emite-alerta\\\/#primaryimage\"},\"thumbnailUrl\":\"https:\\\/\\\/grupohoymexico.com\\\/hidalgo\\\/wp-content\\\/uploads\\\/sites\\\/5\\\/2024\\\/12\\\/photo_5105153108081749922_y.jpg\",\"articleSection\":[\"Uncategorized\"],\"inLanguage\":\"es\",\"potentialAction\":[{\"@type\":\"CommentAction\",\"name\":\"Comment\",\"target\":[\"https:\\\/\\\/grupohoymexico.com\\\/hidalgo\\\/uncategorized\\\/incrementan-incendios-de-pastizales-en-tepeji-proteccion-civil-emite-alerta\\\/#respond\"]}]},{\"@type\":\"WebPage\",\"@id\":\"https:\\\/\\\/grupohoymexico.com\\\/hidalgo\\\/uncategorized\\\/incrementan-incendios-de-pastizales-en-tepeji-proteccion-civil-emite-alerta\\\/\",\"url\":\"https:\\\/\\\/grupohoymexico.com\\\/hidalgo\\\/uncategorized\\\/incrementan-incendios-de-pastizales-en-tepeji-proteccion-civil-emite-alerta\\\/\",\"name\":\"Incrementan incendios de pastizales en Tepeji; Protecci\u00f3n Civil emite alerta - Hidalgo Hoy\",\"isPartOf\":{\"@id\":\"https:\\\/\\\/grupohoymexico.com\\\/hidalgo\\\/#website\"},\"primaryImageOfPage\":{\"@id\":\"https:\\\/\\\/grupohoymexico.com\\\/hidalgo\\\/uncategorized\\\/incrementan-incendios-de-pastizales-en-tepeji-proteccion-civil-emite-alerta\\\/#primaryimage\"},\"image\":{\"@id\":\"https:\\\/\\\/grupohoymexico.com\\\/hidalgo\\\/uncategorized\\\/incrementan-incendios-de-pastizales-en-tepeji-proteccion-civil-emite-alerta\\\/#primaryimage\"},\"thumbnailUrl\":\"https:\\\/\\\/grupohoymexico.com\\\/hidalgo\\\/wp-content\\\/uploads\\\/sites\\\/5\\\/2024\\\/12\\\/photo_5105153108081749922_y.jpg\",\"datePublished\":\"2024-12-12T18:43:04+00:00\",\"dateModified\":\"2024-12-12T18:43:05+00:00\",\"author\":{\"@id\":\"https:\\\/\\\/grupohoymexico.com\\\/hidalgo\\\/#\\\/schema\\\/person\\\/98e2425fe99fbbdf486895b69dab3c3d\"},\"description\":\"La Unidad Municipal de Protecci\u00f3n Civil y Bomberos de Tepeji del R\u00edo report\u00f3 un incremento alarmante en los servicios de atenci\u00f3n a incendios\",\"breadcrumb\":{\"@id\":\"https:\\\/\\\/grupohoymexico.com\\\/hidalgo\\\/uncategorized\\\/incrementan-incendios-de-pastizales-en-tepeji-proteccion-civil-emite-alerta\\\/#breadcrumb\"},\"inLanguage\":\"es\",\"potentialAction\":[{\"@type\":\"ReadAction\",\"target\":[\"https:\\\/\\\/grupohoymexico.com\\\/hidalgo\\\/uncategorized\\\/incrementan-incendios-de-pastizales-en-tepeji-proteccion-civil-emite-alerta\\\/\"]}]},{\"@type\":\"ImageObject\",\"inLanguage\":\"es\",\"@id\":\"https:\\\/\\\/grupohoymexico.com\\\/hidalgo\\\/uncategorized\\\/incrementan-incendios-de-pastizales-en-tepeji-proteccion-civil-emite-alerta\\\/#primaryimage\",\"url\":\"https:\\\/\\\/grupohoymexico.com\\\/hidalgo\\\/wp-content\\\/uploads\\\/sites\\\/5\\\/2024\\\/12\\\/photo_5105153108081749922_y.jpg\",\"contentUrl\":\"https:\\\/\\\/grupohoymexico.com\\\/hidalgo\\\/wp-content\\\/uploads\\\/sites\\\/5\\\/2024\\\/12\\\/photo_5105153108081749922_y.jpg\",\"width\":1200,\"height\":638},{\"@type\":\"BreadcrumbList\",\"@id\":\"https:\\\/\\\/grupohoymexico.com\\\/hidalgo\\\/uncategorized\\\/incrementan-incendios-de-pastizales-en-tepeji-proteccion-civil-emite-alerta\\\/#breadcrumb\",\"itemListElement\":[{\"@type\":\"ListItem\",\"position\":1,\"name\":\"Inicio\",\"item\":\"https:\\\/\\\/grupohoymexico.com\\\/hidalgo\\\/\"},{\"@type\":\"ListItem\",\"position\":2,\"name\":\"Incrementan incendios de pastizales en Tepeji; Protecci\u00f3n Civil emite alerta\"}]},{\"@type\":\"WebSite\",\"@id\":\"https:\\\/\\\/grupohoymexico.com\\\/hidalgo\\\/#website\",\"url\":\"https:\\\/\\\/grupohoymexico.com\\\/hidalgo\\\/\",\"name\":\"Hidalgo Hoy\",\"description\":\"El alma de la noticia\",\"potentialAction\":[{\"@type\":\"SearchAction\",\"target\":{\"@type\":\"EntryPoint\",\"urlTemplate\":\"https:\\\/\\\/grupohoymexico.com\\\/hidalgo\\\/?s={search_term_string}\"},\"query-input\":{\"@type\":\"PropertyValueSpecification\",\"valueRequired\":true,\"valueName\":\"search_term_string\"}}],\"inLanguage\":\"es\"},{\"@type\":\"Person\",\"@id\":\"https:\\\/\\\/grupohoymexico.com\\\/hidalgo\\\/#\\\/schema\\\/person\\\/98e2425fe99fbbdf486895b69dab3c3d\",\"name\":\"jair\",\"image\":{\"@type\":\"ImageObject\",\"inLanguage\":\"es\",\"@id\":\"https:\\\/\\\/secure.gravatar.com\\\/avatar\\\/ec205dfb8733a1ce1601942dddb04fc9294fb780c832e3c1ec58faa8e4e64e9b?s=96&d=mm&r=g\",\"url\":\"https:\\\/\\\/secure.gravatar.com\\\/avatar\\\/ec205dfb8733a1ce1601942dddb04fc9294fb780c832e3c1ec58faa8e4e64e9b?s=96&d=mm&r=g\",\"contentUrl\":\"https:\\\/\\\/secure.gravatar.com\\\/avatar\\\/ec205dfb8733a1ce1601942dddb04fc9294fb780c832e3c1ec58faa8e4e64e9b?s=96&d=mm&r=g\",\"caption\":\"jair\"},\"url\":\"https:\\\/\\\/grupohoymexico.com\\\/hidalgo\\\/author\\\/jair\\\/\"}]}<\/script>\n<!-- \/ Yoast SEO Premium plugin. -->","yoast_head_json":{"title":"Incrementan incendios de pastizales en Tepeji; Protecci\u00f3n Civil emite alerta - Hidalgo Hoy","description":"La Unidad Municipal de Protecci\u00f3n Civil y Bomberos de Tepeji del R\u00edo report\u00f3 un incremento alarmante en los servicios de atenci\u00f3n a incendios","robots":{"index":"index","follow":"follow","max-snippet":"max-snippet:-1","max-image-preview":"max-image-preview:large","max-video-preview":"max-video-preview:-1"},"canonical":"https:\/\/grupohoymexico.com\/hidalgo\/uncategorized\/incrementan-incendios-de-pastizales-en-tepeji-proteccion-civil-emite-alerta\/","og_locale":"es_MX","og_type":"article","og_title":"Incrementan incendios de pastizales en Tepeji; Protecci\u00f3n Civil emite alerta","og_description":"La Unidad Municipal de Protecci\u00f3n Civil y Bomberos de Tepeji del R\u00edo report\u00f3 un incremento alarmante en los servicios de atenci\u00f3n a incendios","og_url":"https:\/\/grupohoymexico.com\/hidalgo\/uncategorized\/incrementan-incendios-de-pastizales-en-tepeji-proteccion-civil-emite-alerta\/","og_site_name":"Hidalgo Hoy","article_published_time":"2024-12-12T18:43:04+00:00","article_modified_time":"2024-12-12T18:43:05+00:00","og_image":[{"width":1200,"height":638,"url":"https:\/\/grupohoymexico.com\/hidalgo\/wp-content\/uploads\/sites\/5\/2024\/12\/photo_5105153108081749922_y.jpg","type":"image\/jpeg"}],"author":"jair","twitter_card":"summary_large_image","twitter_misc":{"Escrito por":"jair","Tiempo de lectura":"2 minutos"},"schema":{"@context":"https:\/\/schema.org","@graph":[{"@type":"Article","@id":"https:\/\/grupohoymexico.com\/hidalgo\/uncategorized\/incrementan-incendios-de-pastizales-en-tepeji-proteccion-civil-emite-alerta\/#article","isPartOf":{"@id":"https:\/\/grupohoymexico.com\/hidalgo\/uncategorized\/incrementan-incendios-de-pastizales-en-tepeji-proteccion-civil-emite-alerta\/"},"author":{"name":"jair","@id":"https:\/\/grupohoymexico.com\/hidalgo\/#\/schema\/person\/98e2425fe99fbbdf486895b69dab3c3d"},"headline":"Incrementan incendios de pastizales en Tepeji; Protecci\u00f3n Civil emite alerta","datePublished":"2024-12-12T18:43:04+00:00","dateModified":"2024-12-12T18:43:05+00:00","mainEntityOfPage":{"@id":"https:\/\/grupohoymexico.com\/hidalgo\/uncategorized\/incrementan-incendios-de-pastizales-en-tepeji-proteccion-civil-emite-alerta\/"},"wordCount":400,"commentCount":0,"image":{"@id":"https:\/\/grupohoymexico.com\/hidalgo\/uncategorized\/incrementan-incendios-de-pastizales-en-tepeji-proteccion-civil-emite-alerta\/#primaryimage"},"thumbnailUrl":"https:\/\/grupohoymexico.com\/hidalgo\/wp-content\/uploads\/sites\/5\/2024\/12\/photo_5105153108081749922_y.jpg","articleSection":["Uncategorized"],"inLanguage":"es","potentialAction":[{"@type":"CommentAction","name":"Comment","target":["https:\/\/grupohoymexico.com\/hidalgo\/uncategorized\/incrementan-incendios-de-pastizales-en-tepeji-proteccion-civil-emite-alerta\/#respond"]}]},{"@type":"WebPage","@id":"https:\/\/grupohoymexico.com\/hidalgo\/uncategorized\/incrementan-incendios-de-pastizales-en-tepeji-proteccion-civil-emite-alerta\/","url":"https:\/\/grupohoymexico.com\/hidalgo\/uncategorized\/incrementan-incendios-de-pastizales-en-tepeji-proteccion-civil-emite-alerta\/","name":"Incrementan incendios de pastizales en Tepeji; Protecci\u00f3n Civil emite alerta - Hidalgo Hoy","isPartOf":{"@id":"https:\/\/grupohoymexico.com\/hidalgo\/#website"},"primaryImageOfPage":{"@id":"https:\/\/grupohoymexico.com\/hidalgo\/uncategorized\/incrementan-incendios-de-pastizales-en-tepeji-proteccion-civil-emite-alerta\/#primaryimage"},"image":{"@id":"https:\/\/grupohoymexico.com\/hidalgo\/uncategorized\/incrementan-incendios-de-pastizales-en-tepeji-proteccion-civil-emite-alerta\/#primaryimage"},"thumbnailUrl":"https:\/\/grupohoymexico.com\/hidalgo\/wp-content\/uploads\/sites\/5\/2024\/12\/photo_5105153108081749922_y.jpg","datePublished":"2024-12-12T18:43:04+00:00","dateModified":"2024-12-12T18:43:05+00:00","author":{"@id":"https:\/\/grupohoymexico.com\/hidalgo\/#\/schema\/person\/98e2425fe99fbbdf486895b69dab3c3d"},"description":"La Unidad Municipal de Protecci\u00f3n Civil y Bomberos de Tepeji del R\u00edo report\u00f3 un incremento alarmante en los servicios de atenci\u00f3n a incendios","breadcrumb":{"@id":"https:\/\/grupohoymexico.com\/hidalgo\/uncategorized\/incrementan-incendios-de-pastizales-en-tepeji-proteccion-civil-emite-alerta\/#breadcrumb"},"inLanguage":"es","potentialAction":[{"@type":"ReadAction","target":["https:\/\/grupohoymexico.com\/hidalgo\/uncategorized\/incrementan-incendios-de-pastizales-en-tepeji-proteccion-civil-emite-alerta\/"]}]},{"@type":"ImageObject","inLanguage":"es","@id":"https:\/\/grupohoymexico.com\/hidalgo\/uncategorized\/incrementan-incendios-de-pastizales-en-tepeji-proteccion-civil-emite-alerta\/#primaryimage","url":"https:\/\/grupohoymexico.com\/hidalgo\/wp-content\/uploads\/sites\/5\/2024\/12\/photo_5105153108081749922_y.jpg","contentUrl":"https:\/\/grupohoymexico.com\/hidalgo\/wp-content\/uploads\/sites\/5\/2024\/12\/photo_5105153108081749922_y.jpg","width":1200,"height":638},{"@type":"BreadcrumbList","@id":"https:\/\/grupohoymexico.com\/hidalgo\/uncategorized\/incrementan-incendios-de-pastizales-en-tepeji-proteccion-civil-emite-alerta\/#breadcrumb","itemListElement":[{"@type":"ListItem","position":1,"name":"Inicio","item":"https:\/\/grupohoymexico.com\/hidalgo\/"},{"@type":"ListItem","position":2,"name":"Incrementan incendios de pastizales en Tepeji; Protecci\u00f3n Civil emite alerta"}]},{"@type":"WebSite","@id":"https:\/\/grupohoymexico.com\/hidalgo\/#website","url":"https:\/\/grupohoymexico.com\/hidalgo\/","name":"Hidalgo Hoy","description":"El alma de la noticia","potentialAction":[{"@type":"SearchAction","target":{"@type":"EntryPoint","urlTemplate":"https:\/\/grupohoymexico.com\/hidalgo\/?s={search_term_string}"},"query-input":{"@type":"PropertyValueSpecification","valueRequired":true,"valueName":"search_term_string"}}],"inLanguage":"es"},{"@type":"Person","@id":"https:\/\/grupohoymexico.com\/hidalgo\/#\/schema\/person\/98e2425fe99fbbdf486895b69dab3c3d","name":"jair","image":{"@type":"ImageObject","inLanguage":"es","@id":"https:\/\/secure.gravatar.com\/avatar\/ec205dfb8733a1ce1601942dddb04fc9294fb780c832e3c1ec58faa8e4e64e9b?s=96&d=mm&r=g","url":"https:\/\/secure.gravatar.com\/avatar\/ec205dfb8733a1ce1601942dddb04fc9294fb780c832e3c1ec58faa8e4e64e9b?s=96&d=mm&r=g","contentUrl":"https:\/\/secure.gravatar.com\/avatar\/ec205dfb8733a1ce1601942dddb04fc9294fb780c832e3c1ec58faa8e4e64e9b?s=96&d=mm&r=g","caption":"jair"},"url":"https:\/\/grupohoymexico.com\/hidalgo\/author\/jair\/"}]}},"_links":{"self":[{"href":"https:\/\/grupohoymexico.com\/hidalgo\/wp-json\/wp\/v2\/posts\/1780","targetHints":{"allow":["GET"]}}],"collection":[{"href":"https:\/\/grupohoymexico.com\/hidalgo\/wp-json\/wp\/v2\/posts"}],"about":[{"href":"https:\/\/grupohoymexico.com\/hidalgo\/wp-json\/wp\/v2\/types\/post"}],"author":[{"embeddable":true,"href":"https:\/\/grupohoymexico.com\/hidalgo\/wp-json\/wp\/v2\/users\/5"}],"replies":[{"embeddable":true,"href":"https:\/\/grupohoymexico.com\/hidalgo\/wp-json\/wp\/v2\/comments?post=1780"}],"version-history":[{"count":1,"href":"https:\/\/grupohoymexico.com\/hidalgo\/wp-json\/wp\/v2\/posts\/1780\/revisions"}],"predecessor-version":[{"id":1787,"href":"https:\/\/grupohoymexico.com\/hidalgo\/wp-json\/wp\/v2\/posts\/1780\/revisions\/1787"}],"wp:featuredmedia":[{"embeddable":true,"href":"https:\/\/grupohoymexico.com\/hidalgo\/wp-json\/wp\/v2\/media\/1786"}],"wp:attachment":[{"href":"https:\/\/grupohoymexico.com\/hidalgo\/wp-json\/wp\/v2\/media?parent=1780"}],"wp:term":[{"taxonomy":"category","embeddable":true,"href":"https:\/\/grupohoymexico.com\/hidalgo\/wp-json\/wp\/v2\/categories?post=1780"},{"taxonomy":"post_tag","embeddable":true,"href":"https:\/\/grupohoymexico.com\/hidalgo\/wp-json\/wp\/v2\/tags?post=1780"}],"curies":[{"name":"wp","href":"https:\/\/api.w.org\/{rel}","templated":true}]}}