{"id":1744,"date":"2024-12-11T17:29:19","date_gmt":"2024-12-11T23:29:19","guid":{"rendered":"https:\/\/grupohoymexico.com\/hidalgohoy\/?p=1744"},"modified":"2024-12-11T17:29:20","modified_gmt":"2024-12-11T23:29:20","slug":"fifa-confirma-sedes-para-los-mundiales-2030-y-2034","status":"publish","type":"post","link":"https:\/\/grupohoymexico.com\/hidalgo\/uncategorized\/fifa-confirma-sedes-para-los-mundiales-2030-y-2034\/","title":{"rendered":"FIFA confirma sedes para los Mundiales 2030 y 2034"},"content":{"rendered":"\n<p>La FIFA confirm\u00f3 las sedes oficiales para las pr\u00f3ximas dos ediciones de la Copa Mundial de la FIFA durante un Congreso Extraordinario celebrado este mi\u00e9rcoles. En 2030, la m\u00e1xima justa del f\u00fatbol la organizaran de manera conjunta por Espa\u00f1a, Marruecos y Portugal, mientras que Arabia Saudita ser\u00e1 la sede para el torneo de 2034.<\/p>\n\n\n\n<h3 class=\"wp-block-heading\"><strong>FIFA Mundial 2030: un centenario con historia y unidad<\/strong><\/h3>\n\n\n\n<p>El Mundial de 2030 marcar\u00e1 los 100 a\u00f1os del primer torneo realizado en Uruguay en 1930, un evento que sent\u00f3 las bases del f\u00fatbol mundial. En honor a este centenario, adem\u00e1s de los anfitriones principales, Argentina, Uruguay y Paraguay albergar\u00e1n tres partidos inaugurales, celebrando el legado hist\u00f3rico del torneo.<\/p>\n\n\n\n<figure class=\"wp-block-image size-full is-resized\"><img fetchpriority=\"high\" decoding=\"async\" width=\"738\" height=\"415\" src=\"https:\/\/grupohoymexico.com\/wp-content\/uploads\/sites\/5\/2024\/12\/image-13.png\" alt=\"\" class=\"wp-image-1761\" style=\"width:543px;height:auto\" srcset=\"https:\/\/grupohoymexico.com\/hidalgo\/wp-content\/uploads\/sites\/5\/2024\/12\/image-13.png 738w, https:\/\/grupohoymexico.com\/hidalgo\/wp-content\/uploads\/sites\/5\/2024\/12\/image-13-300x169.png 300w\" sizes=\"(max-width: 738px) 100vw, 738px\" \/><\/figure>\n\n\n\n<p>Gianni Infantino, presidente de la FIFA, destac\u00f3 el car\u00e1cter \u00fanico de esta edici\u00f3n y los valores de cooperaci\u00f3n detr\u00e1s de la candidatura tripartita:<\/p>\n\n\n\n<blockquote class=\"wp-block-quote is-layout-flow wp-block-quote-is-layout-flow\">\n<p><em><strong>&#8220;Ser\u00e1 un Mundial en seis pa\u00edses, en tres continentes y con 104 partidos que el mundo entero celebrar\u00e1. Esta propuesta es un reflejo de la unidad y el respeto mutuo que hemos construido en el f\u00fatbol&#8221;<\/strong><\/em>, afirm\u00f3 Infantino.<\/p>\n<\/blockquote>\n\n\n\n<p>En 1930, Uruguay fue sede de la primera Copa del Mundo, coron\u00e1ndose campe\u00f3n tras derrotar 4-2 a Argentina en una emocionante final. La edici\u00f3n 2030 rendir\u00e1 homenaje a aquel torneo hist\u00f3rico, con partidos inaugurales en Montevideo, Buenos Aires y Asunci\u00f3n.<\/p>\n\n\n\n<h3 class=\"wp-block-heading\"><strong>Arabia Saudita, anfitri\u00f3n del Mundial 2034<\/strong><\/h3>\n\n\n\n<p>Con una propuesta que destac\u00f3 por sus estadios de vanguardia y una experiencia inmersiva para los aficionados, Arabia Saudita fue elegida como sede para 2034. Esta ser\u00e1 la primera vez que el reino \u00e1rabe organice el evento, lo que marca un hito importante en la expansi\u00f3n del f\u00fatbol hacia nuevas regiones.<\/p>\n\n\n\n<figure class=\"wp-block-image size-full is-resized\"><img decoding=\"async\" width=\"980\" height=\"528\" src=\"https:\/\/grupohoymexico.com\/wp-content\/uploads\/sites\/5\/2024\/12\/image-14.png\" alt=\"\" class=\"wp-image-1762\" style=\"width:543px;height:auto\" srcset=\"https:\/\/grupohoymexico.com\/hidalgo\/wp-content\/uploads\/sites\/5\/2024\/12\/image-14.png 980w, https:\/\/grupohoymexico.com\/hidalgo\/wp-content\/uploads\/sites\/5\/2024\/12\/image-14-300x162.png 300w, https:\/\/grupohoymexico.com\/hidalgo\/wp-content\/uploads\/sites\/5\/2024\/12\/image-14-768x414.png 768w\" sizes=\"(max-width: 980px) 100vw, 980px\" \/><\/figure>\n\n\n\n<blockquote class=\"wp-block-quote is-layout-flow wp-block-quote-is-layout-flow\">\n<p><em><strong>&#8220;Hoy celebramos la unidad global del f\u00fatbol. Siete pa\u00edses han ganado su Copa Mundial hoy: Espa\u00f1a, Marruecos, Portugal, Argentina, Uruguay, Paraguay y Arabia Saudita. Es un d\u00eda hist\u00f3rico para el deporte y para la humanidad&#8221;<\/strong><\/em>, expres\u00f3 Infantino.<\/p>\n<\/blockquote>\n\n\n\n<h3 class=\"wp-block-heading\"><strong>Reflexi\u00f3n hist\u00f3rica<\/strong><\/h3>\n\n\n\n<p>El Mundial de 2030 se proyecta como un homenaje a los inicios del f\u00fatbol moderno, recordando momentos como el debut de M\u00e9xico en el torneo inaugural de 1930. En aquel certamen, el Tri cay\u00f3 4-1 ante Francia en su primer partido y fue eliminado en la fase de grupos sin puntos.<\/p>\n\n\n\n<p>Con los ojos puestos en el futuro, el anuncio de la FIFA reafirma su compromiso con la expansi\u00f3n del f\u00fatbol y la celebraci\u00f3n de su historia, conectando continentes, culturas y generaciones a trav\u00e9s de la pasi\u00f3n por el deporte m\u00e1s popular del mundo.<\/p>\n","protected":false},"excerpt":{"rendered":"La FIFA confirm\u00f3 las sedes oficiales para las pr\u00f3ximas dos ediciones de la Copa Mundial de la FIFA&hellip;","protected":false},"author":5,"featured_media":1759,"comment_status":"open","ping_status":"open","sticky":false,"template":"","format":"standard","meta":{"csco_display_header_overlay":false,"csco_singular_sidebar":"","csco_page_header_type":"","csco_page_load_nextpost":"","csco_post_video_location":[],"csco_post_video_location_hash":"","csco_post_video_url":"","csco_post_video_bg_start_time":0,"csco_post_video_bg_end_time":0,"footnotes":""},"categories":[1],"tags":[],"class_list":{"0":"post-1744","1":"post","2":"type-post","3":"status-publish","4":"format-standard","5":"has-post-thumbnail","7":"category-uncategorized","8":"cs-entry","9":"cs-video-wrap"},"yoast_head":"<!-- This site is optimized with the Yoast SEO Premium plugin v24.7 (Yoast SEO v27.4) - https:\/\/yoast.com\/product\/yoast-seo-premium-wordpress\/ -->\n<title>FIFA confirma sedes para los Mundiales 2030 y 2034 - Hidalgo Hoy<\/title>\n<meta name=\"description\" content=\"La FIFA confirm\u00f3 las sedes oficiales para las pr\u00f3ximas dos ediciones de la Copa Mundial de la FIFA durante un Congreso Extraordinario.\" \/>\n<meta name=\"robots\" content=\"index, follow, max-snippet:-1, max-image-preview:large, max-video-preview:-1\" \/>\n<link rel=\"canonical\" href=\"https:\/\/grupohoymexico.com\/hidalgo\/uncategorized\/fifa-confirma-sedes-para-los-mundiales-2030-y-2034\/\" \/>\n<meta property=\"og:locale\" content=\"es_MX\" \/>\n<meta property=\"og:type\" content=\"article\" \/>\n<meta property=\"og:title\" content=\"FIFA confirma sedes para los Mundiales 2030 y 2034\" \/>\n<meta property=\"og:description\" content=\"La FIFA confirm\u00f3 las sedes oficiales para las pr\u00f3ximas dos ediciones de la Copa Mundial de la FIFA durante un Congreso Extraordinario.\" \/>\n<meta property=\"og:url\" content=\"https:\/\/grupohoymexico.com\/hidalgo\/uncategorized\/fifa-confirma-sedes-para-los-mundiales-2030-y-2034\/\" \/>\n<meta property=\"og:site_name\" content=\"Hidalgo Hoy\" \/>\n<meta property=\"article:published_time\" content=\"2024-12-11T23:29:19+00:00\" \/>\n<meta property=\"article:modified_time\" content=\"2024-12-11T23:29:20+00:00\" \/>\n<meta property=\"og:image\" content=\"https:\/\/grupohoymexico.com\/hidalgo\/wp-content\/uploads\/sites\/5\/2024\/12\/photo_5102975177410588335_y.jpg\" \/>\n\t<meta property=\"og:image:width\" content=\"1200\" \/>\n\t<meta property=\"og:image:height\" content=\"638\" \/>\n\t<meta property=\"og:image:type\" content=\"image\/jpeg\" \/>\n<meta name=\"author\" content=\"jair\" \/>\n<meta name=\"twitter:card\" content=\"summary_large_image\" \/>\n<meta name=\"twitter:label1\" content=\"Escrito por\" \/>\n\t<meta name=\"twitter:data1\" content=\"jair\" \/>\n\t<meta name=\"twitter:label2\" content=\"Tiempo de lectura\" \/>\n\t<meta name=\"twitter:data2\" content=\"3 minutos\" \/>\n<script type=\"application\/ld+json\" class=\"yoast-schema-graph\">{\"@context\":\"https:\\\/\\\/schema.org\",\"@graph\":[{\"@type\":\"Article\",\"@id\":\"https:\\\/\\\/grupohoymexico.com\\\/hidalgo\\\/uncategorized\\\/fifa-confirma-sedes-para-los-mundiales-2030-y-2034\\\/#article\",\"isPartOf\":{\"@id\":\"https:\\\/\\\/grupohoymexico.com\\\/hidalgo\\\/uncategorized\\\/fifa-confirma-sedes-para-los-mundiales-2030-y-2034\\\/\"},\"author\":{\"name\":\"jair\",\"@id\":\"https:\\\/\\\/grupohoymexico.com\\\/hidalgo\\\/#\\\/schema\\\/person\\\/98e2425fe99fbbdf486895b69dab3c3d\"},\"headline\":\"FIFA confirma sedes para los Mundiales 2030 y 2034\",\"datePublished\":\"2024-12-11T23:29:19+00:00\",\"dateModified\":\"2024-12-11T23:29:20+00:00\",\"mainEntityOfPage\":{\"@id\":\"https:\\\/\\\/grupohoymexico.com\\\/hidalgo\\\/uncategorized\\\/fifa-confirma-sedes-para-los-mundiales-2030-y-2034\\\/\"},\"wordCount\":436,\"commentCount\":0,\"image\":{\"@id\":\"https:\\\/\\\/grupohoymexico.com\\\/hidalgo\\\/uncategorized\\\/fifa-confirma-sedes-para-los-mundiales-2030-y-2034\\\/#primaryimage\"},\"thumbnailUrl\":\"https:\\\/\\\/grupohoymexico.com\\\/hidalgo\\\/wp-content\\\/uploads\\\/sites\\\/5\\\/2024\\\/12\\\/photo_5102975177410588335_y.jpg\",\"articleSection\":[\"Uncategorized\"],\"inLanguage\":\"es\",\"potentialAction\":[{\"@type\":\"CommentAction\",\"name\":\"Comment\",\"target\":[\"https:\\\/\\\/grupohoymexico.com\\\/hidalgo\\\/uncategorized\\\/fifa-confirma-sedes-para-los-mundiales-2030-y-2034\\\/#respond\"]}]},{\"@type\":\"WebPage\",\"@id\":\"https:\\\/\\\/grupohoymexico.com\\\/hidalgo\\\/uncategorized\\\/fifa-confirma-sedes-para-los-mundiales-2030-y-2034\\\/\",\"url\":\"https:\\\/\\\/grupohoymexico.com\\\/hidalgo\\\/uncategorized\\\/fifa-confirma-sedes-para-los-mundiales-2030-y-2034\\\/\",\"name\":\"FIFA confirma sedes para los Mundiales 2030 y 2034 - Hidalgo Hoy\",\"isPartOf\":{\"@id\":\"https:\\\/\\\/grupohoymexico.com\\\/hidalgo\\\/#website\"},\"primaryImageOfPage\":{\"@id\":\"https:\\\/\\\/grupohoymexico.com\\\/hidalgo\\\/uncategorized\\\/fifa-confirma-sedes-para-los-mundiales-2030-y-2034\\\/#primaryimage\"},\"image\":{\"@id\":\"https:\\\/\\\/grupohoymexico.com\\\/hidalgo\\\/uncategorized\\\/fifa-confirma-sedes-para-los-mundiales-2030-y-2034\\\/#primaryimage\"},\"thumbnailUrl\":\"https:\\\/\\\/grupohoymexico.com\\\/hidalgo\\\/wp-content\\\/uploads\\\/sites\\\/5\\\/2024\\\/12\\\/photo_5102975177410588335_y.jpg\",\"datePublished\":\"2024-12-11T23:29:19+00:00\",\"dateModified\":\"2024-12-11T23:29:20+00:00\",\"author\":{\"@id\":\"https:\\\/\\\/grupohoymexico.com\\\/hidalgo\\\/#\\\/schema\\\/person\\\/98e2425fe99fbbdf486895b69dab3c3d\"},\"description\":\"La FIFA confirm\u00f3 las sedes oficiales para las pr\u00f3ximas dos ediciones de la Copa Mundial de la FIFA durante un Congreso Extraordinario.\",\"breadcrumb\":{\"@id\":\"https:\\\/\\\/grupohoymexico.com\\\/hidalgo\\\/uncategorized\\\/fifa-confirma-sedes-para-los-mundiales-2030-y-2034\\\/#breadcrumb\"},\"inLanguage\":\"es\",\"potentialAction\":[{\"@type\":\"ReadAction\",\"target\":[\"https:\\\/\\\/grupohoymexico.com\\\/hidalgo\\\/uncategorized\\\/fifa-confirma-sedes-para-los-mundiales-2030-y-2034\\\/\"]}]},{\"@type\":\"ImageObject\",\"inLanguage\":\"es\",\"@id\":\"https:\\\/\\\/grupohoymexico.com\\\/hidalgo\\\/uncategorized\\\/fifa-confirma-sedes-para-los-mundiales-2030-y-2034\\\/#primaryimage\",\"url\":\"https:\\\/\\\/grupohoymexico.com\\\/hidalgo\\\/wp-content\\\/uploads\\\/sites\\\/5\\\/2024\\\/12\\\/photo_5102975177410588335_y.jpg\",\"contentUrl\":\"https:\\\/\\\/grupohoymexico.com\\\/hidalgo\\\/wp-content\\\/uploads\\\/sites\\\/5\\\/2024\\\/12\\\/photo_5102975177410588335_y.jpg\",\"width\":1200,\"height\":638,\"caption\":\"FIFA confirma sedes para los Mundiales 2030 y 2034\"},{\"@type\":\"BreadcrumbList\",\"@id\":\"https:\\\/\\\/grupohoymexico.com\\\/hidalgo\\\/uncategorized\\\/fifa-confirma-sedes-para-los-mundiales-2030-y-2034\\\/#breadcrumb\",\"itemListElement\":[{\"@type\":\"ListItem\",\"position\":1,\"name\":\"Inicio\",\"item\":\"https:\\\/\\\/grupohoymexico.com\\\/hidalgo\\\/\"},{\"@type\":\"ListItem\",\"position\":2,\"name\":\"FIFA confirma sedes para los Mundiales 2030 y 2034\"}]},{\"@type\":\"WebSite\",\"@id\":\"https:\\\/\\\/grupohoymexico.com\\\/hidalgo\\\/#website\",\"url\":\"https:\\\/\\\/grupohoymexico.com\\\/hidalgo\\\/\",\"name\":\"Hidalgo Hoy\",\"description\":\"El alma de la noticia\",\"potentialAction\":[{\"@type\":\"SearchAction\",\"target\":{\"@type\":\"EntryPoint\",\"urlTemplate\":\"https:\\\/\\\/grupohoymexico.com\\\/hidalgo\\\/?s={search_term_string}\"},\"query-input\":{\"@type\":\"PropertyValueSpecification\",\"valueRequired\":true,\"valueName\":\"search_term_string\"}}],\"inLanguage\":\"es\"},{\"@type\":\"Person\",\"@id\":\"https:\\\/\\\/grupohoymexico.com\\\/hidalgo\\\/#\\\/schema\\\/person\\\/98e2425fe99fbbdf486895b69dab3c3d\",\"name\":\"jair\",\"image\":{\"@type\":\"ImageObject\",\"inLanguage\":\"es\",\"@id\":\"https:\\\/\\\/secure.gravatar.com\\\/avatar\\\/ec205dfb8733a1ce1601942dddb04fc9294fb780c832e3c1ec58faa8e4e64e9b?s=96&d=mm&r=g\",\"url\":\"https:\\\/\\\/secure.gravatar.com\\\/avatar\\\/ec205dfb8733a1ce1601942dddb04fc9294fb780c832e3c1ec58faa8e4e64e9b?s=96&d=mm&r=g\",\"contentUrl\":\"https:\\\/\\\/secure.gravatar.com\\\/avatar\\\/ec205dfb8733a1ce1601942dddb04fc9294fb780c832e3c1ec58faa8e4e64e9b?s=96&d=mm&r=g\",\"caption\":\"jair\"},\"url\":\"https:\\\/\\\/grupohoymexico.com\\\/hidalgo\\\/author\\\/jair\\\/\"}]}<\/script>\n<!-- \/ Yoast SEO Premium plugin. -->","yoast_head_json":{"title":"FIFA confirma sedes para los Mundiales 2030 y 2034 - Hidalgo Hoy","description":"La FIFA confirm\u00f3 las sedes oficiales para las pr\u00f3ximas dos ediciones de la Copa Mundial de la FIFA durante un Congreso Extraordinario.","robots":{"index":"index","follow":"follow","max-snippet":"max-snippet:-1","max-image-preview":"max-image-preview:large","max-video-preview":"max-video-preview:-1"},"canonical":"https:\/\/grupohoymexico.com\/hidalgo\/uncategorized\/fifa-confirma-sedes-para-los-mundiales-2030-y-2034\/","og_locale":"es_MX","og_type":"article","og_title":"FIFA confirma sedes para los Mundiales 2030 y 2034","og_description":"La FIFA confirm\u00f3 las sedes oficiales para las pr\u00f3ximas dos ediciones de la Copa Mundial de la FIFA durante un Congreso Extraordinario.","og_url":"https:\/\/grupohoymexico.com\/hidalgo\/uncategorized\/fifa-confirma-sedes-para-los-mundiales-2030-y-2034\/","og_site_name":"Hidalgo Hoy","article_published_time":"2024-12-11T23:29:19+00:00","article_modified_time":"2024-12-11T23:29:20+00:00","og_image":[{"width":1200,"height":638,"url":"https:\/\/grupohoymexico.com\/hidalgo\/wp-content\/uploads\/sites\/5\/2024\/12\/photo_5102975177410588335_y.jpg","type":"image\/jpeg"}],"author":"jair","twitter_card":"summary_large_image","twitter_misc":{"Escrito por":"jair","Tiempo de lectura":"3 minutos"},"schema":{"@context":"https:\/\/schema.org","@graph":[{"@type":"Article","@id":"https:\/\/grupohoymexico.com\/hidalgo\/uncategorized\/fifa-confirma-sedes-para-los-mundiales-2030-y-2034\/#article","isPartOf":{"@id":"https:\/\/grupohoymexico.com\/hidalgo\/uncategorized\/fifa-confirma-sedes-para-los-mundiales-2030-y-2034\/"},"author":{"name":"jair","@id":"https:\/\/grupohoymexico.com\/hidalgo\/#\/schema\/person\/98e2425fe99fbbdf486895b69dab3c3d"},"headline":"FIFA confirma sedes para los Mundiales 2030 y 2034","datePublished":"2024-12-11T23:29:19+00:00","dateModified":"2024-12-11T23:29:20+00:00","mainEntityOfPage":{"@id":"https:\/\/grupohoymexico.com\/hidalgo\/uncategorized\/fifa-confirma-sedes-para-los-mundiales-2030-y-2034\/"},"wordCount":436,"commentCount":0,"image":{"@id":"https:\/\/grupohoymexico.com\/hidalgo\/uncategorized\/fifa-confirma-sedes-para-los-mundiales-2030-y-2034\/#primaryimage"},"thumbnailUrl":"https:\/\/grupohoymexico.com\/hidalgo\/wp-content\/uploads\/sites\/5\/2024\/12\/photo_5102975177410588335_y.jpg","articleSection":["Uncategorized"],"inLanguage":"es","potentialAction":[{"@type":"CommentAction","name":"Comment","target":["https:\/\/grupohoymexico.com\/hidalgo\/uncategorized\/fifa-confirma-sedes-para-los-mundiales-2030-y-2034\/#respond"]}]},{"@type":"WebPage","@id":"https:\/\/grupohoymexico.com\/hidalgo\/uncategorized\/fifa-confirma-sedes-para-los-mundiales-2030-y-2034\/","url":"https:\/\/grupohoymexico.com\/hidalgo\/uncategorized\/fifa-confirma-sedes-para-los-mundiales-2030-y-2034\/","name":"FIFA confirma sedes para los Mundiales 2030 y 2034 - Hidalgo Hoy","isPartOf":{"@id":"https:\/\/grupohoymexico.com\/hidalgo\/#website"},"primaryImageOfPage":{"@id":"https:\/\/grupohoymexico.com\/hidalgo\/uncategorized\/fifa-confirma-sedes-para-los-mundiales-2030-y-2034\/#primaryimage"},"image":{"@id":"https:\/\/grupohoymexico.com\/hidalgo\/uncategorized\/fifa-confirma-sedes-para-los-mundiales-2030-y-2034\/#primaryimage"},"thumbnailUrl":"https:\/\/grupohoymexico.com\/hidalgo\/wp-content\/uploads\/sites\/5\/2024\/12\/photo_5102975177410588335_y.jpg","datePublished":"2024-12-11T23:29:19+00:00","dateModified":"2024-12-11T23:29:20+00:00","author":{"@id":"https:\/\/grupohoymexico.com\/hidalgo\/#\/schema\/person\/98e2425fe99fbbdf486895b69dab3c3d"},"description":"La FIFA confirm\u00f3 las sedes oficiales para las pr\u00f3ximas dos ediciones de la Copa Mundial de la FIFA durante un Congreso Extraordinario.","breadcrumb":{"@id":"https:\/\/grupohoymexico.com\/hidalgo\/uncategorized\/fifa-confirma-sedes-para-los-mundiales-2030-y-2034\/#breadcrumb"},"inLanguage":"es","potentialAction":[{"@type":"ReadAction","target":["https:\/\/grupohoymexico.com\/hidalgo\/uncategorized\/fifa-confirma-sedes-para-los-mundiales-2030-y-2034\/"]}]},{"@type":"ImageObject","inLanguage":"es","@id":"https:\/\/grupohoymexico.com\/hidalgo\/uncategorized\/fifa-confirma-sedes-para-los-mundiales-2030-y-2034\/#primaryimage","url":"https:\/\/grupohoymexico.com\/hidalgo\/wp-content\/uploads\/sites\/5\/2024\/12\/photo_5102975177410588335_y.jpg","contentUrl":"https:\/\/grupohoymexico.com\/hidalgo\/wp-content\/uploads\/sites\/5\/2024\/12\/photo_5102975177410588335_y.jpg","width":1200,"height":638,"caption":"FIFA confirma sedes para los Mundiales 2030 y 2034"},{"@type":"BreadcrumbList","@id":"https:\/\/grupohoymexico.com\/hidalgo\/uncategorized\/fifa-confirma-sedes-para-los-mundiales-2030-y-2034\/#breadcrumb","itemListElement":[{"@type":"ListItem","position":1,"name":"Inicio","item":"https:\/\/grupohoymexico.com\/hidalgo\/"},{"@type":"ListItem","position":2,"name":"FIFA confirma sedes para los Mundiales 2030 y 2034"}]},{"@type":"WebSite","@id":"https:\/\/grupohoymexico.com\/hidalgo\/#website","url":"https:\/\/grupohoymexico.com\/hidalgo\/","name":"Hidalgo Hoy","description":"El alma de la noticia","potentialAction":[{"@type":"SearchAction","target":{"@type":"EntryPoint","urlTemplate":"https:\/\/grupohoymexico.com\/hidalgo\/?s={search_term_string}"},"query-input":{"@type":"PropertyValueSpecification","valueRequired":true,"valueName":"search_term_string"}}],"inLanguage":"es"},{"@type":"Person","@id":"https:\/\/grupohoymexico.com\/hidalgo\/#\/schema\/person\/98e2425fe99fbbdf486895b69dab3c3d","name":"jair","image":{"@type":"ImageObject","inLanguage":"es","@id":"https:\/\/secure.gravatar.com\/avatar\/ec205dfb8733a1ce1601942dddb04fc9294fb780c832e3c1ec58faa8e4e64e9b?s=96&d=mm&r=g","url":"https:\/\/secure.gravatar.com\/avatar\/ec205dfb8733a1ce1601942dddb04fc9294fb780c832e3c1ec58faa8e4e64e9b?s=96&d=mm&r=g","contentUrl":"https:\/\/secure.gravatar.com\/avatar\/ec205dfb8733a1ce1601942dddb04fc9294fb780c832e3c1ec58faa8e4e64e9b?s=96&d=mm&r=g","caption":"jair"},"url":"https:\/\/grupohoymexico.com\/hidalgo\/author\/jair\/"}]}},"_links":{"self":[{"href":"https:\/\/grupohoymexico.com\/hidalgo\/wp-json\/wp\/v2\/posts\/1744","targetHints":{"allow":["GET"]}}],"collection":[{"href":"https:\/\/grupohoymexico.com\/hidalgo\/wp-json\/wp\/v2\/posts"}],"about":[{"href":"https:\/\/grupohoymexico.com\/hidalgo\/wp-json\/wp\/v2\/types\/post"}],"author":[{"embeddable":true,"href":"https:\/\/grupohoymexico.com\/hidalgo\/wp-json\/wp\/v2\/users\/5"}],"replies":[{"embeddable":true,"href":"https:\/\/grupohoymexico.com\/hidalgo\/wp-json\/wp\/v2\/comments?post=1744"}],"version-history":[{"count":1,"href":"https:\/\/grupohoymexico.com\/hidalgo\/wp-json\/wp\/v2\/posts\/1744\/revisions"}],"predecessor-version":[{"id":1766,"href":"https:\/\/grupohoymexico.com\/hidalgo\/wp-json\/wp\/v2\/posts\/1744\/revisions\/1766"}],"wp:featuredmedia":[{"embeddable":true,"href":"https:\/\/grupohoymexico.com\/hidalgo\/wp-json\/wp\/v2\/media\/1759"}],"wp:attachment":[{"href":"https:\/\/grupohoymexico.com\/hidalgo\/wp-json\/wp\/v2\/media?parent=1744"}],"wp:term":[{"taxonomy":"category","embeddable":true,"href":"https:\/\/grupohoymexico.com\/hidalgo\/wp-json\/wp\/v2\/categories?post=1744"},{"taxonomy":"post_tag","embeddable":true,"href":"https:\/\/grupohoymexico.com\/hidalgo\/wp-json\/wp\/v2\/tags?post=1744"}],"curies":[{"name":"wp","href":"https:\/\/api.w.org\/{rel}","templated":true}]}}