{"id":16701,"date":"2026-09-04T16:54:33","date_gmt":"2026-09-04T22:54:33","guid":{"rendered":"https:\/\/grupohoymexico.com\/hidalgo\/?p=16701"},"modified":"2026-09-04T16:56:16","modified_gmt":"2026-09-04T22:56:16","slug":"feria-de-pachuquilla-2026-cartel","status":"publish","type":"post","link":"https:\/\/grupohoymexico.com\/hidalgo\/feria-de-pachuquilla-2026-cartel\/","title":{"rendered":"Feria de Pachuquilla 2026: cartel, grupos musicales y sonideros"},"content":{"rendered":"<p class=\"isSelectedEnd\">La <strong>Feria de Pachuquilla 2026<\/strong> ya tiene cartel para celebrar las <strong>fiestas patrias<\/strong> con seis d\u00edas de m\u00fasica, baile y entretenimiento. Del <strong>11 al 16 de septiembre<\/strong>, habitantes y visitantes podr\u00e1n disfrutar de la presentaci\u00f3n de reconocidos grupos musicales, bandas, orquestas y sonideros.<\/p>\n<p class=\"isSelectedEnd\">Los festejos se realizar\u00e1n en el marco de las celebraciones por el <strong>Grito de Independencia de M\u00e9xico<\/strong>, por lo que cada jornada contar\u00e1 con una programaci\u00f3n musical diferente.<\/p>\n<p class=\"isSelectedEnd\">Durante los seis d\u00edas de feria habr\u00e1 <strong>dos presentaciones principales por jornada<\/strong>, con propuestas que van desde la m\u00fasica tropical y la salsa hasta el ska, la cumbia, la electrocumbia y los sonidos sonideros.<\/p>\n<h3><strong>Sigue nuestras cuentas en Facebook e Instagram para mantenerte informado con las noticias m\u00e1s relevantes.<\/strong><\/h3>\n<h2><strong>Cartel de la Feria de Pachuquilla 2026<\/strong><\/h2>\n<p class=\"isSelectedEnd\">El programa musical incluye a <strong>Orquesta Kapital, Manda Ska Collective, Los Llayras, Banda Ejecutiva, S\u00faper Sonora con Dinamita Pura, Aar\u00f3n y su Grupo Ilusi\u00f3n, Los Bybys, Raymix, \u00c1ngel Venegas, Pirata y La Changa<\/strong>, entre otros.<\/p>\n<h3><strong>Viernes 11 de septiembre: Orquesta Kapital y Manda Ska Collective<\/strong><\/h3>\n<p class=\"isSelectedEnd\">La feria arrancar\u00e1 el <strong>viernes 11 de septiembre<\/strong> con la presentaci\u00f3n de <strong>Orquesta Kapital<\/strong>, agrupaci\u00f3n vinculada con las verbenas y fiestas populares, adem\u00e1s de <strong>Manda Ska Collective<\/strong>, banda mexicana que lleva a los escenarios cl\u00e1sicos y \u00e9xitos del g\u00e9nero ska.<\/p>\n<p class=\"isSelectedEnd\">Ser\u00e1 la primera noche de actividades de esta celebraci\u00f3n patri\u00f3tica en Pachuquilla.<\/p>\n<h3><strong>S\u00e1bado 12 de septiembre: Los Llayras y Banda Ejecutiva<\/strong><\/h3>\n<p class=\"isSelectedEnd\">Para el <strong>s\u00e1bado 12 de septiembre<\/strong>, el escenario recibir\u00e1 a <strong>Los Llayras<\/strong> y <strong>Banda Ejecutiva<\/strong>, dos propuestas musicales que continuar\u00e1n con el ambiente festivo de la feria.<\/p>\n<p class=\"isSelectedEnd\">La jornada forma parte del programa previo a la celebraci\u00f3n principal del <strong>Grito de Independencia<\/strong>.<\/p>\n<h3>Domingo 13 de septiembre: S\u00faper Sonora y Aar\u00f3n y su Grupo Ilusi\u00f3n<\/h3>\n<p class=\"isSelectedEnd\">El <strong>domingo 13 de septiembre<\/strong> llegar\u00e1 una noche dedicada a la m\u00fasica tropical con <strong>S\u00faper Sonora con Dinamita Pura<\/strong>.<\/p>\n<p class=\"isSelectedEnd\">Como invitado especial se presentar\u00e1 <strong>Aar\u00f3n y su Grupo Ilusi\u00f3n<\/strong>, agrupaci\u00f3n reconocida dentro de la m\u00fasica tropical mexicana.<\/p>\n<h3><strong>Lunes 14 de septiembre: Grupo Niche con su Tributo y Los Bybys<\/strong><\/h3>\n<p class=\"isSelectedEnd\">El <strong>lunes 14 de septiembre<\/strong>, la m\u00fasica tropical y la salsa ser\u00e1n protagonistas con <strong>Grupo Niche con su Tributo<\/strong>, un espect\u00e1culo que rinde homenaje a la legendaria agrupaci\u00f3n colombiana fundada por Jairo Varela.<\/p>\n<p class=\"isSelectedEnd\">La jornada tambi\u00e9n contar\u00e1 con la presentaci\u00f3n de <strong>Los Bybys<\/strong>, quienes compartir\u00e1n escenario durante esta noche de la Feria de Pachuquilla.<\/p>\n<h3><em><strong>Leer m\u00e1s: <a href=\"https:\/\/grupohoymexico.com\/hidalgo\/cultura\/a-que-sabe-la-patria-2026-requisitos-premios\/\">\u00bfA qu\u00e9 sabe la Patria? 2026: requisitos, premios y c\u00f3mo participar<\/a><\/strong><\/em><\/h3>\n<h2><strong>\u00bfQui\u00e9n estar\u00e1 el 15 de septiembre en Pachuquilla?<\/strong><\/h2>\n<p class=\"isSelectedEnd\">La noche del <strong>15 de septiembre<\/strong>, fecha en la que se conmemora el <strong>Grito de Independencia<\/strong>, tendr\u00e1 como protagonistas a <strong>\u00c1ngel Venegas, Un Loco So\u00f1ador<\/strong>, y al cantante mexicano <strong>Raymix<\/strong>, conocido como uno de los principales exponentes de la electrocumbia.<\/p>\n<p class=\"isSelectedEnd\">La presentaci\u00f3n de Raymix ser\u00e1 uno de los atractivos musicales de las fiestas patrias en Pachuquilla.<\/p>\n<p class=\"isSelectedEnd\">La jornada del 15 de septiembre se perfila como una de las noches con mayor afluencia de visitantes, debido a la celebraci\u00f3n del Grito y al programa musical preparado para esta feria.<\/p>\n<h2><strong>\u00bfQui\u00e9n estar\u00e1 el 16 de septiembre en la Feria de Pachuquilla?<\/strong><\/h2>\n<p class=\"isSelectedEnd\">El <strong>mi\u00e9rcoles 16 de septiembre<\/strong> llegar\u00e1 el cierre de la Feria de Pachuquilla 2026 con una jornada dedicada a los sonidos tropicales y la m\u00fasica sonidera.<\/p>\n<p class=\"isSelectedEnd\">El escenario recibir\u00e1 a <strong>Pirata con sus frases famosas<\/strong> y <strong>La Changa<\/strong>, uno de los nombres emblem\u00e1ticos dentro de la tradici\u00f3n sonidera.<\/p>\n<p class=\"isSelectedEnd\">La Changa es considerada un referente de g\u00e9neros tropicales como la <strong>cumbia, salsa, guaracha y bachata<\/strong>, por lo que su presentaci\u00f3n pondr\u00e1 el broche final a seis d\u00edas de celebraciones.<\/p>\n<h3><em><strong>Leer m\u00e1s: <a href=\"https:\/\/grupohoymexico.com\/hidalgo\/hidalgo\/senor-de-jalpan-2026-ixmiquilpan-ruta-y-fecha\/\">Se\u00f1or de Jalpan 2026 en Ixmiquilpan: ruta y fecha<\/a><\/strong><\/em><\/h3>\n<h2><strong>Feria de Pachuquilla 2026: seis d\u00edas de m\u00fasica y fiestas patrias<\/strong><\/h2>\n<p class=\"isSelectedEnd\">Con este programa, la <strong>Feria de Pachuquilla 2026<\/strong> ofrecer\u00e1 una cartelera musical variada durante seis d\u00edas consecutivos.<\/p>\n<h3><strong>Cartel completo de la Feria de Pachuquilla 2026<\/strong><\/h3>\n<table>\n<tbody>\n<tr>\n<th>Fecha<\/th>\n<th>Artistas y agrupaciones<\/th>\n<\/tr>\n<tr>\n<td><strong>11 de septiembre<\/strong><\/td>\n<td>Orquesta Kapital y Manda Ska Collective<\/td>\n<\/tr>\n<tr>\n<td><strong>12 de septiembre<\/strong><\/td>\n<td>Los Llayras y Banda Ejecutiva<\/td>\n<\/tr>\n<tr>\n<td><strong>13 de septiembre<\/strong><\/td>\n<td>S\u00faper Sonora con Dinamita Pura y Aar\u00f3n y su Grupo Ilusi\u00f3n<\/td>\n<\/tr>\n<tr>\n<td><strong>14 de septiembre<\/strong><\/td>\n<td>Grupo Niche con su Tributo y Los Bybys<\/td>\n<\/tr>\n<tr>\n<td><strong>15 de septiembre<\/strong><\/td>\n<td>\u00c1ngel Venegas, Un Loco So\u00f1ador y Raymix<\/td>\n<\/tr>\n<tr>\n<td><strong>16 de septiembre<\/strong><\/td>\n<td>Pirata con sus frases famosas y La Changa<\/td>\n<\/tr>\n<\/tbody>\n<\/table>\n","protected":false},"excerpt":{"rendered":"La Feria de Pachuquilla 2026 ya tiene cartel para celebrar las fiestas patrias con seis d\u00edas de m\u00fasica,&hellip;","protected":false},"author":5,"featured_media":16702,"comment_status":"closed","ping_status":"closed","sticky":false,"template":"","format":"standard","meta":{"_yoast_wpseo_opengraph-title":"","_yoast_wpseo_opengraph-description":"","csco_display_header_overlay":false,"csco_singular_sidebar":"","csco_page_header_type":"","csco_page_load_nextpost":"","csco_post_video_location":[],"csco_post_video_location_hash":"","csco_post_video_url":"","csco_post_video_bg_start_time":0,"csco_post_video_bg_end_time":0,"footnotes":"","_news_article_schema":"{\"@context\": \"https:\/\/schema.org\", \"@type\": \"NewsArticle\", \"headline\": \"Post 16701\", \"datePublished\": \"2026-09-04 17:09:33\", \"dateModified\": \"2026-09-04 17:09:33\", \"publisher\": {\"@type\": \"Organization\", \"name\": \"Grupo Hoy Hidalgo\"}}"},"categories":[2731,6002],"tags":[6099,2519,2517,1393],"class_list":["post-16701","post","type-post","status-publish","format-standard","has-post-thumbnail","category-entretenamiento","category-hidalgo","tag-feria-de-pachuquilla","tag-fiestas-patrias","tag-grito-de-independencia","tag-musica","cs-entry","cs-video-wrap"],"yoast_head":"<!-- This site is optimized with the Yoast SEO Premium plugin v26.0 (Yoast SEO v28.0) - https:\/\/yoast.com\/product\/yoast-seo-premium-wordpress\/ -->\n<title>Feria de Pachuquilla 2026: cartel, grupos musicales y sonideros - Hidalgo Hoy<\/title>\n<meta name=\"description\" content=\"Feria de Pachuquilla 2026: conoce el cartel, fechas y grupos musicales que estar\u00e1n del 11 al 16 de septiembre en esta fiesta patria.\" \/>\n<meta name=\"robots\" content=\"index, follow, max-snippet:-1, max-image-preview:large, max-video-preview:-1\" \/>\n<link rel=\"canonical\" href=\"https:\/\/grupohoymexico.com\/hidalgo\/feria-de-pachuquilla-2026-cartel\/\" \/>\n<meta property=\"og:locale\" content=\"es_MX\" \/>\n<meta property=\"og:type\" content=\"article\" \/>\n<meta property=\"og:title\" content=\"Feria de Pachuquilla 2026: cartel, grupos musicales y sonideros\" \/>\n<meta property=\"og:description\" content=\"Feria de Pachuquilla 2026: conoce el cartel, fechas y grupos musicales que estar\u00e1n del 11 al 16 de septiembre en esta fiesta patria.\" \/>\n<meta property=\"og:url\" content=\"https:\/\/grupohoymexico.com\/hidalgo\/feria-de-pachuquilla-2026-cartel\/\" \/>\n<meta property=\"og:site_name\" content=\"Hidalgo Hoy\" \/>\n<meta property=\"article:published_time\" content=\"2026-09-04T22:54:33+00:00\" \/>\n<meta property=\"article:modified_time\" content=\"2026-09-04T22:56:16+00:00\" \/>\n<meta property=\"og:image\" content=\"https:\/\/grupohoymexico.com\/hidalgo\/wp-content\/uploads\/sites\/5\/2026\/09\/Feria-de-Pachuquilla-2026-Cartel.jpg\" \/>\n\t<meta property=\"og:image:width\" content=\"1200\" \/>\n\t<meta property=\"og:image:height\" content=\"638\" \/>\n\t<meta property=\"og:image:type\" content=\"image\/jpeg\" \/>\n<meta name=\"author\" content=\"jair\" \/>\n<meta name=\"twitter:card\" content=\"summary_large_image\" \/>\n<meta name=\"twitter:label1\" content=\"Escrito por\" \/>\n\t<meta name=\"twitter:data1\" content=\"jair\" \/>\n\t<meta name=\"twitter:label2\" content=\"Tiempo de lectura\" \/>\n\t<meta name=\"twitter:data2\" content=\"4 minutos\" \/>\n<script type=\"application\/ld+json\" class=\"yoast-schema-graph\">{\"@context\":\"https:\\\/\\\/schema.org\",\"@graph\":[{\"@type\":\"Article\",\"@id\":\"https:\\\/\\\/grupohoymexico.com\\\/hidalgo\\\/feria-de-pachuquilla-2026-cartel\\\/#article\",\"isPartOf\":{\"@id\":\"https:\\\/\\\/grupohoymexico.com\\\/hidalgo\\\/feria-de-pachuquilla-2026-cartel\\\/\"},\"author\":{\"name\":\"jair\",\"@id\":\"https:\\\/\\\/grupohoymexico.com\\\/hidalgo\\\/#\\\/schema\\\/person\\\/98e2425fe99fbbdf486895b69dab3c3d\"},\"headline\":\"Feria de Pachuquilla 2026: cartel, grupos musicales y sonideros\",\"datePublished\":\"2026-09-04T22:54:33+00:00\",\"dateModified\":\"2026-09-04T22:56:16+00:00\",\"mainEntityOfPage\":{\"@id\":\"https:\\\/\\\/grupohoymexico.com\\\/hidalgo\\\/feria-de-pachuquilla-2026-cartel\\\/\"},\"wordCount\":744,\"publisher\":{\"@id\":\"https:\\\/\\\/grupohoymexico.com\\\/hidalgo\\\/#organization\"},\"image\":{\"@id\":\"https:\\\/\\\/grupohoymexico.com\\\/hidalgo\\\/feria-de-pachuquilla-2026-cartel\\\/#primaryimage\"},\"thumbnailUrl\":\"https:\\\/\\\/grupohoymexico.com\\\/hidalgo\\\/wp-content\\\/uploads\\\/sites\\\/5\\\/2026\\\/09\\\/Feria-de-Pachuquilla-2026-Cartel.jpg\",\"keywords\":[\"Feria de Pachuquilla\",\"fiestas patrias\",\"grito de independencia\",\"m\u00fasica\"],\"articleSection\":[\"Entretenimiento\",\"Hidalgo\"],\"inLanguage\":\"es\",\"copyrightYear\":\"2026\",\"copyrightHolder\":{\"@id\":\"https:\\\/\\\/grupohoymexico.com\\\/#organization\"}},{\"@type\":\"WebPage\",\"@id\":\"https:\\\/\\\/grupohoymexico.com\\\/hidalgo\\\/feria-de-pachuquilla-2026-cartel\\\/\",\"url\":\"https:\\\/\\\/grupohoymexico.com\\\/hidalgo\\\/feria-de-pachuquilla-2026-cartel\\\/\",\"name\":\"Feria de Pachuquilla 2026: cartel, grupos musicales y sonideros - Hidalgo Hoy\",\"isPartOf\":{\"@id\":\"https:\\\/\\\/grupohoymexico.com\\\/hidalgo\\\/#website\"},\"primaryImageOfPage\":{\"@id\":\"https:\\\/\\\/grupohoymexico.com\\\/hidalgo\\\/feria-de-pachuquilla-2026-cartel\\\/#primaryimage\"},\"image\":{\"@id\":\"https:\\\/\\\/grupohoymexico.com\\\/hidalgo\\\/feria-de-pachuquilla-2026-cartel\\\/#primaryimage\"},\"thumbnailUrl\":\"https:\\\/\\\/grupohoymexico.com\\\/hidalgo\\\/wp-content\\\/uploads\\\/sites\\\/5\\\/2026\\\/09\\\/Feria-de-Pachuquilla-2026-Cartel.jpg\",\"datePublished\":\"2026-09-04T22:54:33+00:00\",\"dateModified\":\"2026-09-04T22:56:16+00:00\",\"description\":\"Feria de Pachuquilla 2026: conoce el cartel, fechas y grupos musicales que estar\u00e1n del 11 al 16 de septiembre en esta fiesta patria.\",\"breadcrumb\":{\"@id\":\"https:\\\/\\\/grupohoymexico.com\\\/hidalgo\\\/feria-de-pachuquilla-2026-cartel\\\/#breadcrumb\"},\"inLanguage\":\"es\",\"potentialAction\":[{\"@type\":\"ReadAction\",\"target\":[\"https:\\\/\\\/grupohoymexico.com\\\/hidalgo\\\/feria-de-pachuquilla-2026-cartel\\\/\"]}]},{\"@type\":\"ImageObject\",\"inLanguage\":\"es\",\"@id\":\"https:\\\/\\\/grupohoymexico.com\\\/hidalgo\\\/feria-de-pachuquilla-2026-cartel\\\/#primaryimage\",\"url\":\"https:\\\/\\\/grupohoymexico.com\\\/hidalgo\\\/wp-content\\\/uploads\\\/sites\\\/5\\\/2026\\\/09\\\/Feria-de-Pachuquilla-2026-Cartel.jpg\",\"contentUrl\":\"https:\\\/\\\/grupohoymexico.com\\\/hidalgo\\\/wp-content\\\/uploads\\\/sites\\\/5\\\/2026\\\/09\\\/Feria-de-Pachuquilla-2026-Cartel.jpg\",\"width\":1200,\"height\":638,\"caption\":\"Foto: Grupo Hoy\"},{\"@type\":\"BreadcrumbList\",\"@id\":\"https:\\\/\\\/grupohoymexico.com\\\/hidalgo\\\/feria-de-pachuquilla-2026-cartel\\\/#breadcrumb\",\"itemListElement\":[{\"@type\":\"ListItem\",\"position\":1,\"name\":\"Inicio\",\"item\":\"https:\\\/\\\/grupohoymexico.com\\\/hidalgo\\\/\"},{\"@type\":\"ListItem\",\"position\":2,\"name\":\"Feria de Pachuquilla 2026: cartel, grupos musicales y sonideros\"}]},{\"@type\":\"WebSite\",\"@id\":\"https:\\\/\\\/grupohoymexico.com\\\/hidalgo\\\/#website\",\"url\":\"https:\\\/\\\/grupohoymexico.com\\\/hidalgo\\\/\",\"name\":\"Hidalgo Hoy\",\"description\":\"El alma de la noticia\",\"publisher\":{\"@id\":\"https:\\\/\\\/grupohoymexico.com\\\/hidalgo\\\/#organization\"},\"potentialAction\":[{\"@type\":\"SearchAction\",\"target\":{\"@type\":\"EntryPoint\",\"urlTemplate\":\"https:\\\/\\\/grupohoymexico.com\\\/hidalgo\\\/?s={search_term_string}\"},\"query-input\":{\"@type\":\"PropertyValueSpecification\",\"valueRequired\":true,\"valueName\":\"search_term_string\"}}],\"inLanguage\":\"es\"},{\"@type\":\"Organization\",\"@id\":\"https:\\\/\\\/grupohoymexico.com\\\/hidalgo\\\/#organization\",\"name\":\"Hidalgo Hoy\",\"url\":\"https:\\\/\\\/grupohoymexico.com\\\/hidalgo\\\/\",\"logo\":{\"@type\":\"ImageObject\",\"inLanguage\":\"es\",\"@id\":\"https:\\\/\\\/grupohoymexico.com\\\/hidalgo\\\/#\\\/schema\\\/logo\\\/image\\\/\",\"url\":\"https:\\\/\\\/grupohoymexico.com\\\/hidalgo\\\/wp-content\\\/uploads\\\/sites\\\/5\\\/2025\\\/05\\\/Recurso-70hidalgo-hoy.svg\",\"contentUrl\":\"https:\\\/\\\/grupohoymexico.com\\\/hidalgo\\\/wp-content\\\/uploads\\\/sites\\\/5\\\/2025\\\/05\\\/Recurso-70hidalgo-hoy.svg\",\"width\":85,\"height\":64,\"caption\":\"Hidalgo Hoy\"},\"image\":{\"@id\":\"https:\\\/\\\/grupohoymexico.com\\\/hidalgo\\\/#\\\/schema\\\/logo\\\/image\\\/\"}},{\"@type\":\"Person\",\"@id\":\"https:\\\/\\\/grupohoymexico.com\\\/hidalgo\\\/#\\\/schema\\\/person\\\/98e2425fe99fbbdf486895b69dab3c3d\",\"name\":\"jair\",\"image\":{\"@type\":\"ImageObject\",\"inLanguage\":\"es\",\"@id\":\"https:\\\/\\\/secure.gravatar.com\\\/avatar\\\/ec205dfb8733a1ce1601942dddb04fc9294fb780c832e3c1ec58faa8e4e64e9b?s=96&d=mm&r=g\",\"url\":\"https:\\\/\\\/secure.gravatar.com\\\/avatar\\\/ec205dfb8733a1ce1601942dddb04fc9294fb780c832e3c1ec58faa8e4e64e9b?s=96&d=mm&r=g\",\"contentUrl\":\"https:\\\/\\\/secure.gravatar.com\\\/avatar\\\/ec205dfb8733a1ce1601942dddb04fc9294fb780c832e3c1ec58faa8e4e64e9b?s=96&d=mm&r=g\",\"caption\":\"jair\"},\"url\":\"https:\\\/\\\/grupohoymexico.com\\\/hidalgo\\\/author\\\/jair\\\/\"}]}<\/script>\n<!-- \/ Yoast SEO Premium plugin. -->","yoast_head_json":{"title":"Feria de Pachuquilla 2026: cartel, grupos musicales y sonideros - Hidalgo Hoy","description":"Feria de Pachuquilla 2026: conoce el cartel, fechas y grupos musicales que estar\u00e1n del 11 al 16 de septiembre en esta fiesta patria.","robots":{"index":"index","follow":"follow","max-snippet":"max-snippet:-1","max-image-preview":"max-image-preview:large","max-video-preview":"max-video-preview:-1"},"canonical":"https:\/\/grupohoymexico.com\/hidalgo\/feria-de-pachuquilla-2026-cartel\/","og_locale":"es_MX","og_type":"article","og_title":"Feria de Pachuquilla 2026: cartel, grupos musicales y sonideros","og_description":"Feria de Pachuquilla 2026: conoce el cartel, fechas y grupos musicales que estar\u00e1n del 11 al 16 de septiembre en esta fiesta patria.","og_url":"https:\/\/grupohoymexico.com\/hidalgo\/feria-de-pachuquilla-2026-cartel\/","og_site_name":"Hidalgo Hoy","article_published_time":"2026-09-04T22:54:33+00:00","article_modified_time":"2026-09-04T22:56:16+00:00","og_image":[{"width":1200,"height":638,"url":"https:\/\/grupohoymexico.com\/hidalgo\/wp-content\/uploads\/sites\/5\/2026\/09\/Feria-de-Pachuquilla-2026-Cartel.jpg","type":"image\/jpeg"}],"author":"jair","twitter_card":"summary_large_image","twitter_misc":{"Escrito por":"jair","Tiempo de lectura":"4 minutos"},"schema":{"@context":"https:\/\/schema.org","@graph":[{"@type":"Article","@id":"https:\/\/grupohoymexico.com\/hidalgo\/feria-de-pachuquilla-2026-cartel\/#article","isPartOf":{"@id":"https:\/\/grupohoymexico.com\/hidalgo\/feria-de-pachuquilla-2026-cartel\/"},"author":{"name":"jair","@id":"https:\/\/grupohoymexico.com\/hidalgo\/#\/schema\/person\/98e2425fe99fbbdf486895b69dab3c3d"},"headline":"Feria de Pachuquilla 2026: cartel, grupos musicales y sonideros","datePublished":"2026-09-04T22:54:33+00:00","dateModified":"2026-09-04T22:56:16+00:00","mainEntityOfPage":{"@id":"https:\/\/grupohoymexico.com\/hidalgo\/feria-de-pachuquilla-2026-cartel\/"},"wordCount":744,"publisher":{"@id":"https:\/\/grupohoymexico.com\/hidalgo\/#organization"},"image":{"@id":"https:\/\/grupohoymexico.com\/hidalgo\/feria-de-pachuquilla-2026-cartel\/#primaryimage"},"thumbnailUrl":"https:\/\/grupohoymexico.com\/hidalgo\/wp-content\/uploads\/sites\/5\/2026\/09\/Feria-de-Pachuquilla-2026-Cartel.jpg","keywords":["Feria de Pachuquilla","fiestas patrias","grito de independencia","m\u00fasica"],"articleSection":["Entretenimiento","Hidalgo"],"inLanguage":"es","copyrightYear":"2026","copyrightHolder":{"@id":"https:\/\/grupohoymexico.com\/#organization"}},{"@type":"WebPage","@id":"https:\/\/grupohoymexico.com\/hidalgo\/feria-de-pachuquilla-2026-cartel\/","url":"https:\/\/grupohoymexico.com\/hidalgo\/feria-de-pachuquilla-2026-cartel\/","name":"Feria de Pachuquilla 2026: cartel, grupos musicales y sonideros - Hidalgo Hoy","isPartOf":{"@id":"https:\/\/grupohoymexico.com\/hidalgo\/#website"},"primaryImageOfPage":{"@id":"https:\/\/grupohoymexico.com\/hidalgo\/feria-de-pachuquilla-2026-cartel\/#primaryimage"},"image":{"@id":"https:\/\/grupohoymexico.com\/hidalgo\/feria-de-pachuquilla-2026-cartel\/#primaryimage"},"thumbnailUrl":"https:\/\/grupohoymexico.com\/hidalgo\/wp-content\/uploads\/sites\/5\/2026\/09\/Feria-de-Pachuquilla-2026-Cartel.jpg","datePublished":"2026-09-04T22:54:33+00:00","dateModified":"2026-09-04T22:56:16+00:00","description":"Feria de Pachuquilla 2026: conoce el cartel, fechas y grupos musicales que estar\u00e1n del 11 al 16 de septiembre en esta fiesta patria.","breadcrumb":{"@id":"https:\/\/grupohoymexico.com\/hidalgo\/feria-de-pachuquilla-2026-cartel\/#breadcrumb"},"inLanguage":"es","potentialAction":[{"@type":"ReadAction","target":["https:\/\/grupohoymexico.com\/hidalgo\/feria-de-pachuquilla-2026-cartel\/"]}]},{"@type":"ImageObject","inLanguage":"es","@id":"https:\/\/grupohoymexico.com\/hidalgo\/feria-de-pachuquilla-2026-cartel\/#primaryimage","url":"https:\/\/grupohoymexico.com\/hidalgo\/wp-content\/uploads\/sites\/5\/2026\/09\/Feria-de-Pachuquilla-2026-Cartel.jpg","contentUrl":"https:\/\/grupohoymexico.com\/hidalgo\/wp-content\/uploads\/sites\/5\/2026\/09\/Feria-de-Pachuquilla-2026-Cartel.jpg","width":1200,"height":638,"caption":"Foto: Grupo Hoy"},{"@type":"BreadcrumbList","@id":"https:\/\/grupohoymexico.com\/hidalgo\/feria-de-pachuquilla-2026-cartel\/#breadcrumb","itemListElement":[{"@type":"ListItem","position":1,"name":"Inicio","item":"https:\/\/grupohoymexico.com\/hidalgo\/"},{"@type":"ListItem","position":2,"name":"Feria de Pachuquilla 2026: cartel, grupos musicales y sonideros"}]},{"@type":"WebSite","@id":"https:\/\/grupohoymexico.com\/hidalgo\/#website","url":"https:\/\/grupohoymexico.com\/hidalgo\/","name":"Hidalgo Hoy","description":"El alma de la noticia","publisher":{"@id":"https:\/\/grupohoymexico.com\/hidalgo\/#organization"},"potentialAction":[{"@type":"SearchAction","target":{"@type":"EntryPoint","urlTemplate":"https:\/\/grupohoymexico.com\/hidalgo\/?s={search_term_string}"},"query-input":{"@type":"PropertyValueSpecification","valueRequired":true,"valueName":"search_term_string"}}],"inLanguage":"es"},{"@type":"Organization","@id":"https:\/\/grupohoymexico.com\/hidalgo\/#organization","name":"Hidalgo Hoy","url":"https:\/\/grupohoymexico.com\/hidalgo\/","logo":{"@type":"ImageObject","inLanguage":"es","@id":"https:\/\/grupohoymexico.com\/hidalgo\/#\/schema\/logo\/image\/","url":"https:\/\/grupohoymexico.com\/hidalgo\/wp-content\/uploads\/sites\/5\/2025\/05\/Recurso-70hidalgo-hoy.svg","contentUrl":"https:\/\/grupohoymexico.com\/hidalgo\/wp-content\/uploads\/sites\/5\/2025\/05\/Recurso-70hidalgo-hoy.svg","width":85,"height":64,"caption":"Hidalgo Hoy"},"image":{"@id":"https:\/\/grupohoymexico.com\/hidalgo\/#\/schema\/logo\/image\/"}},{"@type":"Person","@id":"https:\/\/grupohoymexico.com\/hidalgo\/#\/schema\/person\/98e2425fe99fbbdf486895b69dab3c3d","name":"jair","image":{"@type":"ImageObject","inLanguage":"es","@id":"https:\/\/secure.gravatar.com\/avatar\/ec205dfb8733a1ce1601942dddb04fc9294fb780c832e3c1ec58faa8e4e64e9b?s=96&d=mm&r=g","url":"https:\/\/secure.gravatar.com\/avatar\/ec205dfb8733a1ce1601942dddb04fc9294fb780c832e3c1ec58faa8e4e64e9b?s=96&d=mm&r=g","contentUrl":"https:\/\/secure.gravatar.com\/avatar\/ec205dfb8733a1ce1601942dddb04fc9294fb780c832e3c1ec58faa8e4e64e9b?s=96&d=mm&r=g","caption":"jair"},"url":"https:\/\/grupohoymexico.com\/hidalgo\/author\/jair\/"}]}},"_links":{"self":[{"href":"https:\/\/grupohoymexico.com\/hidalgo\/wp-json\/wp\/v2\/posts\/16701","targetHints":{"allow":["GET"]}}],"collection":[{"href":"https:\/\/grupohoymexico.com\/hidalgo\/wp-json\/wp\/v2\/posts"}],"about":[{"href":"https:\/\/grupohoymexico.com\/hidalgo\/wp-json\/wp\/v2\/types\/post"}],"author":[{"embeddable":true,"href":"https:\/\/grupohoymexico.com\/hidalgo\/wp-json\/wp\/v2\/users\/5"}],"replies":[{"embeddable":true,"href":"https:\/\/grupohoymexico.com\/hidalgo\/wp-json\/wp\/v2\/comments?post=16701"}],"version-history":[{"count":4,"href":"https:\/\/grupohoymexico.com\/hidalgo\/wp-json\/wp\/v2\/posts\/16701\/revisions"}],"predecessor-version":[{"id":16706,"href":"https:\/\/grupohoymexico.com\/hidalgo\/wp-json\/wp\/v2\/posts\/16701\/revisions\/16706"}],"wp:featuredmedia":[{"embeddable":true,"href":"https:\/\/grupohoymexico.com\/hidalgo\/wp-json\/wp\/v2\/media\/16702"}],"wp:attachment":[{"href":"https:\/\/grupohoymexico.com\/hidalgo\/wp-json\/wp\/v2\/media?parent=16701"}],"wp:term":[{"taxonomy":"category","embeddable":true,"href":"https:\/\/grupohoymexico.com\/hidalgo\/wp-json\/wp\/v2\/categories?post=16701"},{"taxonomy":"post_tag","embeddable":true,"href":"https:\/\/grupohoymexico.com\/hidalgo\/wp-json\/wp\/v2\/tags?post=16701"}],"curies":[{"name":"wp","href":"https:\/\/api.w.org\/{rel}","templated":true}]}}