{"id":16696,"date":"2026-09-04T11:02:57","date_gmt":"2026-09-04T17:02:57","guid":{"rendered":"https:\/\/grupohoymexico.com\/hidalgo\/?p=16696"},"modified":"2026-09-04T11:03:35","modified_gmt":"2026-09-04T17:03:35","slug":"a-que-sabe-la-patria-2026-requisitos-premios","status":"publish","type":"post","link":"https:\/\/grupohoymexico.com\/hidalgo\/a-que-sabe-la-patria-2026-requisitos-premios\/","title":{"rendered":"\u00bfA qu\u00e9 sabe la Patria? 2026: requisitos, premios y c\u00f3mo participar"},"content":{"rendered":"<p>\u00bfTienes una receta tradicional con <strong>frijol como ingrediente principal<\/strong>? Ya est\u00e1 abierta la convocatoria de <em><strong>&#8220;\u00bfA qu\u00e9 sabe la Patria? 2026&#8221;<\/strong><\/em>, que este a\u00f1o lleva por lema <strong>\u201cOrgullosamente frijoleros\u201d<\/strong> y busca reconocer la riqueza de las culturas alimentarias de M\u00e9xico.<\/p>\n<p class=\"isSelectedEnd\">La convocatoria estar\u00e1 vigente <strong>del 2 de septiembre al 11 de octubre de 2026<\/strong>, por lo que los interesados todav\u00eda tienen varias semanas para preparar su propuesta y enviarla de acuerdo con los requisitos establecidos.<\/p>\n<p class=\"isSelectedEnd\">La edici\u00f3n de este a\u00f1o busca reconocer al frijol no solamente como un alimento b\u00e1sico de la gastronom\u00eda mexicana, sino tambi\u00e9n como parte de las <strong>culturas vivas, la soberan\u00eda alimentaria y el patrimonio cultural inmaterial de M\u00e9xico<\/strong>.<\/p>\n<h3><strong>Sigue nuestras cuentas en Facebook e Instagram para mantenerte informado con las noticias m\u00e1s relevantes.<\/strong><\/h3>\n<h2><strong>\u00bfQui\u00e9nes pueden participar en <em>&#8220;\u00bfA qu\u00e9 sabe la Patria? 2026&#8221;<\/em><\/strong><\/h2>\n<p class=\"isSelectedEnd\">La convocatoria est\u00e1 dirigida a <strong>grupos integrados por tres a siete personas mayores de edad<\/strong>. Los participantes deber\u00e1n presentar una receta en la que el <strong>frijol sea el ingrediente principal<\/strong>, aunque puede combinarse con otros productos para crear el platillo.<\/p>\n<p class=\"isSelectedEnd\">Uno de los objetivos de esta edici\u00f3n es reconocer los conocimientos y pr\u00e1cticas relacionados con la siembra, cosecha, preparaci\u00f3n y consumo del frijol, particularmente aquellos vinculados con el <strong>sistema milpa-frijol<\/strong>.<\/p>\n<p class=\"isSelectedEnd\">La convocatoria tambi\u00e9n destaca el papel de las <strong>mujeres como principales transmisoras de las culturas alimentarias<\/strong>, as\u00ed como del patrimonio cultural inmaterial y de las lenguas ind\u00edgenas relacionadas con estas pr\u00e1cticas.<\/p>\n<h2><strong>\u00bfC\u00f3mo participar en <em>&#8220;\u00bfA qu\u00e9 sabe la Patria? 2026&#8221;<\/em><\/strong><\/h2>\n<p class=\"isSelectedEnd\">Los grupos interesados deber\u00e1n preparar su <strong>receta por escrito<\/strong> y acompa\u00f1arla de un <strong>video<\/strong> en el que presenten su propuesta.<\/p>\n<p class=\"isSelectedEnd\">Los materiales deber\u00e1n enviarse al correo electr\u00f3nico: <a href=\"mailto:culturaalimentaria@cultura.gob.mx\"><strong>culturaalimentaria@cultura.gob.mx<\/strong><\/a><\/p>\n<p class=\"isSelectedEnd\">Una de las particularidades de esta convocatoria es que el video puede presentarse en cualquiera de las <strong>68 lenguas ind\u00edgenas de M\u00e9xico<\/strong>, con lo que se busca fortalecer la diversidad cultural y ling\u00fc\u00edstica del pa\u00eds.<\/p>\n<p class=\"isSelectedEnd\">Los participantes deber\u00e1n revisar cuidadosamente las bases y requisitos establecidos en la convocatoria oficial antes de enviar su propuesta.<\/p>\n<h3><em><strong>Leer m\u00e1s: <a href=\"https:\/\/grupohoymexico.com\/hidalgo\/hidalgo\/senor-de-jalpan-2026-ixmiquilpan-ruta-y-fecha\/\">Se\u00f1or de Jalpan 2026 en Ixmiquilpan: ruta y fecha<\/a><\/strong><\/em><\/h3>\n<h2><strong>\u00bfCu\u00e1l es la fecha l\u00edmite para participar?<\/strong><\/h2>\n<p class=\"isSelectedEnd\">La convocatoria <em><strong>&#8220;\u00bfA qu\u00e9 sabe la Patria? 2026&#8221;<\/strong><\/em>\u00a0permanecer\u00e1 abierta hasta el <strong>11 de octubre de 2026<\/strong>.<\/p>\n<p class=\"isSelectedEnd\">El periodo de recepci\u00f3n comenz\u00f3 el <strong>2 de septiembre<\/strong>, por lo que los grupos interesados deber\u00e1n completar su propuesta antes de que concluya la fecha l\u00edmite.<\/p>\n<p class=\"isSelectedEnd\">La recomendaci\u00f3n para los participantes es consultar las bases completas para conocer todos los criterios, documentos y caracter\u00edsticas que deber\u00e1n cumplir la receta y el video.<\/p>\n<h2><strong>\u00bfCu\u00e1les son los premios de <em>&#8220;\u00bfA qu\u00e9 sabe la Patria? 2026&#8221;<\/em><\/strong><\/h2>\n<p class=\"isSelectedEnd\">Uno de los principales atractivos de la convocatoria son los <strong>premios econ\u00f3micos para las recetas seleccionadas<\/strong>.<\/p>\n<p class=\"isSelectedEnd\">Las propuestas ganadoras contemplan reconocimientos para los <strong>cuatro primeros lugares<\/strong>, con montos que van desde <strong>50 mil hasta 125 mil pesos<\/strong>. Adem\u00e1s, se otorgar\u00e1n <strong>tres reconocimientos especiales de 15 mil pesos<\/strong>.<\/p>\n<p class=\"isSelectedEnd\">De esta manera, la convocatoria no solamente busca incentivar la creaci\u00f3n y preservaci\u00f3n de recetas relacionadas con el frijol, sino tambi\u00e9n reconocer econ\u00f3micamente a quienes mantienen vivas las tradiciones gastron\u00f3micas mexicanas.<\/p>\n<h3><em><strong>Leer m\u00e1s: <a href=\"https:\/\/grupohoymexico.com\/hidalgo\/hidalgo\/grito-de-independencia-pachuca-2026\">Grito de Independencia Pachuca 2026: \u00bfQui\u00e9nes se presentar\u00e1n?<\/a><\/strong><\/em><\/h3>\n<h2>\u00bfD\u00f3nde se preparar\u00e1n las recetas finalistas?<\/h2>\n<p class=\"isSelectedEnd\">Las recetas seleccionadas ser\u00e1n <strong>recreadas en Cencalli: Casa del Ma\u00edz y la Cultura Alimentaria<\/strong>, espacio ubicado dentro del <strong>Complejo Cultural Los Pinos<\/strong>.<\/p>\n<p class=\"isSelectedEnd\">En este mismo lugar se llevar\u00e1 a cabo la <strong>premiaci\u00f3n<\/strong> y tambi\u00e9n se contempla la venta de los platillos que lleguen a la etapa final.<\/p>\n<p class=\"isSelectedEnd\">Esto permitir\u00e1 que las recetas seleccionadas puedan ser conocidas y degustadas por el p\u00fablico, convirtiendo la convocatoria en un espacio para celebrar la diversidad de la cocina mexicana.<\/p>\n<h2>\u00bfPor qu\u00e9 el frijol es protagonista de la convocatoria?<\/h2>\n<p class=\"isSelectedEnd\">El lema <strong>\u201cOrgullosamente frijoleros\u201d<\/strong> busca reivindicar la importancia del frijol dentro de la alimentaci\u00f3n mexicana.<\/p>\n<p class=\"isSelectedEnd\">La convocatoria reconoce a esta semilla como un elemento fundamental para la <strong>soberan\u00eda alimentaria de M\u00e9xico<\/strong> y destaca los conocimientos tradicionales que existen alrededor de su producci\u00f3n y preparaci\u00f3n.<\/p>\n<p class=\"isSelectedEnd\">Adem\u00e1s, el frijol forma parte del sistema alimentario asociado con la <strong>milpa<\/strong>, junto con otros productos esenciales de la gastronom\u00eda nacional.<\/p>\n<p>Por ello, esta edici\u00f3n de <em><strong>&#8220;\u00bfA qu\u00e9 sabe la Patria? 2026&#8221;<\/strong><\/em>\u00a0pretende ir m\u00e1s all\u00e1 de una competencia gastron\u00f3mica y convertirse en un reconocimiento a las comunidades, familias y personas que conservan los saberes culinarios de generaci\u00f3n en generaci\u00f3n.<\/p>\n","protected":false},"excerpt":{"rendered":"\u00bfTienes una receta tradicional con frijol como ingrediente principal? Ya est\u00e1 abierta la convocatoria de &#8220;\u00bfA qu\u00e9 sabe&hellip;","protected":false},"author":5,"featured_media":16698,"comment_status":"closed","ping_status":"closed","sticky":false,"template":"","format":"standard","meta":{"_yoast_wpseo_opengraph-title":"","_yoast_wpseo_opengraph-description":"","csco_display_header_overlay":false,"csco_singular_sidebar":"","csco_page_header_type":"","csco_page_load_nextpost":"","csco_post_video_location":[],"csco_post_video_location_hash":"","csco_post_video_url":"","csco_post_video_bg_start_time":0,"csco_post_video_bg_end_time":0,"footnotes":"","_news_article_schema":""},"categories":[179,6002],"tags":[6096,6097,1528,190,547,6098],"class_list":["post-16696","post","type-post","status-publish","format-standard","has-post-thumbnail","category-cultura","category-hidalgo","tag-a-que-sabe-la-patria","tag-frijol","tag-gastronomia","tag-hidalgo","tag-mexico","tag-orgullosamente-frijoleros","cs-entry","cs-video-wrap"],"yoast_head":"<!-- This site is optimized with the Yoast SEO Premium plugin v26.0 (Yoast SEO v28.0) - https:\/\/yoast.com\/product\/yoast-seo-premium-wordpress\/ -->\n<title>\u00bfA qu\u00e9 sabe la Patria? 2026: requisitos, premios y c\u00f3mo participar - Hidalgo Hoy<\/title>\n<meta name=\"description\" content=\"&quot;\u00bfA qu\u00e9 sabe la Patria? 2026&quot;: conoce los premios, requisitos y fechas para participar con una receta tradicional de frijol.\" \/>\n<meta name=\"robots\" content=\"index, follow, max-snippet:-1, max-image-preview:large, max-video-preview:-1\" \/>\n<link rel=\"canonical\" href=\"https:\/\/grupohoymexico.com\/hidalgo\/a-que-sabe-la-patria-2026-requisitos-premios\/\" \/>\n<meta property=\"og:locale\" content=\"es_MX\" \/>\n<meta property=\"og:type\" content=\"article\" \/>\n<meta property=\"og:title\" content=\"\u00bfA qu\u00e9 sabe la Patria? 2026: requisitos, premios y c\u00f3mo participar\" \/>\n<meta property=\"og:description\" content=\"&quot;\u00bfA qu\u00e9 sabe la Patria? 2026&quot;: conoce los premios, requisitos y fechas para participar con una receta tradicional de frijol.\" \/>\n<meta property=\"og:url\" content=\"https:\/\/grupohoymexico.com\/hidalgo\/a-que-sabe-la-patria-2026-requisitos-premios\/\" \/>\n<meta property=\"og:site_name\" content=\"Hidalgo Hoy\" \/>\n<meta property=\"article:published_time\" content=\"2026-09-04T17:02:57+00:00\" \/>\n<meta property=\"article:modified_time\" content=\"2026-09-04T17:03:35+00:00\" \/>\n<meta property=\"og:image\" content=\"https:\/\/grupohoymexico.com\/hidalgo\/wp-content\/uploads\/sites\/5\/2026\/09\/A-que-sabe-la-Patria-premios-requisitos.jpg\" \/>\n\t<meta property=\"og:image:width\" content=\"1200\" \/>\n\t<meta property=\"og:image:height\" content=\"638\" \/>\n\t<meta property=\"og:image:type\" content=\"image\/jpeg\" \/>\n<meta name=\"author\" content=\"jair\" \/>\n<meta name=\"twitter:card\" content=\"summary_large_image\" \/>\n<meta name=\"twitter:label1\" content=\"Escrito por\" \/>\n\t<meta name=\"twitter:data1\" content=\"jair\" \/>\n\t<meta name=\"twitter:label2\" content=\"Tiempo de lectura\" \/>\n\t<meta name=\"twitter:data2\" content=\"4 minutos\" \/>\n<script type=\"application\/ld+json\" class=\"yoast-schema-graph\">{\"@context\":\"https:\\\/\\\/schema.org\",\"@graph\":[{\"@type\":\"Article\",\"@id\":\"https:\\\/\\\/grupohoymexico.com\\\/hidalgo\\\/a-que-sabe-la-patria-2026-requisitos-premios\\\/#article\",\"isPartOf\":{\"@id\":\"https:\\\/\\\/grupohoymexico.com\\\/hidalgo\\\/a-que-sabe-la-patria-2026-requisitos-premios\\\/\"},\"author\":{\"name\":\"jair\",\"@id\":\"https:\\\/\\\/grupohoymexico.com\\\/hidalgo\\\/#\\\/schema\\\/person\\\/98e2425fe99fbbdf486895b69dab3c3d\"},\"headline\":\"\u00bfA qu\u00e9 sabe la Patria? 2026: requisitos, premios y c\u00f3mo participar\",\"datePublished\":\"2026-09-04T17:02:57+00:00\",\"dateModified\":\"2026-09-04T17:03:35+00:00\",\"mainEntityOfPage\":{\"@id\":\"https:\\\/\\\/grupohoymexico.com\\\/hidalgo\\\/a-que-sabe-la-patria-2026-requisitos-premios\\\/\"},\"wordCount\":775,\"publisher\":{\"@id\":\"https:\\\/\\\/grupohoymexico.com\\\/hidalgo\\\/#organization\"},\"image\":{\"@id\":\"https:\\\/\\\/grupohoymexico.com\\\/hidalgo\\\/a-que-sabe-la-patria-2026-requisitos-premios\\\/#primaryimage\"},\"thumbnailUrl\":\"https:\\\/\\\/grupohoymexico.com\\\/hidalgo\\\/wp-content\\\/uploads\\\/sites\\\/5\\\/2026\\\/09\\\/A-que-sabe-la-Patria-premios-requisitos.jpg\",\"keywords\":[\"A qu\u00e9 sabe la Patria\",\"Frijol\",\"Gastronom\u00eda\",\"Hidalgo\",\"M\u00e9xico\",\"Orgullosamente frijoleros\"],\"articleSection\":[\"Cultura\",\"Hidalgo\"],\"inLanguage\":\"es\",\"copyrightYear\":\"2026\",\"copyrightHolder\":{\"@id\":\"https:\\\/\\\/grupohoymexico.com\\\/#organization\"}},{\"@type\":\"WebPage\",\"@id\":\"https:\\\/\\\/grupohoymexico.com\\\/hidalgo\\\/a-que-sabe-la-patria-2026-requisitos-premios\\\/\",\"url\":\"https:\\\/\\\/grupohoymexico.com\\\/hidalgo\\\/a-que-sabe-la-patria-2026-requisitos-premios\\\/\",\"name\":\"\u00bfA qu\u00e9 sabe la Patria? 2026: requisitos, premios y c\u00f3mo participar - Hidalgo Hoy\",\"isPartOf\":{\"@id\":\"https:\\\/\\\/grupohoymexico.com\\\/hidalgo\\\/#website\"},\"primaryImageOfPage\":{\"@id\":\"https:\\\/\\\/grupohoymexico.com\\\/hidalgo\\\/a-que-sabe-la-patria-2026-requisitos-premios\\\/#primaryimage\"},\"image\":{\"@id\":\"https:\\\/\\\/grupohoymexico.com\\\/hidalgo\\\/a-que-sabe-la-patria-2026-requisitos-premios\\\/#primaryimage\"},\"thumbnailUrl\":\"https:\\\/\\\/grupohoymexico.com\\\/hidalgo\\\/wp-content\\\/uploads\\\/sites\\\/5\\\/2026\\\/09\\\/A-que-sabe-la-Patria-premios-requisitos.jpg\",\"datePublished\":\"2026-09-04T17:02:57+00:00\",\"dateModified\":\"2026-09-04T17:03:35+00:00\",\"description\":\"\\\"\u00bfA qu\u00e9 sabe la Patria? 2026\\\": conoce los premios, requisitos y fechas para participar con una receta tradicional de frijol.\",\"breadcrumb\":{\"@id\":\"https:\\\/\\\/grupohoymexico.com\\\/hidalgo\\\/a-que-sabe-la-patria-2026-requisitos-premios\\\/#breadcrumb\"},\"inLanguage\":\"es\",\"potentialAction\":[{\"@type\":\"ReadAction\",\"target\":[\"https:\\\/\\\/grupohoymexico.com\\\/hidalgo\\\/a-que-sabe-la-patria-2026-requisitos-premios\\\/\"]}]},{\"@type\":\"ImageObject\",\"inLanguage\":\"es\",\"@id\":\"https:\\\/\\\/grupohoymexico.com\\\/hidalgo\\\/a-que-sabe-la-patria-2026-requisitos-premios\\\/#primaryimage\",\"url\":\"https:\\\/\\\/grupohoymexico.com\\\/hidalgo\\\/wp-content\\\/uploads\\\/sites\\\/5\\\/2026\\\/09\\\/A-que-sabe-la-Patria-premios-requisitos.jpg\",\"contentUrl\":\"https:\\\/\\\/grupohoymexico.com\\\/hidalgo\\\/wp-content\\\/uploads\\\/sites\\\/5\\\/2026\\\/09\\\/A-que-sabe-la-Patria-premios-requisitos.jpg\",\"width\":1200,\"height\":638,\"caption\":\"Foto: Grupo Hoy\"},{\"@type\":\"BreadcrumbList\",\"@id\":\"https:\\\/\\\/grupohoymexico.com\\\/hidalgo\\\/a-que-sabe-la-patria-2026-requisitos-premios\\\/#breadcrumb\",\"itemListElement\":[{\"@type\":\"ListItem\",\"position\":1,\"name\":\"Inicio\",\"item\":\"https:\\\/\\\/grupohoymexico.com\\\/hidalgo\\\/\"},{\"@type\":\"ListItem\",\"position\":2,\"name\":\"\u00bfA qu\u00e9 sabe la Patria? 2026: requisitos, premios y c\u00f3mo participar\"}]},{\"@type\":\"WebSite\",\"@id\":\"https:\\\/\\\/grupohoymexico.com\\\/hidalgo\\\/#website\",\"url\":\"https:\\\/\\\/grupohoymexico.com\\\/hidalgo\\\/\",\"name\":\"Hidalgo Hoy\",\"description\":\"El alma de la noticia\",\"publisher\":{\"@id\":\"https:\\\/\\\/grupohoymexico.com\\\/hidalgo\\\/#organization\"},\"potentialAction\":[{\"@type\":\"SearchAction\",\"target\":{\"@type\":\"EntryPoint\",\"urlTemplate\":\"https:\\\/\\\/grupohoymexico.com\\\/hidalgo\\\/?s={search_term_string}\"},\"query-input\":{\"@type\":\"PropertyValueSpecification\",\"valueRequired\":true,\"valueName\":\"search_term_string\"}}],\"inLanguage\":\"es\"},{\"@type\":\"Organization\",\"@id\":\"https:\\\/\\\/grupohoymexico.com\\\/hidalgo\\\/#organization\",\"name\":\"Hidalgo Hoy\",\"url\":\"https:\\\/\\\/grupohoymexico.com\\\/hidalgo\\\/\",\"logo\":{\"@type\":\"ImageObject\",\"inLanguage\":\"es\",\"@id\":\"https:\\\/\\\/grupohoymexico.com\\\/hidalgo\\\/#\\\/schema\\\/logo\\\/image\\\/\",\"url\":\"https:\\\/\\\/grupohoymexico.com\\\/hidalgo\\\/wp-content\\\/uploads\\\/sites\\\/5\\\/2025\\\/05\\\/Recurso-70hidalgo-hoy.svg\",\"contentUrl\":\"https:\\\/\\\/grupohoymexico.com\\\/hidalgo\\\/wp-content\\\/uploads\\\/sites\\\/5\\\/2025\\\/05\\\/Recurso-70hidalgo-hoy.svg\",\"width\":85,\"height\":64,\"caption\":\"Hidalgo Hoy\"},\"image\":{\"@id\":\"https:\\\/\\\/grupohoymexico.com\\\/hidalgo\\\/#\\\/schema\\\/logo\\\/image\\\/\"}},{\"@type\":\"Person\",\"@id\":\"https:\\\/\\\/grupohoymexico.com\\\/hidalgo\\\/#\\\/schema\\\/person\\\/98e2425fe99fbbdf486895b69dab3c3d\",\"name\":\"jair\",\"image\":{\"@type\":\"ImageObject\",\"inLanguage\":\"es\",\"@id\":\"https:\\\/\\\/secure.gravatar.com\\\/avatar\\\/ec205dfb8733a1ce1601942dddb04fc9294fb780c832e3c1ec58faa8e4e64e9b?s=96&d=mm&r=g\",\"url\":\"https:\\\/\\\/secure.gravatar.com\\\/avatar\\\/ec205dfb8733a1ce1601942dddb04fc9294fb780c832e3c1ec58faa8e4e64e9b?s=96&d=mm&r=g\",\"contentUrl\":\"https:\\\/\\\/secure.gravatar.com\\\/avatar\\\/ec205dfb8733a1ce1601942dddb04fc9294fb780c832e3c1ec58faa8e4e64e9b?s=96&d=mm&r=g\",\"caption\":\"jair\"},\"url\":\"https:\\\/\\\/grupohoymexico.com\\\/hidalgo\\\/author\\\/jair\\\/\"}]}<\/script>\n<!-- \/ Yoast SEO Premium plugin. -->","yoast_head_json":{"title":"\u00bfA qu\u00e9 sabe la Patria? 2026: requisitos, premios y c\u00f3mo participar - Hidalgo Hoy","description":"\"\u00bfA qu\u00e9 sabe la Patria? 2026\": conoce los premios, requisitos y fechas para participar con una receta tradicional de frijol.","robots":{"index":"index","follow":"follow","max-snippet":"max-snippet:-1","max-image-preview":"max-image-preview:large","max-video-preview":"max-video-preview:-1"},"canonical":"https:\/\/grupohoymexico.com\/hidalgo\/a-que-sabe-la-patria-2026-requisitos-premios\/","og_locale":"es_MX","og_type":"article","og_title":"\u00bfA qu\u00e9 sabe la Patria? 2026: requisitos, premios y c\u00f3mo participar","og_description":"\"\u00bfA qu\u00e9 sabe la Patria? 2026\": conoce los premios, requisitos y fechas para participar con una receta tradicional de frijol.","og_url":"https:\/\/grupohoymexico.com\/hidalgo\/a-que-sabe-la-patria-2026-requisitos-premios\/","og_site_name":"Hidalgo Hoy","article_published_time":"2026-09-04T17:02:57+00:00","article_modified_time":"2026-09-04T17:03:35+00:00","og_image":[{"width":1200,"height":638,"url":"https:\/\/grupohoymexico.com\/hidalgo\/wp-content\/uploads\/sites\/5\/2026\/09\/A-que-sabe-la-Patria-premios-requisitos.jpg","type":"image\/jpeg"}],"author":"jair","twitter_card":"summary_large_image","twitter_misc":{"Escrito por":"jair","Tiempo de lectura":"4 minutos"},"schema":{"@context":"https:\/\/schema.org","@graph":[{"@type":"Article","@id":"https:\/\/grupohoymexico.com\/hidalgo\/a-que-sabe-la-patria-2026-requisitos-premios\/#article","isPartOf":{"@id":"https:\/\/grupohoymexico.com\/hidalgo\/a-que-sabe-la-patria-2026-requisitos-premios\/"},"author":{"name":"jair","@id":"https:\/\/grupohoymexico.com\/hidalgo\/#\/schema\/person\/98e2425fe99fbbdf486895b69dab3c3d"},"headline":"\u00bfA qu\u00e9 sabe la Patria? 2026: requisitos, premios y c\u00f3mo participar","datePublished":"2026-09-04T17:02:57+00:00","dateModified":"2026-09-04T17:03:35+00:00","mainEntityOfPage":{"@id":"https:\/\/grupohoymexico.com\/hidalgo\/a-que-sabe-la-patria-2026-requisitos-premios\/"},"wordCount":775,"publisher":{"@id":"https:\/\/grupohoymexico.com\/hidalgo\/#organization"},"image":{"@id":"https:\/\/grupohoymexico.com\/hidalgo\/a-que-sabe-la-patria-2026-requisitos-premios\/#primaryimage"},"thumbnailUrl":"https:\/\/grupohoymexico.com\/hidalgo\/wp-content\/uploads\/sites\/5\/2026\/09\/A-que-sabe-la-Patria-premios-requisitos.jpg","keywords":["A qu\u00e9 sabe la Patria","Frijol","Gastronom\u00eda","Hidalgo","M\u00e9xico","Orgullosamente frijoleros"],"articleSection":["Cultura","Hidalgo"],"inLanguage":"es","copyrightYear":"2026","copyrightHolder":{"@id":"https:\/\/grupohoymexico.com\/#organization"}},{"@type":"WebPage","@id":"https:\/\/grupohoymexico.com\/hidalgo\/a-que-sabe-la-patria-2026-requisitos-premios\/","url":"https:\/\/grupohoymexico.com\/hidalgo\/a-que-sabe-la-patria-2026-requisitos-premios\/","name":"\u00bfA qu\u00e9 sabe la Patria? 2026: requisitos, premios y c\u00f3mo participar - Hidalgo Hoy","isPartOf":{"@id":"https:\/\/grupohoymexico.com\/hidalgo\/#website"},"primaryImageOfPage":{"@id":"https:\/\/grupohoymexico.com\/hidalgo\/a-que-sabe-la-patria-2026-requisitos-premios\/#primaryimage"},"image":{"@id":"https:\/\/grupohoymexico.com\/hidalgo\/a-que-sabe-la-patria-2026-requisitos-premios\/#primaryimage"},"thumbnailUrl":"https:\/\/grupohoymexico.com\/hidalgo\/wp-content\/uploads\/sites\/5\/2026\/09\/A-que-sabe-la-Patria-premios-requisitos.jpg","datePublished":"2026-09-04T17:02:57+00:00","dateModified":"2026-09-04T17:03:35+00:00","description":"\"\u00bfA qu\u00e9 sabe la Patria? 2026\": conoce los premios, requisitos y fechas para participar con una receta tradicional de frijol.","breadcrumb":{"@id":"https:\/\/grupohoymexico.com\/hidalgo\/a-que-sabe-la-patria-2026-requisitos-premios\/#breadcrumb"},"inLanguage":"es","potentialAction":[{"@type":"ReadAction","target":["https:\/\/grupohoymexico.com\/hidalgo\/a-que-sabe-la-patria-2026-requisitos-premios\/"]}]},{"@type":"ImageObject","inLanguage":"es","@id":"https:\/\/grupohoymexico.com\/hidalgo\/a-que-sabe-la-patria-2026-requisitos-premios\/#primaryimage","url":"https:\/\/grupohoymexico.com\/hidalgo\/wp-content\/uploads\/sites\/5\/2026\/09\/A-que-sabe-la-Patria-premios-requisitos.jpg","contentUrl":"https:\/\/grupohoymexico.com\/hidalgo\/wp-content\/uploads\/sites\/5\/2026\/09\/A-que-sabe-la-Patria-premios-requisitos.jpg","width":1200,"height":638,"caption":"Foto: Grupo Hoy"},{"@type":"BreadcrumbList","@id":"https:\/\/grupohoymexico.com\/hidalgo\/a-que-sabe-la-patria-2026-requisitos-premios\/#breadcrumb","itemListElement":[{"@type":"ListItem","position":1,"name":"Inicio","item":"https:\/\/grupohoymexico.com\/hidalgo\/"},{"@type":"ListItem","position":2,"name":"\u00bfA qu\u00e9 sabe la Patria? 2026: requisitos, premios y c\u00f3mo participar"}]},{"@type":"WebSite","@id":"https:\/\/grupohoymexico.com\/hidalgo\/#website","url":"https:\/\/grupohoymexico.com\/hidalgo\/","name":"Hidalgo Hoy","description":"El alma de la noticia","publisher":{"@id":"https:\/\/grupohoymexico.com\/hidalgo\/#organization"},"potentialAction":[{"@type":"SearchAction","target":{"@type":"EntryPoint","urlTemplate":"https:\/\/grupohoymexico.com\/hidalgo\/?s={search_term_string}"},"query-input":{"@type":"PropertyValueSpecification","valueRequired":true,"valueName":"search_term_string"}}],"inLanguage":"es"},{"@type":"Organization","@id":"https:\/\/grupohoymexico.com\/hidalgo\/#organization","name":"Hidalgo Hoy","url":"https:\/\/grupohoymexico.com\/hidalgo\/","logo":{"@type":"ImageObject","inLanguage":"es","@id":"https:\/\/grupohoymexico.com\/hidalgo\/#\/schema\/logo\/image\/","url":"https:\/\/grupohoymexico.com\/hidalgo\/wp-content\/uploads\/sites\/5\/2025\/05\/Recurso-70hidalgo-hoy.svg","contentUrl":"https:\/\/grupohoymexico.com\/hidalgo\/wp-content\/uploads\/sites\/5\/2025\/05\/Recurso-70hidalgo-hoy.svg","width":85,"height":64,"caption":"Hidalgo Hoy"},"image":{"@id":"https:\/\/grupohoymexico.com\/hidalgo\/#\/schema\/logo\/image\/"}},{"@type":"Person","@id":"https:\/\/grupohoymexico.com\/hidalgo\/#\/schema\/person\/98e2425fe99fbbdf486895b69dab3c3d","name":"jair","image":{"@type":"ImageObject","inLanguage":"es","@id":"https:\/\/secure.gravatar.com\/avatar\/ec205dfb8733a1ce1601942dddb04fc9294fb780c832e3c1ec58faa8e4e64e9b?s=96&d=mm&r=g","url":"https:\/\/secure.gravatar.com\/avatar\/ec205dfb8733a1ce1601942dddb04fc9294fb780c832e3c1ec58faa8e4e64e9b?s=96&d=mm&r=g","contentUrl":"https:\/\/secure.gravatar.com\/avatar\/ec205dfb8733a1ce1601942dddb04fc9294fb780c832e3c1ec58faa8e4e64e9b?s=96&d=mm&r=g","caption":"jair"},"url":"https:\/\/grupohoymexico.com\/hidalgo\/author\/jair\/"}]}},"_links":{"self":[{"href":"https:\/\/grupohoymexico.com\/hidalgo\/wp-json\/wp\/v2\/posts\/16696","targetHints":{"allow":["GET"]}}],"collection":[{"href":"https:\/\/grupohoymexico.com\/hidalgo\/wp-json\/wp\/v2\/posts"}],"about":[{"href":"https:\/\/grupohoymexico.com\/hidalgo\/wp-json\/wp\/v2\/types\/post"}],"author":[{"embeddable":true,"href":"https:\/\/grupohoymexico.com\/hidalgo\/wp-json\/wp\/v2\/users\/5"}],"replies":[{"embeddable":true,"href":"https:\/\/grupohoymexico.com\/hidalgo\/wp-json\/wp\/v2\/comments?post=16696"}],"version-history":[{"count":1,"href":"https:\/\/grupohoymexico.com\/hidalgo\/wp-json\/wp\/v2\/posts\/16696\/revisions"}],"predecessor-version":[{"id":16699,"href":"https:\/\/grupohoymexico.com\/hidalgo\/wp-json\/wp\/v2\/posts\/16696\/revisions\/16699"}],"wp:featuredmedia":[{"embeddable":true,"href":"https:\/\/grupohoymexico.com\/hidalgo\/wp-json\/wp\/v2\/media\/16698"}],"wp:attachment":[{"href":"https:\/\/grupohoymexico.com\/hidalgo\/wp-json\/wp\/v2\/media?parent=16696"}],"wp:term":[{"taxonomy":"category","embeddable":true,"href":"https:\/\/grupohoymexico.com\/hidalgo\/wp-json\/wp\/v2\/categories?post=16696"},{"taxonomy":"post_tag","embeddable":true,"href":"https:\/\/grupohoymexico.com\/hidalgo\/wp-json\/wp\/v2\/tags?post=16696"}],"curies":[{"name":"wp","href":"https:\/\/api.w.org\/{rel}","templated":true}]}}