{"id":16682,"date":"2026-09-02T15:31:51","date_gmt":"2026-09-02T21:31:51","guid":{"rendered":"https:\/\/grupohoymexico.com\/hidalgo\/?p=16682"},"modified":"2026-09-02T15:32:04","modified_gmt":"2026-09-02T21:32:04","slug":"grito-de-independencia-pachuca-2026","status":"publish","type":"post","link":"https:\/\/grupohoymexico.com\/hidalgo\/grito-de-independencia-pachuca-2026\/","title":{"rendered":"Grito de Independencia Pachuca 2026: \u00bfQui\u00e9nes se presentar\u00e1n?"},"content":{"rendered":"<p class=\"isSelectedEnd\">El <strong>Grito de Independencia en Pachuca 2026<\/strong> ya tiene parte de su cartel musical confirmado. El <a href=\"https:\/\/www.hidalgo.gob.mx\/\"><strong>Gobierno de Hidalgo<\/strong><\/a> dio a conocer que <strong>Carlos Rivera y los Cardenales de Nuevo Le\u00f3n<\/strong> ser\u00e1n algunos de los artistas principales de la celebraci\u00f3n del pr\u00f3ximo <strong>15 de septiembre en Plaza Ju\u00e1rez<\/strong>, donde se espera una gran concentraci\u00f3n de familias para conmemorar las fiestas patrias.<\/p>\n<p class=\"isSelectedEnd\">A estos nombres se suma <strong>Herencia Juvenil<\/strong>, agrupaci\u00f3n hidalguense de m\u00fasica huasteca y regional mexicana que tambi\u00e9n confirm\u00f3 su participaci\u00f3n en la noche mexicana.<\/p>\n<p>Aunque ya se conocen los principales artistas que subir\u00e1n al escenario, todav\u00eda est\u00e1 pendiente la publicaci\u00f3n del <strong>programa completo del Grito de Independencia en Pachuca<\/strong>, incluyendo los horarios oficiales de cada presentaci\u00f3n y las dem\u00e1s actividades que se realizar\u00e1n durante la noche.<\/p>\n<h3>Sigue nuestras cuentas en Facebook e Instagram para mantenerte informado con las noticias m\u00e1s relevantes.<\/h3>\n<h2><strong>Carlos Rivera encabezar\u00e1 el espect\u00e1culo en Plaza Ju\u00e1rez<\/strong><\/h2>\n<p class=\"isSelectedEnd\">El cantante <strong>Carlos Rivera<\/strong> ser\u00e1 uno de los grandes protagonistas de la celebraci\u00f3n patria en Pachuca.<\/p>\n<p class=\"isSelectedEnd\">El gobernador de Hidalgo, <strong>Julio Menchaca Salazar<\/strong>, fue quien adelant\u00f3 inicialmente que el int\u00e9rprete ser\u00eda el encargado de encabezar el espect\u00e1culo musical de la noche del 15 de septiembre.<\/p>\n<p class=\"isSelectedEnd\">De acuerdo con lo anunciado, Rivera ofrecer\u00e1 una presentaci\u00f3n acompa\u00f1ada por <strong>mariachi<\/strong>, por lo que su participaci\u00f3n formar\u00e1 parte del programa especial preparado para la celebraci\u00f3n del Grito de Independencia.<\/p>\n<p class=\"isSelectedEnd\">Antes de que se realizara el anuncio oficial, el nombre del cantante ya hab\u00eda comenzado a circular como una posible incorporaci\u00f3n al cartel de las fiestas patrias en Pachuca. Sin embargo, fue posteriormente cuando se confirm\u00f3 su participaci\u00f3n.<\/p>\n<figure id=\"attachment_16684\" aria-describedby=\"caption-attachment-16684\" style=\"width: 300px\" class=\"wp-caption alignnone\"><img decoding=\"async\" class=\"size-medium wp-image-16684\" src=\"https:\/\/grupohoymexico.com\/hidalgo\/wp-content\/uploads\/sites\/5\/2026\/09\/Carlos-Rivera-300x160.jpg\" alt=\"Grito de Independencia Pachuca 2026: \u00bfQui\u00e9nes se presentar\u00e1n?\" width=\"300\" height=\"160\" srcset=\"https:\/\/grupohoymexico.com\/hidalgo\/wp-content\/uploads\/sites\/5\/2026\/09\/Carlos-Rivera-300x160.jpg 300w, https:\/\/grupohoymexico.com\/hidalgo\/wp-content\/uploads\/sites\/5\/2026\/09\/Carlos-Rivera-1024x544.jpg 1024w, https:\/\/grupohoymexico.com\/hidalgo\/wp-content\/uploads\/sites\/5\/2026\/09\/Carlos-Rivera-768x408.jpg 768w, https:\/\/grupohoymexico.com\/hidalgo\/wp-content\/uploads\/sites\/5\/2026\/09\/Carlos-Rivera-332x177.jpg 332w, https:\/\/grupohoymexico.com\/hidalgo\/wp-content\/uploads\/sites\/5\/2026\/09\/Carlos-Rivera-664x353.jpg 664w, https:\/\/grupohoymexico.com\/hidalgo\/wp-content\/uploads\/sites\/5\/2026\/09\/Carlos-Rivera-688x366.jpg 688w, https:\/\/grupohoymexico.com\/hidalgo\/wp-content\/uploads\/sites\/5\/2026\/09\/Carlos-Rivera-1044x555.jpg 1044w, https:\/\/grupohoymexico.com\/hidalgo\/wp-content\/uploads\/sites\/5\/2026\/09\/Carlos-Rivera.jpg 1200w\" sizes=\"(max-width: 300px) 100vw, 300px\" \/><figcaption id=\"caption-attachment-16684\" class=\"wp-caption-text\">Foto; Facebook Carlos Rivera<\/figcaption><\/figure>\n<h2><strong>Cardenales de Nuevo Le\u00f3n tambi\u00e9n estar\u00e1n en el Grito de Pachuca<\/strong><\/h2>\n<p class=\"isSelectedEnd\">La m\u00fasica norte\u00f1a estar\u00e1 representada por los <strong>Cardenales de Nuevo Le\u00f3n<\/strong>, agrupaci\u00f3n que confirm\u00f3 su presentaci\u00f3n en Pachuca a trav\u00e9s de sus redes sociales.<\/p>\n<p class=\"isSelectedEnd\">El grupo originario de Monterrey llegar\u00e1 a <strong>Plaza Ju\u00e1rez<\/strong> con un repertorio que incluye algunos de sus temas m\u00e1s conocidos, entre ellos <strong>\u201cBelleza de cantina\u201d, \u201cMi c\u00f3mplice\u201d y \u201cQue nadie sepa\u201d<\/strong>.<\/p>\n<p class=\"isSelectedEnd\">La agrupaci\u00f3n incluso lanz\u00f3 un mensaje dirigido a sus seguidores para confirmar su participaci\u00f3n: <strong>\u201c\u00a1Pachuca, nos vemos muy pronto!\u201d<\/strong>, en referencia a la celebraci\u00f3n del 15 de septiembre.<\/p>\n<p class=\"isSelectedEnd\">Con su incorporaci\u00f3n, el cartel del <strong>Grito de Independencia Pachuca 2026<\/strong> tendr\u00e1 una propuesta musical diferente a la de Carlos Rivera, al combinar pop y mariachi con m\u00fasica norte\u00f1a.<\/p>\n<figure id=\"attachment_16685\" aria-describedby=\"caption-attachment-16685\" style=\"width: 300px\" class=\"wp-caption alignnone\"><img decoding=\"async\" class=\"size-medium wp-image-16685\" src=\"https:\/\/grupohoymexico.com\/hidalgo\/wp-content\/uploads\/sites\/5\/2026\/09\/Cardenales-de-Nuevo-Leon-300x160.jpg\" alt=\"Grito de Independencia Pachuca 2026: \u00bfQui\u00e9nes se presentar\u00e1n?\" width=\"300\" height=\"160\" srcset=\"https:\/\/grupohoymexico.com\/hidalgo\/wp-content\/uploads\/sites\/5\/2026\/09\/Cardenales-de-Nuevo-Leon-300x160.jpg 300w, https:\/\/grupohoymexico.com\/hidalgo\/wp-content\/uploads\/sites\/5\/2026\/09\/Cardenales-de-Nuevo-Leon-1024x544.jpg 1024w, https:\/\/grupohoymexico.com\/hidalgo\/wp-content\/uploads\/sites\/5\/2026\/09\/Cardenales-de-Nuevo-Leon-768x408.jpg 768w, https:\/\/grupohoymexico.com\/hidalgo\/wp-content\/uploads\/sites\/5\/2026\/09\/Cardenales-de-Nuevo-Leon-332x177.jpg 332w, https:\/\/grupohoymexico.com\/hidalgo\/wp-content\/uploads\/sites\/5\/2026\/09\/Cardenales-de-Nuevo-Leon-664x353.jpg 664w, https:\/\/grupohoymexico.com\/hidalgo\/wp-content\/uploads\/sites\/5\/2026\/09\/Cardenales-de-Nuevo-Leon-688x366.jpg 688w, https:\/\/grupohoymexico.com\/hidalgo\/wp-content\/uploads\/sites\/5\/2026\/09\/Cardenales-de-Nuevo-Leon-1044x555.jpg 1044w, https:\/\/grupohoymexico.com\/hidalgo\/wp-content\/uploads\/sites\/5\/2026\/09\/Cardenales-de-Nuevo-Leon.jpg 1200w\" sizes=\"(max-width: 300px) 100vw, 300px\" \/><figcaption id=\"caption-attachment-16685\" class=\"wp-caption-text\">Foto: Facebook Cardenales de Nuevo Le\u00f3n<\/figcaption><\/figure>\n<h3><strong><em>Leer m\u00e1s: <a href=\"https:\/\/grupohoymexico.com\/hidalgo\/hidalgo\/por-whatsapp-cuauhtemoc-ochoa-pide-la-comision-de-bienestar-a-adan-augusto\/\">\u00bfPor WhatsApp? Cuauht\u00e9moc Ochoa pide la Comisi\u00f3n de Bienestar a Ad\u00e1n Augusto<\/a><\/em><\/strong><\/h3>\n<h2><strong>Herencia Juvenil pone el toque hidalguense<\/strong><\/h2>\n<p class=\"isSelectedEnd\">A los artistas ya anunciados se suma <strong>Herencia Juvenil<\/strong>, un tr\u00edo originario de Hidalgo especializado en <strong>m\u00fasica huasteca y regional mexicana<\/strong>.<\/p>\n<p class=\"isSelectedEnd\">La agrupaci\u00f3n, fundada en <strong>2008<\/strong>, confirm\u00f3 mediante sus redes sociales que formar\u00e1 parte de la celebraci\u00f3n en Plaza Ju\u00e1rez, donde compartir\u00e1 escenario con Carlos Rivera y los Cardenales de Nuevo Le\u00f3n.<\/p>\n<p class=\"isSelectedEnd\">Su participaci\u00f3n permitir\u00e1 incorporar un representante de la m\u00fasica tradicional y regional de Hidalgo a una noche que tendr\u00e1 diferentes estilos musicales.<\/p>\n<p class=\"isSelectedEnd\">Anteriormente, Herencia Juvenil adelant\u00f3 que su presentaci\u00f3n comenzar\u00eda aproximadamente a las <strong>19:00 horas<\/strong>; sin embargo, ser\u00e1 necesario esperar la programaci\u00f3n oficial para conocer el horario definitivo.<\/p>\n<figure id=\"attachment_16686\" aria-describedby=\"caption-attachment-16686\" style=\"width: 300px\" class=\"wp-caption alignnone\"><img decoding=\"async\" class=\"size-medium wp-image-16686\" src=\"https:\/\/grupohoymexico.com\/hidalgo\/wp-content\/uploads\/sites\/5\/2026\/09\/Herencia-Juvenil-300x160.jpg\" alt=\"Grito de Independencia Pachuca 2026: \u00bfQui\u00e9nes se presentar\u00e1n?\" width=\"300\" height=\"160\" srcset=\"https:\/\/grupohoymexico.com\/hidalgo\/wp-content\/uploads\/sites\/5\/2026\/09\/Herencia-Juvenil-300x160.jpg 300w, https:\/\/grupohoymexico.com\/hidalgo\/wp-content\/uploads\/sites\/5\/2026\/09\/Herencia-Juvenil-1024x544.jpg 1024w, https:\/\/grupohoymexico.com\/hidalgo\/wp-content\/uploads\/sites\/5\/2026\/09\/Herencia-Juvenil-768x408.jpg 768w, https:\/\/grupohoymexico.com\/hidalgo\/wp-content\/uploads\/sites\/5\/2026\/09\/Herencia-Juvenil-332x177.jpg 332w, https:\/\/grupohoymexico.com\/hidalgo\/wp-content\/uploads\/sites\/5\/2026\/09\/Herencia-Juvenil-664x353.jpg 664w, https:\/\/grupohoymexico.com\/hidalgo\/wp-content\/uploads\/sites\/5\/2026\/09\/Herencia-Juvenil-688x366.jpg 688w, https:\/\/grupohoymexico.com\/hidalgo\/wp-content\/uploads\/sites\/5\/2026\/09\/Herencia-Juvenil-1044x555.jpg 1044w, https:\/\/grupohoymexico.com\/hidalgo\/wp-content\/uploads\/sites\/5\/2026\/09\/Herencia-Juvenil.jpg 1200w\" sizes=\"(max-width: 300px) 100vw, 300px\" \/><figcaption id=\"caption-attachment-16686\" class=\"wp-caption-text\">Foto: Facebook Herencia Juvenil<\/figcaption><\/figure>\n<h2><strong>\u00bfA qu\u00e9 hora comenzar\u00e1 el concierto del Grito de Independencia?<\/strong><\/h2>\n<p class=\"isSelectedEnd\">Por el momento, <strong>no se han confirmado oficialmente los horarios de presentaci\u00f3n de Carlos Rivera y los Cardenales de Nuevo Le\u00f3n<\/strong>.<\/p>\n<p class=\"isSelectedEnd\">El \u00fanico horario que ha sido adelantado corresponde a Herencia Juvenil, cuya participaci\u00f3n est\u00e1 prevista alrededor de las <strong>19:00 horas<\/strong>.<\/p>\n<p class=\"isSelectedEnd\">Tambi\u00e9n falta conocer el programa completo de actividades, por lo que los horarios podr\u00edan modificarse conforme se acerque la fecha de la celebraci\u00f3n.<\/p>\n<p class=\"isSelectedEnd\">Las autoridades estatales podr\u00edan publicar posteriormente informaci\u00f3n relacionada con:<\/p>\n<ul data-spread=\"false\">\n<li>Horarios de los conciertos.<\/li>\n<li>Orden de presentaci\u00f3n de los artistas.<\/li>\n<li>Actividades culturales.<\/li>\n<li>Ceremonia del Grito de Independencia.<\/li>\n<li>Operativo de seguridad.<\/li>\n<li>Accesos y recomendaciones para asistentes.<\/li>\n<\/ul>\n<h3><em><strong>Leer m\u00e1s: <a href=\"https:\/\/grupohoymexico.com\/hidalgo\/hidalgo\/verificacion-vehicular-hidalgo-unidad-movil-apan-ixmiquilpan\/\">Verificaci\u00f3n vehicular Hidalgo: unidad m\u00f3vil en Apan e Ixmiquilpan<\/a><\/strong><\/em><\/h3>\n<h2><strong>\u00bfEl Grito de Independencia en Pachuca ser\u00e1 gratis?<\/strong><\/h2>\n<p class=\"isSelectedEnd\">S\u00ed. La celebraci\u00f3n del <strong>15 de septiembre en Plaza Ju\u00e1rez<\/strong> tendr\u00e1 <strong>acceso gratuito<\/strong>, como parte de los festejos patrios organizados en la capital de Hidalgo.<\/p>\n<p class=\"isSelectedEnd\">Esto significa que no ser\u00e1 necesario comprar boletos para disfrutar de las presentaciones musicales confirmadas hasta ahora.<\/p>\n<p>Debido a la popularidad de los artistas anunciados y a que se trata de uno de los eventos principales de las fiestas patrias en Pachuca, se espera una importante asistencia durante la noche.<\/p>\n","protected":false},"excerpt":{"rendered":"El Grito de Independencia en Pachuca 2026 ya tiene parte de su cartel musical confirmado. El Gobierno de&hellip;","protected":false},"author":5,"featured_media":16683,"comment_status":"closed","ping_status":"closed","sticky":false,"template":"","format":"standard","meta":{"_yoast_wpseo_opengraph-title":"","_yoast_wpseo_opengraph-description":"","csco_display_header_overlay":false,"csco_singular_sidebar":"","csco_page_header_type":"","csco_page_load_nextpost":"","csco_post_video_location":[],"csco_post_video_location_hash":"","csco_post_video_url":"","csco_post_video_bg_start_time":0,"csco_post_video_bg_end_time":0,"footnotes":"","_news_article_schema":""},"categories":[320,6002],"tags":[6092,3387,2519,2517,190,189,3819],"class_list":["post-16682","post","type-post","status-publish","format-standard","has-post-thumbnail","category-entretenimiento","category-hidalgo","tag-cardenales-de-nuevo-leon","tag-carlos-rivera","tag-fiestas-patrias","tag-grito-de-independencia","tag-hidalgo","tag-pachuca","tag-plaza-juarez","cs-entry","cs-video-wrap"],"yoast_head":"<!-- This site is optimized with the Yoast SEO Premium plugin v26.0 (Yoast SEO v28.0) - https:\/\/yoast.com\/product\/yoast-seo-premium-wordpress\/ -->\n<title>Grito de Independencia Pachuca 2026: \u00bfQui\u00e9nes se presentar\u00e1n? - Hidalgo Hoy<\/title>\n<meta name=\"description\" content=\"Grito de Independencia Pachuca 2026: conoce el cartel musical con Carlos Rivera y Cardenales de Nuevo Le\u00f3n 15 de septiembre en Plaza Ju\u00e1rez.\" \/>\n<meta name=\"robots\" content=\"index, follow, max-snippet:-1, max-image-preview:large, max-video-preview:-1\" \/>\n<link rel=\"canonical\" href=\"https:\/\/grupohoymexico.com\/hidalgo\/grito-de-independencia-pachuca-2026\/\" \/>\n<meta property=\"og:locale\" content=\"es_MX\" \/>\n<meta property=\"og:type\" content=\"article\" \/>\n<meta property=\"og:title\" content=\"Grito de Independencia Pachuca 2026: \u00bfQui\u00e9nes se presentar\u00e1n?\" \/>\n<meta property=\"og:description\" content=\"Grito de Independencia Pachuca 2026: conoce el cartel musical con Carlos Rivera y Cardenales de Nuevo Le\u00f3n 15 de septiembre en Plaza Ju\u00e1rez.\" \/>\n<meta property=\"og:url\" content=\"https:\/\/grupohoymexico.com\/hidalgo\/grito-de-independencia-pachuca-2026\/\" \/>\n<meta property=\"og:site_name\" content=\"Hidalgo Hoy\" \/>\n<meta property=\"article:published_time\" content=\"2026-09-02T21:31:51+00:00\" \/>\n<meta property=\"article:modified_time\" content=\"2026-09-02T21:32:04+00:00\" \/>\n<meta property=\"og:image\" content=\"https:\/\/grupohoymexico.com\/hidalgo\/wp-content\/uploads\/sites\/5\/2026\/09\/Grito-de-Independencia-Pachuca-2026.jpg\" \/>\n\t<meta property=\"og:image:width\" content=\"1200\" \/>\n\t<meta property=\"og:image:height\" content=\"638\" \/>\n\t<meta property=\"og:image:type\" content=\"image\/jpeg\" \/>\n<meta name=\"author\" content=\"jair\" \/>\n<meta name=\"twitter:card\" content=\"summary_large_image\" \/>\n<meta name=\"twitter:label1\" content=\"Escrito por\" \/>\n\t<meta name=\"twitter:data1\" content=\"jair\" \/>\n\t<meta name=\"twitter:label2\" content=\"Tiempo de lectura\" \/>\n\t<meta name=\"twitter:data2\" content=\"5 minutos\" \/>\n<script type=\"application\/ld+json\" class=\"yoast-schema-graph\">{\"@context\":\"https:\\\/\\\/schema.org\",\"@graph\":[{\"@type\":\"Article\",\"@id\":\"https:\\\/\\\/grupohoymexico.com\\\/hidalgo\\\/grito-de-independencia-pachuca-2026\\\/#article\",\"isPartOf\":{\"@id\":\"https:\\\/\\\/grupohoymexico.com\\\/hidalgo\\\/grito-de-independencia-pachuca-2026\\\/\"},\"author\":{\"name\":\"jair\",\"@id\":\"https:\\\/\\\/grupohoymexico.com\\\/hidalgo\\\/#\\\/schema\\\/person\\\/98e2425fe99fbbdf486895b69dab3c3d\"},\"headline\":\"Grito de Independencia Pachuca 2026: \u00bfQui\u00e9nes se presentar\u00e1n?\",\"datePublished\":\"2026-09-02T21:31:51+00:00\",\"dateModified\":\"2026-09-02T21:32:04+00:00\",\"mainEntityOfPage\":{\"@id\":\"https:\\\/\\\/grupohoymexico.com\\\/hidalgo\\\/grito-de-independencia-pachuca-2026\\\/\"},\"wordCount\":821,\"publisher\":{\"@id\":\"https:\\\/\\\/grupohoymexico.com\\\/hidalgo\\\/#organization\"},\"image\":{\"@id\":\"https:\\\/\\\/grupohoymexico.com\\\/hidalgo\\\/grito-de-independencia-pachuca-2026\\\/#primaryimage\"},\"thumbnailUrl\":\"https:\\\/\\\/grupohoymexico.com\\\/hidalgo\\\/wp-content\\\/uploads\\\/sites\\\/5\\\/2026\\\/09\\\/Grito-de-Independencia-Pachuca-2026.jpg\",\"keywords\":[\"Cardenales de Nuevo Le\u00f3n\",\"Carlos Rivera\",\"fiestas patrias\",\"grito de independencia\",\"Hidalgo\",\"Pachuca\",\"Plaza Ju\u00e1rez\"],\"articleSection\":[\"Entretenimiento\",\"Hidalgo\"],\"inLanguage\":\"es\",\"copyrightYear\":\"2026\",\"copyrightHolder\":{\"@id\":\"https:\\\/\\\/grupohoymexico.com\\\/#organization\"}},{\"@type\":\"WebPage\",\"@id\":\"https:\\\/\\\/grupohoymexico.com\\\/hidalgo\\\/grito-de-independencia-pachuca-2026\\\/\",\"url\":\"https:\\\/\\\/grupohoymexico.com\\\/hidalgo\\\/grito-de-independencia-pachuca-2026\\\/\",\"name\":\"Grito de Independencia Pachuca 2026: \u00bfQui\u00e9nes se presentar\u00e1n? - Hidalgo Hoy\",\"isPartOf\":{\"@id\":\"https:\\\/\\\/grupohoymexico.com\\\/hidalgo\\\/#website\"},\"primaryImageOfPage\":{\"@id\":\"https:\\\/\\\/grupohoymexico.com\\\/hidalgo\\\/grito-de-independencia-pachuca-2026\\\/#primaryimage\"},\"image\":{\"@id\":\"https:\\\/\\\/grupohoymexico.com\\\/hidalgo\\\/grito-de-independencia-pachuca-2026\\\/#primaryimage\"},\"thumbnailUrl\":\"https:\\\/\\\/grupohoymexico.com\\\/hidalgo\\\/wp-content\\\/uploads\\\/sites\\\/5\\\/2026\\\/09\\\/Grito-de-Independencia-Pachuca-2026.jpg\",\"datePublished\":\"2026-09-02T21:31:51+00:00\",\"dateModified\":\"2026-09-02T21:32:04+00:00\",\"description\":\"Grito de Independencia Pachuca 2026: conoce el cartel musical con Carlos Rivera y Cardenales de Nuevo Le\u00f3n 15 de septiembre en Plaza Ju\u00e1rez.\",\"breadcrumb\":{\"@id\":\"https:\\\/\\\/grupohoymexico.com\\\/hidalgo\\\/grito-de-independencia-pachuca-2026\\\/#breadcrumb\"},\"inLanguage\":\"es\",\"potentialAction\":[{\"@type\":\"ReadAction\",\"target\":[\"https:\\\/\\\/grupohoymexico.com\\\/hidalgo\\\/grito-de-independencia-pachuca-2026\\\/\"]}]},{\"@type\":\"ImageObject\",\"inLanguage\":\"es\",\"@id\":\"https:\\\/\\\/grupohoymexico.com\\\/hidalgo\\\/grito-de-independencia-pachuca-2026\\\/#primaryimage\",\"url\":\"https:\\\/\\\/grupohoymexico.com\\\/hidalgo\\\/wp-content\\\/uploads\\\/sites\\\/5\\\/2026\\\/09\\\/Grito-de-Independencia-Pachuca-2026.jpg\",\"contentUrl\":\"https:\\\/\\\/grupohoymexico.com\\\/hidalgo\\\/wp-content\\\/uploads\\\/sites\\\/5\\\/2026\\\/09\\\/Grito-de-Independencia-Pachuca-2026.jpg\",\"width\":1200,\"height\":638,\"caption\":\"Foto: Grupo Hoy\"},{\"@type\":\"BreadcrumbList\",\"@id\":\"https:\\\/\\\/grupohoymexico.com\\\/hidalgo\\\/grito-de-independencia-pachuca-2026\\\/#breadcrumb\",\"itemListElement\":[{\"@type\":\"ListItem\",\"position\":1,\"name\":\"Inicio\",\"item\":\"https:\\\/\\\/grupohoymexico.com\\\/hidalgo\\\/\"},{\"@type\":\"ListItem\",\"position\":2,\"name\":\"Grito de Independencia Pachuca 2026: \u00bfQui\u00e9nes se presentar\u00e1n?\"}]},{\"@type\":\"WebSite\",\"@id\":\"https:\\\/\\\/grupohoymexico.com\\\/hidalgo\\\/#website\",\"url\":\"https:\\\/\\\/grupohoymexico.com\\\/hidalgo\\\/\",\"name\":\"Hidalgo Hoy\",\"description\":\"El alma de la noticia\",\"publisher\":{\"@id\":\"https:\\\/\\\/grupohoymexico.com\\\/hidalgo\\\/#organization\"},\"potentialAction\":[{\"@type\":\"SearchAction\",\"target\":{\"@type\":\"EntryPoint\",\"urlTemplate\":\"https:\\\/\\\/grupohoymexico.com\\\/hidalgo\\\/?s={search_term_string}\"},\"query-input\":{\"@type\":\"PropertyValueSpecification\",\"valueRequired\":true,\"valueName\":\"search_term_string\"}}],\"inLanguage\":\"es\"},{\"@type\":\"Organization\",\"@id\":\"https:\\\/\\\/grupohoymexico.com\\\/hidalgo\\\/#organization\",\"name\":\"Hidalgo Hoy\",\"url\":\"https:\\\/\\\/grupohoymexico.com\\\/hidalgo\\\/\",\"logo\":{\"@type\":\"ImageObject\",\"inLanguage\":\"es\",\"@id\":\"https:\\\/\\\/grupohoymexico.com\\\/hidalgo\\\/#\\\/schema\\\/logo\\\/image\\\/\",\"url\":\"https:\\\/\\\/grupohoymexico.com\\\/hidalgo\\\/wp-content\\\/uploads\\\/sites\\\/5\\\/2025\\\/05\\\/Recurso-70hidalgo-hoy.svg\",\"contentUrl\":\"https:\\\/\\\/grupohoymexico.com\\\/hidalgo\\\/wp-content\\\/uploads\\\/sites\\\/5\\\/2025\\\/05\\\/Recurso-70hidalgo-hoy.svg\",\"width\":85,\"height\":64,\"caption\":\"Hidalgo Hoy\"},\"image\":{\"@id\":\"https:\\\/\\\/grupohoymexico.com\\\/hidalgo\\\/#\\\/schema\\\/logo\\\/image\\\/\"}},{\"@type\":\"Person\",\"@id\":\"https:\\\/\\\/grupohoymexico.com\\\/hidalgo\\\/#\\\/schema\\\/person\\\/98e2425fe99fbbdf486895b69dab3c3d\",\"name\":\"jair\",\"image\":{\"@type\":\"ImageObject\",\"inLanguage\":\"es\",\"@id\":\"https:\\\/\\\/secure.gravatar.com\\\/avatar\\\/ec205dfb8733a1ce1601942dddb04fc9294fb780c832e3c1ec58faa8e4e64e9b?s=96&d=mm&r=g\",\"url\":\"https:\\\/\\\/secure.gravatar.com\\\/avatar\\\/ec205dfb8733a1ce1601942dddb04fc9294fb780c832e3c1ec58faa8e4e64e9b?s=96&d=mm&r=g\",\"contentUrl\":\"https:\\\/\\\/secure.gravatar.com\\\/avatar\\\/ec205dfb8733a1ce1601942dddb04fc9294fb780c832e3c1ec58faa8e4e64e9b?s=96&d=mm&r=g\",\"caption\":\"jair\"},\"url\":\"https:\\\/\\\/grupohoymexico.com\\\/hidalgo\\\/author\\\/jair\\\/\"}]}<\/script>\n<!-- \/ Yoast SEO Premium plugin. -->","yoast_head_json":{"title":"Grito de Independencia Pachuca 2026: \u00bfQui\u00e9nes se presentar\u00e1n? - Hidalgo Hoy","description":"Grito de Independencia Pachuca 2026: conoce el cartel musical con Carlos Rivera y Cardenales de Nuevo Le\u00f3n 15 de septiembre en Plaza Ju\u00e1rez.","robots":{"index":"index","follow":"follow","max-snippet":"max-snippet:-1","max-image-preview":"max-image-preview:large","max-video-preview":"max-video-preview:-1"},"canonical":"https:\/\/grupohoymexico.com\/hidalgo\/grito-de-independencia-pachuca-2026\/","og_locale":"es_MX","og_type":"article","og_title":"Grito de Independencia Pachuca 2026: \u00bfQui\u00e9nes se presentar\u00e1n?","og_description":"Grito de Independencia Pachuca 2026: conoce el cartel musical con Carlos Rivera y Cardenales de Nuevo Le\u00f3n 15 de septiembre en Plaza Ju\u00e1rez.","og_url":"https:\/\/grupohoymexico.com\/hidalgo\/grito-de-independencia-pachuca-2026\/","og_site_name":"Hidalgo Hoy","article_published_time":"2026-09-02T21:31:51+00:00","article_modified_time":"2026-09-02T21:32:04+00:00","og_image":[{"width":1200,"height":638,"url":"https:\/\/grupohoymexico.com\/hidalgo\/wp-content\/uploads\/sites\/5\/2026\/09\/Grito-de-Independencia-Pachuca-2026.jpg","type":"image\/jpeg"}],"author":"jair","twitter_card":"summary_large_image","twitter_misc":{"Escrito por":"jair","Tiempo de lectura":"5 minutos"},"schema":{"@context":"https:\/\/schema.org","@graph":[{"@type":"Article","@id":"https:\/\/grupohoymexico.com\/hidalgo\/grito-de-independencia-pachuca-2026\/#article","isPartOf":{"@id":"https:\/\/grupohoymexico.com\/hidalgo\/grito-de-independencia-pachuca-2026\/"},"author":{"name":"jair","@id":"https:\/\/grupohoymexico.com\/hidalgo\/#\/schema\/person\/98e2425fe99fbbdf486895b69dab3c3d"},"headline":"Grito de Independencia Pachuca 2026: \u00bfQui\u00e9nes se presentar\u00e1n?","datePublished":"2026-09-02T21:31:51+00:00","dateModified":"2026-09-02T21:32:04+00:00","mainEntityOfPage":{"@id":"https:\/\/grupohoymexico.com\/hidalgo\/grito-de-independencia-pachuca-2026\/"},"wordCount":821,"publisher":{"@id":"https:\/\/grupohoymexico.com\/hidalgo\/#organization"},"image":{"@id":"https:\/\/grupohoymexico.com\/hidalgo\/grito-de-independencia-pachuca-2026\/#primaryimage"},"thumbnailUrl":"https:\/\/grupohoymexico.com\/hidalgo\/wp-content\/uploads\/sites\/5\/2026\/09\/Grito-de-Independencia-Pachuca-2026.jpg","keywords":["Cardenales de Nuevo Le\u00f3n","Carlos Rivera","fiestas patrias","grito de independencia","Hidalgo","Pachuca","Plaza Ju\u00e1rez"],"articleSection":["Entretenimiento","Hidalgo"],"inLanguage":"es","copyrightYear":"2026","copyrightHolder":{"@id":"https:\/\/grupohoymexico.com\/#organization"}},{"@type":"WebPage","@id":"https:\/\/grupohoymexico.com\/hidalgo\/grito-de-independencia-pachuca-2026\/","url":"https:\/\/grupohoymexico.com\/hidalgo\/grito-de-independencia-pachuca-2026\/","name":"Grito de Independencia Pachuca 2026: \u00bfQui\u00e9nes se presentar\u00e1n? - Hidalgo Hoy","isPartOf":{"@id":"https:\/\/grupohoymexico.com\/hidalgo\/#website"},"primaryImageOfPage":{"@id":"https:\/\/grupohoymexico.com\/hidalgo\/grito-de-independencia-pachuca-2026\/#primaryimage"},"image":{"@id":"https:\/\/grupohoymexico.com\/hidalgo\/grito-de-independencia-pachuca-2026\/#primaryimage"},"thumbnailUrl":"https:\/\/grupohoymexico.com\/hidalgo\/wp-content\/uploads\/sites\/5\/2026\/09\/Grito-de-Independencia-Pachuca-2026.jpg","datePublished":"2026-09-02T21:31:51+00:00","dateModified":"2026-09-02T21:32:04+00:00","description":"Grito de Independencia Pachuca 2026: conoce el cartel musical con Carlos Rivera y Cardenales de Nuevo Le\u00f3n 15 de septiembre en Plaza Ju\u00e1rez.","breadcrumb":{"@id":"https:\/\/grupohoymexico.com\/hidalgo\/grito-de-independencia-pachuca-2026\/#breadcrumb"},"inLanguage":"es","potentialAction":[{"@type":"ReadAction","target":["https:\/\/grupohoymexico.com\/hidalgo\/grito-de-independencia-pachuca-2026\/"]}]},{"@type":"ImageObject","inLanguage":"es","@id":"https:\/\/grupohoymexico.com\/hidalgo\/grito-de-independencia-pachuca-2026\/#primaryimage","url":"https:\/\/grupohoymexico.com\/hidalgo\/wp-content\/uploads\/sites\/5\/2026\/09\/Grito-de-Independencia-Pachuca-2026.jpg","contentUrl":"https:\/\/grupohoymexico.com\/hidalgo\/wp-content\/uploads\/sites\/5\/2026\/09\/Grito-de-Independencia-Pachuca-2026.jpg","width":1200,"height":638,"caption":"Foto: Grupo Hoy"},{"@type":"BreadcrumbList","@id":"https:\/\/grupohoymexico.com\/hidalgo\/grito-de-independencia-pachuca-2026\/#breadcrumb","itemListElement":[{"@type":"ListItem","position":1,"name":"Inicio","item":"https:\/\/grupohoymexico.com\/hidalgo\/"},{"@type":"ListItem","position":2,"name":"Grito de Independencia Pachuca 2026: \u00bfQui\u00e9nes se presentar\u00e1n?"}]},{"@type":"WebSite","@id":"https:\/\/grupohoymexico.com\/hidalgo\/#website","url":"https:\/\/grupohoymexico.com\/hidalgo\/","name":"Hidalgo Hoy","description":"El alma de la noticia","publisher":{"@id":"https:\/\/grupohoymexico.com\/hidalgo\/#organization"},"potentialAction":[{"@type":"SearchAction","target":{"@type":"EntryPoint","urlTemplate":"https:\/\/grupohoymexico.com\/hidalgo\/?s={search_term_string}"},"query-input":{"@type":"PropertyValueSpecification","valueRequired":true,"valueName":"search_term_string"}}],"inLanguage":"es"},{"@type":"Organization","@id":"https:\/\/grupohoymexico.com\/hidalgo\/#organization","name":"Hidalgo Hoy","url":"https:\/\/grupohoymexico.com\/hidalgo\/","logo":{"@type":"ImageObject","inLanguage":"es","@id":"https:\/\/grupohoymexico.com\/hidalgo\/#\/schema\/logo\/image\/","url":"https:\/\/grupohoymexico.com\/hidalgo\/wp-content\/uploads\/sites\/5\/2025\/05\/Recurso-70hidalgo-hoy.svg","contentUrl":"https:\/\/grupohoymexico.com\/hidalgo\/wp-content\/uploads\/sites\/5\/2025\/05\/Recurso-70hidalgo-hoy.svg","width":85,"height":64,"caption":"Hidalgo Hoy"},"image":{"@id":"https:\/\/grupohoymexico.com\/hidalgo\/#\/schema\/logo\/image\/"}},{"@type":"Person","@id":"https:\/\/grupohoymexico.com\/hidalgo\/#\/schema\/person\/98e2425fe99fbbdf486895b69dab3c3d","name":"jair","image":{"@type":"ImageObject","inLanguage":"es","@id":"https:\/\/secure.gravatar.com\/avatar\/ec205dfb8733a1ce1601942dddb04fc9294fb780c832e3c1ec58faa8e4e64e9b?s=96&d=mm&r=g","url":"https:\/\/secure.gravatar.com\/avatar\/ec205dfb8733a1ce1601942dddb04fc9294fb780c832e3c1ec58faa8e4e64e9b?s=96&d=mm&r=g","contentUrl":"https:\/\/secure.gravatar.com\/avatar\/ec205dfb8733a1ce1601942dddb04fc9294fb780c832e3c1ec58faa8e4e64e9b?s=96&d=mm&r=g","caption":"jair"},"url":"https:\/\/grupohoymexico.com\/hidalgo\/author\/jair\/"}]}},"_links":{"self":[{"href":"https:\/\/grupohoymexico.com\/hidalgo\/wp-json\/wp\/v2\/posts\/16682","targetHints":{"allow":["GET"]}}],"collection":[{"href":"https:\/\/grupohoymexico.com\/hidalgo\/wp-json\/wp\/v2\/posts"}],"about":[{"href":"https:\/\/grupohoymexico.com\/hidalgo\/wp-json\/wp\/v2\/types\/post"}],"author":[{"embeddable":true,"href":"https:\/\/grupohoymexico.com\/hidalgo\/wp-json\/wp\/v2\/users\/5"}],"replies":[{"embeddable":true,"href":"https:\/\/grupohoymexico.com\/hidalgo\/wp-json\/wp\/v2\/comments?post=16682"}],"version-history":[{"count":1,"href":"https:\/\/grupohoymexico.com\/hidalgo\/wp-json\/wp\/v2\/posts\/16682\/revisions"}],"predecessor-version":[{"id":16687,"href":"https:\/\/grupohoymexico.com\/hidalgo\/wp-json\/wp\/v2\/posts\/16682\/revisions\/16687"}],"wp:featuredmedia":[{"embeddable":true,"href":"https:\/\/grupohoymexico.com\/hidalgo\/wp-json\/wp\/v2\/media\/16683"}],"wp:attachment":[{"href":"https:\/\/grupohoymexico.com\/hidalgo\/wp-json\/wp\/v2\/media?parent=16682"}],"wp:term":[{"taxonomy":"category","embeddable":true,"href":"https:\/\/grupohoymexico.com\/hidalgo\/wp-json\/wp\/v2\/categories?post=16682"},{"taxonomy":"post_tag","embeddable":true,"href":"https:\/\/grupohoymexico.com\/hidalgo\/wp-json\/wp\/v2\/tags?post=16682"}],"curies":[{"name":"wp","href":"https:\/\/api.w.org\/{rel}","templated":true}]}}